{"id":29144,"date":"2021-03-06T17:21:37","date_gmt":"2021-03-06T17:21:37","guid":{"rendered":"https:\/\/bibliotecavigil.org.ar\/inicio\/?p=29144"},"modified":"2021-03-06T17:24:27","modified_gmt":"2021-03-06T17:24:27","slug":"muestra-8m-el-sonido-de-la-tempestad","status":"publish","type":"post","link":"https:\/\/bibliotecavigil.org.ar\/inicio\/muestra-8m-el-sonido-de-la-tempestad\/","title":{"rendered":"Muestra: #8M. El sonido de la tempestad"},"content":{"rendered":"\n<p>Cada 8 de marzo se condensa la lucha de las mujeres con sus m\u00faltiples entramados, se revitalizan las calles y los espacios que se abren para la experimentaci\u00f3n, la reflexi\u00f3n y el debate. <\/p>\n\n\n\n<p>En ese marco inauguraremos la muestra: \u201c<a href=\"https:\/\/www.facebook.com\/hashtag\/8m?__eep__=6&amp;__cft__[0]=AZXxguUt0LXcBSosXjPjwWMOgBr0vUjySHZOv9gQ2odPMAWHXB_cFH_-HDigmuddfQZDS01Jzk0EdQADeVJGDkrLjN2XjGcgLNHosPi-Tj2m83gwNg61784btd_4rpE3GAYgRsYPgQoXPrI1pnqZgK3l0WvF7LD-qervRlakRbUGtvfpRZQM6Bw1uMQjvu7RkPw\">#8M<\/a>. El sonido de la tempestad\u201d, haciendo eco de las voces, miradas c\u00f3mplices, risas y llantos, que retumban en la ciudad.<\/p>\n\n\n\n<p>Artistas: Laura Rippa \u2013 Sabina Florio \u2013 Cynthia Blacon\u00e1 \u2013 Jimena Rodr\u00edguez<\/p>\n\n\n\n<p>Inauguraci\u00f3n y charla con las artistas: 8 de marzo, 19.30hs.<\/p>\n\n\n\n<p>S\u00e1bado 13 de marzo y 20 de marzo de 10 a 12:30hs.: Visita guiada +Taller experimental de cianotipia, <a href=\"https:\/\/www.facebook.com\/hashtag\/gratis?__eep__=6&amp;__cft__[0]=AZXxguUt0LXcBSosXjPjwWMOgBr0vUjySHZOv9gQ2odPMAWHXB_cFH_-HDigmuddfQZDS01Jzk0EdQADeVJGDkrLjN2XjGcgLNHosPi-Tj2m83gwNg61784btd_4rpE3GAYgRsYPgQoXPrI1pnqZgK3l0WvF7LD-qervRlakRbUGtvfpRZQM6Bw1uMQjvu7RkPw\">#gratis<\/a>, con inscripci\u00f3n previa. <\/p>\n\n\n\n<p>Para inscribirte env\u00edanos un correo electr\u00f3nico a consultas@bibliotecavigil.org.ar indicando t\u00fa nombre, apellido, n\u00famero de tel\u00e9fono, y para cu\u00e1l de las 2 fechas deseas anotarte. El cupo es reducido.<\/p>\n\n\n\n<p><\/p>\n\n\n\n<figure class=\"wp-block-image size-large\"><a href=\"https:\/\/bibliotecavigil.org.ar\/inicio\/wp-content\/uploads\/2021\/03\/taller-8M-fb-1-copia-bajisima.jpg\"><img decoding=\"async\" width=\"500\" height=\"707\" data-src=\"https:\/\/bibliotecavigil.org.ar\/inicio\/wp-content\/uploads\/2021\/03\/taller-8M-fb-1-copia-bajisima.jpg\" alt=\"\" class=\"wp-image-29149 lazyload\" data-srcset=\"https:\/\/bibliotecavigil.org.ar\/inicio\/wp-content\/uploads\/2021\/03\/taller-8M-fb-1-copia-bajisima.jpg 500w, https:\/\/bibliotecavigil.org.ar\/inicio\/wp-content\/uploads\/2021\/03\/taller-8M-fb-1-copia-bajisima-480x679.jpg 480w\" data-sizes=\"(min-width: 0px) and (max-width: 480px) 480px, (min-width: 481px) 500px, 100vw\" src=\"data:image\/svg+xml;base64,PHN2ZyB3aWR0aD0iMSIgaGVpZ2h0PSIxIiB4bWxucz0iaHR0cDovL3d3dy53My5vcmcvMjAwMC9zdmciPjwvc3ZnPg==\" style=\"--smush-placeholder-width: 500px; --smush-placeholder-aspect-ratio: 500\/707;\" \/><\/a><\/figure>\n","protected":false},"excerpt":{"rendered":"<p>Cada 8 de marzo se condensa la lucha de las mujeres con sus m\u00faltiples entramados, se revitalizan las calles y los espacios que se abren para la experimentaci\u00f3n, la reflexi\u00f3n y el debate. En ese marco inauguraremos la muestra: \u201c#8M. El sonido de la tempestad\u201d, haciendo eco de las voces, miradas c\u00f3mplices, risas y llantos, [&hellip;]<\/p>\n","protected":false},"author":3,"featured_media":29151,"comment_status":"open","ping_status":"closed","sticky":false,"template":"","format":"standard","meta":{"_et_pb_use_builder":"off","_et_pb_old_content":"<!-- wp:paragraph -->\n<p>Cada 8 de marzo se condensa la lucha de las mujeres con sus m\u00faltiples entramados, se revitalizan las calles y los espacios que se abren para la experimentaci\u00f3n, la reflexi\u00f3n y el debate. <\/p>\n<!-- \/wp:paragraph -->\n\n<!-- wp:paragraph -->\n<p>En ese marco inauguraremos la muestra: \u201c<a href=\"https:\/\/www.facebook.com\/hashtag\/8m?__eep__=6&amp;__cft__[0]=AZXxguUt0LXcBSosXjPjwWMOgBr0vUjySHZOv9gQ2odPMAWHXB_cFH_-HDigmuddfQZDS01Jzk0EdQADeVJGDkrLjN2XjGcgLNHosPi-Tj2m83gwNg61784btd_4rpE3GAYgRsYPgQoXPrI1pnqZgK3l0WvF7LD-qervRlakRbUGtvfpRZQM6Bw1uMQjvu7RkPw\">#8M<\/a>. El sonido de la tempestad\u201d, haciendo eco de las voces, miradas c\u00f3mplices, risas y llantos, que retumban en la ciudad.<\/p>\n<!-- \/wp:paragraph -->\n\n<!-- wp:paragraph -->\n<p>Artistas: Laura Rippa \u2013 Sabina Florio \u2013 Cynthia Blacon\u00e1 \u2013 Jimena Rodr\u00edguez<\/p>\n<!-- \/wp:paragraph -->\n\n<!-- wp:paragraph -->\n<p>Inauguraci\u00f3n y charla con las artistas: 8 de marzo, 19.30hs.<\/p>\n<!-- \/wp:paragraph -->\n\n<!-- wp:paragraph -->\n<p>S\u00e1bado 13 de marzo y 20 de marzo de 10 a 12:30hs.: Visita guiada +Taller experimental de cianotipia, <a href=\"https:\/\/www.facebook.com\/hashtag\/gratis?__eep__=6&amp;__cft__[0]=AZXxguUt0LXcBSosXjPjwWMOgBr0vUjySHZOv9gQ2odPMAWHXB_cFH_-HDigmuddfQZDS01Jzk0EdQADeVJGDkrLjN2XjGcgLNHosPi-Tj2m83gwNg61784btd_4rpE3GAYgRsYPgQoXPrI1pnqZgK3l0WvF7LD-qervRlakRbUGtvfpRZQM6Bw1uMQjvu7RkPw\">#gratis<\/a>, con inscripci\u00f3n previa. <\/p>\n<!-- \/wp:paragraph -->\n\n<!-- wp:paragraph -->\n<p>Para inscribirte env\u00edanos un correo electr\u00f3nico a consultas@bibliotecavigil.org.ar indicando t\u00fa nombre, apellido, n\u00famero de tel\u00e9fono, y para cu\u00e1l de las 2 fechas deseas anotarte. El cupo es reducido.<\/p>\n<!-- \/wp:paragraph -->\n\n<!-- wp:image {\"width\":529,\"height\":747,\"sizeSlug\":\"large\",\"linkDestination\":\"media\"} -->\n<figure class=\"wp-block-image size-large is-resized\"><a href=\"blob:https:\/\/bibliotecavigil.org.ar\/8acd4a28-44b2-4968-9efe-a73364360dd9\"><img src=\"blob:https:\/\/bibliotecavigil.org.ar\/8acd4a28-44b2-4968-9efe-a73364360dd9\" alt=\"\" width=\"529\" height=\"747\"\/><\/a><\/figure>\n<!-- \/wp:image -->\n\n<!-- wp:paragraph -->\n<p><\/p>\n<!-- \/wp:paragraph -->","_et_gb_content_width":"1920","footnotes":""},"categories":[1],"tags":[85,86,70,74],"class_list":["post-29144","post","type-post","status-publish","format-standard","has-post-thumbnail","hentry","category-sin-categoria","tag-8m","tag-cianotipia","tag-muestra","tag-taller"],"yoast_head":"<!-- This site is optimized with the Yoast SEO plugin v27.5 - https:\/\/yoast.com\/product\/yoast-seo-wordpress\/ -->\n<title>Muestra: #8M. El sonido de la tempestad - Biblioteca Vigil<\/title>\n<meta name=\"robots\" content=\"index, follow, max-snippet:-1, max-image-preview:large, max-video-preview:-1\" \/>\n<link rel=\"canonical\" href=\"https:\/\/bibliotecavigil.org.ar\/inicio\/muestra-8m-el-sonido-de-la-tempestad\/\" \/>\n<meta property=\"og:locale\" content=\"es_ES\" \/>\n<meta property=\"og:type\" content=\"article\" \/>\n<meta property=\"og:title\" content=\"Muestra: #8M. El sonido de la tempestad - Biblioteca Vigil\" \/>\n<meta property=\"og:description\" content=\"Cada 8 de marzo se condensa la lucha de las mujeres con sus m\u00faltiples entramados, se revitalizan las calles y los espacios que se abren para la experimentaci\u00f3n, la reflexi\u00f3n y el debate. En ese marco inauguraremos la muestra: \u201c#8M. El sonido de la tempestad\u201d, haciendo eco de las voces, miradas c\u00f3mplices, risas y llantos, [&hellip;]\" \/>\n<meta property=\"og:url\" content=\"https:\/\/bibliotecavigil.org.ar\/inicio\/muestra-8m-el-sonido-de-la-tempestad\/\" \/>\n<meta property=\"og:site_name\" content=\"Biblioteca Vigil\" \/>\n<meta property=\"article:published_time\" content=\"2021-03-06T17:21:37+00:00\" \/>\n<meta property=\"article:modified_time\" content=\"2021-03-06T17:24:27+00:00\" \/>\n<meta property=\"og:image\" content=\"https:\/\/bibliotecavigil.org.ar\/inicio\/wp-content\/uploads\/2021\/03\/web-copia-baja.jpg\" \/>\n\t<meta property=\"og:image:width\" content=\"400\" \/>\n\t<meta property=\"og:image:height\" content=\"300\" \/>\n\t<meta property=\"og:image:type\" content=\"image\/jpeg\" \/>\n<meta name=\"author\" content=\"Biblioteca Vigil\" \/>\n<meta name=\"twitter:card\" content=\"summary_large_image\" \/>\n<meta name=\"twitter:label1\" content=\"Escrito por\" \/>\n\t<meta name=\"twitter:data1\" content=\"Biblioteca Vigil\" \/>\n\t<meta name=\"twitter:label2\" content=\"Tiempo de lectura\" \/>\n\t<meta name=\"twitter:data2\" content=\"1 minuto\" \/>\n<script type=\"application\/ld+json\" class=\"yoast-schema-graph\">{\"@context\":\"https:\\\/\\\/schema.org\",\"@graph\":[{\"@type\":\"Article\",\"@id\":\"https:\\\/\\\/bibliotecavigil.org.ar\\\/inicio\\\/muestra-8m-el-sonido-de-la-tempestad\\\/#article\",\"isPartOf\":{\"@id\":\"https:\\\/\\\/bibliotecavigil.org.ar\\\/inicio\\\/muestra-8m-el-sonido-de-la-tempestad\\\/\"},\"author\":{\"name\":\"Biblioteca Vigil\",\"@id\":\"https:\\\/\\\/bibliotecavigil.org.ar\\\/inicio\\\/#\\\/schema\\\/person\\\/98530bc117d5fa50c5dc01b4fd8d3700\"},\"headline\":\"Muestra: #8M. El sonido de la tempestad\",\"datePublished\":\"2021-03-06T17:21:37+00:00\",\"dateModified\":\"2021-03-06T17:24:27+00:00\",\"mainEntityOfPage\":{\"@id\":\"https:\\\/\\\/bibliotecavigil.org.ar\\\/inicio\\\/muestra-8m-el-sonido-de-la-tempestad\\\/\"},\"wordCount\":146,\"commentCount\":0,\"publisher\":{\"@id\":\"https:\\\/\\\/bibliotecavigil.org.ar\\\/inicio\\\/#organization\"},\"image\":{\"@id\":\"https:\\\/\\\/bibliotecavigil.org.ar\\\/inicio\\\/muestra-8m-el-sonido-de-la-tempestad\\\/#primaryimage\"},\"thumbnailUrl\":\"https:\\\/\\\/bibliotecavigil.org.ar\\\/inicio\\\/wp-content\\\/uploads\\\/2021\\\/03\\\/web-copia-baja.jpg\",\"keywords\":[\"8M\",\"cianotipia\",\"muestra\",\"taller\"],\"inLanguage\":\"es\",\"potentialAction\":[{\"@type\":\"CommentAction\",\"name\":\"Comment\",\"target\":[\"https:\\\/\\\/bibliotecavigil.org.ar\\\/inicio\\\/muestra-8m-el-sonido-de-la-tempestad\\\/#respond\"]}]},{\"@type\":\"WebPage\",\"@id\":\"https:\\\/\\\/bibliotecavigil.org.ar\\\/inicio\\\/muestra-8m-el-sonido-de-la-tempestad\\\/\",\"url\":\"https:\\\/\\\/bibliotecavigil.org.ar\\\/inicio\\\/muestra-8m-el-sonido-de-la-tempestad\\\/\",\"name\":\"Muestra: #8M. El sonido de la tempestad - Biblioteca Vigil\",\"isPartOf\":{\"@id\":\"https:\\\/\\\/bibliotecavigil.org.ar\\\/inicio\\\/#website\"},\"primaryImageOfPage\":{\"@id\":\"https:\\\/\\\/bibliotecavigil.org.ar\\\/inicio\\\/muestra-8m-el-sonido-de-la-tempestad\\\/#primaryimage\"},\"image\":{\"@id\":\"https:\\\/\\\/bibliotecavigil.org.ar\\\/inicio\\\/muestra-8m-el-sonido-de-la-tempestad\\\/#primaryimage\"},\"thumbnailUrl\":\"https:\\\/\\\/bibliotecavigil.org.ar\\\/inicio\\\/wp-content\\\/uploads\\\/2021\\\/03\\\/web-copia-baja.jpg\",\"datePublished\":\"2021-03-06T17:21:37+00:00\",\"dateModified\":\"2021-03-06T17:24:27+00:00\",\"breadcrumb\":{\"@id\":\"https:\\\/\\\/bibliotecavigil.org.ar\\\/inicio\\\/muestra-8m-el-sonido-de-la-tempestad\\\/#breadcrumb\"},\"inLanguage\":\"es\",\"potentialAction\":[{\"@type\":\"ReadAction\",\"target\":[\"https:\\\/\\\/bibliotecavigil.org.ar\\\/inicio\\\/muestra-8m-el-sonido-de-la-tempestad\\\/\"]}]},{\"@type\":\"ImageObject\",\"inLanguage\":\"es\",\"@id\":\"https:\\\/\\\/bibliotecavigil.org.ar\\\/inicio\\\/muestra-8m-el-sonido-de-la-tempestad\\\/#primaryimage\",\"url\":\"https:\\\/\\\/bibliotecavigil.org.ar\\\/inicio\\\/wp-content\\\/uploads\\\/2021\\\/03\\\/web-copia-baja.jpg\",\"contentUrl\":\"https:\\\/\\\/bibliotecavigil.org.ar\\\/inicio\\\/wp-content\\\/uploads\\\/2021\\\/03\\\/web-copia-baja.jpg\",\"width\":400,\"height\":300},{\"@type\":\"BreadcrumbList\",\"@id\":\"https:\\\/\\\/bibliotecavigil.org.ar\\\/inicio\\\/muestra-8m-el-sonido-de-la-tempestad\\\/#breadcrumb\",\"itemListElement\":[{\"@type\":\"ListItem\",\"position\":1,\"name\":\"Portada\",\"item\":\"https:\\\/\\\/bibliotecavigil.org.ar\\\/inicio\\\/\"},{\"@type\":\"ListItem\",\"position\":2,\"name\":\"Muestra: #8M. El sonido de la tempestad\"}]},{\"@type\":\"WebSite\",\"@id\":\"https:\\\/\\\/bibliotecavigil.org.ar\\\/inicio\\\/#website\",\"url\":\"https:\\\/\\\/bibliotecavigil.org.ar\\\/inicio\\\/\",\"name\":\"Biblioteca Vigil\",\"description\":\"Biblioteca Popular C C Vigil\",\"publisher\":{\"@id\":\"https:\\\/\\\/bibliotecavigil.org.ar\\\/inicio\\\/#organization\"},\"potentialAction\":[{\"@type\":\"SearchAction\",\"target\":{\"@type\":\"EntryPoint\",\"urlTemplate\":\"https:\\\/\\\/bibliotecavigil.org.ar\\\/inicio\\\/?s={search_term_string}\"},\"query-input\":{\"@type\":\"PropertyValueSpecification\",\"valueRequired\":true,\"valueName\":\"search_term_string\"}}],\"inLanguage\":\"es\"},{\"@type\":\"Organization\",\"@id\":\"https:\\\/\\\/bibliotecavigil.org.ar\\\/inicio\\\/#organization\",\"name\":\"Biblioteca Popular C.C.Vigil\",\"url\":\"https:\\\/\\\/bibliotecavigil.org.ar\\\/inicio\\\/\",\"logo\":{\"@type\":\"ImageObject\",\"inLanguage\":\"es\",\"@id\":\"https:\\\/\\\/bibliotecavigil.org.ar\\\/inicio\\\/#\\\/schema\\\/logo\\\/image\\\/\",\"url\":\"https:\\\/\\\/bibliotecavigil.org.ar\\\/inicio\\\/wp-content\\\/uploads\\\/2023\\\/06\\\/Logo-sin-texto-gif.gif\",\"contentUrl\":\"https:\\\/\\\/bibliotecavigil.org.ar\\\/inicio\\\/wp-content\\\/uploads\\\/2023\\\/06\\\/Logo-sin-texto-gif.gif\",\"width\":1487,\"height\":1604,\"caption\":\"Biblioteca Popular C.C.Vigil\"},\"image\":{\"@id\":\"https:\\\/\\\/bibliotecavigil.org.ar\\\/inicio\\\/#\\\/schema\\\/logo\\\/image\\\/\"}},{\"@type\":\"Person\",\"@id\":\"https:\\\/\\\/bibliotecavigil.org.ar\\\/inicio\\\/#\\\/schema\\\/person\\\/98530bc117d5fa50c5dc01b4fd8d3700\",\"name\":\"Biblioteca Vigil\",\"image\":{\"@type\":\"ImageObject\",\"inLanguage\":\"es\",\"@id\":\"https:\\\/\\\/secure.gravatar.com\\\/avatar\\\/a96b6054dc4c80cde596e2c3f42d23e4f769e395116bf277fb508315b9d8a5c5?s=96&d=mm&r=g\",\"url\":\"https:\\\/\\\/secure.gravatar.com\\\/avatar\\\/a96b6054dc4c80cde596e2c3f42d23e4f769e395116bf277fb508315b9d8a5c5?s=96&d=mm&r=g\",\"contentUrl\":\"https:\\\/\\\/secure.gravatar.com\\\/avatar\\\/a96b6054dc4c80cde596e2c3f42d23e4f769e395116bf277fb508315b9d8a5c5?s=96&d=mm&r=g\",\"caption\":\"Biblioteca Vigil\"},\"url\":\"https:\\\/\\\/bibliotecavigil.org.ar\\\/inicio\\\/author\\\/comunicacion\\\/\"}]}<\/script>\n<!-- \/ Yoast SEO plugin. -->","yoast_head_json":{"title":"Muestra: #8M. El sonido de la tempestad - Biblioteca Vigil","robots":{"index":"index","follow":"follow","max-snippet":"max-snippet:-1","max-image-preview":"max-image-preview:large","max-video-preview":"max-video-preview:-1"},"canonical":"https:\/\/bibliotecavigil.org.ar\/inicio\/muestra-8m-el-sonido-de-la-tempestad\/","og_locale":"es_ES","og_type":"article","og_title":"Muestra: #8M. El sonido de la tempestad - Biblioteca Vigil","og_description":"Cada 8 de marzo se condensa la lucha de las mujeres con sus m\u00faltiples entramados, se revitalizan las calles y los espacios que se abren para la experimentaci\u00f3n, la reflexi\u00f3n y el debate. En ese marco inauguraremos la muestra: \u201c#8M. El sonido de la tempestad\u201d, haciendo eco de las voces, miradas c\u00f3mplices, risas y llantos, [&hellip;]","og_url":"https:\/\/bibliotecavigil.org.ar\/inicio\/muestra-8m-el-sonido-de-la-tempestad\/","og_site_name":"Biblioteca Vigil","article_published_time":"2021-03-06T17:21:37+00:00","article_modified_time":"2021-03-06T17:24:27+00:00","og_image":[{"width":400,"height":300,"url":"https:\/\/bibliotecavigil.org.ar\/inicio\/wp-content\/uploads\/2021\/03\/web-copia-baja.jpg","type":"image\/jpeg"}],"author":"Biblioteca Vigil","twitter_card":"summary_large_image","twitter_misc":{"Escrito por":"Biblioteca Vigil","Tiempo de lectura":"1 minuto"},"schema":{"@context":"https:\/\/schema.org","@graph":[{"@type":"Article","@id":"https:\/\/bibliotecavigil.org.ar\/inicio\/muestra-8m-el-sonido-de-la-tempestad\/#article","isPartOf":{"@id":"https:\/\/bibliotecavigil.org.ar\/inicio\/muestra-8m-el-sonido-de-la-tempestad\/"},"author":{"name":"Biblioteca Vigil","@id":"https:\/\/bibliotecavigil.org.ar\/inicio\/#\/schema\/person\/98530bc117d5fa50c5dc01b4fd8d3700"},"headline":"Muestra: #8M. El sonido de la tempestad","datePublished":"2021-03-06T17:21:37+00:00","dateModified":"2021-03-06T17:24:27+00:00","mainEntityOfPage":{"@id":"https:\/\/bibliotecavigil.org.ar\/inicio\/muestra-8m-el-sonido-de-la-tempestad\/"},"wordCount":146,"commentCount":0,"publisher":{"@id":"https:\/\/bibliotecavigil.org.ar\/inicio\/#organization"},"image":{"@id":"https:\/\/bibliotecavigil.org.ar\/inicio\/muestra-8m-el-sonido-de-la-tempestad\/#primaryimage"},"thumbnailUrl":"https:\/\/bibliotecavigil.org.ar\/inicio\/wp-content\/uploads\/2021\/03\/web-copia-baja.jpg","keywords":["8M","cianotipia","muestra","taller"],"inLanguage":"es","potentialAction":[{"@type":"CommentAction","name":"Comment","target":["https:\/\/bibliotecavigil.org.ar\/inicio\/muestra-8m-el-sonido-de-la-tempestad\/#respond"]}]},{"@type":"WebPage","@id":"https:\/\/bibliotecavigil.org.ar\/inicio\/muestra-8m-el-sonido-de-la-tempestad\/","url":"https:\/\/bibliotecavigil.org.ar\/inicio\/muestra-8m-el-sonido-de-la-tempestad\/","name":"Muestra: #8M. El sonido de la tempestad - Biblioteca Vigil","isPartOf":{"@id":"https:\/\/bibliotecavigil.org.ar\/inicio\/#website"},"primaryImageOfPage":{"@id":"https:\/\/bibliotecavigil.org.ar\/inicio\/muestra-8m-el-sonido-de-la-tempestad\/#primaryimage"},"image":{"@id":"https:\/\/bibliotecavigil.org.ar\/inicio\/muestra-8m-el-sonido-de-la-tempestad\/#primaryimage"},"thumbnailUrl":"https:\/\/bibliotecavigil.org.ar\/inicio\/wp-content\/uploads\/2021\/03\/web-copia-baja.jpg","datePublished":"2021-03-06T17:21:37+00:00","dateModified":"2021-03-06T17:24:27+00:00","breadcrumb":{"@id":"https:\/\/bibliotecavigil.org.ar\/inicio\/muestra-8m-el-sonido-de-la-tempestad\/#breadcrumb"},"inLanguage":"es","potentialAction":[{"@type":"ReadAction","target":["https:\/\/bibliotecavigil.org.ar\/inicio\/muestra-8m-el-sonido-de-la-tempestad\/"]}]},{"@type":"ImageObject","inLanguage":"es","@id":"https:\/\/bibliotecavigil.org.ar\/inicio\/muestra-8m-el-sonido-de-la-tempestad\/#primaryimage","url":"https:\/\/bibliotecavigil.org.ar\/inicio\/wp-content\/uploads\/2021\/03\/web-copia-baja.jpg","contentUrl":"https:\/\/bibliotecavigil.org.ar\/inicio\/wp-content\/uploads\/2021\/03\/web-copia-baja.jpg","width":400,"height":300},{"@type":"BreadcrumbList","@id":"https:\/\/bibliotecavigil.org.ar\/inicio\/muestra-8m-el-sonido-de-la-tempestad\/#breadcrumb","itemListElement":[{"@type":"ListItem","position":1,"name":"Portada","item":"https:\/\/bibliotecavigil.org.ar\/inicio\/"},{"@type":"ListItem","position":2,"name":"Muestra: #8M. El sonido de la tempestad"}]},{"@type":"WebSite","@id":"https:\/\/bibliotecavigil.org.ar\/inicio\/#website","url":"https:\/\/bibliotecavigil.org.ar\/inicio\/","name":"Biblioteca Vigil","description":"Biblioteca Popular C C Vigil","publisher":{"@id":"https:\/\/bibliotecavigil.org.ar\/inicio\/#organization"},"potentialAction":[{"@type":"SearchAction","target":{"@type":"EntryPoint","urlTemplate":"https:\/\/bibliotecavigil.org.ar\/inicio\/?s={search_term_string}"},"query-input":{"@type":"PropertyValueSpecification","valueRequired":true,"valueName":"search_term_string"}}],"inLanguage":"es"},{"@type":"Organization","@id":"https:\/\/bibliotecavigil.org.ar\/inicio\/#organization","name":"Biblioteca Popular C.C.Vigil","url":"https:\/\/bibliotecavigil.org.ar\/inicio\/","logo":{"@type":"ImageObject","inLanguage":"es","@id":"https:\/\/bibliotecavigil.org.ar\/inicio\/#\/schema\/logo\/image\/","url":"https:\/\/bibliotecavigil.org.ar\/inicio\/wp-content\/uploads\/2023\/06\/Logo-sin-texto-gif.gif","contentUrl":"https:\/\/bibliotecavigil.org.ar\/inicio\/wp-content\/uploads\/2023\/06\/Logo-sin-texto-gif.gif","width":1487,"height":1604,"caption":"Biblioteca Popular C.C.Vigil"},"image":{"@id":"https:\/\/bibliotecavigil.org.ar\/inicio\/#\/schema\/logo\/image\/"}},{"@type":"Person","@id":"https:\/\/bibliotecavigil.org.ar\/inicio\/#\/schema\/person\/98530bc117d5fa50c5dc01b4fd8d3700","name":"Biblioteca Vigil","image":{"@type":"ImageObject","inLanguage":"es","@id":"https:\/\/secure.gravatar.com\/avatar\/a96b6054dc4c80cde596e2c3f42d23e4f769e395116bf277fb508315b9d8a5c5?s=96&d=mm&r=g","url":"https:\/\/secure.gravatar.com\/avatar\/a96b6054dc4c80cde596e2c3f42d23e4f769e395116bf277fb508315b9d8a5c5?s=96&d=mm&r=g","contentUrl":"https:\/\/secure.gravatar.com\/avatar\/a96b6054dc4c80cde596e2c3f42d23e4f769e395116bf277fb508315b9d8a5c5?s=96&d=mm&r=g","caption":"Biblioteca Vigil"},"url":"https:\/\/bibliotecavigil.org.ar\/inicio\/author\/comunicacion\/"}]}},"_links":{"self":[{"href":"https:\/\/bibliotecavigil.org.ar\/inicio\/wp-json\/wp\/v2\/posts\/29144","targetHints":{"allow":["GET"]}}],"collection":[{"href":"https:\/\/bibliotecavigil.org.ar\/inicio\/wp-json\/wp\/v2\/posts"}],"about":[{"href":"https:\/\/bibliotecavigil.org.ar\/inicio\/wp-json\/wp\/v2\/types\/post"}],"author":[{"embeddable":true,"href":"https:\/\/bibliotecavigil.org.ar\/inicio\/wp-json\/wp\/v2\/users\/3"}],"replies":[{"embeddable":true,"href":"https:\/\/bibliotecavigil.org.ar\/inicio\/wp-json\/wp\/v2\/comments?post=29144"}],"version-history":[{"count":3,"href":"https:\/\/bibliotecavigil.org.ar\/inicio\/wp-json\/wp\/v2\/posts\/29144\/revisions"}],"predecessor-version":[{"id":29152,"href":"https:\/\/bibliotecavigil.org.ar\/inicio\/wp-json\/wp\/v2\/posts\/29144\/revisions\/29152"}],"wp:featuredmedia":[{"embeddable":true,"href":"https:\/\/bibliotecavigil.org.ar\/inicio\/wp-json\/wp\/v2\/media\/29151"}],"wp:attachment":[{"href":"https:\/\/bibliotecavigil.org.ar\/inicio\/wp-json\/wp\/v2\/media?parent=29144"}],"wp:term":[{"taxonomy":"category","embeddable":true,"href":"https:\/\/bibliotecavigil.org.ar\/inicio\/wp-json\/wp\/v2\/categories?post=29144"},{"taxonomy":"post_tag","embeddable":true,"href":"https:\/\/bibliotecavigil.org.ar\/inicio\/wp-json\/wp\/v2\/tags?post=29144"}],"curies":[{"name":"wp","href":"https:\/\/api.w.org\/{rel}","templated":true}]}}