{"id":29260,"date":"2021-03-13T00:23:52","date_gmt":"2021-03-13T00:23:52","guid":{"rendered":"https:\/\/bibliotecavigil.org.ar\/inicio\/?p=29260"},"modified":"2021-03-13T00:23:56","modified_gmt":"2021-03-13T00:23:56","slug":"la-vigil-sera-institucion-formadora-de-santa-fe-mas","status":"publish","type":"post","link":"https:\/\/bibliotecavigil.org.ar\/inicio\/la-vigil-sera-institucion-formadora-de-santa-fe-mas\/","title":{"rendered":"La Vigil ser\u00e1 Instituci\u00f3n Formadora de \u201cSanta Fe M\u00e1s\u201d"},"content":{"rendered":"\n<p>\u00a1Notici\u00f3n! Estamos contentos de contarles que durante 2021 La Vigil ser\u00e1 Instituci\u00f3n Formadora de \u201cSanta Fe M\u00e1s\u201d del Ministerio de Desarrollo Social de la Provincia de Santa Fe: Un programa provincial de inclusi\u00f3n que apunta a la restituci\u00f3n de los derechos de lxs j\u00f3venes entre 16 y 30a\u00f1os, brindando herramientas para la inserci\u00f3n en el mundo del trabajo mediante un recorrido formativo y educativo.<\/p>\n\n\n\n<p>Nuestra biblioteca, trabajando en red con las escuelas del barrio EESO Sonia Beatriz Gonz\u00e1lez n\u00b0 551, EESO n\u00b0 328 C. C. Vigil y el Bachillerato Popular de Tablada, inscribimos a lxs j\u00f3venes que estaremos capacitando en talleres:<\/p>\n\n\n\n<p>\u25ac Alto pespunte, taller textil: Dise\u00f1o, corte y confecci\u00f3n de objetos textiles.<\/p>\n\n\n\n<p>\u25ac Electricidad domiciliaria: Formaci\u00f3n b\u00e1sica en electricidad.<\/p>\n\n\n\n<p>\u25ac Jugar en papel. Formaci\u00f3n inicial en artes gr\u00e1ficas, encuadernaci\u00f3n artesanal e industrial.<\/p>\n\n\n\n<p>\u25ac Preproducc\u00edon y producci\u00f3n de arte esc\u00e9nico: Operador de sonido, iluminaci\u00f3n y escenograf\u00eda.<\/p>\n\n\n\n<p>Durante febrero realizamos jornadas recreativas conjuntamente con Santa Fe Mas Verano en el predio del Club Social y Deportivo F\u00e1brica de Armas Domingo Mateu, compartiendo un taller de ESI, pileta y juegos deportivos.<\/p>\n\n\n\n<p>En marzo comenzaron las clases incluyendo un recorrido guiado por nuestra instituci\u00f3n con el fin de compartir experiencias de nuestra historia y presente, construir redes comunitarias, plantear desaf\u00edos y pensar la formaci\u00f3n de manera integral, realizando actividades de esparcimiento, deportivas y culturales.<\/p>\n\n\n\n<p><\/p>\n\n\n\n<figure class=\"wp-block-image size-large is-resized\"><a href=\"https:\/\/bibliotecavigil.org.ar\/inicio\/wp-content\/uploads\/2021\/03\/DSC_1451-scaled.jpg\"><img decoding=\"async\" data-src=\"https:\/\/bibliotecavigil.org.ar\/inicio\/wp-content\/uploads\/2021\/03\/DSC_1451-1024x683.jpg\" alt=\"\" class=\"wp-image-29261 lazyload\" width=\"1022\" height=\"681\" data-srcset=\"https:\/\/bibliotecavigil.org.ar\/inicio\/wp-content\/uploads\/2021\/03\/DSC_1451-980x653.jpg 980w, https:\/\/bibliotecavigil.org.ar\/inicio\/wp-content\/uploads\/2021\/03\/DSC_1451-480x320.jpg 480w\" data-sizes=\"(min-width: 0px) and (max-width: 480px) 480px, (min-width: 481px) and (max-width: 980px) 980px, (min-width: 981px) 1022px, 100vw\" src=\"data:image\/svg+xml;base64,PHN2ZyB3aWR0aD0iMSIgaGVpZ2h0PSIxIiB4bWxucz0iaHR0cDovL3d3dy53My5vcmcvMjAwMC9zdmciPjwvc3ZnPg==\" style=\"--smush-placeholder-width: 1022px; --smush-placeholder-aspect-ratio: 1022\/681;\" \/><\/a><\/figure>\n\n\n\n<figure class=\"wp-block-image size-large\"><a href=\"https:\/\/bibliotecavigil.org.ar\/inicio\/wp-content\/uploads\/2021\/03\/DSC_1585-scaled.jpg\"><img decoding=\"async\" width=\"1024\" height=\"683\" data-src=\"https:\/\/bibliotecavigil.org.ar\/inicio\/wp-content\/uploads\/2021\/03\/DSC_1585-1024x683.jpg\" alt=\"\" class=\"wp-image-29263 lazyload\" data-srcset=\"https:\/\/bibliotecavigil.org.ar\/inicio\/wp-content\/uploads\/2021\/03\/DSC_1585-980x653.jpg 980w, https:\/\/bibliotecavigil.org.ar\/inicio\/wp-content\/uploads\/2021\/03\/DSC_1585-480x320.jpg 480w\" data-sizes=\"(min-width: 0px) and (max-width: 480px) 480px, (min-width: 481px) and (max-width: 980px) 980px, (min-width: 981px) 1024px, 100vw\" src=\"data:image\/svg+xml;base64,PHN2ZyB3aWR0aD0iMSIgaGVpZ2h0PSIxIiB4bWxucz0iaHR0cDovL3d3dy53My5vcmcvMjAwMC9zdmciPjwvc3ZnPg==\" style=\"--smush-placeholder-width: 1024px; --smush-placeholder-aspect-ratio: 1024\/683;\" \/><\/a><\/figure>\n\n\n\n<figure class=\"wp-block-image size-large\"><a href=\"https:\/\/bibliotecavigil.org.ar\/inicio\/wp-content\/uploads\/2021\/03\/DSC_1588-scaled.jpg\"><img decoding=\"async\" width=\"1024\" height=\"683\" data-src=\"https:\/\/bibliotecavigil.org.ar\/inicio\/wp-content\/uploads\/2021\/03\/DSC_1588-1024x683.jpg\" alt=\"\" class=\"wp-image-29264 lazyload\" data-srcset=\"https:\/\/bibliotecavigil.org.ar\/inicio\/wp-content\/uploads\/2021\/03\/DSC_1588-980x653.jpg 980w, https:\/\/bibliotecavigil.org.ar\/inicio\/wp-content\/uploads\/2021\/03\/DSC_1588-480x320.jpg 480w\" data-sizes=\"(min-width: 0px) and (max-width: 480px) 480px, (min-width: 481px) and (max-width: 980px) 980px, (min-width: 981px) 1024px, 100vw\" src=\"data:image\/svg+xml;base64,PHN2ZyB3aWR0aD0iMSIgaGVpZ2h0PSIxIiB4bWxucz0iaHR0cDovL3d3dy53My5vcmcvMjAwMC9zdmciPjwvc3ZnPg==\" style=\"--smush-placeholder-width: 1024px; --smush-placeholder-aspect-ratio: 1024\/683;\" \/><\/a><\/figure>\n\n\n\n<figure class=\"wp-block-image size-large\"><a href=\"https:\/\/bibliotecavigil.org.ar\/inicio\/wp-content\/uploads\/2021\/03\/DSC_1459-scaled.jpg\"><img decoding=\"async\" width=\"1024\" height=\"683\" data-src=\"https:\/\/bibliotecavigil.org.ar\/inicio\/wp-content\/uploads\/2021\/03\/DSC_1459-1024x683.jpg\" alt=\"\" class=\"wp-image-29267 lazyload\" data-srcset=\"https:\/\/bibliotecavigil.org.ar\/inicio\/wp-content\/uploads\/2021\/03\/DSC_1459-980x653.jpg 980w, https:\/\/bibliotecavigil.org.ar\/inicio\/wp-content\/uploads\/2021\/03\/DSC_1459-480x320.jpg 480w\" data-sizes=\"(min-width: 0px) and (max-width: 480px) 480px, (min-width: 481px) and (max-width: 980px) 980px, (min-width: 981px) 1024px, 100vw\" src=\"data:image\/svg+xml;base64,PHN2ZyB3aWR0aD0iMSIgaGVpZ2h0PSIxIiB4bWxucz0iaHR0cDovL3d3dy53My5vcmcvMjAwMC9zdmciPjwvc3ZnPg==\" style=\"--smush-placeholder-width: 1024px; --smush-placeholder-aspect-ratio: 1024\/683;\" \/><\/a><\/figure>\n\n\n\n<figure class=\"wp-block-image size-large\"><a href=\"https:\/\/bibliotecavigil.org.ar\/inicio\/wp-content\/uploads\/2021\/03\/WhatsApp-Image-2021-03-10-at-13.07.05-1.jpeg\"><img decoding=\"async\" width=\"1024\" height=\"576\" data-src=\"https:\/\/bibliotecavigil.org.ar\/inicio\/wp-content\/uploads\/2021\/03\/WhatsApp-Image-2021-03-10-at-13.07.05-1-1024x576.jpeg\" alt=\"\" class=\"wp-image-29266 lazyload\" data-srcset=\"https:\/\/bibliotecavigil.org.ar\/inicio\/wp-content\/uploads\/2021\/03\/WhatsApp-Image-2021-03-10-at-13.07.05-1-1024x576.jpeg 1024w, https:\/\/bibliotecavigil.org.ar\/inicio\/wp-content\/uploads\/2021\/03\/WhatsApp-Image-2021-03-10-at-13.07.05-1-980x552.jpeg 980w, https:\/\/bibliotecavigil.org.ar\/inicio\/wp-content\/uploads\/2021\/03\/WhatsApp-Image-2021-03-10-at-13.07.05-1-480x270.jpeg 480w\" data-sizes=\"(min-width: 0px) and (max-width: 480px) 480px, (min-width: 481px) and (max-width: 980px) 980px, (min-width: 981px) 1024px, 100vw\" src=\"data:image\/svg+xml;base64,PHN2ZyB3aWR0aD0iMSIgaGVpZ2h0PSIxIiB4bWxucz0iaHR0cDovL3d3dy53My5vcmcvMjAwMC9zdmciPjwvc3ZnPg==\" style=\"--smush-placeholder-width: 1024px; --smush-placeholder-aspect-ratio: 1024\/576;\" \/><\/a><\/figure>\n","protected":false},"excerpt":{"rendered":"<p>\u00a1Notici\u00f3n! Estamos contentos de contarles que durante 2021 La Vigil ser\u00e1 Instituci\u00f3n Formadora de \u201cSanta Fe M\u00e1s\u201d del Ministerio de Desarrollo Social de la Provincia de Santa Fe: Un programa provincial de inclusi\u00f3n que apunta a la restituci\u00f3n de los derechos de lxs j\u00f3venes entre 16 y 30a\u00f1os, brindando herramientas para la inserci\u00f3n en el [&hellip;]<\/p>\n","protected":false},"author":3,"featured_media":29268,"comment_status":"open","ping_status":"closed","sticky":false,"template":"","format":"standard","meta":{"_et_pb_use_builder":"off","_et_pb_old_content":"","_et_gb_content_width":"1920","footnotes":""},"categories":[16],"tags":[97,96],"class_list":["post-29260","post","type-post","status-publish","format-standard","has-post-thumbnail","hentry","category-noticias","tag-mas","tag-santa-fe"],"yoast_head":"<!-- This site is optimized with the Yoast SEO plugin v27.4 - https:\/\/yoast.com\/product\/yoast-seo-wordpress\/ -->\n<title>La Vigil ser\u00e1 Instituci\u00f3n Formadora de \u201cSanta Fe M\u00e1s\u201d - Biblioteca Vigil<\/title>\n<meta name=\"robots\" content=\"index, follow, max-snippet:-1, max-image-preview:large, max-video-preview:-1\" \/>\n<link rel=\"canonical\" href=\"https:\/\/bibliotecavigil.org.ar\/inicio\/la-vigil-sera-institucion-formadora-de-santa-fe-mas\/\" \/>\n<meta property=\"og:locale\" content=\"es_ES\" \/>\n<meta property=\"og:type\" content=\"article\" \/>\n<meta property=\"og:title\" content=\"La Vigil ser\u00e1 Instituci\u00f3n Formadora de \u201cSanta Fe M\u00e1s\u201d - Biblioteca Vigil\" \/>\n<meta property=\"og:description\" content=\"\u00a1Notici\u00f3n! Estamos contentos de contarles que durante 2021 La Vigil ser\u00e1 Instituci\u00f3n Formadora de \u201cSanta Fe M\u00e1s\u201d del Ministerio de Desarrollo Social de la Provincia de Santa Fe: Un programa provincial de inclusi\u00f3n que apunta a la restituci\u00f3n de los derechos de lxs j\u00f3venes entre 16 y 30a\u00f1os, brindando herramientas para la inserci\u00f3n en el [&hellip;]\" \/>\n<meta property=\"og:url\" content=\"https:\/\/bibliotecavigil.org.ar\/inicio\/la-vigil-sera-institucion-formadora-de-santa-fe-mas\/\" \/>\n<meta property=\"og:site_name\" content=\"Biblioteca Vigil\" \/>\n<meta property=\"article:published_time\" content=\"2021-03-13T00:23:52+00:00\" \/>\n<meta property=\"article:modified_time\" content=\"2021-03-13T00:23:56+00:00\" \/>\n<meta property=\"og:image\" content=\"https:\/\/bibliotecavigil.org.ar\/inicio\/wp-content\/uploads\/2021\/03\/DSC_1458-2-scaled.jpg\" \/>\n\t<meta property=\"og:image:width\" content=\"2560\" \/>\n\t<meta property=\"og:image:height\" content=\"1707\" \/>\n\t<meta property=\"og:image:type\" content=\"image\/jpeg\" \/>\n<meta name=\"author\" content=\"Biblioteca Vigil\" \/>\n<meta name=\"twitter:card\" content=\"summary_large_image\" \/>\n<meta name=\"twitter:label1\" content=\"Escrito por\" \/>\n\t<meta name=\"twitter:data1\" content=\"Biblioteca Vigil\" \/>\n\t<meta name=\"twitter:label2\" content=\"Tiempo de lectura\" \/>\n\t<meta name=\"twitter:data2\" content=\"2 minutos\" \/>\n<script type=\"application\/ld+json\" class=\"yoast-schema-graph\">{\"@context\":\"https:\\\/\\\/schema.org\",\"@graph\":[{\"@type\":\"Article\",\"@id\":\"https:\\\/\\\/bibliotecavigil.org.ar\\\/inicio\\\/la-vigil-sera-institucion-formadora-de-santa-fe-mas\\\/#article\",\"isPartOf\":{\"@id\":\"https:\\\/\\\/bibliotecavigil.org.ar\\\/inicio\\\/la-vigil-sera-institucion-formadora-de-santa-fe-mas\\\/\"},\"author\":{\"name\":\"Biblioteca Vigil\",\"@id\":\"https:\\\/\\\/bibliotecavigil.org.ar\\\/inicio\\\/#\\\/schema\\\/person\\\/98530bc117d5fa50c5dc01b4fd8d3700\"},\"headline\":\"La Vigil ser\u00e1 Instituci\u00f3n Formadora de \u201cSanta Fe M\u00e1s\u201d\",\"datePublished\":\"2021-03-13T00:23:52+00:00\",\"dateModified\":\"2021-03-13T00:23:56+00:00\",\"mainEntityOfPage\":{\"@id\":\"https:\\\/\\\/bibliotecavigil.org.ar\\\/inicio\\\/la-vigil-sera-institucion-formadora-de-santa-fe-mas\\\/\"},\"wordCount\":250,\"commentCount\":0,\"publisher\":{\"@id\":\"https:\\\/\\\/bibliotecavigil.org.ar\\\/inicio\\\/#organization\"},\"image\":{\"@id\":\"https:\\\/\\\/bibliotecavigil.org.ar\\\/inicio\\\/la-vigil-sera-institucion-formadora-de-santa-fe-mas\\\/#primaryimage\"},\"thumbnailUrl\":\"https:\\\/\\\/bibliotecavigil.org.ar\\\/inicio\\\/wp-content\\\/uploads\\\/2021\\\/03\\\/DSC_1458-2-scaled.jpg\",\"keywords\":[\"mas\",\"santa fe\"],\"articleSection\":[\"Noticias\"],\"inLanguage\":\"es\",\"potentialAction\":[{\"@type\":\"CommentAction\",\"name\":\"Comment\",\"target\":[\"https:\\\/\\\/bibliotecavigil.org.ar\\\/inicio\\\/la-vigil-sera-institucion-formadora-de-santa-fe-mas\\\/#respond\"]}]},{\"@type\":\"WebPage\",\"@id\":\"https:\\\/\\\/bibliotecavigil.org.ar\\\/inicio\\\/la-vigil-sera-institucion-formadora-de-santa-fe-mas\\\/\",\"url\":\"https:\\\/\\\/bibliotecavigil.org.ar\\\/inicio\\\/la-vigil-sera-institucion-formadora-de-santa-fe-mas\\\/\",\"name\":\"La Vigil ser\u00e1 Instituci\u00f3n Formadora de \u201cSanta Fe M\u00e1s\u201d - Biblioteca Vigil\",\"isPartOf\":{\"@id\":\"https:\\\/\\\/bibliotecavigil.org.ar\\\/inicio\\\/#website\"},\"primaryImageOfPage\":{\"@id\":\"https:\\\/\\\/bibliotecavigil.org.ar\\\/inicio\\\/la-vigil-sera-institucion-formadora-de-santa-fe-mas\\\/#primaryimage\"},\"image\":{\"@id\":\"https:\\\/\\\/bibliotecavigil.org.ar\\\/inicio\\\/la-vigil-sera-institucion-formadora-de-santa-fe-mas\\\/#primaryimage\"},\"thumbnailUrl\":\"https:\\\/\\\/bibliotecavigil.org.ar\\\/inicio\\\/wp-content\\\/uploads\\\/2021\\\/03\\\/DSC_1458-2-scaled.jpg\",\"datePublished\":\"2021-03-13T00:23:52+00:00\",\"dateModified\":\"2021-03-13T00:23:56+00:00\",\"breadcrumb\":{\"@id\":\"https:\\\/\\\/bibliotecavigil.org.ar\\\/inicio\\\/la-vigil-sera-institucion-formadora-de-santa-fe-mas\\\/#breadcrumb\"},\"inLanguage\":\"es\",\"potentialAction\":[{\"@type\":\"ReadAction\",\"target\":[\"https:\\\/\\\/bibliotecavigil.org.ar\\\/inicio\\\/la-vigil-sera-institucion-formadora-de-santa-fe-mas\\\/\"]}]},{\"@type\":\"ImageObject\",\"inLanguage\":\"es\",\"@id\":\"https:\\\/\\\/bibliotecavigil.org.ar\\\/inicio\\\/la-vigil-sera-institucion-formadora-de-santa-fe-mas\\\/#primaryimage\",\"url\":\"https:\\\/\\\/bibliotecavigil.org.ar\\\/inicio\\\/wp-content\\\/uploads\\\/2021\\\/03\\\/DSC_1458-2-scaled.jpg\",\"contentUrl\":\"https:\\\/\\\/bibliotecavigil.org.ar\\\/inicio\\\/wp-content\\\/uploads\\\/2021\\\/03\\\/DSC_1458-2-scaled.jpg\",\"width\":2560,\"height\":1707},{\"@type\":\"BreadcrumbList\",\"@id\":\"https:\\\/\\\/bibliotecavigil.org.ar\\\/inicio\\\/la-vigil-sera-institucion-formadora-de-santa-fe-mas\\\/#breadcrumb\",\"itemListElement\":[{\"@type\":\"ListItem\",\"position\":1,\"name\":\"Portada\",\"item\":\"https:\\\/\\\/bibliotecavigil.org.ar\\\/inicio\\\/\"},{\"@type\":\"ListItem\",\"position\":2,\"name\":\"La Vigil ser\u00e1 Instituci\u00f3n Formadora de \u201cSanta Fe M\u00e1s\u201d\"}]},{\"@type\":\"WebSite\",\"@id\":\"https:\\\/\\\/bibliotecavigil.org.ar\\\/inicio\\\/#website\",\"url\":\"https:\\\/\\\/bibliotecavigil.org.ar\\\/inicio\\\/\",\"name\":\"Biblioteca Vigil\",\"description\":\"Biblioteca Popular C C Vigil\",\"publisher\":{\"@id\":\"https:\\\/\\\/bibliotecavigil.org.ar\\\/inicio\\\/#organization\"},\"potentialAction\":[{\"@type\":\"SearchAction\",\"target\":{\"@type\":\"EntryPoint\",\"urlTemplate\":\"https:\\\/\\\/bibliotecavigil.org.ar\\\/inicio\\\/?s={search_term_string}\"},\"query-input\":{\"@type\":\"PropertyValueSpecification\",\"valueRequired\":true,\"valueName\":\"search_term_string\"}}],\"inLanguage\":\"es\"},{\"@type\":\"Organization\",\"@id\":\"https:\\\/\\\/bibliotecavigil.org.ar\\\/inicio\\\/#organization\",\"name\":\"Biblioteca Popular C.C.Vigil\",\"url\":\"https:\\\/\\\/bibliotecavigil.org.ar\\\/inicio\\\/\",\"logo\":{\"@type\":\"ImageObject\",\"inLanguage\":\"es\",\"@id\":\"https:\\\/\\\/bibliotecavigil.org.ar\\\/inicio\\\/#\\\/schema\\\/logo\\\/image\\\/\",\"url\":\"https:\\\/\\\/bibliotecavigil.org.ar\\\/inicio\\\/wp-content\\\/uploads\\\/2023\\\/06\\\/Logo-sin-texto-gif.gif\",\"contentUrl\":\"https:\\\/\\\/bibliotecavigil.org.ar\\\/inicio\\\/wp-content\\\/uploads\\\/2023\\\/06\\\/Logo-sin-texto-gif.gif\",\"width\":1487,\"height\":1604,\"caption\":\"Biblioteca Popular C.C.Vigil\"},\"image\":{\"@id\":\"https:\\\/\\\/bibliotecavigil.org.ar\\\/inicio\\\/#\\\/schema\\\/logo\\\/image\\\/\"}},{\"@type\":\"Person\",\"@id\":\"https:\\\/\\\/bibliotecavigil.org.ar\\\/inicio\\\/#\\\/schema\\\/person\\\/98530bc117d5fa50c5dc01b4fd8d3700\",\"name\":\"Biblioteca Vigil\",\"image\":{\"@type\":\"ImageObject\",\"inLanguage\":\"es\",\"@id\":\"https:\\\/\\\/secure.gravatar.com\\\/avatar\\\/a96b6054dc4c80cde596e2c3f42d23e4f769e395116bf277fb508315b9d8a5c5?s=96&d=mm&r=g\",\"url\":\"https:\\\/\\\/secure.gravatar.com\\\/avatar\\\/a96b6054dc4c80cde596e2c3f42d23e4f769e395116bf277fb508315b9d8a5c5?s=96&d=mm&r=g\",\"contentUrl\":\"https:\\\/\\\/secure.gravatar.com\\\/avatar\\\/a96b6054dc4c80cde596e2c3f42d23e4f769e395116bf277fb508315b9d8a5c5?s=96&d=mm&r=g\",\"caption\":\"Biblioteca Vigil\"},\"url\":\"https:\\\/\\\/bibliotecavigil.org.ar\\\/inicio\\\/author\\\/comunicacion\\\/\"}]}<\/script>\n<!-- \/ Yoast SEO plugin. -->","yoast_head_json":{"title":"La Vigil ser\u00e1 Instituci\u00f3n Formadora de \u201cSanta Fe M\u00e1s\u201d - Biblioteca Vigil","robots":{"index":"index","follow":"follow","max-snippet":"max-snippet:-1","max-image-preview":"max-image-preview:large","max-video-preview":"max-video-preview:-1"},"canonical":"https:\/\/bibliotecavigil.org.ar\/inicio\/la-vigil-sera-institucion-formadora-de-santa-fe-mas\/","og_locale":"es_ES","og_type":"article","og_title":"La Vigil ser\u00e1 Instituci\u00f3n Formadora de \u201cSanta Fe M\u00e1s\u201d - Biblioteca Vigil","og_description":"\u00a1Notici\u00f3n! Estamos contentos de contarles que durante 2021 La Vigil ser\u00e1 Instituci\u00f3n Formadora de \u201cSanta Fe M\u00e1s\u201d del Ministerio de Desarrollo Social de la Provincia de Santa Fe: Un programa provincial de inclusi\u00f3n que apunta a la restituci\u00f3n de los derechos de lxs j\u00f3venes entre 16 y 30a\u00f1os, brindando herramientas para la inserci\u00f3n en el [&hellip;]","og_url":"https:\/\/bibliotecavigil.org.ar\/inicio\/la-vigil-sera-institucion-formadora-de-santa-fe-mas\/","og_site_name":"Biblioteca Vigil","article_published_time":"2021-03-13T00:23:52+00:00","article_modified_time":"2021-03-13T00:23:56+00:00","og_image":[{"width":2560,"height":1707,"url":"https:\/\/bibliotecavigil.org.ar\/inicio\/wp-content\/uploads\/2021\/03\/DSC_1458-2-scaled.jpg","type":"image\/jpeg"}],"author":"Biblioteca Vigil","twitter_card":"summary_large_image","twitter_misc":{"Escrito por":"Biblioteca Vigil","Tiempo de lectura":"2 minutos"},"schema":{"@context":"https:\/\/schema.org","@graph":[{"@type":"Article","@id":"https:\/\/bibliotecavigil.org.ar\/inicio\/la-vigil-sera-institucion-formadora-de-santa-fe-mas\/#article","isPartOf":{"@id":"https:\/\/bibliotecavigil.org.ar\/inicio\/la-vigil-sera-institucion-formadora-de-santa-fe-mas\/"},"author":{"name":"Biblioteca Vigil","@id":"https:\/\/bibliotecavigil.org.ar\/inicio\/#\/schema\/person\/98530bc117d5fa50c5dc01b4fd8d3700"},"headline":"La Vigil ser\u00e1 Instituci\u00f3n Formadora de \u201cSanta Fe M\u00e1s\u201d","datePublished":"2021-03-13T00:23:52+00:00","dateModified":"2021-03-13T00:23:56+00:00","mainEntityOfPage":{"@id":"https:\/\/bibliotecavigil.org.ar\/inicio\/la-vigil-sera-institucion-formadora-de-santa-fe-mas\/"},"wordCount":250,"commentCount":0,"publisher":{"@id":"https:\/\/bibliotecavigil.org.ar\/inicio\/#organization"},"image":{"@id":"https:\/\/bibliotecavigil.org.ar\/inicio\/la-vigil-sera-institucion-formadora-de-santa-fe-mas\/#primaryimage"},"thumbnailUrl":"https:\/\/bibliotecavigil.org.ar\/inicio\/wp-content\/uploads\/2021\/03\/DSC_1458-2-scaled.jpg","keywords":["mas","santa fe"],"articleSection":["Noticias"],"inLanguage":"es","potentialAction":[{"@type":"CommentAction","name":"Comment","target":["https:\/\/bibliotecavigil.org.ar\/inicio\/la-vigil-sera-institucion-formadora-de-santa-fe-mas\/#respond"]}]},{"@type":"WebPage","@id":"https:\/\/bibliotecavigil.org.ar\/inicio\/la-vigil-sera-institucion-formadora-de-santa-fe-mas\/","url":"https:\/\/bibliotecavigil.org.ar\/inicio\/la-vigil-sera-institucion-formadora-de-santa-fe-mas\/","name":"La Vigil ser\u00e1 Instituci\u00f3n Formadora de \u201cSanta Fe M\u00e1s\u201d - Biblioteca Vigil","isPartOf":{"@id":"https:\/\/bibliotecavigil.org.ar\/inicio\/#website"},"primaryImageOfPage":{"@id":"https:\/\/bibliotecavigil.org.ar\/inicio\/la-vigil-sera-institucion-formadora-de-santa-fe-mas\/#primaryimage"},"image":{"@id":"https:\/\/bibliotecavigil.org.ar\/inicio\/la-vigil-sera-institucion-formadora-de-santa-fe-mas\/#primaryimage"},"thumbnailUrl":"https:\/\/bibliotecavigil.org.ar\/inicio\/wp-content\/uploads\/2021\/03\/DSC_1458-2-scaled.jpg","datePublished":"2021-03-13T00:23:52+00:00","dateModified":"2021-03-13T00:23:56+00:00","breadcrumb":{"@id":"https:\/\/bibliotecavigil.org.ar\/inicio\/la-vigil-sera-institucion-formadora-de-santa-fe-mas\/#breadcrumb"},"inLanguage":"es","potentialAction":[{"@type":"ReadAction","target":["https:\/\/bibliotecavigil.org.ar\/inicio\/la-vigil-sera-institucion-formadora-de-santa-fe-mas\/"]}]},{"@type":"ImageObject","inLanguage":"es","@id":"https:\/\/bibliotecavigil.org.ar\/inicio\/la-vigil-sera-institucion-formadora-de-santa-fe-mas\/#primaryimage","url":"https:\/\/bibliotecavigil.org.ar\/inicio\/wp-content\/uploads\/2021\/03\/DSC_1458-2-scaled.jpg","contentUrl":"https:\/\/bibliotecavigil.org.ar\/inicio\/wp-content\/uploads\/2021\/03\/DSC_1458-2-scaled.jpg","width":2560,"height":1707},{"@type":"BreadcrumbList","@id":"https:\/\/bibliotecavigil.org.ar\/inicio\/la-vigil-sera-institucion-formadora-de-santa-fe-mas\/#breadcrumb","itemListElement":[{"@type":"ListItem","position":1,"name":"Portada","item":"https:\/\/bibliotecavigil.org.ar\/inicio\/"},{"@type":"ListItem","position":2,"name":"La Vigil ser\u00e1 Instituci\u00f3n Formadora de \u201cSanta Fe M\u00e1s\u201d"}]},{"@type":"WebSite","@id":"https:\/\/bibliotecavigil.org.ar\/inicio\/#website","url":"https:\/\/bibliotecavigil.org.ar\/inicio\/","name":"Biblioteca Vigil","description":"Biblioteca Popular C C Vigil","publisher":{"@id":"https:\/\/bibliotecavigil.org.ar\/inicio\/#organization"},"potentialAction":[{"@type":"SearchAction","target":{"@type":"EntryPoint","urlTemplate":"https:\/\/bibliotecavigil.org.ar\/inicio\/?s={search_term_string}"},"query-input":{"@type":"PropertyValueSpecification","valueRequired":true,"valueName":"search_term_string"}}],"inLanguage":"es"},{"@type":"Organization","@id":"https:\/\/bibliotecavigil.org.ar\/inicio\/#organization","name":"Biblioteca Popular C.C.Vigil","url":"https:\/\/bibliotecavigil.org.ar\/inicio\/","logo":{"@type":"ImageObject","inLanguage":"es","@id":"https:\/\/bibliotecavigil.org.ar\/inicio\/#\/schema\/logo\/image\/","url":"https:\/\/bibliotecavigil.org.ar\/inicio\/wp-content\/uploads\/2023\/06\/Logo-sin-texto-gif.gif","contentUrl":"https:\/\/bibliotecavigil.org.ar\/inicio\/wp-content\/uploads\/2023\/06\/Logo-sin-texto-gif.gif","width":1487,"height":1604,"caption":"Biblioteca Popular C.C.Vigil"},"image":{"@id":"https:\/\/bibliotecavigil.org.ar\/inicio\/#\/schema\/logo\/image\/"}},{"@type":"Person","@id":"https:\/\/bibliotecavigil.org.ar\/inicio\/#\/schema\/person\/98530bc117d5fa50c5dc01b4fd8d3700","name":"Biblioteca Vigil","image":{"@type":"ImageObject","inLanguage":"es","@id":"https:\/\/secure.gravatar.com\/avatar\/a96b6054dc4c80cde596e2c3f42d23e4f769e395116bf277fb508315b9d8a5c5?s=96&d=mm&r=g","url":"https:\/\/secure.gravatar.com\/avatar\/a96b6054dc4c80cde596e2c3f42d23e4f769e395116bf277fb508315b9d8a5c5?s=96&d=mm&r=g","contentUrl":"https:\/\/secure.gravatar.com\/avatar\/a96b6054dc4c80cde596e2c3f42d23e4f769e395116bf277fb508315b9d8a5c5?s=96&d=mm&r=g","caption":"Biblioteca Vigil"},"url":"https:\/\/bibliotecavigil.org.ar\/inicio\/author\/comunicacion\/"}]}},"_links":{"self":[{"href":"https:\/\/bibliotecavigil.org.ar\/inicio\/wp-json\/wp\/v2\/posts\/29260","targetHints":{"allow":["GET"]}}],"collection":[{"href":"https:\/\/bibliotecavigil.org.ar\/inicio\/wp-json\/wp\/v2\/posts"}],"about":[{"href":"https:\/\/bibliotecavigil.org.ar\/inicio\/wp-json\/wp\/v2\/types\/post"}],"author":[{"embeddable":true,"href":"https:\/\/bibliotecavigil.org.ar\/inicio\/wp-json\/wp\/v2\/users\/3"}],"replies":[{"embeddable":true,"href":"https:\/\/bibliotecavigil.org.ar\/inicio\/wp-json\/wp\/v2\/comments?post=29260"}],"version-history":[{"count":1,"href":"https:\/\/bibliotecavigil.org.ar\/inicio\/wp-json\/wp\/v2\/posts\/29260\/revisions"}],"predecessor-version":[{"id":29269,"href":"https:\/\/bibliotecavigil.org.ar\/inicio\/wp-json\/wp\/v2\/posts\/29260\/revisions\/29269"}],"wp:featuredmedia":[{"embeddable":true,"href":"https:\/\/bibliotecavigil.org.ar\/inicio\/wp-json\/wp\/v2\/media\/29268"}],"wp:attachment":[{"href":"https:\/\/bibliotecavigil.org.ar\/inicio\/wp-json\/wp\/v2\/media?parent=29260"}],"wp:term":[{"taxonomy":"category","embeddable":true,"href":"https:\/\/bibliotecavigil.org.ar\/inicio\/wp-json\/wp\/v2\/categories?post=29260"},{"taxonomy":"post_tag","embeddable":true,"href":"https:\/\/bibliotecavigil.org.ar\/inicio\/wp-json\/wp\/v2\/tags?post=29260"}],"curies":[{"name":"wp","href":"https:\/\/api.w.org\/{rel}","templated":true}]}}