{"id":29272,"date":"2021-03-15T22:58:07","date_gmt":"2021-03-15T22:58:07","guid":{"rendered":"https:\/\/bibliotecavigil.org.ar\/inicio\/?p=29272"},"modified":"2021-03-15T22:58:10","modified_gmt":"2021-03-15T22:58:10","slug":"plantamos-memoria","status":"publish","type":"post","link":"https:\/\/bibliotecavigil.org.ar\/inicio\/plantamos-memoria\/","title":{"rendered":"Plantamos Memoria"},"content":{"rendered":"\n<p>En el marco de las acciones por el pr\u00f3ximo 24 de marzo, la Biblioteca Vigil se suma a la campa\u00f1a #PlantamosMemoria &#x1f333; impulsada por los organismos de Derechos Humanos. \u00a0<\/p>\n\n\n\n<p>Les Invitamos a sumarse a la iniciativa.<\/p>\n\n\n\n<p>Pod\u00e9s registrar la acci\u00f3n con fotos o videos y el 24 subirla a las redes sociales con los hashtags: #45A\u00f1osdelGolpeGenocida #PlantamosMemoria #Son30Mil.<\/p>\n\n\n\n<p>Ingres\u00e1 ac\u00e1 para m\u00e1s informaci\u00f3n &#x27a1; <a href=\"http:\/\/bit.ly\/3rIBMfr\" target=\"_blank\" rel=\"noreferrer noopener\">http:\/\/bit.ly\/3rIBMfr<\/a><\/p>\n\n\n\n<p><\/p>\n\n\n\n<figure class=\"wp-block-image size-large\"><a href=\"https:\/\/bibliotecavigil.org.ar\/inicio\/wp-content\/uploads\/2021\/03\/WhatsApp-Image-2021-02-24-at-16.16.59.jpeg\"><img decoding=\"async\" width=\"1024\" height=\"976\" data-src=\"https:\/\/bibliotecavigil.org.ar\/inicio\/wp-content\/uploads\/2021\/03\/WhatsApp-Image-2021-02-24-at-16.16.59-1024x976.jpeg\" alt=\"\" class=\"wp-image-29274 lazyload\" data-srcset=\"https:\/\/bibliotecavigil.org.ar\/inicio\/wp-content\/uploads\/2021\/03\/WhatsApp-Image-2021-02-24-at-16.16.59-1024x976.jpeg 1024w, https:\/\/bibliotecavigil.org.ar\/inicio\/wp-content\/uploads\/2021\/03\/WhatsApp-Image-2021-02-24-at-16.16.59-980x934.jpeg 980w, https:\/\/bibliotecavigil.org.ar\/inicio\/wp-content\/uploads\/2021\/03\/WhatsApp-Image-2021-02-24-at-16.16.59-480x458.jpeg 480w\" data-sizes=\"(min-width: 0px) and (max-width: 480px) 480px, (min-width: 481px) and (max-width: 980px) 980px, (min-width: 981px) 1024px, 100vw\" src=\"data:image\/svg+xml;base64,PHN2ZyB3aWR0aD0iMSIgaGVpZ2h0PSIxIiB4bWxucz0iaHR0cDovL3d3dy53My5vcmcvMjAwMC9zdmciPjwvc3ZnPg==\" style=\"--smush-placeholder-width: 1024px; --smush-placeholder-aspect-ratio: 1024\/976;\" \/><\/a><\/figure>\n\n\n\n<figure class=\"wp-block-image size-large\"><a href=\"https:\/\/bibliotecavigil.org.ar\/inicio\/wp-content\/uploads\/2021\/03\/WhatsApp-Image-2021-02-24-at-16.17.00.jpeg\"><img decoding=\"async\" width=\"1024\" height=\"977\" data-src=\"https:\/\/bibliotecavigil.org.ar\/inicio\/wp-content\/uploads\/2021\/03\/WhatsApp-Image-2021-02-24-at-16.17.00-1024x977.jpeg\" alt=\"\" class=\"wp-image-29275 lazyload\" data-srcset=\"https:\/\/bibliotecavigil.org.ar\/inicio\/wp-content\/uploads\/2021\/03\/WhatsApp-Image-2021-02-24-at-16.17.00-1024x977.jpeg 1024w, https:\/\/bibliotecavigil.org.ar\/inicio\/wp-content\/uploads\/2021\/03\/WhatsApp-Image-2021-02-24-at-16.17.00-980x935.jpeg 980w, https:\/\/bibliotecavigil.org.ar\/inicio\/wp-content\/uploads\/2021\/03\/WhatsApp-Image-2021-02-24-at-16.17.00-480x458.jpeg 480w\" data-sizes=\"(min-width: 0px) and (max-width: 480px) 480px, (min-width: 481px) and (max-width: 980px) 980px, (min-width: 981px) 1024px, 100vw\" src=\"data:image\/svg+xml;base64,PHN2ZyB3aWR0aD0iMSIgaGVpZ2h0PSIxIiB4bWxucz0iaHR0cDovL3d3dy53My5vcmcvMjAwMC9zdmciPjwvc3ZnPg==\" style=\"--smush-placeholder-width: 1024px; --smush-placeholder-aspect-ratio: 1024\/977;\" \/><\/a><\/figure>\n\n\n\n<figure class=\"wp-block-image size-large\"><a href=\"https:\/\/bibliotecavigil.org.ar\/inicio\/wp-content\/uploads\/2021\/03\/WhatsApp-Image-2021-02-24-at-16.16.59-2.jpeg\"><img decoding=\"async\" width=\"1024\" height=\"976\" data-src=\"https:\/\/bibliotecavigil.org.ar\/inicio\/wp-content\/uploads\/2021\/03\/WhatsApp-Image-2021-02-24-at-16.16.59-2-1024x976.jpeg\" alt=\"\" class=\"wp-image-29276 lazyload\" data-srcset=\"https:\/\/bibliotecavigil.org.ar\/inicio\/wp-content\/uploads\/2021\/03\/WhatsApp-Image-2021-02-24-at-16.16.59-2-1024x976.jpeg 1024w, https:\/\/bibliotecavigil.org.ar\/inicio\/wp-content\/uploads\/2021\/03\/WhatsApp-Image-2021-02-24-at-16.16.59-2-980x934.jpeg 980w, https:\/\/bibliotecavigil.org.ar\/inicio\/wp-content\/uploads\/2021\/03\/WhatsApp-Image-2021-02-24-at-16.16.59-2-480x458.jpeg 480w\" data-sizes=\"(min-width: 0px) and (max-width: 480px) 480px, (min-width: 481px) and (max-width: 980px) 980px, (min-width: 981px) 1024px, 100vw\" src=\"data:image\/svg+xml;base64,PHN2ZyB3aWR0aD0iMSIgaGVpZ2h0PSIxIiB4bWxucz0iaHR0cDovL3d3dy53My5vcmcvMjAwMC9zdmciPjwvc3ZnPg==\" style=\"--smush-placeholder-width: 1024px; --smush-placeholder-aspect-ratio: 1024\/976;\" \/><\/a><\/figure>\n","protected":false},"excerpt":{"rendered":"<p>En el marco de las acciones por el pr\u00f3ximo 24 de marzo, la Biblioteca Vigil se suma a la campa\u00f1a #PlantamosMemoria &#x1f333; impulsada por los organismos de Derechos Humanos. \u00a0 Les Invitamos a sumarse a la iniciativa. Pod\u00e9s registrar la acci\u00f3n con fotos o videos y el 24 subirla a las redes sociales con los [&hellip;]<\/p>\n","protected":false},"author":3,"featured_media":29277,"comment_status":"open","ping_status":"closed","sticky":false,"template":"","format":"standard","meta":{"_et_pb_use_builder":"off","_et_pb_old_content":"","_et_gb_content_width":"1920","footnotes":""},"categories":[16],"tags":[94],"class_list":["post-29272","post","type-post","status-publish","format-standard","has-post-thumbnail","hentry","category-noticias","tag-memoria"],"yoast_head":"<!-- This site is optimized with the Yoast SEO plugin v27.4 - https:\/\/yoast.com\/product\/yoast-seo-wordpress\/ -->\n<title>Plantamos Memoria - Biblioteca Vigil<\/title>\n<meta name=\"robots\" content=\"index, follow, max-snippet:-1, max-image-preview:large, max-video-preview:-1\" \/>\n<link rel=\"canonical\" href=\"https:\/\/bibliotecavigil.org.ar\/inicio\/plantamos-memoria\/\" \/>\n<meta property=\"og:locale\" content=\"es_ES\" \/>\n<meta property=\"og:type\" content=\"article\" \/>\n<meta property=\"og:title\" content=\"Plantamos Memoria - Biblioteca Vigil\" \/>\n<meta property=\"og:description\" content=\"En el marco de las acciones por el pr\u00f3ximo 24 de marzo, la Biblioteca Vigil se suma a la campa\u00f1a #PlantamosMemoria &#x1f333; impulsada por los organismos de Derechos Humanos. \u00a0 Les Invitamos a sumarse a la iniciativa. Pod\u00e9s registrar la acci\u00f3n con fotos o videos y el 24 subirla a las redes sociales con los [&hellip;]\" \/>\n<meta property=\"og:url\" content=\"https:\/\/bibliotecavigil.org.ar\/inicio\/plantamos-memoria\/\" \/>\n<meta property=\"og:site_name\" content=\"Biblioteca Vigil\" \/>\n<meta property=\"article:published_time\" content=\"2021-03-15T22:58:07+00:00\" \/>\n<meta property=\"article:modified_time\" content=\"2021-03-15T22:58:10+00:00\" \/>\n<meta property=\"og:image\" content=\"https:\/\/bibliotecavigil.org.ar\/inicio\/wp-content\/uploads\/2021\/03\/WhatsApp-Image-2021-02-24-at-16.16.59-1.jpeg\" \/>\n\t<meta property=\"og:image:width\" content=\"1280\" \/>\n\t<meta property=\"og:image:height\" content=\"1150\" \/>\n\t<meta property=\"og:image:type\" content=\"image\/jpeg\" \/>\n<meta name=\"author\" content=\"Biblioteca Vigil\" \/>\n<meta name=\"twitter:card\" content=\"summary_large_image\" \/>\n<meta name=\"twitter:label1\" content=\"Escrito por\" \/>\n\t<meta name=\"twitter:data1\" content=\"Biblioteca Vigil\" \/>\n\t<meta name=\"twitter:label2\" content=\"Tiempo de lectura\" \/>\n\t<meta name=\"twitter:data2\" content=\"1 minuto\" \/>\n<script type=\"application\/ld+json\" class=\"yoast-schema-graph\">{\"@context\":\"https:\\\/\\\/schema.org\",\"@graph\":[{\"@type\":\"Article\",\"@id\":\"https:\\\/\\\/bibliotecavigil.org.ar\\\/inicio\\\/plantamos-memoria\\\/#article\",\"isPartOf\":{\"@id\":\"https:\\\/\\\/bibliotecavigil.org.ar\\\/inicio\\\/plantamos-memoria\\\/\"},\"author\":{\"name\":\"Biblioteca Vigil\",\"@id\":\"https:\\\/\\\/bibliotecavigil.org.ar\\\/inicio\\\/#\\\/schema\\\/person\\\/98530bc117d5fa50c5dc01b4fd8d3700\"},\"headline\":\"Plantamos Memoria\",\"datePublished\":\"2021-03-15T22:58:07+00:00\",\"dateModified\":\"2021-03-15T22:58:10+00:00\",\"mainEntityOfPage\":{\"@id\":\"https:\\\/\\\/bibliotecavigil.org.ar\\\/inicio\\\/plantamos-memoria\\\/\"},\"wordCount\":78,\"commentCount\":0,\"publisher\":{\"@id\":\"https:\\\/\\\/bibliotecavigil.org.ar\\\/inicio\\\/#organization\"},\"image\":{\"@id\":\"https:\\\/\\\/bibliotecavigil.org.ar\\\/inicio\\\/plantamos-memoria\\\/#primaryimage\"},\"thumbnailUrl\":\"https:\\\/\\\/bibliotecavigil.org.ar\\\/inicio\\\/wp-content\\\/uploads\\\/2021\\\/03\\\/WhatsApp-Image-2021-02-24-at-16.16.59-1.jpeg\",\"keywords\":[\"memoria\"],\"articleSection\":[\"Noticias\"],\"inLanguage\":\"es\",\"potentialAction\":[{\"@type\":\"CommentAction\",\"name\":\"Comment\",\"target\":[\"https:\\\/\\\/bibliotecavigil.org.ar\\\/inicio\\\/plantamos-memoria\\\/#respond\"]}]},{\"@type\":\"WebPage\",\"@id\":\"https:\\\/\\\/bibliotecavigil.org.ar\\\/inicio\\\/plantamos-memoria\\\/\",\"url\":\"https:\\\/\\\/bibliotecavigil.org.ar\\\/inicio\\\/plantamos-memoria\\\/\",\"name\":\"Plantamos Memoria - Biblioteca Vigil\",\"isPartOf\":{\"@id\":\"https:\\\/\\\/bibliotecavigil.org.ar\\\/inicio\\\/#website\"},\"primaryImageOfPage\":{\"@id\":\"https:\\\/\\\/bibliotecavigil.org.ar\\\/inicio\\\/plantamos-memoria\\\/#primaryimage\"},\"image\":{\"@id\":\"https:\\\/\\\/bibliotecavigil.org.ar\\\/inicio\\\/plantamos-memoria\\\/#primaryimage\"},\"thumbnailUrl\":\"https:\\\/\\\/bibliotecavigil.org.ar\\\/inicio\\\/wp-content\\\/uploads\\\/2021\\\/03\\\/WhatsApp-Image-2021-02-24-at-16.16.59-1.jpeg\",\"datePublished\":\"2021-03-15T22:58:07+00:00\",\"dateModified\":\"2021-03-15T22:58:10+00:00\",\"breadcrumb\":{\"@id\":\"https:\\\/\\\/bibliotecavigil.org.ar\\\/inicio\\\/plantamos-memoria\\\/#breadcrumb\"},\"inLanguage\":\"es\",\"potentialAction\":[{\"@type\":\"ReadAction\",\"target\":[\"https:\\\/\\\/bibliotecavigil.org.ar\\\/inicio\\\/plantamos-memoria\\\/\"]}]},{\"@type\":\"ImageObject\",\"inLanguage\":\"es\",\"@id\":\"https:\\\/\\\/bibliotecavigil.org.ar\\\/inicio\\\/plantamos-memoria\\\/#primaryimage\",\"url\":\"https:\\\/\\\/bibliotecavigil.org.ar\\\/inicio\\\/wp-content\\\/uploads\\\/2021\\\/03\\\/WhatsApp-Image-2021-02-24-at-16.16.59-1.jpeg\",\"contentUrl\":\"https:\\\/\\\/bibliotecavigil.org.ar\\\/inicio\\\/wp-content\\\/uploads\\\/2021\\\/03\\\/WhatsApp-Image-2021-02-24-at-16.16.59-1.jpeg\",\"width\":1280,\"height\":1150},{\"@type\":\"BreadcrumbList\",\"@id\":\"https:\\\/\\\/bibliotecavigil.org.ar\\\/inicio\\\/plantamos-memoria\\\/#breadcrumb\",\"itemListElement\":[{\"@type\":\"ListItem\",\"position\":1,\"name\":\"Portada\",\"item\":\"https:\\\/\\\/bibliotecavigil.org.ar\\\/inicio\\\/\"},{\"@type\":\"ListItem\",\"position\":2,\"name\":\"Plantamos Memoria\"}]},{\"@type\":\"WebSite\",\"@id\":\"https:\\\/\\\/bibliotecavigil.org.ar\\\/inicio\\\/#website\",\"url\":\"https:\\\/\\\/bibliotecavigil.org.ar\\\/inicio\\\/\",\"name\":\"Biblioteca Vigil\",\"description\":\"Biblioteca Popular C C Vigil\",\"publisher\":{\"@id\":\"https:\\\/\\\/bibliotecavigil.org.ar\\\/inicio\\\/#organization\"},\"potentialAction\":[{\"@type\":\"SearchAction\",\"target\":{\"@type\":\"EntryPoint\",\"urlTemplate\":\"https:\\\/\\\/bibliotecavigil.org.ar\\\/inicio\\\/?s={search_term_string}\"},\"query-input\":{\"@type\":\"PropertyValueSpecification\",\"valueRequired\":true,\"valueName\":\"search_term_string\"}}],\"inLanguage\":\"es\"},{\"@type\":\"Organization\",\"@id\":\"https:\\\/\\\/bibliotecavigil.org.ar\\\/inicio\\\/#organization\",\"name\":\"Biblioteca Popular C.C.Vigil\",\"url\":\"https:\\\/\\\/bibliotecavigil.org.ar\\\/inicio\\\/\",\"logo\":{\"@type\":\"ImageObject\",\"inLanguage\":\"es\",\"@id\":\"https:\\\/\\\/bibliotecavigil.org.ar\\\/inicio\\\/#\\\/schema\\\/logo\\\/image\\\/\",\"url\":\"https:\\\/\\\/bibliotecavigil.org.ar\\\/inicio\\\/wp-content\\\/uploads\\\/2023\\\/06\\\/Logo-sin-texto-gif.gif\",\"contentUrl\":\"https:\\\/\\\/bibliotecavigil.org.ar\\\/inicio\\\/wp-content\\\/uploads\\\/2023\\\/06\\\/Logo-sin-texto-gif.gif\",\"width\":1487,\"height\":1604,\"caption\":\"Biblioteca Popular C.C.Vigil\"},\"image\":{\"@id\":\"https:\\\/\\\/bibliotecavigil.org.ar\\\/inicio\\\/#\\\/schema\\\/logo\\\/image\\\/\"}},{\"@type\":\"Person\",\"@id\":\"https:\\\/\\\/bibliotecavigil.org.ar\\\/inicio\\\/#\\\/schema\\\/person\\\/98530bc117d5fa50c5dc01b4fd8d3700\",\"name\":\"Biblioteca Vigil\",\"image\":{\"@type\":\"ImageObject\",\"inLanguage\":\"es\",\"@id\":\"https:\\\/\\\/secure.gravatar.com\\\/avatar\\\/a96b6054dc4c80cde596e2c3f42d23e4f769e395116bf277fb508315b9d8a5c5?s=96&d=mm&r=g\",\"url\":\"https:\\\/\\\/secure.gravatar.com\\\/avatar\\\/a96b6054dc4c80cde596e2c3f42d23e4f769e395116bf277fb508315b9d8a5c5?s=96&d=mm&r=g\",\"contentUrl\":\"https:\\\/\\\/secure.gravatar.com\\\/avatar\\\/a96b6054dc4c80cde596e2c3f42d23e4f769e395116bf277fb508315b9d8a5c5?s=96&d=mm&r=g\",\"caption\":\"Biblioteca Vigil\"},\"url\":\"https:\\\/\\\/bibliotecavigil.org.ar\\\/inicio\\\/author\\\/comunicacion\\\/\"}]}<\/script>\n<!-- \/ Yoast SEO plugin. -->","yoast_head_json":{"title":"Plantamos Memoria - Biblioteca Vigil","robots":{"index":"index","follow":"follow","max-snippet":"max-snippet:-1","max-image-preview":"max-image-preview:large","max-video-preview":"max-video-preview:-1"},"canonical":"https:\/\/bibliotecavigil.org.ar\/inicio\/plantamos-memoria\/","og_locale":"es_ES","og_type":"article","og_title":"Plantamos Memoria - Biblioteca Vigil","og_description":"En el marco de las acciones por el pr\u00f3ximo 24 de marzo, la Biblioteca Vigil se suma a la campa\u00f1a #PlantamosMemoria &#x1f333; impulsada por los organismos de Derechos Humanos. \u00a0 Les Invitamos a sumarse a la iniciativa. Pod\u00e9s registrar la acci\u00f3n con fotos o videos y el 24 subirla a las redes sociales con los [&hellip;]","og_url":"https:\/\/bibliotecavigil.org.ar\/inicio\/plantamos-memoria\/","og_site_name":"Biblioteca Vigil","article_published_time":"2021-03-15T22:58:07+00:00","article_modified_time":"2021-03-15T22:58:10+00:00","og_image":[{"width":1280,"height":1150,"url":"https:\/\/bibliotecavigil.org.ar\/inicio\/wp-content\/uploads\/2021\/03\/WhatsApp-Image-2021-02-24-at-16.16.59-1.jpeg","type":"image\/jpeg"}],"author":"Biblioteca Vigil","twitter_card":"summary_large_image","twitter_misc":{"Escrito por":"Biblioteca Vigil","Tiempo de lectura":"1 minuto"},"schema":{"@context":"https:\/\/schema.org","@graph":[{"@type":"Article","@id":"https:\/\/bibliotecavigil.org.ar\/inicio\/plantamos-memoria\/#article","isPartOf":{"@id":"https:\/\/bibliotecavigil.org.ar\/inicio\/plantamos-memoria\/"},"author":{"name":"Biblioteca Vigil","@id":"https:\/\/bibliotecavigil.org.ar\/inicio\/#\/schema\/person\/98530bc117d5fa50c5dc01b4fd8d3700"},"headline":"Plantamos Memoria","datePublished":"2021-03-15T22:58:07+00:00","dateModified":"2021-03-15T22:58:10+00:00","mainEntityOfPage":{"@id":"https:\/\/bibliotecavigil.org.ar\/inicio\/plantamos-memoria\/"},"wordCount":78,"commentCount":0,"publisher":{"@id":"https:\/\/bibliotecavigil.org.ar\/inicio\/#organization"},"image":{"@id":"https:\/\/bibliotecavigil.org.ar\/inicio\/plantamos-memoria\/#primaryimage"},"thumbnailUrl":"https:\/\/bibliotecavigil.org.ar\/inicio\/wp-content\/uploads\/2021\/03\/WhatsApp-Image-2021-02-24-at-16.16.59-1.jpeg","keywords":["memoria"],"articleSection":["Noticias"],"inLanguage":"es","potentialAction":[{"@type":"CommentAction","name":"Comment","target":["https:\/\/bibliotecavigil.org.ar\/inicio\/plantamos-memoria\/#respond"]}]},{"@type":"WebPage","@id":"https:\/\/bibliotecavigil.org.ar\/inicio\/plantamos-memoria\/","url":"https:\/\/bibliotecavigil.org.ar\/inicio\/plantamos-memoria\/","name":"Plantamos Memoria - Biblioteca Vigil","isPartOf":{"@id":"https:\/\/bibliotecavigil.org.ar\/inicio\/#website"},"primaryImageOfPage":{"@id":"https:\/\/bibliotecavigil.org.ar\/inicio\/plantamos-memoria\/#primaryimage"},"image":{"@id":"https:\/\/bibliotecavigil.org.ar\/inicio\/plantamos-memoria\/#primaryimage"},"thumbnailUrl":"https:\/\/bibliotecavigil.org.ar\/inicio\/wp-content\/uploads\/2021\/03\/WhatsApp-Image-2021-02-24-at-16.16.59-1.jpeg","datePublished":"2021-03-15T22:58:07+00:00","dateModified":"2021-03-15T22:58:10+00:00","breadcrumb":{"@id":"https:\/\/bibliotecavigil.org.ar\/inicio\/plantamos-memoria\/#breadcrumb"},"inLanguage":"es","potentialAction":[{"@type":"ReadAction","target":["https:\/\/bibliotecavigil.org.ar\/inicio\/plantamos-memoria\/"]}]},{"@type":"ImageObject","inLanguage":"es","@id":"https:\/\/bibliotecavigil.org.ar\/inicio\/plantamos-memoria\/#primaryimage","url":"https:\/\/bibliotecavigil.org.ar\/inicio\/wp-content\/uploads\/2021\/03\/WhatsApp-Image-2021-02-24-at-16.16.59-1.jpeg","contentUrl":"https:\/\/bibliotecavigil.org.ar\/inicio\/wp-content\/uploads\/2021\/03\/WhatsApp-Image-2021-02-24-at-16.16.59-1.jpeg","width":1280,"height":1150},{"@type":"BreadcrumbList","@id":"https:\/\/bibliotecavigil.org.ar\/inicio\/plantamos-memoria\/#breadcrumb","itemListElement":[{"@type":"ListItem","position":1,"name":"Portada","item":"https:\/\/bibliotecavigil.org.ar\/inicio\/"},{"@type":"ListItem","position":2,"name":"Plantamos Memoria"}]},{"@type":"WebSite","@id":"https:\/\/bibliotecavigil.org.ar\/inicio\/#website","url":"https:\/\/bibliotecavigil.org.ar\/inicio\/","name":"Biblioteca Vigil","description":"Biblioteca Popular C C Vigil","publisher":{"@id":"https:\/\/bibliotecavigil.org.ar\/inicio\/#organization"},"potentialAction":[{"@type":"SearchAction","target":{"@type":"EntryPoint","urlTemplate":"https:\/\/bibliotecavigil.org.ar\/inicio\/?s={search_term_string}"},"query-input":{"@type":"PropertyValueSpecification","valueRequired":true,"valueName":"search_term_string"}}],"inLanguage":"es"},{"@type":"Organization","@id":"https:\/\/bibliotecavigil.org.ar\/inicio\/#organization","name":"Biblioteca Popular C.C.Vigil","url":"https:\/\/bibliotecavigil.org.ar\/inicio\/","logo":{"@type":"ImageObject","inLanguage":"es","@id":"https:\/\/bibliotecavigil.org.ar\/inicio\/#\/schema\/logo\/image\/","url":"https:\/\/bibliotecavigil.org.ar\/inicio\/wp-content\/uploads\/2023\/06\/Logo-sin-texto-gif.gif","contentUrl":"https:\/\/bibliotecavigil.org.ar\/inicio\/wp-content\/uploads\/2023\/06\/Logo-sin-texto-gif.gif","width":1487,"height":1604,"caption":"Biblioteca Popular C.C.Vigil"},"image":{"@id":"https:\/\/bibliotecavigil.org.ar\/inicio\/#\/schema\/logo\/image\/"}},{"@type":"Person","@id":"https:\/\/bibliotecavigil.org.ar\/inicio\/#\/schema\/person\/98530bc117d5fa50c5dc01b4fd8d3700","name":"Biblioteca Vigil","image":{"@type":"ImageObject","inLanguage":"es","@id":"https:\/\/secure.gravatar.com\/avatar\/a96b6054dc4c80cde596e2c3f42d23e4f769e395116bf277fb508315b9d8a5c5?s=96&d=mm&r=g","url":"https:\/\/secure.gravatar.com\/avatar\/a96b6054dc4c80cde596e2c3f42d23e4f769e395116bf277fb508315b9d8a5c5?s=96&d=mm&r=g","contentUrl":"https:\/\/secure.gravatar.com\/avatar\/a96b6054dc4c80cde596e2c3f42d23e4f769e395116bf277fb508315b9d8a5c5?s=96&d=mm&r=g","caption":"Biblioteca Vigil"},"url":"https:\/\/bibliotecavigil.org.ar\/inicio\/author\/comunicacion\/"}]}},"_links":{"self":[{"href":"https:\/\/bibliotecavigil.org.ar\/inicio\/wp-json\/wp\/v2\/posts\/29272","targetHints":{"allow":["GET"]}}],"collection":[{"href":"https:\/\/bibliotecavigil.org.ar\/inicio\/wp-json\/wp\/v2\/posts"}],"about":[{"href":"https:\/\/bibliotecavigil.org.ar\/inicio\/wp-json\/wp\/v2\/types\/post"}],"author":[{"embeddable":true,"href":"https:\/\/bibliotecavigil.org.ar\/inicio\/wp-json\/wp\/v2\/users\/3"}],"replies":[{"embeddable":true,"href":"https:\/\/bibliotecavigil.org.ar\/inicio\/wp-json\/wp\/v2\/comments?post=29272"}],"version-history":[{"count":1,"href":"https:\/\/bibliotecavigil.org.ar\/inicio\/wp-json\/wp\/v2\/posts\/29272\/revisions"}],"predecessor-version":[{"id":29278,"href":"https:\/\/bibliotecavigil.org.ar\/inicio\/wp-json\/wp\/v2\/posts\/29272\/revisions\/29278"}],"wp:featuredmedia":[{"embeddable":true,"href":"https:\/\/bibliotecavigil.org.ar\/inicio\/wp-json\/wp\/v2\/media\/29277"}],"wp:attachment":[{"href":"https:\/\/bibliotecavigil.org.ar\/inicio\/wp-json\/wp\/v2\/media?parent=29272"}],"wp:term":[{"taxonomy":"category","embeddable":true,"href":"https:\/\/bibliotecavigil.org.ar\/inicio\/wp-json\/wp\/v2\/categories?post=29272"},{"taxonomy":"post_tag","embeddable":true,"href":"https:\/\/bibliotecavigil.org.ar\/inicio\/wp-json\/wp\/v2\/tags?post=29272"}],"curies":[{"name":"wp","href":"https:\/\/api.w.org\/{rel}","templated":true}]}}