{"id":29283,"date":"2021-03-18T19:14:57","date_gmt":"2021-03-18T19:14:57","guid":{"rendered":"https:\/\/bibliotecavigil.org.ar\/inicio\/?p=29283"},"modified":"2021-03-18T19:35:17","modified_gmt":"2021-03-18T19:35:17","slug":"editorial-biblioteca-en-el-mercado-de-frutos-culturales","status":"publish","type":"post","link":"https:\/\/bibliotecavigil.org.ar\/inicio\/editorial-biblioteca-en-el-mercado-de-frutos-culturales\/","title":{"rendered":"Editorial Biblioteca en el Mercado de Frutos Culturales"},"content":{"rendered":"\n<p>Con mucha alegr\u00eda les contamos que ahora tambi\u00e9n pueden encontrar nuestros libros de la Editorial Biblioteca en el <a href=\"https:\/\/www.facebook.com\/MercadodeFrutosCulturales\/\">Mercado de Frutos Culturales<\/a>, que es un espacio cultural ubicado en el Galp\u00f3n 17 de la Franja del R\u00edo, dependiente del Ministerio de Innovaci\u00f3n y Cultura de la Provincia de Santa Fe.<\/p>\n\n\n\n<p>El stand se llama \u201cMe Atravesaba un R\u00edo\u201d: Un colectivo de tres editoriales locales que lleva por nombre un conocido verso de Juan L Ortiz. <\/p>\n\n\n\n<p>En el puesto vas a encontrar a nuestra Editorial Biblioteca, Brumana Editora y Libros Silvestres, editoriales con perfiles diferentes: social, feminista e infantil, que pretenden de este modo convocar al p\u00fablico local de todas las edades.<\/p>\n\n\n\n<p>Estaremos todos los s\u00e1bados, domingos y feriados a partir desde las 18:30 h. <\/p>\n\n\n\n<p>Para ver nuestro catalogo online hace <a href=\"https:\/\/bibliotecavigil.org.ar\/inicio\/catalogo\/\" target=\"_blank\" rel=\"noreferrer noopener\">click aqu\u00ed<\/a>.<\/p>\n\n\n\n<p>Lxs esperamos cerquita del r\u00edo.<\/p>\n","protected":false},"excerpt":{"rendered":"<p>Con mucha alegr\u00eda les contamos que ahora tambi\u00e9n pueden encontrar nuestros libros de la Editorial Biblioteca en el Mercado de Frutos Culturales, que es un espacio cultural ubicado en el Galp\u00f3n 17 de la Franja del R\u00edo, dependiente del Ministerio de Innovaci\u00f3n y Cultura de la Provincia de Santa Fe. El stand se llama \u201cMe [&hellip;]<\/p>\n","protected":false},"author":3,"featured_media":29284,"comment_status":"open","ping_status":"closed","sticky":false,"template":"","format":"standard","meta":{"_et_pb_use_builder":"off","_et_pb_old_content":"","_et_gb_content_width":"1920","footnotes":""},"categories":[16],"tags":[46],"class_list":["post-29283","post","type-post","status-publish","format-standard","has-post-thumbnail","hentry","category-noticias","tag-editorial"],"yoast_head":"<!-- This site is optimized with the Yoast SEO plugin v27.4 - https:\/\/yoast.com\/product\/yoast-seo-wordpress\/ -->\n<title>Editorial Biblioteca en el Mercado de Frutos Culturales - Biblioteca Vigil<\/title>\n<meta name=\"robots\" content=\"index, follow, max-snippet:-1, max-image-preview:large, max-video-preview:-1\" \/>\n<link rel=\"canonical\" href=\"https:\/\/bibliotecavigil.org.ar\/inicio\/editorial-biblioteca-en-el-mercado-de-frutos-culturales\/\" \/>\n<meta property=\"og:locale\" content=\"es_ES\" \/>\n<meta property=\"og:type\" content=\"article\" \/>\n<meta property=\"og:title\" content=\"Editorial Biblioteca en el Mercado de Frutos Culturales - Biblioteca Vigil\" \/>\n<meta property=\"og:description\" content=\"Con mucha alegr\u00eda les contamos que ahora tambi\u00e9n pueden encontrar nuestros libros de la Editorial Biblioteca en el Mercado de Frutos Culturales, que es un espacio cultural ubicado en el Galp\u00f3n 17 de la Franja del R\u00edo, dependiente del Ministerio de Innovaci\u00f3n y Cultura de la Provincia de Santa Fe. El stand se llama \u201cMe [&hellip;]\" \/>\n<meta property=\"og:url\" content=\"https:\/\/bibliotecavigil.org.ar\/inicio\/editorial-biblioteca-en-el-mercado-de-frutos-culturales\/\" \/>\n<meta property=\"og:site_name\" content=\"Biblioteca Vigil\" \/>\n<meta property=\"article:published_time\" content=\"2021-03-18T19:14:57+00:00\" \/>\n<meta property=\"article:modified_time\" content=\"2021-03-18T19:35:17+00:00\" \/>\n<meta property=\"og:image\" content=\"https:\/\/bibliotecavigil.org.ar\/inicio\/wp-content\/uploads\/2021\/03\/161817466_2191720047625065_4316332436213614348_o.jpg\" \/>\n\t<meta property=\"og:image:width\" content=\"1772\" \/>\n\t<meta property=\"og:image:height\" content=\"1207\" \/>\n\t<meta property=\"og:image:type\" content=\"image\/jpeg\" \/>\n<meta name=\"author\" content=\"Biblioteca Vigil\" \/>\n<meta name=\"twitter:card\" content=\"summary_large_image\" \/>\n<meta name=\"twitter:label1\" content=\"Escrito por\" \/>\n\t<meta name=\"twitter:data1\" content=\"Biblioteca Vigil\" \/>\n\t<meta name=\"twitter:label2\" content=\"Tiempo de lectura\" \/>\n\t<meta name=\"twitter:data2\" content=\"1 minuto\" \/>\n<script type=\"application\/ld+json\" class=\"yoast-schema-graph\">{\"@context\":\"https:\\\/\\\/schema.org\",\"@graph\":[{\"@type\":\"Article\",\"@id\":\"https:\\\/\\\/bibliotecavigil.org.ar\\\/inicio\\\/editorial-biblioteca-en-el-mercado-de-frutos-culturales\\\/#article\",\"isPartOf\":{\"@id\":\"https:\\\/\\\/bibliotecavigil.org.ar\\\/inicio\\\/editorial-biblioteca-en-el-mercado-de-frutos-culturales\\\/\"},\"author\":{\"name\":\"Biblioteca Vigil\",\"@id\":\"https:\\\/\\\/bibliotecavigil.org.ar\\\/inicio\\\/#\\\/schema\\\/person\\\/98530bc117d5fa50c5dc01b4fd8d3700\"},\"headline\":\"Editorial Biblioteca en el Mercado de Frutos Culturales\",\"datePublished\":\"2021-03-18T19:14:57+00:00\",\"dateModified\":\"2021-03-18T19:35:17+00:00\",\"mainEntityOfPage\":{\"@id\":\"https:\\\/\\\/bibliotecavigil.org.ar\\\/inicio\\\/editorial-biblioteca-en-el-mercado-de-frutos-culturales\\\/\"},\"wordCount\":152,\"commentCount\":0,\"publisher\":{\"@id\":\"https:\\\/\\\/bibliotecavigil.org.ar\\\/inicio\\\/#organization\"},\"image\":{\"@id\":\"https:\\\/\\\/bibliotecavigil.org.ar\\\/inicio\\\/editorial-biblioteca-en-el-mercado-de-frutos-culturales\\\/#primaryimage\"},\"thumbnailUrl\":\"https:\\\/\\\/bibliotecavigil.org.ar\\\/inicio\\\/wp-content\\\/uploads\\\/2021\\\/03\\\/161817466_2191720047625065_4316332436213614348_o.jpg\",\"keywords\":[\"editorial\"],\"articleSection\":[\"Noticias\"],\"inLanguage\":\"es\",\"potentialAction\":[{\"@type\":\"CommentAction\",\"name\":\"Comment\",\"target\":[\"https:\\\/\\\/bibliotecavigil.org.ar\\\/inicio\\\/editorial-biblioteca-en-el-mercado-de-frutos-culturales\\\/#respond\"]}]},{\"@type\":\"WebPage\",\"@id\":\"https:\\\/\\\/bibliotecavigil.org.ar\\\/inicio\\\/editorial-biblioteca-en-el-mercado-de-frutos-culturales\\\/\",\"url\":\"https:\\\/\\\/bibliotecavigil.org.ar\\\/inicio\\\/editorial-biblioteca-en-el-mercado-de-frutos-culturales\\\/\",\"name\":\"Editorial Biblioteca en el Mercado de Frutos Culturales - Biblioteca Vigil\",\"isPartOf\":{\"@id\":\"https:\\\/\\\/bibliotecavigil.org.ar\\\/inicio\\\/#website\"},\"primaryImageOfPage\":{\"@id\":\"https:\\\/\\\/bibliotecavigil.org.ar\\\/inicio\\\/editorial-biblioteca-en-el-mercado-de-frutos-culturales\\\/#primaryimage\"},\"image\":{\"@id\":\"https:\\\/\\\/bibliotecavigil.org.ar\\\/inicio\\\/editorial-biblioteca-en-el-mercado-de-frutos-culturales\\\/#primaryimage\"},\"thumbnailUrl\":\"https:\\\/\\\/bibliotecavigil.org.ar\\\/inicio\\\/wp-content\\\/uploads\\\/2021\\\/03\\\/161817466_2191720047625065_4316332436213614348_o.jpg\",\"datePublished\":\"2021-03-18T19:14:57+00:00\",\"dateModified\":\"2021-03-18T19:35:17+00:00\",\"breadcrumb\":{\"@id\":\"https:\\\/\\\/bibliotecavigil.org.ar\\\/inicio\\\/editorial-biblioteca-en-el-mercado-de-frutos-culturales\\\/#breadcrumb\"},\"inLanguage\":\"es\",\"potentialAction\":[{\"@type\":\"ReadAction\",\"target\":[\"https:\\\/\\\/bibliotecavigil.org.ar\\\/inicio\\\/editorial-biblioteca-en-el-mercado-de-frutos-culturales\\\/\"]}]},{\"@type\":\"ImageObject\",\"inLanguage\":\"es\",\"@id\":\"https:\\\/\\\/bibliotecavigil.org.ar\\\/inicio\\\/editorial-biblioteca-en-el-mercado-de-frutos-culturales\\\/#primaryimage\",\"url\":\"https:\\\/\\\/bibliotecavigil.org.ar\\\/inicio\\\/wp-content\\\/uploads\\\/2021\\\/03\\\/161817466_2191720047625065_4316332436213614348_o.jpg\",\"contentUrl\":\"https:\\\/\\\/bibliotecavigil.org.ar\\\/inicio\\\/wp-content\\\/uploads\\\/2021\\\/03\\\/161817466_2191720047625065_4316332436213614348_o.jpg\",\"width\":1772,\"height\":1207},{\"@type\":\"BreadcrumbList\",\"@id\":\"https:\\\/\\\/bibliotecavigil.org.ar\\\/inicio\\\/editorial-biblioteca-en-el-mercado-de-frutos-culturales\\\/#breadcrumb\",\"itemListElement\":[{\"@type\":\"ListItem\",\"position\":1,\"name\":\"Portada\",\"item\":\"https:\\\/\\\/bibliotecavigil.org.ar\\\/inicio\\\/\"},{\"@type\":\"ListItem\",\"position\":2,\"name\":\"Editorial Biblioteca en el Mercado de Frutos Culturales\"}]},{\"@type\":\"WebSite\",\"@id\":\"https:\\\/\\\/bibliotecavigil.org.ar\\\/inicio\\\/#website\",\"url\":\"https:\\\/\\\/bibliotecavigil.org.ar\\\/inicio\\\/\",\"name\":\"Biblioteca Vigil\",\"description\":\"Biblioteca Popular C C Vigil\",\"publisher\":{\"@id\":\"https:\\\/\\\/bibliotecavigil.org.ar\\\/inicio\\\/#organization\"},\"potentialAction\":[{\"@type\":\"SearchAction\",\"target\":{\"@type\":\"EntryPoint\",\"urlTemplate\":\"https:\\\/\\\/bibliotecavigil.org.ar\\\/inicio\\\/?s={search_term_string}\"},\"query-input\":{\"@type\":\"PropertyValueSpecification\",\"valueRequired\":true,\"valueName\":\"search_term_string\"}}],\"inLanguage\":\"es\"},{\"@type\":\"Organization\",\"@id\":\"https:\\\/\\\/bibliotecavigil.org.ar\\\/inicio\\\/#organization\",\"name\":\"Biblioteca Popular C.C.Vigil\",\"url\":\"https:\\\/\\\/bibliotecavigil.org.ar\\\/inicio\\\/\",\"logo\":{\"@type\":\"ImageObject\",\"inLanguage\":\"es\",\"@id\":\"https:\\\/\\\/bibliotecavigil.org.ar\\\/inicio\\\/#\\\/schema\\\/logo\\\/image\\\/\",\"url\":\"https:\\\/\\\/bibliotecavigil.org.ar\\\/inicio\\\/wp-content\\\/uploads\\\/2023\\\/06\\\/Logo-sin-texto-gif.gif\",\"contentUrl\":\"https:\\\/\\\/bibliotecavigil.org.ar\\\/inicio\\\/wp-content\\\/uploads\\\/2023\\\/06\\\/Logo-sin-texto-gif.gif\",\"width\":1487,\"height\":1604,\"caption\":\"Biblioteca Popular C.C.Vigil\"},\"image\":{\"@id\":\"https:\\\/\\\/bibliotecavigil.org.ar\\\/inicio\\\/#\\\/schema\\\/logo\\\/image\\\/\"}},{\"@type\":\"Person\",\"@id\":\"https:\\\/\\\/bibliotecavigil.org.ar\\\/inicio\\\/#\\\/schema\\\/person\\\/98530bc117d5fa50c5dc01b4fd8d3700\",\"name\":\"Biblioteca Vigil\",\"image\":{\"@type\":\"ImageObject\",\"inLanguage\":\"es\",\"@id\":\"https:\\\/\\\/secure.gravatar.com\\\/avatar\\\/a96b6054dc4c80cde596e2c3f42d23e4f769e395116bf277fb508315b9d8a5c5?s=96&d=mm&r=g\",\"url\":\"https:\\\/\\\/secure.gravatar.com\\\/avatar\\\/a96b6054dc4c80cde596e2c3f42d23e4f769e395116bf277fb508315b9d8a5c5?s=96&d=mm&r=g\",\"contentUrl\":\"https:\\\/\\\/secure.gravatar.com\\\/avatar\\\/a96b6054dc4c80cde596e2c3f42d23e4f769e395116bf277fb508315b9d8a5c5?s=96&d=mm&r=g\",\"caption\":\"Biblioteca Vigil\"},\"url\":\"https:\\\/\\\/bibliotecavigil.org.ar\\\/inicio\\\/author\\\/comunicacion\\\/\"}]}<\/script>\n<!-- \/ Yoast SEO plugin. -->","yoast_head_json":{"title":"Editorial Biblioteca en el Mercado de Frutos Culturales - Biblioteca Vigil","robots":{"index":"index","follow":"follow","max-snippet":"max-snippet:-1","max-image-preview":"max-image-preview:large","max-video-preview":"max-video-preview:-1"},"canonical":"https:\/\/bibliotecavigil.org.ar\/inicio\/editorial-biblioteca-en-el-mercado-de-frutos-culturales\/","og_locale":"es_ES","og_type":"article","og_title":"Editorial Biblioteca en el Mercado de Frutos Culturales - Biblioteca Vigil","og_description":"Con mucha alegr\u00eda les contamos que ahora tambi\u00e9n pueden encontrar nuestros libros de la Editorial Biblioteca en el Mercado de Frutos Culturales, que es un espacio cultural ubicado en el Galp\u00f3n 17 de la Franja del R\u00edo, dependiente del Ministerio de Innovaci\u00f3n y Cultura de la Provincia de Santa Fe. El stand se llama \u201cMe [&hellip;]","og_url":"https:\/\/bibliotecavigil.org.ar\/inicio\/editorial-biblioteca-en-el-mercado-de-frutos-culturales\/","og_site_name":"Biblioteca Vigil","article_published_time":"2021-03-18T19:14:57+00:00","article_modified_time":"2021-03-18T19:35:17+00:00","og_image":[{"width":1772,"height":1207,"url":"https:\/\/bibliotecavigil.org.ar\/inicio\/wp-content\/uploads\/2021\/03\/161817466_2191720047625065_4316332436213614348_o.jpg","type":"image\/jpeg"}],"author":"Biblioteca Vigil","twitter_card":"summary_large_image","twitter_misc":{"Escrito por":"Biblioteca Vigil","Tiempo de lectura":"1 minuto"},"schema":{"@context":"https:\/\/schema.org","@graph":[{"@type":"Article","@id":"https:\/\/bibliotecavigil.org.ar\/inicio\/editorial-biblioteca-en-el-mercado-de-frutos-culturales\/#article","isPartOf":{"@id":"https:\/\/bibliotecavigil.org.ar\/inicio\/editorial-biblioteca-en-el-mercado-de-frutos-culturales\/"},"author":{"name":"Biblioteca Vigil","@id":"https:\/\/bibliotecavigil.org.ar\/inicio\/#\/schema\/person\/98530bc117d5fa50c5dc01b4fd8d3700"},"headline":"Editorial Biblioteca en el Mercado de Frutos Culturales","datePublished":"2021-03-18T19:14:57+00:00","dateModified":"2021-03-18T19:35:17+00:00","mainEntityOfPage":{"@id":"https:\/\/bibliotecavigil.org.ar\/inicio\/editorial-biblioteca-en-el-mercado-de-frutos-culturales\/"},"wordCount":152,"commentCount":0,"publisher":{"@id":"https:\/\/bibliotecavigil.org.ar\/inicio\/#organization"},"image":{"@id":"https:\/\/bibliotecavigil.org.ar\/inicio\/editorial-biblioteca-en-el-mercado-de-frutos-culturales\/#primaryimage"},"thumbnailUrl":"https:\/\/bibliotecavigil.org.ar\/inicio\/wp-content\/uploads\/2021\/03\/161817466_2191720047625065_4316332436213614348_o.jpg","keywords":["editorial"],"articleSection":["Noticias"],"inLanguage":"es","potentialAction":[{"@type":"CommentAction","name":"Comment","target":["https:\/\/bibliotecavigil.org.ar\/inicio\/editorial-biblioteca-en-el-mercado-de-frutos-culturales\/#respond"]}]},{"@type":"WebPage","@id":"https:\/\/bibliotecavigil.org.ar\/inicio\/editorial-biblioteca-en-el-mercado-de-frutos-culturales\/","url":"https:\/\/bibliotecavigil.org.ar\/inicio\/editorial-biblioteca-en-el-mercado-de-frutos-culturales\/","name":"Editorial Biblioteca en el Mercado de Frutos Culturales - Biblioteca Vigil","isPartOf":{"@id":"https:\/\/bibliotecavigil.org.ar\/inicio\/#website"},"primaryImageOfPage":{"@id":"https:\/\/bibliotecavigil.org.ar\/inicio\/editorial-biblioteca-en-el-mercado-de-frutos-culturales\/#primaryimage"},"image":{"@id":"https:\/\/bibliotecavigil.org.ar\/inicio\/editorial-biblioteca-en-el-mercado-de-frutos-culturales\/#primaryimage"},"thumbnailUrl":"https:\/\/bibliotecavigil.org.ar\/inicio\/wp-content\/uploads\/2021\/03\/161817466_2191720047625065_4316332436213614348_o.jpg","datePublished":"2021-03-18T19:14:57+00:00","dateModified":"2021-03-18T19:35:17+00:00","breadcrumb":{"@id":"https:\/\/bibliotecavigil.org.ar\/inicio\/editorial-biblioteca-en-el-mercado-de-frutos-culturales\/#breadcrumb"},"inLanguage":"es","potentialAction":[{"@type":"ReadAction","target":["https:\/\/bibliotecavigil.org.ar\/inicio\/editorial-biblioteca-en-el-mercado-de-frutos-culturales\/"]}]},{"@type":"ImageObject","inLanguage":"es","@id":"https:\/\/bibliotecavigil.org.ar\/inicio\/editorial-biblioteca-en-el-mercado-de-frutos-culturales\/#primaryimage","url":"https:\/\/bibliotecavigil.org.ar\/inicio\/wp-content\/uploads\/2021\/03\/161817466_2191720047625065_4316332436213614348_o.jpg","contentUrl":"https:\/\/bibliotecavigil.org.ar\/inicio\/wp-content\/uploads\/2021\/03\/161817466_2191720047625065_4316332436213614348_o.jpg","width":1772,"height":1207},{"@type":"BreadcrumbList","@id":"https:\/\/bibliotecavigil.org.ar\/inicio\/editorial-biblioteca-en-el-mercado-de-frutos-culturales\/#breadcrumb","itemListElement":[{"@type":"ListItem","position":1,"name":"Portada","item":"https:\/\/bibliotecavigil.org.ar\/inicio\/"},{"@type":"ListItem","position":2,"name":"Editorial Biblioteca en el Mercado de Frutos Culturales"}]},{"@type":"WebSite","@id":"https:\/\/bibliotecavigil.org.ar\/inicio\/#website","url":"https:\/\/bibliotecavigil.org.ar\/inicio\/","name":"Biblioteca Vigil","description":"Biblioteca Popular C C Vigil","publisher":{"@id":"https:\/\/bibliotecavigil.org.ar\/inicio\/#organization"},"potentialAction":[{"@type":"SearchAction","target":{"@type":"EntryPoint","urlTemplate":"https:\/\/bibliotecavigil.org.ar\/inicio\/?s={search_term_string}"},"query-input":{"@type":"PropertyValueSpecification","valueRequired":true,"valueName":"search_term_string"}}],"inLanguage":"es"},{"@type":"Organization","@id":"https:\/\/bibliotecavigil.org.ar\/inicio\/#organization","name":"Biblioteca Popular C.C.Vigil","url":"https:\/\/bibliotecavigil.org.ar\/inicio\/","logo":{"@type":"ImageObject","inLanguage":"es","@id":"https:\/\/bibliotecavigil.org.ar\/inicio\/#\/schema\/logo\/image\/","url":"https:\/\/bibliotecavigil.org.ar\/inicio\/wp-content\/uploads\/2023\/06\/Logo-sin-texto-gif.gif","contentUrl":"https:\/\/bibliotecavigil.org.ar\/inicio\/wp-content\/uploads\/2023\/06\/Logo-sin-texto-gif.gif","width":1487,"height":1604,"caption":"Biblioteca Popular C.C.Vigil"},"image":{"@id":"https:\/\/bibliotecavigil.org.ar\/inicio\/#\/schema\/logo\/image\/"}},{"@type":"Person","@id":"https:\/\/bibliotecavigil.org.ar\/inicio\/#\/schema\/person\/98530bc117d5fa50c5dc01b4fd8d3700","name":"Biblioteca Vigil","image":{"@type":"ImageObject","inLanguage":"es","@id":"https:\/\/secure.gravatar.com\/avatar\/a96b6054dc4c80cde596e2c3f42d23e4f769e395116bf277fb508315b9d8a5c5?s=96&d=mm&r=g","url":"https:\/\/secure.gravatar.com\/avatar\/a96b6054dc4c80cde596e2c3f42d23e4f769e395116bf277fb508315b9d8a5c5?s=96&d=mm&r=g","contentUrl":"https:\/\/secure.gravatar.com\/avatar\/a96b6054dc4c80cde596e2c3f42d23e4f769e395116bf277fb508315b9d8a5c5?s=96&d=mm&r=g","caption":"Biblioteca Vigil"},"url":"https:\/\/bibliotecavigil.org.ar\/inicio\/author\/comunicacion\/"}]}},"_links":{"self":[{"href":"https:\/\/bibliotecavigil.org.ar\/inicio\/wp-json\/wp\/v2\/posts\/29283","targetHints":{"allow":["GET"]}}],"collection":[{"href":"https:\/\/bibliotecavigil.org.ar\/inicio\/wp-json\/wp\/v2\/posts"}],"about":[{"href":"https:\/\/bibliotecavigil.org.ar\/inicio\/wp-json\/wp\/v2\/types\/post"}],"author":[{"embeddable":true,"href":"https:\/\/bibliotecavigil.org.ar\/inicio\/wp-json\/wp\/v2\/users\/3"}],"replies":[{"embeddable":true,"href":"https:\/\/bibliotecavigil.org.ar\/inicio\/wp-json\/wp\/v2\/comments?post=29283"}],"version-history":[{"count":3,"href":"https:\/\/bibliotecavigil.org.ar\/inicio\/wp-json\/wp\/v2\/posts\/29283\/revisions"}],"predecessor-version":[{"id":29287,"href":"https:\/\/bibliotecavigil.org.ar\/inicio\/wp-json\/wp\/v2\/posts\/29283\/revisions\/29287"}],"wp:featuredmedia":[{"embeddable":true,"href":"https:\/\/bibliotecavigil.org.ar\/inicio\/wp-json\/wp\/v2\/media\/29284"}],"wp:attachment":[{"href":"https:\/\/bibliotecavigil.org.ar\/inicio\/wp-json\/wp\/v2\/media?parent=29283"}],"wp:term":[{"taxonomy":"category","embeddable":true,"href":"https:\/\/bibliotecavigil.org.ar\/inicio\/wp-json\/wp\/v2\/categories?post=29283"},{"taxonomy":"post_tag","embeddable":true,"href":"https:\/\/bibliotecavigil.org.ar\/inicio\/wp-json\/wp\/v2\/tags?post=29283"}],"curies":[{"name":"wp","href":"https:\/\/api.w.org\/{rel}","templated":true}]}}