{"id":29459,"date":"2021-05-17T22:27:53","date_gmt":"2021-05-17T22:27:53","guid":{"rendered":"https:\/\/bibliotecavigil.org.ar\/inicio\/?p=29459"},"modified":"2021-05-17T22:27:58","modified_gmt":"2021-05-17T22:27:58","slug":"dialogos-educativos-educacion-sexual-integral-y-diversidad-funcional-una-perspectiva-desde-la-formacion-docente","status":"publish","type":"post","link":"https:\/\/bibliotecavigil.org.ar\/inicio\/dialogos-educativos-educacion-sexual-integral-y-diversidad-funcional-una-perspectiva-desde-la-formacion-docente\/","title":{"rendered":"Di\u00e1logos Educativos: \u00abEducaci\u00f3n sexual integral y diversidad funcional. Una perspectiva desde la formaci\u00f3n docente\u00bb"},"content":{"rendered":"\n<p>\u25ba Lxs invitamos a un nuevo #Di\u00e1logo #Educativo entre La Vigil y el Instituto Superior del Profesorado N\u00ba 16 \u00abDr. Bernado A. Houssay\u00bb: \u00abEducaci\u00f3n sexual integral y diversidad funcional. Una perspectiva desde la formaci\u00f3n docente\u00bb<\/p>\n\n\n\n<p>&#x1f4ac; En esta oportunidad nos centraremos acerca de ense\u00f1ar y aprender sobre sexualidades, en t\u00e9rminos de pensar conductas, estereotipos, formas de pensar binarias y en cuerpos hegem\u00f3nicos. Imprescindible para poder pensar una educaci\u00f3n libre.<\/p>\n\n\n\n<p><\/p>\n\n\n\n<p>Dialogar\u00e1n:<\/p>\n\n\n\n<p>&#x1f4a5; Maria Laura Armoa: Educadora Sexual. Profesora y Licenciada en Terapia Ocupacional.<\/p>\n\n\n\n<p>&#x1f4a5; Jos\u00e9 Ignacio Scasserra profesor e investigador (CONICET \/ UBA) en el Instituto de Investigaciones de Estudios de G\u00e9nero (FFyL).<\/p>\n\n\n\n<p><\/p>\n\n\n\n<p>\u25ac El conversatorio es abierto a todo p\u00fablico.<\/p>\n\n\n\n<p>\u25ac Lxs esperamos este jueves 20 a las 17hs por nuestro canal de Youtube: <a href=\"https:\/\/www.youtube.com\/channel\/UC7Xm3jqJo-pUBhpzLRpqjag\">https:\/\/www.youtube.com\/channel\/UC7Xm3jqJo-pUBhpzLRpqjag<\/a><\/p>\n\n\n\n<p>\u25ac &#x26a0; \u00a1IMPORTANTE! &nbsp;Para hacer la evaluaci\u00f3n y obtener t\u00fa certificado inscribirte ac\u00e1: <a href=\"https:\/\/forms.gle\/FudrzugG9sNAyEP37\">https:\/\/forms.gle\/FudrzugG9sNAyEP37<\/a><\/p>\n\n\n\n<p><\/p>\n\n\n\n<figure class=\"wp-block-image size-large\"><a href=\"https:\/\/bibliotecavigil.org.ar\/inicio\/wp-content\/uploads\/2021\/05\/ESI-01.jpg\"><img decoding=\"async\" width=\"1024\" height=\"1024\" data-src=\"https:\/\/bibliotecavigil.org.ar\/inicio\/wp-content\/uploads\/2021\/05\/ESI-01-1024x1024.jpg\" alt=\"\" class=\"wp-image-29460 lazyload\" data-srcset=\"https:\/\/bibliotecavigil.org.ar\/inicio\/wp-content\/uploads\/2021\/05\/ESI-01-1024x1024.jpg 1024w, https:\/\/bibliotecavigil.org.ar\/inicio\/wp-content\/uploads\/2021\/05\/ESI-01-980x980.jpg 980w, https:\/\/bibliotecavigil.org.ar\/inicio\/wp-content\/uploads\/2021\/05\/ESI-01-480x480.jpg 480w\" data-sizes=\"(min-width: 0px) and (max-width: 480px) 480px, (min-width: 481px) and (max-width: 980px) 980px, (min-width: 981px) 1024px, 100vw\" src=\"data:image\/svg+xml;base64,PHN2ZyB3aWR0aD0iMSIgaGVpZ2h0PSIxIiB4bWxucz0iaHR0cDovL3d3dy53My5vcmcvMjAwMC9zdmciPjwvc3ZnPg==\" style=\"--smush-placeholder-width: 1024px; --smush-placeholder-aspect-ratio: 1024\/1024;\" \/><\/a><\/figure>\n\n\n\n<p><\/p>\n","protected":false},"excerpt":{"rendered":"<p>\u25ba Lxs invitamos a un nuevo #Di\u00e1logo #Educativo entre La Vigil y el Instituto Superior del Profesorado N\u00ba 16 \u00abDr. Bernado A. Houssay\u00bb: \u00abEducaci\u00f3n sexual integral y diversidad funcional. Una perspectiva desde la formaci\u00f3n docente\u00bb &#x1f4ac; En esta oportunidad nos centraremos acerca de ense\u00f1ar y aprender sobre sexualidades, en t\u00e9rminos de pensar conductas, estereotipos, formas [&hellip;]<\/p>\n","protected":false},"author":3,"featured_media":29461,"comment_status":"open","ping_status":"closed","sticky":false,"template":"","format":"standard","meta":{"_et_pb_use_builder":"off","_et_pb_old_content":"","_et_gb_content_width":"1920","footnotes":""},"categories":[1],"tags":[112],"class_list":["post-29459","post","type-post","status-publish","format-standard","has-post-thumbnail","hentry","category-sin-categoria","tag-esi"],"yoast_head":"<!-- This site is optimized with the Yoast SEO plugin v27.5 - https:\/\/yoast.com\/product\/yoast-seo-wordpress\/ -->\n<title>Di\u00e1logos Educativos: &quot;Educaci\u00f3n sexual integral y diversidad funcional. Una perspectiva desde la formaci\u00f3n docente&quot; - Biblioteca Vigil<\/title>\n<meta name=\"robots\" content=\"index, follow, max-snippet:-1, max-image-preview:large, max-video-preview:-1\" \/>\n<link rel=\"canonical\" href=\"https:\/\/bibliotecavigil.org.ar\/inicio\/dialogos-educativos-educacion-sexual-integral-y-diversidad-funcional-una-perspectiva-desde-la-formacion-docente\/\" \/>\n<meta property=\"og:locale\" content=\"es_ES\" \/>\n<meta property=\"og:type\" content=\"article\" \/>\n<meta property=\"og:title\" content=\"Di\u00e1logos Educativos: &quot;Educaci\u00f3n sexual integral y diversidad funcional. Una perspectiva desde la formaci\u00f3n docente&quot; - Biblioteca Vigil\" \/>\n<meta property=\"og:description\" content=\"\u25ba Lxs invitamos a un nuevo #Di\u00e1logo #Educativo entre La Vigil y el Instituto Superior del Profesorado N\u00ba 16 \u00abDr. Bernado A. Houssay\u00bb: \u00abEducaci\u00f3n sexual integral y diversidad funcional. Una perspectiva desde la formaci\u00f3n docente\u00bb &#x1f4ac; En esta oportunidad nos centraremos acerca de ense\u00f1ar y aprender sobre sexualidades, en t\u00e9rminos de pensar conductas, estereotipos, formas [&hellip;]\" \/>\n<meta property=\"og:url\" content=\"https:\/\/bibliotecavigil.org.ar\/inicio\/dialogos-educativos-educacion-sexual-integral-y-diversidad-funcional-una-perspectiva-desde-la-formacion-docente\/\" \/>\n<meta property=\"og:site_name\" content=\"Biblioteca Vigil\" \/>\n<meta property=\"article:published_time\" content=\"2021-05-17T22:27:53+00:00\" \/>\n<meta property=\"article:modified_time\" content=\"2021-05-17T22:27:58+00:00\" \/>\n<meta property=\"og:image\" content=\"https:\/\/bibliotecavigil.org.ar\/inicio\/wp-content\/uploads\/2021\/05\/ESI-05.jpg\" \/>\n\t<meta property=\"og:image:width\" content=\"800\" \/>\n\t<meta property=\"og:image:height\" content=\"600\" \/>\n\t<meta property=\"og:image:type\" content=\"image\/jpeg\" \/>\n<meta name=\"author\" content=\"Biblioteca Vigil\" \/>\n<meta name=\"twitter:card\" content=\"summary_large_image\" \/>\n<meta name=\"twitter:label1\" content=\"Escrito por\" \/>\n\t<meta name=\"twitter:data1\" content=\"Biblioteca Vigil\" \/>\n\t<meta name=\"twitter:label2\" content=\"Tiempo de lectura\" \/>\n\t<meta name=\"twitter:data2\" content=\"1 minuto\" \/>\n<script type=\"application\/ld+json\" class=\"yoast-schema-graph\">{\"@context\":\"https:\\\/\\\/schema.org\",\"@graph\":[{\"@type\":\"Article\",\"@id\":\"https:\\\/\\\/bibliotecavigil.org.ar\\\/inicio\\\/dialogos-educativos-educacion-sexual-integral-y-diversidad-funcional-una-perspectiva-desde-la-formacion-docente\\\/#article\",\"isPartOf\":{\"@id\":\"https:\\\/\\\/bibliotecavigil.org.ar\\\/inicio\\\/dialogos-educativos-educacion-sexual-integral-y-diversidad-funcional-una-perspectiva-desde-la-formacion-docente\\\/\"},\"author\":{\"name\":\"Biblioteca Vigil\",\"@id\":\"https:\\\/\\\/bibliotecavigil.org.ar\\\/inicio\\\/#\\\/schema\\\/person\\\/98530bc117d5fa50c5dc01b4fd8d3700\"},\"headline\":\"Di\u00e1logos Educativos: \u00abEducaci\u00f3n sexual integral y diversidad funcional. Una perspectiva desde la formaci\u00f3n docente\u00bb\",\"datePublished\":\"2021-05-17T22:27:53+00:00\",\"dateModified\":\"2021-05-17T22:27:58+00:00\",\"mainEntityOfPage\":{\"@id\":\"https:\\\/\\\/bibliotecavigil.org.ar\\\/inicio\\\/dialogos-educativos-educacion-sexual-integral-y-diversidad-funcional-una-perspectiva-desde-la-formacion-docente\\\/\"},\"wordCount\":179,\"commentCount\":0,\"publisher\":{\"@id\":\"https:\\\/\\\/bibliotecavigil.org.ar\\\/inicio\\\/#organization\"},\"image\":{\"@id\":\"https:\\\/\\\/bibliotecavigil.org.ar\\\/inicio\\\/dialogos-educativos-educacion-sexual-integral-y-diversidad-funcional-una-perspectiva-desde-la-formacion-docente\\\/#primaryimage\"},\"thumbnailUrl\":\"https:\\\/\\\/bibliotecavigil.org.ar\\\/inicio\\\/wp-content\\\/uploads\\\/2021\\\/05\\\/ESI-05.jpg\",\"keywords\":[\"esi\"],\"inLanguage\":\"es\",\"potentialAction\":[{\"@type\":\"CommentAction\",\"name\":\"Comment\",\"target\":[\"https:\\\/\\\/bibliotecavigil.org.ar\\\/inicio\\\/dialogos-educativos-educacion-sexual-integral-y-diversidad-funcional-una-perspectiva-desde-la-formacion-docente\\\/#respond\"]}]},{\"@type\":\"WebPage\",\"@id\":\"https:\\\/\\\/bibliotecavigil.org.ar\\\/inicio\\\/dialogos-educativos-educacion-sexual-integral-y-diversidad-funcional-una-perspectiva-desde-la-formacion-docente\\\/\",\"url\":\"https:\\\/\\\/bibliotecavigil.org.ar\\\/inicio\\\/dialogos-educativos-educacion-sexual-integral-y-diversidad-funcional-una-perspectiva-desde-la-formacion-docente\\\/\",\"name\":\"Di\u00e1logos Educativos: \\\"Educaci\u00f3n sexual integral y diversidad funcional. Una perspectiva desde la formaci\u00f3n docente\\\" - Biblioteca Vigil\",\"isPartOf\":{\"@id\":\"https:\\\/\\\/bibliotecavigil.org.ar\\\/inicio\\\/#website\"},\"primaryImageOfPage\":{\"@id\":\"https:\\\/\\\/bibliotecavigil.org.ar\\\/inicio\\\/dialogos-educativos-educacion-sexual-integral-y-diversidad-funcional-una-perspectiva-desde-la-formacion-docente\\\/#primaryimage\"},\"image\":{\"@id\":\"https:\\\/\\\/bibliotecavigil.org.ar\\\/inicio\\\/dialogos-educativos-educacion-sexual-integral-y-diversidad-funcional-una-perspectiva-desde-la-formacion-docente\\\/#primaryimage\"},\"thumbnailUrl\":\"https:\\\/\\\/bibliotecavigil.org.ar\\\/inicio\\\/wp-content\\\/uploads\\\/2021\\\/05\\\/ESI-05.jpg\",\"datePublished\":\"2021-05-17T22:27:53+00:00\",\"dateModified\":\"2021-05-17T22:27:58+00:00\",\"breadcrumb\":{\"@id\":\"https:\\\/\\\/bibliotecavigil.org.ar\\\/inicio\\\/dialogos-educativos-educacion-sexual-integral-y-diversidad-funcional-una-perspectiva-desde-la-formacion-docente\\\/#breadcrumb\"},\"inLanguage\":\"es\",\"potentialAction\":[{\"@type\":\"ReadAction\",\"target\":[\"https:\\\/\\\/bibliotecavigil.org.ar\\\/inicio\\\/dialogos-educativos-educacion-sexual-integral-y-diversidad-funcional-una-perspectiva-desde-la-formacion-docente\\\/\"]}]},{\"@type\":\"ImageObject\",\"inLanguage\":\"es\",\"@id\":\"https:\\\/\\\/bibliotecavigil.org.ar\\\/inicio\\\/dialogos-educativos-educacion-sexual-integral-y-diversidad-funcional-una-perspectiva-desde-la-formacion-docente\\\/#primaryimage\",\"url\":\"https:\\\/\\\/bibliotecavigil.org.ar\\\/inicio\\\/wp-content\\\/uploads\\\/2021\\\/05\\\/ESI-05.jpg\",\"contentUrl\":\"https:\\\/\\\/bibliotecavigil.org.ar\\\/inicio\\\/wp-content\\\/uploads\\\/2021\\\/05\\\/ESI-05.jpg\",\"width\":800,\"height\":600},{\"@type\":\"BreadcrumbList\",\"@id\":\"https:\\\/\\\/bibliotecavigil.org.ar\\\/inicio\\\/dialogos-educativos-educacion-sexual-integral-y-diversidad-funcional-una-perspectiva-desde-la-formacion-docente\\\/#breadcrumb\",\"itemListElement\":[{\"@type\":\"ListItem\",\"position\":1,\"name\":\"Portada\",\"item\":\"https:\\\/\\\/bibliotecavigil.org.ar\\\/inicio\\\/\"},{\"@type\":\"ListItem\",\"position\":2,\"name\":\"Di\u00e1logos Educativos: &#8220;Educaci\u00f3n sexual integral y diversidad funcional. Una perspectiva desde la formaci\u00f3n docente&#8221;\"}]},{\"@type\":\"WebSite\",\"@id\":\"https:\\\/\\\/bibliotecavigil.org.ar\\\/inicio\\\/#website\",\"url\":\"https:\\\/\\\/bibliotecavigil.org.ar\\\/inicio\\\/\",\"name\":\"Biblioteca Vigil\",\"description\":\"Biblioteca Popular C C Vigil\",\"publisher\":{\"@id\":\"https:\\\/\\\/bibliotecavigil.org.ar\\\/inicio\\\/#organization\"},\"potentialAction\":[{\"@type\":\"SearchAction\",\"target\":{\"@type\":\"EntryPoint\",\"urlTemplate\":\"https:\\\/\\\/bibliotecavigil.org.ar\\\/inicio\\\/?s={search_term_string}\"},\"query-input\":{\"@type\":\"PropertyValueSpecification\",\"valueRequired\":true,\"valueName\":\"search_term_string\"}}],\"inLanguage\":\"es\"},{\"@type\":\"Organization\",\"@id\":\"https:\\\/\\\/bibliotecavigil.org.ar\\\/inicio\\\/#organization\",\"name\":\"Biblioteca Popular C.C.Vigil\",\"url\":\"https:\\\/\\\/bibliotecavigil.org.ar\\\/inicio\\\/\",\"logo\":{\"@type\":\"ImageObject\",\"inLanguage\":\"es\",\"@id\":\"https:\\\/\\\/bibliotecavigil.org.ar\\\/inicio\\\/#\\\/schema\\\/logo\\\/image\\\/\",\"url\":\"https:\\\/\\\/bibliotecavigil.org.ar\\\/inicio\\\/wp-content\\\/uploads\\\/2023\\\/06\\\/Logo-sin-texto-gif.gif\",\"contentUrl\":\"https:\\\/\\\/bibliotecavigil.org.ar\\\/inicio\\\/wp-content\\\/uploads\\\/2023\\\/06\\\/Logo-sin-texto-gif.gif\",\"width\":1487,\"height\":1604,\"caption\":\"Biblioteca Popular C.C.Vigil\"},\"image\":{\"@id\":\"https:\\\/\\\/bibliotecavigil.org.ar\\\/inicio\\\/#\\\/schema\\\/logo\\\/image\\\/\"}},{\"@type\":\"Person\",\"@id\":\"https:\\\/\\\/bibliotecavigil.org.ar\\\/inicio\\\/#\\\/schema\\\/person\\\/98530bc117d5fa50c5dc01b4fd8d3700\",\"name\":\"Biblioteca Vigil\",\"image\":{\"@type\":\"ImageObject\",\"inLanguage\":\"es\",\"@id\":\"https:\\\/\\\/secure.gravatar.com\\\/avatar\\\/a96b6054dc4c80cde596e2c3f42d23e4f769e395116bf277fb508315b9d8a5c5?s=96&d=mm&r=g\",\"url\":\"https:\\\/\\\/secure.gravatar.com\\\/avatar\\\/a96b6054dc4c80cde596e2c3f42d23e4f769e395116bf277fb508315b9d8a5c5?s=96&d=mm&r=g\",\"contentUrl\":\"https:\\\/\\\/secure.gravatar.com\\\/avatar\\\/a96b6054dc4c80cde596e2c3f42d23e4f769e395116bf277fb508315b9d8a5c5?s=96&d=mm&r=g\",\"caption\":\"Biblioteca Vigil\"},\"url\":\"https:\\\/\\\/bibliotecavigil.org.ar\\\/inicio\\\/author\\\/comunicacion\\\/\"}]}<\/script>\n<!-- \/ Yoast SEO plugin. -->","yoast_head_json":{"title":"Di\u00e1logos Educativos: \"Educaci\u00f3n sexual integral y diversidad funcional. Una perspectiva desde la formaci\u00f3n docente\" - Biblioteca Vigil","robots":{"index":"index","follow":"follow","max-snippet":"max-snippet:-1","max-image-preview":"max-image-preview:large","max-video-preview":"max-video-preview:-1"},"canonical":"https:\/\/bibliotecavigil.org.ar\/inicio\/dialogos-educativos-educacion-sexual-integral-y-diversidad-funcional-una-perspectiva-desde-la-formacion-docente\/","og_locale":"es_ES","og_type":"article","og_title":"Di\u00e1logos Educativos: \"Educaci\u00f3n sexual integral y diversidad funcional. Una perspectiva desde la formaci\u00f3n docente\" - Biblioteca Vigil","og_description":"\u25ba Lxs invitamos a un nuevo #Di\u00e1logo #Educativo entre La Vigil y el Instituto Superior del Profesorado N\u00ba 16 \u00abDr. Bernado A. Houssay\u00bb: \u00abEducaci\u00f3n sexual integral y diversidad funcional. Una perspectiva desde la formaci\u00f3n docente\u00bb &#x1f4ac; En esta oportunidad nos centraremos acerca de ense\u00f1ar y aprender sobre sexualidades, en t\u00e9rminos de pensar conductas, estereotipos, formas [&hellip;]","og_url":"https:\/\/bibliotecavigil.org.ar\/inicio\/dialogos-educativos-educacion-sexual-integral-y-diversidad-funcional-una-perspectiva-desde-la-formacion-docente\/","og_site_name":"Biblioteca Vigil","article_published_time":"2021-05-17T22:27:53+00:00","article_modified_time":"2021-05-17T22:27:58+00:00","og_image":[{"width":800,"height":600,"url":"https:\/\/bibliotecavigil.org.ar\/inicio\/wp-content\/uploads\/2021\/05\/ESI-05.jpg","type":"image\/jpeg"}],"author":"Biblioteca Vigil","twitter_card":"summary_large_image","twitter_misc":{"Escrito por":"Biblioteca Vigil","Tiempo de lectura":"1 minuto"},"schema":{"@context":"https:\/\/schema.org","@graph":[{"@type":"Article","@id":"https:\/\/bibliotecavigil.org.ar\/inicio\/dialogos-educativos-educacion-sexual-integral-y-diversidad-funcional-una-perspectiva-desde-la-formacion-docente\/#article","isPartOf":{"@id":"https:\/\/bibliotecavigil.org.ar\/inicio\/dialogos-educativos-educacion-sexual-integral-y-diversidad-funcional-una-perspectiva-desde-la-formacion-docente\/"},"author":{"name":"Biblioteca Vigil","@id":"https:\/\/bibliotecavigil.org.ar\/inicio\/#\/schema\/person\/98530bc117d5fa50c5dc01b4fd8d3700"},"headline":"Di\u00e1logos Educativos: \u00abEducaci\u00f3n sexual integral y diversidad funcional. Una perspectiva desde la formaci\u00f3n docente\u00bb","datePublished":"2021-05-17T22:27:53+00:00","dateModified":"2021-05-17T22:27:58+00:00","mainEntityOfPage":{"@id":"https:\/\/bibliotecavigil.org.ar\/inicio\/dialogos-educativos-educacion-sexual-integral-y-diversidad-funcional-una-perspectiva-desde-la-formacion-docente\/"},"wordCount":179,"commentCount":0,"publisher":{"@id":"https:\/\/bibliotecavigil.org.ar\/inicio\/#organization"},"image":{"@id":"https:\/\/bibliotecavigil.org.ar\/inicio\/dialogos-educativos-educacion-sexual-integral-y-diversidad-funcional-una-perspectiva-desde-la-formacion-docente\/#primaryimage"},"thumbnailUrl":"https:\/\/bibliotecavigil.org.ar\/inicio\/wp-content\/uploads\/2021\/05\/ESI-05.jpg","keywords":["esi"],"inLanguage":"es","potentialAction":[{"@type":"CommentAction","name":"Comment","target":["https:\/\/bibliotecavigil.org.ar\/inicio\/dialogos-educativos-educacion-sexual-integral-y-diversidad-funcional-una-perspectiva-desde-la-formacion-docente\/#respond"]}]},{"@type":"WebPage","@id":"https:\/\/bibliotecavigil.org.ar\/inicio\/dialogos-educativos-educacion-sexual-integral-y-diversidad-funcional-una-perspectiva-desde-la-formacion-docente\/","url":"https:\/\/bibliotecavigil.org.ar\/inicio\/dialogos-educativos-educacion-sexual-integral-y-diversidad-funcional-una-perspectiva-desde-la-formacion-docente\/","name":"Di\u00e1logos Educativos: \"Educaci\u00f3n sexual integral y diversidad funcional. Una perspectiva desde la formaci\u00f3n docente\" - Biblioteca Vigil","isPartOf":{"@id":"https:\/\/bibliotecavigil.org.ar\/inicio\/#website"},"primaryImageOfPage":{"@id":"https:\/\/bibliotecavigil.org.ar\/inicio\/dialogos-educativos-educacion-sexual-integral-y-diversidad-funcional-una-perspectiva-desde-la-formacion-docente\/#primaryimage"},"image":{"@id":"https:\/\/bibliotecavigil.org.ar\/inicio\/dialogos-educativos-educacion-sexual-integral-y-diversidad-funcional-una-perspectiva-desde-la-formacion-docente\/#primaryimage"},"thumbnailUrl":"https:\/\/bibliotecavigil.org.ar\/inicio\/wp-content\/uploads\/2021\/05\/ESI-05.jpg","datePublished":"2021-05-17T22:27:53+00:00","dateModified":"2021-05-17T22:27:58+00:00","breadcrumb":{"@id":"https:\/\/bibliotecavigil.org.ar\/inicio\/dialogos-educativos-educacion-sexual-integral-y-diversidad-funcional-una-perspectiva-desde-la-formacion-docente\/#breadcrumb"},"inLanguage":"es","potentialAction":[{"@type":"ReadAction","target":["https:\/\/bibliotecavigil.org.ar\/inicio\/dialogos-educativos-educacion-sexual-integral-y-diversidad-funcional-una-perspectiva-desde-la-formacion-docente\/"]}]},{"@type":"ImageObject","inLanguage":"es","@id":"https:\/\/bibliotecavigil.org.ar\/inicio\/dialogos-educativos-educacion-sexual-integral-y-diversidad-funcional-una-perspectiva-desde-la-formacion-docente\/#primaryimage","url":"https:\/\/bibliotecavigil.org.ar\/inicio\/wp-content\/uploads\/2021\/05\/ESI-05.jpg","contentUrl":"https:\/\/bibliotecavigil.org.ar\/inicio\/wp-content\/uploads\/2021\/05\/ESI-05.jpg","width":800,"height":600},{"@type":"BreadcrumbList","@id":"https:\/\/bibliotecavigil.org.ar\/inicio\/dialogos-educativos-educacion-sexual-integral-y-diversidad-funcional-una-perspectiva-desde-la-formacion-docente\/#breadcrumb","itemListElement":[{"@type":"ListItem","position":1,"name":"Portada","item":"https:\/\/bibliotecavigil.org.ar\/inicio\/"},{"@type":"ListItem","position":2,"name":"Di\u00e1logos Educativos: &#8220;Educaci\u00f3n sexual integral y diversidad funcional. Una perspectiva desde la formaci\u00f3n docente&#8221;"}]},{"@type":"WebSite","@id":"https:\/\/bibliotecavigil.org.ar\/inicio\/#website","url":"https:\/\/bibliotecavigil.org.ar\/inicio\/","name":"Biblioteca Vigil","description":"Biblioteca Popular C C Vigil","publisher":{"@id":"https:\/\/bibliotecavigil.org.ar\/inicio\/#organization"},"potentialAction":[{"@type":"SearchAction","target":{"@type":"EntryPoint","urlTemplate":"https:\/\/bibliotecavigil.org.ar\/inicio\/?s={search_term_string}"},"query-input":{"@type":"PropertyValueSpecification","valueRequired":true,"valueName":"search_term_string"}}],"inLanguage":"es"},{"@type":"Organization","@id":"https:\/\/bibliotecavigil.org.ar\/inicio\/#organization","name":"Biblioteca Popular C.C.Vigil","url":"https:\/\/bibliotecavigil.org.ar\/inicio\/","logo":{"@type":"ImageObject","inLanguage":"es","@id":"https:\/\/bibliotecavigil.org.ar\/inicio\/#\/schema\/logo\/image\/","url":"https:\/\/bibliotecavigil.org.ar\/inicio\/wp-content\/uploads\/2023\/06\/Logo-sin-texto-gif.gif","contentUrl":"https:\/\/bibliotecavigil.org.ar\/inicio\/wp-content\/uploads\/2023\/06\/Logo-sin-texto-gif.gif","width":1487,"height":1604,"caption":"Biblioteca Popular C.C.Vigil"},"image":{"@id":"https:\/\/bibliotecavigil.org.ar\/inicio\/#\/schema\/logo\/image\/"}},{"@type":"Person","@id":"https:\/\/bibliotecavigil.org.ar\/inicio\/#\/schema\/person\/98530bc117d5fa50c5dc01b4fd8d3700","name":"Biblioteca Vigil","image":{"@type":"ImageObject","inLanguage":"es","@id":"https:\/\/secure.gravatar.com\/avatar\/a96b6054dc4c80cde596e2c3f42d23e4f769e395116bf277fb508315b9d8a5c5?s=96&d=mm&r=g","url":"https:\/\/secure.gravatar.com\/avatar\/a96b6054dc4c80cde596e2c3f42d23e4f769e395116bf277fb508315b9d8a5c5?s=96&d=mm&r=g","contentUrl":"https:\/\/secure.gravatar.com\/avatar\/a96b6054dc4c80cde596e2c3f42d23e4f769e395116bf277fb508315b9d8a5c5?s=96&d=mm&r=g","caption":"Biblioteca Vigil"},"url":"https:\/\/bibliotecavigil.org.ar\/inicio\/author\/comunicacion\/"}]}},"_links":{"self":[{"href":"https:\/\/bibliotecavigil.org.ar\/inicio\/wp-json\/wp\/v2\/posts\/29459","targetHints":{"allow":["GET"]}}],"collection":[{"href":"https:\/\/bibliotecavigil.org.ar\/inicio\/wp-json\/wp\/v2\/posts"}],"about":[{"href":"https:\/\/bibliotecavigil.org.ar\/inicio\/wp-json\/wp\/v2\/types\/post"}],"author":[{"embeddable":true,"href":"https:\/\/bibliotecavigil.org.ar\/inicio\/wp-json\/wp\/v2\/users\/3"}],"replies":[{"embeddable":true,"href":"https:\/\/bibliotecavigil.org.ar\/inicio\/wp-json\/wp\/v2\/comments?post=29459"}],"version-history":[{"count":1,"href":"https:\/\/bibliotecavigil.org.ar\/inicio\/wp-json\/wp\/v2\/posts\/29459\/revisions"}],"predecessor-version":[{"id":29462,"href":"https:\/\/bibliotecavigil.org.ar\/inicio\/wp-json\/wp\/v2\/posts\/29459\/revisions\/29462"}],"wp:featuredmedia":[{"embeddable":true,"href":"https:\/\/bibliotecavigil.org.ar\/inicio\/wp-json\/wp\/v2\/media\/29461"}],"wp:attachment":[{"href":"https:\/\/bibliotecavigil.org.ar\/inicio\/wp-json\/wp\/v2\/media?parent=29459"}],"wp:term":[{"taxonomy":"category","embeddable":true,"href":"https:\/\/bibliotecavigil.org.ar\/inicio\/wp-json\/wp\/v2\/categories?post=29459"},{"taxonomy":"post_tag","embeddable":true,"href":"https:\/\/bibliotecavigil.org.ar\/inicio\/wp-json\/wp\/v2\/tags?post=29459"}],"curies":[{"name":"wp","href":"https:\/\/api.w.org\/{rel}","templated":true}]}}