{"id":29486,"date":"2021-06-15T21:35:58","date_gmt":"2021-06-15T21:35:58","guid":{"rendered":"https:\/\/bibliotecavigil.org.ar\/inicio\/?p=29486"},"modified":"2021-06-15T21:36:02","modified_gmt":"2021-06-15T21:36:02","slug":"incorporamos-pdfs-en-la-coleccion-de-nuestra-biblioteca","status":"publish","type":"post","link":"https:\/\/bibliotecavigil.org.ar\/inicio\/incorporamos-pdfs-en-la-coleccion-de-nuestra-biblioteca\/","title":{"rendered":"Incorporamos PDFs en la colecci\u00f3n de nuestra Biblioteca"},"content":{"rendered":"\n<p>\u00a1Festejamos el D\u00eda del Libro ofreciendo m\u00e1s libros para m\u00e1s lectores! <\/p>\n\n\n\n<p>\u25ba \u00a1Notici\u00f3n! Queremos invitarlxs a conocer los<strong> primeros 40 libros en PDF de la colecci\u00f3n de nuestra biblioteca.<\/strong><\/p>\n\n\n\n<p>Hoy en un contexto en el cual debemos reducir horarios y suspender servicios creemos importante encontrar nuevas maneras de brindar nuestros servicios a distancia, con las posibilidades de la tecnolog\u00eda actual. <\/p>\n\n\n\n<p>Esta colecci\u00f3n, que se ir\u00e1 ampliando progresivamente, est\u00e1 compuesta por libros de todas las tem\u00e1ticas (literatura, arte, pol\u00edtica, econom\u00eda, medio ambiente, infantiles, informaci\u00f3n local, etc.), que se seleccionan con los mismos criterios que utilizamos para los libros en papel.<\/p>\n\n\n\n<p>\u25ac Todo este material est\u00e1 disponible en el cat\u00e1logo en l\u00ednea para su <strong>descarga libre y gratuita (para socixs y no socixs)<\/strong> en <a href=\"https:\/\/tinyurl.com\/yjh8js4t\" target=\"_blank\" rel=\"noreferrer noopener\"><strong>https:\/\/tinyurl.com\/yjh8js4t<\/strong><\/a><\/p>\n\n\n\n<p><\/p>\n\n\n\n<figure class=\"wp-block-image size-large is-resized\"><a href=\"https:\/\/bibliotecavigil.org.ar\/inicio\/wp-content\/uploads\/2021\/06\/WhatsApp-Image-2021-06-15-at-18.07.07.jpeg\"><img decoding=\"async\" data-src=\"https:\/\/bibliotecavigil.org.ar\/inicio\/wp-content\/uploads\/2021\/06\/WhatsApp-Image-2021-06-15-at-18.07.07-1024x1024.jpeg\" alt=\"\" class=\"wp-image-29487 lazyload\" width=\"764\" height=\"764\" src=\"data:image\/svg+xml;base64,PHN2ZyB3aWR0aD0iMSIgaGVpZ2h0PSIxIiB4bWxucz0iaHR0cDovL3d3dy53My5vcmcvMjAwMC9zdmciPjwvc3ZnPg==\" style=\"--smush-placeholder-width: 764px; --smush-placeholder-aspect-ratio: 764\/764;\" \/><\/a><\/figure>\n\n\n\n<p><\/p>\n","protected":false},"excerpt":{"rendered":"<p>\u00a1Festejamos el D\u00eda del Libro ofreciendo m\u00e1s libros para m\u00e1s lectores! \u25ba \u00a1Notici\u00f3n! Queremos invitarlxs a conocer los primeros 40 libros en PDF de la colecci\u00f3n de nuestra biblioteca. Hoy en un contexto en el cual debemos reducir horarios y suspender servicios creemos importante encontrar nuevas maneras de brindar nuestros servicios a distancia, con las [&hellip;]<\/p>\n","protected":false},"author":3,"featured_media":29487,"comment_status":"open","ping_status":"closed","sticky":false,"template":"","format":"standard","meta":{"_et_pb_use_builder":"off","_et_pb_old_content":"","_et_gb_content_width":"1920","footnotes":""},"categories":[1],"tags":[],"class_list":["post-29486","post","type-post","status-publish","format-standard","has-post-thumbnail","hentry","category-sin-categoria"],"yoast_head":"<!-- This site is optimized with the Yoast SEO plugin v27.5 - https:\/\/yoast.com\/product\/yoast-seo-wordpress\/ -->\n<title>Incorporamos PDFs en la colecci\u00f3n de nuestra Biblioteca - Biblioteca Vigil<\/title>\n<meta name=\"robots\" content=\"index, follow, max-snippet:-1, max-image-preview:large, max-video-preview:-1\" \/>\n<link rel=\"canonical\" href=\"https:\/\/bibliotecavigil.org.ar\/inicio\/incorporamos-pdfs-en-la-coleccion-de-nuestra-biblioteca\/\" \/>\n<meta property=\"og:locale\" content=\"es_ES\" \/>\n<meta property=\"og:type\" content=\"article\" \/>\n<meta property=\"og:title\" content=\"Incorporamos PDFs en la colecci\u00f3n de nuestra Biblioteca - Biblioteca Vigil\" \/>\n<meta property=\"og:description\" content=\"\u00a1Festejamos el D\u00eda del Libro ofreciendo m\u00e1s libros para m\u00e1s lectores! \u25ba \u00a1Notici\u00f3n! Queremos invitarlxs a conocer los primeros 40 libros en PDF de la colecci\u00f3n de nuestra biblioteca. Hoy en un contexto en el cual debemos reducir horarios y suspender servicios creemos importante encontrar nuevas maneras de brindar nuestros servicios a distancia, con las [&hellip;]\" \/>\n<meta property=\"og:url\" content=\"https:\/\/bibliotecavigil.org.ar\/inicio\/incorporamos-pdfs-en-la-coleccion-de-nuestra-biblioteca\/\" \/>\n<meta property=\"og:site_name\" content=\"Biblioteca Vigil\" \/>\n<meta property=\"article:published_time\" content=\"2021-06-15T21:35:58+00:00\" \/>\n<meta property=\"article:modified_time\" content=\"2021-06-15T21:36:02+00:00\" \/>\n<meta property=\"og:image\" content=\"https:\/\/bibliotecavigil.org.ar\/inicio\/wp-content\/uploads\/2021\/06\/WhatsApp-Image-2021-06-15-at-18.07.07.jpeg\" \/>\n\t<meta property=\"og:image:width\" content=\"1280\" \/>\n\t<meta property=\"og:image:height\" content=\"1280\" \/>\n\t<meta property=\"og:image:type\" content=\"image\/jpeg\" \/>\n<meta name=\"author\" content=\"Biblioteca Vigil\" \/>\n<meta name=\"twitter:card\" content=\"summary_large_image\" \/>\n<meta name=\"twitter:label1\" content=\"Escrito por\" \/>\n\t<meta name=\"twitter:data1\" content=\"Biblioteca Vigil\" \/>\n\t<meta name=\"twitter:label2\" content=\"Tiempo de lectura\" \/>\n\t<meta name=\"twitter:data2\" content=\"1 minuto\" \/>\n<script type=\"application\/ld+json\" class=\"yoast-schema-graph\">{\"@context\":\"https:\\\/\\\/schema.org\",\"@graph\":[{\"@type\":\"Article\",\"@id\":\"https:\\\/\\\/bibliotecavigil.org.ar\\\/inicio\\\/incorporamos-pdfs-en-la-coleccion-de-nuestra-biblioteca\\\/#article\",\"isPartOf\":{\"@id\":\"https:\\\/\\\/bibliotecavigil.org.ar\\\/inicio\\\/incorporamos-pdfs-en-la-coleccion-de-nuestra-biblioteca\\\/\"},\"author\":{\"name\":\"Biblioteca Vigil\",\"@id\":\"https:\\\/\\\/bibliotecavigil.org.ar\\\/inicio\\\/#\\\/schema\\\/person\\\/98530bc117d5fa50c5dc01b4fd8d3700\"},\"headline\":\"Incorporamos PDFs en la colecci\u00f3n de nuestra Biblioteca\",\"datePublished\":\"2021-06-15T21:35:58+00:00\",\"dateModified\":\"2021-06-15T21:36:02+00:00\",\"mainEntityOfPage\":{\"@id\":\"https:\\\/\\\/bibliotecavigil.org.ar\\\/inicio\\\/incorporamos-pdfs-en-la-coleccion-de-nuestra-biblioteca\\\/\"},\"wordCount\":147,\"commentCount\":0,\"publisher\":{\"@id\":\"https:\\\/\\\/bibliotecavigil.org.ar\\\/inicio\\\/#organization\"},\"image\":{\"@id\":\"https:\\\/\\\/bibliotecavigil.org.ar\\\/inicio\\\/incorporamos-pdfs-en-la-coleccion-de-nuestra-biblioteca\\\/#primaryimage\"},\"thumbnailUrl\":\"https:\\\/\\\/bibliotecavigil.org.ar\\\/inicio\\\/wp-content\\\/uploads\\\/2021\\\/06\\\/WhatsApp-Image-2021-06-15-at-18.07.07.jpeg\",\"inLanguage\":\"es\",\"potentialAction\":[{\"@type\":\"CommentAction\",\"name\":\"Comment\",\"target\":[\"https:\\\/\\\/bibliotecavigil.org.ar\\\/inicio\\\/incorporamos-pdfs-en-la-coleccion-de-nuestra-biblioteca\\\/#respond\"]}]},{\"@type\":\"WebPage\",\"@id\":\"https:\\\/\\\/bibliotecavigil.org.ar\\\/inicio\\\/incorporamos-pdfs-en-la-coleccion-de-nuestra-biblioteca\\\/\",\"url\":\"https:\\\/\\\/bibliotecavigil.org.ar\\\/inicio\\\/incorporamos-pdfs-en-la-coleccion-de-nuestra-biblioteca\\\/\",\"name\":\"Incorporamos PDFs en la colecci\u00f3n de nuestra Biblioteca - Biblioteca Vigil\",\"isPartOf\":{\"@id\":\"https:\\\/\\\/bibliotecavigil.org.ar\\\/inicio\\\/#website\"},\"primaryImageOfPage\":{\"@id\":\"https:\\\/\\\/bibliotecavigil.org.ar\\\/inicio\\\/incorporamos-pdfs-en-la-coleccion-de-nuestra-biblioteca\\\/#primaryimage\"},\"image\":{\"@id\":\"https:\\\/\\\/bibliotecavigil.org.ar\\\/inicio\\\/incorporamos-pdfs-en-la-coleccion-de-nuestra-biblioteca\\\/#primaryimage\"},\"thumbnailUrl\":\"https:\\\/\\\/bibliotecavigil.org.ar\\\/inicio\\\/wp-content\\\/uploads\\\/2021\\\/06\\\/WhatsApp-Image-2021-06-15-at-18.07.07.jpeg\",\"datePublished\":\"2021-06-15T21:35:58+00:00\",\"dateModified\":\"2021-06-15T21:36:02+00:00\",\"breadcrumb\":{\"@id\":\"https:\\\/\\\/bibliotecavigil.org.ar\\\/inicio\\\/incorporamos-pdfs-en-la-coleccion-de-nuestra-biblioteca\\\/#breadcrumb\"},\"inLanguage\":\"es\",\"potentialAction\":[{\"@type\":\"ReadAction\",\"target\":[\"https:\\\/\\\/bibliotecavigil.org.ar\\\/inicio\\\/incorporamos-pdfs-en-la-coleccion-de-nuestra-biblioteca\\\/\"]}]},{\"@type\":\"ImageObject\",\"inLanguage\":\"es\",\"@id\":\"https:\\\/\\\/bibliotecavigil.org.ar\\\/inicio\\\/incorporamos-pdfs-en-la-coleccion-de-nuestra-biblioteca\\\/#primaryimage\",\"url\":\"https:\\\/\\\/bibliotecavigil.org.ar\\\/inicio\\\/wp-content\\\/uploads\\\/2021\\\/06\\\/WhatsApp-Image-2021-06-15-at-18.07.07.jpeg\",\"contentUrl\":\"https:\\\/\\\/bibliotecavigil.org.ar\\\/inicio\\\/wp-content\\\/uploads\\\/2021\\\/06\\\/WhatsApp-Image-2021-06-15-at-18.07.07.jpeg\",\"width\":1280,\"height\":1280},{\"@type\":\"BreadcrumbList\",\"@id\":\"https:\\\/\\\/bibliotecavigil.org.ar\\\/inicio\\\/incorporamos-pdfs-en-la-coleccion-de-nuestra-biblioteca\\\/#breadcrumb\",\"itemListElement\":[{\"@type\":\"ListItem\",\"position\":1,\"name\":\"Portada\",\"item\":\"https:\\\/\\\/bibliotecavigil.org.ar\\\/inicio\\\/\"},{\"@type\":\"ListItem\",\"position\":2,\"name\":\"Incorporamos PDFs en la colecci\u00f3n de nuestra Biblioteca\"}]},{\"@type\":\"WebSite\",\"@id\":\"https:\\\/\\\/bibliotecavigil.org.ar\\\/inicio\\\/#website\",\"url\":\"https:\\\/\\\/bibliotecavigil.org.ar\\\/inicio\\\/\",\"name\":\"Biblioteca Vigil\",\"description\":\"Biblioteca Popular C C Vigil\",\"publisher\":{\"@id\":\"https:\\\/\\\/bibliotecavigil.org.ar\\\/inicio\\\/#organization\"},\"potentialAction\":[{\"@type\":\"SearchAction\",\"target\":{\"@type\":\"EntryPoint\",\"urlTemplate\":\"https:\\\/\\\/bibliotecavigil.org.ar\\\/inicio\\\/?s={search_term_string}\"},\"query-input\":{\"@type\":\"PropertyValueSpecification\",\"valueRequired\":true,\"valueName\":\"search_term_string\"}}],\"inLanguage\":\"es\"},{\"@type\":\"Organization\",\"@id\":\"https:\\\/\\\/bibliotecavigil.org.ar\\\/inicio\\\/#organization\",\"name\":\"Biblioteca Popular C.C.Vigil\",\"url\":\"https:\\\/\\\/bibliotecavigil.org.ar\\\/inicio\\\/\",\"logo\":{\"@type\":\"ImageObject\",\"inLanguage\":\"es\",\"@id\":\"https:\\\/\\\/bibliotecavigil.org.ar\\\/inicio\\\/#\\\/schema\\\/logo\\\/image\\\/\",\"url\":\"https:\\\/\\\/bibliotecavigil.org.ar\\\/inicio\\\/wp-content\\\/uploads\\\/2023\\\/06\\\/Logo-sin-texto-gif.gif\",\"contentUrl\":\"https:\\\/\\\/bibliotecavigil.org.ar\\\/inicio\\\/wp-content\\\/uploads\\\/2023\\\/06\\\/Logo-sin-texto-gif.gif\",\"width\":1487,\"height\":1604,\"caption\":\"Biblioteca Popular C.C.Vigil\"},\"image\":{\"@id\":\"https:\\\/\\\/bibliotecavigil.org.ar\\\/inicio\\\/#\\\/schema\\\/logo\\\/image\\\/\"}},{\"@type\":\"Person\",\"@id\":\"https:\\\/\\\/bibliotecavigil.org.ar\\\/inicio\\\/#\\\/schema\\\/person\\\/98530bc117d5fa50c5dc01b4fd8d3700\",\"name\":\"Biblioteca Vigil\",\"image\":{\"@type\":\"ImageObject\",\"inLanguage\":\"es\",\"@id\":\"https:\\\/\\\/secure.gravatar.com\\\/avatar\\\/a96b6054dc4c80cde596e2c3f42d23e4f769e395116bf277fb508315b9d8a5c5?s=96&d=mm&r=g\",\"url\":\"https:\\\/\\\/secure.gravatar.com\\\/avatar\\\/a96b6054dc4c80cde596e2c3f42d23e4f769e395116bf277fb508315b9d8a5c5?s=96&d=mm&r=g\",\"contentUrl\":\"https:\\\/\\\/secure.gravatar.com\\\/avatar\\\/a96b6054dc4c80cde596e2c3f42d23e4f769e395116bf277fb508315b9d8a5c5?s=96&d=mm&r=g\",\"caption\":\"Biblioteca Vigil\"},\"url\":\"https:\\\/\\\/bibliotecavigil.org.ar\\\/inicio\\\/author\\\/comunicacion\\\/\"}]}<\/script>\n<!-- \/ Yoast SEO plugin. -->","yoast_head_json":{"title":"Incorporamos PDFs en la colecci\u00f3n de nuestra Biblioteca - Biblioteca Vigil","robots":{"index":"index","follow":"follow","max-snippet":"max-snippet:-1","max-image-preview":"max-image-preview:large","max-video-preview":"max-video-preview:-1"},"canonical":"https:\/\/bibliotecavigil.org.ar\/inicio\/incorporamos-pdfs-en-la-coleccion-de-nuestra-biblioteca\/","og_locale":"es_ES","og_type":"article","og_title":"Incorporamos PDFs en la colecci\u00f3n de nuestra Biblioteca - Biblioteca Vigil","og_description":"\u00a1Festejamos el D\u00eda del Libro ofreciendo m\u00e1s libros para m\u00e1s lectores! \u25ba \u00a1Notici\u00f3n! Queremos invitarlxs a conocer los primeros 40 libros en PDF de la colecci\u00f3n de nuestra biblioteca. Hoy en un contexto en el cual debemos reducir horarios y suspender servicios creemos importante encontrar nuevas maneras de brindar nuestros servicios a distancia, con las [&hellip;]","og_url":"https:\/\/bibliotecavigil.org.ar\/inicio\/incorporamos-pdfs-en-la-coleccion-de-nuestra-biblioteca\/","og_site_name":"Biblioteca Vigil","article_published_time":"2021-06-15T21:35:58+00:00","article_modified_time":"2021-06-15T21:36:02+00:00","og_image":[{"width":1280,"height":1280,"url":"https:\/\/bibliotecavigil.org.ar\/inicio\/wp-content\/uploads\/2021\/06\/WhatsApp-Image-2021-06-15-at-18.07.07.jpeg","type":"image\/jpeg"}],"author":"Biblioteca Vigil","twitter_card":"summary_large_image","twitter_misc":{"Escrito por":"Biblioteca Vigil","Tiempo de lectura":"1 minuto"},"schema":{"@context":"https:\/\/schema.org","@graph":[{"@type":"Article","@id":"https:\/\/bibliotecavigil.org.ar\/inicio\/incorporamos-pdfs-en-la-coleccion-de-nuestra-biblioteca\/#article","isPartOf":{"@id":"https:\/\/bibliotecavigil.org.ar\/inicio\/incorporamos-pdfs-en-la-coleccion-de-nuestra-biblioteca\/"},"author":{"name":"Biblioteca Vigil","@id":"https:\/\/bibliotecavigil.org.ar\/inicio\/#\/schema\/person\/98530bc117d5fa50c5dc01b4fd8d3700"},"headline":"Incorporamos PDFs en la colecci\u00f3n de nuestra Biblioteca","datePublished":"2021-06-15T21:35:58+00:00","dateModified":"2021-06-15T21:36:02+00:00","mainEntityOfPage":{"@id":"https:\/\/bibliotecavigil.org.ar\/inicio\/incorporamos-pdfs-en-la-coleccion-de-nuestra-biblioteca\/"},"wordCount":147,"commentCount":0,"publisher":{"@id":"https:\/\/bibliotecavigil.org.ar\/inicio\/#organization"},"image":{"@id":"https:\/\/bibliotecavigil.org.ar\/inicio\/incorporamos-pdfs-en-la-coleccion-de-nuestra-biblioteca\/#primaryimage"},"thumbnailUrl":"https:\/\/bibliotecavigil.org.ar\/inicio\/wp-content\/uploads\/2021\/06\/WhatsApp-Image-2021-06-15-at-18.07.07.jpeg","inLanguage":"es","potentialAction":[{"@type":"CommentAction","name":"Comment","target":["https:\/\/bibliotecavigil.org.ar\/inicio\/incorporamos-pdfs-en-la-coleccion-de-nuestra-biblioteca\/#respond"]}]},{"@type":"WebPage","@id":"https:\/\/bibliotecavigil.org.ar\/inicio\/incorporamos-pdfs-en-la-coleccion-de-nuestra-biblioteca\/","url":"https:\/\/bibliotecavigil.org.ar\/inicio\/incorporamos-pdfs-en-la-coleccion-de-nuestra-biblioteca\/","name":"Incorporamos PDFs en la colecci\u00f3n de nuestra Biblioteca - Biblioteca Vigil","isPartOf":{"@id":"https:\/\/bibliotecavigil.org.ar\/inicio\/#website"},"primaryImageOfPage":{"@id":"https:\/\/bibliotecavigil.org.ar\/inicio\/incorporamos-pdfs-en-la-coleccion-de-nuestra-biblioteca\/#primaryimage"},"image":{"@id":"https:\/\/bibliotecavigil.org.ar\/inicio\/incorporamos-pdfs-en-la-coleccion-de-nuestra-biblioteca\/#primaryimage"},"thumbnailUrl":"https:\/\/bibliotecavigil.org.ar\/inicio\/wp-content\/uploads\/2021\/06\/WhatsApp-Image-2021-06-15-at-18.07.07.jpeg","datePublished":"2021-06-15T21:35:58+00:00","dateModified":"2021-06-15T21:36:02+00:00","breadcrumb":{"@id":"https:\/\/bibliotecavigil.org.ar\/inicio\/incorporamos-pdfs-en-la-coleccion-de-nuestra-biblioteca\/#breadcrumb"},"inLanguage":"es","potentialAction":[{"@type":"ReadAction","target":["https:\/\/bibliotecavigil.org.ar\/inicio\/incorporamos-pdfs-en-la-coleccion-de-nuestra-biblioteca\/"]}]},{"@type":"ImageObject","inLanguage":"es","@id":"https:\/\/bibliotecavigil.org.ar\/inicio\/incorporamos-pdfs-en-la-coleccion-de-nuestra-biblioteca\/#primaryimage","url":"https:\/\/bibliotecavigil.org.ar\/inicio\/wp-content\/uploads\/2021\/06\/WhatsApp-Image-2021-06-15-at-18.07.07.jpeg","contentUrl":"https:\/\/bibliotecavigil.org.ar\/inicio\/wp-content\/uploads\/2021\/06\/WhatsApp-Image-2021-06-15-at-18.07.07.jpeg","width":1280,"height":1280},{"@type":"BreadcrumbList","@id":"https:\/\/bibliotecavigil.org.ar\/inicio\/incorporamos-pdfs-en-la-coleccion-de-nuestra-biblioteca\/#breadcrumb","itemListElement":[{"@type":"ListItem","position":1,"name":"Portada","item":"https:\/\/bibliotecavigil.org.ar\/inicio\/"},{"@type":"ListItem","position":2,"name":"Incorporamos PDFs en la colecci\u00f3n de nuestra Biblioteca"}]},{"@type":"WebSite","@id":"https:\/\/bibliotecavigil.org.ar\/inicio\/#website","url":"https:\/\/bibliotecavigil.org.ar\/inicio\/","name":"Biblioteca Vigil","description":"Biblioteca Popular C C Vigil","publisher":{"@id":"https:\/\/bibliotecavigil.org.ar\/inicio\/#organization"},"potentialAction":[{"@type":"SearchAction","target":{"@type":"EntryPoint","urlTemplate":"https:\/\/bibliotecavigil.org.ar\/inicio\/?s={search_term_string}"},"query-input":{"@type":"PropertyValueSpecification","valueRequired":true,"valueName":"search_term_string"}}],"inLanguage":"es"},{"@type":"Organization","@id":"https:\/\/bibliotecavigil.org.ar\/inicio\/#organization","name":"Biblioteca Popular C.C.Vigil","url":"https:\/\/bibliotecavigil.org.ar\/inicio\/","logo":{"@type":"ImageObject","inLanguage":"es","@id":"https:\/\/bibliotecavigil.org.ar\/inicio\/#\/schema\/logo\/image\/","url":"https:\/\/bibliotecavigil.org.ar\/inicio\/wp-content\/uploads\/2023\/06\/Logo-sin-texto-gif.gif","contentUrl":"https:\/\/bibliotecavigil.org.ar\/inicio\/wp-content\/uploads\/2023\/06\/Logo-sin-texto-gif.gif","width":1487,"height":1604,"caption":"Biblioteca Popular C.C.Vigil"},"image":{"@id":"https:\/\/bibliotecavigil.org.ar\/inicio\/#\/schema\/logo\/image\/"}},{"@type":"Person","@id":"https:\/\/bibliotecavigil.org.ar\/inicio\/#\/schema\/person\/98530bc117d5fa50c5dc01b4fd8d3700","name":"Biblioteca Vigil","image":{"@type":"ImageObject","inLanguage":"es","@id":"https:\/\/secure.gravatar.com\/avatar\/a96b6054dc4c80cde596e2c3f42d23e4f769e395116bf277fb508315b9d8a5c5?s=96&d=mm&r=g","url":"https:\/\/secure.gravatar.com\/avatar\/a96b6054dc4c80cde596e2c3f42d23e4f769e395116bf277fb508315b9d8a5c5?s=96&d=mm&r=g","contentUrl":"https:\/\/secure.gravatar.com\/avatar\/a96b6054dc4c80cde596e2c3f42d23e4f769e395116bf277fb508315b9d8a5c5?s=96&d=mm&r=g","caption":"Biblioteca Vigil"},"url":"https:\/\/bibliotecavigil.org.ar\/inicio\/author\/comunicacion\/"}]}},"_links":{"self":[{"href":"https:\/\/bibliotecavigil.org.ar\/inicio\/wp-json\/wp\/v2\/posts\/29486","targetHints":{"allow":["GET"]}}],"collection":[{"href":"https:\/\/bibliotecavigil.org.ar\/inicio\/wp-json\/wp\/v2\/posts"}],"about":[{"href":"https:\/\/bibliotecavigil.org.ar\/inicio\/wp-json\/wp\/v2\/types\/post"}],"author":[{"embeddable":true,"href":"https:\/\/bibliotecavigil.org.ar\/inicio\/wp-json\/wp\/v2\/users\/3"}],"replies":[{"embeddable":true,"href":"https:\/\/bibliotecavigil.org.ar\/inicio\/wp-json\/wp\/v2\/comments?post=29486"}],"version-history":[{"count":1,"href":"https:\/\/bibliotecavigil.org.ar\/inicio\/wp-json\/wp\/v2\/posts\/29486\/revisions"}],"predecessor-version":[{"id":29488,"href":"https:\/\/bibliotecavigil.org.ar\/inicio\/wp-json\/wp\/v2\/posts\/29486\/revisions\/29488"}],"wp:featuredmedia":[{"embeddable":true,"href":"https:\/\/bibliotecavigil.org.ar\/inicio\/wp-json\/wp\/v2\/media\/29487"}],"wp:attachment":[{"href":"https:\/\/bibliotecavigil.org.ar\/inicio\/wp-json\/wp\/v2\/media?parent=29486"}],"wp:term":[{"taxonomy":"category","embeddable":true,"href":"https:\/\/bibliotecavigil.org.ar\/inicio\/wp-json\/wp\/v2\/categories?post=29486"},{"taxonomy":"post_tag","embeddable":true,"href":"https:\/\/bibliotecavigil.org.ar\/inicio\/wp-json\/wp\/v2\/tags?post=29486"}],"curies":[{"name":"wp","href":"https:\/\/api.w.org\/{rel}","templated":true}]}}