{"id":29520,"date":"2021-07-02T21:47:37","date_gmt":"2021-07-02T21:47:37","guid":{"rendered":"https:\/\/bibliotecavigil.org.ar\/inicio\/?p=29520"},"modified":"2021-07-02T21:48:56","modified_gmt":"2021-07-02T21:48:56","slug":"sigue-nuestro-ciclo-de-conversatorios-en-linea","status":"publish","type":"post","link":"https:\/\/bibliotecavigil.org.ar\/inicio\/sigue-nuestro-ciclo-de-conversatorios-en-linea\/","title":{"rendered":"Sigue nuestro ciclo de conversatorios en l\u00ednea"},"content":{"rendered":"\n<p>\u00a1Sigue nuestro ciclo de conversatorios en l\u00ednea!<\/p>\n\n\n\n<p>\u201cTrabajo Docente como Pr\u00e1ctica Pol\u00edtico \/ Pedag\u00f3gica\u201d <\/p>\n\n\n\n<p>Un nuevo encuentro virtual en un proyecto interinstitucional en el que participan: Isp Bernardo A. Houssay, Escuela Normal Sup. N\u00b01 &#8211; Prov. N34 y La Vigil.<\/p>\n\n\n\n<p>En cada conversatorio se encuentran personas de diversos \u00e1mbitos y territorios que nos ayudan a reflexionar sobre la construcci\u00f3n de la interculturalidad desde diferentes ejes.<\/p>\n\n\n\n<p>En este encuentro la invitaci\u00f3n es a conocer, analizar y escuchar experiencias de pr\u00e1cticas docentes desde las voces de quienes trabajan, hacen, sienten y luchan por la educaci\u00f3n desde cada una de las modalidades.<\/p>\n\n\n\n<p>Invitadxs:<br>&#x1f5e3; Alejandra Romano \u2013 Escuela Barrio Gaucho<br>&#x1f5e3; Marcela Medina \u2013 Escuela Nocturna 13 Cerpj<br>&#x1f5e3; Gabriela Sabattini &#8211; Modalidad Rural<br>&#x1f5e3; M\u00f3nica Roberts \u2013 Modalidad Intercultural Bilingue<br>&#x1f5e3; Claudia Oviedo \u2013 Escuela Hospitalaria N\u00b01391<\/p>\n\n\n\n<p>Moderan: Laura Bravi \u2013 Micaela Giuliano.<\/p>\n\n\n\n<p>Los conversatorios son abiertos a todo p\u00fablico y orientados para futurxs educadores.<\/p>\n\n\n\n<p>\u25ac <strong>El pr\u00f3ximo encuentro ser\u00e1 el jueves 8 de julio a las 15hs<\/strong>. <\/p>\n\n\n\n<p>No hace falta inscribirse.<\/p>\n\n\n\n<p>Lxs esperamos en nuestro canal de <a href=\"https:\/\/www.youtube.com\/channel\/UC7Xm3jqJo-pUBhpzLRpqjag\" target=\"_blank\" rel=\"noreferrer noopener\">YouTube<\/a>.<\/p>\n\n\n\n<p><\/p>\n\n\n\n<figure class=\"wp-block-image size-large\"><a href=\"https:\/\/bibliotecavigil.org.ar\/inicio\/wp-content\/uploads\/2021\/07\/conversatorio-ig-fb.jpg\"><img decoding=\"async\" width=\"1024\" height=\"1024\" data-src=\"https:\/\/bibliotecavigil.org.ar\/inicio\/wp-content\/uploads\/2021\/07\/conversatorio-ig-fb-1024x1024.jpg\" alt=\"\" class=\"wp-image-29521 lazyload\" data-srcset=\"https:\/\/bibliotecavigil.org.ar\/inicio\/wp-content\/uploads\/2021\/07\/conversatorio-ig-fb-1024x1024.jpg 1024w, https:\/\/bibliotecavigil.org.ar\/inicio\/wp-content\/uploads\/2021\/07\/conversatorio-ig-fb-980x980.jpg 980w, https:\/\/bibliotecavigil.org.ar\/inicio\/wp-content\/uploads\/2021\/07\/conversatorio-ig-fb-480x480.jpg 480w\" data-sizes=\"(min-width: 0px) and (max-width: 480px) 480px, (min-width: 481px) and (max-width: 980px) 980px, (min-width: 981px) 1024px, 100vw\" src=\"data:image\/svg+xml;base64,PHN2ZyB3aWR0aD0iMSIgaGVpZ2h0PSIxIiB4bWxucz0iaHR0cDovL3d3dy53My5vcmcvMjAwMC9zdmciPjwvc3ZnPg==\" style=\"--smush-placeholder-width: 1024px; --smush-placeholder-aspect-ratio: 1024\/1024;\" \/><\/a><\/figure>\n","protected":false},"excerpt":{"rendered":"<p>\u00a1Sigue nuestro ciclo de conversatorios en l\u00ednea! \u201cTrabajo Docente como Pr\u00e1ctica Pol\u00edtico \/ Pedag\u00f3gica\u201d Un nuevo encuentro virtual en un proyecto interinstitucional en el que participan: Isp Bernardo A. Houssay, Escuela Normal Sup. N\u00b01 &#8211; Prov. N34 y La Vigil. En cada conversatorio se encuentran personas de diversos \u00e1mbitos y territorios que nos ayudan a [&hellip;]<\/p>\n","protected":false},"author":3,"featured_media":29522,"comment_status":"open","ping_status":"closed","sticky":false,"template":"","format":"standard","meta":{"_et_pb_use_builder":"off","_et_pb_old_content":"","_et_gb_content_width":"1920","footnotes":""},"categories":[1],"tags":[98],"class_list":["post-29520","post","type-post","status-publish","format-standard","has-post-thumbnail","hentry","category-sin-categoria","tag-conversatorio"],"yoast_head":"<!-- This site is optimized with the Yoast SEO plugin v27.5 - https:\/\/yoast.com\/product\/yoast-seo-wordpress\/ -->\n<title>Sigue nuestro ciclo de conversatorios en l\u00ednea - Biblioteca Vigil<\/title>\n<meta name=\"robots\" content=\"index, follow, max-snippet:-1, max-image-preview:large, max-video-preview:-1\" \/>\n<link rel=\"canonical\" href=\"https:\/\/bibliotecavigil.org.ar\/inicio\/sigue-nuestro-ciclo-de-conversatorios-en-linea\/\" \/>\n<meta property=\"og:locale\" content=\"es_ES\" \/>\n<meta property=\"og:type\" content=\"article\" \/>\n<meta property=\"og:title\" content=\"Sigue nuestro ciclo de conversatorios en l\u00ednea - Biblioteca Vigil\" \/>\n<meta property=\"og:description\" content=\"\u00a1Sigue nuestro ciclo de conversatorios en l\u00ednea! \u201cTrabajo Docente como Pr\u00e1ctica Pol\u00edtico \/ Pedag\u00f3gica\u201d Un nuevo encuentro virtual en un proyecto interinstitucional en el que participan: Isp Bernardo A. Houssay, Escuela Normal Sup. N\u00b01 &#8211; Prov. N34 y La Vigil. En cada conversatorio se encuentran personas de diversos \u00e1mbitos y territorios que nos ayudan a [&hellip;]\" \/>\n<meta property=\"og:url\" content=\"https:\/\/bibliotecavigil.org.ar\/inicio\/sigue-nuestro-ciclo-de-conversatorios-en-linea\/\" \/>\n<meta property=\"og:site_name\" content=\"Biblioteca Vigil\" \/>\n<meta property=\"article:published_time\" content=\"2021-07-02T21:47:37+00:00\" \/>\n<meta property=\"article:modified_time\" content=\"2021-07-02T21:48:56+00:00\" \/>\n<meta property=\"og:image\" content=\"https:\/\/bibliotecavigil.org.ar\/inicio\/wp-content\/uploads\/2021\/07\/conversatorio-web.jpg\" \/>\n\t<meta property=\"og:image:width\" content=\"800\" \/>\n\t<meta property=\"og:image:height\" content=\"600\" \/>\n\t<meta property=\"og:image:type\" content=\"image\/jpeg\" \/>\n<meta name=\"author\" content=\"Biblioteca Vigil\" \/>\n<meta name=\"twitter:card\" content=\"summary_large_image\" \/>\n<meta name=\"twitter:label1\" content=\"Escrito por\" \/>\n\t<meta name=\"twitter:data1\" content=\"Biblioteca Vigil\" \/>\n\t<meta name=\"twitter:label2\" content=\"Tiempo de lectura\" \/>\n\t<meta name=\"twitter:data2\" content=\"1 minuto\" \/>\n<script type=\"application\/ld+json\" class=\"yoast-schema-graph\">{\"@context\":\"https:\\\/\\\/schema.org\",\"@graph\":[{\"@type\":\"Article\",\"@id\":\"https:\\\/\\\/bibliotecavigil.org.ar\\\/inicio\\\/sigue-nuestro-ciclo-de-conversatorios-en-linea\\\/#article\",\"isPartOf\":{\"@id\":\"https:\\\/\\\/bibliotecavigil.org.ar\\\/inicio\\\/sigue-nuestro-ciclo-de-conversatorios-en-linea\\\/\"},\"author\":{\"name\":\"Biblioteca Vigil\",\"@id\":\"https:\\\/\\\/bibliotecavigil.org.ar\\\/inicio\\\/#\\\/schema\\\/person\\\/98530bc117d5fa50c5dc01b4fd8d3700\"},\"headline\":\"Sigue nuestro ciclo de conversatorios en l\u00ednea\",\"datePublished\":\"2021-07-02T21:47:37+00:00\",\"dateModified\":\"2021-07-02T21:48:56+00:00\",\"mainEntityOfPage\":{\"@id\":\"https:\\\/\\\/bibliotecavigil.org.ar\\\/inicio\\\/sigue-nuestro-ciclo-de-conversatorios-en-linea\\\/\"},\"wordCount\":197,\"commentCount\":0,\"publisher\":{\"@id\":\"https:\\\/\\\/bibliotecavigil.org.ar\\\/inicio\\\/#organization\"},\"image\":{\"@id\":\"https:\\\/\\\/bibliotecavigil.org.ar\\\/inicio\\\/sigue-nuestro-ciclo-de-conversatorios-en-linea\\\/#primaryimage\"},\"thumbnailUrl\":\"https:\\\/\\\/bibliotecavigil.org.ar\\\/inicio\\\/wp-content\\\/uploads\\\/2021\\\/07\\\/conversatorio-web.jpg\",\"keywords\":[\"conversatorio\"],\"inLanguage\":\"es\",\"potentialAction\":[{\"@type\":\"CommentAction\",\"name\":\"Comment\",\"target\":[\"https:\\\/\\\/bibliotecavigil.org.ar\\\/inicio\\\/sigue-nuestro-ciclo-de-conversatorios-en-linea\\\/#respond\"]}]},{\"@type\":\"WebPage\",\"@id\":\"https:\\\/\\\/bibliotecavigil.org.ar\\\/inicio\\\/sigue-nuestro-ciclo-de-conversatorios-en-linea\\\/\",\"url\":\"https:\\\/\\\/bibliotecavigil.org.ar\\\/inicio\\\/sigue-nuestro-ciclo-de-conversatorios-en-linea\\\/\",\"name\":\"Sigue nuestro ciclo de conversatorios en l\u00ednea - Biblioteca Vigil\",\"isPartOf\":{\"@id\":\"https:\\\/\\\/bibliotecavigil.org.ar\\\/inicio\\\/#website\"},\"primaryImageOfPage\":{\"@id\":\"https:\\\/\\\/bibliotecavigil.org.ar\\\/inicio\\\/sigue-nuestro-ciclo-de-conversatorios-en-linea\\\/#primaryimage\"},\"image\":{\"@id\":\"https:\\\/\\\/bibliotecavigil.org.ar\\\/inicio\\\/sigue-nuestro-ciclo-de-conversatorios-en-linea\\\/#primaryimage\"},\"thumbnailUrl\":\"https:\\\/\\\/bibliotecavigil.org.ar\\\/inicio\\\/wp-content\\\/uploads\\\/2021\\\/07\\\/conversatorio-web.jpg\",\"datePublished\":\"2021-07-02T21:47:37+00:00\",\"dateModified\":\"2021-07-02T21:48:56+00:00\",\"breadcrumb\":{\"@id\":\"https:\\\/\\\/bibliotecavigil.org.ar\\\/inicio\\\/sigue-nuestro-ciclo-de-conversatorios-en-linea\\\/#breadcrumb\"},\"inLanguage\":\"es\",\"potentialAction\":[{\"@type\":\"ReadAction\",\"target\":[\"https:\\\/\\\/bibliotecavigil.org.ar\\\/inicio\\\/sigue-nuestro-ciclo-de-conversatorios-en-linea\\\/\"]}]},{\"@type\":\"ImageObject\",\"inLanguage\":\"es\",\"@id\":\"https:\\\/\\\/bibliotecavigil.org.ar\\\/inicio\\\/sigue-nuestro-ciclo-de-conversatorios-en-linea\\\/#primaryimage\",\"url\":\"https:\\\/\\\/bibliotecavigil.org.ar\\\/inicio\\\/wp-content\\\/uploads\\\/2021\\\/07\\\/conversatorio-web.jpg\",\"contentUrl\":\"https:\\\/\\\/bibliotecavigil.org.ar\\\/inicio\\\/wp-content\\\/uploads\\\/2021\\\/07\\\/conversatorio-web.jpg\",\"width\":800,\"height\":600},{\"@type\":\"BreadcrumbList\",\"@id\":\"https:\\\/\\\/bibliotecavigil.org.ar\\\/inicio\\\/sigue-nuestro-ciclo-de-conversatorios-en-linea\\\/#breadcrumb\",\"itemListElement\":[{\"@type\":\"ListItem\",\"position\":1,\"name\":\"Portada\",\"item\":\"https:\\\/\\\/bibliotecavigil.org.ar\\\/inicio\\\/\"},{\"@type\":\"ListItem\",\"position\":2,\"name\":\"Sigue nuestro ciclo de conversatorios en l\u00ednea\"}]},{\"@type\":\"WebSite\",\"@id\":\"https:\\\/\\\/bibliotecavigil.org.ar\\\/inicio\\\/#website\",\"url\":\"https:\\\/\\\/bibliotecavigil.org.ar\\\/inicio\\\/\",\"name\":\"Biblioteca Vigil\",\"description\":\"Biblioteca Popular C C Vigil\",\"publisher\":{\"@id\":\"https:\\\/\\\/bibliotecavigil.org.ar\\\/inicio\\\/#organization\"},\"potentialAction\":[{\"@type\":\"SearchAction\",\"target\":{\"@type\":\"EntryPoint\",\"urlTemplate\":\"https:\\\/\\\/bibliotecavigil.org.ar\\\/inicio\\\/?s={search_term_string}\"},\"query-input\":{\"@type\":\"PropertyValueSpecification\",\"valueRequired\":true,\"valueName\":\"search_term_string\"}}],\"inLanguage\":\"es\"},{\"@type\":\"Organization\",\"@id\":\"https:\\\/\\\/bibliotecavigil.org.ar\\\/inicio\\\/#organization\",\"name\":\"Biblioteca Popular C.C.Vigil\",\"url\":\"https:\\\/\\\/bibliotecavigil.org.ar\\\/inicio\\\/\",\"logo\":{\"@type\":\"ImageObject\",\"inLanguage\":\"es\",\"@id\":\"https:\\\/\\\/bibliotecavigil.org.ar\\\/inicio\\\/#\\\/schema\\\/logo\\\/image\\\/\",\"url\":\"https:\\\/\\\/bibliotecavigil.org.ar\\\/inicio\\\/wp-content\\\/uploads\\\/2023\\\/06\\\/Logo-sin-texto-gif.gif\",\"contentUrl\":\"https:\\\/\\\/bibliotecavigil.org.ar\\\/inicio\\\/wp-content\\\/uploads\\\/2023\\\/06\\\/Logo-sin-texto-gif.gif\",\"width\":1487,\"height\":1604,\"caption\":\"Biblioteca Popular C.C.Vigil\"},\"image\":{\"@id\":\"https:\\\/\\\/bibliotecavigil.org.ar\\\/inicio\\\/#\\\/schema\\\/logo\\\/image\\\/\"}},{\"@type\":\"Person\",\"@id\":\"https:\\\/\\\/bibliotecavigil.org.ar\\\/inicio\\\/#\\\/schema\\\/person\\\/98530bc117d5fa50c5dc01b4fd8d3700\",\"name\":\"Biblioteca Vigil\",\"image\":{\"@type\":\"ImageObject\",\"inLanguage\":\"es\",\"@id\":\"https:\\\/\\\/secure.gravatar.com\\\/avatar\\\/a96b6054dc4c80cde596e2c3f42d23e4f769e395116bf277fb508315b9d8a5c5?s=96&d=mm&r=g\",\"url\":\"https:\\\/\\\/secure.gravatar.com\\\/avatar\\\/a96b6054dc4c80cde596e2c3f42d23e4f769e395116bf277fb508315b9d8a5c5?s=96&d=mm&r=g\",\"contentUrl\":\"https:\\\/\\\/secure.gravatar.com\\\/avatar\\\/a96b6054dc4c80cde596e2c3f42d23e4f769e395116bf277fb508315b9d8a5c5?s=96&d=mm&r=g\",\"caption\":\"Biblioteca Vigil\"},\"url\":\"https:\\\/\\\/bibliotecavigil.org.ar\\\/inicio\\\/author\\\/comunicacion\\\/\"}]}<\/script>\n<!-- \/ Yoast SEO plugin. -->","yoast_head_json":{"title":"Sigue nuestro ciclo de conversatorios en l\u00ednea - Biblioteca Vigil","robots":{"index":"index","follow":"follow","max-snippet":"max-snippet:-1","max-image-preview":"max-image-preview:large","max-video-preview":"max-video-preview:-1"},"canonical":"https:\/\/bibliotecavigil.org.ar\/inicio\/sigue-nuestro-ciclo-de-conversatorios-en-linea\/","og_locale":"es_ES","og_type":"article","og_title":"Sigue nuestro ciclo de conversatorios en l\u00ednea - Biblioteca Vigil","og_description":"\u00a1Sigue nuestro ciclo de conversatorios en l\u00ednea! \u201cTrabajo Docente como Pr\u00e1ctica Pol\u00edtico \/ Pedag\u00f3gica\u201d Un nuevo encuentro virtual en un proyecto interinstitucional en el que participan: Isp Bernardo A. Houssay, Escuela Normal Sup. N\u00b01 &#8211; Prov. N34 y La Vigil. En cada conversatorio se encuentran personas de diversos \u00e1mbitos y territorios que nos ayudan a [&hellip;]","og_url":"https:\/\/bibliotecavigil.org.ar\/inicio\/sigue-nuestro-ciclo-de-conversatorios-en-linea\/","og_site_name":"Biblioteca Vigil","article_published_time":"2021-07-02T21:47:37+00:00","article_modified_time":"2021-07-02T21:48:56+00:00","og_image":[{"width":800,"height":600,"url":"https:\/\/bibliotecavigil.org.ar\/inicio\/wp-content\/uploads\/2021\/07\/conversatorio-web.jpg","type":"image\/jpeg"}],"author":"Biblioteca Vigil","twitter_card":"summary_large_image","twitter_misc":{"Escrito por":"Biblioteca Vigil","Tiempo de lectura":"1 minuto"},"schema":{"@context":"https:\/\/schema.org","@graph":[{"@type":"Article","@id":"https:\/\/bibliotecavigil.org.ar\/inicio\/sigue-nuestro-ciclo-de-conversatorios-en-linea\/#article","isPartOf":{"@id":"https:\/\/bibliotecavigil.org.ar\/inicio\/sigue-nuestro-ciclo-de-conversatorios-en-linea\/"},"author":{"name":"Biblioteca Vigil","@id":"https:\/\/bibliotecavigil.org.ar\/inicio\/#\/schema\/person\/98530bc117d5fa50c5dc01b4fd8d3700"},"headline":"Sigue nuestro ciclo de conversatorios en l\u00ednea","datePublished":"2021-07-02T21:47:37+00:00","dateModified":"2021-07-02T21:48:56+00:00","mainEntityOfPage":{"@id":"https:\/\/bibliotecavigil.org.ar\/inicio\/sigue-nuestro-ciclo-de-conversatorios-en-linea\/"},"wordCount":197,"commentCount":0,"publisher":{"@id":"https:\/\/bibliotecavigil.org.ar\/inicio\/#organization"},"image":{"@id":"https:\/\/bibliotecavigil.org.ar\/inicio\/sigue-nuestro-ciclo-de-conversatorios-en-linea\/#primaryimage"},"thumbnailUrl":"https:\/\/bibliotecavigil.org.ar\/inicio\/wp-content\/uploads\/2021\/07\/conversatorio-web.jpg","keywords":["conversatorio"],"inLanguage":"es","potentialAction":[{"@type":"CommentAction","name":"Comment","target":["https:\/\/bibliotecavigil.org.ar\/inicio\/sigue-nuestro-ciclo-de-conversatorios-en-linea\/#respond"]}]},{"@type":"WebPage","@id":"https:\/\/bibliotecavigil.org.ar\/inicio\/sigue-nuestro-ciclo-de-conversatorios-en-linea\/","url":"https:\/\/bibliotecavigil.org.ar\/inicio\/sigue-nuestro-ciclo-de-conversatorios-en-linea\/","name":"Sigue nuestro ciclo de conversatorios en l\u00ednea - Biblioteca Vigil","isPartOf":{"@id":"https:\/\/bibliotecavigil.org.ar\/inicio\/#website"},"primaryImageOfPage":{"@id":"https:\/\/bibliotecavigil.org.ar\/inicio\/sigue-nuestro-ciclo-de-conversatorios-en-linea\/#primaryimage"},"image":{"@id":"https:\/\/bibliotecavigil.org.ar\/inicio\/sigue-nuestro-ciclo-de-conversatorios-en-linea\/#primaryimage"},"thumbnailUrl":"https:\/\/bibliotecavigil.org.ar\/inicio\/wp-content\/uploads\/2021\/07\/conversatorio-web.jpg","datePublished":"2021-07-02T21:47:37+00:00","dateModified":"2021-07-02T21:48:56+00:00","breadcrumb":{"@id":"https:\/\/bibliotecavigil.org.ar\/inicio\/sigue-nuestro-ciclo-de-conversatorios-en-linea\/#breadcrumb"},"inLanguage":"es","potentialAction":[{"@type":"ReadAction","target":["https:\/\/bibliotecavigil.org.ar\/inicio\/sigue-nuestro-ciclo-de-conversatorios-en-linea\/"]}]},{"@type":"ImageObject","inLanguage":"es","@id":"https:\/\/bibliotecavigil.org.ar\/inicio\/sigue-nuestro-ciclo-de-conversatorios-en-linea\/#primaryimage","url":"https:\/\/bibliotecavigil.org.ar\/inicio\/wp-content\/uploads\/2021\/07\/conversatorio-web.jpg","contentUrl":"https:\/\/bibliotecavigil.org.ar\/inicio\/wp-content\/uploads\/2021\/07\/conversatorio-web.jpg","width":800,"height":600},{"@type":"BreadcrumbList","@id":"https:\/\/bibliotecavigil.org.ar\/inicio\/sigue-nuestro-ciclo-de-conversatorios-en-linea\/#breadcrumb","itemListElement":[{"@type":"ListItem","position":1,"name":"Portada","item":"https:\/\/bibliotecavigil.org.ar\/inicio\/"},{"@type":"ListItem","position":2,"name":"Sigue nuestro ciclo de conversatorios en l\u00ednea"}]},{"@type":"WebSite","@id":"https:\/\/bibliotecavigil.org.ar\/inicio\/#website","url":"https:\/\/bibliotecavigil.org.ar\/inicio\/","name":"Biblioteca Vigil","description":"Biblioteca Popular C C Vigil","publisher":{"@id":"https:\/\/bibliotecavigil.org.ar\/inicio\/#organization"},"potentialAction":[{"@type":"SearchAction","target":{"@type":"EntryPoint","urlTemplate":"https:\/\/bibliotecavigil.org.ar\/inicio\/?s={search_term_string}"},"query-input":{"@type":"PropertyValueSpecification","valueRequired":true,"valueName":"search_term_string"}}],"inLanguage":"es"},{"@type":"Organization","@id":"https:\/\/bibliotecavigil.org.ar\/inicio\/#organization","name":"Biblioteca Popular C.C.Vigil","url":"https:\/\/bibliotecavigil.org.ar\/inicio\/","logo":{"@type":"ImageObject","inLanguage":"es","@id":"https:\/\/bibliotecavigil.org.ar\/inicio\/#\/schema\/logo\/image\/","url":"https:\/\/bibliotecavigil.org.ar\/inicio\/wp-content\/uploads\/2023\/06\/Logo-sin-texto-gif.gif","contentUrl":"https:\/\/bibliotecavigil.org.ar\/inicio\/wp-content\/uploads\/2023\/06\/Logo-sin-texto-gif.gif","width":1487,"height":1604,"caption":"Biblioteca Popular C.C.Vigil"},"image":{"@id":"https:\/\/bibliotecavigil.org.ar\/inicio\/#\/schema\/logo\/image\/"}},{"@type":"Person","@id":"https:\/\/bibliotecavigil.org.ar\/inicio\/#\/schema\/person\/98530bc117d5fa50c5dc01b4fd8d3700","name":"Biblioteca Vigil","image":{"@type":"ImageObject","inLanguage":"es","@id":"https:\/\/secure.gravatar.com\/avatar\/a96b6054dc4c80cde596e2c3f42d23e4f769e395116bf277fb508315b9d8a5c5?s=96&d=mm&r=g","url":"https:\/\/secure.gravatar.com\/avatar\/a96b6054dc4c80cde596e2c3f42d23e4f769e395116bf277fb508315b9d8a5c5?s=96&d=mm&r=g","contentUrl":"https:\/\/secure.gravatar.com\/avatar\/a96b6054dc4c80cde596e2c3f42d23e4f769e395116bf277fb508315b9d8a5c5?s=96&d=mm&r=g","caption":"Biblioteca Vigil"},"url":"https:\/\/bibliotecavigil.org.ar\/inicio\/author\/comunicacion\/"}]}},"_links":{"self":[{"href":"https:\/\/bibliotecavigil.org.ar\/inicio\/wp-json\/wp\/v2\/posts\/29520","targetHints":{"allow":["GET"]}}],"collection":[{"href":"https:\/\/bibliotecavigil.org.ar\/inicio\/wp-json\/wp\/v2\/posts"}],"about":[{"href":"https:\/\/bibliotecavigil.org.ar\/inicio\/wp-json\/wp\/v2\/types\/post"}],"author":[{"embeddable":true,"href":"https:\/\/bibliotecavigil.org.ar\/inicio\/wp-json\/wp\/v2\/users\/3"}],"replies":[{"embeddable":true,"href":"https:\/\/bibliotecavigil.org.ar\/inicio\/wp-json\/wp\/v2\/comments?post=29520"}],"version-history":[{"count":2,"href":"https:\/\/bibliotecavigil.org.ar\/inicio\/wp-json\/wp\/v2\/posts\/29520\/revisions"}],"predecessor-version":[{"id":29524,"href":"https:\/\/bibliotecavigil.org.ar\/inicio\/wp-json\/wp\/v2\/posts\/29520\/revisions\/29524"}],"wp:featuredmedia":[{"embeddable":true,"href":"https:\/\/bibliotecavigil.org.ar\/inicio\/wp-json\/wp\/v2\/media\/29522"}],"wp:attachment":[{"href":"https:\/\/bibliotecavigil.org.ar\/inicio\/wp-json\/wp\/v2\/media?parent=29520"}],"wp:term":[{"taxonomy":"category","embeddable":true,"href":"https:\/\/bibliotecavigil.org.ar\/inicio\/wp-json\/wp\/v2\/categories?post=29520"},{"taxonomy":"post_tag","embeddable":true,"href":"https:\/\/bibliotecavigil.org.ar\/inicio\/wp-json\/wp\/v2\/tags?post=29520"}],"curies":[{"name":"wp","href":"https:\/\/api.w.org\/{rel}","templated":true}]}}