{"id":29541,"date":"2021-07-16T22:57:56","date_gmt":"2021-07-16T22:57:56","guid":{"rendered":"https:\/\/bibliotecavigil.org.ar\/inicio\/?p=29541"},"modified":"2021-07-19T18:45:11","modified_gmt":"2021-07-19T18:45:11","slug":"vuelve-el-teatro","status":"publish","type":"post","link":"https:\/\/bibliotecavigil.org.ar\/inicio\/vuelve-el-teatro\/","title":{"rendered":"\u00a1Vuelve el Teatro!"},"content":{"rendered":"\n<p>Con much\u00edsima alegr\u00eda reabriremos las puertas de nuestra sala para estas vacaciones de invierno. Nos volvemos a encontrar para disfrutar de la magia del teatro, y en esta ocasi\u00f3n del juego y la creatividad que nos convidan estas cuatro propuestas para toda la familia.<\/p>\n\n\n\n<p>Desde el jueves 22 al domingo 25 de julio \u00a1todos los d\u00edas una funci\u00f3n diferente para volver a la Saulo!<\/p>\n\n\n\n<p>&#x1f537; Jueves 22 \u2013 15hs. \u00abCuentos a puro ritmo\u00bb de Narra en do<\/p>\n\n\n\n<p>Cuentos con percusi\u00f3n, populares y latinoamericanos para compartir, disfrutar y re-pensar entre chicos y grandes \u00a1a puro ritmo! Presenta agrupaci\u00f3n Moronao en el marco de Ciclo de t\u00edteres y cuentos con buen y mal tiempo<\/p>\n\n\n\n<p>&#x1f537; Viernes 23 \u2013 15hs. \u201cVariete de Invierno I\u201d<\/p>\n\n\n\n<p>Una variet\u00e9 \u00fanica con n\u00fameros de acro d\u00fao, malabares con luces, payases, m\u00fasica, suspensi\u00f3n capilar y magia. En el marco de Ciclo de teatro en calle.<\/p>\n\n\n\n<p>&#x1f537; S\u00e1bado 24 \u2013 15hs. \u201cUna noche sin luna\u00bb de Cronolog\u00eda del juguete<\/p>\n\n\n\n<p>Hace mucho tiempo en este mismo planeta las noches eran tan oscuras que nada pod\u00eda verse. Claro, nuestro planeta no ten\u00eda luna,.. Doroteo con su esfuerzo y perseverancia logr\u00f3 hacer nacer a la luna, pese a su perro Roberto, a las hormigas, a las abejas y a la lluvia\u2026 y as\u00ed cumpli\u00f3 su sue\u00f1o: iluminar la noche. Presenta agrupaci\u00f3n Titiriter@s Rosarin@s en el marco de Ciclo de t\u00edteres y cuentos con buen y mal tiempo.<\/p>\n\n\n\n<p>&#x1f537; Domingo 25 \u2013 15hs. \u201cVariete de Invierno II\u201d<\/p>\n\n\n\n<p>Una nueva variet\u00e9 con n\u00fameros de circo, teatro, payases, m\u00fasica, malabares y muchas sorpresas m\u00e1s. En el marco de Ciclo de teatro en calle.<\/p>\n\n\n\n<p>\u25ac Las entradas estar\u00e1n a la venta desde el lunes \u00a1Apurate que hay cupo! Pod\u00e9s comprarla en la administraci\u00f3n de Vigil (Gaboto 450) de lunes a viernes de 15 a 19hs.<\/p>\n\n\n\n<p>\u25ac Entrada General: $150<\/p>\n\n\n\n<p>\u25ac Entrada para socixs de Vigil con cuota al d\u00eda (solo anticipadas) GRATIS &#x1f92f;.<\/p>\n\n\n\n<p>Estas funciones se realizan con apoyo de la Asociaci\u00f3n Argentina de Actores y en coproducci\u00f3n con la Municipalidad de Rosario.<\/p>\n\n\n\n<p>La Vigil es Cultura Popular en Movimiento<\/p>\n\n\n\n<p><\/p>\n\n\n\n<figure class=\"wp-block-image size-large\"><a href=\"https:\/\/bibliotecavigil.org.ar\/inicio\/wp-content\/uploads\/2021\/07\/vacaciones-de-invierno-fb.jpg\"><img decoding=\"async\" width=\"724\" height=\"1024\" data-src=\"https:\/\/bibliotecavigil.org.ar\/inicio\/wp-content\/uploads\/2021\/07\/vacaciones-de-invierno-fb-724x1024.jpg\" alt=\"\" class=\"wp-image-29544 lazyload\" data-srcset=\"https:\/\/bibliotecavigil.org.ar\/inicio\/wp-content\/uploads\/2021\/07\/vacaciones-de-invierno-fb-724x1024.jpg 724w, https:\/\/bibliotecavigil.org.ar\/inicio\/wp-content\/uploads\/2021\/07\/vacaciones-de-invierno-fb-480x679.jpg 480w\" data-sizes=\"(min-width: 0px) and (max-width: 480px) 480px, (min-width: 481px) 724px, 100vw\" src=\"data:image\/svg+xml;base64,PHN2ZyB3aWR0aD0iMSIgaGVpZ2h0PSIxIiB4bWxucz0iaHR0cDovL3d3dy53My5vcmcvMjAwMC9zdmciPjwvc3ZnPg==\" style=\"--smush-placeholder-width: 724px; --smush-placeholder-aspect-ratio: 724\/1024;\" \/><\/a><\/figure>\n\n\n\n<p><\/p>\n\n\n\n<figure class=\"wp-block-image size-large\"><a href=\"https:\/\/bibliotecavigil.org.ar\/inicio\/wp-content\/uploads\/2021\/07\/vacaciones-de-invierno-CUENTOS-A-PURO-RITMO.jpg\"><img decoding=\"async\" width=\"820\" height=\"1024\" data-src=\"https:\/\/bibliotecavigil.org.ar\/inicio\/wp-content\/uploads\/2021\/07\/vacaciones-de-invierno-CUENTOS-A-PURO-RITMO-820x1024.jpg\" alt=\"\" class=\"wp-image-29547 lazyload\" src=\"data:image\/svg+xml;base64,PHN2ZyB3aWR0aD0iMSIgaGVpZ2h0PSIxIiB4bWxucz0iaHR0cDovL3d3dy53My5vcmcvMjAwMC9zdmciPjwvc3ZnPg==\" style=\"--smush-placeholder-width: 820px; --smush-placeholder-aspect-ratio: 820\/1024;\" \/><\/a><\/figure>\n\n\n\n<p><\/p>\n\n\n\n<figure class=\"wp-block-image size-large\"><a href=\"https:\/\/bibliotecavigil.org.ar\/inicio\/wp-content\/uploads\/2021\/07\/vacaciones-de-invierno-VARIETE-I.jpg\"><img decoding=\"async\" width=\"820\" height=\"1024\" data-src=\"https:\/\/bibliotecavigil.org.ar\/inicio\/wp-content\/uploads\/2021\/07\/vacaciones-de-invierno-VARIETE-I-820x1024.jpg\" alt=\"\" class=\"wp-image-29549 lazyload\" src=\"data:image\/svg+xml;base64,PHN2ZyB3aWR0aD0iMSIgaGVpZ2h0PSIxIiB4bWxucz0iaHR0cDovL3d3dy53My5vcmcvMjAwMC9zdmciPjwvc3ZnPg==\" style=\"--smush-placeholder-width: 820px; --smush-placeholder-aspect-ratio: 820\/1024;\" \/><\/a><\/figure>\n\n\n\n<p><\/p>\n\n\n\n<figure class=\"wp-block-image size-large\"><a href=\"https:\/\/bibliotecavigil.org.ar\/inicio\/wp-content\/uploads\/2021\/07\/vacaciones-de-invierno-NOCHE-SIN-LUNA.jpg\"><img decoding=\"async\" width=\"820\" height=\"1024\" data-src=\"https:\/\/bibliotecavigil.org.ar\/inicio\/wp-content\/uploads\/2021\/07\/vacaciones-de-invierno-NOCHE-SIN-LUNA-820x1024.jpg\" alt=\"\" class=\"wp-image-29550 lazyload\" src=\"data:image\/svg+xml;base64,PHN2ZyB3aWR0aD0iMSIgaGVpZ2h0PSIxIiB4bWxucz0iaHR0cDovL3d3dy53My5vcmcvMjAwMC9zdmciPjwvc3ZnPg==\" style=\"--smush-placeholder-width: 820px; --smush-placeholder-aspect-ratio: 820\/1024;\" \/><\/a><\/figure>\n\n\n\n<p><\/p>\n\n\n\n<figure class=\"wp-block-image size-large\"><a href=\"https:\/\/bibliotecavigil.org.ar\/inicio\/wp-content\/uploads\/2021\/07\/vacaciones-de-invierno-VARIETEII.jpg\"><img decoding=\"async\" width=\"819\" height=\"1024\" data-src=\"https:\/\/bibliotecavigil.org.ar\/inicio\/wp-content\/uploads\/2021\/07\/vacaciones-de-invierno-VARIETEII-819x1024.jpg\" alt=\"\" class=\"wp-image-29551 lazyload\" src=\"data:image\/svg+xml;base64,PHN2ZyB3aWR0aD0iMSIgaGVpZ2h0PSIxIiB4bWxucz0iaHR0cDovL3d3dy53My5vcmcvMjAwMC9zdmciPjwvc3ZnPg==\" style=\"--smush-placeholder-width: 819px; --smush-placeholder-aspect-ratio: 819\/1024;\" \/><\/a><\/figure>\n","protected":false},"excerpt":{"rendered":"<p>Con much\u00edsima alegr\u00eda reabriremos las puertas de nuestra sala para estas vacaciones de invierno. Nos volvemos a encontrar para disfrutar de la magia del teatro, y en esta ocasi\u00f3n del juego y la creatividad que nos convidan estas cuatro propuestas para toda la familia. Desde el jueves 22 al domingo 25 de julio \u00a1todos los [&hellip;]<\/p>\n","protected":false},"author":3,"featured_media":29545,"comment_status":"open","ping_status":"closed","sticky":false,"template":"","format":"standard","meta":{"_et_pb_use_builder":"off","_et_pb_old_content":"","_et_gb_content_width":"","footnotes":""},"categories":[1],"tags":[118],"class_list":["post-29541","post","type-post","status-publish","format-standard","has-post-thumbnail","hentry","category-sin-categoria","tag-teatro"],"yoast_head":"<!-- This site is optimized with the Yoast SEO plugin v27.5 - https:\/\/yoast.com\/product\/yoast-seo-wordpress\/ -->\n<title>\u00a1Vuelve el Teatro! - Biblioteca Vigil<\/title>\n<meta name=\"robots\" content=\"index, follow, max-snippet:-1, max-image-preview:large, max-video-preview:-1\" \/>\n<link rel=\"canonical\" href=\"https:\/\/bibliotecavigil.org.ar\/inicio\/vuelve-el-teatro\/\" \/>\n<meta property=\"og:locale\" content=\"es_ES\" \/>\n<meta property=\"og:type\" content=\"article\" \/>\n<meta property=\"og:title\" content=\"\u00a1Vuelve el Teatro! - Biblioteca Vigil\" \/>\n<meta property=\"og:description\" content=\"Con much\u00edsima alegr\u00eda reabriremos las puertas de nuestra sala para estas vacaciones de invierno. Nos volvemos a encontrar para disfrutar de la magia del teatro, y en esta ocasi\u00f3n del juego y la creatividad que nos convidan estas cuatro propuestas para toda la familia. Desde el jueves 22 al domingo 25 de julio \u00a1todos los [&hellip;]\" \/>\n<meta property=\"og:url\" content=\"https:\/\/bibliotecavigil.org.ar\/inicio\/vuelve-el-teatro\/\" \/>\n<meta property=\"og:site_name\" content=\"Biblioteca Vigil\" \/>\n<meta property=\"article:published_time\" content=\"2021-07-16T22:57:56+00:00\" \/>\n<meta property=\"article:modified_time\" content=\"2021-07-19T18:45:11+00:00\" \/>\n<meta property=\"og:image\" content=\"https:\/\/bibliotecavigil.org.ar\/inicio\/wp-content\/uploads\/2021\/07\/vacaciones-de-invierno-fb-copia-web.jpg\" \/>\n\t<meta property=\"og:image:width\" content=\"798\" \/>\n\t<meta property=\"og:image:height\" content=\"547\" \/>\n\t<meta property=\"og:image:type\" content=\"image\/jpeg\" \/>\n<meta name=\"author\" content=\"Biblioteca Vigil\" \/>\n<meta name=\"twitter:card\" content=\"summary_large_image\" \/>\n<meta name=\"twitter:label1\" content=\"Escrito por\" \/>\n\t<meta name=\"twitter:data1\" content=\"Biblioteca Vigil\" \/>\n\t<meta name=\"twitter:label2\" content=\"Tiempo de lectura\" \/>\n\t<meta name=\"twitter:data2\" content=\"3 minutos\" \/>\n<script type=\"application\/ld+json\" class=\"yoast-schema-graph\">{\"@context\":\"https:\\\/\\\/schema.org\",\"@graph\":[{\"@type\":\"Article\",\"@id\":\"https:\\\/\\\/bibliotecavigil.org.ar\\\/inicio\\\/vuelve-el-teatro\\\/#article\",\"isPartOf\":{\"@id\":\"https:\\\/\\\/bibliotecavigil.org.ar\\\/inicio\\\/vuelve-el-teatro\\\/\"},\"author\":{\"name\":\"Biblioteca Vigil\",\"@id\":\"https:\\\/\\\/bibliotecavigil.org.ar\\\/inicio\\\/#\\\/schema\\\/person\\\/98530bc117d5fa50c5dc01b4fd8d3700\"},\"headline\":\"\u00a1Vuelve el Teatro!\",\"datePublished\":\"2021-07-16T22:57:56+00:00\",\"dateModified\":\"2021-07-19T18:45:11+00:00\",\"mainEntityOfPage\":{\"@id\":\"https:\\\/\\\/bibliotecavigil.org.ar\\\/inicio\\\/vuelve-el-teatro\\\/\"},\"wordCount\":367,\"commentCount\":4,\"publisher\":{\"@id\":\"https:\\\/\\\/bibliotecavigil.org.ar\\\/inicio\\\/#organization\"},\"image\":{\"@id\":\"https:\\\/\\\/bibliotecavigil.org.ar\\\/inicio\\\/vuelve-el-teatro\\\/#primaryimage\"},\"thumbnailUrl\":\"https:\\\/\\\/bibliotecavigil.org.ar\\\/inicio\\\/wp-content\\\/uploads\\\/2021\\\/07\\\/vacaciones-de-invierno-fb-copia-web.jpg\",\"keywords\":[\"teatro\"],\"inLanguage\":\"es\",\"potentialAction\":[{\"@type\":\"CommentAction\",\"name\":\"Comment\",\"target\":[\"https:\\\/\\\/bibliotecavigil.org.ar\\\/inicio\\\/vuelve-el-teatro\\\/#respond\"]}]},{\"@type\":\"WebPage\",\"@id\":\"https:\\\/\\\/bibliotecavigil.org.ar\\\/inicio\\\/vuelve-el-teatro\\\/\",\"url\":\"https:\\\/\\\/bibliotecavigil.org.ar\\\/inicio\\\/vuelve-el-teatro\\\/\",\"name\":\"\u00a1Vuelve el Teatro! - Biblioteca Vigil\",\"isPartOf\":{\"@id\":\"https:\\\/\\\/bibliotecavigil.org.ar\\\/inicio\\\/#website\"},\"primaryImageOfPage\":{\"@id\":\"https:\\\/\\\/bibliotecavigil.org.ar\\\/inicio\\\/vuelve-el-teatro\\\/#primaryimage\"},\"image\":{\"@id\":\"https:\\\/\\\/bibliotecavigil.org.ar\\\/inicio\\\/vuelve-el-teatro\\\/#primaryimage\"},\"thumbnailUrl\":\"https:\\\/\\\/bibliotecavigil.org.ar\\\/inicio\\\/wp-content\\\/uploads\\\/2021\\\/07\\\/vacaciones-de-invierno-fb-copia-web.jpg\",\"datePublished\":\"2021-07-16T22:57:56+00:00\",\"dateModified\":\"2021-07-19T18:45:11+00:00\",\"breadcrumb\":{\"@id\":\"https:\\\/\\\/bibliotecavigil.org.ar\\\/inicio\\\/vuelve-el-teatro\\\/#breadcrumb\"},\"inLanguage\":\"es\",\"potentialAction\":[{\"@type\":\"ReadAction\",\"target\":[\"https:\\\/\\\/bibliotecavigil.org.ar\\\/inicio\\\/vuelve-el-teatro\\\/\"]}]},{\"@type\":\"ImageObject\",\"inLanguage\":\"es\",\"@id\":\"https:\\\/\\\/bibliotecavigil.org.ar\\\/inicio\\\/vuelve-el-teatro\\\/#primaryimage\",\"url\":\"https:\\\/\\\/bibliotecavigil.org.ar\\\/inicio\\\/wp-content\\\/uploads\\\/2021\\\/07\\\/vacaciones-de-invierno-fb-copia-web.jpg\",\"contentUrl\":\"https:\\\/\\\/bibliotecavigil.org.ar\\\/inicio\\\/wp-content\\\/uploads\\\/2021\\\/07\\\/vacaciones-de-invierno-fb-copia-web.jpg\",\"width\":798,\"height\":547},{\"@type\":\"BreadcrumbList\",\"@id\":\"https:\\\/\\\/bibliotecavigil.org.ar\\\/inicio\\\/vuelve-el-teatro\\\/#breadcrumb\",\"itemListElement\":[{\"@type\":\"ListItem\",\"position\":1,\"name\":\"Portada\",\"item\":\"https:\\\/\\\/bibliotecavigil.org.ar\\\/inicio\\\/\"},{\"@type\":\"ListItem\",\"position\":2,\"name\":\"\u00a1Vuelve el Teatro!\"}]},{\"@type\":\"WebSite\",\"@id\":\"https:\\\/\\\/bibliotecavigil.org.ar\\\/inicio\\\/#website\",\"url\":\"https:\\\/\\\/bibliotecavigil.org.ar\\\/inicio\\\/\",\"name\":\"Biblioteca Vigil\",\"description\":\"Biblioteca Popular C C Vigil\",\"publisher\":{\"@id\":\"https:\\\/\\\/bibliotecavigil.org.ar\\\/inicio\\\/#organization\"},\"potentialAction\":[{\"@type\":\"SearchAction\",\"target\":{\"@type\":\"EntryPoint\",\"urlTemplate\":\"https:\\\/\\\/bibliotecavigil.org.ar\\\/inicio\\\/?s={search_term_string}\"},\"query-input\":{\"@type\":\"PropertyValueSpecification\",\"valueRequired\":true,\"valueName\":\"search_term_string\"}}],\"inLanguage\":\"es\"},{\"@type\":\"Organization\",\"@id\":\"https:\\\/\\\/bibliotecavigil.org.ar\\\/inicio\\\/#organization\",\"name\":\"Biblioteca Popular C.C.Vigil\",\"url\":\"https:\\\/\\\/bibliotecavigil.org.ar\\\/inicio\\\/\",\"logo\":{\"@type\":\"ImageObject\",\"inLanguage\":\"es\",\"@id\":\"https:\\\/\\\/bibliotecavigil.org.ar\\\/inicio\\\/#\\\/schema\\\/logo\\\/image\\\/\",\"url\":\"https:\\\/\\\/bibliotecavigil.org.ar\\\/inicio\\\/wp-content\\\/uploads\\\/2023\\\/06\\\/Logo-sin-texto-gif.gif\",\"contentUrl\":\"https:\\\/\\\/bibliotecavigil.org.ar\\\/inicio\\\/wp-content\\\/uploads\\\/2023\\\/06\\\/Logo-sin-texto-gif.gif\",\"width\":1487,\"height\":1604,\"caption\":\"Biblioteca Popular C.C.Vigil\"},\"image\":{\"@id\":\"https:\\\/\\\/bibliotecavigil.org.ar\\\/inicio\\\/#\\\/schema\\\/logo\\\/image\\\/\"}},{\"@type\":\"Person\",\"@id\":\"https:\\\/\\\/bibliotecavigil.org.ar\\\/inicio\\\/#\\\/schema\\\/person\\\/98530bc117d5fa50c5dc01b4fd8d3700\",\"name\":\"Biblioteca Vigil\",\"image\":{\"@type\":\"ImageObject\",\"inLanguage\":\"es\",\"@id\":\"https:\\\/\\\/secure.gravatar.com\\\/avatar\\\/a96b6054dc4c80cde596e2c3f42d23e4f769e395116bf277fb508315b9d8a5c5?s=96&d=mm&r=g\",\"url\":\"https:\\\/\\\/secure.gravatar.com\\\/avatar\\\/a96b6054dc4c80cde596e2c3f42d23e4f769e395116bf277fb508315b9d8a5c5?s=96&d=mm&r=g\",\"contentUrl\":\"https:\\\/\\\/secure.gravatar.com\\\/avatar\\\/a96b6054dc4c80cde596e2c3f42d23e4f769e395116bf277fb508315b9d8a5c5?s=96&d=mm&r=g\",\"caption\":\"Biblioteca Vigil\"},\"url\":\"https:\\\/\\\/bibliotecavigil.org.ar\\\/inicio\\\/author\\\/comunicacion\\\/\"}]}<\/script>\n<!-- \/ Yoast SEO plugin. -->","yoast_head_json":{"title":"\u00a1Vuelve el Teatro! - Biblioteca Vigil","robots":{"index":"index","follow":"follow","max-snippet":"max-snippet:-1","max-image-preview":"max-image-preview:large","max-video-preview":"max-video-preview:-1"},"canonical":"https:\/\/bibliotecavigil.org.ar\/inicio\/vuelve-el-teatro\/","og_locale":"es_ES","og_type":"article","og_title":"\u00a1Vuelve el Teatro! - Biblioteca Vigil","og_description":"Con much\u00edsima alegr\u00eda reabriremos las puertas de nuestra sala para estas vacaciones de invierno. Nos volvemos a encontrar para disfrutar de la magia del teatro, y en esta ocasi\u00f3n del juego y la creatividad que nos convidan estas cuatro propuestas para toda la familia. Desde el jueves 22 al domingo 25 de julio \u00a1todos los [&hellip;]","og_url":"https:\/\/bibliotecavigil.org.ar\/inicio\/vuelve-el-teatro\/","og_site_name":"Biblioteca Vigil","article_published_time":"2021-07-16T22:57:56+00:00","article_modified_time":"2021-07-19T18:45:11+00:00","og_image":[{"width":798,"height":547,"url":"https:\/\/bibliotecavigil.org.ar\/inicio\/wp-content\/uploads\/2021\/07\/vacaciones-de-invierno-fb-copia-web.jpg","type":"image\/jpeg"}],"author":"Biblioteca Vigil","twitter_card":"summary_large_image","twitter_misc":{"Escrito por":"Biblioteca Vigil","Tiempo de lectura":"3 minutos"},"schema":{"@context":"https:\/\/schema.org","@graph":[{"@type":"Article","@id":"https:\/\/bibliotecavigil.org.ar\/inicio\/vuelve-el-teatro\/#article","isPartOf":{"@id":"https:\/\/bibliotecavigil.org.ar\/inicio\/vuelve-el-teatro\/"},"author":{"name":"Biblioteca Vigil","@id":"https:\/\/bibliotecavigil.org.ar\/inicio\/#\/schema\/person\/98530bc117d5fa50c5dc01b4fd8d3700"},"headline":"\u00a1Vuelve el Teatro!","datePublished":"2021-07-16T22:57:56+00:00","dateModified":"2021-07-19T18:45:11+00:00","mainEntityOfPage":{"@id":"https:\/\/bibliotecavigil.org.ar\/inicio\/vuelve-el-teatro\/"},"wordCount":367,"commentCount":4,"publisher":{"@id":"https:\/\/bibliotecavigil.org.ar\/inicio\/#organization"},"image":{"@id":"https:\/\/bibliotecavigil.org.ar\/inicio\/vuelve-el-teatro\/#primaryimage"},"thumbnailUrl":"https:\/\/bibliotecavigil.org.ar\/inicio\/wp-content\/uploads\/2021\/07\/vacaciones-de-invierno-fb-copia-web.jpg","keywords":["teatro"],"inLanguage":"es","potentialAction":[{"@type":"CommentAction","name":"Comment","target":["https:\/\/bibliotecavigil.org.ar\/inicio\/vuelve-el-teatro\/#respond"]}]},{"@type":"WebPage","@id":"https:\/\/bibliotecavigil.org.ar\/inicio\/vuelve-el-teatro\/","url":"https:\/\/bibliotecavigil.org.ar\/inicio\/vuelve-el-teatro\/","name":"\u00a1Vuelve el Teatro! - Biblioteca Vigil","isPartOf":{"@id":"https:\/\/bibliotecavigil.org.ar\/inicio\/#website"},"primaryImageOfPage":{"@id":"https:\/\/bibliotecavigil.org.ar\/inicio\/vuelve-el-teatro\/#primaryimage"},"image":{"@id":"https:\/\/bibliotecavigil.org.ar\/inicio\/vuelve-el-teatro\/#primaryimage"},"thumbnailUrl":"https:\/\/bibliotecavigil.org.ar\/inicio\/wp-content\/uploads\/2021\/07\/vacaciones-de-invierno-fb-copia-web.jpg","datePublished":"2021-07-16T22:57:56+00:00","dateModified":"2021-07-19T18:45:11+00:00","breadcrumb":{"@id":"https:\/\/bibliotecavigil.org.ar\/inicio\/vuelve-el-teatro\/#breadcrumb"},"inLanguage":"es","potentialAction":[{"@type":"ReadAction","target":["https:\/\/bibliotecavigil.org.ar\/inicio\/vuelve-el-teatro\/"]}]},{"@type":"ImageObject","inLanguage":"es","@id":"https:\/\/bibliotecavigil.org.ar\/inicio\/vuelve-el-teatro\/#primaryimage","url":"https:\/\/bibliotecavigil.org.ar\/inicio\/wp-content\/uploads\/2021\/07\/vacaciones-de-invierno-fb-copia-web.jpg","contentUrl":"https:\/\/bibliotecavigil.org.ar\/inicio\/wp-content\/uploads\/2021\/07\/vacaciones-de-invierno-fb-copia-web.jpg","width":798,"height":547},{"@type":"BreadcrumbList","@id":"https:\/\/bibliotecavigil.org.ar\/inicio\/vuelve-el-teatro\/#breadcrumb","itemListElement":[{"@type":"ListItem","position":1,"name":"Portada","item":"https:\/\/bibliotecavigil.org.ar\/inicio\/"},{"@type":"ListItem","position":2,"name":"\u00a1Vuelve el Teatro!"}]},{"@type":"WebSite","@id":"https:\/\/bibliotecavigil.org.ar\/inicio\/#website","url":"https:\/\/bibliotecavigil.org.ar\/inicio\/","name":"Biblioteca Vigil","description":"Biblioteca Popular C C Vigil","publisher":{"@id":"https:\/\/bibliotecavigil.org.ar\/inicio\/#organization"},"potentialAction":[{"@type":"SearchAction","target":{"@type":"EntryPoint","urlTemplate":"https:\/\/bibliotecavigil.org.ar\/inicio\/?s={search_term_string}"},"query-input":{"@type":"PropertyValueSpecification","valueRequired":true,"valueName":"search_term_string"}}],"inLanguage":"es"},{"@type":"Organization","@id":"https:\/\/bibliotecavigil.org.ar\/inicio\/#organization","name":"Biblioteca Popular C.C.Vigil","url":"https:\/\/bibliotecavigil.org.ar\/inicio\/","logo":{"@type":"ImageObject","inLanguage":"es","@id":"https:\/\/bibliotecavigil.org.ar\/inicio\/#\/schema\/logo\/image\/","url":"https:\/\/bibliotecavigil.org.ar\/inicio\/wp-content\/uploads\/2023\/06\/Logo-sin-texto-gif.gif","contentUrl":"https:\/\/bibliotecavigil.org.ar\/inicio\/wp-content\/uploads\/2023\/06\/Logo-sin-texto-gif.gif","width":1487,"height":1604,"caption":"Biblioteca Popular C.C.Vigil"},"image":{"@id":"https:\/\/bibliotecavigil.org.ar\/inicio\/#\/schema\/logo\/image\/"}},{"@type":"Person","@id":"https:\/\/bibliotecavigil.org.ar\/inicio\/#\/schema\/person\/98530bc117d5fa50c5dc01b4fd8d3700","name":"Biblioteca Vigil","image":{"@type":"ImageObject","inLanguage":"es","@id":"https:\/\/secure.gravatar.com\/avatar\/a96b6054dc4c80cde596e2c3f42d23e4f769e395116bf277fb508315b9d8a5c5?s=96&d=mm&r=g","url":"https:\/\/secure.gravatar.com\/avatar\/a96b6054dc4c80cde596e2c3f42d23e4f769e395116bf277fb508315b9d8a5c5?s=96&d=mm&r=g","contentUrl":"https:\/\/secure.gravatar.com\/avatar\/a96b6054dc4c80cde596e2c3f42d23e4f769e395116bf277fb508315b9d8a5c5?s=96&d=mm&r=g","caption":"Biblioteca Vigil"},"url":"https:\/\/bibliotecavigil.org.ar\/inicio\/author\/comunicacion\/"}]}},"_links":{"self":[{"href":"https:\/\/bibliotecavigil.org.ar\/inicio\/wp-json\/wp\/v2\/posts\/29541","targetHints":{"allow":["GET"]}}],"collection":[{"href":"https:\/\/bibliotecavigil.org.ar\/inicio\/wp-json\/wp\/v2\/posts"}],"about":[{"href":"https:\/\/bibliotecavigil.org.ar\/inicio\/wp-json\/wp\/v2\/types\/post"}],"author":[{"embeddable":true,"href":"https:\/\/bibliotecavigil.org.ar\/inicio\/wp-json\/wp\/v2\/users\/3"}],"replies":[{"embeddable":true,"href":"https:\/\/bibliotecavigil.org.ar\/inicio\/wp-json\/wp\/v2\/comments?post=29541"}],"version-history":[{"count":5,"href":"https:\/\/bibliotecavigil.org.ar\/inicio\/wp-json\/wp\/v2\/posts\/29541\/revisions"}],"predecessor-version":[{"id":29554,"href":"https:\/\/bibliotecavigil.org.ar\/inicio\/wp-json\/wp\/v2\/posts\/29541\/revisions\/29554"}],"wp:featuredmedia":[{"embeddable":true,"href":"https:\/\/bibliotecavigil.org.ar\/inicio\/wp-json\/wp\/v2\/media\/29545"}],"wp:attachment":[{"href":"https:\/\/bibliotecavigil.org.ar\/inicio\/wp-json\/wp\/v2\/media?parent=29541"}],"wp:term":[{"taxonomy":"category","embeddable":true,"href":"https:\/\/bibliotecavigil.org.ar\/inicio\/wp-json\/wp\/v2\/categories?post=29541"},{"taxonomy":"post_tag","embeddable":true,"href":"https:\/\/bibliotecavigil.org.ar\/inicio\/wp-json\/wp\/v2\/tags?post=29541"}],"curies":[{"name":"wp","href":"https:\/\/api.w.org\/{rel}","templated":true}]}}