{"id":29656,"date":"2021-08-20T21:28:44","date_gmt":"2021-08-20T21:28:44","guid":{"rendered":"https:\/\/bibliotecavigil.org.ar\/inicio\/?p=29656"},"modified":"2021-08-20T21:28:49","modified_gmt":"2021-08-20T21:28:49","slug":"nuevo-ciclo-de-dialogos-educativos","status":"publish","type":"post","link":"https:\/\/bibliotecavigil.org.ar\/inicio\/nuevo-ciclo-de-dialogos-educativos\/","title":{"rendered":"Nuevo Ciclo de Di\u00e1logos Educativos"},"content":{"rendered":"\n<p>Comienza un nuevo Ciclo de Di\u00e1logos Educativos entre La Vigil y el Instituto Houssay.<\/p>\n\n\n\n<p>\u25ba \u201cGeograf\u00eda y actualidad: entre el debate y la ense\u00f1anza\u201d<\/p>\n\n\n\n<p>Celebrando los 40 a\u00f1os del Profesorado de Educaci\u00f3n Secundaria en Geograf\u00eda, abrimos este ciclo con el prop\u00f3sito de ampliar la mirada actual que tiene la disciplina sobre su ense\u00f1anza y fortalecer el desarrollo de una mirada cr\u00edtica que nos permita como sociedad comprender las tensiones e intereses pol\u00edticos, econ\u00f3micos, sociales y ambientales sobre el territorio.<\/p>\n\n\n\n<p>Les esperamos en estos 5 encuentros:<\/p>\n\n\n\n<p>\u25ac 25\/08, 18.30 h, Daniela Guberman: \u00abGeograf\u00eda de G\u00e9nero en relaci\u00f3n a la ESI y a la Educaci\u00f3n Ambiental\u00bb &nbsp;<\/p>\n\n\n\n<p>\u25ac 31\/08, 18.30 h, Carlos Del Frade: \u00abLa Hidrov\u00eda Paran\u00e1 y su incidencia en la econom\u00eda del pa\u00eds\u00bb<\/p>\n\n\n\n<p>\u25ac 03\/9, 18.30 h, Jesica Viand: \u00abRiesgos y adaptaci\u00f3n al cambio clim\u00e1tico en ciudades\u00bb&nbsp;<\/p>\n\n\n\n<p>\u25ac 13\/09 18.30 h, Raquel Gurevich: \u00abLa ense\u00f1anza de la geograf\u00eda en el nivel secundario en tiempos de pandemia\u00bb<\/p>\n\n\n\n<p>\u25ac 16\/09, 18.30 h, Diego Garc\u00eda R\u00edos: \u00ab\u00bfPor qu\u00e9 ense\u00f1ar Geograf\u00eda en la escuela?\u00bb<\/p>\n\n\n\n<p>El conversatorio es abierto a todo p\u00fablico, #GRATUITO y se transmitir\u00e1 en vivo por nuestro canal de <a href=\"https:\/\/www.youtube.com\/channel\/UC7Xm3jqJo-pUBhpzLRpqjag\" target=\"_blank\" rel=\"noreferrer noopener\">Youtube<\/a>.<\/p>\n\n\n\n<p>\u25ac &#x26a0; \u00a1IMPORTANTE! La participaci\u00f3n en los conversatorios de toda la jornada tendr\u00e1 certificado que otorga puntaje para docentes, ser\u00e1 sin evaluaci\u00f3n. Para obtener certificado inscribirse haciendo click <a href=\"https:\/\/docs.google.com\/forms\/d\/1BseB8RjEkeDzPaNPtXtstyiwRwJg15wyUQwGxtiGOT8\/viewform?edit_requested=true\" target=\"_blank\" rel=\"noreferrer noopener\">ac\u00e1<\/a> y llenando el formulario.<\/p>\n\n\n\n<p><\/p>\n\n\n\n<figure class=\"wp-block-image size-large\"><a href=\"https:\/\/bibliotecavigil.org.ar\/inicio\/wp-content\/uploads\/2021\/08\/conversatorio-georafia-IG-story.jpg\"><img decoding=\"async\" width=\"576\" height=\"1024\" data-src=\"https:\/\/bibliotecavigil.org.ar\/inicio\/wp-content\/uploads\/2021\/08\/conversatorio-georafia-IG-story-576x1024.jpg\" alt=\"\" class=\"wp-image-29657 lazyload\" data-srcset=\"https:\/\/bibliotecavigil.org.ar\/inicio\/wp-content\/uploads\/2021\/08\/conversatorio-georafia-IG-story-576x1024.jpg 576w, https:\/\/bibliotecavigil.org.ar\/inicio\/wp-content\/uploads\/2021\/08\/conversatorio-georafia-IG-story-480x854.jpg 480w\" data-sizes=\"(min-width: 0px) and (max-width: 480px) 480px, (min-width: 481px) 576px, 100vw\" src=\"data:image\/svg+xml;base64,PHN2ZyB3aWR0aD0iMSIgaGVpZ2h0PSIxIiB4bWxucz0iaHR0cDovL3d3dy53My5vcmcvMjAwMC9zdmciPjwvc3ZnPg==\" style=\"--smush-placeholder-width: 576px; --smush-placeholder-aspect-ratio: 576\/1024;\" \/><\/a><\/figure>\n\n\n\n<p><\/p>\n","protected":false},"excerpt":{"rendered":"<p>Comienza un nuevo Ciclo de Di\u00e1logos Educativos entre La Vigil y el Instituto Houssay. \u25ba \u201cGeograf\u00eda y actualidad: entre el debate y la ense\u00f1anza\u201d Celebrando los 40 a\u00f1os del Profesorado de Educaci\u00f3n Secundaria en Geograf\u00eda, abrimos este ciclo con el prop\u00f3sito de ampliar la mirada actual que tiene la disciplina sobre su ense\u00f1anza y fortalecer [&hellip;]<\/p>\n","protected":false},"author":3,"featured_media":29660,"comment_status":"open","ping_status":"closed","sticky":false,"template":"","format":"standard","meta":{"_et_pb_use_builder":"off","_et_pb_old_content":"","_et_gb_content_width":"1920","footnotes":""},"categories":[1],"tags":[123,124],"class_list":["post-29656","post","type-post","status-publish","format-standard","has-post-thumbnail","hentry","category-sin-categoria","tag-dialogos","tag-educativos"],"yoast_head":"<!-- This site is optimized with the Yoast SEO plugin v27.5 - https:\/\/yoast.com\/product\/yoast-seo-wordpress\/ -->\n<title>Nuevo Ciclo de Di\u00e1logos Educativos - Biblioteca Vigil<\/title>\n<meta name=\"robots\" content=\"index, follow, max-snippet:-1, max-image-preview:large, max-video-preview:-1\" \/>\n<link rel=\"canonical\" href=\"https:\/\/bibliotecavigil.org.ar\/inicio\/nuevo-ciclo-de-dialogos-educativos\/\" \/>\n<meta property=\"og:locale\" content=\"es_ES\" \/>\n<meta property=\"og:type\" content=\"article\" \/>\n<meta property=\"og:title\" content=\"Nuevo Ciclo de Di\u00e1logos Educativos - Biblioteca Vigil\" \/>\n<meta property=\"og:description\" content=\"Comienza un nuevo Ciclo de Di\u00e1logos Educativos entre La Vigil y el Instituto Houssay. \u25ba \u201cGeograf\u00eda y actualidad: entre el debate y la ense\u00f1anza\u201d Celebrando los 40 a\u00f1os del Profesorado de Educaci\u00f3n Secundaria en Geograf\u00eda, abrimos este ciclo con el prop\u00f3sito de ampliar la mirada actual que tiene la disciplina sobre su ense\u00f1anza y fortalecer [&hellip;]\" \/>\n<meta property=\"og:url\" content=\"https:\/\/bibliotecavigil.org.ar\/inicio\/nuevo-ciclo-de-dialogos-educativos\/\" \/>\n<meta property=\"og:site_name\" content=\"Biblioteca Vigil\" \/>\n<meta property=\"article:published_time\" content=\"2021-08-20T21:28:44+00:00\" \/>\n<meta property=\"article:modified_time\" content=\"2021-08-20T21:28:49+00:00\" \/>\n<meta property=\"og:image\" content=\"https:\/\/bibliotecavigil.org.ar\/inicio\/wp-content\/uploads\/2021\/08\/conversatorio-georafia-web.jpg\" \/>\n\t<meta property=\"og:image:width\" content=\"400\" \/>\n\t<meta property=\"og:image:height\" content=\"250\" \/>\n\t<meta property=\"og:image:type\" content=\"image\/jpeg\" \/>\n<meta name=\"author\" content=\"Biblioteca Vigil\" \/>\n<meta name=\"twitter:card\" content=\"summary_large_image\" \/>\n<meta name=\"twitter:label1\" content=\"Escrito por\" \/>\n\t<meta name=\"twitter:data1\" content=\"Biblioteca Vigil\" \/>\n\t<meta name=\"twitter:label2\" content=\"Tiempo de lectura\" \/>\n\t<meta name=\"twitter:data2\" content=\"2 minutos\" \/>\n<script type=\"application\/ld+json\" class=\"yoast-schema-graph\">{\"@context\":\"https:\\\/\\\/schema.org\",\"@graph\":[{\"@type\":\"Article\",\"@id\":\"https:\\\/\\\/bibliotecavigil.org.ar\\\/inicio\\\/nuevo-ciclo-de-dialogos-educativos\\\/#article\",\"isPartOf\":{\"@id\":\"https:\\\/\\\/bibliotecavigil.org.ar\\\/inicio\\\/nuevo-ciclo-de-dialogos-educativos\\\/\"},\"author\":{\"name\":\"Biblioteca Vigil\",\"@id\":\"https:\\\/\\\/bibliotecavigil.org.ar\\\/inicio\\\/#\\\/schema\\\/person\\\/98530bc117d5fa50c5dc01b4fd8d3700\"},\"headline\":\"Nuevo Ciclo de Di\u00e1logos Educativos\",\"datePublished\":\"2021-08-20T21:28:44+00:00\",\"dateModified\":\"2021-08-20T21:28:49+00:00\",\"mainEntityOfPage\":{\"@id\":\"https:\\\/\\\/bibliotecavigil.org.ar\\\/inicio\\\/nuevo-ciclo-de-dialogos-educativos\\\/\"},\"wordCount\":239,\"commentCount\":7,\"publisher\":{\"@id\":\"https:\\\/\\\/bibliotecavigil.org.ar\\\/inicio\\\/#organization\"},\"image\":{\"@id\":\"https:\\\/\\\/bibliotecavigil.org.ar\\\/inicio\\\/nuevo-ciclo-de-dialogos-educativos\\\/#primaryimage\"},\"thumbnailUrl\":\"https:\\\/\\\/bibliotecavigil.org.ar\\\/inicio\\\/wp-content\\\/uploads\\\/2021\\\/08\\\/conversatorio-georafia-web.jpg\",\"keywords\":[\"dialogos\",\"educativos\"],\"inLanguage\":\"es\",\"potentialAction\":[{\"@type\":\"CommentAction\",\"name\":\"Comment\",\"target\":[\"https:\\\/\\\/bibliotecavigil.org.ar\\\/inicio\\\/nuevo-ciclo-de-dialogos-educativos\\\/#respond\"]}]},{\"@type\":\"WebPage\",\"@id\":\"https:\\\/\\\/bibliotecavigil.org.ar\\\/inicio\\\/nuevo-ciclo-de-dialogos-educativos\\\/\",\"url\":\"https:\\\/\\\/bibliotecavigil.org.ar\\\/inicio\\\/nuevo-ciclo-de-dialogos-educativos\\\/\",\"name\":\"Nuevo Ciclo de Di\u00e1logos Educativos - Biblioteca Vigil\",\"isPartOf\":{\"@id\":\"https:\\\/\\\/bibliotecavigil.org.ar\\\/inicio\\\/#website\"},\"primaryImageOfPage\":{\"@id\":\"https:\\\/\\\/bibliotecavigil.org.ar\\\/inicio\\\/nuevo-ciclo-de-dialogos-educativos\\\/#primaryimage\"},\"image\":{\"@id\":\"https:\\\/\\\/bibliotecavigil.org.ar\\\/inicio\\\/nuevo-ciclo-de-dialogos-educativos\\\/#primaryimage\"},\"thumbnailUrl\":\"https:\\\/\\\/bibliotecavigil.org.ar\\\/inicio\\\/wp-content\\\/uploads\\\/2021\\\/08\\\/conversatorio-georafia-web.jpg\",\"datePublished\":\"2021-08-20T21:28:44+00:00\",\"dateModified\":\"2021-08-20T21:28:49+00:00\",\"breadcrumb\":{\"@id\":\"https:\\\/\\\/bibliotecavigil.org.ar\\\/inicio\\\/nuevo-ciclo-de-dialogos-educativos\\\/#breadcrumb\"},\"inLanguage\":\"es\",\"potentialAction\":[{\"@type\":\"ReadAction\",\"target\":[\"https:\\\/\\\/bibliotecavigil.org.ar\\\/inicio\\\/nuevo-ciclo-de-dialogos-educativos\\\/\"]}]},{\"@type\":\"ImageObject\",\"inLanguage\":\"es\",\"@id\":\"https:\\\/\\\/bibliotecavigil.org.ar\\\/inicio\\\/nuevo-ciclo-de-dialogos-educativos\\\/#primaryimage\",\"url\":\"https:\\\/\\\/bibliotecavigil.org.ar\\\/inicio\\\/wp-content\\\/uploads\\\/2021\\\/08\\\/conversatorio-georafia-web.jpg\",\"contentUrl\":\"https:\\\/\\\/bibliotecavigil.org.ar\\\/inicio\\\/wp-content\\\/uploads\\\/2021\\\/08\\\/conversatorio-georafia-web.jpg\",\"width\":400,\"height\":250},{\"@type\":\"BreadcrumbList\",\"@id\":\"https:\\\/\\\/bibliotecavigil.org.ar\\\/inicio\\\/nuevo-ciclo-de-dialogos-educativos\\\/#breadcrumb\",\"itemListElement\":[{\"@type\":\"ListItem\",\"position\":1,\"name\":\"Portada\",\"item\":\"https:\\\/\\\/bibliotecavigil.org.ar\\\/inicio\\\/\"},{\"@type\":\"ListItem\",\"position\":2,\"name\":\"Nuevo Ciclo de Di\u00e1logos Educativos\"}]},{\"@type\":\"WebSite\",\"@id\":\"https:\\\/\\\/bibliotecavigil.org.ar\\\/inicio\\\/#website\",\"url\":\"https:\\\/\\\/bibliotecavigil.org.ar\\\/inicio\\\/\",\"name\":\"Biblioteca Vigil\",\"description\":\"Biblioteca Popular C C Vigil\",\"publisher\":{\"@id\":\"https:\\\/\\\/bibliotecavigil.org.ar\\\/inicio\\\/#organization\"},\"potentialAction\":[{\"@type\":\"SearchAction\",\"target\":{\"@type\":\"EntryPoint\",\"urlTemplate\":\"https:\\\/\\\/bibliotecavigil.org.ar\\\/inicio\\\/?s={search_term_string}\"},\"query-input\":{\"@type\":\"PropertyValueSpecification\",\"valueRequired\":true,\"valueName\":\"search_term_string\"}}],\"inLanguage\":\"es\"},{\"@type\":\"Organization\",\"@id\":\"https:\\\/\\\/bibliotecavigil.org.ar\\\/inicio\\\/#organization\",\"name\":\"Biblioteca Popular C.C.Vigil\",\"url\":\"https:\\\/\\\/bibliotecavigil.org.ar\\\/inicio\\\/\",\"logo\":{\"@type\":\"ImageObject\",\"inLanguage\":\"es\",\"@id\":\"https:\\\/\\\/bibliotecavigil.org.ar\\\/inicio\\\/#\\\/schema\\\/logo\\\/image\\\/\",\"url\":\"https:\\\/\\\/bibliotecavigil.org.ar\\\/inicio\\\/wp-content\\\/uploads\\\/2023\\\/06\\\/Logo-sin-texto-gif.gif\",\"contentUrl\":\"https:\\\/\\\/bibliotecavigil.org.ar\\\/inicio\\\/wp-content\\\/uploads\\\/2023\\\/06\\\/Logo-sin-texto-gif.gif\",\"width\":1487,\"height\":1604,\"caption\":\"Biblioteca Popular C.C.Vigil\"},\"image\":{\"@id\":\"https:\\\/\\\/bibliotecavigil.org.ar\\\/inicio\\\/#\\\/schema\\\/logo\\\/image\\\/\"}},{\"@type\":\"Person\",\"@id\":\"https:\\\/\\\/bibliotecavigil.org.ar\\\/inicio\\\/#\\\/schema\\\/person\\\/98530bc117d5fa50c5dc01b4fd8d3700\",\"name\":\"Biblioteca Vigil\",\"image\":{\"@type\":\"ImageObject\",\"inLanguage\":\"es\",\"@id\":\"https:\\\/\\\/secure.gravatar.com\\\/avatar\\\/a96b6054dc4c80cde596e2c3f42d23e4f769e395116bf277fb508315b9d8a5c5?s=96&d=mm&r=g\",\"url\":\"https:\\\/\\\/secure.gravatar.com\\\/avatar\\\/a96b6054dc4c80cde596e2c3f42d23e4f769e395116bf277fb508315b9d8a5c5?s=96&d=mm&r=g\",\"contentUrl\":\"https:\\\/\\\/secure.gravatar.com\\\/avatar\\\/a96b6054dc4c80cde596e2c3f42d23e4f769e395116bf277fb508315b9d8a5c5?s=96&d=mm&r=g\",\"caption\":\"Biblioteca Vigil\"},\"url\":\"https:\\\/\\\/bibliotecavigil.org.ar\\\/inicio\\\/author\\\/comunicacion\\\/\"}]}<\/script>\n<!-- \/ Yoast SEO plugin. -->","yoast_head_json":{"title":"Nuevo Ciclo de Di\u00e1logos Educativos - Biblioteca Vigil","robots":{"index":"index","follow":"follow","max-snippet":"max-snippet:-1","max-image-preview":"max-image-preview:large","max-video-preview":"max-video-preview:-1"},"canonical":"https:\/\/bibliotecavigil.org.ar\/inicio\/nuevo-ciclo-de-dialogos-educativos\/","og_locale":"es_ES","og_type":"article","og_title":"Nuevo Ciclo de Di\u00e1logos Educativos - Biblioteca Vigil","og_description":"Comienza un nuevo Ciclo de Di\u00e1logos Educativos entre La Vigil y el Instituto Houssay. \u25ba \u201cGeograf\u00eda y actualidad: entre el debate y la ense\u00f1anza\u201d Celebrando los 40 a\u00f1os del Profesorado de Educaci\u00f3n Secundaria en Geograf\u00eda, abrimos este ciclo con el prop\u00f3sito de ampliar la mirada actual que tiene la disciplina sobre su ense\u00f1anza y fortalecer [&hellip;]","og_url":"https:\/\/bibliotecavigil.org.ar\/inicio\/nuevo-ciclo-de-dialogos-educativos\/","og_site_name":"Biblioteca Vigil","article_published_time":"2021-08-20T21:28:44+00:00","article_modified_time":"2021-08-20T21:28:49+00:00","og_image":[{"width":400,"height":250,"url":"https:\/\/bibliotecavigil.org.ar\/inicio\/wp-content\/uploads\/2021\/08\/conversatorio-georafia-web.jpg","type":"image\/jpeg"}],"author":"Biblioteca Vigil","twitter_card":"summary_large_image","twitter_misc":{"Escrito por":"Biblioteca Vigil","Tiempo de lectura":"2 minutos"},"schema":{"@context":"https:\/\/schema.org","@graph":[{"@type":"Article","@id":"https:\/\/bibliotecavigil.org.ar\/inicio\/nuevo-ciclo-de-dialogos-educativos\/#article","isPartOf":{"@id":"https:\/\/bibliotecavigil.org.ar\/inicio\/nuevo-ciclo-de-dialogos-educativos\/"},"author":{"name":"Biblioteca Vigil","@id":"https:\/\/bibliotecavigil.org.ar\/inicio\/#\/schema\/person\/98530bc117d5fa50c5dc01b4fd8d3700"},"headline":"Nuevo Ciclo de Di\u00e1logos Educativos","datePublished":"2021-08-20T21:28:44+00:00","dateModified":"2021-08-20T21:28:49+00:00","mainEntityOfPage":{"@id":"https:\/\/bibliotecavigil.org.ar\/inicio\/nuevo-ciclo-de-dialogos-educativos\/"},"wordCount":239,"commentCount":7,"publisher":{"@id":"https:\/\/bibliotecavigil.org.ar\/inicio\/#organization"},"image":{"@id":"https:\/\/bibliotecavigil.org.ar\/inicio\/nuevo-ciclo-de-dialogos-educativos\/#primaryimage"},"thumbnailUrl":"https:\/\/bibliotecavigil.org.ar\/inicio\/wp-content\/uploads\/2021\/08\/conversatorio-georafia-web.jpg","keywords":["dialogos","educativos"],"inLanguage":"es","potentialAction":[{"@type":"CommentAction","name":"Comment","target":["https:\/\/bibliotecavigil.org.ar\/inicio\/nuevo-ciclo-de-dialogos-educativos\/#respond"]}]},{"@type":"WebPage","@id":"https:\/\/bibliotecavigil.org.ar\/inicio\/nuevo-ciclo-de-dialogos-educativos\/","url":"https:\/\/bibliotecavigil.org.ar\/inicio\/nuevo-ciclo-de-dialogos-educativos\/","name":"Nuevo Ciclo de Di\u00e1logos Educativos - Biblioteca Vigil","isPartOf":{"@id":"https:\/\/bibliotecavigil.org.ar\/inicio\/#website"},"primaryImageOfPage":{"@id":"https:\/\/bibliotecavigil.org.ar\/inicio\/nuevo-ciclo-de-dialogos-educativos\/#primaryimage"},"image":{"@id":"https:\/\/bibliotecavigil.org.ar\/inicio\/nuevo-ciclo-de-dialogos-educativos\/#primaryimage"},"thumbnailUrl":"https:\/\/bibliotecavigil.org.ar\/inicio\/wp-content\/uploads\/2021\/08\/conversatorio-georafia-web.jpg","datePublished":"2021-08-20T21:28:44+00:00","dateModified":"2021-08-20T21:28:49+00:00","breadcrumb":{"@id":"https:\/\/bibliotecavigil.org.ar\/inicio\/nuevo-ciclo-de-dialogos-educativos\/#breadcrumb"},"inLanguage":"es","potentialAction":[{"@type":"ReadAction","target":["https:\/\/bibliotecavigil.org.ar\/inicio\/nuevo-ciclo-de-dialogos-educativos\/"]}]},{"@type":"ImageObject","inLanguage":"es","@id":"https:\/\/bibliotecavigil.org.ar\/inicio\/nuevo-ciclo-de-dialogos-educativos\/#primaryimage","url":"https:\/\/bibliotecavigil.org.ar\/inicio\/wp-content\/uploads\/2021\/08\/conversatorio-georafia-web.jpg","contentUrl":"https:\/\/bibliotecavigil.org.ar\/inicio\/wp-content\/uploads\/2021\/08\/conversatorio-georafia-web.jpg","width":400,"height":250},{"@type":"BreadcrumbList","@id":"https:\/\/bibliotecavigil.org.ar\/inicio\/nuevo-ciclo-de-dialogos-educativos\/#breadcrumb","itemListElement":[{"@type":"ListItem","position":1,"name":"Portada","item":"https:\/\/bibliotecavigil.org.ar\/inicio\/"},{"@type":"ListItem","position":2,"name":"Nuevo Ciclo de Di\u00e1logos Educativos"}]},{"@type":"WebSite","@id":"https:\/\/bibliotecavigil.org.ar\/inicio\/#website","url":"https:\/\/bibliotecavigil.org.ar\/inicio\/","name":"Biblioteca Vigil","description":"Biblioteca Popular C C Vigil","publisher":{"@id":"https:\/\/bibliotecavigil.org.ar\/inicio\/#organization"},"potentialAction":[{"@type":"SearchAction","target":{"@type":"EntryPoint","urlTemplate":"https:\/\/bibliotecavigil.org.ar\/inicio\/?s={search_term_string}"},"query-input":{"@type":"PropertyValueSpecification","valueRequired":true,"valueName":"search_term_string"}}],"inLanguage":"es"},{"@type":"Organization","@id":"https:\/\/bibliotecavigil.org.ar\/inicio\/#organization","name":"Biblioteca Popular C.C.Vigil","url":"https:\/\/bibliotecavigil.org.ar\/inicio\/","logo":{"@type":"ImageObject","inLanguage":"es","@id":"https:\/\/bibliotecavigil.org.ar\/inicio\/#\/schema\/logo\/image\/","url":"https:\/\/bibliotecavigil.org.ar\/inicio\/wp-content\/uploads\/2023\/06\/Logo-sin-texto-gif.gif","contentUrl":"https:\/\/bibliotecavigil.org.ar\/inicio\/wp-content\/uploads\/2023\/06\/Logo-sin-texto-gif.gif","width":1487,"height":1604,"caption":"Biblioteca Popular C.C.Vigil"},"image":{"@id":"https:\/\/bibliotecavigil.org.ar\/inicio\/#\/schema\/logo\/image\/"}},{"@type":"Person","@id":"https:\/\/bibliotecavigil.org.ar\/inicio\/#\/schema\/person\/98530bc117d5fa50c5dc01b4fd8d3700","name":"Biblioteca Vigil","image":{"@type":"ImageObject","inLanguage":"es","@id":"https:\/\/secure.gravatar.com\/avatar\/a96b6054dc4c80cde596e2c3f42d23e4f769e395116bf277fb508315b9d8a5c5?s=96&d=mm&r=g","url":"https:\/\/secure.gravatar.com\/avatar\/a96b6054dc4c80cde596e2c3f42d23e4f769e395116bf277fb508315b9d8a5c5?s=96&d=mm&r=g","contentUrl":"https:\/\/secure.gravatar.com\/avatar\/a96b6054dc4c80cde596e2c3f42d23e4f769e395116bf277fb508315b9d8a5c5?s=96&d=mm&r=g","caption":"Biblioteca Vigil"},"url":"https:\/\/bibliotecavigil.org.ar\/inicio\/author\/comunicacion\/"}]}},"_links":{"self":[{"href":"https:\/\/bibliotecavigil.org.ar\/inicio\/wp-json\/wp\/v2\/posts\/29656","targetHints":{"allow":["GET"]}}],"collection":[{"href":"https:\/\/bibliotecavigil.org.ar\/inicio\/wp-json\/wp\/v2\/posts"}],"about":[{"href":"https:\/\/bibliotecavigil.org.ar\/inicio\/wp-json\/wp\/v2\/types\/post"}],"author":[{"embeddable":true,"href":"https:\/\/bibliotecavigil.org.ar\/inicio\/wp-json\/wp\/v2\/users\/3"}],"replies":[{"embeddable":true,"href":"https:\/\/bibliotecavigil.org.ar\/inicio\/wp-json\/wp\/v2\/comments?post=29656"}],"version-history":[{"count":1,"href":"https:\/\/bibliotecavigil.org.ar\/inicio\/wp-json\/wp\/v2\/posts\/29656\/revisions"}],"predecessor-version":[{"id":29661,"href":"https:\/\/bibliotecavigil.org.ar\/inicio\/wp-json\/wp\/v2\/posts\/29656\/revisions\/29661"}],"wp:featuredmedia":[{"embeddable":true,"href":"https:\/\/bibliotecavigil.org.ar\/inicio\/wp-json\/wp\/v2\/media\/29660"}],"wp:attachment":[{"href":"https:\/\/bibliotecavigil.org.ar\/inicio\/wp-json\/wp\/v2\/media?parent=29656"}],"wp:term":[{"taxonomy":"category","embeddable":true,"href":"https:\/\/bibliotecavigil.org.ar\/inicio\/wp-json\/wp\/v2\/categories?post=29656"},{"taxonomy":"post_tag","embeddable":true,"href":"https:\/\/bibliotecavigil.org.ar\/inicio\/wp-json\/wp\/v2\/tags?post=29656"}],"curies":[{"name":"wp","href":"https:\/\/api.w.org\/{rel}","templated":true}]}}