{"id":29702,"date":"2021-08-31T17:35:21","date_gmt":"2021-08-31T17:35:21","guid":{"rendered":"https:\/\/bibliotecavigil.org.ar\/inicio\/?p=29702"},"modified":"2021-08-31T17:35:25","modified_gmt":"2021-08-31T17:35:25","slug":"muestra-tomar-medidas-cuerpos-sin-patrones-y-mas-alla-de-los-estereotipos","status":"publish","type":"post","link":"https:\/\/bibliotecavigil.org.ar\/inicio\/muestra-tomar-medidas-cuerpos-sin-patrones-y-mas-alla-de-los-estereotipos\/","title":{"rendered":"Muestra: Tomar medidas. Cuerpos sin patrones y m\u00e1s all\u00e1 de los estereotipos."},"content":{"rendered":"\n<p>\u201cLo que no encaja, lo que excede, lo que estalla l\u00edmites, costuras y cierres, asientos de micros, fronteras, ficciones, deseos.\u201d Manifiesto Gordx<\/p>\n\n\n\n<p><\/p>\n\n\n\n<p>\u25ba Inauguramos la Muestra: Tomar medidas. Cuerpos sin patrones y m\u00e1s all\u00e1 de los estereotipos.<\/p>\n\n\n\n<p><\/p>\n\n\n\n<p>Las artistas Celeste Depiante y Gala Perigo cuestionan y reflexionan sobre las intenciones de la industria est\u00e9tica y cultural, deconstruyendo estereotipos para poder pensarnos como sujetxs diversxs y construirnos por fuera del \u201cdeber ser\u201d, invit\u00e1ndonos a pensar otras corporalidades por fuera de los c\u00e1nones de belleza mort\u00edferos vigentes que operan como pedagog\u00edas de la crueldad.<\/p>\n\n\n\n<p>Curadoras: Cynthia Blacon\u00e1 y Sabina Florio.<\/p>\n\n\n\n<p><\/p>\n\n\n\n<p>\u25ac Lxs esperamos este s\u00e1bado 4 de septiembre, a las 19hs en La Vigil (Gaboto 450).<\/p>\n\n\n\n<p>\u25ac La muestra se podr\u00e1 visitar desde el 4 al 30 de septiembre, de lunes a viernes de 15 a 20 hs.<\/p>\n\n\n\n<p>El evento se realizar\u00e1 cumpliendo con los protocolos sanitarios correspondientes.<\/p>\n\n\n\n<p><\/p>\n\n\n\n<figure class=\"wp-block-image size-large is-resized\"><a href=\"https:\/\/bibliotecavigil.org.ar\/inicio\/wp-content\/uploads\/2021\/08\/Tomar-medidas-ig-feed.jpg\"><img decoding=\"async\" data-src=\"https:\/\/bibliotecavigil.org.ar\/inicio\/wp-content\/uploads\/2021\/08\/Tomar-medidas-ig-feed-1024x1024.jpg\" alt=\"\" class=\"wp-image-29703 lazyload\" width=\"558\" height=\"558\" src=\"data:image\/svg+xml;base64,PHN2ZyB3aWR0aD0iMSIgaGVpZ2h0PSIxIiB4bWxucz0iaHR0cDovL3d3dy53My5vcmcvMjAwMC9zdmciPjwvc3ZnPg==\" style=\"--smush-placeholder-width: 558px; --smush-placeholder-aspect-ratio: 558\/558;\" \/><\/a><\/figure>\n\n\n\n<p><\/p>\n\n\n\n<p>Sobre la muestra:<\/p>\n\n\n\n<p>La soberan\u00eda y autonom\u00eda corporal desborda en la actualidad los debates sobre la interrupci\u00f3n voluntaria del embarazo. Con la potencia del activismo Gordx, la cuesti\u00f3n de las corporalidades se ha transformado en un eje clave para los movimientos feministas y disidentes sexo-corporales, y los debates apuntan a desmantelar los patrones impuestos y visibilizar las muchas y diversas maneras en las que el sistema discrimina y oprime a nuestros cuerpos.<\/p>\n\n\n\n<p>Celeste Depiante y Gala Perigo, tornan visible en sus proyectos finales c\u00f3mo el mercado y los diversos medios de comunicaci\u00f3n de masas modelan la subjetividad de lxs mujerxs al reproducir un canon hegem\u00f3nico de cuerpo estereotipado, heteronormativo y patriarcal.<\/p>\n\n\n\n<p>En el caso de Celeste Depiante, desde una narrativa est\u00e9tica fuertemente autobiogr\u00e1fica, la artista pone en escena una experiencia propia, es decir, ese instante cuando deja de pertenecer al tan aclamado y deseado talle \u00fanico. Una siniestra m\u00e1quina transportadora de cuerpos en serie, reproducidos por colada de la mu\u00f1eca Barbie, que caen al vac\u00edo haci\u00e9ndose a\u00f1icos, torna visible la fragilidad de los cuerpos sometidos a los c\u00e1nones de la industria de la publicidad y la belleza, del que es sumamente complejo salir. Gala Perigo, conversa con su cuerpo tom\u00e1ndose medidas para provocar m\u00faltiples formas que subvierten los patrones de medida estandarizados. Apelando a la cinta de costura construye figuras inquietantes que procuran desencorsetar las normatividades ancladas en nuestras carnes y revelarnos la arbitrariedad de las medidas can\u00f3nicas.<\/p>\n","protected":false},"excerpt":{"rendered":"<p>\u201cLo que no encaja, lo que excede, lo que estalla l\u00edmites, costuras y cierres, asientos de micros, fronteras, ficciones, deseos.\u201d Manifiesto Gordx \u25ba Inauguramos la Muestra: Tomar medidas. Cuerpos sin patrones y m\u00e1s all\u00e1 de los estereotipos. Las artistas Celeste Depiante y Gala Perigo cuestionan y reflexionan sobre las intenciones de la industria est\u00e9tica y [&hellip;]<\/p>\n","protected":false},"author":3,"featured_media":29704,"comment_status":"open","ping_status":"closed","sticky":false,"template":"","format":"standard","meta":{"_et_pb_use_builder":"off","_et_pb_old_content":"","_et_gb_content_width":"1920","footnotes":""},"categories":[1],"tags":[105,70],"class_list":["post-29702","post","type-post","status-publish","format-standard","has-post-thumbnail","hentry","category-sin-categoria","tag-arte","tag-muestra"],"yoast_head":"<!-- This site is optimized with the Yoast SEO plugin v27.5 - https:\/\/yoast.com\/product\/yoast-seo-wordpress\/ -->\n<title>Muestra: Tomar medidas. Cuerpos sin patrones y m\u00e1s all\u00e1 de los estereotipos. - Biblioteca Vigil<\/title>\n<meta name=\"robots\" content=\"index, follow, max-snippet:-1, max-image-preview:large, max-video-preview:-1\" \/>\n<link rel=\"canonical\" href=\"https:\/\/bibliotecavigil.org.ar\/inicio\/muestra-tomar-medidas-cuerpos-sin-patrones-y-mas-alla-de-los-estereotipos\/\" \/>\n<meta property=\"og:locale\" content=\"es_ES\" \/>\n<meta property=\"og:type\" content=\"article\" \/>\n<meta property=\"og:title\" content=\"Muestra: Tomar medidas. Cuerpos sin patrones y m\u00e1s all\u00e1 de los estereotipos. - Biblioteca Vigil\" \/>\n<meta property=\"og:description\" content=\"\u201cLo que no encaja, lo que excede, lo que estalla l\u00edmites, costuras y cierres, asientos de micros, fronteras, ficciones, deseos.\u201d Manifiesto Gordx \u25ba Inauguramos la Muestra: Tomar medidas. Cuerpos sin patrones y m\u00e1s all\u00e1 de los estereotipos. Las artistas Celeste Depiante y Gala Perigo cuestionan y reflexionan sobre las intenciones de la industria est\u00e9tica y [&hellip;]\" \/>\n<meta property=\"og:url\" content=\"https:\/\/bibliotecavigil.org.ar\/inicio\/muestra-tomar-medidas-cuerpos-sin-patrones-y-mas-alla-de-los-estereotipos\/\" \/>\n<meta property=\"og:site_name\" content=\"Biblioteca Vigil\" \/>\n<meta property=\"article:published_time\" content=\"2021-08-31T17:35:21+00:00\" \/>\n<meta property=\"article:modified_time\" content=\"2021-08-31T17:35:25+00:00\" \/>\n<meta property=\"og:image\" content=\"https:\/\/bibliotecavigil.org.ar\/inicio\/wp-content\/uploads\/2021\/08\/Tomar-medidas-web.jpg\" \/>\n\t<meta property=\"og:image:width\" content=\"852\" \/>\n\t<meta property=\"og:image:height\" content=\"533\" \/>\n\t<meta property=\"og:image:type\" content=\"image\/jpeg\" \/>\n<meta name=\"author\" content=\"Biblioteca Vigil\" \/>\n<meta name=\"twitter:card\" content=\"summary_large_image\" \/>\n<meta name=\"twitter:label1\" content=\"Escrito por\" \/>\n\t<meta name=\"twitter:data1\" content=\"Biblioteca Vigil\" \/>\n\t<meta name=\"twitter:label2\" content=\"Tiempo de lectura\" \/>\n\t<meta name=\"twitter:data2\" content=\"2 minutos\" \/>\n<script type=\"application\/ld+json\" class=\"yoast-schema-graph\">{\"@context\":\"https:\\\/\\\/schema.org\",\"@graph\":[{\"@type\":\"Article\",\"@id\":\"https:\\\/\\\/bibliotecavigil.org.ar\\\/inicio\\\/muestra-tomar-medidas-cuerpos-sin-patrones-y-mas-alla-de-los-estereotipos\\\/#article\",\"isPartOf\":{\"@id\":\"https:\\\/\\\/bibliotecavigil.org.ar\\\/inicio\\\/muestra-tomar-medidas-cuerpos-sin-patrones-y-mas-alla-de-los-estereotipos\\\/\"},\"author\":{\"name\":\"Biblioteca Vigil\",\"@id\":\"https:\\\/\\\/bibliotecavigil.org.ar\\\/inicio\\\/#\\\/schema\\\/person\\\/98530bc117d5fa50c5dc01b4fd8d3700\"},\"headline\":\"Muestra: Tomar medidas. Cuerpos sin patrones y m\u00e1s all\u00e1 de los estereotipos.\",\"datePublished\":\"2021-08-31T17:35:21+00:00\",\"dateModified\":\"2021-08-31T17:35:25+00:00\",\"mainEntityOfPage\":{\"@id\":\"https:\\\/\\\/bibliotecavigil.org.ar\\\/inicio\\\/muestra-tomar-medidas-cuerpos-sin-patrones-y-mas-alla-de-los-estereotipos\\\/\"},\"wordCount\":414,\"commentCount\":0,\"publisher\":{\"@id\":\"https:\\\/\\\/bibliotecavigil.org.ar\\\/inicio\\\/#organization\"},\"image\":{\"@id\":\"https:\\\/\\\/bibliotecavigil.org.ar\\\/inicio\\\/muestra-tomar-medidas-cuerpos-sin-patrones-y-mas-alla-de-los-estereotipos\\\/#primaryimage\"},\"thumbnailUrl\":\"https:\\\/\\\/bibliotecavigil.org.ar\\\/inicio\\\/wp-content\\\/uploads\\\/2021\\\/08\\\/Tomar-medidas-web.jpg\",\"keywords\":[\"arte\",\"muestra\"],\"inLanguage\":\"es\",\"potentialAction\":[{\"@type\":\"CommentAction\",\"name\":\"Comment\",\"target\":[\"https:\\\/\\\/bibliotecavigil.org.ar\\\/inicio\\\/muestra-tomar-medidas-cuerpos-sin-patrones-y-mas-alla-de-los-estereotipos\\\/#respond\"]}]},{\"@type\":\"WebPage\",\"@id\":\"https:\\\/\\\/bibliotecavigil.org.ar\\\/inicio\\\/muestra-tomar-medidas-cuerpos-sin-patrones-y-mas-alla-de-los-estereotipos\\\/\",\"url\":\"https:\\\/\\\/bibliotecavigil.org.ar\\\/inicio\\\/muestra-tomar-medidas-cuerpos-sin-patrones-y-mas-alla-de-los-estereotipos\\\/\",\"name\":\"Muestra: Tomar medidas. Cuerpos sin patrones y m\u00e1s all\u00e1 de los estereotipos. - Biblioteca Vigil\",\"isPartOf\":{\"@id\":\"https:\\\/\\\/bibliotecavigil.org.ar\\\/inicio\\\/#website\"},\"primaryImageOfPage\":{\"@id\":\"https:\\\/\\\/bibliotecavigil.org.ar\\\/inicio\\\/muestra-tomar-medidas-cuerpos-sin-patrones-y-mas-alla-de-los-estereotipos\\\/#primaryimage\"},\"image\":{\"@id\":\"https:\\\/\\\/bibliotecavigil.org.ar\\\/inicio\\\/muestra-tomar-medidas-cuerpos-sin-patrones-y-mas-alla-de-los-estereotipos\\\/#primaryimage\"},\"thumbnailUrl\":\"https:\\\/\\\/bibliotecavigil.org.ar\\\/inicio\\\/wp-content\\\/uploads\\\/2021\\\/08\\\/Tomar-medidas-web.jpg\",\"datePublished\":\"2021-08-31T17:35:21+00:00\",\"dateModified\":\"2021-08-31T17:35:25+00:00\",\"breadcrumb\":{\"@id\":\"https:\\\/\\\/bibliotecavigil.org.ar\\\/inicio\\\/muestra-tomar-medidas-cuerpos-sin-patrones-y-mas-alla-de-los-estereotipos\\\/#breadcrumb\"},\"inLanguage\":\"es\",\"potentialAction\":[{\"@type\":\"ReadAction\",\"target\":[\"https:\\\/\\\/bibliotecavigil.org.ar\\\/inicio\\\/muestra-tomar-medidas-cuerpos-sin-patrones-y-mas-alla-de-los-estereotipos\\\/\"]}]},{\"@type\":\"ImageObject\",\"inLanguage\":\"es\",\"@id\":\"https:\\\/\\\/bibliotecavigil.org.ar\\\/inicio\\\/muestra-tomar-medidas-cuerpos-sin-patrones-y-mas-alla-de-los-estereotipos\\\/#primaryimage\",\"url\":\"https:\\\/\\\/bibliotecavigil.org.ar\\\/inicio\\\/wp-content\\\/uploads\\\/2021\\\/08\\\/Tomar-medidas-web.jpg\",\"contentUrl\":\"https:\\\/\\\/bibliotecavigil.org.ar\\\/inicio\\\/wp-content\\\/uploads\\\/2021\\\/08\\\/Tomar-medidas-web.jpg\",\"width\":852,\"height\":533},{\"@type\":\"BreadcrumbList\",\"@id\":\"https:\\\/\\\/bibliotecavigil.org.ar\\\/inicio\\\/muestra-tomar-medidas-cuerpos-sin-patrones-y-mas-alla-de-los-estereotipos\\\/#breadcrumb\",\"itemListElement\":[{\"@type\":\"ListItem\",\"position\":1,\"name\":\"Portada\",\"item\":\"https:\\\/\\\/bibliotecavigil.org.ar\\\/inicio\\\/\"},{\"@type\":\"ListItem\",\"position\":2,\"name\":\"Muestra: Tomar medidas. Cuerpos sin patrones y m\u00e1s all\u00e1 de los estereotipos.\"}]},{\"@type\":\"WebSite\",\"@id\":\"https:\\\/\\\/bibliotecavigil.org.ar\\\/inicio\\\/#website\",\"url\":\"https:\\\/\\\/bibliotecavigil.org.ar\\\/inicio\\\/\",\"name\":\"Biblioteca Vigil\",\"description\":\"Biblioteca Popular C C Vigil\",\"publisher\":{\"@id\":\"https:\\\/\\\/bibliotecavigil.org.ar\\\/inicio\\\/#organization\"},\"potentialAction\":[{\"@type\":\"SearchAction\",\"target\":{\"@type\":\"EntryPoint\",\"urlTemplate\":\"https:\\\/\\\/bibliotecavigil.org.ar\\\/inicio\\\/?s={search_term_string}\"},\"query-input\":{\"@type\":\"PropertyValueSpecification\",\"valueRequired\":true,\"valueName\":\"search_term_string\"}}],\"inLanguage\":\"es\"},{\"@type\":\"Organization\",\"@id\":\"https:\\\/\\\/bibliotecavigil.org.ar\\\/inicio\\\/#organization\",\"name\":\"Biblioteca Popular C.C.Vigil\",\"url\":\"https:\\\/\\\/bibliotecavigil.org.ar\\\/inicio\\\/\",\"logo\":{\"@type\":\"ImageObject\",\"inLanguage\":\"es\",\"@id\":\"https:\\\/\\\/bibliotecavigil.org.ar\\\/inicio\\\/#\\\/schema\\\/logo\\\/image\\\/\",\"url\":\"https:\\\/\\\/bibliotecavigil.org.ar\\\/inicio\\\/wp-content\\\/uploads\\\/2023\\\/06\\\/Logo-sin-texto-gif.gif\",\"contentUrl\":\"https:\\\/\\\/bibliotecavigil.org.ar\\\/inicio\\\/wp-content\\\/uploads\\\/2023\\\/06\\\/Logo-sin-texto-gif.gif\",\"width\":1487,\"height\":1604,\"caption\":\"Biblioteca Popular C.C.Vigil\"},\"image\":{\"@id\":\"https:\\\/\\\/bibliotecavigil.org.ar\\\/inicio\\\/#\\\/schema\\\/logo\\\/image\\\/\"}},{\"@type\":\"Person\",\"@id\":\"https:\\\/\\\/bibliotecavigil.org.ar\\\/inicio\\\/#\\\/schema\\\/person\\\/98530bc117d5fa50c5dc01b4fd8d3700\",\"name\":\"Biblioteca Vigil\",\"image\":{\"@type\":\"ImageObject\",\"inLanguage\":\"es\",\"@id\":\"https:\\\/\\\/secure.gravatar.com\\\/avatar\\\/a96b6054dc4c80cde596e2c3f42d23e4f769e395116bf277fb508315b9d8a5c5?s=96&d=mm&r=g\",\"url\":\"https:\\\/\\\/secure.gravatar.com\\\/avatar\\\/a96b6054dc4c80cde596e2c3f42d23e4f769e395116bf277fb508315b9d8a5c5?s=96&d=mm&r=g\",\"contentUrl\":\"https:\\\/\\\/secure.gravatar.com\\\/avatar\\\/a96b6054dc4c80cde596e2c3f42d23e4f769e395116bf277fb508315b9d8a5c5?s=96&d=mm&r=g\",\"caption\":\"Biblioteca Vigil\"},\"url\":\"https:\\\/\\\/bibliotecavigil.org.ar\\\/inicio\\\/author\\\/comunicacion\\\/\"}]}<\/script>\n<!-- \/ Yoast SEO plugin. -->","yoast_head_json":{"title":"Muestra: Tomar medidas. Cuerpos sin patrones y m\u00e1s all\u00e1 de los estereotipos. - Biblioteca Vigil","robots":{"index":"index","follow":"follow","max-snippet":"max-snippet:-1","max-image-preview":"max-image-preview:large","max-video-preview":"max-video-preview:-1"},"canonical":"https:\/\/bibliotecavigil.org.ar\/inicio\/muestra-tomar-medidas-cuerpos-sin-patrones-y-mas-alla-de-los-estereotipos\/","og_locale":"es_ES","og_type":"article","og_title":"Muestra: Tomar medidas. Cuerpos sin patrones y m\u00e1s all\u00e1 de los estereotipos. - Biblioteca Vigil","og_description":"\u201cLo que no encaja, lo que excede, lo que estalla l\u00edmites, costuras y cierres, asientos de micros, fronteras, ficciones, deseos.\u201d Manifiesto Gordx \u25ba Inauguramos la Muestra: Tomar medidas. Cuerpos sin patrones y m\u00e1s all\u00e1 de los estereotipos. Las artistas Celeste Depiante y Gala Perigo cuestionan y reflexionan sobre las intenciones de la industria est\u00e9tica y [&hellip;]","og_url":"https:\/\/bibliotecavigil.org.ar\/inicio\/muestra-tomar-medidas-cuerpos-sin-patrones-y-mas-alla-de-los-estereotipos\/","og_site_name":"Biblioteca Vigil","article_published_time":"2021-08-31T17:35:21+00:00","article_modified_time":"2021-08-31T17:35:25+00:00","og_image":[{"width":852,"height":533,"url":"https:\/\/bibliotecavigil.org.ar\/inicio\/wp-content\/uploads\/2021\/08\/Tomar-medidas-web.jpg","type":"image\/jpeg"}],"author":"Biblioteca Vigil","twitter_card":"summary_large_image","twitter_misc":{"Escrito por":"Biblioteca Vigil","Tiempo de lectura":"2 minutos"},"schema":{"@context":"https:\/\/schema.org","@graph":[{"@type":"Article","@id":"https:\/\/bibliotecavigil.org.ar\/inicio\/muestra-tomar-medidas-cuerpos-sin-patrones-y-mas-alla-de-los-estereotipos\/#article","isPartOf":{"@id":"https:\/\/bibliotecavigil.org.ar\/inicio\/muestra-tomar-medidas-cuerpos-sin-patrones-y-mas-alla-de-los-estereotipos\/"},"author":{"name":"Biblioteca Vigil","@id":"https:\/\/bibliotecavigil.org.ar\/inicio\/#\/schema\/person\/98530bc117d5fa50c5dc01b4fd8d3700"},"headline":"Muestra: Tomar medidas. Cuerpos sin patrones y m\u00e1s all\u00e1 de los estereotipos.","datePublished":"2021-08-31T17:35:21+00:00","dateModified":"2021-08-31T17:35:25+00:00","mainEntityOfPage":{"@id":"https:\/\/bibliotecavigil.org.ar\/inicio\/muestra-tomar-medidas-cuerpos-sin-patrones-y-mas-alla-de-los-estereotipos\/"},"wordCount":414,"commentCount":0,"publisher":{"@id":"https:\/\/bibliotecavigil.org.ar\/inicio\/#organization"},"image":{"@id":"https:\/\/bibliotecavigil.org.ar\/inicio\/muestra-tomar-medidas-cuerpos-sin-patrones-y-mas-alla-de-los-estereotipos\/#primaryimage"},"thumbnailUrl":"https:\/\/bibliotecavigil.org.ar\/inicio\/wp-content\/uploads\/2021\/08\/Tomar-medidas-web.jpg","keywords":["arte","muestra"],"inLanguage":"es","potentialAction":[{"@type":"CommentAction","name":"Comment","target":["https:\/\/bibliotecavigil.org.ar\/inicio\/muestra-tomar-medidas-cuerpos-sin-patrones-y-mas-alla-de-los-estereotipos\/#respond"]}]},{"@type":"WebPage","@id":"https:\/\/bibliotecavigil.org.ar\/inicio\/muestra-tomar-medidas-cuerpos-sin-patrones-y-mas-alla-de-los-estereotipos\/","url":"https:\/\/bibliotecavigil.org.ar\/inicio\/muestra-tomar-medidas-cuerpos-sin-patrones-y-mas-alla-de-los-estereotipos\/","name":"Muestra: Tomar medidas. Cuerpos sin patrones y m\u00e1s all\u00e1 de los estereotipos. - Biblioteca Vigil","isPartOf":{"@id":"https:\/\/bibliotecavigil.org.ar\/inicio\/#website"},"primaryImageOfPage":{"@id":"https:\/\/bibliotecavigil.org.ar\/inicio\/muestra-tomar-medidas-cuerpos-sin-patrones-y-mas-alla-de-los-estereotipos\/#primaryimage"},"image":{"@id":"https:\/\/bibliotecavigil.org.ar\/inicio\/muestra-tomar-medidas-cuerpos-sin-patrones-y-mas-alla-de-los-estereotipos\/#primaryimage"},"thumbnailUrl":"https:\/\/bibliotecavigil.org.ar\/inicio\/wp-content\/uploads\/2021\/08\/Tomar-medidas-web.jpg","datePublished":"2021-08-31T17:35:21+00:00","dateModified":"2021-08-31T17:35:25+00:00","breadcrumb":{"@id":"https:\/\/bibliotecavigil.org.ar\/inicio\/muestra-tomar-medidas-cuerpos-sin-patrones-y-mas-alla-de-los-estereotipos\/#breadcrumb"},"inLanguage":"es","potentialAction":[{"@type":"ReadAction","target":["https:\/\/bibliotecavigil.org.ar\/inicio\/muestra-tomar-medidas-cuerpos-sin-patrones-y-mas-alla-de-los-estereotipos\/"]}]},{"@type":"ImageObject","inLanguage":"es","@id":"https:\/\/bibliotecavigil.org.ar\/inicio\/muestra-tomar-medidas-cuerpos-sin-patrones-y-mas-alla-de-los-estereotipos\/#primaryimage","url":"https:\/\/bibliotecavigil.org.ar\/inicio\/wp-content\/uploads\/2021\/08\/Tomar-medidas-web.jpg","contentUrl":"https:\/\/bibliotecavigil.org.ar\/inicio\/wp-content\/uploads\/2021\/08\/Tomar-medidas-web.jpg","width":852,"height":533},{"@type":"BreadcrumbList","@id":"https:\/\/bibliotecavigil.org.ar\/inicio\/muestra-tomar-medidas-cuerpos-sin-patrones-y-mas-alla-de-los-estereotipos\/#breadcrumb","itemListElement":[{"@type":"ListItem","position":1,"name":"Portada","item":"https:\/\/bibliotecavigil.org.ar\/inicio\/"},{"@type":"ListItem","position":2,"name":"Muestra: Tomar medidas. Cuerpos sin patrones y m\u00e1s all\u00e1 de los estereotipos."}]},{"@type":"WebSite","@id":"https:\/\/bibliotecavigil.org.ar\/inicio\/#website","url":"https:\/\/bibliotecavigil.org.ar\/inicio\/","name":"Biblioteca Vigil","description":"Biblioteca Popular C C Vigil","publisher":{"@id":"https:\/\/bibliotecavigil.org.ar\/inicio\/#organization"},"potentialAction":[{"@type":"SearchAction","target":{"@type":"EntryPoint","urlTemplate":"https:\/\/bibliotecavigil.org.ar\/inicio\/?s={search_term_string}"},"query-input":{"@type":"PropertyValueSpecification","valueRequired":true,"valueName":"search_term_string"}}],"inLanguage":"es"},{"@type":"Organization","@id":"https:\/\/bibliotecavigil.org.ar\/inicio\/#organization","name":"Biblioteca Popular C.C.Vigil","url":"https:\/\/bibliotecavigil.org.ar\/inicio\/","logo":{"@type":"ImageObject","inLanguage":"es","@id":"https:\/\/bibliotecavigil.org.ar\/inicio\/#\/schema\/logo\/image\/","url":"https:\/\/bibliotecavigil.org.ar\/inicio\/wp-content\/uploads\/2023\/06\/Logo-sin-texto-gif.gif","contentUrl":"https:\/\/bibliotecavigil.org.ar\/inicio\/wp-content\/uploads\/2023\/06\/Logo-sin-texto-gif.gif","width":1487,"height":1604,"caption":"Biblioteca Popular C.C.Vigil"},"image":{"@id":"https:\/\/bibliotecavigil.org.ar\/inicio\/#\/schema\/logo\/image\/"}},{"@type":"Person","@id":"https:\/\/bibliotecavigil.org.ar\/inicio\/#\/schema\/person\/98530bc117d5fa50c5dc01b4fd8d3700","name":"Biblioteca Vigil","image":{"@type":"ImageObject","inLanguage":"es","@id":"https:\/\/secure.gravatar.com\/avatar\/a96b6054dc4c80cde596e2c3f42d23e4f769e395116bf277fb508315b9d8a5c5?s=96&d=mm&r=g","url":"https:\/\/secure.gravatar.com\/avatar\/a96b6054dc4c80cde596e2c3f42d23e4f769e395116bf277fb508315b9d8a5c5?s=96&d=mm&r=g","contentUrl":"https:\/\/secure.gravatar.com\/avatar\/a96b6054dc4c80cde596e2c3f42d23e4f769e395116bf277fb508315b9d8a5c5?s=96&d=mm&r=g","caption":"Biblioteca Vigil"},"url":"https:\/\/bibliotecavigil.org.ar\/inicio\/author\/comunicacion\/"}]}},"_links":{"self":[{"href":"https:\/\/bibliotecavigil.org.ar\/inicio\/wp-json\/wp\/v2\/posts\/29702","targetHints":{"allow":["GET"]}}],"collection":[{"href":"https:\/\/bibliotecavigil.org.ar\/inicio\/wp-json\/wp\/v2\/posts"}],"about":[{"href":"https:\/\/bibliotecavigil.org.ar\/inicio\/wp-json\/wp\/v2\/types\/post"}],"author":[{"embeddable":true,"href":"https:\/\/bibliotecavigil.org.ar\/inicio\/wp-json\/wp\/v2\/users\/3"}],"replies":[{"embeddable":true,"href":"https:\/\/bibliotecavigil.org.ar\/inicio\/wp-json\/wp\/v2\/comments?post=29702"}],"version-history":[{"count":1,"href":"https:\/\/bibliotecavigil.org.ar\/inicio\/wp-json\/wp\/v2\/posts\/29702\/revisions"}],"predecessor-version":[{"id":29705,"href":"https:\/\/bibliotecavigil.org.ar\/inicio\/wp-json\/wp\/v2\/posts\/29702\/revisions\/29705"}],"wp:featuredmedia":[{"embeddable":true,"href":"https:\/\/bibliotecavigil.org.ar\/inicio\/wp-json\/wp\/v2\/media\/29704"}],"wp:attachment":[{"href":"https:\/\/bibliotecavigil.org.ar\/inicio\/wp-json\/wp\/v2\/media?parent=29702"}],"wp:term":[{"taxonomy":"category","embeddable":true,"href":"https:\/\/bibliotecavigil.org.ar\/inicio\/wp-json\/wp\/v2\/categories?post=29702"},{"taxonomy":"post_tag","embeddable":true,"href":"https:\/\/bibliotecavigil.org.ar\/inicio\/wp-json\/wp\/v2\/tags?post=29702"}],"curies":[{"name":"wp","href":"https:\/\/api.w.org\/{rel}","templated":true}]}}