{"id":29751,"date":"2021-09-09T15:06:59","date_gmt":"2021-09-09T15:06:59","guid":{"rendered":"https:\/\/bibliotecavigil.org.ar\/inicio\/?p=29751"},"modified":"2021-09-09T15:07:01","modified_gmt":"2021-09-09T15:07:01","slug":"la-fragilidad-de-la-memoria","status":"publish","type":"post","link":"https:\/\/bibliotecavigil.org.ar\/inicio\/la-fragilidad-de-la-memoria\/","title":{"rendered":"La Fragilidad de la Memoria"},"content":{"rendered":"\n<p class=\"has-text-align-right\">\u201cPara los navegantes con ganas de viento, la memoria es un puerto de partida\u201d Eduardo Galeano<\/p>\n\n\n\n<p><\/p>\n\n\n\n<p>Viernes 17 y 24 de septiembre a las 21hs. en el Teatro Vigil estrenamos:<\/p>\n\n\n\n<p><strong>La Fragilidad de la Memoria<\/strong><\/p>\n\n\n\n<p>Una obra teatral impulsada por la compa\u00f1\u00eda de circo chileno-argentina Tallar\u00edn con Banana, junto a Daniel Calistro, actor, director y t\u00e9cnico chileno y con la direcci\u00f3n de Severo Callaci, actor, director y dramaturgo rosarino.<\/p>\n\n\n\n<p>Teatro y circo; danza, m\u00fasica y acrobacias a\u00e9reas se conjugan para narrar una historia de barrio que indaga sobre identidades, derrumba fronteras y apuesta a la potencia de los v\u00ednculos en tiempos de incertidumbre.<\/p>\n\n\n\n<p><\/p>\n\n\n\n<p>\u25ac Las entradas estar\u00e1n a la venta desde el lunes 13 de septiembre para la funci\u00f3n del 17, y desde el lunes 20 para la funci\u00f3n del 24. Pod\u00e9s adquirirla en la administraci\u00f3n de Vigil (Gaboto 450) de lunes a viernes de 15 a 20hs.<\/p>\n\n\n\n<p>\u25ac Entrada General: $200<\/p>\n\n\n\n<p>\u25ac Entrada para socixs de Vigil con cuota al d\u00eda (solo anticipadas) #GRATIS.<\/p>\n\n\n\n<p>\u00a1Recordamos que hay cupo limitado!<\/p>\n\n\n\n<p>Les esperamos para el estreno de esta obra de teatro y circo, para todo p\u00fablico.<\/p>\n\n\n\n<p><\/p>\n\n\n\n<figure class=\"wp-block-image size-large\"><a href=\"https:\/\/bibliotecavigil.org.ar\/inicio\/wp-content\/uploads\/2021\/09\/La-fragilidad-posteo-fb.jpg\"><img decoding=\"async\" width=\"724\" height=\"1024\" data-src=\"https:\/\/bibliotecavigil.org.ar\/inicio\/wp-content\/uploads\/2021\/09\/La-fragilidad-posteo-fb-724x1024.jpg\" alt=\"\" class=\"wp-image-29752 lazyload\" data-srcset=\"https:\/\/bibliotecavigil.org.ar\/inicio\/wp-content\/uploads\/2021\/09\/La-fragilidad-posteo-fb-724x1024.jpg 724w, https:\/\/bibliotecavigil.org.ar\/inicio\/wp-content\/uploads\/2021\/09\/La-fragilidad-posteo-fb-480x679.jpg 480w\" data-sizes=\"(min-width: 0px) and (max-width: 480px) 480px, (min-width: 481px) 724px, 100vw\" src=\"data:image\/svg+xml;base64,PHN2ZyB3aWR0aD0iMSIgaGVpZ2h0PSIxIiB4bWxucz0iaHR0cDovL3d3dy53My5vcmcvMjAwMC9zdmciPjwvc3ZnPg==\" style=\"--smush-placeholder-width: 724px; --smush-placeholder-aspect-ratio: 724\/1024;\" \/><\/a><\/figure>\n\n\n\n<p><\/p>\n\n\n\n<p><strong>Sobre la obra:<\/strong><\/p>\n\n\n\n<p><em>A finales de los `80, Pini y Aguja juegan su infancia en la vereda; tierra de amigxs, amores y primeras batallas a la hora de la siesta. Los a\u00f1os empujan y los d\u00edas en el barrio pierden su inocencia. Cuando se imponen olvidos y fronteras tambi\u00e9n se encienden resistencias.<\/em><\/p>\n\n\n\n<p><em>Teatro y circo se funden para narrar una historia de encuentros, p\u00e9rdidas y abrazos en medio de la intemperie. Dos seres en su viaje de crecer, buscando sue\u00f1os y ra\u00edces que llevan siempre a otra parte.<\/em><\/p>\n\n\n\n<p><\/p>\n\n\n\n<p>En el oto\u00f1o de 2020 empez\u00f3 a gestarse esta artesan\u00eda teatral impulsada por la compa\u00f1\u00eda de circo chileno-argentina Tallar\u00edn con Banana y Severo Callaci, actor, director y dramaturgo rosarino. Al equipo se integra luego Daniel Calistro, actor, director y t\u00e9cnico chileno.<\/p>\n\n\n\n<p>Entre lo \u00edntimo y universal, lo singular y colectivo navega esta ficci\u00f3n que recorre paisajes de infancias, adolescencias y juventudes en alg\u00fan lugar de Sudam\u00e9rica en los a\u00f1os `80 y `90.<\/p>\n\n\n\n<p><\/p>\n\n\n\n<figure class=\"wp-block-embed is-type-video is-provider-youtube wp-block-embed-youtube wp-embed-aspect-16-9 wp-has-aspect-ratio\"><div class=\"wp-block-embed__wrapper\">\n<iframe title=\"La Fragilidad de la Memoria. Presentaci\u00f3n\" width=\"1080\" height=\"608\" data-src=\"https:\/\/www.youtube.com\/embed\/uE2P_BYVFeo?start=1&#038;feature=oembed\"  allow=\"accelerometer; autoplay; clipboard-write; encrypted-media; gyroscope; picture-in-picture\" allowfullscreen src=\"data:image\/svg+xml;base64,PHN2ZyB3aWR0aD0iMSIgaGVpZ2h0PSIxIiB4bWxucz0iaHR0cDovL3d3dy53My5vcmcvMjAwMC9zdmciPjwvc3ZnPg==\" class=\"lazyload\" data-load-mode=\"1\"><\/iframe>\n<\/div><\/figure>\n\n\n\n<p><\/p>\n\n\n\n<p>\u25ba La Fragilidad de la Memoria<\/p>\n\n\n\n<p>Direcci\u00f3n: Severo Callaci<\/p>\n\n\n\n<p>Actuaciones: Anabel Gonz\u00e1lez y Rodrigo Rivera Rivera<\/p>\n\n\n\n<p>Asistencia de direcci\u00f3n y t\u00e9cnica: Daniel Calistro<\/p>\n\n\n\n<p>Dramaturgia: Creaci\u00f3n colectiva<\/p>\n\n\n\n<p>Vestuario: Cristian Ayala Rivera y Mar\u00eda Carolina Leali<\/p>\n\n\n\n<p>Objeto esc\u00e9nico: Cristian Arsanto<\/p>\n\n\n\n<p>Edici\u00f3n de video: Nicol\u00e1s Tom\u00e9<\/p>\n\n\n\n<p>Comunicaci\u00f3n y producci\u00f3n: Laura Andr\u00e9s<\/p>\n\n\n\n<p>Fotograf\u00eda: Guillermo Tur\u00edn Bootello<\/p>\n\n\n\n<p>Ilustraci\u00f3n: Marcos Sep\u00falveda<\/p>\n\n\n\n<p>Arte gr\u00e1fico: Emiliano Caisso<\/p>\n","protected":false},"excerpt":{"rendered":"<p>\u201cPara los navegantes con ganas de viento, la memoria es un puerto de partida\u201d Eduardo Galeano Viernes 17 y 24 de septiembre a las 21hs. en el Teatro Vigil estrenamos: La Fragilidad de la Memoria Una obra teatral impulsada por la compa\u00f1\u00eda de circo chileno-argentina Tallar\u00edn con Banana, junto a Daniel Calistro, actor, director y [&hellip;]<\/p>\n","protected":false},"author":3,"featured_media":29753,"comment_status":"open","ping_status":"closed","sticky":false,"template":"","format":"standard","meta":{"_et_pb_use_builder":"off","_et_pb_old_content":"","_et_gb_content_width":"1920","footnotes":""},"categories":[1],"tags":[128,118],"class_list":["post-29751","post","type-post","status-publish","format-standard","has-post-thumbnail","hentry","category-sin-categoria","tag-saulo-benavente","tag-teatro"],"yoast_head":"<!-- This site is optimized with the Yoast SEO plugin v27.5 - https:\/\/yoast.com\/product\/yoast-seo-wordpress\/ -->\n<title>La Fragilidad de la Memoria - Biblioteca Vigil<\/title>\n<meta name=\"robots\" content=\"index, follow, max-snippet:-1, max-image-preview:large, max-video-preview:-1\" \/>\n<link rel=\"canonical\" href=\"https:\/\/bibliotecavigil.org.ar\/inicio\/la-fragilidad-de-la-memoria\/\" \/>\n<meta property=\"og:locale\" content=\"es_ES\" \/>\n<meta property=\"og:type\" content=\"article\" \/>\n<meta property=\"og:title\" content=\"La Fragilidad de la Memoria - Biblioteca Vigil\" \/>\n<meta property=\"og:description\" content=\"\u201cPara los navegantes con ganas de viento, la memoria es un puerto de partida\u201d Eduardo Galeano Viernes 17 y 24 de septiembre a las 21hs. en el Teatro Vigil estrenamos: La Fragilidad de la Memoria Una obra teatral impulsada por la compa\u00f1\u00eda de circo chileno-argentina Tallar\u00edn con Banana, junto a Daniel Calistro, actor, director y [&hellip;]\" \/>\n<meta property=\"og:url\" content=\"https:\/\/bibliotecavigil.org.ar\/inicio\/la-fragilidad-de-la-memoria\/\" \/>\n<meta property=\"og:site_name\" content=\"Biblioteca Vigil\" \/>\n<meta property=\"article:published_time\" content=\"2021-09-09T15:06:59+00:00\" \/>\n<meta property=\"article:modified_time\" content=\"2021-09-09T15:07:01+00:00\" \/>\n<meta property=\"og:image\" content=\"https:\/\/bibliotecavigil.org.ar\/inicio\/wp-content\/uploads\/2021\/09\/La-fragilidad-noticias-web.jpg\" \/>\n\t<meta property=\"og:image:width\" content=\"400\" \/>\n\t<meta property=\"og:image:height\" content=\"250\" \/>\n\t<meta property=\"og:image:type\" content=\"image\/jpeg\" \/>\n<meta name=\"author\" content=\"Biblioteca Vigil\" \/>\n<meta name=\"twitter:card\" content=\"summary_large_image\" \/>\n<meta name=\"twitter:label1\" content=\"Escrito por\" \/>\n\t<meta name=\"twitter:data1\" content=\"Biblioteca Vigil\" \/>\n\t<meta name=\"twitter:label2\" content=\"Tiempo de lectura\" \/>\n\t<meta name=\"twitter:data2\" content=\"2 minutos\" \/>\n<script type=\"application\/ld+json\" class=\"yoast-schema-graph\">{\"@context\":\"https:\\\/\\\/schema.org\",\"@graph\":[{\"@type\":\"Article\",\"@id\":\"https:\\\/\\\/bibliotecavigil.org.ar\\\/inicio\\\/la-fragilidad-de-la-memoria\\\/#article\",\"isPartOf\":{\"@id\":\"https:\\\/\\\/bibliotecavigil.org.ar\\\/inicio\\\/la-fragilidad-de-la-memoria\\\/\"},\"author\":{\"name\":\"Biblioteca Vigil\",\"@id\":\"https:\\\/\\\/bibliotecavigil.org.ar\\\/inicio\\\/#\\\/schema\\\/person\\\/98530bc117d5fa50c5dc01b4fd8d3700\"},\"headline\":\"La Fragilidad de la Memoria\",\"datePublished\":\"2021-09-09T15:06:59+00:00\",\"dateModified\":\"2021-09-09T15:07:01+00:00\",\"mainEntityOfPage\":{\"@id\":\"https:\\\/\\\/bibliotecavigil.org.ar\\\/inicio\\\/la-fragilidad-de-la-memoria\\\/\"},\"wordCount\":454,\"commentCount\":0,\"publisher\":{\"@id\":\"https:\\\/\\\/bibliotecavigil.org.ar\\\/inicio\\\/#organization\"},\"image\":{\"@id\":\"https:\\\/\\\/bibliotecavigil.org.ar\\\/inicio\\\/la-fragilidad-de-la-memoria\\\/#primaryimage\"},\"thumbnailUrl\":\"https:\\\/\\\/bibliotecavigil.org.ar\\\/inicio\\\/wp-content\\\/uploads\\\/2021\\\/09\\\/La-fragilidad-noticias-web.jpg\",\"keywords\":[\"saulo benavente\",\"teatro\"],\"inLanguage\":\"es\",\"potentialAction\":[{\"@type\":\"CommentAction\",\"name\":\"Comment\",\"target\":[\"https:\\\/\\\/bibliotecavigil.org.ar\\\/inicio\\\/la-fragilidad-de-la-memoria\\\/#respond\"]}]},{\"@type\":\"WebPage\",\"@id\":\"https:\\\/\\\/bibliotecavigil.org.ar\\\/inicio\\\/la-fragilidad-de-la-memoria\\\/\",\"url\":\"https:\\\/\\\/bibliotecavigil.org.ar\\\/inicio\\\/la-fragilidad-de-la-memoria\\\/\",\"name\":\"La Fragilidad de la Memoria - Biblioteca Vigil\",\"isPartOf\":{\"@id\":\"https:\\\/\\\/bibliotecavigil.org.ar\\\/inicio\\\/#website\"},\"primaryImageOfPage\":{\"@id\":\"https:\\\/\\\/bibliotecavigil.org.ar\\\/inicio\\\/la-fragilidad-de-la-memoria\\\/#primaryimage\"},\"image\":{\"@id\":\"https:\\\/\\\/bibliotecavigil.org.ar\\\/inicio\\\/la-fragilidad-de-la-memoria\\\/#primaryimage\"},\"thumbnailUrl\":\"https:\\\/\\\/bibliotecavigil.org.ar\\\/inicio\\\/wp-content\\\/uploads\\\/2021\\\/09\\\/La-fragilidad-noticias-web.jpg\",\"datePublished\":\"2021-09-09T15:06:59+00:00\",\"dateModified\":\"2021-09-09T15:07:01+00:00\",\"breadcrumb\":{\"@id\":\"https:\\\/\\\/bibliotecavigil.org.ar\\\/inicio\\\/la-fragilidad-de-la-memoria\\\/#breadcrumb\"},\"inLanguage\":\"es\",\"potentialAction\":[{\"@type\":\"ReadAction\",\"target\":[\"https:\\\/\\\/bibliotecavigil.org.ar\\\/inicio\\\/la-fragilidad-de-la-memoria\\\/\"]}]},{\"@type\":\"ImageObject\",\"inLanguage\":\"es\",\"@id\":\"https:\\\/\\\/bibliotecavigil.org.ar\\\/inicio\\\/la-fragilidad-de-la-memoria\\\/#primaryimage\",\"url\":\"https:\\\/\\\/bibliotecavigil.org.ar\\\/inicio\\\/wp-content\\\/uploads\\\/2021\\\/09\\\/La-fragilidad-noticias-web.jpg\",\"contentUrl\":\"https:\\\/\\\/bibliotecavigil.org.ar\\\/inicio\\\/wp-content\\\/uploads\\\/2021\\\/09\\\/La-fragilidad-noticias-web.jpg\",\"width\":400,\"height\":250},{\"@type\":\"BreadcrumbList\",\"@id\":\"https:\\\/\\\/bibliotecavigil.org.ar\\\/inicio\\\/la-fragilidad-de-la-memoria\\\/#breadcrumb\",\"itemListElement\":[{\"@type\":\"ListItem\",\"position\":1,\"name\":\"Portada\",\"item\":\"https:\\\/\\\/bibliotecavigil.org.ar\\\/inicio\\\/\"},{\"@type\":\"ListItem\",\"position\":2,\"name\":\"La Fragilidad de la Memoria\"}]},{\"@type\":\"WebSite\",\"@id\":\"https:\\\/\\\/bibliotecavigil.org.ar\\\/inicio\\\/#website\",\"url\":\"https:\\\/\\\/bibliotecavigil.org.ar\\\/inicio\\\/\",\"name\":\"Biblioteca Vigil\",\"description\":\"Biblioteca Popular C C Vigil\",\"publisher\":{\"@id\":\"https:\\\/\\\/bibliotecavigil.org.ar\\\/inicio\\\/#organization\"},\"potentialAction\":[{\"@type\":\"SearchAction\",\"target\":{\"@type\":\"EntryPoint\",\"urlTemplate\":\"https:\\\/\\\/bibliotecavigil.org.ar\\\/inicio\\\/?s={search_term_string}\"},\"query-input\":{\"@type\":\"PropertyValueSpecification\",\"valueRequired\":true,\"valueName\":\"search_term_string\"}}],\"inLanguage\":\"es\"},{\"@type\":\"Organization\",\"@id\":\"https:\\\/\\\/bibliotecavigil.org.ar\\\/inicio\\\/#organization\",\"name\":\"Biblioteca Popular C.C.Vigil\",\"url\":\"https:\\\/\\\/bibliotecavigil.org.ar\\\/inicio\\\/\",\"logo\":{\"@type\":\"ImageObject\",\"inLanguage\":\"es\",\"@id\":\"https:\\\/\\\/bibliotecavigil.org.ar\\\/inicio\\\/#\\\/schema\\\/logo\\\/image\\\/\",\"url\":\"https:\\\/\\\/bibliotecavigil.org.ar\\\/inicio\\\/wp-content\\\/uploads\\\/2023\\\/06\\\/Logo-sin-texto-gif.gif\",\"contentUrl\":\"https:\\\/\\\/bibliotecavigil.org.ar\\\/inicio\\\/wp-content\\\/uploads\\\/2023\\\/06\\\/Logo-sin-texto-gif.gif\",\"width\":1487,\"height\":1604,\"caption\":\"Biblioteca Popular C.C.Vigil\"},\"image\":{\"@id\":\"https:\\\/\\\/bibliotecavigil.org.ar\\\/inicio\\\/#\\\/schema\\\/logo\\\/image\\\/\"}},{\"@type\":\"Person\",\"@id\":\"https:\\\/\\\/bibliotecavigil.org.ar\\\/inicio\\\/#\\\/schema\\\/person\\\/98530bc117d5fa50c5dc01b4fd8d3700\",\"name\":\"Biblioteca Vigil\",\"image\":{\"@type\":\"ImageObject\",\"inLanguage\":\"es\",\"@id\":\"https:\\\/\\\/secure.gravatar.com\\\/avatar\\\/a96b6054dc4c80cde596e2c3f42d23e4f769e395116bf277fb508315b9d8a5c5?s=96&d=mm&r=g\",\"url\":\"https:\\\/\\\/secure.gravatar.com\\\/avatar\\\/a96b6054dc4c80cde596e2c3f42d23e4f769e395116bf277fb508315b9d8a5c5?s=96&d=mm&r=g\",\"contentUrl\":\"https:\\\/\\\/secure.gravatar.com\\\/avatar\\\/a96b6054dc4c80cde596e2c3f42d23e4f769e395116bf277fb508315b9d8a5c5?s=96&d=mm&r=g\",\"caption\":\"Biblioteca Vigil\"},\"url\":\"https:\\\/\\\/bibliotecavigil.org.ar\\\/inicio\\\/author\\\/comunicacion\\\/\"}]}<\/script>\n<!-- \/ Yoast SEO plugin. -->","yoast_head_json":{"title":"La Fragilidad de la Memoria - Biblioteca Vigil","robots":{"index":"index","follow":"follow","max-snippet":"max-snippet:-1","max-image-preview":"max-image-preview:large","max-video-preview":"max-video-preview:-1"},"canonical":"https:\/\/bibliotecavigil.org.ar\/inicio\/la-fragilidad-de-la-memoria\/","og_locale":"es_ES","og_type":"article","og_title":"La Fragilidad de la Memoria - Biblioteca Vigil","og_description":"\u201cPara los navegantes con ganas de viento, la memoria es un puerto de partida\u201d Eduardo Galeano Viernes 17 y 24 de septiembre a las 21hs. en el Teatro Vigil estrenamos: La Fragilidad de la Memoria Una obra teatral impulsada por la compa\u00f1\u00eda de circo chileno-argentina Tallar\u00edn con Banana, junto a Daniel Calistro, actor, director y [&hellip;]","og_url":"https:\/\/bibliotecavigil.org.ar\/inicio\/la-fragilidad-de-la-memoria\/","og_site_name":"Biblioteca Vigil","article_published_time":"2021-09-09T15:06:59+00:00","article_modified_time":"2021-09-09T15:07:01+00:00","og_image":[{"width":400,"height":250,"url":"https:\/\/bibliotecavigil.org.ar\/inicio\/wp-content\/uploads\/2021\/09\/La-fragilidad-noticias-web.jpg","type":"image\/jpeg"}],"author":"Biblioteca Vigil","twitter_card":"summary_large_image","twitter_misc":{"Escrito por":"Biblioteca Vigil","Tiempo de lectura":"2 minutos"},"schema":{"@context":"https:\/\/schema.org","@graph":[{"@type":"Article","@id":"https:\/\/bibliotecavigil.org.ar\/inicio\/la-fragilidad-de-la-memoria\/#article","isPartOf":{"@id":"https:\/\/bibliotecavigil.org.ar\/inicio\/la-fragilidad-de-la-memoria\/"},"author":{"name":"Biblioteca Vigil","@id":"https:\/\/bibliotecavigil.org.ar\/inicio\/#\/schema\/person\/98530bc117d5fa50c5dc01b4fd8d3700"},"headline":"La Fragilidad de la Memoria","datePublished":"2021-09-09T15:06:59+00:00","dateModified":"2021-09-09T15:07:01+00:00","mainEntityOfPage":{"@id":"https:\/\/bibliotecavigil.org.ar\/inicio\/la-fragilidad-de-la-memoria\/"},"wordCount":454,"commentCount":0,"publisher":{"@id":"https:\/\/bibliotecavigil.org.ar\/inicio\/#organization"},"image":{"@id":"https:\/\/bibliotecavigil.org.ar\/inicio\/la-fragilidad-de-la-memoria\/#primaryimage"},"thumbnailUrl":"https:\/\/bibliotecavigil.org.ar\/inicio\/wp-content\/uploads\/2021\/09\/La-fragilidad-noticias-web.jpg","keywords":["saulo benavente","teatro"],"inLanguage":"es","potentialAction":[{"@type":"CommentAction","name":"Comment","target":["https:\/\/bibliotecavigil.org.ar\/inicio\/la-fragilidad-de-la-memoria\/#respond"]}]},{"@type":"WebPage","@id":"https:\/\/bibliotecavigil.org.ar\/inicio\/la-fragilidad-de-la-memoria\/","url":"https:\/\/bibliotecavigil.org.ar\/inicio\/la-fragilidad-de-la-memoria\/","name":"La Fragilidad de la Memoria - Biblioteca Vigil","isPartOf":{"@id":"https:\/\/bibliotecavigil.org.ar\/inicio\/#website"},"primaryImageOfPage":{"@id":"https:\/\/bibliotecavigil.org.ar\/inicio\/la-fragilidad-de-la-memoria\/#primaryimage"},"image":{"@id":"https:\/\/bibliotecavigil.org.ar\/inicio\/la-fragilidad-de-la-memoria\/#primaryimage"},"thumbnailUrl":"https:\/\/bibliotecavigil.org.ar\/inicio\/wp-content\/uploads\/2021\/09\/La-fragilidad-noticias-web.jpg","datePublished":"2021-09-09T15:06:59+00:00","dateModified":"2021-09-09T15:07:01+00:00","breadcrumb":{"@id":"https:\/\/bibliotecavigil.org.ar\/inicio\/la-fragilidad-de-la-memoria\/#breadcrumb"},"inLanguage":"es","potentialAction":[{"@type":"ReadAction","target":["https:\/\/bibliotecavigil.org.ar\/inicio\/la-fragilidad-de-la-memoria\/"]}]},{"@type":"ImageObject","inLanguage":"es","@id":"https:\/\/bibliotecavigil.org.ar\/inicio\/la-fragilidad-de-la-memoria\/#primaryimage","url":"https:\/\/bibliotecavigil.org.ar\/inicio\/wp-content\/uploads\/2021\/09\/La-fragilidad-noticias-web.jpg","contentUrl":"https:\/\/bibliotecavigil.org.ar\/inicio\/wp-content\/uploads\/2021\/09\/La-fragilidad-noticias-web.jpg","width":400,"height":250},{"@type":"BreadcrumbList","@id":"https:\/\/bibliotecavigil.org.ar\/inicio\/la-fragilidad-de-la-memoria\/#breadcrumb","itemListElement":[{"@type":"ListItem","position":1,"name":"Portada","item":"https:\/\/bibliotecavigil.org.ar\/inicio\/"},{"@type":"ListItem","position":2,"name":"La Fragilidad de la Memoria"}]},{"@type":"WebSite","@id":"https:\/\/bibliotecavigil.org.ar\/inicio\/#website","url":"https:\/\/bibliotecavigil.org.ar\/inicio\/","name":"Biblioteca Vigil","description":"Biblioteca Popular C C Vigil","publisher":{"@id":"https:\/\/bibliotecavigil.org.ar\/inicio\/#organization"},"potentialAction":[{"@type":"SearchAction","target":{"@type":"EntryPoint","urlTemplate":"https:\/\/bibliotecavigil.org.ar\/inicio\/?s={search_term_string}"},"query-input":{"@type":"PropertyValueSpecification","valueRequired":true,"valueName":"search_term_string"}}],"inLanguage":"es"},{"@type":"Organization","@id":"https:\/\/bibliotecavigil.org.ar\/inicio\/#organization","name":"Biblioteca Popular C.C.Vigil","url":"https:\/\/bibliotecavigil.org.ar\/inicio\/","logo":{"@type":"ImageObject","inLanguage":"es","@id":"https:\/\/bibliotecavigil.org.ar\/inicio\/#\/schema\/logo\/image\/","url":"https:\/\/bibliotecavigil.org.ar\/inicio\/wp-content\/uploads\/2023\/06\/Logo-sin-texto-gif.gif","contentUrl":"https:\/\/bibliotecavigil.org.ar\/inicio\/wp-content\/uploads\/2023\/06\/Logo-sin-texto-gif.gif","width":1487,"height":1604,"caption":"Biblioteca Popular C.C.Vigil"},"image":{"@id":"https:\/\/bibliotecavigil.org.ar\/inicio\/#\/schema\/logo\/image\/"}},{"@type":"Person","@id":"https:\/\/bibliotecavigil.org.ar\/inicio\/#\/schema\/person\/98530bc117d5fa50c5dc01b4fd8d3700","name":"Biblioteca Vigil","image":{"@type":"ImageObject","inLanguage":"es","@id":"https:\/\/secure.gravatar.com\/avatar\/a96b6054dc4c80cde596e2c3f42d23e4f769e395116bf277fb508315b9d8a5c5?s=96&d=mm&r=g","url":"https:\/\/secure.gravatar.com\/avatar\/a96b6054dc4c80cde596e2c3f42d23e4f769e395116bf277fb508315b9d8a5c5?s=96&d=mm&r=g","contentUrl":"https:\/\/secure.gravatar.com\/avatar\/a96b6054dc4c80cde596e2c3f42d23e4f769e395116bf277fb508315b9d8a5c5?s=96&d=mm&r=g","caption":"Biblioteca Vigil"},"url":"https:\/\/bibliotecavigil.org.ar\/inicio\/author\/comunicacion\/"}]}},"_links":{"self":[{"href":"https:\/\/bibliotecavigil.org.ar\/inicio\/wp-json\/wp\/v2\/posts\/29751","targetHints":{"allow":["GET"]}}],"collection":[{"href":"https:\/\/bibliotecavigil.org.ar\/inicio\/wp-json\/wp\/v2\/posts"}],"about":[{"href":"https:\/\/bibliotecavigil.org.ar\/inicio\/wp-json\/wp\/v2\/types\/post"}],"author":[{"embeddable":true,"href":"https:\/\/bibliotecavigil.org.ar\/inicio\/wp-json\/wp\/v2\/users\/3"}],"replies":[{"embeddable":true,"href":"https:\/\/bibliotecavigil.org.ar\/inicio\/wp-json\/wp\/v2\/comments?post=29751"}],"version-history":[{"count":1,"href":"https:\/\/bibliotecavigil.org.ar\/inicio\/wp-json\/wp\/v2\/posts\/29751\/revisions"}],"predecessor-version":[{"id":29754,"href":"https:\/\/bibliotecavigil.org.ar\/inicio\/wp-json\/wp\/v2\/posts\/29751\/revisions\/29754"}],"wp:featuredmedia":[{"embeddable":true,"href":"https:\/\/bibliotecavigil.org.ar\/inicio\/wp-json\/wp\/v2\/media\/29753"}],"wp:attachment":[{"href":"https:\/\/bibliotecavigil.org.ar\/inicio\/wp-json\/wp\/v2\/media?parent=29751"}],"wp:term":[{"taxonomy":"category","embeddable":true,"href":"https:\/\/bibliotecavigil.org.ar\/inicio\/wp-json\/wp\/v2\/categories?post=29751"},{"taxonomy":"post_tag","embeddable":true,"href":"https:\/\/bibliotecavigil.org.ar\/inicio\/wp-json\/wp\/v2\/tags?post=29751"}],"curies":[{"name":"wp","href":"https:\/\/api.w.org\/{rel}","templated":true}]}}