{"id":29929,"date":"2021-11-08T18:31:25","date_gmt":"2021-11-08T18:31:25","guid":{"rendered":"https:\/\/bibliotecavigil.org.ar\/inicio\/?p=29929"},"modified":"2021-11-08T18:31:27","modified_gmt":"2021-11-08T18:31:27","slug":"muestra-reimaginar-lo-viviente-y-taller-urdir-lo-necesario-tramas-entre-ceramica-y-tejido","status":"publish","type":"post","link":"https:\/\/bibliotecavigil.org.ar\/inicio\/muestra-reimaginar-lo-viviente-y-taller-urdir-lo-necesario-tramas-entre-ceramica-y-tejido\/","title":{"rendered":"Muestra Reimaginar Lo Viviente y Taller: Urdir lo necesario. Tramas entre cer\u00e1mica y tejido"},"content":{"rendered":"\n<p>Este s\u00e1bado 13 a las 19hs. Inauguramos:<\/p>\n\n\n\n<p><strong>\u25baMuestra Reimaginar lo viviente<\/strong><\/p>\n\n\n\n<p>Las obras exhibidas forman parte de una convocatoria gr\u00e1fica colectiva y colaborativa, organizada por el Centro de Estudios y Creaci\u00f3n Art\u00edstica en Iberoam\u00e9rica (CECAI) y la Associazione Latinoamericana de Cremona (Italia) (ALAC), en la que participaron artistas y entusiastas de todo el mundo.&nbsp;<\/p>\n\n\n\n<p>\u25ac La muestra se podr\u00e1 visitar <strong>desde el 13 al 28 de noviembre.<\/strong><\/p>\n\n\n\n<p><\/p>\n\n\n\n<p>Actividades que acompa\u00f1an la muestra:<\/p>\n\n\n\n<p><strong>\u25baTaller: Urdir lo necesario. Tramas entre cer\u00e1mica y tejido<\/strong> <\/p>\n\n\n\n<p><strong> \u25ac  S\u00e1bado 13, 20 y 27 de 10:00 a 12:30hs<\/strong>.<\/p>\n\n\n\n<p>El taller es una invitaci\u00f3n, mediante una experiencia est\u00e9tica de cer\u00e1mica y tejido, a reflexionar en torno a las tramas individuales y colectivas que conforman nuestra subjetividad. Una met\u00e1fora necesaria y poderosa para suscitar acciones transformadoras y colaborar en la puesta en pr\u00e1ctica de modos m\u00e1s solidarios de habitar el mundo.<\/p>\n\n\n\n<p>Dictado por Prof. Cynthia Blacon\u00e1, el Tejedor Nicolas Puccini y la colaboraci\u00f3n de Valeria Benite<\/p>\n\n\n\n<p>\u25ac S\u00e1bado 13\/11: Construcci\u00f3n de la pieza cer\u00e1mica<\/p>\n\n\n\n<p>\u25ac S\u00e1bado 20\/11: Horneado experimental de la pieza cer\u00e1mica<\/p>\n\n\n\n<p>\u25ac S\u00e1bado 27\/11: Tejido sobre las piezas<\/p>\n\n\n\n<p><strong>Inscripci\u00f3n previa: Enviando un correo a consultas@bibliotecavigil.org.ar<\/strong> (Indicar nombre, apellido, n\u00famero de tel\u00e9fono, la inscripci\u00f3n es para las 3 fechas) &#8211; Cupo reducido.<\/p>\n\n\n\n<p><\/p>\n\n\n\n<p>M\u00e1s info sobre la Muestra:<\/p>\n\n\n\n<p><em>Esta iniciativa se propone como una instancia de deliberaci\u00f3n y acci\u00f3n sobre la cat\u00e1strofe ecol\u00f3gica que nos rodea y envuelve. Resulta indispensable y urgente reflexionar sobre los modelos de desarrollo, los modos de vida, los imaginarios ecol\u00f3gicos y sus consecuencias, entendiendo los temas del medio ambiente como temas sociales y pol\u00edticos, e integrando lo humano a la naturaleza y a la comunidad de lo viviente desde una correlaci\u00f3n \u00e9tica entre medios y fines.<\/em><\/p>\n\n\n\n<p><em>En esa direcci\u00f3n, tornar visibles aquellas naturalizaciones que el extractivismo depredador ha ido construyendo a trav\u00e9s de un \u201csentido com\u00fan\u201d, regido por los mandatos del capitalismo cognitivo, implica un posicionamiento \u00e9tico y est\u00e9tico.<\/em><\/p>\n\n\n\n<p><em>En ese sentido, concebimos que las pr\u00e1cticas art\u00edsticas con su potencia imaginativa, resultan una fuente poderosa para generar acciones transformadoras y colaborar en la puesta en pr\u00e1ctica de modos m\u00e1s solidarios de estar en el mundo.<\/em><\/p>\n\n\n\n<p><\/p>\n\n\n\n<figure class=\"wp-block-image size-large\"><a href=\"https:\/\/bibliotecavigil.org.ar\/inicio\/wp-content\/uploads\/2021\/11\/Reimaginar-lo-viviente-fb.jpg\"><img decoding=\"async\" width=\"724\" height=\"1024\" data-src=\"https:\/\/bibliotecavigil.org.ar\/inicio\/wp-content\/uploads\/2021\/11\/Reimaginar-lo-viviente-fb-724x1024.jpg\" alt=\"\" class=\"wp-image-29932 lazyload\" data-srcset=\"https:\/\/bibliotecavigil.org.ar\/inicio\/wp-content\/uploads\/2021\/11\/Reimaginar-lo-viviente-fb-724x1024.jpg 724w, https:\/\/bibliotecavigil.org.ar\/inicio\/wp-content\/uploads\/2021\/11\/Reimaginar-lo-viviente-fb-480x679.jpg 480w\" data-sizes=\"(min-width: 0px) and (max-width: 480px) 480px, (min-width: 481px) 724px, 100vw\" src=\"data:image\/svg+xml;base64,PHN2ZyB3aWR0aD0iMSIgaGVpZ2h0PSIxIiB4bWxucz0iaHR0cDovL3d3dy53My5vcmcvMjAwMC9zdmciPjwvc3ZnPg==\" style=\"--smush-placeholder-width: 724px; --smush-placeholder-aspect-ratio: 724\/1024;\" \/><\/a><\/figure>\n\n\n\n<p><\/p>\n\n\n\n<figure class=\"wp-block-image size-large is-resized\"><a href=\"https:\/\/bibliotecavigil.org.ar\/inicio\/wp-content\/uploads\/2021\/11\/Reimaginar-lo-viviente-taller-fb.jpg\"><img decoding=\"async\" data-src=\"https:\/\/bibliotecavigil.org.ar\/inicio\/wp-content\/uploads\/2021\/11\/Reimaginar-lo-viviente-taller-fb-724x1024.jpg\" alt=\"\" class=\"wp-image-29933 lazyload\" width=\"751\" height=\"1062\" data-srcset=\"https:\/\/bibliotecavigil.org.ar\/inicio\/wp-content\/uploads\/2021\/11\/Reimaginar-lo-viviente-taller-fb-724x1024.jpg 751w, https:\/\/bibliotecavigil.org.ar\/inicio\/wp-content\/uploads\/2021\/11\/Reimaginar-lo-viviente-taller-fb-480x679.jpg 480w\" data-sizes=\"(min-width: 0px) and (max-width: 480px) 480px, (min-width: 481px) 751px, 100vw\" src=\"data:image\/svg+xml;base64,PHN2ZyB3aWR0aD0iMSIgaGVpZ2h0PSIxIiB4bWxucz0iaHR0cDovL3d3dy53My5vcmcvMjAwMC9zdmciPjwvc3ZnPg==\" style=\"--smush-placeholder-width: 751px; --smush-placeholder-aspect-ratio: 751\/1062;\" \/><\/a><\/figure>\n\n\n\n<p><\/p>\n","protected":false},"excerpt":{"rendered":"<p>Este s\u00e1bado 13 a las 19hs. Inauguramos: \u25baMuestra Reimaginar lo viviente Las obras exhibidas forman parte de una convocatoria gr\u00e1fica colectiva y colaborativa, organizada por el Centro de Estudios y Creaci\u00f3n Art\u00edstica en Iberoam\u00e9rica (CECAI) y la Associazione Latinoamericana de Cremona (Italia) (ALAC), en la que participaron artistas y entusiastas de todo el mundo.&nbsp; \u25ac [&hellip;]<\/p>\n","protected":false},"author":3,"featured_media":29934,"comment_status":"open","ping_status":"closed","sticky":false,"template":"","format":"standard","meta":{"_et_pb_use_builder":"off","_et_pb_old_content":"","_et_gb_content_width":"1920","footnotes":""},"categories":[16],"tags":[155,74,154],"class_list":["post-29929","post","type-post","status-publish","format-standard","has-post-thumbnail","hentry","category-noticias","tag-ceramica","tag-taller","tag-tejido-2"],"yoast_head":"<!-- This site is optimized with the Yoast SEO plugin v27.4 - https:\/\/yoast.com\/product\/yoast-seo-wordpress\/ -->\n<title>Muestra Reimaginar Lo Viviente y Taller: Urdir lo necesario. Tramas entre cer\u00e1mica y tejido - Biblioteca Vigil<\/title>\n<meta name=\"robots\" content=\"index, follow, max-snippet:-1, max-image-preview:large, max-video-preview:-1\" \/>\n<link rel=\"canonical\" href=\"https:\/\/bibliotecavigil.org.ar\/inicio\/muestra-reimaginar-lo-viviente-y-taller-urdir-lo-necesario-tramas-entre-ceramica-y-tejido\/\" \/>\n<meta property=\"og:locale\" content=\"es_ES\" \/>\n<meta property=\"og:type\" content=\"article\" \/>\n<meta property=\"og:title\" content=\"Muestra Reimaginar Lo Viviente y Taller: Urdir lo necesario. Tramas entre cer\u00e1mica y tejido - Biblioteca Vigil\" \/>\n<meta property=\"og:description\" content=\"Este s\u00e1bado 13 a las 19hs. Inauguramos: \u25baMuestra Reimaginar lo viviente Las obras exhibidas forman parte de una convocatoria gr\u00e1fica colectiva y colaborativa, organizada por el Centro de Estudios y Creaci\u00f3n Art\u00edstica en Iberoam\u00e9rica (CECAI) y la Associazione Latinoamericana de Cremona (Italia) (ALAC), en la que participaron artistas y entusiastas de todo el mundo.&nbsp; \u25ac [&hellip;]\" \/>\n<meta property=\"og:url\" content=\"https:\/\/bibliotecavigil.org.ar\/inicio\/muestra-reimaginar-lo-viviente-y-taller-urdir-lo-necesario-tramas-entre-ceramica-y-tejido\/\" \/>\n<meta property=\"og:site_name\" content=\"Biblioteca Vigil\" \/>\n<meta property=\"article:published_time\" content=\"2021-11-08T18:31:25+00:00\" \/>\n<meta property=\"article:modified_time\" content=\"2021-11-08T18:31:27+00:00\" \/>\n<meta property=\"og:image\" content=\"https:\/\/bibliotecavigil.org.ar\/inicio\/wp-content\/uploads\/2021\/11\/Reimaginar-lo-viviente-web.jpg\" \/>\n\t<meta property=\"og:image:width\" content=\"833\" \/>\n\t<meta property=\"og:image:height\" content=\"523\" \/>\n\t<meta property=\"og:image:type\" content=\"image\/jpeg\" \/>\n<meta name=\"author\" content=\"Biblioteca Vigil\" \/>\n<meta name=\"twitter:card\" content=\"summary_large_image\" \/>\n<meta name=\"twitter:label1\" content=\"Escrito por\" \/>\n\t<meta name=\"twitter:data1\" content=\"Biblioteca Vigil\" \/>\n\t<meta name=\"twitter:label2\" content=\"Tiempo de lectura\" \/>\n\t<meta name=\"twitter:data2\" content=\"2 minutos\" \/>\n<script type=\"application\/ld+json\" class=\"yoast-schema-graph\">{\"@context\":\"https:\\\/\\\/schema.org\",\"@graph\":[{\"@type\":\"Article\",\"@id\":\"https:\\\/\\\/bibliotecavigil.org.ar\\\/inicio\\\/muestra-reimaginar-lo-viviente-y-taller-urdir-lo-necesario-tramas-entre-ceramica-y-tejido\\\/#article\",\"isPartOf\":{\"@id\":\"https:\\\/\\\/bibliotecavigil.org.ar\\\/inicio\\\/muestra-reimaginar-lo-viviente-y-taller-urdir-lo-necesario-tramas-entre-ceramica-y-tejido\\\/\"},\"author\":{\"name\":\"Biblioteca Vigil\",\"@id\":\"https:\\\/\\\/bibliotecavigil.org.ar\\\/inicio\\\/#\\\/schema\\\/person\\\/98530bc117d5fa50c5dc01b4fd8d3700\"},\"headline\":\"Muestra Reimaginar Lo Viviente y Taller: Urdir lo necesario. Tramas entre cer\u00e1mica y tejido\",\"datePublished\":\"2021-11-08T18:31:25+00:00\",\"dateModified\":\"2021-11-08T18:31:27+00:00\",\"mainEntityOfPage\":{\"@id\":\"https:\\\/\\\/bibliotecavigil.org.ar\\\/inicio\\\/muestra-reimaginar-lo-viviente-y-taller-urdir-lo-necesario-tramas-entre-ceramica-y-tejido\\\/\"},\"wordCount\":395,\"commentCount\":9,\"publisher\":{\"@id\":\"https:\\\/\\\/bibliotecavigil.org.ar\\\/inicio\\\/#organization\"},\"image\":{\"@id\":\"https:\\\/\\\/bibliotecavigil.org.ar\\\/inicio\\\/muestra-reimaginar-lo-viviente-y-taller-urdir-lo-necesario-tramas-entre-ceramica-y-tejido\\\/#primaryimage\"},\"thumbnailUrl\":\"https:\\\/\\\/bibliotecavigil.org.ar\\\/inicio\\\/wp-content\\\/uploads\\\/2021\\\/11\\\/Reimaginar-lo-viviente-web.jpg\",\"keywords\":[\"ceramica\",\"taller\",\"tejido\"],\"articleSection\":[\"Noticias\"],\"inLanguage\":\"es\",\"potentialAction\":[{\"@type\":\"CommentAction\",\"name\":\"Comment\",\"target\":[\"https:\\\/\\\/bibliotecavigil.org.ar\\\/inicio\\\/muestra-reimaginar-lo-viviente-y-taller-urdir-lo-necesario-tramas-entre-ceramica-y-tejido\\\/#respond\"]}]},{\"@type\":\"WebPage\",\"@id\":\"https:\\\/\\\/bibliotecavigil.org.ar\\\/inicio\\\/muestra-reimaginar-lo-viviente-y-taller-urdir-lo-necesario-tramas-entre-ceramica-y-tejido\\\/\",\"url\":\"https:\\\/\\\/bibliotecavigil.org.ar\\\/inicio\\\/muestra-reimaginar-lo-viviente-y-taller-urdir-lo-necesario-tramas-entre-ceramica-y-tejido\\\/\",\"name\":\"Muestra Reimaginar Lo Viviente y Taller: Urdir lo necesario. Tramas entre cer\u00e1mica y tejido - Biblioteca Vigil\",\"isPartOf\":{\"@id\":\"https:\\\/\\\/bibliotecavigil.org.ar\\\/inicio\\\/#website\"},\"primaryImageOfPage\":{\"@id\":\"https:\\\/\\\/bibliotecavigil.org.ar\\\/inicio\\\/muestra-reimaginar-lo-viviente-y-taller-urdir-lo-necesario-tramas-entre-ceramica-y-tejido\\\/#primaryimage\"},\"image\":{\"@id\":\"https:\\\/\\\/bibliotecavigil.org.ar\\\/inicio\\\/muestra-reimaginar-lo-viviente-y-taller-urdir-lo-necesario-tramas-entre-ceramica-y-tejido\\\/#primaryimage\"},\"thumbnailUrl\":\"https:\\\/\\\/bibliotecavigil.org.ar\\\/inicio\\\/wp-content\\\/uploads\\\/2021\\\/11\\\/Reimaginar-lo-viviente-web.jpg\",\"datePublished\":\"2021-11-08T18:31:25+00:00\",\"dateModified\":\"2021-11-08T18:31:27+00:00\",\"breadcrumb\":{\"@id\":\"https:\\\/\\\/bibliotecavigil.org.ar\\\/inicio\\\/muestra-reimaginar-lo-viviente-y-taller-urdir-lo-necesario-tramas-entre-ceramica-y-tejido\\\/#breadcrumb\"},\"inLanguage\":\"es\",\"potentialAction\":[{\"@type\":\"ReadAction\",\"target\":[\"https:\\\/\\\/bibliotecavigil.org.ar\\\/inicio\\\/muestra-reimaginar-lo-viviente-y-taller-urdir-lo-necesario-tramas-entre-ceramica-y-tejido\\\/\"]}]},{\"@type\":\"ImageObject\",\"inLanguage\":\"es\",\"@id\":\"https:\\\/\\\/bibliotecavigil.org.ar\\\/inicio\\\/muestra-reimaginar-lo-viviente-y-taller-urdir-lo-necesario-tramas-entre-ceramica-y-tejido\\\/#primaryimage\",\"url\":\"https:\\\/\\\/bibliotecavigil.org.ar\\\/inicio\\\/wp-content\\\/uploads\\\/2021\\\/11\\\/Reimaginar-lo-viviente-web.jpg\",\"contentUrl\":\"https:\\\/\\\/bibliotecavigil.org.ar\\\/inicio\\\/wp-content\\\/uploads\\\/2021\\\/11\\\/Reimaginar-lo-viviente-web.jpg\",\"width\":833,\"height\":523},{\"@type\":\"BreadcrumbList\",\"@id\":\"https:\\\/\\\/bibliotecavigil.org.ar\\\/inicio\\\/muestra-reimaginar-lo-viviente-y-taller-urdir-lo-necesario-tramas-entre-ceramica-y-tejido\\\/#breadcrumb\",\"itemListElement\":[{\"@type\":\"ListItem\",\"position\":1,\"name\":\"Portada\",\"item\":\"https:\\\/\\\/bibliotecavigil.org.ar\\\/inicio\\\/\"},{\"@type\":\"ListItem\",\"position\":2,\"name\":\"Muestra Reimaginar Lo Viviente y Taller: Urdir lo necesario. Tramas entre cer\u00e1mica y tejido\"}]},{\"@type\":\"WebSite\",\"@id\":\"https:\\\/\\\/bibliotecavigil.org.ar\\\/inicio\\\/#website\",\"url\":\"https:\\\/\\\/bibliotecavigil.org.ar\\\/inicio\\\/\",\"name\":\"Biblioteca Vigil\",\"description\":\"Biblioteca Popular C C Vigil\",\"publisher\":{\"@id\":\"https:\\\/\\\/bibliotecavigil.org.ar\\\/inicio\\\/#organization\"},\"potentialAction\":[{\"@type\":\"SearchAction\",\"target\":{\"@type\":\"EntryPoint\",\"urlTemplate\":\"https:\\\/\\\/bibliotecavigil.org.ar\\\/inicio\\\/?s={search_term_string}\"},\"query-input\":{\"@type\":\"PropertyValueSpecification\",\"valueRequired\":true,\"valueName\":\"search_term_string\"}}],\"inLanguage\":\"es\"},{\"@type\":\"Organization\",\"@id\":\"https:\\\/\\\/bibliotecavigil.org.ar\\\/inicio\\\/#organization\",\"name\":\"Biblioteca Popular C.C.Vigil\",\"url\":\"https:\\\/\\\/bibliotecavigil.org.ar\\\/inicio\\\/\",\"logo\":{\"@type\":\"ImageObject\",\"inLanguage\":\"es\",\"@id\":\"https:\\\/\\\/bibliotecavigil.org.ar\\\/inicio\\\/#\\\/schema\\\/logo\\\/image\\\/\",\"url\":\"https:\\\/\\\/bibliotecavigil.org.ar\\\/inicio\\\/wp-content\\\/uploads\\\/2023\\\/06\\\/Logo-sin-texto-gif.gif\",\"contentUrl\":\"https:\\\/\\\/bibliotecavigil.org.ar\\\/inicio\\\/wp-content\\\/uploads\\\/2023\\\/06\\\/Logo-sin-texto-gif.gif\",\"width\":1487,\"height\":1604,\"caption\":\"Biblioteca Popular C.C.Vigil\"},\"image\":{\"@id\":\"https:\\\/\\\/bibliotecavigil.org.ar\\\/inicio\\\/#\\\/schema\\\/logo\\\/image\\\/\"}},{\"@type\":\"Person\",\"@id\":\"https:\\\/\\\/bibliotecavigil.org.ar\\\/inicio\\\/#\\\/schema\\\/person\\\/98530bc117d5fa50c5dc01b4fd8d3700\",\"name\":\"Biblioteca Vigil\",\"image\":{\"@type\":\"ImageObject\",\"inLanguage\":\"es\",\"@id\":\"https:\\\/\\\/secure.gravatar.com\\\/avatar\\\/a96b6054dc4c80cde596e2c3f42d23e4f769e395116bf277fb508315b9d8a5c5?s=96&d=mm&r=g\",\"url\":\"https:\\\/\\\/secure.gravatar.com\\\/avatar\\\/a96b6054dc4c80cde596e2c3f42d23e4f769e395116bf277fb508315b9d8a5c5?s=96&d=mm&r=g\",\"contentUrl\":\"https:\\\/\\\/secure.gravatar.com\\\/avatar\\\/a96b6054dc4c80cde596e2c3f42d23e4f769e395116bf277fb508315b9d8a5c5?s=96&d=mm&r=g\",\"caption\":\"Biblioteca Vigil\"},\"url\":\"https:\\\/\\\/bibliotecavigil.org.ar\\\/inicio\\\/author\\\/comunicacion\\\/\"}]}<\/script>\n<!-- \/ Yoast SEO plugin. -->","yoast_head_json":{"title":"Muestra Reimaginar Lo Viviente y Taller: Urdir lo necesario. Tramas entre cer\u00e1mica y tejido - Biblioteca Vigil","robots":{"index":"index","follow":"follow","max-snippet":"max-snippet:-1","max-image-preview":"max-image-preview:large","max-video-preview":"max-video-preview:-1"},"canonical":"https:\/\/bibliotecavigil.org.ar\/inicio\/muestra-reimaginar-lo-viviente-y-taller-urdir-lo-necesario-tramas-entre-ceramica-y-tejido\/","og_locale":"es_ES","og_type":"article","og_title":"Muestra Reimaginar Lo Viviente y Taller: Urdir lo necesario. Tramas entre cer\u00e1mica y tejido - Biblioteca Vigil","og_description":"Este s\u00e1bado 13 a las 19hs. Inauguramos: \u25baMuestra Reimaginar lo viviente Las obras exhibidas forman parte de una convocatoria gr\u00e1fica colectiva y colaborativa, organizada por el Centro de Estudios y Creaci\u00f3n Art\u00edstica en Iberoam\u00e9rica (CECAI) y la Associazione Latinoamericana de Cremona (Italia) (ALAC), en la que participaron artistas y entusiastas de todo el mundo.&nbsp; \u25ac [&hellip;]","og_url":"https:\/\/bibliotecavigil.org.ar\/inicio\/muestra-reimaginar-lo-viviente-y-taller-urdir-lo-necesario-tramas-entre-ceramica-y-tejido\/","og_site_name":"Biblioteca Vigil","article_published_time":"2021-11-08T18:31:25+00:00","article_modified_time":"2021-11-08T18:31:27+00:00","og_image":[{"width":833,"height":523,"url":"https:\/\/bibliotecavigil.org.ar\/inicio\/wp-content\/uploads\/2021\/11\/Reimaginar-lo-viviente-web.jpg","type":"image\/jpeg"}],"author":"Biblioteca Vigil","twitter_card":"summary_large_image","twitter_misc":{"Escrito por":"Biblioteca Vigil","Tiempo de lectura":"2 minutos"},"schema":{"@context":"https:\/\/schema.org","@graph":[{"@type":"Article","@id":"https:\/\/bibliotecavigil.org.ar\/inicio\/muestra-reimaginar-lo-viviente-y-taller-urdir-lo-necesario-tramas-entre-ceramica-y-tejido\/#article","isPartOf":{"@id":"https:\/\/bibliotecavigil.org.ar\/inicio\/muestra-reimaginar-lo-viviente-y-taller-urdir-lo-necesario-tramas-entre-ceramica-y-tejido\/"},"author":{"name":"Biblioteca Vigil","@id":"https:\/\/bibliotecavigil.org.ar\/inicio\/#\/schema\/person\/98530bc117d5fa50c5dc01b4fd8d3700"},"headline":"Muestra Reimaginar Lo Viviente y Taller: Urdir lo necesario. Tramas entre cer\u00e1mica y tejido","datePublished":"2021-11-08T18:31:25+00:00","dateModified":"2021-11-08T18:31:27+00:00","mainEntityOfPage":{"@id":"https:\/\/bibliotecavigil.org.ar\/inicio\/muestra-reimaginar-lo-viviente-y-taller-urdir-lo-necesario-tramas-entre-ceramica-y-tejido\/"},"wordCount":395,"commentCount":9,"publisher":{"@id":"https:\/\/bibliotecavigil.org.ar\/inicio\/#organization"},"image":{"@id":"https:\/\/bibliotecavigil.org.ar\/inicio\/muestra-reimaginar-lo-viviente-y-taller-urdir-lo-necesario-tramas-entre-ceramica-y-tejido\/#primaryimage"},"thumbnailUrl":"https:\/\/bibliotecavigil.org.ar\/inicio\/wp-content\/uploads\/2021\/11\/Reimaginar-lo-viviente-web.jpg","keywords":["ceramica","taller","tejido"],"articleSection":["Noticias"],"inLanguage":"es","potentialAction":[{"@type":"CommentAction","name":"Comment","target":["https:\/\/bibliotecavigil.org.ar\/inicio\/muestra-reimaginar-lo-viviente-y-taller-urdir-lo-necesario-tramas-entre-ceramica-y-tejido\/#respond"]}]},{"@type":"WebPage","@id":"https:\/\/bibliotecavigil.org.ar\/inicio\/muestra-reimaginar-lo-viviente-y-taller-urdir-lo-necesario-tramas-entre-ceramica-y-tejido\/","url":"https:\/\/bibliotecavigil.org.ar\/inicio\/muestra-reimaginar-lo-viviente-y-taller-urdir-lo-necesario-tramas-entre-ceramica-y-tejido\/","name":"Muestra Reimaginar Lo Viviente y Taller: Urdir lo necesario. Tramas entre cer\u00e1mica y tejido - Biblioteca Vigil","isPartOf":{"@id":"https:\/\/bibliotecavigil.org.ar\/inicio\/#website"},"primaryImageOfPage":{"@id":"https:\/\/bibliotecavigil.org.ar\/inicio\/muestra-reimaginar-lo-viviente-y-taller-urdir-lo-necesario-tramas-entre-ceramica-y-tejido\/#primaryimage"},"image":{"@id":"https:\/\/bibliotecavigil.org.ar\/inicio\/muestra-reimaginar-lo-viviente-y-taller-urdir-lo-necesario-tramas-entre-ceramica-y-tejido\/#primaryimage"},"thumbnailUrl":"https:\/\/bibliotecavigil.org.ar\/inicio\/wp-content\/uploads\/2021\/11\/Reimaginar-lo-viviente-web.jpg","datePublished":"2021-11-08T18:31:25+00:00","dateModified":"2021-11-08T18:31:27+00:00","breadcrumb":{"@id":"https:\/\/bibliotecavigil.org.ar\/inicio\/muestra-reimaginar-lo-viviente-y-taller-urdir-lo-necesario-tramas-entre-ceramica-y-tejido\/#breadcrumb"},"inLanguage":"es","potentialAction":[{"@type":"ReadAction","target":["https:\/\/bibliotecavigil.org.ar\/inicio\/muestra-reimaginar-lo-viviente-y-taller-urdir-lo-necesario-tramas-entre-ceramica-y-tejido\/"]}]},{"@type":"ImageObject","inLanguage":"es","@id":"https:\/\/bibliotecavigil.org.ar\/inicio\/muestra-reimaginar-lo-viviente-y-taller-urdir-lo-necesario-tramas-entre-ceramica-y-tejido\/#primaryimage","url":"https:\/\/bibliotecavigil.org.ar\/inicio\/wp-content\/uploads\/2021\/11\/Reimaginar-lo-viviente-web.jpg","contentUrl":"https:\/\/bibliotecavigil.org.ar\/inicio\/wp-content\/uploads\/2021\/11\/Reimaginar-lo-viviente-web.jpg","width":833,"height":523},{"@type":"BreadcrumbList","@id":"https:\/\/bibliotecavigil.org.ar\/inicio\/muestra-reimaginar-lo-viviente-y-taller-urdir-lo-necesario-tramas-entre-ceramica-y-tejido\/#breadcrumb","itemListElement":[{"@type":"ListItem","position":1,"name":"Portada","item":"https:\/\/bibliotecavigil.org.ar\/inicio\/"},{"@type":"ListItem","position":2,"name":"Muestra Reimaginar Lo Viviente y Taller: Urdir lo necesario. Tramas entre cer\u00e1mica y tejido"}]},{"@type":"WebSite","@id":"https:\/\/bibliotecavigil.org.ar\/inicio\/#website","url":"https:\/\/bibliotecavigil.org.ar\/inicio\/","name":"Biblioteca Vigil","description":"Biblioteca Popular C C Vigil","publisher":{"@id":"https:\/\/bibliotecavigil.org.ar\/inicio\/#organization"},"potentialAction":[{"@type":"SearchAction","target":{"@type":"EntryPoint","urlTemplate":"https:\/\/bibliotecavigil.org.ar\/inicio\/?s={search_term_string}"},"query-input":{"@type":"PropertyValueSpecification","valueRequired":true,"valueName":"search_term_string"}}],"inLanguage":"es"},{"@type":"Organization","@id":"https:\/\/bibliotecavigil.org.ar\/inicio\/#organization","name":"Biblioteca Popular C.C.Vigil","url":"https:\/\/bibliotecavigil.org.ar\/inicio\/","logo":{"@type":"ImageObject","inLanguage":"es","@id":"https:\/\/bibliotecavigil.org.ar\/inicio\/#\/schema\/logo\/image\/","url":"https:\/\/bibliotecavigil.org.ar\/inicio\/wp-content\/uploads\/2023\/06\/Logo-sin-texto-gif.gif","contentUrl":"https:\/\/bibliotecavigil.org.ar\/inicio\/wp-content\/uploads\/2023\/06\/Logo-sin-texto-gif.gif","width":1487,"height":1604,"caption":"Biblioteca Popular C.C.Vigil"},"image":{"@id":"https:\/\/bibliotecavigil.org.ar\/inicio\/#\/schema\/logo\/image\/"}},{"@type":"Person","@id":"https:\/\/bibliotecavigil.org.ar\/inicio\/#\/schema\/person\/98530bc117d5fa50c5dc01b4fd8d3700","name":"Biblioteca Vigil","image":{"@type":"ImageObject","inLanguage":"es","@id":"https:\/\/secure.gravatar.com\/avatar\/a96b6054dc4c80cde596e2c3f42d23e4f769e395116bf277fb508315b9d8a5c5?s=96&d=mm&r=g","url":"https:\/\/secure.gravatar.com\/avatar\/a96b6054dc4c80cde596e2c3f42d23e4f769e395116bf277fb508315b9d8a5c5?s=96&d=mm&r=g","contentUrl":"https:\/\/secure.gravatar.com\/avatar\/a96b6054dc4c80cde596e2c3f42d23e4f769e395116bf277fb508315b9d8a5c5?s=96&d=mm&r=g","caption":"Biblioteca Vigil"},"url":"https:\/\/bibliotecavigil.org.ar\/inicio\/author\/comunicacion\/"}]}},"_links":{"self":[{"href":"https:\/\/bibliotecavigil.org.ar\/inicio\/wp-json\/wp\/v2\/posts\/29929","targetHints":{"allow":["GET"]}}],"collection":[{"href":"https:\/\/bibliotecavigil.org.ar\/inicio\/wp-json\/wp\/v2\/posts"}],"about":[{"href":"https:\/\/bibliotecavigil.org.ar\/inicio\/wp-json\/wp\/v2\/types\/post"}],"author":[{"embeddable":true,"href":"https:\/\/bibliotecavigil.org.ar\/inicio\/wp-json\/wp\/v2\/users\/3"}],"replies":[{"embeddable":true,"href":"https:\/\/bibliotecavigil.org.ar\/inicio\/wp-json\/wp\/v2\/comments?post=29929"}],"version-history":[{"count":1,"href":"https:\/\/bibliotecavigil.org.ar\/inicio\/wp-json\/wp\/v2\/posts\/29929\/revisions"}],"predecessor-version":[{"id":29935,"href":"https:\/\/bibliotecavigil.org.ar\/inicio\/wp-json\/wp\/v2\/posts\/29929\/revisions\/29935"}],"wp:featuredmedia":[{"embeddable":true,"href":"https:\/\/bibliotecavigil.org.ar\/inicio\/wp-json\/wp\/v2\/media\/29934"}],"wp:attachment":[{"href":"https:\/\/bibliotecavigil.org.ar\/inicio\/wp-json\/wp\/v2\/media?parent=29929"}],"wp:term":[{"taxonomy":"category","embeddable":true,"href":"https:\/\/bibliotecavigil.org.ar\/inicio\/wp-json\/wp\/v2\/categories?post=29929"},{"taxonomy":"post_tag","embeddable":true,"href":"https:\/\/bibliotecavigil.org.ar\/inicio\/wp-json\/wp\/v2\/tags?post=29929"}],"curies":[{"name":"wp","href":"https:\/\/api.w.org\/{rel}","templated":true}]}}