{"id":29997,"date":"2021-11-19T21:44:28","date_gmt":"2021-11-19T21:44:28","guid":{"rendered":"https:\/\/bibliotecavigil.org.ar\/inicio\/?p=29997"},"modified":"2021-11-19T21:51:25","modified_gmt":"2021-11-19T21:51:25","slug":"%e2%96%ba-vuelve-el-femifesti-de-la-vigil%f0%9f%92%9a","status":"publish","type":"post","link":"https:\/\/bibliotecavigil.org.ar\/inicio\/%e2%96%ba-vuelve-el-femifesti-de-la-vigil%f0%9f%92%9a\/","title":{"rendered":"\u25ba Vuelve el FEMIFESTI de La Vigil&#x1f49a;!!!!"},"content":{"rendered":"\n<p>\u25ba Vuelve el FEMIFESTI de La Vigil&#x1f49a;!!!!<\/p>\n\n\n\n<p>FERIA \u2013 M\u00daSICA EN VIVO &#8211; TEATRO &#8211; POES\u00cdA &#8211; PROYECCIONES &#8211; LITERATURA \u2013 FIESTA &#8211; SORTEOS Y TODO LO QUE QUIEREN LXS WACHXS!<\/p>\n\n\n\n<p>En el marco del D\u00eda Internacional de la Eliminaci\u00f3n de la Violencia contra la mujer, nos encontramos para pensarnos, sensibilizar, disfrutar y visibilizar a lxs trabajadorxs de la cultura de Rosario, seguimos resistiendo desde el feminismo y la autogesti\u00f3n.<\/p>\n\n\n\n<p>Nos vemos el <strong>27\/11, desde las 17hs. en La Vigil<\/strong>, estaremos en el Teatro (Alem 3086) y sobre la cortada Perkins.<\/p>\n\n\n\n<p>\u25ac \u00a1Todo con entrada #GRATIS! Shows a la gorra.<\/p>\n\n\n\n<p>\u25ba Desde las 17hs.<\/p>\n\n\n\n<p>&#x1f49c; FemiFeria <\/p>\n\n\n\n<p>&#x1f49c; Proyecciones: ConJunta Fotograf\u00eda Feminista Federal<\/p>\n\n\n\n<p>&#x1f49c; Obras de Teatro:<\/p>\n\n\n\n<p>&#x1f4a5; 17hs. \u00abBabka y el gran viaje al peque\u00f1o libro\u00bb Un espect\u00e1culo de clown y marionetas para todas las edades. Gui\u00f3n y actuaci\u00f3n: Pali D\u00edaz \/ Direcci\u00f3n: Jos\u00e9 Guirado \/ T\u00e9cnica: Debora Castillo.<\/p>\n\n\n\n<p>&#x1f4a5; 21hs. \u00abAnt\u00edgona en sinton\u00eda (Una tragedia comediada)\u201d. Act\u00faan: Paola Sarnari, Romina Parisi, Juan Pablo Yevoli y Yanina Giuva \/ Direcci\u00f3n: Adri\u00e1n Giampani \/ Iluminaci\u00f3n Celeste Bardach.<\/p>\n\n\n\n<p>&#x1f49c; Conversatorio: Sobre las semillas del amor rom\u00e1ntico en las historias infantiles. Modera: Olinda Cabello<\/p>\n\n\n\n<p>&#x1f49c; M\u00fasica en vivo: Colectivo Mujeres M\u00fasicas Rosario<\/p>\n\n\n\n<p>&#x1f4a5; Vale Alvarez y Estefi Re\u00f1ones<\/p>\n\n\n\n<p>&#x1f4a5; Jimena Tomeo y Anal\u00eda Anghileri<\/p>\n\n\n\n<p>&#x1f4a5; Sani Greca e Ivi Majul<\/p>\n\n\n\n<p>&#x1f4a5; Ro Waisfem<\/p>\n\n\n\n<p>&#x1f4a5; Cecilia Murillo<\/p>\n\n\n\n<p>&#x1f4a5; Flor da Lua<\/p>\n\n\n\n<p>&#x1f4a5; Barco Espacial<\/p>\n\n\n\n<p>&#x1f49c; Lecturas<\/p>\n\n\n\n<p>&#x1f4a5; Belu Diaz<\/p>\n\n\n\n<p>&#x1f4a5; Mica Raissinguier<\/p>\n\n\n\n<p>&#x1f4a5; Maite Acosta<\/p>\n\n\n\n<p>&#x1f4a5; Caro Amigo<\/p>\n\n\n\n<p>&#x1f4a5; Jime Fragelli<\/p>\n\n\n\n<p>&#x1f4a5; Ceci Colombero<\/p>\n\n\n\n<p>&#x1f4a5; Lau Peretti<\/p>\n\n\n\n<p>&#x1f4a5; D\u00e9bora Castillo<\/p>\n\n\n\n<p>&#x1f4a5; Juli Enriquez<\/p>\n\n\n\n<p>&#x1f4a5; El topo<\/p>\n\n\n\n<p>&#x1f4a5;Natalia Yurkini<\/p>\n\n\n\n<p>&#x1f49c; Presenta: La Profesora Argentina (Mar\u00eda Victoria Franchi)<\/p>\n\n\n\n<p>&#x1f49c; Dani Dj<\/p>\n\n\n\n<p>Este Femifesti \u00a1Est\u00e1 que explota!<\/p>\n\n\n\n<figure class=\"wp-block-image size-large\"><a href=\"https:\/\/bibliotecavigil.org.ar\/inicio\/wp-content\/uploads\/2021\/11\/Femifesti-fb.jpg\"><img decoding=\"async\" width=\"769\" height=\"1024\" data-src=\"https:\/\/bibliotecavigil.org.ar\/inicio\/wp-content\/uploads\/2021\/11\/Femifesti-fb-769x1024.jpg\" alt=\"\" class=\"wp-image-29998 lazyload\" data-srcset=\"https:\/\/bibliotecavigil.org.ar\/inicio\/wp-content\/uploads\/2021\/11\/Femifesti-fb-769x1024.jpg 769w, https:\/\/bibliotecavigil.org.ar\/inicio\/wp-content\/uploads\/2021\/11\/Femifesti-fb-480x639.jpg 480w\" data-sizes=\"(min-width: 0px) and (max-width: 480px) 480px, (min-width: 481px) 769px, 100vw\" src=\"data:image\/svg+xml;base64,PHN2ZyB3aWR0aD0iMSIgaGVpZ2h0PSIxIiB4bWxucz0iaHR0cDovL3d3dy53My5vcmcvMjAwMC9zdmciPjwvc3ZnPg==\" style=\"--smush-placeholder-width: 769px; --smush-placeholder-aspect-ratio: 769\/1024;\" \/><\/a><\/figure>\n\n\n\n<p><\/p>\n\n\n\n<p>Apoya:<\/p>\n\n\n\n<p>\u00c1rea de G\u00e9nero y Sexualidades &#8211; UNR<\/p>\n\n\n\n<p>Concejala Jesica Pellegrini \u2013 CF<\/p>\n\n\n\n<p>Concejala Alejandra G\u00f3mez Saenz \u2013 FDT<\/p>\n\n\n\n<p><\/p>\n\n\n\n<p>#LoVamosATirar &#x1f4aa;<\/p>\n","protected":false},"excerpt":{"rendered":"<p>\u25ba Vuelve el FEMIFESTI de La Vigil&#x1f49a;!!!! FERIA \u2013 M\u00daSICA EN VIVO &#8211; TEATRO &#8211; POES\u00cdA &#8211; PROYECCIONES &#8211; LITERATURA \u2013 FIESTA &#8211; SORTEOS Y TODO LO QUE QUIEREN LXS WACHXS! En el marco del D\u00eda Internacional de la Eliminaci\u00f3n de la Violencia contra la mujer, nos encontramos para pensarnos, sensibilizar, disfrutar y visibilizar a [&hellip;]<\/p>\n","protected":false},"author":3,"featured_media":30000,"comment_status":"open","ping_status":"closed","sticky":false,"template":"","format":"standard","meta":{"_et_pb_use_builder":"off","_et_pb_old_content":"","_et_gb_content_width":"1920","footnotes":""},"categories":[16],"tags":[160,162,161],"class_list":["post-29997","post","type-post","status-publish","format-standard","has-post-thumbnail","hentry","category-noticias","tag-femifesti","tag-feminista","tag-festival"],"yoast_head":"<!-- This site is optimized with the Yoast SEO plugin v27.4 - https:\/\/yoast.com\/product\/yoast-seo-wordpress\/ -->\n<title>\u25ba Vuelve el FEMIFESTI de La Vigil&#x1f49a;!!!! - Biblioteca Vigil<\/title>\n<meta name=\"robots\" content=\"index, follow, max-snippet:-1, max-image-preview:large, max-video-preview:-1\" \/>\n<link rel=\"canonical\" href=\"https:\/\/bibliotecavigil.org.ar\/inicio\/\u25ba-vuelve-el-femifesti-de-la-vigil\ud83d\udc9a\/\" \/>\n<meta property=\"og:locale\" content=\"es_ES\" \/>\n<meta property=\"og:type\" content=\"article\" \/>\n<meta property=\"og:title\" content=\"\u25ba Vuelve el FEMIFESTI de La Vigil&#x1f49a;!!!! - Biblioteca Vigil\" \/>\n<meta property=\"og:description\" content=\"\u25ba Vuelve el FEMIFESTI de La Vigil&#x1f49a;!!!! FERIA \u2013 M\u00daSICA EN VIVO &#8211; TEATRO &#8211; POES\u00cdA &#8211; PROYECCIONES &#8211; LITERATURA \u2013 FIESTA &#8211; SORTEOS Y TODO LO QUE QUIEREN LXS WACHXS! En el marco del D\u00eda Internacional de la Eliminaci\u00f3n de la Violencia contra la mujer, nos encontramos para pensarnos, sensibilizar, disfrutar y visibilizar a [&hellip;]\" \/>\n<meta property=\"og:url\" content=\"https:\/\/bibliotecavigil.org.ar\/inicio\/\u25ba-vuelve-el-femifesti-de-la-vigil\ud83d\udc9a\/\" \/>\n<meta property=\"og:site_name\" content=\"Biblioteca Vigil\" \/>\n<meta property=\"article:published_time\" content=\"2021-11-19T21:44:28+00:00\" \/>\n<meta property=\"article:modified_time\" content=\"2021-11-19T21:51:25+00:00\" \/>\n<meta property=\"og:image\" content=\"https:\/\/bibliotecavigil.org.ar\/inicio\/wp-content\/uploads\/2021\/11\/Femifesti-WEB-1024x643.jpg\" \/>\n\t<meta property=\"og:image:width\" content=\"1024\" \/>\n\t<meta property=\"og:image:height\" content=\"643\" \/>\n\t<meta property=\"og:image:type\" content=\"image\/jpeg\" \/>\n<meta name=\"author\" content=\"Biblioteca Vigil\" \/>\n<meta name=\"twitter:card\" content=\"summary_large_image\" \/>\n<meta name=\"twitter:label1\" content=\"Escrito por\" \/>\n\t<meta name=\"twitter:data1\" content=\"Biblioteca Vigil\" \/>\n\t<meta name=\"twitter:label2\" content=\"Tiempo de lectura\" \/>\n\t<meta name=\"twitter:data2\" content=\"2 minutos\" \/>\n<script type=\"application\/ld+json\" class=\"yoast-schema-graph\">{\"@context\":\"https:\\\/\\\/schema.org\",\"@graph\":[{\"@type\":\"Article\",\"@id\":\"https:\\\/\\\/bibliotecavigil.org.ar\\\/inicio\\\/%e2%96%ba-vuelve-el-femifesti-de-la-vigil%f0%9f%92%9a\\\/#article\",\"isPartOf\":{\"@id\":\"https:\\\/\\\/bibliotecavigil.org.ar\\\/inicio\\\/%e2%96%ba-vuelve-el-femifesti-de-la-vigil%f0%9f%92%9a\\\/\"},\"author\":{\"name\":\"Biblioteca Vigil\",\"@id\":\"https:\\\/\\\/bibliotecavigil.org.ar\\\/inicio\\\/#\\\/schema\\\/person\\\/98530bc117d5fa50c5dc01b4fd8d3700\"},\"headline\":\"\u25ba Vuelve el FEMIFESTI de La Vigil&#x1f49a;!!!!\",\"datePublished\":\"2021-11-19T21:44:28+00:00\",\"dateModified\":\"2021-11-19T21:51:25+00:00\",\"mainEntityOfPage\":{\"@id\":\"https:\\\/\\\/bibliotecavigil.org.ar\\\/inicio\\\/%e2%96%ba-vuelve-el-femifesti-de-la-vigil%f0%9f%92%9a\\\/\"},\"wordCount\":387,\"commentCount\":2,\"publisher\":{\"@id\":\"https:\\\/\\\/bibliotecavigil.org.ar\\\/inicio\\\/#organization\"},\"image\":{\"@id\":\"https:\\\/\\\/bibliotecavigil.org.ar\\\/inicio\\\/%e2%96%ba-vuelve-el-femifesti-de-la-vigil%f0%9f%92%9a\\\/#primaryimage\"},\"thumbnailUrl\":\"https:\\\/\\\/bibliotecavigil.org.ar\\\/inicio\\\/wp-content\\\/uploads\\\/2021\\\/11\\\/Femifesti-WEB.jpg\",\"keywords\":[\"femifesti\",\"feminista\",\"festival\"],\"articleSection\":[\"Noticias\"],\"inLanguage\":\"es\",\"potentialAction\":[{\"@type\":\"CommentAction\",\"name\":\"Comment\",\"target\":[\"https:\\\/\\\/bibliotecavigil.org.ar\\\/inicio\\\/%e2%96%ba-vuelve-el-femifesti-de-la-vigil%f0%9f%92%9a\\\/#respond\"]}]},{\"@type\":\"WebPage\",\"@id\":\"https:\\\/\\\/bibliotecavigil.org.ar\\\/inicio\\\/%e2%96%ba-vuelve-el-femifesti-de-la-vigil%f0%9f%92%9a\\\/\",\"url\":\"https:\\\/\\\/bibliotecavigil.org.ar\\\/inicio\\\/%e2%96%ba-vuelve-el-femifesti-de-la-vigil%f0%9f%92%9a\\\/\",\"name\":\"\u25ba Vuelve el FEMIFESTI de La Vigil&#x1f49a;!!!! - Biblioteca Vigil\",\"isPartOf\":{\"@id\":\"https:\\\/\\\/bibliotecavigil.org.ar\\\/inicio\\\/#website\"},\"primaryImageOfPage\":{\"@id\":\"https:\\\/\\\/bibliotecavigil.org.ar\\\/inicio\\\/%e2%96%ba-vuelve-el-femifesti-de-la-vigil%f0%9f%92%9a\\\/#primaryimage\"},\"image\":{\"@id\":\"https:\\\/\\\/bibliotecavigil.org.ar\\\/inicio\\\/%e2%96%ba-vuelve-el-femifesti-de-la-vigil%f0%9f%92%9a\\\/#primaryimage\"},\"thumbnailUrl\":\"https:\\\/\\\/bibliotecavigil.org.ar\\\/inicio\\\/wp-content\\\/uploads\\\/2021\\\/11\\\/Femifesti-WEB.jpg\",\"datePublished\":\"2021-11-19T21:44:28+00:00\",\"dateModified\":\"2021-11-19T21:51:25+00:00\",\"breadcrumb\":{\"@id\":\"https:\\\/\\\/bibliotecavigil.org.ar\\\/inicio\\\/%e2%96%ba-vuelve-el-femifesti-de-la-vigil%f0%9f%92%9a\\\/#breadcrumb\"},\"inLanguage\":\"es\",\"potentialAction\":[{\"@type\":\"ReadAction\",\"target\":[\"https:\\\/\\\/bibliotecavigil.org.ar\\\/inicio\\\/%e2%96%ba-vuelve-el-femifesti-de-la-vigil%f0%9f%92%9a\\\/\"]}]},{\"@type\":\"ImageObject\",\"inLanguage\":\"es\",\"@id\":\"https:\\\/\\\/bibliotecavigil.org.ar\\\/inicio\\\/%e2%96%ba-vuelve-el-femifesti-de-la-vigil%f0%9f%92%9a\\\/#primaryimage\",\"url\":\"https:\\\/\\\/bibliotecavigil.org.ar\\\/inicio\\\/wp-content\\\/uploads\\\/2021\\\/11\\\/Femifesti-WEB.jpg\",\"contentUrl\":\"https:\\\/\\\/bibliotecavigil.org.ar\\\/inicio\\\/wp-content\\\/uploads\\\/2021\\\/11\\\/Femifesti-WEB.jpg\",\"width\":1667,\"height\":1046},{\"@type\":\"BreadcrumbList\",\"@id\":\"https:\\\/\\\/bibliotecavigil.org.ar\\\/inicio\\\/%e2%96%ba-vuelve-el-femifesti-de-la-vigil%f0%9f%92%9a\\\/#breadcrumb\",\"itemListElement\":[{\"@type\":\"ListItem\",\"position\":1,\"name\":\"Portada\",\"item\":\"https:\\\/\\\/bibliotecavigil.org.ar\\\/inicio\\\/\"},{\"@type\":\"ListItem\",\"position\":2,\"name\":\"\u25ba Vuelve el FEMIFESTI de La Vigil&#x1f49a;!!!!\"}]},{\"@type\":\"WebSite\",\"@id\":\"https:\\\/\\\/bibliotecavigil.org.ar\\\/inicio\\\/#website\",\"url\":\"https:\\\/\\\/bibliotecavigil.org.ar\\\/inicio\\\/\",\"name\":\"Biblioteca Vigil\",\"description\":\"Biblioteca Popular C C Vigil\",\"publisher\":{\"@id\":\"https:\\\/\\\/bibliotecavigil.org.ar\\\/inicio\\\/#organization\"},\"potentialAction\":[{\"@type\":\"SearchAction\",\"target\":{\"@type\":\"EntryPoint\",\"urlTemplate\":\"https:\\\/\\\/bibliotecavigil.org.ar\\\/inicio\\\/?s={search_term_string}\"},\"query-input\":{\"@type\":\"PropertyValueSpecification\",\"valueRequired\":true,\"valueName\":\"search_term_string\"}}],\"inLanguage\":\"es\"},{\"@type\":\"Organization\",\"@id\":\"https:\\\/\\\/bibliotecavigil.org.ar\\\/inicio\\\/#organization\",\"name\":\"Biblioteca Popular C.C.Vigil\",\"url\":\"https:\\\/\\\/bibliotecavigil.org.ar\\\/inicio\\\/\",\"logo\":{\"@type\":\"ImageObject\",\"inLanguage\":\"es\",\"@id\":\"https:\\\/\\\/bibliotecavigil.org.ar\\\/inicio\\\/#\\\/schema\\\/logo\\\/image\\\/\",\"url\":\"https:\\\/\\\/bibliotecavigil.org.ar\\\/inicio\\\/wp-content\\\/uploads\\\/2023\\\/06\\\/Logo-sin-texto-gif.gif\",\"contentUrl\":\"https:\\\/\\\/bibliotecavigil.org.ar\\\/inicio\\\/wp-content\\\/uploads\\\/2023\\\/06\\\/Logo-sin-texto-gif.gif\",\"width\":1487,\"height\":1604,\"caption\":\"Biblioteca Popular C.C.Vigil\"},\"image\":{\"@id\":\"https:\\\/\\\/bibliotecavigil.org.ar\\\/inicio\\\/#\\\/schema\\\/logo\\\/image\\\/\"}},{\"@type\":\"Person\",\"@id\":\"https:\\\/\\\/bibliotecavigil.org.ar\\\/inicio\\\/#\\\/schema\\\/person\\\/98530bc117d5fa50c5dc01b4fd8d3700\",\"name\":\"Biblioteca Vigil\",\"image\":{\"@type\":\"ImageObject\",\"inLanguage\":\"es\",\"@id\":\"https:\\\/\\\/secure.gravatar.com\\\/avatar\\\/a96b6054dc4c80cde596e2c3f42d23e4f769e395116bf277fb508315b9d8a5c5?s=96&d=mm&r=g\",\"url\":\"https:\\\/\\\/secure.gravatar.com\\\/avatar\\\/a96b6054dc4c80cde596e2c3f42d23e4f769e395116bf277fb508315b9d8a5c5?s=96&d=mm&r=g\",\"contentUrl\":\"https:\\\/\\\/secure.gravatar.com\\\/avatar\\\/a96b6054dc4c80cde596e2c3f42d23e4f769e395116bf277fb508315b9d8a5c5?s=96&d=mm&r=g\",\"caption\":\"Biblioteca Vigil\"},\"url\":\"https:\\\/\\\/bibliotecavigil.org.ar\\\/inicio\\\/author\\\/comunicacion\\\/\"}]}<\/script>\n<!-- \/ Yoast SEO plugin. -->","yoast_head_json":{"title":"\u25ba Vuelve el FEMIFESTI de La Vigil&#x1f49a;!!!! - Biblioteca Vigil","robots":{"index":"index","follow":"follow","max-snippet":"max-snippet:-1","max-image-preview":"max-image-preview:large","max-video-preview":"max-video-preview:-1"},"canonical":"https:\/\/bibliotecavigil.org.ar\/inicio\/\u25ba-vuelve-el-femifesti-de-la-vigil\ud83d\udc9a\/","og_locale":"es_ES","og_type":"article","og_title":"\u25ba Vuelve el FEMIFESTI de La Vigil&#x1f49a;!!!! - Biblioteca Vigil","og_description":"\u25ba Vuelve el FEMIFESTI de La Vigil&#x1f49a;!!!! FERIA \u2013 M\u00daSICA EN VIVO &#8211; TEATRO &#8211; POES\u00cdA &#8211; PROYECCIONES &#8211; LITERATURA \u2013 FIESTA &#8211; SORTEOS Y TODO LO QUE QUIEREN LXS WACHXS! En el marco del D\u00eda Internacional de la Eliminaci\u00f3n de la Violencia contra la mujer, nos encontramos para pensarnos, sensibilizar, disfrutar y visibilizar a [&hellip;]","og_url":"https:\/\/bibliotecavigil.org.ar\/inicio\/\u25ba-vuelve-el-femifesti-de-la-vigil\ud83d\udc9a\/","og_site_name":"Biblioteca Vigil","article_published_time":"2021-11-19T21:44:28+00:00","article_modified_time":"2021-11-19T21:51:25+00:00","og_image":[{"width":1024,"height":643,"url":"https:\/\/bibliotecavigil.org.ar\/inicio\/wp-content\/uploads\/2021\/11\/Femifesti-WEB-1024x643.jpg","type":"image\/jpeg"}],"author":"Biblioteca Vigil","twitter_card":"summary_large_image","twitter_misc":{"Escrito por":"Biblioteca Vigil","Tiempo de lectura":"2 minutos"},"schema":{"@context":"https:\/\/schema.org","@graph":[{"@type":"Article","@id":"https:\/\/bibliotecavigil.org.ar\/inicio\/%e2%96%ba-vuelve-el-femifesti-de-la-vigil%f0%9f%92%9a\/#article","isPartOf":{"@id":"https:\/\/bibliotecavigil.org.ar\/inicio\/%e2%96%ba-vuelve-el-femifesti-de-la-vigil%f0%9f%92%9a\/"},"author":{"name":"Biblioteca Vigil","@id":"https:\/\/bibliotecavigil.org.ar\/inicio\/#\/schema\/person\/98530bc117d5fa50c5dc01b4fd8d3700"},"headline":"\u25ba Vuelve el FEMIFESTI de La Vigil&#x1f49a;!!!!","datePublished":"2021-11-19T21:44:28+00:00","dateModified":"2021-11-19T21:51:25+00:00","mainEntityOfPage":{"@id":"https:\/\/bibliotecavigil.org.ar\/inicio\/%e2%96%ba-vuelve-el-femifesti-de-la-vigil%f0%9f%92%9a\/"},"wordCount":387,"commentCount":2,"publisher":{"@id":"https:\/\/bibliotecavigil.org.ar\/inicio\/#organization"},"image":{"@id":"https:\/\/bibliotecavigil.org.ar\/inicio\/%e2%96%ba-vuelve-el-femifesti-de-la-vigil%f0%9f%92%9a\/#primaryimage"},"thumbnailUrl":"https:\/\/bibliotecavigil.org.ar\/inicio\/wp-content\/uploads\/2021\/11\/Femifesti-WEB.jpg","keywords":["femifesti","feminista","festival"],"articleSection":["Noticias"],"inLanguage":"es","potentialAction":[{"@type":"CommentAction","name":"Comment","target":["https:\/\/bibliotecavigil.org.ar\/inicio\/%e2%96%ba-vuelve-el-femifesti-de-la-vigil%f0%9f%92%9a\/#respond"]}]},{"@type":"WebPage","@id":"https:\/\/bibliotecavigil.org.ar\/inicio\/%e2%96%ba-vuelve-el-femifesti-de-la-vigil%f0%9f%92%9a\/","url":"https:\/\/bibliotecavigil.org.ar\/inicio\/%e2%96%ba-vuelve-el-femifesti-de-la-vigil%f0%9f%92%9a\/","name":"\u25ba Vuelve el FEMIFESTI de La Vigil&#x1f49a;!!!! - Biblioteca Vigil","isPartOf":{"@id":"https:\/\/bibliotecavigil.org.ar\/inicio\/#website"},"primaryImageOfPage":{"@id":"https:\/\/bibliotecavigil.org.ar\/inicio\/%e2%96%ba-vuelve-el-femifesti-de-la-vigil%f0%9f%92%9a\/#primaryimage"},"image":{"@id":"https:\/\/bibliotecavigil.org.ar\/inicio\/%e2%96%ba-vuelve-el-femifesti-de-la-vigil%f0%9f%92%9a\/#primaryimage"},"thumbnailUrl":"https:\/\/bibliotecavigil.org.ar\/inicio\/wp-content\/uploads\/2021\/11\/Femifesti-WEB.jpg","datePublished":"2021-11-19T21:44:28+00:00","dateModified":"2021-11-19T21:51:25+00:00","breadcrumb":{"@id":"https:\/\/bibliotecavigil.org.ar\/inicio\/%e2%96%ba-vuelve-el-femifesti-de-la-vigil%f0%9f%92%9a\/#breadcrumb"},"inLanguage":"es","potentialAction":[{"@type":"ReadAction","target":["https:\/\/bibliotecavigil.org.ar\/inicio\/%e2%96%ba-vuelve-el-femifesti-de-la-vigil%f0%9f%92%9a\/"]}]},{"@type":"ImageObject","inLanguage":"es","@id":"https:\/\/bibliotecavigil.org.ar\/inicio\/%e2%96%ba-vuelve-el-femifesti-de-la-vigil%f0%9f%92%9a\/#primaryimage","url":"https:\/\/bibliotecavigil.org.ar\/inicio\/wp-content\/uploads\/2021\/11\/Femifesti-WEB.jpg","contentUrl":"https:\/\/bibliotecavigil.org.ar\/inicio\/wp-content\/uploads\/2021\/11\/Femifesti-WEB.jpg","width":1667,"height":1046},{"@type":"BreadcrumbList","@id":"https:\/\/bibliotecavigil.org.ar\/inicio\/%e2%96%ba-vuelve-el-femifesti-de-la-vigil%f0%9f%92%9a\/#breadcrumb","itemListElement":[{"@type":"ListItem","position":1,"name":"Portada","item":"https:\/\/bibliotecavigil.org.ar\/inicio\/"},{"@type":"ListItem","position":2,"name":"\u25ba Vuelve el FEMIFESTI de La Vigil&#x1f49a;!!!!"}]},{"@type":"WebSite","@id":"https:\/\/bibliotecavigil.org.ar\/inicio\/#website","url":"https:\/\/bibliotecavigil.org.ar\/inicio\/","name":"Biblioteca Vigil","description":"Biblioteca Popular C C Vigil","publisher":{"@id":"https:\/\/bibliotecavigil.org.ar\/inicio\/#organization"},"potentialAction":[{"@type":"SearchAction","target":{"@type":"EntryPoint","urlTemplate":"https:\/\/bibliotecavigil.org.ar\/inicio\/?s={search_term_string}"},"query-input":{"@type":"PropertyValueSpecification","valueRequired":true,"valueName":"search_term_string"}}],"inLanguage":"es"},{"@type":"Organization","@id":"https:\/\/bibliotecavigil.org.ar\/inicio\/#organization","name":"Biblioteca Popular C.C.Vigil","url":"https:\/\/bibliotecavigil.org.ar\/inicio\/","logo":{"@type":"ImageObject","inLanguage":"es","@id":"https:\/\/bibliotecavigil.org.ar\/inicio\/#\/schema\/logo\/image\/","url":"https:\/\/bibliotecavigil.org.ar\/inicio\/wp-content\/uploads\/2023\/06\/Logo-sin-texto-gif.gif","contentUrl":"https:\/\/bibliotecavigil.org.ar\/inicio\/wp-content\/uploads\/2023\/06\/Logo-sin-texto-gif.gif","width":1487,"height":1604,"caption":"Biblioteca Popular C.C.Vigil"},"image":{"@id":"https:\/\/bibliotecavigil.org.ar\/inicio\/#\/schema\/logo\/image\/"}},{"@type":"Person","@id":"https:\/\/bibliotecavigil.org.ar\/inicio\/#\/schema\/person\/98530bc117d5fa50c5dc01b4fd8d3700","name":"Biblioteca Vigil","image":{"@type":"ImageObject","inLanguage":"es","@id":"https:\/\/secure.gravatar.com\/avatar\/a96b6054dc4c80cde596e2c3f42d23e4f769e395116bf277fb508315b9d8a5c5?s=96&d=mm&r=g","url":"https:\/\/secure.gravatar.com\/avatar\/a96b6054dc4c80cde596e2c3f42d23e4f769e395116bf277fb508315b9d8a5c5?s=96&d=mm&r=g","contentUrl":"https:\/\/secure.gravatar.com\/avatar\/a96b6054dc4c80cde596e2c3f42d23e4f769e395116bf277fb508315b9d8a5c5?s=96&d=mm&r=g","caption":"Biblioteca Vigil"},"url":"https:\/\/bibliotecavigil.org.ar\/inicio\/author\/comunicacion\/"}]}},"_links":{"self":[{"href":"https:\/\/bibliotecavigil.org.ar\/inicio\/wp-json\/wp\/v2\/posts\/29997","targetHints":{"allow":["GET"]}}],"collection":[{"href":"https:\/\/bibliotecavigil.org.ar\/inicio\/wp-json\/wp\/v2\/posts"}],"about":[{"href":"https:\/\/bibliotecavigil.org.ar\/inicio\/wp-json\/wp\/v2\/types\/post"}],"author":[{"embeddable":true,"href":"https:\/\/bibliotecavigil.org.ar\/inicio\/wp-json\/wp\/v2\/users\/3"}],"replies":[{"embeddable":true,"href":"https:\/\/bibliotecavigil.org.ar\/inicio\/wp-json\/wp\/v2\/comments?post=29997"}],"version-history":[{"count":2,"href":"https:\/\/bibliotecavigil.org.ar\/inicio\/wp-json\/wp\/v2\/posts\/29997\/revisions"}],"predecessor-version":[{"id":30002,"href":"https:\/\/bibliotecavigil.org.ar\/inicio\/wp-json\/wp\/v2\/posts\/29997\/revisions\/30002"}],"wp:featuredmedia":[{"embeddable":true,"href":"https:\/\/bibliotecavigil.org.ar\/inicio\/wp-json\/wp\/v2\/media\/30000"}],"wp:attachment":[{"href":"https:\/\/bibliotecavigil.org.ar\/inicio\/wp-json\/wp\/v2\/media?parent=29997"}],"wp:term":[{"taxonomy":"category","embeddable":true,"href":"https:\/\/bibliotecavigil.org.ar\/inicio\/wp-json\/wp\/v2\/categories?post=29997"},{"taxonomy":"post_tag","embeddable":true,"href":"https:\/\/bibliotecavigil.org.ar\/inicio\/wp-json\/wp\/v2\/tags?post=29997"}],"curies":[{"name":"wp","href":"https:\/\/api.w.org\/{rel}","templated":true}]}}