{"id":30050,"date":"2021-11-30T16:28:01","date_gmt":"2021-11-30T19:28:01","guid":{"rendered":"https:\/\/bibliotecavigil.org.ar\/inicio\/?p=30050"},"modified":"2021-11-30T16:45:19","modified_gmt":"2021-11-30T19:45:19","slug":"obra-monologos-del-viento","status":"publish","type":"post","link":"https:\/\/bibliotecavigil.org.ar\/inicio\/obra-monologos-del-viento\/","title":{"rendered":"Obra: Mon\u00f3logos Del Viento"},"content":{"rendered":"\n<p>INVITACI\u00d3N<\/p>\n\n\n\n<p>A 20 a\u00f1os del 2001, las bibliotecas Vigil y Pocho Lepratti invitan a j\u00f3venes de la ciudad a la obra de teatro \u00abMon\u00f3logos del viento\u00bb del grupo LA LEPROSA de Victoria, Entre R\u00edos.<\/p>\n\n\n\n<p>Relata los hechos sucedidos los d\u00edas 19 y 20 de diciembre de 2001, poniendo el foco de las escenas en las escuelas 756 y 1257 donde la polic\u00eda del gobierno de Carlos Reutemann asesina a Pocho Lepratti y a Rub\u00e9n Pereyra. Luego se determinar\u00eda un total de 9 personas asesinadas en la Provincia y 39 en todo el pa\u00eds.<\/p>\n\n\n\n<p><strong>Este viernes a las 16hs.<\/strong> lxs esperamos para disfrutar de la obra \u00ab<strong>MON\u00d3LOGOS DEL VIENTO, cuatro historias, cuatro verdades<\/strong>\u00ab, en el marco de los 20 a\u00f1os de Diciembre de 2001. <\/p>\n\n\n\n<p>&#8211; Recomendada para mayores de 16 a\u00f1os &#8211; <\/p>\n\n\n\n<p>LA LEPROSA es un grupo que naci\u00f3 en 2009 desde la c\u00e1tedra Procesos Mundiales III del Profesorado de Historia de la Escuela Normal Osvaldo Magnasco, dictado por la profesora Ana Mar\u00eda Balbi, bajo la consigna de realizar un trabajo pr\u00e1ctico en donde se deb\u00eda representar una escena de la vida cotidiana de la Edad Media. La aprobaci\u00f3n de ese trabajo dio nacimiento al grupo de teatro La Leprosa, nombre de la primera obra representada por el grupo. A partir de entonces, a lo largo de estos 12 a\u00f1os, los integrantes realizaron distintas producciones. <\/p>\n\n\n\n<p>STAFF: Pablo Puchet, Hern\u00e1n Campestrini, Adriana Di Orio, Adolfo Sosa, Marcela Biscaldi, Daiana Albornoz, Carina Ruiz, Nelson Almada, H\u00e9ctor S\u00e1nchez, Julio Firpo, Jos\u00e9 Mar\u00eda Mu\u00f1oz y Graciela Bustos. <\/p>\n\n\n\n<p><img decoding=\"async\" height=\"16\" width=\"16\" alt=\"&#x1f539;\" data-src=\"https:\/\/static.xx.fbcdn.net\/images\/emoji.php\/v9\/tf3\/1\/16\/1f539.png\" src=\"data:image\/svg+xml;base64,PHN2ZyB3aWR0aD0iMSIgaGVpZ2h0PSIxIiB4bWxucz0iaHR0cDovL3d3dy53My5vcmcvMjAwMC9zdmciPjwvc3ZnPg==\" class=\"lazyload\" style=\"--smush-placeholder-width: 16px; --smush-placeholder-aspect-ratio: 16\/16;\"> <strong>Viernes 3 de diciembre, 16 hs. Biblioteca Vigil, Gaboto 450, Rosario. Entrada LIBRE y GRATUITA. Organizan e invitan: Biblioteca Pocho Lepratti y La Biblioteca Vigil.<\/strong><\/p>\n\n\n\n<p><\/p>\n\n\n\n<figure class=\"wp-block-image size-large\"><a href=\"https:\/\/bibliotecavigil.org.ar\/inicio\/wp-content\/uploads\/2021\/11\/Monologos-del-viento-fb.jpg\"><img decoding=\"async\" width=\"724\" height=\"1024\" data-src=\"https:\/\/bibliotecavigil.org.ar\/inicio\/wp-content\/uploads\/2021\/11\/Monologos-del-viento-fb-724x1024.jpg\" alt=\"\" class=\"wp-image-30051 lazyload\" data-srcset=\"https:\/\/bibliotecavigil.org.ar\/inicio\/wp-content\/uploads\/2021\/11\/Monologos-del-viento-fb-724x1024.jpg 724w, https:\/\/bibliotecavigil.org.ar\/inicio\/wp-content\/uploads\/2021\/11\/Monologos-del-viento-fb-480x679.jpg 480w\" data-sizes=\"(min-width: 0px) and (max-width: 480px) 480px, (min-width: 481px) 724px, 100vw\" src=\"data:image\/svg+xml;base64,PHN2ZyB3aWR0aD0iMSIgaGVpZ2h0PSIxIiB4bWxucz0iaHR0cDovL3d3dy53My5vcmcvMjAwMC9zdmciPjwvc3ZnPg==\" style=\"--smush-placeholder-width: 724px; --smush-placeholder-aspect-ratio: 724\/1024;\" \/><\/a><\/figure>\n\n\n\n<p><\/p>\n","protected":false},"excerpt":{"rendered":"<p>INVITACI\u00d3N A 20 a\u00f1os del 2001, las bibliotecas Vigil y Pocho Lepratti invitan a j\u00f3venes de la ciudad a la obra de teatro \u00abMon\u00f3logos del viento\u00bb del grupo LA LEPROSA de Victoria, Entre R\u00edos. Relata los hechos sucedidos los d\u00edas 19 y 20 de diciembre de 2001, poniendo el foco de las escenas en las [&hellip;]<\/p>\n","protected":false},"author":3,"featured_media":30052,"comment_status":"open","ping_status":"closed","sticky":false,"template":"","format":"standard","meta":{"_et_pb_use_builder":"off","_et_pb_old_content":"","_et_gb_content_width":"1920","footnotes":""},"categories":[1],"tags":[65,175,174,176,118],"class_list":["post-30050","post","type-post","status-publish","format-standard","has-post-thumbnail","hentry","category-sin-categoria","tag-biblioteca","tag-delviento","tag-monologos","tag-pocho","tag-teatro"],"yoast_head":"<!-- This site is optimized with the Yoast SEO plugin v27.5 - https:\/\/yoast.com\/product\/yoast-seo-wordpress\/ -->\n<title>Obra: Mon\u00f3logos Del Viento - Biblioteca Vigil<\/title>\n<meta name=\"robots\" content=\"index, follow, max-snippet:-1, max-image-preview:large, max-video-preview:-1\" \/>\n<link rel=\"canonical\" href=\"https:\/\/bibliotecavigil.org.ar\/inicio\/obra-monologos-del-viento\/\" \/>\n<meta property=\"og:locale\" content=\"es_ES\" \/>\n<meta property=\"og:type\" content=\"article\" \/>\n<meta property=\"og:title\" content=\"Obra: Mon\u00f3logos Del Viento - Biblioteca Vigil\" \/>\n<meta property=\"og:description\" content=\"INVITACI\u00d3N A 20 a\u00f1os del 2001, las bibliotecas Vigil y Pocho Lepratti invitan a j\u00f3venes de la ciudad a la obra de teatro \u00abMon\u00f3logos del viento\u00bb del grupo LA LEPROSA de Victoria, Entre R\u00edos. Relata los hechos sucedidos los d\u00edas 19 y 20 de diciembre de 2001, poniendo el foco de las escenas en las [&hellip;]\" \/>\n<meta property=\"og:url\" content=\"https:\/\/bibliotecavigil.org.ar\/inicio\/obra-monologos-del-viento\/\" \/>\n<meta property=\"og:site_name\" content=\"Biblioteca Vigil\" \/>\n<meta property=\"article:published_time\" content=\"2021-11-30T19:28:01+00:00\" \/>\n<meta property=\"article:modified_time\" content=\"2021-11-30T19:45:19+00:00\" \/>\n<meta property=\"og:image\" content=\"https:\/\/bibliotecavigil.org.ar\/inicio\/wp-content\/uploads\/2021\/11\/Monologos-del-viento-web.jpg\" \/>\n\t<meta property=\"og:image:width\" content=\"833\" \/>\n\t<meta property=\"og:image:height\" content=\"523\" \/>\n\t<meta property=\"og:image:type\" content=\"image\/jpeg\" \/>\n<meta name=\"author\" content=\"Biblioteca Vigil\" \/>\n<meta name=\"twitter:card\" content=\"summary_large_image\" \/>\n<meta name=\"twitter:label1\" content=\"Escrito por\" \/>\n\t<meta name=\"twitter:data1\" content=\"Biblioteca Vigil\" \/>\n\t<meta name=\"twitter:label2\" content=\"Tiempo de lectura\" \/>\n\t<meta name=\"twitter:data2\" content=\"2 minutos\" \/>\n<script type=\"application\/ld+json\" class=\"yoast-schema-graph\">{\"@context\":\"https:\\\/\\\/schema.org\",\"@graph\":[{\"@type\":\"Article\",\"@id\":\"https:\\\/\\\/bibliotecavigil.org.ar\\\/inicio\\\/obra-monologos-del-viento\\\/#article\",\"isPartOf\":{\"@id\":\"https:\\\/\\\/bibliotecavigil.org.ar\\\/inicio\\\/obra-monologos-del-viento\\\/\"},\"author\":{\"name\":\"Biblioteca Vigil\",\"@id\":\"https:\\\/\\\/bibliotecavigil.org.ar\\\/inicio\\\/#\\\/schema\\\/person\\\/98530bc117d5fa50c5dc01b4fd8d3700\"},\"headline\":\"Obra: Mon\u00f3logos Del Viento\",\"datePublished\":\"2021-11-30T19:28:01+00:00\",\"dateModified\":\"2021-11-30T19:45:19+00:00\",\"mainEntityOfPage\":{\"@id\":\"https:\\\/\\\/bibliotecavigil.org.ar\\\/inicio\\\/obra-monologos-del-viento\\\/\"},\"wordCount\":289,\"commentCount\":0,\"publisher\":{\"@id\":\"https:\\\/\\\/bibliotecavigil.org.ar\\\/inicio\\\/#organization\"},\"image\":{\"@id\":\"https:\\\/\\\/bibliotecavigil.org.ar\\\/inicio\\\/obra-monologos-del-viento\\\/#primaryimage\"},\"thumbnailUrl\":\"https:\\\/\\\/bibliotecavigil.org.ar\\\/inicio\\\/wp-content\\\/uploads\\\/2021\\\/11\\\/Monologos-del-viento-web.jpg\",\"keywords\":[\"biblioteca\",\"delviento\",\"monologos\",\"pocho\",\"teatro\"],\"inLanguage\":\"es\",\"potentialAction\":[{\"@type\":\"CommentAction\",\"name\":\"Comment\",\"target\":[\"https:\\\/\\\/bibliotecavigil.org.ar\\\/inicio\\\/obra-monologos-del-viento\\\/#respond\"]}]},{\"@type\":\"WebPage\",\"@id\":\"https:\\\/\\\/bibliotecavigil.org.ar\\\/inicio\\\/obra-monologos-del-viento\\\/\",\"url\":\"https:\\\/\\\/bibliotecavigil.org.ar\\\/inicio\\\/obra-monologos-del-viento\\\/\",\"name\":\"Obra: Mon\u00f3logos Del Viento - Biblioteca Vigil\",\"isPartOf\":{\"@id\":\"https:\\\/\\\/bibliotecavigil.org.ar\\\/inicio\\\/#website\"},\"primaryImageOfPage\":{\"@id\":\"https:\\\/\\\/bibliotecavigil.org.ar\\\/inicio\\\/obra-monologos-del-viento\\\/#primaryimage\"},\"image\":{\"@id\":\"https:\\\/\\\/bibliotecavigil.org.ar\\\/inicio\\\/obra-monologos-del-viento\\\/#primaryimage\"},\"thumbnailUrl\":\"https:\\\/\\\/bibliotecavigil.org.ar\\\/inicio\\\/wp-content\\\/uploads\\\/2021\\\/11\\\/Monologos-del-viento-web.jpg\",\"datePublished\":\"2021-11-30T19:28:01+00:00\",\"dateModified\":\"2021-11-30T19:45:19+00:00\",\"breadcrumb\":{\"@id\":\"https:\\\/\\\/bibliotecavigil.org.ar\\\/inicio\\\/obra-monologos-del-viento\\\/#breadcrumb\"},\"inLanguage\":\"es\",\"potentialAction\":[{\"@type\":\"ReadAction\",\"target\":[\"https:\\\/\\\/bibliotecavigil.org.ar\\\/inicio\\\/obra-monologos-del-viento\\\/\"]}]},{\"@type\":\"ImageObject\",\"inLanguage\":\"es\",\"@id\":\"https:\\\/\\\/bibliotecavigil.org.ar\\\/inicio\\\/obra-monologos-del-viento\\\/#primaryimage\",\"url\":\"https:\\\/\\\/bibliotecavigil.org.ar\\\/inicio\\\/wp-content\\\/uploads\\\/2021\\\/11\\\/Monologos-del-viento-web.jpg\",\"contentUrl\":\"https:\\\/\\\/bibliotecavigil.org.ar\\\/inicio\\\/wp-content\\\/uploads\\\/2021\\\/11\\\/Monologos-del-viento-web.jpg\",\"width\":833,\"height\":523},{\"@type\":\"BreadcrumbList\",\"@id\":\"https:\\\/\\\/bibliotecavigil.org.ar\\\/inicio\\\/obra-monologos-del-viento\\\/#breadcrumb\",\"itemListElement\":[{\"@type\":\"ListItem\",\"position\":1,\"name\":\"Portada\",\"item\":\"https:\\\/\\\/bibliotecavigil.org.ar\\\/inicio\\\/\"},{\"@type\":\"ListItem\",\"position\":2,\"name\":\"Obra: Mon\u00f3logos Del Viento\"}]},{\"@type\":\"WebSite\",\"@id\":\"https:\\\/\\\/bibliotecavigil.org.ar\\\/inicio\\\/#website\",\"url\":\"https:\\\/\\\/bibliotecavigil.org.ar\\\/inicio\\\/\",\"name\":\"Biblioteca Vigil\",\"description\":\"Biblioteca Popular C C Vigil\",\"publisher\":{\"@id\":\"https:\\\/\\\/bibliotecavigil.org.ar\\\/inicio\\\/#organization\"},\"potentialAction\":[{\"@type\":\"SearchAction\",\"target\":{\"@type\":\"EntryPoint\",\"urlTemplate\":\"https:\\\/\\\/bibliotecavigil.org.ar\\\/inicio\\\/?s={search_term_string}\"},\"query-input\":{\"@type\":\"PropertyValueSpecification\",\"valueRequired\":true,\"valueName\":\"search_term_string\"}}],\"inLanguage\":\"es\"},{\"@type\":\"Organization\",\"@id\":\"https:\\\/\\\/bibliotecavigil.org.ar\\\/inicio\\\/#organization\",\"name\":\"Biblioteca Popular C.C.Vigil\",\"url\":\"https:\\\/\\\/bibliotecavigil.org.ar\\\/inicio\\\/\",\"logo\":{\"@type\":\"ImageObject\",\"inLanguage\":\"es\",\"@id\":\"https:\\\/\\\/bibliotecavigil.org.ar\\\/inicio\\\/#\\\/schema\\\/logo\\\/image\\\/\",\"url\":\"https:\\\/\\\/bibliotecavigil.org.ar\\\/inicio\\\/wp-content\\\/uploads\\\/2023\\\/06\\\/Logo-sin-texto-gif.gif\",\"contentUrl\":\"https:\\\/\\\/bibliotecavigil.org.ar\\\/inicio\\\/wp-content\\\/uploads\\\/2023\\\/06\\\/Logo-sin-texto-gif.gif\",\"width\":1487,\"height\":1604,\"caption\":\"Biblioteca Popular C.C.Vigil\"},\"image\":{\"@id\":\"https:\\\/\\\/bibliotecavigil.org.ar\\\/inicio\\\/#\\\/schema\\\/logo\\\/image\\\/\"}},{\"@type\":\"Person\",\"@id\":\"https:\\\/\\\/bibliotecavigil.org.ar\\\/inicio\\\/#\\\/schema\\\/person\\\/98530bc117d5fa50c5dc01b4fd8d3700\",\"name\":\"Biblioteca Vigil\",\"image\":{\"@type\":\"ImageObject\",\"inLanguage\":\"es\",\"@id\":\"https:\\\/\\\/secure.gravatar.com\\\/avatar\\\/a96b6054dc4c80cde596e2c3f42d23e4f769e395116bf277fb508315b9d8a5c5?s=96&d=mm&r=g\",\"url\":\"https:\\\/\\\/secure.gravatar.com\\\/avatar\\\/a96b6054dc4c80cde596e2c3f42d23e4f769e395116bf277fb508315b9d8a5c5?s=96&d=mm&r=g\",\"contentUrl\":\"https:\\\/\\\/secure.gravatar.com\\\/avatar\\\/a96b6054dc4c80cde596e2c3f42d23e4f769e395116bf277fb508315b9d8a5c5?s=96&d=mm&r=g\",\"caption\":\"Biblioteca Vigil\"},\"url\":\"https:\\\/\\\/bibliotecavigil.org.ar\\\/inicio\\\/author\\\/comunicacion\\\/\"}]}<\/script>\n<!-- \/ Yoast SEO plugin. -->","yoast_head_json":{"title":"Obra: Mon\u00f3logos Del Viento - Biblioteca Vigil","robots":{"index":"index","follow":"follow","max-snippet":"max-snippet:-1","max-image-preview":"max-image-preview:large","max-video-preview":"max-video-preview:-1"},"canonical":"https:\/\/bibliotecavigil.org.ar\/inicio\/obra-monologos-del-viento\/","og_locale":"es_ES","og_type":"article","og_title":"Obra: Mon\u00f3logos Del Viento - Biblioteca Vigil","og_description":"INVITACI\u00d3N A 20 a\u00f1os del 2001, las bibliotecas Vigil y Pocho Lepratti invitan a j\u00f3venes de la ciudad a la obra de teatro \u00abMon\u00f3logos del viento\u00bb del grupo LA LEPROSA de Victoria, Entre R\u00edos. Relata los hechos sucedidos los d\u00edas 19 y 20 de diciembre de 2001, poniendo el foco de las escenas en las [&hellip;]","og_url":"https:\/\/bibliotecavigil.org.ar\/inicio\/obra-monologos-del-viento\/","og_site_name":"Biblioteca Vigil","article_published_time":"2021-11-30T19:28:01+00:00","article_modified_time":"2021-11-30T19:45:19+00:00","og_image":[{"width":833,"height":523,"url":"https:\/\/bibliotecavigil.org.ar\/inicio\/wp-content\/uploads\/2021\/11\/Monologos-del-viento-web.jpg","type":"image\/jpeg"}],"author":"Biblioteca Vigil","twitter_card":"summary_large_image","twitter_misc":{"Escrito por":"Biblioteca Vigil","Tiempo de lectura":"2 minutos"},"schema":{"@context":"https:\/\/schema.org","@graph":[{"@type":"Article","@id":"https:\/\/bibliotecavigil.org.ar\/inicio\/obra-monologos-del-viento\/#article","isPartOf":{"@id":"https:\/\/bibliotecavigil.org.ar\/inicio\/obra-monologos-del-viento\/"},"author":{"name":"Biblioteca Vigil","@id":"https:\/\/bibliotecavigil.org.ar\/inicio\/#\/schema\/person\/98530bc117d5fa50c5dc01b4fd8d3700"},"headline":"Obra: Mon\u00f3logos Del Viento","datePublished":"2021-11-30T19:28:01+00:00","dateModified":"2021-11-30T19:45:19+00:00","mainEntityOfPage":{"@id":"https:\/\/bibliotecavigil.org.ar\/inicio\/obra-monologos-del-viento\/"},"wordCount":289,"commentCount":0,"publisher":{"@id":"https:\/\/bibliotecavigil.org.ar\/inicio\/#organization"},"image":{"@id":"https:\/\/bibliotecavigil.org.ar\/inicio\/obra-monologos-del-viento\/#primaryimage"},"thumbnailUrl":"https:\/\/bibliotecavigil.org.ar\/inicio\/wp-content\/uploads\/2021\/11\/Monologos-del-viento-web.jpg","keywords":["biblioteca","delviento","monologos","pocho","teatro"],"inLanguage":"es","potentialAction":[{"@type":"CommentAction","name":"Comment","target":["https:\/\/bibliotecavigil.org.ar\/inicio\/obra-monologos-del-viento\/#respond"]}]},{"@type":"WebPage","@id":"https:\/\/bibliotecavigil.org.ar\/inicio\/obra-monologos-del-viento\/","url":"https:\/\/bibliotecavigil.org.ar\/inicio\/obra-monologos-del-viento\/","name":"Obra: Mon\u00f3logos Del Viento - Biblioteca Vigil","isPartOf":{"@id":"https:\/\/bibliotecavigil.org.ar\/inicio\/#website"},"primaryImageOfPage":{"@id":"https:\/\/bibliotecavigil.org.ar\/inicio\/obra-monologos-del-viento\/#primaryimage"},"image":{"@id":"https:\/\/bibliotecavigil.org.ar\/inicio\/obra-monologos-del-viento\/#primaryimage"},"thumbnailUrl":"https:\/\/bibliotecavigil.org.ar\/inicio\/wp-content\/uploads\/2021\/11\/Monologos-del-viento-web.jpg","datePublished":"2021-11-30T19:28:01+00:00","dateModified":"2021-11-30T19:45:19+00:00","breadcrumb":{"@id":"https:\/\/bibliotecavigil.org.ar\/inicio\/obra-monologos-del-viento\/#breadcrumb"},"inLanguage":"es","potentialAction":[{"@type":"ReadAction","target":["https:\/\/bibliotecavigil.org.ar\/inicio\/obra-monologos-del-viento\/"]}]},{"@type":"ImageObject","inLanguage":"es","@id":"https:\/\/bibliotecavigil.org.ar\/inicio\/obra-monologos-del-viento\/#primaryimage","url":"https:\/\/bibliotecavigil.org.ar\/inicio\/wp-content\/uploads\/2021\/11\/Monologos-del-viento-web.jpg","contentUrl":"https:\/\/bibliotecavigil.org.ar\/inicio\/wp-content\/uploads\/2021\/11\/Monologos-del-viento-web.jpg","width":833,"height":523},{"@type":"BreadcrumbList","@id":"https:\/\/bibliotecavigil.org.ar\/inicio\/obra-monologos-del-viento\/#breadcrumb","itemListElement":[{"@type":"ListItem","position":1,"name":"Portada","item":"https:\/\/bibliotecavigil.org.ar\/inicio\/"},{"@type":"ListItem","position":2,"name":"Obra: Mon\u00f3logos Del Viento"}]},{"@type":"WebSite","@id":"https:\/\/bibliotecavigil.org.ar\/inicio\/#website","url":"https:\/\/bibliotecavigil.org.ar\/inicio\/","name":"Biblioteca Vigil","description":"Biblioteca Popular C C Vigil","publisher":{"@id":"https:\/\/bibliotecavigil.org.ar\/inicio\/#organization"},"potentialAction":[{"@type":"SearchAction","target":{"@type":"EntryPoint","urlTemplate":"https:\/\/bibliotecavigil.org.ar\/inicio\/?s={search_term_string}"},"query-input":{"@type":"PropertyValueSpecification","valueRequired":true,"valueName":"search_term_string"}}],"inLanguage":"es"},{"@type":"Organization","@id":"https:\/\/bibliotecavigil.org.ar\/inicio\/#organization","name":"Biblioteca Popular C.C.Vigil","url":"https:\/\/bibliotecavigil.org.ar\/inicio\/","logo":{"@type":"ImageObject","inLanguage":"es","@id":"https:\/\/bibliotecavigil.org.ar\/inicio\/#\/schema\/logo\/image\/","url":"https:\/\/bibliotecavigil.org.ar\/inicio\/wp-content\/uploads\/2023\/06\/Logo-sin-texto-gif.gif","contentUrl":"https:\/\/bibliotecavigil.org.ar\/inicio\/wp-content\/uploads\/2023\/06\/Logo-sin-texto-gif.gif","width":1487,"height":1604,"caption":"Biblioteca Popular C.C.Vigil"},"image":{"@id":"https:\/\/bibliotecavigil.org.ar\/inicio\/#\/schema\/logo\/image\/"}},{"@type":"Person","@id":"https:\/\/bibliotecavigil.org.ar\/inicio\/#\/schema\/person\/98530bc117d5fa50c5dc01b4fd8d3700","name":"Biblioteca Vigil","image":{"@type":"ImageObject","inLanguage":"es","@id":"https:\/\/secure.gravatar.com\/avatar\/a96b6054dc4c80cde596e2c3f42d23e4f769e395116bf277fb508315b9d8a5c5?s=96&d=mm&r=g","url":"https:\/\/secure.gravatar.com\/avatar\/a96b6054dc4c80cde596e2c3f42d23e4f769e395116bf277fb508315b9d8a5c5?s=96&d=mm&r=g","contentUrl":"https:\/\/secure.gravatar.com\/avatar\/a96b6054dc4c80cde596e2c3f42d23e4f769e395116bf277fb508315b9d8a5c5?s=96&d=mm&r=g","caption":"Biblioteca Vigil"},"url":"https:\/\/bibliotecavigil.org.ar\/inicio\/author\/comunicacion\/"}]}},"_links":{"self":[{"href":"https:\/\/bibliotecavigil.org.ar\/inicio\/wp-json\/wp\/v2\/posts\/30050","targetHints":{"allow":["GET"]}}],"collection":[{"href":"https:\/\/bibliotecavigil.org.ar\/inicio\/wp-json\/wp\/v2\/posts"}],"about":[{"href":"https:\/\/bibliotecavigil.org.ar\/inicio\/wp-json\/wp\/v2\/types\/post"}],"author":[{"embeddable":true,"href":"https:\/\/bibliotecavigil.org.ar\/inicio\/wp-json\/wp\/v2\/users\/3"}],"replies":[{"embeddable":true,"href":"https:\/\/bibliotecavigil.org.ar\/inicio\/wp-json\/wp\/v2\/comments?post=30050"}],"version-history":[{"count":4,"href":"https:\/\/bibliotecavigil.org.ar\/inicio\/wp-json\/wp\/v2\/posts\/30050\/revisions"}],"predecessor-version":[{"id":30056,"href":"https:\/\/bibliotecavigil.org.ar\/inicio\/wp-json\/wp\/v2\/posts\/30050\/revisions\/30056"}],"wp:featuredmedia":[{"embeddable":true,"href":"https:\/\/bibliotecavigil.org.ar\/inicio\/wp-json\/wp\/v2\/media\/30052"}],"wp:attachment":[{"href":"https:\/\/bibliotecavigil.org.ar\/inicio\/wp-json\/wp\/v2\/media?parent=30050"}],"wp:term":[{"taxonomy":"category","embeddable":true,"href":"https:\/\/bibliotecavigil.org.ar\/inicio\/wp-json\/wp\/v2\/categories?post=30050"},{"taxonomy":"post_tag","embeddable":true,"href":"https:\/\/bibliotecavigil.org.ar\/inicio\/wp-json\/wp\/v2\/tags?post=30050"}],"curies":[{"name":"wp","href":"https:\/\/api.w.org\/{rel}","templated":true}]}}