{"id":30377,"date":"2022-02-25T20:23:27","date_gmt":"2022-02-25T23:23:27","guid":{"rendered":"https:\/\/bibliotecavigil.org.ar\/inicio\/?p=30377"},"modified":"2022-02-25T20:23:30","modified_gmt":"2022-02-25T23:23:30","slug":"a-45-anos-no-nos-han-vencido","status":"publish","type":"post","link":"https:\/\/bibliotecavigil.org.ar\/inicio\/a-45-anos-no-nos-han-vencido\/","title":{"rendered":"A 45 A\u00f1os. No nos han vencido"},"content":{"rendered":"\n<p><\/p>\n\n\n\n<p>Una pregunta sobrevuela las personas que pasan por el frente de la biblio: \u00bfPor qu\u00e9 ac\u00e1 hay un Sitio de Memoria del Terrorismo de Estado?<\/p>\n\n\n\n<p>Durante la ma\u00f1ana del 25 de febrero de 1977 la dictadura c\u00edvico-militar-eclesi\u00e1stica inici\u00f3 la intervenci\u00f3n \u201cnormalizadora\u201d de la Biblioteca Popular Constancio C. Vigil; ese fue el punto de partida oficial de los delitos cometidos contra nuestra querida biblioteca y su gente.<\/p>\n\n\n\n<p>Aquel d\u00eda de hace 45 a\u00f1os comenzaron el saqueo patrimonial, la destrucci\u00f3n general y la biblioclast\u00eda, los despidos, las amenazas, las detenciones de directivos, y un considerable etc\u00e9tera que solo se saldar\u00e1 con Justicia, esa que est\u00e1 llegando, la que se pronunci\u00f3 en la sentencia del juicio por la Causa Feced III y que seguir\u00e1 hasta saciarse de verdad en la resoluci\u00f3n favorable a los reclamos que a\u00fan nos convocan a la lucha.<\/p>\n\n\n\n<p>Nuestra Historia la atesoramos en nuestra colecci\u00f3n bibliogr\u00e1fica. En estos libros y testimonios est\u00e1 lo que somos en la ra\u00edz<\/p>\n\n\n\n<p>Pero nuestra historia tambi\u00e9n est\u00e1 hecha de presente, un presente construido colectivamente con los cimientos del ayer y las aspas-alas del molinillo que mira hacia el futuro, siempre empujado por vientos de cambio. Queremos que se sepa que ac\u00e1 estamos, que seguimos latiendo en cada libro editado o prestado, en cada taller, en cada funci\u00f3n de la Saulo, en cada espacio cuidado, en cada pibx que busca un sentido o el placer de conocer y de ser parte, en cada familia que se acerca y se queda, en cada compa\u00f1erx que se identifica con un modo de ser que vamos haciendo y deshaciendo y volviendo a hacer.<\/p>\n\n\n\n<p><strong>Ac\u00e1 estamos, no nos han vencido.<\/strong><\/p>\n\n\n\n<p><\/p>\n\n\n\n<figure class=\"wp-block-embed is-type-video is-provider-youtube wp-block-embed-youtube wp-embed-aspect-16-9 wp-has-aspect-ratio\"><div class=\"wp-block-embed__wrapper\">\n<iframe title=\"25 de Febrero - A 45 A\u00f1os. No nos han vencido\" width=\"1080\" height=\"608\" data-src=\"https:\/\/www.youtube.com\/embed\/OLbHFExnG3s?feature=oembed\"  allow=\"accelerometer; autoplay; clipboard-write; encrypted-media; gyroscope; picture-in-picture\" allowfullscreen src=\"data:image\/svg+xml;base64,PHN2ZyB3aWR0aD0iMSIgaGVpZ2h0PSIxIiB4bWxucz0iaHR0cDovL3d3dy53My5vcmcvMjAwMC9zdmciPjwvc3ZnPg==\" class=\"lazyload\" data-load-mode=\"1\"><\/iframe>\n<\/div><\/figure>\n","protected":false},"excerpt":{"rendered":"<p>Una pregunta sobrevuela las personas que pasan por el frente de la biblio: \u00bfPor qu\u00e9 ac\u00e1 hay un Sitio de Memoria del Terrorismo de Estado? Durante la ma\u00f1ana del 25 de febrero de 1977 la dictadura c\u00edvico-militar-eclesi\u00e1stica inici\u00f3 la intervenci\u00f3n \u201cnormalizadora\u201d de la Biblioteca Popular Constancio C. Vigil; ese fue el punto de partida oficial [&hellip;]<\/p>\n","protected":false},"author":3,"featured_media":30378,"comment_status":"open","ping_status":"closed","sticky":false,"template":"","format":"standard","meta":{"_et_pb_use_builder":"off","_et_pb_old_content":"","_et_gb_content_width":"1920","footnotes":""},"categories":[16],"tags":[189,190],"class_list":["post-30377","post","type-post","status-publish","format-standard","has-post-thumbnail","hentry","category-noticias","tag-25feb","tag-intervencion"],"yoast_head":"<!-- This site is optimized with the Yoast SEO plugin v27.4 - https:\/\/yoast.com\/product\/yoast-seo-wordpress\/ -->\n<title>A 45 A\u00f1os. No nos han vencido - Biblioteca Vigil<\/title>\n<meta name=\"robots\" content=\"index, follow, max-snippet:-1, max-image-preview:large, max-video-preview:-1\" \/>\n<link rel=\"canonical\" href=\"https:\/\/bibliotecavigil.org.ar\/inicio\/a-45-anos-no-nos-han-vencido\/\" \/>\n<meta property=\"og:locale\" content=\"es_ES\" \/>\n<meta property=\"og:type\" content=\"article\" \/>\n<meta property=\"og:title\" content=\"A 45 A\u00f1os. No nos han vencido - Biblioteca Vigil\" \/>\n<meta property=\"og:description\" content=\"Una pregunta sobrevuela las personas que pasan por el frente de la biblio: \u00bfPor qu\u00e9 ac\u00e1 hay un Sitio de Memoria del Terrorismo de Estado? Durante la ma\u00f1ana del 25 de febrero de 1977 la dictadura c\u00edvico-militar-eclesi\u00e1stica inici\u00f3 la intervenci\u00f3n \u201cnormalizadora\u201d de la Biblioteca Popular Constancio C. Vigil; ese fue el punto de partida oficial [&hellip;]\" \/>\n<meta property=\"og:url\" content=\"https:\/\/bibliotecavigil.org.ar\/inicio\/a-45-anos-no-nos-han-vencido\/\" \/>\n<meta property=\"og:site_name\" content=\"Biblioteca Vigil\" \/>\n<meta property=\"article:published_time\" content=\"2022-02-25T23:23:27+00:00\" \/>\n<meta property=\"article:modified_time\" content=\"2022-02-25T23:23:30+00:00\" \/>\n<meta property=\"og:image\" content=\"https:\/\/bibliotecavigil.org.ar\/inicio\/wp-content\/uploads\/2022\/02\/sitio-memoria-p-web-portada.jpg\" \/>\n\t<meta property=\"og:image:width\" content=\"1667\" \/>\n\t<meta property=\"og:image:height\" content=\"1046\" \/>\n\t<meta property=\"og:image:type\" content=\"image\/jpeg\" \/>\n<meta name=\"author\" content=\"Biblioteca Vigil\" \/>\n<meta name=\"twitter:card\" content=\"summary_large_image\" \/>\n<meta name=\"twitter:label1\" content=\"Escrito por\" \/>\n\t<meta name=\"twitter:data1\" content=\"Biblioteca Vigil\" \/>\n\t<meta name=\"twitter:label2\" content=\"Tiempo de lectura\" \/>\n\t<meta name=\"twitter:data2\" content=\"2 minutos\" \/>\n<script type=\"application\/ld+json\" class=\"yoast-schema-graph\">{\"@context\":\"https:\\\/\\\/schema.org\",\"@graph\":[{\"@type\":\"Article\",\"@id\":\"https:\\\/\\\/bibliotecavigil.org.ar\\\/inicio\\\/a-45-anos-no-nos-han-vencido\\\/#article\",\"isPartOf\":{\"@id\":\"https:\\\/\\\/bibliotecavigil.org.ar\\\/inicio\\\/a-45-anos-no-nos-han-vencido\\\/\"},\"author\":{\"name\":\"Biblioteca Vigil\",\"@id\":\"https:\\\/\\\/bibliotecavigil.org.ar\\\/inicio\\\/#\\\/schema\\\/person\\\/98530bc117d5fa50c5dc01b4fd8d3700\"},\"headline\":\"A 45 A\u00f1os. No nos han vencido\",\"datePublished\":\"2022-02-25T23:23:27+00:00\",\"dateModified\":\"2022-02-25T23:23:30+00:00\",\"mainEntityOfPage\":{\"@id\":\"https:\\\/\\\/bibliotecavigil.org.ar\\\/inicio\\\/a-45-anos-no-nos-han-vencido\\\/\"},\"wordCount\":301,\"commentCount\":2,\"publisher\":{\"@id\":\"https:\\\/\\\/bibliotecavigil.org.ar\\\/inicio\\\/#organization\"},\"image\":{\"@id\":\"https:\\\/\\\/bibliotecavigil.org.ar\\\/inicio\\\/a-45-anos-no-nos-han-vencido\\\/#primaryimage\"},\"thumbnailUrl\":\"https:\\\/\\\/bibliotecavigil.org.ar\\\/inicio\\\/wp-content\\\/uploads\\\/2022\\\/02\\\/sitio-memoria-p-web-portada.jpg\",\"keywords\":[\"25feb\",\"intervenci\u00f3n\"],\"articleSection\":[\"Noticias\"],\"inLanguage\":\"es\",\"potentialAction\":[{\"@type\":\"CommentAction\",\"name\":\"Comment\",\"target\":[\"https:\\\/\\\/bibliotecavigil.org.ar\\\/inicio\\\/a-45-anos-no-nos-han-vencido\\\/#respond\"]}]},{\"@type\":\"WebPage\",\"@id\":\"https:\\\/\\\/bibliotecavigil.org.ar\\\/inicio\\\/a-45-anos-no-nos-han-vencido\\\/\",\"url\":\"https:\\\/\\\/bibliotecavigil.org.ar\\\/inicio\\\/a-45-anos-no-nos-han-vencido\\\/\",\"name\":\"A 45 A\u00f1os. No nos han vencido - Biblioteca Vigil\",\"isPartOf\":{\"@id\":\"https:\\\/\\\/bibliotecavigil.org.ar\\\/inicio\\\/#website\"},\"primaryImageOfPage\":{\"@id\":\"https:\\\/\\\/bibliotecavigil.org.ar\\\/inicio\\\/a-45-anos-no-nos-han-vencido\\\/#primaryimage\"},\"image\":{\"@id\":\"https:\\\/\\\/bibliotecavigil.org.ar\\\/inicio\\\/a-45-anos-no-nos-han-vencido\\\/#primaryimage\"},\"thumbnailUrl\":\"https:\\\/\\\/bibliotecavigil.org.ar\\\/inicio\\\/wp-content\\\/uploads\\\/2022\\\/02\\\/sitio-memoria-p-web-portada.jpg\",\"datePublished\":\"2022-02-25T23:23:27+00:00\",\"dateModified\":\"2022-02-25T23:23:30+00:00\",\"breadcrumb\":{\"@id\":\"https:\\\/\\\/bibliotecavigil.org.ar\\\/inicio\\\/a-45-anos-no-nos-han-vencido\\\/#breadcrumb\"},\"inLanguage\":\"es\",\"potentialAction\":[{\"@type\":\"ReadAction\",\"target\":[\"https:\\\/\\\/bibliotecavigil.org.ar\\\/inicio\\\/a-45-anos-no-nos-han-vencido\\\/\"]}]},{\"@type\":\"ImageObject\",\"inLanguage\":\"es\",\"@id\":\"https:\\\/\\\/bibliotecavigil.org.ar\\\/inicio\\\/a-45-anos-no-nos-han-vencido\\\/#primaryimage\",\"url\":\"https:\\\/\\\/bibliotecavigil.org.ar\\\/inicio\\\/wp-content\\\/uploads\\\/2022\\\/02\\\/sitio-memoria-p-web-portada.jpg\",\"contentUrl\":\"https:\\\/\\\/bibliotecavigil.org.ar\\\/inicio\\\/wp-content\\\/uploads\\\/2022\\\/02\\\/sitio-memoria-p-web-portada.jpg\",\"width\":1667,\"height\":1046},{\"@type\":\"BreadcrumbList\",\"@id\":\"https:\\\/\\\/bibliotecavigil.org.ar\\\/inicio\\\/a-45-anos-no-nos-han-vencido\\\/#breadcrumb\",\"itemListElement\":[{\"@type\":\"ListItem\",\"position\":1,\"name\":\"Portada\",\"item\":\"https:\\\/\\\/bibliotecavigil.org.ar\\\/inicio\\\/\"},{\"@type\":\"ListItem\",\"position\":2,\"name\":\"A 45 A\u00f1os. No nos han vencido\"}]},{\"@type\":\"WebSite\",\"@id\":\"https:\\\/\\\/bibliotecavigil.org.ar\\\/inicio\\\/#website\",\"url\":\"https:\\\/\\\/bibliotecavigil.org.ar\\\/inicio\\\/\",\"name\":\"Biblioteca Vigil\",\"description\":\"Biblioteca Popular C C Vigil\",\"publisher\":{\"@id\":\"https:\\\/\\\/bibliotecavigil.org.ar\\\/inicio\\\/#organization\"},\"potentialAction\":[{\"@type\":\"SearchAction\",\"target\":{\"@type\":\"EntryPoint\",\"urlTemplate\":\"https:\\\/\\\/bibliotecavigil.org.ar\\\/inicio\\\/?s={search_term_string}\"},\"query-input\":{\"@type\":\"PropertyValueSpecification\",\"valueRequired\":true,\"valueName\":\"search_term_string\"}}],\"inLanguage\":\"es\"},{\"@type\":\"Organization\",\"@id\":\"https:\\\/\\\/bibliotecavigil.org.ar\\\/inicio\\\/#organization\",\"name\":\"Biblioteca Popular C.C.Vigil\",\"url\":\"https:\\\/\\\/bibliotecavigil.org.ar\\\/inicio\\\/\",\"logo\":{\"@type\":\"ImageObject\",\"inLanguage\":\"es\",\"@id\":\"https:\\\/\\\/bibliotecavigil.org.ar\\\/inicio\\\/#\\\/schema\\\/logo\\\/image\\\/\",\"url\":\"https:\\\/\\\/bibliotecavigil.org.ar\\\/inicio\\\/wp-content\\\/uploads\\\/2023\\\/06\\\/Logo-sin-texto-gif.gif\",\"contentUrl\":\"https:\\\/\\\/bibliotecavigil.org.ar\\\/inicio\\\/wp-content\\\/uploads\\\/2023\\\/06\\\/Logo-sin-texto-gif.gif\",\"width\":1487,\"height\":1604,\"caption\":\"Biblioteca Popular C.C.Vigil\"},\"image\":{\"@id\":\"https:\\\/\\\/bibliotecavigil.org.ar\\\/inicio\\\/#\\\/schema\\\/logo\\\/image\\\/\"}},{\"@type\":\"Person\",\"@id\":\"https:\\\/\\\/bibliotecavigil.org.ar\\\/inicio\\\/#\\\/schema\\\/person\\\/98530bc117d5fa50c5dc01b4fd8d3700\",\"name\":\"Biblioteca Vigil\",\"image\":{\"@type\":\"ImageObject\",\"inLanguage\":\"es\",\"@id\":\"https:\\\/\\\/secure.gravatar.com\\\/avatar\\\/a96b6054dc4c80cde596e2c3f42d23e4f769e395116bf277fb508315b9d8a5c5?s=96&d=mm&r=g\",\"url\":\"https:\\\/\\\/secure.gravatar.com\\\/avatar\\\/a96b6054dc4c80cde596e2c3f42d23e4f769e395116bf277fb508315b9d8a5c5?s=96&d=mm&r=g\",\"contentUrl\":\"https:\\\/\\\/secure.gravatar.com\\\/avatar\\\/a96b6054dc4c80cde596e2c3f42d23e4f769e395116bf277fb508315b9d8a5c5?s=96&d=mm&r=g\",\"caption\":\"Biblioteca Vigil\"},\"url\":\"https:\\\/\\\/bibliotecavigil.org.ar\\\/inicio\\\/author\\\/comunicacion\\\/\"}]}<\/script>\n<!-- \/ Yoast SEO plugin. -->","yoast_head_json":{"title":"A 45 A\u00f1os. No nos han vencido - Biblioteca Vigil","robots":{"index":"index","follow":"follow","max-snippet":"max-snippet:-1","max-image-preview":"max-image-preview:large","max-video-preview":"max-video-preview:-1"},"canonical":"https:\/\/bibliotecavigil.org.ar\/inicio\/a-45-anos-no-nos-han-vencido\/","og_locale":"es_ES","og_type":"article","og_title":"A 45 A\u00f1os. No nos han vencido - Biblioteca Vigil","og_description":"Una pregunta sobrevuela las personas que pasan por el frente de la biblio: \u00bfPor qu\u00e9 ac\u00e1 hay un Sitio de Memoria del Terrorismo de Estado? Durante la ma\u00f1ana del 25 de febrero de 1977 la dictadura c\u00edvico-militar-eclesi\u00e1stica inici\u00f3 la intervenci\u00f3n \u201cnormalizadora\u201d de la Biblioteca Popular Constancio C. Vigil; ese fue el punto de partida oficial [&hellip;]","og_url":"https:\/\/bibliotecavigil.org.ar\/inicio\/a-45-anos-no-nos-han-vencido\/","og_site_name":"Biblioteca Vigil","article_published_time":"2022-02-25T23:23:27+00:00","article_modified_time":"2022-02-25T23:23:30+00:00","og_image":[{"width":1667,"height":1046,"url":"https:\/\/bibliotecavigil.org.ar\/inicio\/wp-content\/uploads\/2022\/02\/sitio-memoria-p-web-portada.jpg","type":"image\/jpeg"}],"author":"Biblioteca Vigil","twitter_card":"summary_large_image","twitter_misc":{"Escrito por":"Biblioteca Vigil","Tiempo de lectura":"2 minutos"},"schema":{"@context":"https:\/\/schema.org","@graph":[{"@type":"Article","@id":"https:\/\/bibliotecavigil.org.ar\/inicio\/a-45-anos-no-nos-han-vencido\/#article","isPartOf":{"@id":"https:\/\/bibliotecavigil.org.ar\/inicio\/a-45-anos-no-nos-han-vencido\/"},"author":{"name":"Biblioteca Vigil","@id":"https:\/\/bibliotecavigil.org.ar\/inicio\/#\/schema\/person\/98530bc117d5fa50c5dc01b4fd8d3700"},"headline":"A 45 A\u00f1os. No nos han vencido","datePublished":"2022-02-25T23:23:27+00:00","dateModified":"2022-02-25T23:23:30+00:00","mainEntityOfPage":{"@id":"https:\/\/bibliotecavigil.org.ar\/inicio\/a-45-anos-no-nos-han-vencido\/"},"wordCount":301,"commentCount":2,"publisher":{"@id":"https:\/\/bibliotecavigil.org.ar\/inicio\/#organization"},"image":{"@id":"https:\/\/bibliotecavigil.org.ar\/inicio\/a-45-anos-no-nos-han-vencido\/#primaryimage"},"thumbnailUrl":"https:\/\/bibliotecavigil.org.ar\/inicio\/wp-content\/uploads\/2022\/02\/sitio-memoria-p-web-portada.jpg","keywords":["25feb","intervenci\u00f3n"],"articleSection":["Noticias"],"inLanguage":"es","potentialAction":[{"@type":"CommentAction","name":"Comment","target":["https:\/\/bibliotecavigil.org.ar\/inicio\/a-45-anos-no-nos-han-vencido\/#respond"]}]},{"@type":"WebPage","@id":"https:\/\/bibliotecavigil.org.ar\/inicio\/a-45-anos-no-nos-han-vencido\/","url":"https:\/\/bibliotecavigil.org.ar\/inicio\/a-45-anos-no-nos-han-vencido\/","name":"A 45 A\u00f1os. No nos han vencido - Biblioteca Vigil","isPartOf":{"@id":"https:\/\/bibliotecavigil.org.ar\/inicio\/#website"},"primaryImageOfPage":{"@id":"https:\/\/bibliotecavigil.org.ar\/inicio\/a-45-anos-no-nos-han-vencido\/#primaryimage"},"image":{"@id":"https:\/\/bibliotecavigil.org.ar\/inicio\/a-45-anos-no-nos-han-vencido\/#primaryimage"},"thumbnailUrl":"https:\/\/bibliotecavigil.org.ar\/inicio\/wp-content\/uploads\/2022\/02\/sitio-memoria-p-web-portada.jpg","datePublished":"2022-02-25T23:23:27+00:00","dateModified":"2022-02-25T23:23:30+00:00","breadcrumb":{"@id":"https:\/\/bibliotecavigil.org.ar\/inicio\/a-45-anos-no-nos-han-vencido\/#breadcrumb"},"inLanguage":"es","potentialAction":[{"@type":"ReadAction","target":["https:\/\/bibliotecavigil.org.ar\/inicio\/a-45-anos-no-nos-han-vencido\/"]}]},{"@type":"ImageObject","inLanguage":"es","@id":"https:\/\/bibliotecavigil.org.ar\/inicio\/a-45-anos-no-nos-han-vencido\/#primaryimage","url":"https:\/\/bibliotecavigil.org.ar\/inicio\/wp-content\/uploads\/2022\/02\/sitio-memoria-p-web-portada.jpg","contentUrl":"https:\/\/bibliotecavigil.org.ar\/inicio\/wp-content\/uploads\/2022\/02\/sitio-memoria-p-web-portada.jpg","width":1667,"height":1046},{"@type":"BreadcrumbList","@id":"https:\/\/bibliotecavigil.org.ar\/inicio\/a-45-anos-no-nos-han-vencido\/#breadcrumb","itemListElement":[{"@type":"ListItem","position":1,"name":"Portada","item":"https:\/\/bibliotecavigil.org.ar\/inicio\/"},{"@type":"ListItem","position":2,"name":"A 45 A\u00f1os. No nos han vencido"}]},{"@type":"WebSite","@id":"https:\/\/bibliotecavigil.org.ar\/inicio\/#website","url":"https:\/\/bibliotecavigil.org.ar\/inicio\/","name":"Biblioteca Vigil","description":"Biblioteca Popular C C Vigil","publisher":{"@id":"https:\/\/bibliotecavigil.org.ar\/inicio\/#organization"},"potentialAction":[{"@type":"SearchAction","target":{"@type":"EntryPoint","urlTemplate":"https:\/\/bibliotecavigil.org.ar\/inicio\/?s={search_term_string}"},"query-input":{"@type":"PropertyValueSpecification","valueRequired":true,"valueName":"search_term_string"}}],"inLanguage":"es"},{"@type":"Organization","@id":"https:\/\/bibliotecavigil.org.ar\/inicio\/#organization","name":"Biblioteca Popular C.C.Vigil","url":"https:\/\/bibliotecavigil.org.ar\/inicio\/","logo":{"@type":"ImageObject","inLanguage":"es","@id":"https:\/\/bibliotecavigil.org.ar\/inicio\/#\/schema\/logo\/image\/","url":"https:\/\/bibliotecavigil.org.ar\/inicio\/wp-content\/uploads\/2023\/06\/Logo-sin-texto-gif.gif","contentUrl":"https:\/\/bibliotecavigil.org.ar\/inicio\/wp-content\/uploads\/2023\/06\/Logo-sin-texto-gif.gif","width":1487,"height":1604,"caption":"Biblioteca Popular C.C.Vigil"},"image":{"@id":"https:\/\/bibliotecavigil.org.ar\/inicio\/#\/schema\/logo\/image\/"}},{"@type":"Person","@id":"https:\/\/bibliotecavigil.org.ar\/inicio\/#\/schema\/person\/98530bc117d5fa50c5dc01b4fd8d3700","name":"Biblioteca Vigil","image":{"@type":"ImageObject","inLanguage":"es","@id":"https:\/\/secure.gravatar.com\/avatar\/a96b6054dc4c80cde596e2c3f42d23e4f769e395116bf277fb508315b9d8a5c5?s=96&d=mm&r=g","url":"https:\/\/secure.gravatar.com\/avatar\/a96b6054dc4c80cde596e2c3f42d23e4f769e395116bf277fb508315b9d8a5c5?s=96&d=mm&r=g","contentUrl":"https:\/\/secure.gravatar.com\/avatar\/a96b6054dc4c80cde596e2c3f42d23e4f769e395116bf277fb508315b9d8a5c5?s=96&d=mm&r=g","caption":"Biblioteca Vigil"},"url":"https:\/\/bibliotecavigil.org.ar\/inicio\/author\/comunicacion\/"}]}},"_links":{"self":[{"href":"https:\/\/bibliotecavigil.org.ar\/inicio\/wp-json\/wp\/v2\/posts\/30377","targetHints":{"allow":["GET"]}}],"collection":[{"href":"https:\/\/bibliotecavigil.org.ar\/inicio\/wp-json\/wp\/v2\/posts"}],"about":[{"href":"https:\/\/bibliotecavigil.org.ar\/inicio\/wp-json\/wp\/v2\/types\/post"}],"author":[{"embeddable":true,"href":"https:\/\/bibliotecavigil.org.ar\/inicio\/wp-json\/wp\/v2\/users\/3"}],"replies":[{"embeddable":true,"href":"https:\/\/bibliotecavigil.org.ar\/inicio\/wp-json\/wp\/v2\/comments?post=30377"}],"version-history":[{"count":1,"href":"https:\/\/bibliotecavigil.org.ar\/inicio\/wp-json\/wp\/v2\/posts\/30377\/revisions"}],"predecessor-version":[{"id":30379,"href":"https:\/\/bibliotecavigil.org.ar\/inicio\/wp-json\/wp\/v2\/posts\/30377\/revisions\/30379"}],"wp:featuredmedia":[{"embeddable":true,"href":"https:\/\/bibliotecavigil.org.ar\/inicio\/wp-json\/wp\/v2\/media\/30378"}],"wp:attachment":[{"href":"https:\/\/bibliotecavigil.org.ar\/inicio\/wp-json\/wp\/v2\/media?parent=30377"}],"wp:term":[{"taxonomy":"category","embeddable":true,"href":"https:\/\/bibliotecavigil.org.ar\/inicio\/wp-json\/wp\/v2\/categories?post=30377"},{"taxonomy":"post_tag","embeddable":true,"href":"https:\/\/bibliotecavigil.org.ar\/inicio\/wp-json\/wp\/v2\/tags?post=30377"}],"curies":[{"name":"wp","href":"https:\/\/api.w.org\/{rel}","templated":true}]}}