{"id":30407,"date":"2022-03-10T18:57:07","date_gmt":"2022-03-10T21:57:07","guid":{"rendered":"https:\/\/bibliotecavigil.org.ar\/inicio\/?p=30407"},"modified":"2022-03-10T18:57:13","modified_gmt":"2022-03-10T21:57:13","slug":"nuevo-convenio-con-la-mutual-amecro","status":"publish","type":"post","link":"https:\/\/bibliotecavigil.org.ar\/inicio\/nuevo-convenio-con-la-mutual-amecro\/","title":{"rendered":"Nuevo convenio con la Mutual AMECRO"},"content":{"rendered":"\n<p>\u00a1Tenemos un notici\u00f3n! Estamos felices de sumar cada vez m\u00e1s beneficios para nuestrxs asociadxs.<\/p>\n\n\n\n<p>\u25ba Establecimos un nuevo convenio con la Mutual AMECRO, para que, desde ahora, lxs socixs de La Vigil puedan disfrutar de todos sus servicios pagando s\u00f3lo una cuota adicional de $150.<\/p>\n\n\n\n<p>\u00a1Le\u00edste bien! Proveedur\u00eda, emergencias y urgencias, turismo, centro de formaci\u00f3n, farmacia, \u00f3ptica, gimnasio, recreaci\u00f3n y deportes, local de electrodom\u00e9sticos y gastronom\u00eda entre otros servicios para todxs lxs socixs de La Vigil.<\/p>\n\n\n\n<p>\u25ac Si ya sos socix de La Vigil acercate con la fotocopia de tu DNI y sum\u00e1 los servicios de Amecro.<\/p>\n\n\n\n<p>\u25ac Si todav\u00eda no sos socix de La Vigil, pod\u00e9s asociarte a ambas con 2 fotocopias de DNI y pagando la cuota social ($150 c\/u, \u00a1$300 por mes en total!). Si sos menor de edad la cuota de La Vigil es de $100 (deber\u00e1 asociarse tambi\u00e9n un adulto referente).<\/p>\n\n\n\n<p>\u25ac \u00bfTen\u00e9s dudas? Haremos una reuni\u00f3n informativa presencial el 28 de marzo a las 18hs en nuestra sede administrativa de Gaboto 450.<\/p>\n\n\n\n<p>\u25ba Es una de nuestras prioridades conformar lazos de colaboraci\u00f3n, afinidad y ayuda rec\u00edproca, con otros actores del \u00e1mbito de la cultura, la educaci\u00f3n y la econom\u00eda social, para compartir conocimientos, recursos y proyectos comunes..<\/p>\n\n\n\n<p><\/p>\n\n\n\n<figure class=\"wp-block-image size-large\"><a href=\"https:\/\/bibliotecavigil.org.ar\/inicio\/wp-content\/uploads\/2022\/03\/convenio-amecro-en-baja-scaled.jpg\"><img decoding=\"async\" width=\"1024\" height=\"808\" data-src=\"https:\/\/bibliotecavigil.org.ar\/inicio\/wp-content\/uploads\/2022\/03\/convenio-amecro-en-baja-1024x808.jpg\" alt=\"\" class=\"wp-image-30408 lazyload\" data-srcset=\"https:\/\/bibliotecavigil.org.ar\/inicio\/wp-content\/uploads\/2022\/03\/convenio-amecro-en-baja-980x774.jpg 980w, https:\/\/bibliotecavigil.org.ar\/inicio\/wp-content\/uploads\/2022\/03\/convenio-amecro-en-baja-480x379.jpg 480w\" data-sizes=\"(min-width: 0px) and (max-width: 480px) 480px, (min-width: 481px) and (max-width: 980px) 980px, (min-width: 981px) 1024px, 100vw\" src=\"data:image\/svg+xml;base64,PHN2ZyB3aWR0aD0iMSIgaGVpZ2h0PSIxIiB4bWxucz0iaHR0cDovL3d3dy53My5vcmcvMjAwMC9zdmciPjwvc3ZnPg==\" style=\"--smush-placeholder-width: 1024px; --smush-placeholder-aspect-ratio: 1024\/808;\" \/><\/a><\/figure>\n","protected":false},"excerpt":{"rendered":"<p>\u00a1Tenemos un notici\u00f3n! Estamos felices de sumar cada vez m\u00e1s beneficios para nuestrxs asociadxs. \u25ba Establecimos un nuevo convenio con la Mutual AMECRO, para que, desde ahora, lxs socixs de La Vigil puedan disfrutar de todos sus servicios pagando s\u00f3lo una cuota adicional de $150. \u00a1Le\u00edste bien! Proveedur\u00eda, emergencias y urgencias, turismo, centro de formaci\u00f3n, [&hellip;]<\/p>\n","protected":false},"author":3,"featured_media":30409,"comment_status":"open","ping_status":"closed","sticky":false,"template":"","format":"standard","meta":{"_et_pb_use_builder":"off","_et_pb_old_content":"","_et_gb_content_width":"1920","footnotes":""},"categories":[16],"tags":[193],"class_list":["post-30407","post","type-post","status-publish","format-standard","has-post-thumbnail","hentry","category-noticias","tag-convenio"],"yoast_head":"<!-- This site is optimized with the Yoast SEO plugin v27.4 - https:\/\/yoast.com\/product\/yoast-seo-wordpress\/ -->\n<title>Nuevo convenio con la Mutual AMECRO - Biblioteca Vigil<\/title>\n<meta name=\"robots\" content=\"index, follow, max-snippet:-1, max-image-preview:large, max-video-preview:-1\" \/>\n<link rel=\"canonical\" href=\"https:\/\/bibliotecavigil.org.ar\/inicio\/nuevo-convenio-con-la-mutual-amecro\/\" \/>\n<meta property=\"og:locale\" content=\"es_ES\" \/>\n<meta property=\"og:type\" content=\"article\" \/>\n<meta property=\"og:title\" content=\"Nuevo convenio con la Mutual AMECRO - Biblioteca Vigil\" \/>\n<meta property=\"og:description\" content=\"\u00a1Tenemos un notici\u00f3n! Estamos felices de sumar cada vez m\u00e1s beneficios para nuestrxs asociadxs. \u25ba Establecimos un nuevo convenio con la Mutual AMECRO, para que, desde ahora, lxs socixs de La Vigil puedan disfrutar de todos sus servicios pagando s\u00f3lo una cuota adicional de $150. \u00a1Le\u00edste bien! Proveedur\u00eda, emergencias y urgencias, turismo, centro de formaci\u00f3n, [&hellip;]\" \/>\n<meta property=\"og:url\" content=\"https:\/\/bibliotecavigil.org.ar\/inicio\/nuevo-convenio-con-la-mutual-amecro\/\" \/>\n<meta property=\"og:site_name\" content=\"Biblioteca Vigil\" \/>\n<meta property=\"article:published_time\" content=\"2022-03-10T21:57:07+00:00\" \/>\n<meta property=\"article:modified_time\" content=\"2022-03-10T21:57:13+00:00\" \/>\n<meta property=\"og:image\" content=\"https:\/\/bibliotecavigil.org.ar\/inicio\/wp-content\/uploads\/2022\/03\/amecro-web-copia.jpg\" \/>\n\t<meta property=\"og:image:width\" content=\"1667\" \/>\n\t<meta property=\"og:image:height\" content=\"1046\" \/>\n\t<meta property=\"og:image:type\" content=\"image\/jpeg\" \/>\n<meta name=\"author\" content=\"Biblioteca Vigil\" \/>\n<meta name=\"twitter:card\" content=\"summary_large_image\" \/>\n<meta name=\"twitter:label1\" content=\"Escrito por\" \/>\n\t<meta name=\"twitter:data1\" content=\"Biblioteca Vigil\" \/>\n\t<meta name=\"twitter:label2\" content=\"Tiempo de lectura\" \/>\n\t<meta name=\"twitter:data2\" content=\"2 minutos\" \/>\n<script type=\"application\/ld+json\" class=\"yoast-schema-graph\">{\"@context\":\"https:\\\/\\\/schema.org\",\"@graph\":[{\"@type\":\"Article\",\"@id\":\"https:\\\/\\\/bibliotecavigil.org.ar\\\/inicio\\\/nuevo-convenio-con-la-mutual-amecro\\\/#article\",\"isPartOf\":{\"@id\":\"https:\\\/\\\/bibliotecavigil.org.ar\\\/inicio\\\/nuevo-convenio-con-la-mutual-amecro\\\/\"},\"author\":{\"name\":\"Biblioteca Vigil\",\"@id\":\"https:\\\/\\\/bibliotecavigil.org.ar\\\/inicio\\\/#\\\/schema\\\/person\\\/98530bc117d5fa50c5dc01b4fd8d3700\"},\"headline\":\"Nuevo convenio con la Mutual AMECRO\",\"datePublished\":\"2022-03-10T21:57:07+00:00\",\"dateModified\":\"2022-03-10T21:57:13+00:00\",\"mainEntityOfPage\":{\"@id\":\"https:\\\/\\\/bibliotecavigil.org.ar\\\/inicio\\\/nuevo-convenio-con-la-mutual-amecro\\\/\"},\"wordCount\":216,\"commentCount\":4,\"publisher\":{\"@id\":\"https:\\\/\\\/bibliotecavigil.org.ar\\\/inicio\\\/#organization\"},\"image\":{\"@id\":\"https:\\\/\\\/bibliotecavigil.org.ar\\\/inicio\\\/nuevo-convenio-con-la-mutual-amecro\\\/#primaryimage\"},\"thumbnailUrl\":\"https:\\\/\\\/bibliotecavigil.org.ar\\\/inicio\\\/wp-content\\\/uploads\\\/2022\\\/03\\\/amecro-web-copia.jpg\",\"keywords\":[\"convenio\"],\"articleSection\":[\"Noticias\"],\"inLanguage\":\"es\",\"potentialAction\":[{\"@type\":\"CommentAction\",\"name\":\"Comment\",\"target\":[\"https:\\\/\\\/bibliotecavigil.org.ar\\\/inicio\\\/nuevo-convenio-con-la-mutual-amecro\\\/#respond\"]}]},{\"@type\":\"WebPage\",\"@id\":\"https:\\\/\\\/bibliotecavigil.org.ar\\\/inicio\\\/nuevo-convenio-con-la-mutual-amecro\\\/\",\"url\":\"https:\\\/\\\/bibliotecavigil.org.ar\\\/inicio\\\/nuevo-convenio-con-la-mutual-amecro\\\/\",\"name\":\"Nuevo convenio con la Mutual AMECRO - Biblioteca Vigil\",\"isPartOf\":{\"@id\":\"https:\\\/\\\/bibliotecavigil.org.ar\\\/inicio\\\/#website\"},\"primaryImageOfPage\":{\"@id\":\"https:\\\/\\\/bibliotecavigil.org.ar\\\/inicio\\\/nuevo-convenio-con-la-mutual-amecro\\\/#primaryimage\"},\"image\":{\"@id\":\"https:\\\/\\\/bibliotecavigil.org.ar\\\/inicio\\\/nuevo-convenio-con-la-mutual-amecro\\\/#primaryimage\"},\"thumbnailUrl\":\"https:\\\/\\\/bibliotecavigil.org.ar\\\/inicio\\\/wp-content\\\/uploads\\\/2022\\\/03\\\/amecro-web-copia.jpg\",\"datePublished\":\"2022-03-10T21:57:07+00:00\",\"dateModified\":\"2022-03-10T21:57:13+00:00\",\"breadcrumb\":{\"@id\":\"https:\\\/\\\/bibliotecavigil.org.ar\\\/inicio\\\/nuevo-convenio-con-la-mutual-amecro\\\/#breadcrumb\"},\"inLanguage\":\"es\",\"potentialAction\":[{\"@type\":\"ReadAction\",\"target\":[\"https:\\\/\\\/bibliotecavigil.org.ar\\\/inicio\\\/nuevo-convenio-con-la-mutual-amecro\\\/\"]}]},{\"@type\":\"ImageObject\",\"inLanguage\":\"es\",\"@id\":\"https:\\\/\\\/bibliotecavigil.org.ar\\\/inicio\\\/nuevo-convenio-con-la-mutual-amecro\\\/#primaryimage\",\"url\":\"https:\\\/\\\/bibliotecavigil.org.ar\\\/inicio\\\/wp-content\\\/uploads\\\/2022\\\/03\\\/amecro-web-copia.jpg\",\"contentUrl\":\"https:\\\/\\\/bibliotecavigil.org.ar\\\/inicio\\\/wp-content\\\/uploads\\\/2022\\\/03\\\/amecro-web-copia.jpg\",\"width\":1667,\"height\":1046},{\"@type\":\"BreadcrumbList\",\"@id\":\"https:\\\/\\\/bibliotecavigil.org.ar\\\/inicio\\\/nuevo-convenio-con-la-mutual-amecro\\\/#breadcrumb\",\"itemListElement\":[{\"@type\":\"ListItem\",\"position\":1,\"name\":\"Portada\",\"item\":\"https:\\\/\\\/bibliotecavigil.org.ar\\\/inicio\\\/\"},{\"@type\":\"ListItem\",\"position\":2,\"name\":\"Nuevo convenio con la Mutual AMECRO\"}]},{\"@type\":\"WebSite\",\"@id\":\"https:\\\/\\\/bibliotecavigil.org.ar\\\/inicio\\\/#website\",\"url\":\"https:\\\/\\\/bibliotecavigil.org.ar\\\/inicio\\\/\",\"name\":\"Biblioteca Vigil\",\"description\":\"Biblioteca Popular C C Vigil\",\"publisher\":{\"@id\":\"https:\\\/\\\/bibliotecavigil.org.ar\\\/inicio\\\/#organization\"},\"potentialAction\":[{\"@type\":\"SearchAction\",\"target\":{\"@type\":\"EntryPoint\",\"urlTemplate\":\"https:\\\/\\\/bibliotecavigil.org.ar\\\/inicio\\\/?s={search_term_string}\"},\"query-input\":{\"@type\":\"PropertyValueSpecification\",\"valueRequired\":true,\"valueName\":\"search_term_string\"}}],\"inLanguage\":\"es\"},{\"@type\":\"Organization\",\"@id\":\"https:\\\/\\\/bibliotecavigil.org.ar\\\/inicio\\\/#organization\",\"name\":\"Biblioteca Popular C.C.Vigil\",\"url\":\"https:\\\/\\\/bibliotecavigil.org.ar\\\/inicio\\\/\",\"logo\":{\"@type\":\"ImageObject\",\"inLanguage\":\"es\",\"@id\":\"https:\\\/\\\/bibliotecavigil.org.ar\\\/inicio\\\/#\\\/schema\\\/logo\\\/image\\\/\",\"url\":\"https:\\\/\\\/bibliotecavigil.org.ar\\\/inicio\\\/wp-content\\\/uploads\\\/2023\\\/06\\\/Logo-sin-texto-gif.gif\",\"contentUrl\":\"https:\\\/\\\/bibliotecavigil.org.ar\\\/inicio\\\/wp-content\\\/uploads\\\/2023\\\/06\\\/Logo-sin-texto-gif.gif\",\"width\":1487,\"height\":1604,\"caption\":\"Biblioteca Popular C.C.Vigil\"},\"image\":{\"@id\":\"https:\\\/\\\/bibliotecavigil.org.ar\\\/inicio\\\/#\\\/schema\\\/logo\\\/image\\\/\"}},{\"@type\":\"Person\",\"@id\":\"https:\\\/\\\/bibliotecavigil.org.ar\\\/inicio\\\/#\\\/schema\\\/person\\\/98530bc117d5fa50c5dc01b4fd8d3700\",\"name\":\"Biblioteca Vigil\",\"image\":{\"@type\":\"ImageObject\",\"inLanguage\":\"es\",\"@id\":\"https:\\\/\\\/secure.gravatar.com\\\/avatar\\\/a96b6054dc4c80cde596e2c3f42d23e4f769e395116bf277fb508315b9d8a5c5?s=96&d=mm&r=g\",\"url\":\"https:\\\/\\\/secure.gravatar.com\\\/avatar\\\/a96b6054dc4c80cde596e2c3f42d23e4f769e395116bf277fb508315b9d8a5c5?s=96&d=mm&r=g\",\"contentUrl\":\"https:\\\/\\\/secure.gravatar.com\\\/avatar\\\/a96b6054dc4c80cde596e2c3f42d23e4f769e395116bf277fb508315b9d8a5c5?s=96&d=mm&r=g\",\"caption\":\"Biblioteca Vigil\"},\"url\":\"https:\\\/\\\/bibliotecavigil.org.ar\\\/inicio\\\/author\\\/comunicacion\\\/\"}]}<\/script>\n<!-- \/ Yoast SEO plugin. -->","yoast_head_json":{"title":"Nuevo convenio con la Mutual AMECRO - Biblioteca Vigil","robots":{"index":"index","follow":"follow","max-snippet":"max-snippet:-1","max-image-preview":"max-image-preview:large","max-video-preview":"max-video-preview:-1"},"canonical":"https:\/\/bibliotecavigil.org.ar\/inicio\/nuevo-convenio-con-la-mutual-amecro\/","og_locale":"es_ES","og_type":"article","og_title":"Nuevo convenio con la Mutual AMECRO - Biblioteca Vigil","og_description":"\u00a1Tenemos un notici\u00f3n! Estamos felices de sumar cada vez m\u00e1s beneficios para nuestrxs asociadxs. \u25ba Establecimos un nuevo convenio con la Mutual AMECRO, para que, desde ahora, lxs socixs de La Vigil puedan disfrutar de todos sus servicios pagando s\u00f3lo una cuota adicional de $150. \u00a1Le\u00edste bien! Proveedur\u00eda, emergencias y urgencias, turismo, centro de formaci\u00f3n, [&hellip;]","og_url":"https:\/\/bibliotecavigil.org.ar\/inicio\/nuevo-convenio-con-la-mutual-amecro\/","og_site_name":"Biblioteca Vigil","article_published_time":"2022-03-10T21:57:07+00:00","article_modified_time":"2022-03-10T21:57:13+00:00","og_image":[{"width":1667,"height":1046,"url":"https:\/\/bibliotecavigil.org.ar\/inicio\/wp-content\/uploads\/2022\/03\/amecro-web-copia.jpg","type":"image\/jpeg"}],"author":"Biblioteca Vigil","twitter_card":"summary_large_image","twitter_misc":{"Escrito por":"Biblioteca Vigil","Tiempo de lectura":"2 minutos"},"schema":{"@context":"https:\/\/schema.org","@graph":[{"@type":"Article","@id":"https:\/\/bibliotecavigil.org.ar\/inicio\/nuevo-convenio-con-la-mutual-amecro\/#article","isPartOf":{"@id":"https:\/\/bibliotecavigil.org.ar\/inicio\/nuevo-convenio-con-la-mutual-amecro\/"},"author":{"name":"Biblioteca Vigil","@id":"https:\/\/bibliotecavigil.org.ar\/inicio\/#\/schema\/person\/98530bc117d5fa50c5dc01b4fd8d3700"},"headline":"Nuevo convenio con la Mutual AMECRO","datePublished":"2022-03-10T21:57:07+00:00","dateModified":"2022-03-10T21:57:13+00:00","mainEntityOfPage":{"@id":"https:\/\/bibliotecavigil.org.ar\/inicio\/nuevo-convenio-con-la-mutual-amecro\/"},"wordCount":216,"commentCount":4,"publisher":{"@id":"https:\/\/bibliotecavigil.org.ar\/inicio\/#organization"},"image":{"@id":"https:\/\/bibliotecavigil.org.ar\/inicio\/nuevo-convenio-con-la-mutual-amecro\/#primaryimage"},"thumbnailUrl":"https:\/\/bibliotecavigil.org.ar\/inicio\/wp-content\/uploads\/2022\/03\/amecro-web-copia.jpg","keywords":["convenio"],"articleSection":["Noticias"],"inLanguage":"es","potentialAction":[{"@type":"CommentAction","name":"Comment","target":["https:\/\/bibliotecavigil.org.ar\/inicio\/nuevo-convenio-con-la-mutual-amecro\/#respond"]}]},{"@type":"WebPage","@id":"https:\/\/bibliotecavigil.org.ar\/inicio\/nuevo-convenio-con-la-mutual-amecro\/","url":"https:\/\/bibliotecavigil.org.ar\/inicio\/nuevo-convenio-con-la-mutual-amecro\/","name":"Nuevo convenio con la Mutual AMECRO - Biblioteca Vigil","isPartOf":{"@id":"https:\/\/bibliotecavigil.org.ar\/inicio\/#website"},"primaryImageOfPage":{"@id":"https:\/\/bibliotecavigil.org.ar\/inicio\/nuevo-convenio-con-la-mutual-amecro\/#primaryimage"},"image":{"@id":"https:\/\/bibliotecavigil.org.ar\/inicio\/nuevo-convenio-con-la-mutual-amecro\/#primaryimage"},"thumbnailUrl":"https:\/\/bibliotecavigil.org.ar\/inicio\/wp-content\/uploads\/2022\/03\/amecro-web-copia.jpg","datePublished":"2022-03-10T21:57:07+00:00","dateModified":"2022-03-10T21:57:13+00:00","breadcrumb":{"@id":"https:\/\/bibliotecavigil.org.ar\/inicio\/nuevo-convenio-con-la-mutual-amecro\/#breadcrumb"},"inLanguage":"es","potentialAction":[{"@type":"ReadAction","target":["https:\/\/bibliotecavigil.org.ar\/inicio\/nuevo-convenio-con-la-mutual-amecro\/"]}]},{"@type":"ImageObject","inLanguage":"es","@id":"https:\/\/bibliotecavigil.org.ar\/inicio\/nuevo-convenio-con-la-mutual-amecro\/#primaryimage","url":"https:\/\/bibliotecavigil.org.ar\/inicio\/wp-content\/uploads\/2022\/03\/amecro-web-copia.jpg","contentUrl":"https:\/\/bibliotecavigil.org.ar\/inicio\/wp-content\/uploads\/2022\/03\/amecro-web-copia.jpg","width":1667,"height":1046},{"@type":"BreadcrumbList","@id":"https:\/\/bibliotecavigil.org.ar\/inicio\/nuevo-convenio-con-la-mutual-amecro\/#breadcrumb","itemListElement":[{"@type":"ListItem","position":1,"name":"Portada","item":"https:\/\/bibliotecavigil.org.ar\/inicio\/"},{"@type":"ListItem","position":2,"name":"Nuevo convenio con la Mutual AMECRO"}]},{"@type":"WebSite","@id":"https:\/\/bibliotecavigil.org.ar\/inicio\/#website","url":"https:\/\/bibliotecavigil.org.ar\/inicio\/","name":"Biblioteca Vigil","description":"Biblioteca Popular C C Vigil","publisher":{"@id":"https:\/\/bibliotecavigil.org.ar\/inicio\/#organization"},"potentialAction":[{"@type":"SearchAction","target":{"@type":"EntryPoint","urlTemplate":"https:\/\/bibliotecavigil.org.ar\/inicio\/?s={search_term_string}"},"query-input":{"@type":"PropertyValueSpecification","valueRequired":true,"valueName":"search_term_string"}}],"inLanguage":"es"},{"@type":"Organization","@id":"https:\/\/bibliotecavigil.org.ar\/inicio\/#organization","name":"Biblioteca Popular C.C.Vigil","url":"https:\/\/bibliotecavigil.org.ar\/inicio\/","logo":{"@type":"ImageObject","inLanguage":"es","@id":"https:\/\/bibliotecavigil.org.ar\/inicio\/#\/schema\/logo\/image\/","url":"https:\/\/bibliotecavigil.org.ar\/inicio\/wp-content\/uploads\/2023\/06\/Logo-sin-texto-gif.gif","contentUrl":"https:\/\/bibliotecavigil.org.ar\/inicio\/wp-content\/uploads\/2023\/06\/Logo-sin-texto-gif.gif","width":1487,"height":1604,"caption":"Biblioteca Popular C.C.Vigil"},"image":{"@id":"https:\/\/bibliotecavigil.org.ar\/inicio\/#\/schema\/logo\/image\/"}},{"@type":"Person","@id":"https:\/\/bibliotecavigil.org.ar\/inicio\/#\/schema\/person\/98530bc117d5fa50c5dc01b4fd8d3700","name":"Biblioteca Vigil","image":{"@type":"ImageObject","inLanguage":"es","@id":"https:\/\/secure.gravatar.com\/avatar\/a96b6054dc4c80cde596e2c3f42d23e4f769e395116bf277fb508315b9d8a5c5?s=96&d=mm&r=g","url":"https:\/\/secure.gravatar.com\/avatar\/a96b6054dc4c80cde596e2c3f42d23e4f769e395116bf277fb508315b9d8a5c5?s=96&d=mm&r=g","contentUrl":"https:\/\/secure.gravatar.com\/avatar\/a96b6054dc4c80cde596e2c3f42d23e4f769e395116bf277fb508315b9d8a5c5?s=96&d=mm&r=g","caption":"Biblioteca Vigil"},"url":"https:\/\/bibliotecavigil.org.ar\/inicio\/author\/comunicacion\/"}]}},"_links":{"self":[{"href":"https:\/\/bibliotecavigil.org.ar\/inicio\/wp-json\/wp\/v2\/posts\/30407","targetHints":{"allow":["GET"]}}],"collection":[{"href":"https:\/\/bibliotecavigil.org.ar\/inicio\/wp-json\/wp\/v2\/posts"}],"about":[{"href":"https:\/\/bibliotecavigil.org.ar\/inicio\/wp-json\/wp\/v2\/types\/post"}],"author":[{"embeddable":true,"href":"https:\/\/bibliotecavigil.org.ar\/inicio\/wp-json\/wp\/v2\/users\/3"}],"replies":[{"embeddable":true,"href":"https:\/\/bibliotecavigil.org.ar\/inicio\/wp-json\/wp\/v2\/comments?post=30407"}],"version-history":[{"count":1,"href":"https:\/\/bibliotecavigil.org.ar\/inicio\/wp-json\/wp\/v2\/posts\/30407\/revisions"}],"predecessor-version":[{"id":30410,"href":"https:\/\/bibliotecavigil.org.ar\/inicio\/wp-json\/wp\/v2\/posts\/30407\/revisions\/30410"}],"wp:featuredmedia":[{"embeddable":true,"href":"https:\/\/bibliotecavigil.org.ar\/inicio\/wp-json\/wp\/v2\/media\/30409"}],"wp:attachment":[{"href":"https:\/\/bibliotecavigil.org.ar\/inicio\/wp-json\/wp\/v2\/media?parent=30407"}],"wp:term":[{"taxonomy":"category","embeddable":true,"href":"https:\/\/bibliotecavigil.org.ar\/inicio\/wp-json\/wp\/v2\/categories?post=30407"},{"taxonomy":"post_tag","embeddable":true,"href":"https:\/\/bibliotecavigil.org.ar\/inicio\/wp-json\/wp\/v2\/tags?post=30407"}],"curies":[{"name":"wp","href":"https:\/\/api.w.org\/{rel}","templated":true}]}}