{"id":30492,"date":"2022-03-23T19:40:53","date_gmt":"2022-03-23T22:40:53","guid":{"rendered":"https:\/\/bibliotecavigil.org.ar\/inicio\/?p=30492"},"modified":"2022-03-23T19:40:58","modified_gmt":"2022-03-23T22:40:58","slug":"semana-de-la-memoria-en-la-vigil","status":"publish","type":"post","link":"https:\/\/bibliotecavigil.org.ar\/inicio\/semana-de-la-memoria-en-la-vigil\/","title":{"rendered":"Semana de la Memoria en La Vigil"},"content":{"rendered":"\n<p>Cada 24 de marzo, desde nuestro lugar en el mundo, Tablada, Rosario, Santa Fe, Argentina, Am\u00e9rica Latina, ponemos todo lo que est\u00e1 a nuestro alcance para ejercitar la Memoria y que tanto dolor se convierta en alegr\u00eda. La alegr\u00eda de estar aunque nuestrxs compa\u00f1erxs no est\u00e9n, el empe\u00f1o en seguir reconstruyendo nuestra biblioteca, la felicidad de saber que no nos han derrotado. Todo lo que podamos hacer lo vamos a hacer, nada sucede si no estamos y todo sucede en el encuentro. Se lo debemos a ellxs. \u00a1Treinta mil compa\u00f1erxs desaparecidxs: presentes!<\/p>\n\n\n\n<figure class=\"wp-block-image size-large\"><a href=\"https:\/\/bibliotecavigil.org.ar\/inicio\/wp-content\/uploads\/2022\/03\/WhatsApp-Image-2022-03-23-at-6.58.09-PM.jpeg\"><img decoding=\"async\" width=\"1024\" height=\"1024\" data-src=\"https:\/\/bibliotecavigil.org.ar\/inicio\/wp-content\/uploads\/2022\/03\/WhatsApp-Image-2022-03-23-at-6.58.09-PM-1024x1024.jpeg\" alt=\"\" class=\"wp-image-30502 lazyload\" data-srcset=\"https:\/\/bibliotecavigil.org.ar\/inicio\/wp-content\/uploads\/2022\/03\/WhatsApp-Image-2022-03-23-at-6.58.09-PM-1024x1024.jpeg 1024w, https:\/\/bibliotecavigil.org.ar\/inicio\/wp-content\/uploads\/2022\/03\/WhatsApp-Image-2022-03-23-at-6.58.09-PM-980x980.jpeg 980w, https:\/\/bibliotecavigil.org.ar\/inicio\/wp-content\/uploads\/2022\/03\/WhatsApp-Image-2022-03-23-at-6.58.09-PM-480x480.jpeg 480w\" data-sizes=\"(min-width: 0px) and (max-width: 480px) 480px, (min-width: 481px) and (max-width: 980px) 980px, (min-width: 981px) 1024px, 100vw\" src=\"data:image\/svg+xml;base64,PHN2ZyB3aWR0aD0iMSIgaGVpZ2h0PSIxIiB4bWxucz0iaHR0cDovL3d3dy53My5vcmcvMjAwMC9zdmciPjwvc3ZnPg==\" style=\"--smush-placeholder-width: 1024px; --smush-placeholder-aspect-ratio: 1024\/1024;\" \/><\/a><\/figure>\n\n\n\n<p>&#8211; Realizamos un Recorrido Guiado con la Comisi\u00f3n Directiva y delegados del SOEAR. Nos alegra y entusiasma establecer lazos con organizaciones para poder reflexionar colectivamente sobre nuestro pasado reciente, presente y futuro.<\/p>\n\n\n\n<figure class=\"wp-block-image size-large\"><a href=\"https:\/\/bibliotecavigil.org.ar\/inicio\/wp-content\/uploads\/2022\/03\/WhatsApp-Image-2022-03-23-at-6.58.09-PM-1.jpeg\"><img decoding=\"async\" width=\"1024\" height=\"1024\" data-src=\"https:\/\/bibliotecavigil.org.ar\/inicio\/wp-content\/uploads\/2022\/03\/WhatsApp-Image-2022-03-23-at-6.58.09-PM-1-1024x1024.jpeg\" alt=\"\" class=\"wp-image-30503 lazyload\" data-srcset=\"https:\/\/bibliotecavigil.org.ar\/inicio\/wp-content\/uploads\/2022\/03\/WhatsApp-Image-2022-03-23-at-6.58.09-PM-1-1024x1024.jpeg 1024w, https:\/\/bibliotecavigil.org.ar\/inicio\/wp-content\/uploads\/2022\/03\/WhatsApp-Image-2022-03-23-at-6.58.09-PM-1-980x980.jpeg 980w, https:\/\/bibliotecavigil.org.ar\/inicio\/wp-content\/uploads\/2022\/03\/WhatsApp-Image-2022-03-23-at-6.58.09-PM-1-480x480.jpeg 480w\" data-sizes=\"(min-width: 0px) and (max-width: 480px) 480px, (min-width: 481px) and (max-width: 980px) 980px, (min-width: 981px) 1024px, 100vw\" src=\"data:image\/svg+xml;base64,PHN2ZyB3aWR0aD0iMSIgaGVpZ2h0PSIxIiB4bWxucz0iaHR0cDovL3d3dy53My5vcmcvMjAwMC9zdmciPjwvc3ZnPg==\" style=\"--smush-placeholder-width: 1024px; --smush-placeholder-aspect-ratio: 1024\/1024;\" \/><\/a><\/figure>\n\n\n\n<p>&#8211; Participamos de la 2da edici\u00f3n de \u201cArchivos en Vigilia\u201d: una forma de promover un acceso sin restricciones a material de archivo sobre la historia m\u00e1s reciente de nuestro pa\u00eds, organizada por la UNLP, el Archivo Nacional de la Memoria y Wikimedia Argentina. Desde La Vigil, como Sitio de Memoria del Terrorismo de Estado, liberamos documentos de archivo de su historia. En esta oportunidad, material documental y visual presentado en audiencia judicial el d\u00eda 13 de marzo de 2019 por la Dra. Natalia Garc\u00eda (testigo t\u00e9cnico) al TOF en Causa Feced III y IV por delitos de Lesa Humanidad, puesto a juzgar los cr\u00edmenes cometidos contra ocho miembros de la Comisi\u00f3n Directiva de la Biblioteca Vigil, en el marco de la intervenci\u00f3n a la instituci\u00f3n. Desde La Vigil levantamos la bandera de que la visibilizaci\u00f3n de archivos es central en los procesos de memoria, verdad y justicia.<\/p>\n\n\n\n<figure class=\"wp-block-image size-large\"><a href=\"https:\/\/bibliotecavigil.org.ar\/inicio\/wp-content\/uploads\/2022\/03\/WhatsApp-Image-2022-03-23-at-6.58.10-PM.jpeg\"><img decoding=\"async\" width=\"1024\" height=\"1024\" data-src=\"https:\/\/bibliotecavigil.org.ar\/inicio\/wp-content\/uploads\/2022\/03\/WhatsApp-Image-2022-03-23-at-6.58.10-PM-1024x1024.jpeg\" alt=\"\" class=\"wp-image-30504 lazyload\" data-srcset=\"https:\/\/bibliotecavigil.org.ar\/inicio\/wp-content\/uploads\/2022\/03\/WhatsApp-Image-2022-03-23-at-6.58.10-PM-1024x1024.jpeg 1024w, https:\/\/bibliotecavigil.org.ar\/inicio\/wp-content\/uploads\/2022\/03\/WhatsApp-Image-2022-03-23-at-6.58.10-PM-980x980.jpeg 980w, https:\/\/bibliotecavigil.org.ar\/inicio\/wp-content\/uploads\/2022\/03\/WhatsApp-Image-2022-03-23-at-6.58.10-PM-480x480.jpeg 480w\" data-sizes=\"(min-width: 0px) and (max-width: 480px) 480px, (min-width: 481px) and (max-width: 980px) 980px, (min-width: 981px) 1024px, 100vw\" src=\"data:image\/svg+xml;base64,PHN2ZyB3aWR0aD0iMSIgaGVpZ2h0PSIxIiB4bWxucz0iaHR0cDovL3d3dy53My5vcmcvMjAwMC9zdmciPjwvc3ZnPg==\" style=\"--smush-placeholder-width: 1024px; --smush-placeholder-aspect-ratio: 1024\/1024;\" \/><\/a><\/figure>\n\n\n\n<p>&#8211; Estuvimos presente en la Jornada p\u00fablica \u201cBuenas Pr\u00e1cticas y Proyectos para Crecer\u201d en el Archivo Nacional de la Memoria, en el marco del cierre de las Jornadas \u00abArchivos, Museos y Sitios de Memoria de Argentina. Sinergias para la gesti\u00f3n de Pol\u00edticas P\u00fablicas de Memoria, Verdad y Justicia\u00bb, que se desarrollaron durante el 2021. El evento cont\u00f3 con la participaci\u00f3n del Secretario de DDHH Horacio Pietragalla y de representantes de distintos Sitios y Espacios de Memoria de todo el pa\u00eds.<\/p>\n\n\n\n<figure class=\"wp-block-image size-large\"><a href=\"https:\/\/bibliotecavigil.org.ar\/inicio\/wp-content\/uploads\/2022\/03\/WhatsApp-Image-2022-03-23-at-6.58.11-PM-2.jpeg\"><img decoding=\"async\" width=\"1024\" height=\"1024\" data-src=\"https:\/\/bibliotecavigil.org.ar\/inicio\/wp-content\/uploads\/2022\/03\/WhatsApp-Image-2022-03-23-at-6.58.11-PM-2-1024x1024.jpeg\" alt=\"\" class=\"wp-image-30505 lazyload\" data-srcset=\"https:\/\/bibliotecavigil.org.ar\/inicio\/wp-content\/uploads\/2022\/03\/WhatsApp-Image-2022-03-23-at-6.58.11-PM-2-1024x1024.jpeg 1024w, https:\/\/bibliotecavigil.org.ar\/inicio\/wp-content\/uploads\/2022\/03\/WhatsApp-Image-2022-03-23-at-6.58.11-PM-2-980x980.jpeg 980w, https:\/\/bibliotecavigil.org.ar\/inicio\/wp-content\/uploads\/2022\/03\/WhatsApp-Image-2022-03-23-at-6.58.11-PM-2-480x480.jpeg 480w\" data-sizes=\"(min-width: 0px) and (max-width: 480px) 480px, (min-width: 481px) and (max-width: 980px) 980px, (min-width: 981px) 1024px, 100vw\" src=\"data:image\/svg+xml;base64,PHN2ZyB3aWR0aD0iMSIgaGVpZ2h0PSIxIiB4bWxucz0iaHR0cDovL3d3dy53My5vcmcvMjAwMC9zdmciPjwvc3ZnPg==\" style=\"--smush-placeholder-width: 1024px; --smush-placeholder-aspect-ratio: 1024\/1024;\" \/><\/a><\/figure>\n\n\n\n<p>&#8211; Nos encontramos virtualmente con estudiantes secundarios del Agrupamiento rural 86097 \u201cLa Romelia \u2013 Los Encantos\u201d de la localidad de Selva, Santiago del Estero, y con estudiantes de 7mo grado de la Escuela N\u00ba 413 Domingo Faustino Sarmiento de la ciudad de Ceres, Santa Fe. El encuentro \u201cEducaci\u00f3n en movimiento: pasado y presente de la Biblioteca Vigil\u201d fue un espacio de reflexi\u00f3n colectiva sobre el 24M, la historia de nuestra instituci\u00f3n, los mecanismos de creaci\u00f3n colectiva del conocimiento y las consecuencias que trajo en nuestro \u00e1mbito socio-educativo-cultural la intervenci\u00f3n militar a la Biblioteca en el a\u00f1o 1977.<\/p>\n\n\n\n<figure class=\"wp-block-image size-large\"><a href=\"https:\/\/bibliotecavigil.org.ar\/inicio\/wp-content\/uploads\/2022\/03\/WhatsApp-Image-2022-03-23-at-6.58.10-PM-1.jpeg\"><img decoding=\"async\" width=\"1024\" height=\"1024\" data-src=\"https:\/\/bibliotecavigil.org.ar\/inicio\/wp-content\/uploads\/2022\/03\/WhatsApp-Image-2022-03-23-at-6.58.10-PM-1-1024x1024.jpeg\" alt=\"\" class=\"wp-image-30506 lazyload\" data-srcset=\"https:\/\/bibliotecavigil.org.ar\/inicio\/wp-content\/uploads\/2022\/03\/WhatsApp-Image-2022-03-23-at-6.58.10-PM-1-1024x1024.jpeg 1024w, https:\/\/bibliotecavigil.org.ar\/inicio\/wp-content\/uploads\/2022\/03\/WhatsApp-Image-2022-03-23-at-6.58.10-PM-1-980x980.jpeg 980w, https:\/\/bibliotecavigil.org.ar\/inicio\/wp-content\/uploads\/2022\/03\/WhatsApp-Image-2022-03-23-at-6.58.10-PM-1-480x480.jpeg 480w\" data-sizes=\"(min-width: 0px) and (max-width: 480px) 480px, (min-width: 481px) and (max-width: 980px) 980px, (min-width: 981px) 1024px, 100vw\" src=\"data:image\/svg+xml;base64,PHN2ZyB3aWR0aD0iMSIgaGVpZ2h0PSIxIiB4bWxucz0iaHR0cDovL3d3dy53My5vcmcvMjAwMC9zdmciPjwvc3ZnPg==\" style=\"--smush-placeholder-width: 1024px; --smush-placeholder-aspect-ratio: 1024\/1024;\" \/><\/a><\/figure>\n\n\n\n<p>&#8211; Establecimos un Convenio Marco de Cooperaci\u00f3n Rec\u00edproca con la Facultad de Humanidades y Artes de la UNR, promovido por la Direcci\u00f3n de Derechos Humanos y Pluralismo Cultural de la Facultad, bajo la direcci\u00f3n del Prof. Santiago Montes. El decano Alejandro Vila y las autoridades de La Vigil, suscribieron el documento que fortalece los lazos entre estas instituciones y recupera una hist\u00f3rica tradici\u00f3n que se remonta a la d\u00e9cada del &#8217;60, para que se transforme en proyectos inmediatos centrados en la formaci\u00f3n y transmisi\u00f3n de la Memoria local y regional.<\/p>\n\n\n\n<figure class=\"wp-block-image size-large\"><a href=\"https:\/\/bibliotecavigil.org.ar\/inicio\/wp-content\/uploads\/2022\/03\/WhatsApp-Image-2022-03-23-at-6.58.11-PM-1.jpeg\"><img decoding=\"async\" width=\"1024\" height=\"1024\" data-src=\"https:\/\/bibliotecavigil.org.ar\/inicio\/wp-content\/uploads\/2022\/03\/WhatsApp-Image-2022-03-23-at-6.58.11-PM-1-1024x1024.jpeg\" alt=\"\" class=\"wp-image-30507 lazyload\" data-srcset=\"https:\/\/bibliotecavigil.org.ar\/inicio\/wp-content\/uploads\/2022\/03\/WhatsApp-Image-2022-03-23-at-6.58.11-PM-1-1024x1024.jpeg 1024w, https:\/\/bibliotecavigil.org.ar\/inicio\/wp-content\/uploads\/2022\/03\/WhatsApp-Image-2022-03-23-at-6.58.11-PM-1-980x980.jpeg 980w, https:\/\/bibliotecavigil.org.ar\/inicio\/wp-content\/uploads\/2022\/03\/WhatsApp-Image-2022-03-23-at-6.58.11-PM-1-480x480.jpeg 480w\" data-sizes=\"(min-width: 0px) and (max-width: 480px) 480px, (min-width: 481px) and (max-width: 980px) 980px, (min-width: 981px) 1024px, 100vw\" src=\"data:image\/svg+xml;base64,PHN2ZyB3aWR0aD0iMSIgaGVpZ2h0PSIxIiB4bWxucz0iaHR0cDovL3d3dy53My5vcmcvMjAwMC9zdmciPjwvc3ZnPg==\" style=\"--smush-placeholder-width: 1024px; --smush-placeholder-aspect-ratio: 1024\/1024;\" \/><\/a><\/figure>\n\n\n\n<p>&#8211; Tambi\u00e9n colocamos las palabras #Memoria, #Verdad y #Justicia en nuestras ventanas, reafirmando nuestro compromiso como ciudadanos por la defensa y vigencia de los derechos, como mecanismos para lograr una democracia plena y para que Nunca M\u00e1s se repitan hechos como los de nuestro pasado reciente, que a\u00fan resuenan en nuestro presente.<\/p>\n\n\n\n<figure class=\"wp-block-image size-large\"><a href=\"https:\/\/bibliotecavigil.org.ar\/inicio\/wp-content\/uploads\/2022\/03\/WhatsApp-Image-2022-03-23-at-6.58.12-PM.jpeg\"><img decoding=\"async\" width=\"1024\" height=\"1024\" data-src=\"https:\/\/bibliotecavigil.org.ar\/inicio\/wp-content\/uploads\/2022\/03\/WhatsApp-Image-2022-03-23-at-6.58.12-PM-1024x1024.jpeg\" alt=\"\" class=\"wp-image-30508 lazyload\" data-srcset=\"https:\/\/bibliotecavigil.org.ar\/inicio\/wp-content\/uploads\/2022\/03\/WhatsApp-Image-2022-03-23-at-6.58.12-PM-1024x1024.jpeg 1024w, https:\/\/bibliotecavigil.org.ar\/inicio\/wp-content\/uploads\/2022\/03\/WhatsApp-Image-2022-03-23-at-6.58.12-PM-980x980.jpeg 980w, https:\/\/bibliotecavigil.org.ar\/inicio\/wp-content\/uploads\/2022\/03\/WhatsApp-Image-2022-03-23-at-6.58.12-PM-480x480.jpeg 480w\" data-sizes=\"(min-width: 0px) and (max-width: 480px) 480px, (min-width: 481px) and (max-width: 980px) 980px, (min-width: 981px) 1024px, 100vw\" src=\"data:image\/svg+xml;base64,PHN2ZyB3aWR0aD0iMSIgaGVpZ2h0PSIxIiB4bWxucz0iaHR0cDovL3d3dy53My5vcmcvMjAwMC9zdmciPjwvc3ZnPg==\" style=\"--smush-placeholder-width: 1024px; --smush-placeholder-aspect-ratio: 1024\/1024;\" \/><\/a><\/figure>\n\n\n\n<p>&#8211; Realizaremos un nuevo conversatorio en el marco de los Di\u00e1logos educativos entre el I. S. P. n\u00b0 16 Bernardo Houssay y La Vigil, de tres encuentros, comenzando con \u00abPa\u00f1uelos y educaci\u00f3n P\u00fablica. Sembrando Memoria, Verdad y Justicia\u00bb.\u00a0 Participan: Nadina Motura y Mario Navarro (nieto recuperado 119) el lunes 28\/3 a las 18 h en nuestro Canal de YouTube.<\/p>\n\n\n\n<figure class=\"wp-block-image size-large\"><a href=\"https:\/\/bibliotecavigil.org.ar\/inicio\/wp-content\/uploads\/2022\/03\/WhatsApp-Image-2022-03-23-at-6.58.11-PM.jpeg\"><img decoding=\"async\" width=\"1024\" height=\"1024\" data-src=\"https:\/\/bibliotecavigil.org.ar\/inicio\/wp-content\/uploads\/2022\/03\/WhatsApp-Image-2022-03-23-at-6.58.11-PM-1024x1024.jpeg\" alt=\"\" class=\"wp-image-30509 lazyload\" data-srcset=\"https:\/\/bibliotecavigil.org.ar\/inicio\/wp-content\/uploads\/2022\/03\/WhatsApp-Image-2022-03-23-at-6.58.11-PM-1024x1024.jpeg 1024w, https:\/\/bibliotecavigil.org.ar\/inicio\/wp-content\/uploads\/2022\/03\/WhatsApp-Image-2022-03-23-at-6.58.11-PM-980x980.jpeg 980w, https:\/\/bibliotecavigil.org.ar\/inicio\/wp-content\/uploads\/2022\/03\/WhatsApp-Image-2022-03-23-at-6.58.11-PM-480x480.jpeg 480w\" data-sizes=\"(min-width: 0px) and (max-width: 480px) 480px, (min-width: 481px) and (max-width: 980px) 980px, (min-width: 981px) 1024px, 100vw\" src=\"data:image\/svg+xml;base64,PHN2ZyB3aWR0aD0iMSIgaGVpZ2h0PSIxIiB4bWxucz0iaHR0cDovL3d3dy53My5vcmcvMjAwMC9zdmciPjwvc3ZnPg==\" style=\"--smush-placeholder-width: 1024px; --smush-placeholder-aspect-ratio: 1024\/1024;\" \/><\/a><\/figure>\n\n\n\n<p>&#8211; Finalmente, este a\u00f1o volvemos a marchar. Nos encontraremos ma\u00f1ana 24\/3 en Santa Fe y Moreno a las 16.30 h.<\/p>\n\n\n\n<figure class=\"wp-block-image size-large\"><a href=\"https:\/\/bibliotecavigil.org.ar\/inicio\/wp-content\/uploads\/2022\/03\/WhatsApp-Image-2022-03-23-at-6.58.12-PM-1.jpeg\"><img decoding=\"async\" width=\"1024\" height=\"1024\" data-src=\"https:\/\/bibliotecavigil.org.ar\/inicio\/wp-content\/uploads\/2022\/03\/WhatsApp-Image-2022-03-23-at-6.58.12-PM-1-1024x1024.jpeg\" alt=\"\" class=\"wp-image-30510 lazyload\" data-srcset=\"https:\/\/bibliotecavigil.org.ar\/inicio\/wp-content\/uploads\/2022\/03\/WhatsApp-Image-2022-03-23-at-6.58.12-PM-1-1024x1024.jpeg 1024w, https:\/\/bibliotecavigil.org.ar\/inicio\/wp-content\/uploads\/2022\/03\/WhatsApp-Image-2022-03-23-at-6.58.12-PM-1-980x980.jpeg 980w, https:\/\/bibliotecavigil.org.ar\/inicio\/wp-content\/uploads\/2022\/03\/WhatsApp-Image-2022-03-23-at-6.58.12-PM-1-480x480.jpeg 480w\" data-sizes=\"(min-width: 0px) and (max-width: 480px) 480px, (min-width: 481px) and (max-width: 980px) 980px, (min-width: 981px) 1024px, 100vw\" src=\"data:image\/svg+xml;base64,PHN2ZyB3aWR0aD0iMSIgaGVpZ2h0PSIxIiB4bWxucz0iaHR0cDovL3d3dy53My5vcmcvMjAwMC9zdmciPjwvc3ZnPg==\" style=\"--smush-placeholder-width: 1024px; --smush-placeholder-aspect-ratio: 1024\/1024;\" \/><\/a><\/figure>\n\n\n\n<p><\/p>\n","protected":false},"excerpt":{"rendered":"<p>Cada 24 de marzo, desde nuestro lugar en el mundo, Tablada, Rosario, Santa Fe, Argentina, Am\u00e9rica Latina, ponemos todo lo que est\u00e1 a nuestro alcance para ejercitar la Memoria y que tanto dolor se convierta en alegr\u00eda. La alegr\u00eda de estar aunque nuestrxs compa\u00f1erxs no est\u00e9n, el empe\u00f1o en seguir reconstruyendo nuestra biblioteca, la felicidad [&hellip;]<\/p>\n","protected":false},"author":3,"featured_media":30511,"comment_status":"open","ping_status":"closed","sticky":false,"template":"","format":"standard","meta":{"_et_pb_use_builder":"off","_et_pb_old_content":"","_et_gb_content_width":"1920","footnotes":""},"categories":[16],"tags":[197,101,94],"class_list":["post-30492","post","type-post","status-publish","format-standard","has-post-thumbnail","hentry","category-noticias","tag-24m","tag-justicia","tag-memoria"],"yoast_head":"<!-- This site is optimized with the Yoast SEO plugin v27.4 - https:\/\/yoast.com\/product\/yoast-seo-wordpress\/ -->\n<title>Semana de la Memoria en La Vigil - Biblioteca Vigil<\/title>\n<meta name=\"robots\" content=\"index, follow, max-snippet:-1, max-image-preview:large, max-video-preview:-1\" \/>\n<link rel=\"canonical\" href=\"https:\/\/bibliotecavigil.org.ar\/inicio\/semana-de-la-memoria-en-la-vigil\/\" \/>\n<meta property=\"og:locale\" content=\"es_ES\" \/>\n<meta property=\"og:type\" content=\"article\" \/>\n<meta property=\"og:title\" content=\"Semana de la Memoria en La Vigil - Biblioteca Vigil\" \/>\n<meta property=\"og:description\" content=\"Cada 24 de marzo, desde nuestro lugar en el mundo, Tablada, Rosario, Santa Fe, Argentina, Am\u00e9rica Latina, ponemos todo lo que est\u00e1 a nuestro alcance para ejercitar la Memoria y que tanto dolor se convierta en alegr\u00eda. La alegr\u00eda de estar aunque nuestrxs compa\u00f1erxs no est\u00e9n, el empe\u00f1o en seguir reconstruyendo nuestra biblioteca, la felicidad [&hellip;]\" \/>\n<meta property=\"og:url\" content=\"https:\/\/bibliotecavigil.org.ar\/inicio\/semana-de-la-memoria-en-la-vigil\/\" \/>\n<meta property=\"og:site_name\" content=\"Biblioteca Vigil\" \/>\n<meta property=\"article:published_time\" content=\"2022-03-23T22:40:53+00:00\" \/>\n<meta property=\"article:modified_time\" content=\"2022-03-23T22:40:58+00:00\" \/>\n<meta property=\"og:image\" content=\"https:\/\/bibliotecavigil.org.ar\/inicio\/wp-content\/uploads\/2022\/03\/semana-de-la-memoria-web-scaled.jpg\" \/>\n\t<meta property=\"og:image:width\" content=\"2560\" \/>\n\t<meta property=\"og:image:height\" content=\"1596\" \/>\n\t<meta property=\"og:image:type\" content=\"image\/jpeg\" \/>\n<meta name=\"author\" content=\"Biblioteca Vigil\" \/>\n<meta name=\"twitter:card\" content=\"summary_large_image\" \/>\n<meta name=\"twitter:label1\" content=\"Escrito por\" \/>\n\t<meta name=\"twitter:data1\" content=\"Biblioteca Vigil\" \/>\n\t<meta name=\"twitter:label2\" content=\"Tiempo de lectura\" \/>\n\t<meta name=\"twitter:data2\" content=\"5 minutos\" \/>\n<script type=\"application\/ld+json\" class=\"yoast-schema-graph\">{\"@context\":\"https:\\\/\\\/schema.org\",\"@graph\":[{\"@type\":\"Article\",\"@id\":\"https:\\\/\\\/bibliotecavigil.org.ar\\\/inicio\\\/semana-de-la-memoria-en-la-vigil\\\/#article\",\"isPartOf\":{\"@id\":\"https:\\\/\\\/bibliotecavigil.org.ar\\\/inicio\\\/semana-de-la-memoria-en-la-vigil\\\/\"},\"author\":{\"name\":\"Biblioteca Vigil\",\"@id\":\"https:\\\/\\\/bibliotecavigil.org.ar\\\/inicio\\\/#\\\/schema\\\/person\\\/98530bc117d5fa50c5dc01b4fd8d3700\"},\"headline\":\"Semana de la Memoria en La Vigil\",\"datePublished\":\"2022-03-23T22:40:53+00:00\",\"dateModified\":\"2022-03-23T22:40:58+00:00\",\"mainEntityOfPage\":{\"@id\":\"https:\\\/\\\/bibliotecavigil.org.ar\\\/inicio\\\/semana-de-la-memoria-en-la-vigil\\\/\"},\"wordCount\":711,\"commentCount\":0,\"publisher\":{\"@id\":\"https:\\\/\\\/bibliotecavigil.org.ar\\\/inicio\\\/#organization\"},\"image\":{\"@id\":\"https:\\\/\\\/bibliotecavigil.org.ar\\\/inicio\\\/semana-de-la-memoria-en-la-vigil\\\/#primaryimage\"},\"thumbnailUrl\":\"https:\\\/\\\/bibliotecavigil.org.ar\\\/inicio\\\/wp-content\\\/uploads\\\/2022\\\/03\\\/semana-de-la-memoria-web-scaled.jpg\",\"keywords\":[\"24m\",\"justicia\",\"memoria\"],\"articleSection\":[\"Noticias\"],\"inLanguage\":\"es\",\"potentialAction\":[{\"@type\":\"CommentAction\",\"name\":\"Comment\",\"target\":[\"https:\\\/\\\/bibliotecavigil.org.ar\\\/inicio\\\/semana-de-la-memoria-en-la-vigil\\\/#respond\"]}]},{\"@type\":\"WebPage\",\"@id\":\"https:\\\/\\\/bibliotecavigil.org.ar\\\/inicio\\\/semana-de-la-memoria-en-la-vigil\\\/\",\"url\":\"https:\\\/\\\/bibliotecavigil.org.ar\\\/inicio\\\/semana-de-la-memoria-en-la-vigil\\\/\",\"name\":\"Semana de la Memoria en La Vigil - Biblioteca Vigil\",\"isPartOf\":{\"@id\":\"https:\\\/\\\/bibliotecavigil.org.ar\\\/inicio\\\/#website\"},\"primaryImageOfPage\":{\"@id\":\"https:\\\/\\\/bibliotecavigil.org.ar\\\/inicio\\\/semana-de-la-memoria-en-la-vigil\\\/#primaryimage\"},\"image\":{\"@id\":\"https:\\\/\\\/bibliotecavigil.org.ar\\\/inicio\\\/semana-de-la-memoria-en-la-vigil\\\/#primaryimage\"},\"thumbnailUrl\":\"https:\\\/\\\/bibliotecavigil.org.ar\\\/inicio\\\/wp-content\\\/uploads\\\/2022\\\/03\\\/semana-de-la-memoria-web-scaled.jpg\",\"datePublished\":\"2022-03-23T22:40:53+00:00\",\"dateModified\":\"2022-03-23T22:40:58+00:00\",\"breadcrumb\":{\"@id\":\"https:\\\/\\\/bibliotecavigil.org.ar\\\/inicio\\\/semana-de-la-memoria-en-la-vigil\\\/#breadcrumb\"},\"inLanguage\":\"es\",\"potentialAction\":[{\"@type\":\"ReadAction\",\"target\":[\"https:\\\/\\\/bibliotecavigil.org.ar\\\/inicio\\\/semana-de-la-memoria-en-la-vigil\\\/\"]}]},{\"@type\":\"ImageObject\",\"inLanguage\":\"es\",\"@id\":\"https:\\\/\\\/bibliotecavigil.org.ar\\\/inicio\\\/semana-de-la-memoria-en-la-vigil\\\/#primaryimage\",\"url\":\"https:\\\/\\\/bibliotecavigil.org.ar\\\/inicio\\\/wp-content\\\/uploads\\\/2022\\\/03\\\/semana-de-la-memoria-web-scaled.jpg\",\"contentUrl\":\"https:\\\/\\\/bibliotecavigil.org.ar\\\/inicio\\\/wp-content\\\/uploads\\\/2022\\\/03\\\/semana-de-la-memoria-web-scaled.jpg\",\"width\":2560,\"height\":1596},{\"@type\":\"BreadcrumbList\",\"@id\":\"https:\\\/\\\/bibliotecavigil.org.ar\\\/inicio\\\/semana-de-la-memoria-en-la-vigil\\\/#breadcrumb\",\"itemListElement\":[{\"@type\":\"ListItem\",\"position\":1,\"name\":\"Portada\",\"item\":\"https:\\\/\\\/bibliotecavigil.org.ar\\\/inicio\\\/\"},{\"@type\":\"ListItem\",\"position\":2,\"name\":\"Semana de la Memoria en La Vigil\"}]},{\"@type\":\"WebSite\",\"@id\":\"https:\\\/\\\/bibliotecavigil.org.ar\\\/inicio\\\/#website\",\"url\":\"https:\\\/\\\/bibliotecavigil.org.ar\\\/inicio\\\/\",\"name\":\"Biblioteca Vigil\",\"description\":\"Biblioteca Popular C C Vigil\",\"publisher\":{\"@id\":\"https:\\\/\\\/bibliotecavigil.org.ar\\\/inicio\\\/#organization\"},\"potentialAction\":[{\"@type\":\"SearchAction\",\"target\":{\"@type\":\"EntryPoint\",\"urlTemplate\":\"https:\\\/\\\/bibliotecavigil.org.ar\\\/inicio\\\/?s={search_term_string}\"},\"query-input\":{\"@type\":\"PropertyValueSpecification\",\"valueRequired\":true,\"valueName\":\"search_term_string\"}}],\"inLanguage\":\"es\"},{\"@type\":\"Organization\",\"@id\":\"https:\\\/\\\/bibliotecavigil.org.ar\\\/inicio\\\/#organization\",\"name\":\"Biblioteca Popular C.C.Vigil\",\"url\":\"https:\\\/\\\/bibliotecavigil.org.ar\\\/inicio\\\/\",\"logo\":{\"@type\":\"ImageObject\",\"inLanguage\":\"es\",\"@id\":\"https:\\\/\\\/bibliotecavigil.org.ar\\\/inicio\\\/#\\\/schema\\\/logo\\\/image\\\/\",\"url\":\"https:\\\/\\\/bibliotecavigil.org.ar\\\/inicio\\\/wp-content\\\/uploads\\\/2023\\\/06\\\/Logo-sin-texto-gif.gif\",\"contentUrl\":\"https:\\\/\\\/bibliotecavigil.org.ar\\\/inicio\\\/wp-content\\\/uploads\\\/2023\\\/06\\\/Logo-sin-texto-gif.gif\",\"width\":1487,\"height\":1604,\"caption\":\"Biblioteca Popular C.C.Vigil\"},\"image\":{\"@id\":\"https:\\\/\\\/bibliotecavigil.org.ar\\\/inicio\\\/#\\\/schema\\\/logo\\\/image\\\/\"}},{\"@type\":\"Person\",\"@id\":\"https:\\\/\\\/bibliotecavigil.org.ar\\\/inicio\\\/#\\\/schema\\\/person\\\/98530bc117d5fa50c5dc01b4fd8d3700\",\"name\":\"Biblioteca Vigil\",\"image\":{\"@type\":\"ImageObject\",\"inLanguage\":\"es\",\"@id\":\"https:\\\/\\\/secure.gravatar.com\\\/avatar\\\/a96b6054dc4c80cde596e2c3f42d23e4f769e395116bf277fb508315b9d8a5c5?s=96&d=mm&r=g\",\"url\":\"https:\\\/\\\/secure.gravatar.com\\\/avatar\\\/a96b6054dc4c80cde596e2c3f42d23e4f769e395116bf277fb508315b9d8a5c5?s=96&d=mm&r=g\",\"contentUrl\":\"https:\\\/\\\/secure.gravatar.com\\\/avatar\\\/a96b6054dc4c80cde596e2c3f42d23e4f769e395116bf277fb508315b9d8a5c5?s=96&d=mm&r=g\",\"caption\":\"Biblioteca Vigil\"},\"url\":\"https:\\\/\\\/bibliotecavigil.org.ar\\\/inicio\\\/author\\\/comunicacion\\\/\"}]}<\/script>\n<!-- \/ Yoast SEO plugin. -->","yoast_head_json":{"title":"Semana de la Memoria en La Vigil - Biblioteca Vigil","robots":{"index":"index","follow":"follow","max-snippet":"max-snippet:-1","max-image-preview":"max-image-preview:large","max-video-preview":"max-video-preview:-1"},"canonical":"https:\/\/bibliotecavigil.org.ar\/inicio\/semana-de-la-memoria-en-la-vigil\/","og_locale":"es_ES","og_type":"article","og_title":"Semana de la Memoria en La Vigil - Biblioteca Vigil","og_description":"Cada 24 de marzo, desde nuestro lugar en el mundo, Tablada, Rosario, Santa Fe, Argentina, Am\u00e9rica Latina, ponemos todo lo que est\u00e1 a nuestro alcance para ejercitar la Memoria y que tanto dolor se convierta en alegr\u00eda. La alegr\u00eda de estar aunque nuestrxs compa\u00f1erxs no est\u00e9n, el empe\u00f1o en seguir reconstruyendo nuestra biblioteca, la felicidad [&hellip;]","og_url":"https:\/\/bibliotecavigil.org.ar\/inicio\/semana-de-la-memoria-en-la-vigil\/","og_site_name":"Biblioteca Vigil","article_published_time":"2022-03-23T22:40:53+00:00","article_modified_time":"2022-03-23T22:40:58+00:00","og_image":[{"width":2560,"height":1596,"url":"https:\/\/bibliotecavigil.org.ar\/inicio\/wp-content\/uploads\/2022\/03\/semana-de-la-memoria-web-scaled.jpg","type":"image\/jpeg"}],"author":"Biblioteca Vigil","twitter_card":"summary_large_image","twitter_misc":{"Escrito por":"Biblioteca Vigil","Tiempo de lectura":"5 minutos"},"schema":{"@context":"https:\/\/schema.org","@graph":[{"@type":"Article","@id":"https:\/\/bibliotecavigil.org.ar\/inicio\/semana-de-la-memoria-en-la-vigil\/#article","isPartOf":{"@id":"https:\/\/bibliotecavigil.org.ar\/inicio\/semana-de-la-memoria-en-la-vigil\/"},"author":{"name":"Biblioteca Vigil","@id":"https:\/\/bibliotecavigil.org.ar\/inicio\/#\/schema\/person\/98530bc117d5fa50c5dc01b4fd8d3700"},"headline":"Semana de la Memoria en La Vigil","datePublished":"2022-03-23T22:40:53+00:00","dateModified":"2022-03-23T22:40:58+00:00","mainEntityOfPage":{"@id":"https:\/\/bibliotecavigil.org.ar\/inicio\/semana-de-la-memoria-en-la-vigil\/"},"wordCount":711,"commentCount":0,"publisher":{"@id":"https:\/\/bibliotecavigil.org.ar\/inicio\/#organization"},"image":{"@id":"https:\/\/bibliotecavigil.org.ar\/inicio\/semana-de-la-memoria-en-la-vigil\/#primaryimage"},"thumbnailUrl":"https:\/\/bibliotecavigil.org.ar\/inicio\/wp-content\/uploads\/2022\/03\/semana-de-la-memoria-web-scaled.jpg","keywords":["24m","justicia","memoria"],"articleSection":["Noticias"],"inLanguage":"es","potentialAction":[{"@type":"CommentAction","name":"Comment","target":["https:\/\/bibliotecavigil.org.ar\/inicio\/semana-de-la-memoria-en-la-vigil\/#respond"]}]},{"@type":"WebPage","@id":"https:\/\/bibliotecavigil.org.ar\/inicio\/semana-de-la-memoria-en-la-vigil\/","url":"https:\/\/bibliotecavigil.org.ar\/inicio\/semana-de-la-memoria-en-la-vigil\/","name":"Semana de la Memoria en La Vigil - Biblioteca Vigil","isPartOf":{"@id":"https:\/\/bibliotecavigil.org.ar\/inicio\/#website"},"primaryImageOfPage":{"@id":"https:\/\/bibliotecavigil.org.ar\/inicio\/semana-de-la-memoria-en-la-vigil\/#primaryimage"},"image":{"@id":"https:\/\/bibliotecavigil.org.ar\/inicio\/semana-de-la-memoria-en-la-vigil\/#primaryimage"},"thumbnailUrl":"https:\/\/bibliotecavigil.org.ar\/inicio\/wp-content\/uploads\/2022\/03\/semana-de-la-memoria-web-scaled.jpg","datePublished":"2022-03-23T22:40:53+00:00","dateModified":"2022-03-23T22:40:58+00:00","breadcrumb":{"@id":"https:\/\/bibliotecavigil.org.ar\/inicio\/semana-de-la-memoria-en-la-vigil\/#breadcrumb"},"inLanguage":"es","potentialAction":[{"@type":"ReadAction","target":["https:\/\/bibliotecavigil.org.ar\/inicio\/semana-de-la-memoria-en-la-vigil\/"]}]},{"@type":"ImageObject","inLanguage":"es","@id":"https:\/\/bibliotecavigil.org.ar\/inicio\/semana-de-la-memoria-en-la-vigil\/#primaryimage","url":"https:\/\/bibliotecavigil.org.ar\/inicio\/wp-content\/uploads\/2022\/03\/semana-de-la-memoria-web-scaled.jpg","contentUrl":"https:\/\/bibliotecavigil.org.ar\/inicio\/wp-content\/uploads\/2022\/03\/semana-de-la-memoria-web-scaled.jpg","width":2560,"height":1596},{"@type":"BreadcrumbList","@id":"https:\/\/bibliotecavigil.org.ar\/inicio\/semana-de-la-memoria-en-la-vigil\/#breadcrumb","itemListElement":[{"@type":"ListItem","position":1,"name":"Portada","item":"https:\/\/bibliotecavigil.org.ar\/inicio\/"},{"@type":"ListItem","position":2,"name":"Semana de la Memoria en La Vigil"}]},{"@type":"WebSite","@id":"https:\/\/bibliotecavigil.org.ar\/inicio\/#website","url":"https:\/\/bibliotecavigil.org.ar\/inicio\/","name":"Biblioteca Vigil","description":"Biblioteca Popular C C Vigil","publisher":{"@id":"https:\/\/bibliotecavigil.org.ar\/inicio\/#organization"},"potentialAction":[{"@type":"SearchAction","target":{"@type":"EntryPoint","urlTemplate":"https:\/\/bibliotecavigil.org.ar\/inicio\/?s={search_term_string}"},"query-input":{"@type":"PropertyValueSpecification","valueRequired":true,"valueName":"search_term_string"}}],"inLanguage":"es"},{"@type":"Organization","@id":"https:\/\/bibliotecavigil.org.ar\/inicio\/#organization","name":"Biblioteca Popular C.C.Vigil","url":"https:\/\/bibliotecavigil.org.ar\/inicio\/","logo":{"@type":"ImageObject","inLanguage":"es","@id":"https:\/\/bibliotecavigil.org.ar\/inicio\/#\/schema\/logo\/image\/","url":"https:\/\/bibliotecavigil.org.ar\/inicio\/wp-content\/uploads\/2023\/06\/Logo-sin-texto-gif.gif","contentUrl":"https:\/\/bibliotecavigil.org.ar\/inicio\/wp-content\/uploads\/2023\/06\/Logo-sin-texto-gif.gif","width":1487,"height":1604,"caption":"Biblioteca Popular C.C.Vigil"},"image":{"@id":"https:\/\/bibliotecavigil.org.ar\/inicio\/#\/schema\/logo\/image\/"}},{"@type":"Person","@id":"https:\/\/bibliotecavigil.org.ar\/inicio\/#\/schema\/person\/98530bc117d5fa50c5dc01b4fd8d3700","name":"Biblioteca Vigil","image":{"@type":"ImageObject","inLanguage":"es","@id":"https:\/\/secure.gravatar.com\/avatar\/a96b6054dc4c80cde596e2c3f42d23e4f769e395116bf277fb508315b9d8a5c5?s=96&d=mm&r=g","url":"https:\/\/secure.gravatar.com\/avatar\/a96b6054dc4c80cde596e2c3f42d23e4f769e395116bf277fb508315b9d8a5c5?s=96&d=mm&r=g","contentUrl":"https:\/\/secure.gravatar.com\/avatar\/a96b6054dc4c80cde596e2c3f42d23e4f769e395116bf277fb508315b9d8a5c5?s=96&d=mm&r=g","caption":"Biblioteca Vigil"},"url":"https:\/\/bibliotecavigil.org.ar\/inicio\/author\/comunicacion\/"}]}},"_links":{"self":[{"href":"https:\/\/bibliotecavigil.org.ar\/inicio\/wp-json\/wp\/v2\/posts\/30492","targetHints":{"allow":["GET"]}}],"collection":[{"href":"https:\/\/bibliotecavigil.org.ar\/inicio\/wp-json\/wp\/v2\/posts"}],"about":[{"href":"https:\/\/bibliotecavigil.org.ar\/inicio\/wp-json\/wp\/v2\/types\/post"}],"author":[{"embeddable":true,"href":"https:\/\/bibliotecavigil.org.ar\/inicio\/wp-json\/wp\/v2\/users\/3"}],"replies":[{"embeddable":true,"href":"https:\/\/bibliotecavigil.org.ar\/inicio\/wp-json\/wp\/v2\/comments?post=30492"}],"version-history":[{"count":1,"href":"https:\/\/bibliotecavigil.org.ar\/inicio\/wp-json\/wp\/v2\/posts\/30492\/revisions"}],"predecessor-version":[{"id":30512,"href":"https:\/\/bibliotecavigil.org.ar\/inicio\/wp-json\/wp\/v2\/posts\/30492\/revisions\/30512"}],"wp:featuredmedia":[{"embeddable":true,"href":"https:\/\/bibliotecavigil.org.ar\/inicio\/wp-json\/wp\/v2\/media\/30511"}],"wp:attachment":[{"href":"https:\/\/bibliotecavigil.org.ar\/inicio\/wp-json\/wp\/v2\/media?parent=30492"}],"wp:term":[{"taxonomy":"category","embeddable":true,"href":"https:\/\/bibliotecavigil.org.ar\/inicio\/wp-json\/wp\/v2\/categories?post=30492"},{"taxonomy":"post_tag","embeddable":true,"href":"https:\/\/bibliotecavigil.org.ar\/inicio\/wp-json\/wp\/v2\/tags?post=30492"}],"curies":[{"name":"wp","href":"https:\/\/api.w.org\/{rel}","templated":true}]}}