{"id":30567,"date":"2022-04-04T18:22:52","date_gmt":"2022-04-04T21:22:52","guid":{"rendered":"https:\/\/bibliotecavigil.org.ar\/inicio\/?p=30567"},"modified":"2022-04-04T18:22:55","modified_gmt":"2022-04-04T21:22:55","slug":"presentacion-de-expreso-relanzamiento-de-la-coleccion-poetas-argentinos","status":"publish","type":"post","link":"https:\/\/bibliotecavigil.org.ar\/inicio\/presentacion-de-expreso-relanzamiento-de-la-coleccion-poetas-argentinos\/","title":{"rendered":"Presentaci\u00f3n de Expreso. Relanzamiento de la colecci\u00f3n \u201cPoetas argentinos\u201d"},"content":{"rendered":"\n<p>\u00a1Novedades! De <strong>Editorial Biblioteca<\/strong><\/p>\n\n\n\n<p>\u25ba<strong> Presentamos el libro Expreso, de Beatriz Vignoli<\/strong><\/p>\n\n\n\n<p>Y de esta manera relanzamos nuestra hist\u00f3rica colecci\u00f3n<strong> \u201cPoetas argentinos\u201d<\/strong>, dedicada exclusivamente a la poes\u00eda y que edit\u00f3 autores como Francisco \u201cPaco\u201d Urondo, Francisco Madariaga, Hugo Gola y Rodolfo Alonso.<\/p>\n\n\n\n<p>Se reinaugura esta colecci\u00f3n con Vignoli, una de las mejores escritoras contempor\u00e1neas, quien adem\u00e1s es la primera mujer en integrar la serie. Las p\u00e1ginas de Expreso vienen a reabrir y continuar la colecci\u00f3n con aires nuevos, afirmando el compromiso de la editorial con la poes\u00eda y a seguir marcando el camino iniciado por los autores precedentes.<\/p>\n\n\n\n<p>En Expreso podr\u00e1n percibir el magnetismo incierto de la mitolog\u00eda popular, el enigma nunca resuelto de los sue\u00f1os, el \u201cidioma de puras consonantes\u201d de la lluvia y el pulso de la autora.<\/p>\n\n\n\n<p><strong>\u25ac El libro ya est\u00e1 disponible en nuestra sede de Gaboto 450, en nuestra <a href=\"https:\/\/bibliotecavigil.org.ar\/inicio\/producto\/expreso\/\" target=\"_blank\" rel=\"noreferrer noopener\">web<\/a> y en las librer\u00edas de la ciudad.<\/strong><\/p>\n\n\n\n<p>\u25ac <strong>La presentaci\u00f3n ser\u00e1 el 29 de abril a las 18:30<\/strong> en la biblioteca, la entrada es gratuita. El libro estar\u00e1 a la venta durante el encuentro y es importante se\u00f1alar que<strong> lxs socixs de la biblioteca tendr\u00e1n 40% de descuento (como en todos los libros de la editorial).<\/strong><\/p>\n\n\n\n<p><\/p>\n\n\n\n<figure class=\"wp-block-image size-large\"><a href=\"https:\/\/bibliotecavigil.org.ar\/inicio\/wp-content\/uploads\/2022\/04\/WhatsApp-Image-2022-04-04-at-6.03.51-PM.jpeg\"><img decoding=\"async\" width=\"1024\" height=\"1024\" data-src=\"https:\/\/bibliotecavigil.org.ar\/inicio\/wp-content\/uploads\/2022\/04\/WhatsApp-Image-2022-04-04-at-6.03.51-PM-1024x1024.jpeg\" alt=\"\" class=\"wp-image-30568 lazyload\" data-srcset=\"https:\/\/bibliotecavigil.org.ar\/inicio\/wp-content\/uploads\/2022\/04\/WhatsApp-Image-2022-04-04-at-6.03.51-PM-1024x1024.jpeg 1024w, https:\/\/bibliotecavigil.org.ar\/inicio\/wp-content\/uploads\/2022\/04\/WhatsApp-Image-2022-04-04-at-6.03.51-PM-980x980.jpeg 980w, https:\/\/bibliotecavigil.org.ar\/inicio\/wp-content\/uploads\/2022\/04\/WhatsApp-Image-2022-04-04-at-6.03.51-PM-480x480.jpeg 480w\" data-sizes=\"(min-width: 0px) and (max-width: 480px) 480px, (min-width: 481px) and (max-width: 980px) 980px, (min-width: 981px) 1024px, 100vw\" src=\"data:image\/svg+xml;base64,PHN2ZyB3aWR0aD0iMSIgaGVpZ2h0PSIxIiB4bWxucz0iaHR0cDovL3d3dy53My5vcmcvMjAwMC9zdmciPjwvc3ZnPg==\" style=\"--smush-placeholder-width: 1024px; --smush-placeholder-aspect-ratio: 1024\/1024;\" \/><\/a><\/figure>\n","protected":false},"excerpt":{"rendered":"<p>\u00a1Novedades! De Editorial Biblioteca \u25ba Presentamos el libro Expreso, de Beatriz Vignoli Y de esta manera relanzamos nuestra hist\u00f3rica colecci\u00f3n \u201cPoetas argentinos\u201d, dedicada exclusivamente a la poes\u00eda y que edit\u00f3 autores como Francisco \u201cPaco\u201d Urondo, Francisco Madariaga, Hugo Gola y Rodolfo Alonso. Se reinaugura esta colecci\u00f3n con Vignoli, una de las mejores escritoras contempor\u00e1neas, quien [&hellip;]<\/p>\n","protected":false},"author":3,"featured_media":30569,"comment_status":"open","ping_status":"closed","sticky":false,"template":"","format":"standard","meta":{"_et_pb_use_builder":"off","_et_pb_old_content":"","_et_gb_content_width":"1920","footnotes":""},"categories":[16],"tags":[65,203,46,202,122,204],"class_list":["post-30567","post","type-post","status-publish","format-standard","has-post-thumbnail","hentry","category-noticias","tag-biblioteca","tag-coleccion","tag-editorial","tag-expreso","tag-libro","tag-poetasargentinos"],"yoast_head":"<!-- This site is optimized with the Yoast SEO plugin v27.4 - https:\/\/yoast.com\/product\/yoast-seo-wordpress\/ -->\n<title>Presentaci\u00f3n de Expreso. Relanzamiento de la colecci\u00f3n \u201cPoetas argentinos\u201d - Biblioteca Vigil<\/title>\n<meta name=\"robots\" content=\"index, follow, max-snippet:-1, max-image-preview:large, max-video-preview:-1\" \/>\n<link rel=\"canonical\" href=\"https:\/\/bibliotecavigil.org.ar\/inicio\/presentacion-de-expreso-relanzamiento-de-la-coleccion-poetas-argentinos\/\" \/>\n<meta property=\"og:locale\" content=\"es_ES\" \/>\n<meta property=\"og:type\" content=\"article\" \/>\n<meta property=\"og:title\" content=\"Presentaci\u00f3n de Expreso. Relanzamiento de la colecci\u00f3n \u201cPoetas argentinos\u201d - Biblioteca Vigil\" \/>\n<meta property=\"og:description\" content=\"\u00a1Novedades! De Editorial Biblioteca \u25ba Presentamos el libro Expreso, de Beatriz Vignoli Y de esta manera relanzamos nuestra hist\u00f3rica colecci\u00f3n \u201cPoetas argentinos\u201d, dedicada exclusivamente a la poes\u00eda y que edit\u00f3 autores como Francisco \u201cPaco\u201d Urondo, Francisco Madariaga, Hugo Gola y Rodolfo Alonso. Se reinaugura esta colecci\u00f3n con Vignoli, una de las mejores escritoras contempor\u00e1neas, quien [&hellip;]\" \/>\n<meta property=\"og:url\" content=\"https:\/\/bibliotecavigil.org.ar\/inicio\/presentacion-de-expreso-relanzamiento-de-la-coleccion-poetas-argentinos\/\" \/>\n<meta property=\"og:site_name\" content=\"Biblioteca Vigil\" \/>\n<meta property=\"article:published_time\" content=\"2022-04-04T21:22:52+00:00\" \/>\n<meta property=\"article:modified_time\" content=\"2022-04-04T21:22:55+00:00\" \/>\n<meta property=\"og:image\" content=\"https:\/\/bibliotecavigil.org.ar\/inicio\/wp-content\/uploads\/2022\/04\/Expreso-web.jpg\" \/>\n\t<meta property=\"og:image:width\" content=\"1667\" \/>\n\t<meta property=\"og:image:height\" content=\"1042\" \/>\n\t<meta property=\"og:image:type\" content=\"image\/jpeg\" \/>\n<meta name=\"author\" content=\"Biblioteca Vigil\" \/>\n<meta name=\"twitter:card\" content=\"summary_large_image\" \/>\n<meta name=\"twitter:label1\" content=\"Escrito por\" \/>\n\t<meta name=\"twitter:data1\" content=\"Biblioteca Vigil\" \/>\n\t<meta name=\"twitter:label2\" content=\"Tiempo de lectura\" \/>\n\t<meta name=\"twitter:data2\" content=\"2 minutos\" \/>\n<script type=\"application\/ld+json\" class=\"yoast-schema-graph\">{\"@context\":\"https:\\\/\\\/schema.org\",\"@graph\":[{\"@type\":\"Article\",\"@id\":\"https:\\\/\\\/bibliotecavigil.org.ar\\\/inicio\\\/presentacion-de-expreso-relanzamiento-de-la-coleccion-poetas-argentinos\\\/#article\",\"isPartOf\":{\"@id\":\"https:\\\/\\\/bibliotecavigil.org.ar\\\/inicio\\\/presentacion-de-expreso-relanzamiento-de-la-coleccion-poetas-argentinos\\\/\"},\"author\":{\"name\":\"Biblioteca Vigil\",\"@id\":\"https:\\\/\\\/bibliotecavigil.org.ar\\\/inicio\\\/#\\\/schema\\\/person\\\/98530bc117d5fa50c5dc01b4fd8d3700\"},\"headline\":\"Presentaci\u00f3n de Expreso. Relanzamiento de la colecci\u00f3n \u201cPoetas argentinos\u201d\",\"datePublished\":\"2022-04-04T21:22:52+00:00\",\"dateModified\":\"2022-04-04T21:22:55+00:00\",\"mainEntityOfPage\":{\"@id\":\"https:\\\/\\\/bibliotecavigil.org.ar\\\/inicio\\\/presentacion-de-expreso-relanzamiento-de-la-coleccion-poetas-argentinos\\\/\"},\"wordCount\":221,\"commentCount\":0,\"publisher\":{\"@id\":\"https:\\\/\\\/bibliotecavigil.org.ar\\\/inicio\\\/#organization\"},\"image\":{\"@id\":\"https:\\\/\\\/bibliotecavigil.org.ar\\\/inicio\\\/presentacion-de-expreso-relanzamiento-de-la-coleccion-poetas-argentinos\\\/#primaryimage\"},\"thumbnailUrl\":\"https:\\\/\\\/bibliotecavigil.org.ar\\\/inicio\\\/wp-content\\\/uploads\\\/2022\\\/04\\\/Expreso-web.jpg\",\"keywords\":[\"biblioteca\",\"colecci\u00f3n\",\"editorial\",\"expreso\",\"libro\",\"poetasargentinos\"],\"articleSection\":[\"Noticias\"],\"inLanguage\":\"es\",\"potentialAction\":[{\"@type\":\"CommentAction\",\"name\":\"Comment\",\"target\":[\"https:\\\/\\\/bibliotecavigil.org.ar\\\/inicio\\\/presentacion-de-expreso-relanzamiento-de-la-coleccion-poetas-argentinos\\\/#respond\"]}]},{\"@type\":\"WebPage\",\"@id\":\"https:\\\/\\\/bibliotecavigil.org.ar\\\/inicio\\\/presentacion-de-expreso-relanzamiento-de-la-coleccion-poetas-argentinos\\\/\",\"url\":\"https:\\\/\\\/bibliotecavigil.org.ar\\\/inicio\\\/presentacion-de-expreso-relanzamiento-de-la-coleccion-poetas-argentinos\\\/\",\"name\":\"Presentaci\u00f3n de Expreso. Relanzamiento de la colecci\u00f3n \u201cPoetas argentinos\u201d - Biblioteca Vigil\",\"isPartOf\":{\"@id\":\"https:\\\/\\\/bibliotecavigil.org.ar\\\/inicio\\\/#website\"},\"primaryImageOfPage\":{\"@id\":\"https:\\\/\\\/bibliotecavigil.org.ar\\\/inicio\\\/presentacion-de-expreso-relanzamiento-de-la-coleccion-poetas-argentinos\\\/#primaryimage\"},\"image\":{\"@id\":\"https:\\\/\\\/bibliotecavigil.org.ar\\\/inicio\\\/presentacion-de-expreso-relanzamiento-de-la-coleccion-poetas-argentinos\\\/#primaryimage\"},\"thumbnailUrl\":\"https:\\\/\\\/bibliotecavigil.org.ar\\\/inicio\\\/wp-content\\\/uploads\\\/2022\\\/04\\\/Expreso-web.jpg\",\"datePublished\":\"2022-04-04T21:22:52+00:00\",\"dateModified\":\"2022-04-04T21:22:55+00:00\",\"breadcrumb\":{\"@id\":\"https:\\\/\\\/bibliotecavigil.org.ar\\\/inicio\\\/presentacion-de-expreso-relanzamiento-de-la-coleccion-poetas-argentinos\\\/#breadcrumb\"},\"inLanguage\":\"es\",\"potentialAction\":[{\"@type\":\"ReadAction\",\"target\":[\"https:\\\/\\\/bibliotecavigil.org.ar\\\/inicio\\\/presentacion-de-expreso-relanzamiento-de-la-coleccion-poetas-argentinos\\\/\"]}]},{\"@type\":\"ImageObject\",\"inLanguage\":\"es\",\"@id\":\"https:\\\/\\\/bibliotecavigil.org.ar\\\/inicio\\\/presentacion-de-expreso-relanzamiento-de-la-coleccion-poetas-argentinos\\\/#primaryimage\",\"url\":\"https:\\\/\\\/bibliotecavigil.org.ar\\\/inicio\\\/wp-content\\\/uploads\\\/2022\\\/04\\\/Expreso-web.jpg\",\"contentUrl\":\"https:\\\/\\\/bibliotecavigil.org.ar\\\/inicio\\\/wp-content\\\/uploads\\\/2022\\\/04\\\/Expreso-web.jpg\",\"width\":1667,\"height\":1042},{\"@type\":\"BreadcrumbList\",\"@id\":\"https:\\\/\\\/bibliotecavigil.org.ar\\\/inicio\\\/presentacion-de-expreso-relanzamiento-de-la-coleccion-poetas-argentinos\\\/#breadcrumb\",\"itemListElement\":[{\"@type\":\"ListItem\",\"position\":1,\"name\":\"Portada\",\"item\":\"https:\\\/\\\/bibliotecavigil.org.ar\\\/inicio\\\/\"},{\"@type\":\"ListItem\",\"position\":2,\"name\":\"Presentaci\u00f3n de Expreso. Relanzamiento de la colecci\u00f3n \u201cPoetas argentinos\u201d\"}]},{\"@type\":\"WebSite\",\"@id\":\"https:\\\/\\\/bibliotecavigil.org.ar\\\/inicio\\\/#website\",\"url\":\"https:\\\/\\\/bibliotecavigil.org.ar\\\/inicio\\\/\",\"name\":\"Biblioteca Vigil\",\"description\":\"Biblioteca Popular C C Vigil\",\"publisher\":{\"@id\":\"https:\\\/\\\/bibliotecavigil.org.ar\\\/inicio\\\/#organization\"},\"potentialAction\":[{\"@type\":\"SearchAction\",\"target\":{\"@type\":\"EntryPoint\",\"urlTemplate\":\"https:\\\/\\\/bibliotecavigil.org.ar\\\/inicio\\\/?s={search_term_string}\"},\"query-input\":{\"@type\":\"PropertyValueSpecification\",\"valueRequired\":true,\"valueName\":\"search_term_string\"}}],\"inLanguage\":\"es\"},{\"@type\":\"Organization\",\"@id\":\"https:\\\/\\\/bibliotecavigil.org.ar\\\/inicio\\\/#organization\",\"name\":\"Biblioteca Popular C.C.Vigil\",\"url\":\"https:\\\/\\\/bibliotecavigil.org.ar\\\/inicio\\\/\",\"logo\":{\"@type\":\"ImageObject\",\"inLanguage\":\"es\",\"@id\":\"https:\\\/\\\/bibliotecavigil.org.ar\\\/inicio\\\/#\\\/schema\\\/logo\\\/image\\\/\",\"url\":\"https:\\\/\\\/bibliotecavigil.org.ar\\\/inicio\\\/wp-content\\\/uploads\\\/2023\\\/06\\\/Logo-sin-texto-gif.gif\",\"contentUrl\":\"https:\\\/\\\/bibliotecavigil.org.ar\\\/inicio\\\/wp-content\\\/uploads\\\/2023\\\/06\\\/Logo-sin-texto-gif.gif\",\"width\":1487,\"height\":1604,\"caption\":\"Biblioteca Popular C.C.Vigil\"},\"image\":{\"@id\":\"https:\\\/\\\/bibliotecavigil.org.ar\\\/inicio\\\/#\\\/schema\\\/logo\\\/image\\\/\"}},{\"@type\":\"Person\",\"@id\":\"https:\\\/\\\/bibliotecavigil.org.ar\\\/inicio\\\/#\\\/schema\\\/person\\\/98530bc117d5fa50c5dc01b4fd8d3700\",\"name\":\"Biblioteca Vigil\",\"image\":{\"@type\":\"ImageObject\",\"inLanguage\":\"es\",\"@id\":\"https:\\\/\\\/secure.gravatar.com\\\/avatar\\\/a96b6054dc4c80cde596e2c3f42d23e4f769e395116bf277fb508315b9d8a5c5?s=96&d=mm&r=g\",\"url\":\"https:\\\/\\\/secure.gravatar.com\\\/avatar\\\/a96b6054dc4c80cde596e2c3f42d23e4f769e395116bf277fb508315b9d8a5c5?s=96&d=mm&r=g\",\"contentUrl\":\"https:\\\/\\\/secure.gravatar.com\\\/avatar\\\/a96b6054dc4c80cde596e2c3f42d23e4f769e395116bf277fb508315b9d8a5c5?s=96&d=mm&r=g\",\"caption\":\"Biblioteca Vigil\"},\"url\":\"https:\\\/\\\/bibliotecavigil.org.ar\\\/inicio\\\/author\\\/comunicacion\\\/\"}]}<\/script>\n<!-- \/ Yoast SEO plugin. -->","yoast_head_json":{"title":"Presentaci\u00f3n de Expreso. Relanzamiento de la colecci\u00f3n \u201cPoetas argentinos\u201d - Biblioteca Vigil","robots":{"index":"index","follow":"follow","max-snippet":"max-snippet:-1","max-image-preview":"max-image-preview:large","max-video-preview":"max-video-preview:-1"},"canonical":"https:\/\/bibliotecavigil.org.ar\/inicio\/presentacion-de-expreso-relanzamiento-de-la-coleccion-poetas-argentinos\/","og_locale":"es_ES","og_type":"article","og_title":"Presentaci\u00f3n de Expreso. Relanzamiento de la colecci\u00f3n \u201cPoetas argentinos\u201d - Biblioteca Vigil","og_description":"\u00a1Novedades! De Editorial Biblioteca \u25ba Presentamos el libro Expreso, de Beatriz Vignoli Y de esta manera relanzamos nuestra hist\u00f3rica colecci\u00f3n \u201cPoetas argentinos\u201d, dedicada exclusivamente a la poes\u00eda y que edit\u00f3 autores como Francisco \u201cPaco\u201d Urondo, Francisco Madariaga, Hugo Gola y Rodolfo Alonso. Se reinaugura esta colecci\u00f3n con Vignoli, una de las mejores escritoras contempor\u00e1neas, quien [&hellip;]","og_url":"https:\/\/bibliotecavigil.org.ar\/inicio\/presentacion-de-expreso-relanzamiento-de-la-coleccion-poetas-argentinos\/","og_site_name":"Biblioteca Vigil","article_published_time":"2022-04-04T21:22:52+00:00","article_modified_time":"2022-04-04T21:22:55+00:00","og_image":[{"width":1667,"height":1042,"url":"https:\/\/bibliotecavigil.org.ar\/inicio\/wp-content\/uploads\/2022\/04\/Expreso-web.jpg","type":"image\/jpeg"}],"author":"Biblioteca Vigil","twitter_card":"summary_large_image","twitter_misc":{"Escrito por":"Biblioteca Vigil","Tiempo de lectura":"2 minutos"},"schema":{"@context":"https:\/\/schema.org","@graph":[{"@type":"Article","@id":"https:\/\/bibliotecavigil.org.ar\/inicio\/presentacion-de-expreso-relanzamiento-de-la-coleccion-poetas-argentinos\/#article","isPartOf":{"@id":"https:\/\/bibliotecavigil.org.ar\/inicio\/presentacion-de-expreso-relanzamiento-de-la-coleccion-poetas-argentinos\/"},"author":{"name":"Biblioteca Vigil","@id":"https:\/\/bibliotecavigil.org.ar\/inicio\/#\/schema\/person\/98530bc117d5fa50c5dc01b4fd8d3700"},"headline":"Presentaci\u00f3n de Expreso. Relanzamiento de la colecci\u00f3n \u201cPoetas argentinos\u201d","datePublished":"2022-04-04T21:22:52+00:00","dateModified":"2022-04-04T21:22:55+00:00","mainEntityOfPage":{"@id":"https:\/\/bibliotecavigil.org.ar\/inicio\/presentacion-de-expreso-relanzamiento-de-la-coleccion-poetas-argentinos\/"},"wordCount":221,"commentCount":0,"publisher":{"@id":"https:\/\/bibliotecavigil.org.ar\/inicio\/#organization"},"image":{"@id":"https:\/\/bibliotecavigil.org.ar\/inicio\/presentacion-de-expreso-relanzamiento-de-la-coleccion-poetas-argentinos\/#primaryimage"},"thumbnailUrl":"https:\/\/bibliotecavigil.org.ar\/inicio\/wp-content\/uploads\/2022\/04\/Expreso-web.jpg","keywords":["biblioteca","colecci\u00f3n","editorial","expreso","libro","poetasargentinos"],"articleSection":["Noticias"],"inLanguage":"es","potentialAction":[{"@type":"CommentAction","name":"Comment","target":["https:\/\/bibliotecavigil.org.ar\/inicio\/presentacion-de-expreso-relanzamiento-de-la-coleccion-poetas-argentinos\/#respond"]}]},{"@type":"WebPage","@id":"https:\/\/bibliotecavigil.org.ar\/inicio\/presentacion-de-expreso-relanzamiento-de-la-coleccion-poetas-argentinos\/","url":"https:\/\/bibliotecavigil.org.ar\/inicio\/presentacion-de-expreso-relanzamiento-de-la-coleccion-poetas-argentinos\/","name":"Presentaci\u00f3n de Expreso. Relanzamiento de la colecci\u00f3n \u201cPoetas argentinos\u201d - Biblioteca Vigil","isPartOf":{"@id":"https:\/\/bibliotecavigil.org.ar\/inicio\/#website"},"primaryImageOfPage":{"@id":"https:\/\/bibliotecavigil.org.ar\/inicio\/presentacion-de-expreso-relanzamiento-de-la-coleccion-poetas-argentinos\/#primaryimage"},"image":{"@id":"https:\/\/bibliotecavigil.org.ar\/inicio\/presentacion-de-expreso-relanzamiento-de-la-coleccion-poetas-argentinos\/#primaryimage"},"thumbnailUrl":"https:\/\/bibliotecavigil.org.ar\/inicio\/wp-content\/uploads\/2022\/04\/Expreso-web.jpg","datePublished":"2022-04-04T21:22:52+00:00","dateModified":"2022-04-04T21:22:55+00:00","breadcrumb":{"@id":"https:\/\/bibliotecavigil.org.ar\/inicio\/presentacion-de-expreso-relanzamiento-de-la-coleccion-poetas-argentinos\/#breadcrumb"},"inLanguage":"es","potentialAction":[{"@type":"ReadAction","target":["https:\/\/bibliotecavigil.org.ar\/inicio\/presentacion-de-expreso-relanzamiento-de-la-coleccion-poetas-argentinos\/"]}]},{"@type":"ImageObject","inLanguage":"es","@id":"https:\/\/bibliotecavigil.org.ar\/inicio\/presentacion-de-expreso-relanzamiento-de-la-coleccion-poetas-argentinos\/#primaryimage","url":"https:\/\/bibliotecavigil.org.ar\/inicio\/wp-content\/uploads\/2022\/04\/Expreso-web.jpg","contentUrl":"https:\/\/bibliotecavigil.org.ar\/inicio\/wp-content\/uploads\/2022\/04\/Expreso-web.jpg","width":1667,"height":1042},{"@type":"BreadcrumbList","@id":"https:\/\/bibliotecavigil.org.ar\/inicio\/presentacion-de-expreso-relanzamiento-de-la-coleccion-poetas-argentinos\/#breadcrumb","itemListElement":[{"@type":"ListItem","position":1,"name":"Portada","item":"https:\/\/bibliotecavigil.org.ar\/inicio\/"},{"@type":"ListItem","position":2,"name":"Presentaci\u00f3n de Expreso. Relanzamiento de la colecci\u00f3n \u201cPoetas argentinos\u201d"}]},{"@type":"WebSite","@id":"https:\/\/bibliotecavigil.org.ar\/inicio\/#website","url":"https:\/\/bibliotecavigil.org.ar\/inicio\/","name":"Biblioteca Vigil","description":"Biblioteca Popular C C Vigil","publisher":{"@id":"https:\/\/bibliotecavigil.org.ar\/inicio\/#organization"},"potentialAction":[{"@type":"SearchAction","target":{"@type":"EntryPoint","urlTemplate":"https:\/\/bibliotecavigil.org.ar\/inicio\/?s={search_term_string}"},"query-input":{"@type":"PropertyValueSpecification","valueRequired":true,"valueName":"search_term_string"}}],"inLanguage":"es"},{"@type":"Organization","@id":"https:\/\/bibliotecavigil.org.ar\/inicio\/#organization","name":"Biblioteca Popular C.C.Vigil","url":"https:\/\/bibliotecavigil.org.ar\/inicio\/","logo":{"@type":"ImageObject","inLanguage":"es","@id":"https:\/\/bibliotecavigil.org.ar\/inicio\/#\/schema\/logo\/image\/","url":"https:\/\/bibliotecavigil.org.ar\/inicio\/wp-content\/uploads\/2023\/06\/Logo-sin-texto-gif.gif","contentUrl":"https:\/\/bibliotecavigil.org.ar\/inicio\/wp-content\/uploads\/2023\/06\/Logo-sin-texto-gif.gif","width":1487,"height":1604,"caption":"Biblioteca Popular C.C.Vigil"},"image":{"@id":"https:\/\/bibliotecavigil.org.ar\/inicio\/#\/schema\/logo\/image\/"}},{"@type":"Person","@id":"https:\/\/bibliotecavigil.org.ar\/inicio\/#\/schema\/person\/98530bc117d5fa50c5dc01b4fd8d3700","name":"Biblioteca Vigil","image":{"@type":"ImageObject","inLanguage":"es","@id":"https:\/\/secure.gravatar.com\/avatar\/a96b6054dc4c80cde596e2c3f42d23e4f769e395116bf277fb508315b9d8a5c5?s=96&d=mm&r=g","url":"https:\/\/secure.gravatar.com\/avatar\/a96b6054dc4c80cde596e2c3f42d23e4f769e395116bf277fb508315b9d8a5c5?s=96&d=mm&r=g","contentUrl":"https:\/\/secure.gravatar.com\/avatar\/a96b6054dc4c80cde596e2c3f42d23e4f769e395116bf277fb508315b9d8a5c5?s=96&d=mm&r=g","caption":"Biblioteca Vigil"},"url":"https:\/\/bibliotecavigil.org.ar\/inicio\/author\/comunicacion\/"}]}},"_links":{"self":[{"href":"https:\/\/bibliotecavigil.org.ar\/inicio\/wp-json\/wp\/v2\/posts\/30567","targetHints":{"allow":["GET"]}}],"collection":[{"href":"https:\/\/bibliotecavigil.org.ar\/inicio\/wp-json\/wp\/v2\/posts"}],"about":[{"href":"https:\/\/bibliotecavigil.org.ar\/inicio\/wp-json\/wp\/v2\/types\/post"}],"author":[{"embeddable":true,"href":"https:\/\/bibliotecavigil.org.ar\/inicio\/wp-json\/wp\/v2\/users\/3"}],"replies":[{"embeddable":true,"href":"https:\/\/bibliotecavigil.org.ar\/inicio\/wp-json\/wp\/v2\/comments?post=30567"}],"version-history":[{"count":1,"href":"https:\/\/bibliotecavigil.org.ar\/inicio\/wp-json\/wp\/v2\/posts\/30567\/revisions"}],"predecessor-version":[{"id":30570,"href":"https:\/\/bibliotecavigil.org.ar\/inicio\/wp-json\/wp\/v2\/posts\/30567\/revisions\/30570"}],"wp:featuredmedia":[{"embeddable":true,"href":"https:\/\/bibliotecavigil.org.ar\/inicio\/wp-json\/wp\/v2\/media\/30569"}],"wp:attachment":[{"href":"https:\/\/bibliotecavigil.org.ar\/inicio\/wp-json\/wp\/v2\/media?parent=30567"}],"wp:term":[{"taxonomy":"category","embeddable":true,"href":"https:\/\/bibliotecavigil.org.ar\/inicio\/wp-json\/wp\/v2\/categories?post=30567"},{"taxonomy":"post_tag","embeddable":true,"href":"https:\/\/bibliotecavigil.org.ar\/inicio\/wp-json\/wp\/v2\/tags?post=30567"}],"curies":[{"name":"wp","href":"https:\/\/api.w.org\/{rel}","templated":true}]}}