{"id":30577,"date":"2022-04-07T16:28:42","date_gmt":"2022-04-07T19:28:42","guid":{"rendered":"https:\/\/bibliotecavigil.org.ar\/inicio\/?p=30577"},"modified":"2022-04-07T17:24:24","modified_gmt":"2022-04-07T20:24:24","slug":"natacion-para-socixs-de-la-vigil","status":"publish","type":"post","link":"https:\/\/bibliotecavigil.org.ar\/inicio\/natacion-para-socixs-de-la-vigil\/","title":{"rendered":"Nataci\u00f3n para socixs de La Vigil"},"content":{"rendered":"\n<p>\u25ba <strong>\u00bfSab\u00edas que siendo socix de La Vigil podes disfrutar de la Pileta de Central C\u00f3rdoba?<\/strong><\/p>\n\n\n\n<p>Desde 2018, mediante un convenio con el <strong>Club Atl\u00e9tico Central C\u00f3rdoba<\/strong>, todxs nuestrxs socixs acceden a la misma tarifa que lxs socixs del club para poder utilizar la renovada pileta charr\u00faa.<\/p>\n\n\n\n<p>Ac\u00e1 nom\u00e1s, en la sede social del Club (Av. San Mart\u00edn 3250) pod\u00e9s sumarte a <strong>Nataci\u00f3n Charr\u00faa<\/strong> y disfrutar de este estupendo deporte.<\/p>\n\n\n\n<p>Actualmente se dictan clases para adultxs, j\u00f3venes y ni\u00f1xs desde los 3 a\u00f1os, tambi\u00e9n matronataci\u00f3n y aquagym.<\/p>\n\n\n\n<p>\u25ac \u00bfC\u00f3mo hacer? \u00a1Muy simple! Acercate a la secretar\u00eda de la pileta en la sede del club, de 9 a 20hs., con el certificado bucodental y de salud estampillados y el recibo de pago de la cuota social de La Vigil, abonas en base a la cantidad de veces por semana que quieras asistir y \u00a1Listo! Ten\u00e9s tu carnet de la pile y sumergida asegurada.<\/p>\n\n\n\n<p>#LaVigilSeMueve&#x1f680;<\/p>\n\n\n\n<p><\/p>\n\n\n\n<figure class=\"wp-block-image size-large\"><a href=\"https:\/\/bibliotecavigil.org.ar\/inicio\/wp-content\/uploads\/2022\/04\/Pileta-CC.jpeg\"><img decoding=\"async\" width=\"766\" height=\"1024\" data-src=\"https:\/\/bibliotecavigil.org.ar\/inicio\/wp-content\/uploads\/2022\/04\/Pileta-CC-766x1024.jpeg\" alt=\"\" class=\"wp-image-30579 lazyload\" data-srcset=\"https:\/\/bibliotecavigil.org.ar\/inicio\/wp-content\/uploads\/2022\/04\/Pileta-CC-766x1024.jpeg 766w, https:\/\/bibliotecavigil.org.ar\/inicio\/wp-content\/uploads\/2022\/04\/Pileta-CC-480x641.jpeg 480w\" data-sizes=\"(min-width: 0px) and (max-width: 480px) 480px, (min-width: 481px) 766px, 100vw\" src=\"data:image\/svg+xml;base64,PHN2ZyB3aWR0aD0iMSIgaGVpZ2h0PSIxIiB4bWxucz0iaHR0cDovL3d3dy53My5vcmcvMjAwMC9zdmciPjwvc3ZnPg==\" style=\"--smush-placeholder-width: 766px; --smush-placeholder-aspect-ratio: 766\/1024;\" \/><\/a><\/figure>\n","protected":false},"excerpt":{"rendered":"<p>\u25ba \u00bfSab\u00edas que siendo socix de La Vigil podes disfrutar de la Pileta de Central C\u00f3rdoba? Desde 2018, mediante un convenio con el Club Atl\u00e9tico Central C\u00f3rdoba, todxs nuestrxs socixs acceden a la misma tarifa que lxs socixs del club para poder utilizar la renovada pileta charr\u00faa. Ac\u00e1 nom\u00e1s, en la sede social del Club [&hellip;]<\/p>\n","protected":false},"author":3,"featured_media":30580,"comment_status":"open","ping_status":"closed","sticky":false,"template":"","format":"standard","meta":{"_et_pb_use_builder":"off","_et_pb_old_content":"","_et_gb_content_width":"1920","footnotes":""},"categories":[16],"tags":[206,208,207,51],"class_list":["post-30577","post","type-post","status-publish","format-standard","has-post-thumbnail","hentry","category-noticias","tag-central-cordoba","tag-charrua","tag-natacion-2","tag-pileta"],"yoast_head":"<!-- This site is optimized with the Yoast SEO plugin v27.5 - https:\/\/yoast.com\/product\/yoast-seo-wordpress\/ -->\n<title>Nataci\u00f3n para socixs de La Vigil - Biblioteca Vigil<\/title>\n<meta name=\"description\" content=\"\u25ba \u00bfSab\u00edas que siendo socix de La Vigil podes disfrutar de la Pileta de Central C\u00f3rdoba?Desde 2018, mediante un convenio con el Club Atl\u00e9tico\" \/>\n<meta name=\"robots\" content=\"index, follow, max-snippet:-1, max-image-preview:large, max-video-preview:-1\" \/>\n<link rel=\"canonical\" href=\"https:\/\/bibliotecavigil.org.ar\/inicio\/natacion-para-socixs-de-la-vigil\/\" \/>\n<meta property=\"og:locale\" content=\"es_ES\" \/>\n<meta property=\"og:type\" content=\"article\" \/>\n<meta property=\"og:title\" content=\"Nataci\u00f3n para socixs de La Vigil - Biblioteca Vigil\" \/>\n<meta property=\"og:description\" content=\"\u25ba \u00bfSab\u00edas que siendo socix de La Vigil podes disfrutar de la Pileta de Central C\u00f3rdoba?Desde 2018, mediante un convenio con el Club Atl\u00e9tico\" \/>\n<meta property=\"og:url\" content=\"https:\/\/bibliotecavigil.org.ar\/inicio\/natacion-para-socixs-de-la-vigil\/\" \/>\n<meta property=\"og:site_name\" content=\"Biblioteca Vigil\" \/>\n<meta property=\"article:published_time\" content=\"2022-04-07T19:28:42+00:00\" \/>\n<meta property=\"article:modified_time\" content=\"2022-04-07T20:24:24+00:00\" \/>\n<meta property=\"og:image\" content=\"https:\/\/bibliotecavigil.org.ar\/inicio\/wp-content\/uploads\/2022\/04\/pileta-p-web-scaled.jpg\" \/>\n\t<meta property=\"og:image:width\" content=\"2560\" \/>\n\t<meta property=\"og:image:height\" content=\"1920\" \/>\n\t<meta property=\"og:image:type\" content=\"image\/jpeg\" \/>\n<meta name=\"author\" content=\"Biblioteca Vigil\" \/>\n<meta name=\"twitter:card\" content=\"summary_large_image\" \/>\n<meta name=\"twitter:label1\" content=\"Escrito por\" \/>\n\t<meta name=\"twitter:data1\" content=\"Biblioteca Vigil\" \/>\n\t<meta name=\"twitter:label2\" content=\"Tiempo de lectura\" \/>\n\t<meta name=\"twitter:data2\" content=\"1 minuto\" \/>\n<script type=\"application\/ld+json\" class=\"yoast-schema-graph\">{\"@context\":\"https:\\\/\\\/schema.org\",\"@graph\":[{\"@type\":\"Article\",\"@id\":\"https:\\\/\\\/bibliotecavigil.org.ar\\\/inicio\\\/natacion-para-socixs-de-la-vigil\\\/#article\",\"isPartOf\":{\"@id\":\"https:\\\/\\\/bibliotecavigil.org.ar\\\/inicio\\\/natacion-para-socixs-de-la-vigil\\\/\"},\"author\":{\"name\":\"Biblioteca Vigil\",\"@id\":\"https:\\\/\\\/bibliotecavigil.org.ar\\\/inicio\\\/#\\\/schema\\\/person\\\/98530bc117d5fa50c5dc01b4fd8d3700\"},\"headline\":\"Nataci\u00f3n para socixs de La Vigil\",\"datePublished\":\"2022-04-07T19:28:42+00:00\",\"dateModified\":\"2022-04-07T20:24:24+00:00\",\"mainEntityOfPage\":{\"@id\":\"https:\\\/\\\/bibliotecavigil.org.ar\\\/inicio\\\/natacion-para-socixs-de-la-vigil\\\/\"},\"wordCount\":174,\"commentCount\":0,\"publisher\":{\"@id\":\"https:\\\/\\\/bibliotecavigil.org.ar\\\/inicio\\\/#organization\"},\"image\":{\"@id\":\"https:\\\/\\\/bibliotecavigil.org.ar\\\/inicio\\\/natacion-para-socixs-de-la-vigil\\\/#primaryimage\"},\"thumbnailUrl\":\"https:\\\/\\\/bibliotecavigil.org.ar\\\/inicio\\\/wp-content\\\/uploads\\\/2022\\\/04\\\/pileta-p-web-scaled.jpg\",\"keywords\":[\"central cordoba\",\"charr\u00faa\",\"nataci\u00f3n\",\"pileta\"],\"articleSection\":[\"Noticias\"],\"inLanguage\":\"es\",\"potentialAction\":[{\"@type\":\"CommentAction\",\"name\":\"Comment\",\"target\":[\"https:\\\/\\\/bibliotecavigil.org.ar\\\/inicio\\\/natacion-para-socixs-de-la-vigil\\\/#respond\"]}]},{\"@type\":\"WebPage\",\"@id\":\"https:\\\/\\\/bibliotecavigil.org.ar\\\/inicio\\\/natacion-para-socixs-de-la-vigil\\\/\",\"url\":\"https:\\\/\\\/bibliotecavigil.org.ar\\\/inicio\\\/natacion-para-socixs-de-la-vigil\\\/\",\"name\":\"Nataci\u00f3n para socixs de La Vigil - Biblioteca Vigil\",\"isPartOf\":{\"@id\":\"https:\\\/\\\/bibliotecavigil.org.ar\\\/inicio\\\/#website\"},\"primaryImageOfPage\":{\"@id\":\"https:\\\/\\\/bibliotecavigil.org.ar\\\/inicio\\\/natacion-para-socixs-de-la-vigil\\\/#primaryimage\"},\"image\":{\"@id\":\"https:\\\/\\\/bibliotecavigil.org.ar\\\/inicio\\\/natacion-para-socixs-de-la-vigil\\\/#primaryimage\"},\"thumbnailUrl\":\"https:\\\/\\\/bibliotecavigil.org.ar\\\/inicio\\\/wp-content\\\/uploads\\\/2022\\\/04\\\/pileta-p-web-scaled.jpg\",\"datePublished\":\"2022-04-07T19:28:42+00:00\",\"dateModified\":\"2022-04-07T20:24:24+00:00\",\"description\":\"\u25ba \u00bfSab\u00edas que siendo socix de La Vigil podes disfrutar de la Pileta de Central C\u00f3rdoba?Desde 2018, mediante un convenio con el Club Atl\u00e9tico\",\"breadcrumb\":{\"@id\":\"https:\\\/\\\/bibliotecavigil.org.ar\\\/inicio\\\/natacion-para-socixs-de-la-vigil\\\/#breadcrumb\"},\"inLanguage\":\"es\",\"potentialAction\":[{\"@type\":\"ReadAction\",\"target\":[\"https:\\\/\\\/bibliotecavigil.org.ar\\\/inicio\\\/natacion-para-socixs-de-la-vigil\\\/\"]}]},{\"@type\":\"ImageObject\",\"inLanguage\":\"es\",\"@id\":\"https:\\\/\\\/bibliotecavigil.org.ar\\\/inicio\\\/natacion-para-socixs-de-la-vigil\\\/#primaryimage\",\"url\":\"https:\\\/\\\/bibliotecavigil.org.ar\\\/inicio\\\/wp-content\\\/uploads\\\/2022\\\/04\\\/pileta-p-web-scaled.jpg\",\"contentUrl\":\"https:\\\/\\\/bibliotecavigil.org.ar\\\/inicio\\\/wp-content\\\/uploads\\\/2022\\\/04\\\/pileta-p-web-scaled.jpg\",\"width\":2560,\"height\":1920},{\"@type\":\"BreadcrumbList\",\"@id\":\"https:\\\/\\\/bibliotecavigil.org.ar\\\/inicio\\\/natacion-para-socixs-de-la-vigil\\\/#breadcrumb\",\"itemListElement\":[{\"@type\":\"ListItem\",\"position\":1,\"name\":\"Portada\",\"item\":\"https:\\\/\\\/bibliotecavigil.org.ar\\\/inicio\\\/\"},{\"@type\":\"ListItem\",\"position\":2,\"name\":\"Nataci\u00f3n para socixs de La Vigil\"}]},{\"@type\":\"WebSite\",\"@id\":\"https:\\\/\\\/bibliotecavigil.org.ar\\\/inicio\\\/#website\",\"url\":\"https:\\\/\\\/bibliotecavigil.org.ar\\\/inicio\\\/\",\"name\":\"Biblioteca Vigil\",\"description\":\"Biblioteca Popular C C Vigil\",\"publisher\":{\"@id\":\"https:\\\/\\\/bibliotecavigil.org.ar\\\/inicio\\\/#organization\"},\"potentialAction\":[{\"@type\":\"SearchAction\",\"target\":{\"@type\":\"EntryPoint\",\"urlTemplate\":\"https:\\\/\\\/bibliotecavigil.org.ar\\\/inicio\\\/?s={search_term_string}\"},\"query-input\":{\"@type\":\"PropertyValueSpecification\",\"valueRequired\":true,\"valueName\":\"search_term_string\"}}],\"inLanguage\":\"es\"},{\"@type\":\"Organization\",\"@id\":\"https:\\\/\\\/bibliotecavigil.org.ar\\\/inicio\\\/#organization\",\"name\":\"Biblioteca Popular C.C.Vigil\",\"url\":\"https:\\\/\\\/bibliotecavigil.org.ar\\\/inicio\\\/\",\"logo\":{\"@type\":\"ImageObject\",\"inLanguage\":\"es\",\"@id\":\"https:\\\/\\\/bibliotecavigil.org.ar\\\/inicio\\\/#\\\/schema\\\/logo\\\/image\\\/\",\"url\":\"https:\\\/\\\/bibliotecavigil.org.ar\\\/inicio\\\/wp-content\\\/uploads\\\/2023\\\/06\\\/Logo-sin-texto-gif.gif\",\"contentUrl\":\"https:\\\/\\\/bibliotecavigil.org.ar\\\/inicio\\\/wp-content\\\/uploads\\\/2023\\\/06\\\/Logo-sin-texto-gif.gif\",\"width\":1487,\"height\":1604,\"caption\":\"Biblioteca Popular C.C.Vigil\"},\"image\":{\"@id\":\"https:\\\/\\\/bibliotecavigil.org.ar\\\/inicio\\\/#\\\/schema\\\/logo\\\/image\\\/\"}},{\"@type\":\"Person\",\"@id\":\"https:\\\/\\\/bibliotecavigil.org.ar\\\/inicio\\\/#\\\/schema\\\/person\\\/98530bc117d5fa50c5dc01b4fd8d3700\",\"name\":\"Biblioteca Vigil\",\"image\":{\"@type\":\"ImageObject\",\"inLanguage\":\"es\",\"@id\":\"https:\\\/\\\/secure.gravatar.com\\\/avatar\\\/a96b6054dc4c80cde596e2c3f42d23e4f769e395116bf277fb508315b9d8a5c5?s=96&d=mm&r=g\",\"url\":\"https:\\\/\\\/secure.gravatar.com\\\/avatar\\\/a96b6054dc4c80cde596e2c3f42d23e4f769e395116bf277fb508315b9d8a5c5?s=96&d=mm&r=g\",\"contentUrl\":\"https:\\\/\\\/secure.gravatar.com\\\/avatar\\\/a96b6054dc4c80cde596e2c3f42d23e4f769e395116bf277fb508315b9d8a5c5?s=96&d=mm&r=g\",\"caption\":\"Biblioteca Vigil\"},\"url\":\"https:\\\/\\\/bibliotecavigil.org.ar\\\/inicio\\\/author\\\/comunicacion\\\/\"}]}<\/script>\n<!-- \/ Yoast SEO plugin. -->","yoast_head_json":{"title":"Nataci\u00f3n para socixs de La Vigil - Biblioteca Vigil","description":"\u25ba \u00bfSab\u00edas que siendo socix de La Vigil podes disfrutar de la Pileta de Central C\u00f3rdoba?Desde 2018, mediante un convenio con el Club Atl\u00e9tico","robots":{"index":"index","follow":"follow","max-snippet":"max-snippet:-1","max-image-preview":"max-image-preview:large","max-video-preview":"max-video-preview:-1"},"canonical":"https:\/\/bibliotecavigil.org.ar\/inicio\/natacion-para-socixs-de-la-vigil\/","og_locale":"es_ES","og_type":"article","og_title":"Nataci\u00f3n para socixs de La Vigil - Biblioteca Vigil","og_description":"\u25ba \u00bfSab\u00edas que siendo socix de La Vigil podes disfrutar de la Pileta de Central C\u00f3rdoba?Desde 2018, mediante un convenio con el Club Atl\u00e9tico","og_url":"https:\/\/bibliotecavigil.org.ar\/inicio\/natacion-para-socixs-de-la-vigil\/","og_site_name":"Biblioteca Vigil","article_published_time":"2022-04-07T19:28:42+00:00","article_modified_time":"2022-04-07T20:24:24+00:00","og_image":[{"width":2560,"height":1920,"url":"https:\/\/bibliotecavigil.org.ar\/inicio\/wp-content\/uploads\/2022\/04\/pileta-p-web-scaled.jpg","type":"image\/jpeg"}],"author":"Biblioteca Vigil","twitter_card":"summary_large_image","twitter_misc":{"Escrito por":"Biblioteca Vigil","Tiempo de lectura":"1 minuto"},"schema":{"@context":"https:\/\/schema.org","@graph":[{"@type":"Article","@id":"https:\/\/bibliotecavigil.org.ar\/inicio\/natacion-para-socixs-de-la-vigil\/#article","isPartOf":{"@id":"https:\/\/bibliotecavigil.org.ar\/inicio\/natacion-para-socixs-de-la-vigil\/"},"author":{"name":"Biblioteca Vigil","@id":"https:\/\/bibliotecavigil.org.ar\/inicio\/#\/schema\/person\/98530bc117d5fa50c5dc01b4fd8d3700"},"headline":"Nataci\u00f3n para socixs de La Vigil","datePublished":"2022-04-07T19:28:42+00:00","dateModified":"2022-04-07T20:24:24+00:00","mainEntityOfPage":{"@id":"https:\/\/bibliotecavigil.org.ar\/inicio\/natacion-para-socixs-de-la-vigil\/"},"wordCount":174,"commentCount":0,"publisher":{"@id":"https:\/\/bibliotecavigil.org.ar\/inicio\/#organization"},"image":{"@id":"https:\/\/bibliotecavigil.org.ar\/inicio\/natacion-para-socixs-de-la-vigil\/#primaryimage"},"thumbnailUrl":"https:\/\/bibliotecavigil.org.ar\/inicio\/wp-content\/uploads\/2022\/04\/pileta-p-web-scaled.jpg","keywords":["central cordoba","charr\u00faa","nataci\u00f3n","pileta"],"articleSection":["Noticias"],"inLanguage":"es","potentialAction":[{"@type":"CommentAction","name":"Comment","target":["https:\/\/bibliotecavigil.org.ar\/inicio\/natacion-para-socixs-de-la-vigil\/#respond"]}]},{"@type":"WebPage","@id":"https:\/\/bibliotecavigil.org.ar\/inicio\/natacion-para-socixs-de-la-vigil\/","url":"https:\/\/bibliotecavigil.org.ar\/inicio\/natacion-para-socixs-de-la-vigil\/","name":"Nataci\u00f3n para socixs de La Vigil - Biblioteca Vigil","isPartOf":{"@id":"https:\/\/bibliotecavigil.org.ar\/inicio\/#website"},"primaryImageOfPage":{"@id":"https:\/\/bibliotecavigil.org.ar\/inicio\/natacion-para-socixs-de-la-vigil\/#primaryimage"},"image":{"@id":"https:\/\/bibliotecavigil.org.ar\/inicio\/natacion-para-socixs-de-la-vigil\/#primaryimage"},"thumbnailUrl":"https:\/\/bibliotecavigil.org.ar\/inicio\/wp-content\/uploads\/2022\/04\/pileta-p-web-scaled.jpg","datePublished":"2022-04-07T19:28:42+00:00","dateModified":"2022-04-07T20:24:24+00:00","description":"\u25ba \u00bfSab\u00edas que siendo socix de La Vigil podes disfrutar de la Pileta de Central C\u00f3rdoba?Desde 2018, mediante un convenio con el Club Atl\u00e9tico","breadcrumb":{"@id":"https:\/\/bibliotecavigil.org.ar\/inicio\/natacion-para-socixs-de-la-vigil\/#breadcrumb"},"inLanguage":"es","potentialAction":[{"@type":"ReadAction","target":["https:\/\/bibliotecavigil.org.ar\/inicio\/natacion-para-socixs-de-la-vigil\/"]}]},{"@type":"ImageObject","inLanguage":"es","@id":"https:\/\/bibliotecavigil.org.ar\/inicio\/natacion-para-socixs-de-la-vigil\/#primaryimage","url":"https:\/\/bibliotecavigil.org.ar\/inicio\/wp-content\/uploads\/2022\/04\/pileta-p-web-scaled.jpg","contentUrl":"https:\/\/bibliotecavigil.org.ar\/inicio\/wp-content\/uploads\/2022\/04\/pileta-p-web-scaled.jpg","width":2560,"height":1920},{"@type":"BreadcrumbList","@id":"https:\/\/bibliotecavigil.org.ar\/inicio\/natacion-para-socixs-de-la-vigil\/#breadcrumb","itemListElement":[{"@type":"ListItem","position":1,"name":"Portada","item":"https:\/\/bibliotecavigil.org.ar\/inicio\/"},{"@type":"ListItem","position":2,"name":"Nataci\u00f3n para socixs de La Vigil"}]},{"@type":"WebSite","@id":"https:\/\/bibliotecavigil.org.ar\/inicio\/#website","url":"https:\/\/bibliotecavigil.org.ar\/inicio\/","name":"Biblioteca Vigil","description":"Biblioteca Popular C C Vigil","publisher":{"@id":"https:\/\/bibliotecavigil.org.ar\/inicio\/#organization"},"potentialAction":[{"@type":"SearchAction","target":{"@type":"EntryPoint","urlTemplate":"https:\/\/bibliotecavigil.org.ar\/inicio\/?s={search_term_string}"},"query-input":{"@type":"PropertyValueSpecification","valueRequired":true,"valueName":"search_term_string"}}],"inLanguage":"es"},{"@type":"Organization","@id":"https:\/\/bibliotecavigil.org.ar\/inicio\/#organization","name":"Biblioteca Popular C.C.Vigil","url":"https:\/\/bibliotecavigil.org.ar\/inicio\/","logo":{"@type":"ImageObject","inLanguage":"es","@id":"https:\/\/bibliotecavigil.org.ar\/inicio\/#\/schema\/logo\/image\/","url":"https:\/\/bibliotecavigil.org.ar\/inicio\/wp-content\/uploads\/2023\/06\/Logo-sin-texto-gif.gif","contentUrl":"https:\/\/bibliotecavigil.org.ar\/inicio\/wp-content\/uploads\/2023\/06\/Logo-sin-texto-gif.gif","width":1487,"height":1604,"caption":"Biblioteca Popular C.C.Vigil"},"image":{"@id":"https:\/\/bibliotecavigil.org.ar\/inicio\/#\/schema\/logo\/image\/"}},{"@type":"Person","@id":"https:\/\/bibliotecavigil.org.ar\/inicio\/#\/schema\/person\/98530bc117d5fa50c5dc01b4fd8d3700","name":"Biblioteca Vigil","image":{"@type":"ImageObject","inLanguage":"es","@id":"https:\/\/secure.gravatar.com\/avatar\/a96b6054dc4c80cde596e2c3f42d23e4f769e395116bf277fb508315b9d8a5c5?s=96&d=mm&r=g","url":"https:\/\/secure.gravatar.com\/avatar\/a96b6054dc4c80cde596e2c3f42d23e4f769e395116bf277fb508315b9d8a5c5?s=96&d=mm&r=g","contentUrl":"https:\/\/secure.gravatar.com\/avatar\/a96b6054dc4c80cde596e2c3f42d23e4f769e395116bf277fb508315b9d8a5c5?s=96&d=mm&r=g","caption":"Biblioteca Vigil"},"url":"https:\/\/bibliotecavigil.org.ar\/inicio\/author\/comunicacion\/"}]}},"_links":{"self":[{"href":"https:\/\/bibliotecavigil.org.ar\/inicio\/wp-json\/wp\/v2\/posts\/30577","targetHints":{"allow":["GET"]}}],"collection":[{"href":"https:\/\/bibliotecavigil.org.ar\/inicio\/wp-json\/wp\/v2\/posts"}],"about":[{"href":"https:\/\/bibliotecavigil.org.ar\/inicio\/wp-json\/wp\/v2\/types\/post"}],"author":[{"embeddable":true,"href":"https:\/\/bibliotecavigil.org.ar\/inicio\/wp-json\/wp\/v2\/users\/3"}],"replies":[{"embeddable":true,"href":"https:\/\/bibliotecavigil.org.ar\/inicio\/wp-json\/wp\/v2\/comments?post=30577"}],"version-history":[{"count":2,"href":"https:\/\/bibliotecavigil.org.ar\/inicio\/wp-json\/wp\/v2\/posts\/30577\/revisions"}],"predecessor-version":[{"id":30582,"href":"https:\/\/bibliotecavigil.org.ar\/inicio\/wp-json\/wp\/v2\/posts\/30577\/revisions\/30582"}],"wp:featuredmedia":[{"embeddable":true,"href":"https:\/\/bibliotecavigil.org.ar\/inicio\/wp-json\/wp\/v2\/media\/30580"}],"wp:attachment":[{"href":"https:\/\/bibliotecavigil.org.ar\/inicio\/wp-json\/wp\/v2\/media?parent=30577"}],"wp:term":[{"taxonomy":"category","embeddable":true,"href":"https:\/\/bibliotecavigil.org.ar\/inicio\/wp-json\/wp\/v2\/categories?post=30577"},{"taxonomy":"post_tag","embeddable":true,"href":"https:\/\/bibliotecavigil.org.ar\/inicio\/wp-json\/wp\/v2\/tags?post=30577"}],"curies":[{"name":"wp","href":"https:\/\/api.w.org\/{rel}","templated":true}]}}