{"id":30654,"date":"2022-04-13T19:31:48","date_gmt":"2022-04-13T22:31:48","guid":{"rendered":"https:\/\/bibliotecavigil.org.ar\/inicio\/?p=30654"},"modified":"2022-04-18T13:39:25","modified_gmt":"2022-04-18T16:39:25","slug":"llega-la-9na-temporada-del-teatro-vigil","status":"publish","type":"post","link":"https:\/\/bibliotecavigil.org.ar\/inicio\/llega-la-9na-temporada-del-teatro-vigil\/","title":{"rendered":"\u00a1Llega la 9na Temporada del Teatro Vigil!"},"content":{"rendered":"\n<p>\u00a1Llega la 9na Temporada del Teatro Vigil!<\/p>\n\n\n\n<p>Inauguramos este 2022 con 3 funciones para todo p\u00fablico y <strong>Gratis <\/strong>para socixs de La Vigil!!!<\/p>\n\n\n\n<p>\u25ba <strong>22\/4 20.30 h Criaturas Particulares de y por Roberto White.<\/strong><\/p>\n\n\n\n<p>En clave de teatro de objetos, gestual y clown. Mezcla poes\u00eda y humor, con una diversidad de personajes compuestos por objetos simples siempre intervenidos con alguna parte del cuerpo y algunos objetos provenientes del mundo del ilusionismo. Este espect\u00e1culo ha sido presentado en m\u00e1s de 20 pa\u00edses alrededor del mundo, gan\u00e1ndose la simpat\u00eda del p\u00fablico en general y el especializado, tambi\u00e9n ha recibido diversos premios internacionales.<\/p>\n\n\n\n<p>\u25ba <strong>23\/4 20.30 h Paroxismos de la Compa\u00f1\u00eda de Teatro y T\u00edteres Tongo.<\/strong><\/p>\n\n\n\n<p>\u201dSolitarios\u2026 conversan entre ellos como si fueran ni\u00f1os. Escapar hacia adentro\u2026refugiarse\u2026crear una coraza para luego huir en busca del aire y, al emerger hacia lo cotidiano, descubrir que el ruido es m\u00e1s intimidatorio. Luego lo irreversible: \u201c\u00e9ramos felices y no lo sab\u00edamos\u201d La Obra de teatro y t\u00edteres \u201cParoXismos\u00bb inspirada en textos de Pim Pam Pum de Eugene Ionesco retrata las diversas vivencias que experimentan determinados personajes, ante una situaci\u00f3n de pandemia.<\/p>\n\n\n\n<p>\u25ba<strong> 30\/4 20.30 h Soy Abya Yala de Teatro de T\u00edteres Sotavento.<\/strong><\/p>\n\n\n\n<p>Nos sumergimos en el r\u00edo de la memoria chan\u00e1 para escuchar las voces de un idioma que se cre\u00eda perdido. El barro, el fuego y el agua nos abrir\u00e1n las puertas a historias de esta tierra, ecos olvidados y acallados que a\u00fan forman parte nuestra. Los personajes y los objetos nos invitan a realizar un recorrido por esa memoria que habita nuestro territorio y que hoy se vuelve presente, para comprender que, sin recordar nuestro origen, no podemos proyectar un futuro.<\/p>\n\n\n\n<p>\u25ac <strong>A partir del lunes 18\/4 podes adquirir las entradas (a $500) en La Vigil (Gaboto 450) de lunes a viernes de 14 a 20hs.<\/strong><\/p>\n\n\n\n<p>\u25ac Entrada <strong><em>Gratuita<\/em> para socixs<\/strong> con un mes de antig\u00fcedad, retirar a partir del lunes en La Vigil .<\/p>\n\n\n\n<p>\u00a1Nos vemos en el Teatro!<\/p>\n\n\n\n<figure class=\"wp-block-image size-large is-resized\"><a href=\"https:\/\/bibliotecavigil.org.ar\/inicio\/wp-content\/uploads\/2022\/04\/Criaturas-Particulares-06-scaled.jpg\"><img decoding=\"async\" data-src=\"https:\/\/bibliotecavigil.org.ar\/inicio\/wp-content\/uploads\/2022\/04\/Criaturas-Particulares-06-1009x1024.jpg\" alt=\"\" class=\"wp-image-30656 lazyload\" width=\"582\" height=\"591\" src=\"data:image\/svg+xml;base64,PHN2ZyB3aWR0aD0iMSIgaGVpZ2h0PSIxIiB4bWxucz0iaHR0cDovL3d3dy53My5vcmcvMjAwMC9zdmciPjwvc3ZnPg==\" style=\"--smush-placeholder-width: 582px; --smush-placeholder-aspect-ratio: 582\/591;\" \/><\/a><\/figure>\n\n\n\n<p><\/p>\n\n\n\n<figure class=\"wp-block-image size-large is-resized\"><a href=\"https:\/\/bibliotecavigil.org.ar\/inicio\/wp-content\/uploads\/2022\/04\/WhatsApp-Image-2022-04-13-at-7.31.06-PM-1.jpeg\"><img decoding=\"async\" data-src=\"https:\/\/bibliotecavigil.org.ar\/inicio\/wp-content\/uploads\/2022\/04\/WhatsApp-Image-2022-04-13-at-7.31.06-PM-1-1024x1009.jpeg\" alt=\"\" class=\"wp-image-30660 lazyload\" width=\"581\" height=\"572\" src=\"data:image\/svg+xml;base64,PHN2ZyB3aWR0aD0iMSIgaGVpZ2h0PSIxIiB4bWxucz0iaHR0cDovL3d3dy53My5vcmcvMjAwMC9zdmciPjwvc3ZnPg==\" style=\"--smush-placeholder-width: 581px; --smush-placeholder-aspect-ratio: 581\/572;\" \/><\/a><\/figure>\n\n\n\n<p><\/p>\n\n\n\n<figure class=\"wp-block-image size-large is-resized\"><a href=\"https:\/\/bibliotecavigil.org.ar\/inicio\/wp-content\/uploads\/2022\/04\/WhatsApp-Image-2022-04-13-at-7.31.06-PM.jpeg\"><img decoding=\"async\" data-src=\"https:\/\/bibliotecavigil.org.ar\/inicio\/wp-content\/uploads\/2022\/04\/WhatsApp-Image-2022-04-13-at-7.31.06-PM-1024x1009.jpeg\" alt=\"\" class=\"wp-image-30661 lazyload\" width=\"581\" height=\"572\" src=\"data:image\/svg+xml;base64,PHN2ZyB3aWR0aD0iMSIgaGVpZ2h0PSIxIiB4bWxucz0iaHR0cDovL3d3dy53My5vcmcvMjAwMC9zdmciPjwvc3ZnPg==\" style=\"--smush-placeholder-width: 581px; --smush-placeholder-aspect-ratio: 581\/572;\" \/><\/a><\/figure>\n","protected":false},"excerpt":{"rendered":"<p>\u00a1Llega la 9na Temporada del Teatro Vigil! Inauguramos este 2022 con 3 funciones para todo p\u00fablico y Gratis para socixs de La Vigil!!! \u25ba 22\/4 20.30 h Criaturas Particulares de y por Roberto White. En clave de teatro de objetos, gestual y clown. Mezcla poes\u00eda y humor, con una diversidad de personajes compuestos por objetos [&hellip;]<\/p>\n","protected":false},"author":3,"featured_media":30662,"comment_status":"open","ping_status":"closed","sticky":false,"template":"","format":"standard","meta":{"_et_pb_use_builder":"off","_et_pb_old_content":"","_et_gb_content_width":"1920","footnotes":""},"categories":[16],"tags":[118],"class_list":["post-30654","post","type-post","status-publish","format-standard","has-post-thumbnail","hentry","category-noticias","tag-teatro"],"yoast_head":"<!-- This site is optimized with the Yoast SEO plugin v27.5 - https:\/\/yoast.com\/product\/yoast-seo-wordpress\/ -->\n<title>\u00a1Llega la 9na Temporada del Teatro Vigil! - Biblioteca Vigil<\/title>\n<meta name=\"description\" content=\"\u00a1Llega la 9na Temporada del Teatro Vigil!Inauguramos este 2022 con 3 funciones para todo p\u00fablico y Gratis para socixs de La Vigil!!!\" \/>\n<meta name=\"robots\" content=\"index, follow, max-snippet:-1, max-image-preview:large, max-video-preview:-1\" \/>\n<link rel=\"canonical\" href=\"https:\/\/bibliotecavigil.org.ar\/inicio\/llega-la-9na-temporada-del-teatro-vigil\/\" \/>\n<meta property=\"og:locale\" content=\"es_ES\" \/>\n<meta property=\"og:type\" content=\"article\" \/>\n<meta property=\"og:title\" content=\"\u00a1Llega la 9na Temporada del Teatro Vigil! - Biblioteca Vigil\" \/>\n<meta property=\"og:description\" content=\"\u00a1Llega la 9na Temporada del Teatro Vigil!Inauguramos este 2022 con 3 funciones para todo p\u00fablico y Gratis para socixs de La Vigil!!!\" \/>\n<meta property=\"og:url\" content=\"https:\/\/bibliotecavigil.org.ar\/inicio\/llega-la-9na-temporada-del-teatro-vigil\/\" \/>\n<meta property=\"og:site_name\" content=\"Biblioteca Vigil\" \/>\n<meta property=\"article:published_time\" content=\"2022-04-13T22:31:48+00:00\" \/>\n<meta property=\"article:modified_time\" content=\"2022-04-18T16:39:25+00:00\" \/>\n<meta property=\"og:image\" content=\"https:\/\/bibliotecavigil.org.ar\/inicio\/wp-content\/uploads\/2022\/04\/Agenda-abril-web-1.jpg\" \/>\n\t<meta property=\"og:image:width\" content=\"1667\" \/>\n\t<meta property=\"og:image:height\" content=\"1042\" \/>\n\t<meta property=\"og:image:type\" content=\"image\/jpeg\" \/>\n<meta name=\"author\" content=\"Biblioteca Vigil\" \/>\n<meta name=\"twitter:card\" content=\"summary_large_image\" \/>\n<meta name=\"twitter:label1\" content=\"Escrito por\" \/>\n\t<meta name=\"twitter:data1\" content=\"Biblioteca Vigil\" \/>\n\t<meta name=\"twitter:label2\" content=\"Tiempo de lectura\" \/>\n\t<meta name=\"twitter:data2\" content=\"3 minutos\" \/>\n<script type=\"application\/ld+json\" class=\"yoast-schema-graph\">{\"@context\":\"https:\\\/\\\/schema.org\",\"@graph\":[{\"@type\":\"Article\",\"@id\":\"https:\\\/\\\/bibliotecavigil.org.ar\\\/inicio\\\/llega-la-9na-temporada-del-teatro-vigil\\\/#article\",\"isPartOf\":{\"@id\":\"https:\\\/\\\/bibliotecavigil.org.ar\\\/inicio\\\/llega-la-9na-temporada-del-teatro-vigil\\\/\"},\"author\":{\"name\":\"Biblioteca Vigil\",\"@id\":\"https:\\\/\\\/bibliotecavigil.org.ar\\\/inicio\\\/#\\\/schema\\\/person\\\/98530bc117d5fa50c5dc01b4fd8d3700\"},\"headline\":\"\u00a1Llega la 9na Temporada del Teatro Vigil!\",\"datePublished\":\"2022-04-13T22:31:48+00:00\",\"dateModified\":\"2022-04-18T16:39:25+00:00\",\"mainEntityOfPage\":{\"@id\":\"https:\\\/\\\/bibliotecavigil.org.ar\\\/inicio\\\/llega-la-9na-temporada-del-teatro-vigil\\\/\"},\"wordCount\":339,\"commentCount\":1,\"publisher\":{\"@id\":\"https:\\\/\\\/bibliotecavigil.org.ar\\\/inicio\\\/#organization\"},\"image\":{\"@id\":\"https:\\\/\\\/bibliotecavigil.org.ar\\\/inicio\\\/llega-la-9na-temporada-del-teatro-vigil\\\/#primaryimage\"},\"thumbnailUrl\":\"https:\\\/\\\/bibliotecavigil.org.ar\\\/inicio\\\/wp-content\\\/uploads\\\/2022\\\/04\\\/Agenda-abril-web-1.jpg\",\"keywords\":[\"teatro\"],\"articleSection\":[\"Noticias\"],\"inLanguage\":\"es\",\"potentialAction\":[{\"@type\":\"CommentAction\",\"name\":\"Comment\",\"target\":[\"https:\\\/\\\/bibliotecavigil.org.ar\\\/inicio\\\/llega-la-9na-temporada-del-teatro-vigil\\\/#respond\"]}]},{\"@type\":\"WebPage\",\"@id\":\"https:\\\/\\\/bibliotecavigil.org.ar\\\/inicio\\\/llega-la-9na-temporada-del-teatro-vigil\\\/\",\"url\":\"https:\\\/\\\/bibliotecavigil.org.ar\\\/inicio\\\/llega-la-9na-temporada-del-teatro-vigil\\\/\",\"name\":\"\u00a1Llega la 9na Temporada del Teatro Vigil! - Biblioteca Vigil\",\"isPartOf\":{\"@id\":\"https:\\\/\\\/bibliotecavigil.org.ar\\\/inicio\\\/#website\"},\"primaryImageOfPage\":{\"@id\":\"https:\\\/\\\/bibliotecavigil.org.ar\\\/inicio\\\/llega-la-9na-temporada-del-teatro-vigil\\\/#primaryimage\"},\"image\":{\"@id\":\"https:\\\/\\\/bibliotecavigil.org.ar\\\/inicio\\\/llega-la-9na-temporada-del-teatro-vigil\\\/#primaryimage\"},\"thumbnailUrl\":\"https:\\\/\\\/bibliotecavigil.org.ar\\\/inicio\\\/wp-content\\\/uploads\\\/2022\\\/04\\\/Agenda-abril-web-1.jpg\",\"datePublished\":\"2022-04-13T22:31:48+00:00\",\"dateModified\":\"2022-04-18T16:39:25+00:00\",\"description\":\"\u00a1Llega la 9na Temporada del Teatro Vigil!Inauguramos este 2022 con 3 funciones para todo p\u00fablico y Gratis para socixs de La Vigil!!!\",\"breadcrumb\":{\"@id\":\"https:\\\/\\\/bibliotecavigil.org.ar\\\/inicio\\\/llega-la-9na-temporada-del-teatro-vigil\\\/#breadcrumb\"},\"inLanguage\":\"es\",\"potentialAction\":[{\"@type\":\"ReadAction\",\"target\":[\"https:\\\/\\\/bibliotecavigil.org.ar\\\/inicio\\\/llega-la-9na-temporada-del-teatro-vigil\\\/\"]}]},{\"@type\":\"ImageObject\",\"inLanguage\":\"es\",\"@id\":\"https:\\\/\\\/bibliotecavigil.org.ar\\\/inicio\\\/llega-la-9na-temporada-del-teatro-vigil\\\/#primaryimage\",\"url\":\"https:\\\/\\\/bibliotecavigil.org.ar\\\/inicio\\\/wp-content\\\/uploads\\\/2022\\\/04\\\/Agenda-abril-web-1.jpg\",\"contentUrl\":\"https:\\\/\\\/bibliotecavigil.org.ar\\\/inicio\\\/wp-content\\\/uploads\\\/2022\\\/04\\\/Agenda-abril-web-1.jpg\",\"width\":1667,\"height\":1042},{\"@type\":\"BreadcrumbList\",\"@id\":\"https:\\\/\\\/bibliotecavigil.org.ar\\\/inicio\\\/llega-la-9na-temporada-del-teatro-vigil\\\/#breadcrumb\",\"itemListElement\":[{\"@type\":\"ListItem\",\"position\":1,\"name\":\"Portada\",\"item\":\"https:\\\/\\\/bibliotecavigil.org.ar\\\/inicio\\\/\"},{\"@type\":\"ListItem\",\"position\":2,\"name\":\"\u00a1Llega la 9na Temporada del Teatro Vigil!\"}]},{\"@type\":\"WebSite\",\"@id\":\"https:\\\/\\\/bibliotecavigil.org.ar\\\/inicio\\\/#website\",\"url\":\"https:\\\/\\\/bibliotecavigil.org.ar\\\/inicio\\\/\",\"name\":\"Biblioteca Vigil\",\"description\":\"Biblioteca Popular C C Vigil\",\"publisher\":{\"@id\":\"https:\\\/\\\/bibliotecavigil.org.ar\\\/inicio\\\/#organization\"},\"potentialAction\":[{\"@type\":\"SearchAction\",\"target\":{\"@type\":\"EntryPoint\",\"urlTemplate\":\"https:\\\/\\\/bibliotecavigil.org.ar\\\/inicio\\\/?s={search_term_string}\"},\"query-input\":{\"@type\":\"PropertyValueSpecification\",\"valueRequired\":true,\"valueName\":\"search_term_string\"}}],\"inLanguage\":\"es\"},{\"@type\":\"Organization\",\"@id\":\"https:\\\/\\\/bibliotecavigil.org.ar\\\/inicio\\\/#organization\",\"name\":\"Biblioteca Popular C.C.Vigil\",\"url\":\"https:\\\/\\\/bibliotecavigil.org.ar\\\/inicio\\\/\",\"logo\":{\"@type\":\"ImageObject\",\"inLanguage\":\"es\",\"@id\":\"https:\\\/\\\/bibliotecavigil.org.ar\\\/inicio\\\/#\\\/schema\\\/logo\\\/image\\\/\",\"url\":\"https:\\\/\\\/bibliotecavigil.org.ar\\\/inicio\\\/wp-content\\\/uploads\\\/2023\\\/06\\\/Logo-sin-texto-gif.gif\",\"contentUrl\":\"https:\\\/\\\/bibliotecavigil.org.ar\\\/inicio\\\/wp-content\\\/uploads\\\/2023\\\/06\\\/Logo-sin-texto-gif.gif\",\"width\":1487,\"height\":1604,\"caption\":\"Biblioteca Popular C.C.Vigil\"},\"image\":{\"@id\":\"https:\\\/\\\/bibliotecavigil.org.ar\\\/inicio\\\/#\\\/schema\\\/logo\\\/image\\\/\"}},{\"@type\":\"Person\",\"@id\":\"https:\\\/\\\/bibliotecavigil.org.ar\\\/inicio\\\/#\\\/schema\\\/person\\\/98530bc117d5fa50c5dc01b4fd8d3700\",\"name\":\"Biblioteca Vigil\",\"image\":{\"@type\":\"ImageObject\",\"inLanguage\":\"es\",\"@id\":\"https:\\\/\\\/secure.gravatar.com\\\/avatar\\\/a96b6054dc4c80cde596e2c3f42d23e4f769e395116bf277fb508315b9d8a5c5?s=96&d=mm&r=g\",\"url\":\"https:\\\/\\\/secure.gravatar.com\\\/avatar\\\/a96b6054dc4c80cde596e2c3f42d23e4f769e395116bf277fb508315b9d8a5c5?s=96&d=mm&r=g\",\"contentUrl\":\"https:\\\/\\\/secure.gravatar.com\\\/avatar\\\/a96b6054dc4c80cde596e2c3f42d23e4f769e395116bf277fb508315b9d8a5c5?s=96&d=mm&r=g\",\"caption\":\"Biblioteca Vigil\"},\"url\":\"https:\\\/\\\/bibliotecavigil.org.ar\\\/inicio\\\/author\\\/comunicacion\\\/\"}]}<\/script>\n<!-- \/ Yoast SEO plugin. -->","yoast_head_json":{"title":"\u00a1Llega la 9na Temporada del Teatro Vigil! - Biblioteca Vigil","description":"\u00a1Llega la 9na Temporada del Teatro Vigil!Inauguramos este 2022 con 3 funciones para todo p\u00fablico y Gratis para socixs de La Vigil!!!","robots":{"index":"index","follow":"follow","max-snippet":"max-snippet:-1","max-image-preview":"max-image-preview:large","max-video-preview":"max-video-preview:-1"},"canonical":"https:\/\/bibliotecavigil.org.ar\/inicio\/llega-la-9na-temporada-del-teatro-vigil\/","og_locale":"es_ES","og_type":"article","og_title":"\u00a1Llega la 9na Temporada del Teatro Vigil! - Biblioteca Vigil","og_description":"\u00a1Llega la 9na Temporada del Teatro Vigil!Inauguramos este 2022 con 3 funciones para todo p\u00fablico y Gratis para socixs de La Vigil!!!","og_url":"https:\/\/bibliotecavigil.org.ar\/inicio\/llega-la-9na-temporada-del-teatro-vigil\/","og_site_name":"Biblioteca Vigil","article_published_time":"2022-04-13T22:31:48+00:00","article_modified_time":"2022-04-18T16:39:25+00:00","og_image":[{"width":1667,"height":1042,"url":"https:\/\/bibliotecavigil.org.ar\/inicio\/wp-content\/uploads\/2022\/04\/Agenda-abril-web-1.jpg","type":"image\/jpeg"}],"author":"Biblioteca Vigil","twitter_card":"summary_large_image","twitter_misc":{"Escrito por":"Biblioteca Vigil","Tiempo de lectura":"3 minutos"},"schema":{"@context":"https:\/\/schema.org","@graph":[{"@type":"Article","@id":"https:\/\/bibliotecavigil.org.ar\/inicio\/llega-la-9na-temporada-del-teatro-vigil\/#article","isPartOf":{"@id":"https:\/\/bibliotecavigil.org.ar\/inicio\/llega-la-9na-temporada-del-teatro-vigil\/"},"author":{"name":"Biblioteca Vigil","@id":"https:\/\/bibliotecavigil.org.ar\/inicio\/#\/schema\/person\/98530bc117d5fa50c5dc01b4fd8d3700"},"headline":"\u00a1Llega la 9na Temporada del Teatro Vigil!","datePublished":"2022-04-13T22:31:48+00:00","dateModified":"2022-04-18T16:39:25+00:00","mainEntityOfPage":{"@id":"https:\/\/bibliotecavigil.org.ar\/inicio\/llega-la-9na-temporada-del-teatro-vigil\/"},"wordCount":339,"commentCount":1,"publisher":{"@id":"https:\/\/bibliotecavigil.org.ar\/inicio\/#organization"},"image":{"@id":"https:\/\/bibliotecavigil.org.ar\/inicio\/llega-la-9na-temporada-del-teatro-vigil\/#primaryimage"},"thumbnailUrl":"https:\/\/bibliotecavigil.org.ar\/inicio\/wp-content\/uploads\/2022\/04\/Agenda-abril-web-1.jpg","keywords":["teatro"],"articleSection":["Noticias"],"inLanguage":"es","potentialAction":[{"@type":"CommentAction","name":"Comment","target":["https:\/\/bibliotecavigil.org.ar\/inicio\/llega-la-9na-temporada-del-teatro-vigil\/#respond"]}]},{"@type":"WebPage","@id":"https:\/\/bibliotecavigil.org.ar\/inicio\/llega-la-9na-temporada-del-teatro-vigil\/","url":"https:\/\/bibliotecavigil.org.ar\/inicio\/llega-la-9na-temporada-del-teatro-vigil\/","name":"\u00a1Llega la 9na Temporada del Teatro Vigil! - Biblioteca Vigil","isPartOf":{"@id":"https:\/\/bibliotecavigil.org.ar\/inicio\/#website"},"primaryImageOfPage":{"@id":"https:\/\/bibliotecavigil.org.ar\/inicio\/llega-la-9na-temporada-del-teatro-vigil\/#primaryimage"},"image":{"@id":"https:\/\/bibliotecavigil.org.ar\/inicio\/llega-la-9na-temporada-del-teatro-vigil\/#primaryimage"},"thumbnailUrl":"https:\/\/bibliotecavigil.org.ar\/inicio\/wp-content\/uploads\/2022\/04\/Agenda-abril-web-1.jpg","datePublished":"2022-04-13T22:31:48+00:00","dateModified":"2022-04-18T16:39:25+00:00","description":"\u00a1Llega la 9na Temporada del Teatro Vigil!Inauguramos este 2022 con 3 funciones para todo p\u00fablico y Gratis para socixs de La Vigil!!!","breadcrumb":{"@id":"https:\/\/bibliotecavigil.org.ar\/inicio\/llega-la-9na-temporada-del-teatro-vigil\/#breadcrumb"},"inLanguage":"es","potentialAction":[{"@type":"ReadAction","target":["https:\/\/bibliotecavigil.org.ar\/inicio\/llega-la-9na-temporada-del-teatro-vigil\/"]}]},{"@type":"ImageObject","inLanguage":"es","@id":"https:\/\/bibliotecavigil.org.ar\/inicio\/llega-la-9na-temporada-del-teatro-vigil\/#primaryimage","url":"https:\/\/bibliotecavigil.org.ar\/inicio\/wp-content\/uploads\/2022\/04\/Agenda-abril-web-1.jpg","contentUrl":"https:\/\/bibliotecavigil.org.ar\/inicio\/wp-content\/uploads\/2022\/04\/Agenda-abril-web-1.jpg","width":1667,"height":1042},{"@type":"BreadcrumbList","@id":"https:\/\/bibliotecavigil.org.ar\/inicio\/llega-la-9na-temporada-del-teatro-vigil\/#breadcrumb","itemListElement":[{"@type":"ListItem","position":1,"name":"Portada","item":"https:\/\/bibliotecavigil.org.ar\/inicio\/"},{"@type":"ListItem","position":2,"name":"\u00a1Llega la 9na Temporada del Teatro Vigil!"}]},{"@type":"WebSite","@id":"https:\/\/bibliotecavigil.org.ar\/inicio\/#website","url":"https:\/\/bibliotecavigil.org.ar\/inicio\/","name":"Biblioteca Vigil","description":"Biblioteca Popular C C Vigil","publisher":{"@id":"https:\/\/bibliotecavigil.org.ar\/inicio\/#organization"},"potentialAction":[{"@type":"SearchAction","target":{"@type":"EntryPoint","urlTemplate":"https:\/\/bibliotecavigil.org.ar\/inicio\/?s={search_term_string}"},"query-input":{"@type":"PropertyValueSpecification","valueRequired":true,"valueName":"search_term_string"}}],"inLanguage":"es"},{"@type":"Organization","@id":"https:\/\/bibliotecavigil.org.ar\/inicio\/#organization","name":"Biblioteca Popular C.C.Vigil","url":"https:\/\/bibliotecavigil.org.ar\/inicio\/","logo":{"@type":"ImageObject","inLanguage":"es","@id":"https:\/\/bibliotecavigil.org.ar\/inicio\/#\/schema\/logo\/image\/","url":"https:\/\/bibliotecavigil.org.ar\/inicio\/wp-content\/uploads\/2023\/06\/Logo-sin-texto-gif.gif","contentUrl":"https:\/\/bibliotecavigil.org.ar\/inicio\/wp-content\/uploads\/2023\/06\/Logo-sin-texto-gif.gif","width":1487,"height":1604,"caption":"Biblioteca Popular C.C.Vigil"},"image":{"@id":"https:\/\/bibliotecavigil.org.ar\/inicio\/#\/schema\/logo\/image\/"}},{"@type":"Person","@id":"https:\/\/bibliotecavigil.org.ar\/inicio\/#\/schema\/person\/98530bc117d5fa50c5dc01b4fd8d3700","name":"Biblioteca Vigil","image":{"@type":"ImageObject","inLanguage":"es","@id":"https:\/\/secure.gravatar.com\/avatar\/a96b6054dc4c80cde596e2c3f42d23e4f769e395116bf277fb508315b9d8a5c5?s=96&d=mm&r=g","url":"https:\/\/secure.gravatar.com\/avatar\/a96b6054dc4c80cde596e2c3f42d23e4f769e395116bf277fb508315b9d8a5c5?s=96&d=mm&r=g","contentUrl":"https:\/\/secure.gravatar.com\/avatar\/a96b6054dc4c80cde596e2c3f42d23e4f769e395116bf277fb508315b9d8a5c5?s=96&d=mm&r=g","caption":"Biblioteca Vigil"},"url":"https:\/\/bibliotecavigil.org.ar\/inicio\/author\/comunicacion\/"}]}},"_links":{"self":[{"href":"https:\/\/bibliotecavigil.org.ar\/inicio\/wp-json\/wp\/v2\/posts\/30654","targetHints":{"allow":["GET"]}}],"collection":[{"href":"https:\/\/bibliotecavigil.org.ar\/inicio\/wp-json\/wp\/v2\/posts"}],"about":[{"href":"https:\/\/bibliotecavigil.org.ar\/inicio\/wp-json\/wp\/v2\/types\/post"}],"author":[{"embeddable":true,"href":"https:\/\/bibliotecavigil.org.ar\/inicio\/wp-json\/wp\/v2\/users\/3"}],"replies":[{"embeddable":true,"href":"https:\/\/bibliotecavigil.org.ar\/inicio\/wp-json\/wp\/v2\/comments?post=30654"}],"version-history":[{"count":1,"href":"https:\/\/bibliotecavigil.org.ar\/inicio\/wp-json\/wp\/v2\/posts\/30654\/revisions"}],"predecessor-version":[{"id":30663,"href":"https:\/\/bibliotecavigil.org.ar\/inicio\/wp-json\/wp\/v2\/posts\/30654\/revisions\/30663"}],"wp:featuredmedia":[{"embeddable":true,"href":"https:\/\/bibliotecavigil.org.ar\/inicio\/wp-json\/wp\/v2\/media\/30662"}],"wp:attachment":[{"href":"https:\/\/bibliotecavigil.org.ar\/inicio\/wp-json\/wp\/v2\/media?parent=30654"}],"wp:term":[{"taxonomy":"category","embeddable":true,"href":"https:\/\/bibliotecavigil.org.ar\/inicio\/wp-json\/wp\/v2\/categories?post=30654"},{"taxonomy":"post_tag","embeddable":true,"href":"https:\/\/bibliotecavigil.org.ar\/inicio\/wp-json\/wp\/v2\/tags?post=30654"}],"curies":[{"name":"wp","href":"https:\/\/api.w.org\/{rel}","templated":true}]}}