{"id":30703,"date":"2022-05-02T18:55:46","date_gmt":"2022-05-02T21:55:46","guid":{"rendered":"https:\/\/bibliotecavigil.org.ar\/inicio\/?p=30703"},"modified":"2022-05-13T15:41:22","modified_gmt":"2022-05-13T18:41:22","slug":"agenda-de-mayo-del-teatro-vigil","status":"publish","type":"post","link":"https:\/\/bibliotecavigil.org.ar\/inicio\/agenda-de-mayo-del-teatro-vigil\/","title":{"rendered":"Agenda de Mayo del Teatro Vigil"},"content":{"rendered":"\n<p><strong>Agenda de Mayo del Teatro Vigil<\/strong><\/p>\n\n\n\n<p>Seguimos con m\u00e1s funciones para todo p\u00fablico y <strong>Gratis <\/strong>para socixs de La Vigil!!!<\/p>\n\n\n\n<p>\u25ba <strong>07\/5 20.30 h Sin nombre y sin sombrero<\/strong> es un&nbsp; espect\u00e1culo de danza-teatro-poes\u00eda que dirige Natalia \u00c1lvarez junto a su compa\u00f1\u00eda de baile, actrices invitadas y m\u00fasicos en vivo. La puesta en escena viene a responder a la pregunta: \u00bfc\u00f3mo escribir una historia de las voces femeninas que atravesaron el arte m\u00e1s all\u00e1 del silencio?<\/p>\n\n\n\n<p>\u25ba <strong>14\/5 20.30 h Atempo<\/strong>. Dos clowns ex\u00f3ticos y extravagantes presentan ante el p\u00fablico su gran invento: un reloj hecho de circo, con n\u00fameros que se transforman en pelotas de malabares, campanas en di\u00e1bolos, agujas en flechas, con m\u00fasica y marionetas que suenan y bailan en su interior, sin embargo algo falla y el reloj se detiene. Mientras el tiempo se desarma el show se arma.<\/p>\n\n\n\n<p>\u25ba <strong>21\/5 20.30 h El Lombricario <\/strong>del grupo Teatro Chico. Dos hermanos se disputan una herencia. Tienen diferencias, se enfrentan, se necesitan, se al\u00edan. Un nuevo emprendimiento familiar se dispone para ofrecerle a la humanidad el alimento del futuro: la carne de lombriz argentina.<\/p>\n\n\n\n<p>\u25ba <strong>22\/5 17 h \u00bfC\u00f3mo Suena? Musiquitas con orejas.<\/strong> Clara Bertolini y Corel Mart\u00ednez Tuset presentan una obra musical integral que propone repensar el v\u00ednculo de las infancias y los sonidos, la m\u00fasica y la contaminaci\u00f3n ac\u00fastica. \u201c\u00bfC\u00f3mo suena? Musiquitas con orejas\u201d es un proyecto integral con el claro objetivo de concientizar a la sociedad del cuidado de las infancias.<\/p>\n\n\n\n<p>\u25ac A partir de hoy pod\u00e9s adquirir las entradas en La Vigil (Gaboto 450) de lunes a viernes de 14 a 20hs.<\/p>\n\n\n\n<p>\u25ac Entrada Gratuita para socixs con un mes de antig\u00fcedad.<\/p>\n\n\n\n<p>\u00a1Nos vemos en el Teatro!<\/p>\n\n\n\n<p><\/p>\n\n\n\n<figure class=\"wp-block-image size-large\"><a href=\"https:\/\/bibliotecavigil.org.ar\/inicio\/wp-content\/uploads\/2022\/05\/WhatsApp-Image-2022-05-02-at-6.55.16-PM.jpeg\"><img decoding=\"async\" width=\"724\" height=\"1024\" data-src=\"https:\/\/bibliotecavigil.org.ar\/inicio\/wp-content\/uploads\/2022\/05\/WhatsApp-Image-2022-05-02-at-6.55.16-PM-724x1024.jpeg\" alt=\"\" class=\"wp-image-30704 lazyload\" data-srcset=\"https:\/\/bibliotecavigil.org.ar\/inicio\/wp-content\/uploads\/2022\/05\/WhatsApp-Image-2022-05-02-at-6.55.16-PM-724x1024.jpeg 724w, https:\/\/bibliotecavigil.org.ar\/inicio\/wp-content\/uploads\/2022\/05\/WhatsApp-Image-2022-05-02-at-6.55.16-PM-480x679.jpeg 480w\" data-sizes=\"(min-width: 0px) and (max-width: 480px) 480px, (min-width: 481px) 724px, 100vw\" src=\"data:image\/svg+xml;base64,PHN2ZyB3aWR0aD0iMSIgaGVpZ2h0PSIxIiB4bWxucz0iaHR0cDovL3d3dy53My5vcmcvMjAwMC9zdmciPjwvc3ZnPg==\" style=\"--smush-placeholder-width: 724px; --smush-placeholder-aspect-ratio: 724\/1024;\" \/><\/a><\/figure>\n\n\n\n<figure class=\"wp-block-image size-large\"><a href=\"https:\/\/bibliotecavigil.org.ar\/inicio\/wp-content\/uploads\/2022\/05\/WhatsApp-Image-2022-05-02-at-6.55.16-PM-1.jpeg\"><img decoding=\"async\" width=\"724\" height=\"1024\" data-src=\"https:\/\/bibliotecavigil.org.ar\/inicio\/wp-content\/uploads\/2022\/05\/WhatsApp-Image-2022-05-02-at-6.55.16-PM-1-724x1024.jpeg\" alt=\"\" class=\"wp-image-30705 lazyload\" data-srcset=\"https:\/\/bibliotecavigil.org.ar\/inicio\/wp-content\/uploads\/2022\/05\/WhatsApp-Image-2022-05-02-at-6.55.16-PM-1-724x1024.jpeg 724w, https:\/\/bibliotecavigil.org.ar\/inicio\/wp-content\/uploads\/2022\/05\/WhatsApp-Image-2022-05-02-at-6.55.16-PM-1-480x679.jpeg 480w\" data-sizes=\"(min-width: 0px) and (max-width: 480px) 480px, (min-width: 481px) 724px, 100vw\" src=\"data:image\/svg+xml;base64,PHN2ZyB3aWR0aD0iMSIgaGVpZ2h0PSIxIiB4bWxucz0iaHR0cDovL3d3dy53My5vcmcvMjAwMC9zdmciPjwvc3ZnPg==\" style=\"--smush-placeholder-width: 724px; --smush-placeholder-aspect-ratio: 724\/1024;\" \/><\/a><\/figure>\n\n\n\n<figure class=\"wp-block-image size-large\"><a href=\"https:\/\/bibliotecavigil.org.ar\/inicio\/wp-content\/uploads\/2022\/05\/WhatsApp-Image-2022-05-02-at-6.55.16-PM-2.jpeg\"><img decoding=\"async\" width=\"724\" height=\"1024\" data-src=\"https:\/\/bibliotecavigil.org.ar\/inicio\/wp-content\/uploads\/2022\/05\/WhatsApp-Image-2022-05-02-at-6.55.16-PM-2-724x1024.jpeg\" alt=\"\" class=\"wp-image-30706 lazyload\" data-srcset=\"https:\/\/bibliotecavigil.org.ar\/inicio\/wp-content\/uploads\/2022\/05\/WhatsApp-Image-2022-05-02-at-6.55.16-PM-2-724x1024.jpeg 724w, https:\/\/bibliotecavigil.org.ar\/inicio\/wp-content\/uploads\/2022\/05\/WhatsApp-Image-2022-05-02-at-6.55.16-PM-2-480x679.jpeg 480w\" data-sizes=\"(min-width: 0px) and (max-width: 480px) 480px, (min-width: 481px) 724px, 100vw\" src=\"data:image\/svg+xml;base64,PHN2ZyB3aWR0aD0iMSIgaGVpZ2h0PSIxIiB4bWxucz0iaHR0cDovL3d3dy53My5vcmcvMjAwMC9zdmciPjwvc3ZnPg==\" style=\"--smush-placeholder-width: 724px; --smush-placeholder-aspect-ratio: 724\/1024;\" \/><\/a><\/figure>\n\n\n\n<figure class=\"wp-block-image size-large\"><a href=\"https:\/\/bibliotecavigil.org.ar\/inicio\/wp-content\/uploads\/2022\/05\/WhatsApp-Image-2022-05-02-at-6.55.16-PM-3.jpeg\"><img decoding=\"async\" width=\"724\" height=\"1024\" data-src=\"https:\/\/bibliotecavigil.org.ar\/inicio\/wp-content\/uploads\/2022\/05\/WhatsApp-Image-2022-05-02-at-6.55.16-PM-3-724x1024.jpeg\" alt=\"\" class=\"wp-image-30707 lazyload\" data-srcset=\"https:\/\/bibliotecavigil.org.ar\/inicio\/wp-content\/uploads\/2022\/05\/WhatsApp-Image-2022-05-02-at-6.55.16-PM-3-724x1024.jpeg 724w, https:\/\/bibliotecavigil.org.ar\/inicio\/wp-content\/uploads\/2022\/05\/WhatsApp-Image-2022-05-02-at-6.55.16-PM-3-480x679.jpeg 480w\" data-sizes=\"(min-width: 0px) and (max-width: 480px) 480px, (min-width: 481px) 724px, 100vw\" src=\"data:image\/svg+xml;base64,PHN2ZyB3aWR0aD0iMSIgaGVpZ2h0PSIxIiB4bWxucz0iaHR0cDovL3d3dy53My5vcmcvMjAwMC9zdmciPjwvc3ZnPg==\" style=\"--smush-placeholder-width: 724px; --smush-placeholder-aspect-ratio: 724\/1024;\" \/><\/a><\/figure>\n","protected":false},"excerpt":{"rendered":"<p>Agenda de Mayo del Teatro Vigil Seguimos con m\u00e1s funciones para todo p\u00fablico y Gratis para socixs de La Vigil!!! \u25ba 07\/5 20.30 h Sin nombre y sin sombrero es un&nbsp; espect\u00e1culo de danza-teatro-poes\u00eda que dirige Natalia \u00c1lvarez junto a su compa\u00f1\u00eda de baile, actrices invitadas y m\u00fasicos en vivo. La puesta en escena viene [&hellip;]<\/p>\n","protected":false},"author":3,"featured_media":30708,"comment_status":"open","ping_status":"closed","sticky":false,"template":"","format":"standard","meta":{"_et_pb_use_builder":"off","_et_pb_old_content":"","_et_gb_content_width":"1920","footnotes":""},"categories":[16],"tags":[214,118],"class_list":["post-30703","post","type-post","status-publish","format-standard","has-post-thumbnail","hentry","category-noticias","tag-agenda","tag-teatro"],"yoast_head":"<!-- This site is optimized with the Yoast SEO plugin v27.3 - https:\/\/yoast.com\/product\/yoast-seo-wordpress\/ -->\n<title>Agenda de Mayo del Teatro Vigil - Biblioteca Vigil<\/title>\n<meta name=\"robots\" content=\"index, follow, max-snippet:-1, max-image-preview:large, max-video-preview:-1\" \/>\n<link rel=\"canonical\" href=\"https:\/\/bibliotecavigil.org.ar\/inicio\/agenda-de-mayo-del-teatro-vigil\/\" \/>\n<meta property=\"og:locale\" content=\"es_ES\" \/>\n<meta property=\"og:type\" content=\"article\" \/>\n<meta property=\"og:title\" content=\"Agenda de Mayo del Teatro Vigil - Biblioteca Vigil\" \/>\n<meta property=\"og:description\" content=\"Agenda de Mayo del Teatro Vigil Seguimos con m\u00e1s funciones para todo p\u00fablico y Gratis para socixs de La Vigil!!! \u25ba 07\/5 20.30 h Sin nombre y sin sombrero es un&nbsp; espect\u00e1culo de danza-teatro-poes\u00eda que dirige Natalia \u00c1lvarez junto a su compa\u00f1\u00eda de baile, actrices invitadas y m\u00fasicos en vivo. La puesta en escena viene [&hellip;]\" \/>\n<meta property=\"og:url\" content=\"https:\/\/bibliotecavigil.org.ar\/inicio\/agenda-de-mayo-del-teatro-vigil\/\" \/>\n<meta property=\"og:site_name\" content=\"Biblioteca Vigil\" \/>\n<meta property=\"article:published_time\" content=\"2022-05-02T21:55:46+00:00\" \/>\n<meta property=\"article:modified_time\" content=\"2022-05-13T18:41:22+00:00\" \/>\n<meta property=\"og:image\" content=\"https:\/\/bibliotecavigil.org.ar\/inicio\/wp-content\/uploads\/2022\/05\/Agenda-mayo-01-1009x1024.jpg\" \/>\n\t<meta property=\"og:image:width\" content=\"1009\" \/>\n\t<meta property=\"og:image:height\" content=\"1024\" \/>\n\t<meta property=\"og:image:type\" content=\"image\/jpeg\" \/>\n<meta name=\"author\" content=\"Biblioteca Vigil\" \/>\n<meta name=\"twitter:card\" content=\"summary_large_image\" \/>\n<meta name=\"twitter:label1\" content=\"Escrito por\" \/>\n\t<meta name=\"twitter:data1\" content=\"Biblioteca Vigil\" \/>\n\t<meta name=\"twitter:label2\" content=\"Tiempo de lectura\" \/>\n\t<meta name=\"twitter:data2\" content=\"3 minutos\" \/>\n<script type=\"application\/ld+json\" class=\"yoast-schema-graph\">{\"@context\":\"https:\\\/\\\/schema.org\",\"@graph\":[{\"@type\":\"Article\",\"@id\":\"https:\\\/\\\/bibliotecavigil.org.ar\\\/inicio\\\/agenda-de-mayo-del-teatro-vigil\\\/#article\",\"isPartOf\":{\"@id\":\"https:\\\/\\\/bibliotecavigil.org.ar\\\/inicio\\\/agenda-de-mayo-del-teatro-vigil\\\/\"},\"author\":{\"name\":\"Biblioteca Vigil\",\"@id\":\"https:\\\/\\\/bibliotecavigil.org.ar\\\/inicio\\\/#\\\/schema\\\/person\\\/98530bc117d5fa50c5dc01b4fd8d3700\"},\"headline\":\"Agenda de Mayo del Teatro Vigil\",\"datePublished\":\"2022-05-02T21:55:46+00:00\",\"dateModified\":\"2022-05-13T18:41:22+00:00\",\"mainEntityOfPage\":{\"@id\":\"https:\\\/\\\/bibliotecavigil.org.ar\\\/inicio\\\/agenda-de-mayo-del-teatro-vigil\\\/\"},\"wordCount\":297,\"commentCount\":0,\"publisher\":{\"@id\":\"https:\\\/\\\/bibliotecavigil.org.ar\\\/inicio\\\/#organization\"},\"image\":{\"@id\":\"https:\\\/\\\/bibliotecavigil.org.ar\\\/inicio\\\/agenda-de-mayo-del-teatro-vigil\\\/#primaryimage\"},\"thumbnailUrl\":\"https:\\\/\\\/bibliotecavigil.org.ar\\\/inicio\\\/wp-content\\\/uploads\\\/2022\\\/05\\\/Agenda-mayo-01.jpg\",\"keywords\":[\"agenda\",\"teatro\"],\"articleSection\":[\"Noticias\"],\"inLanguage\":\"es\",\"potentialAction\":[{\"@type\":\"CommentAction\",\"name\":\"Comment\",\"target\":[\"https:\\\/\\\/bibliotecavigil.org.ar\\\/inicio\\\/agenda-de-mayo-del-teatro-vigil\\\/#respond\"]}]},{\"@type\":\"WebPage\",\"@id\":\"https:\\\/\\\/bibliotecavigil.org.ar\\\/inicio\\\/agenda-de-mayo-del-teatro-vigil\\\/\",\"url\":\"https:\\\/\\\/bibliotecavigil.org.ar\\\/inicio\\\/agenda-de-mayo-del-teatro-vigil\\\/\",\"name\":\"Agenda de Mayo del Teatro Vigil - Biblioteca Vigil\",\"isPartOf\":{\"@id\":\"https:\\\/\\\/bibliotecavigil.org.ar\\\/inicio\\\/#website\"},\"primaryImageOfPage\":{\"@id\":\"https:\\\/\\\/bibliotecavigil.org.ar\\\/inicio\\\/agenda-de-mayo-del-teatro-vigil\\\/#primaryimage\"},\"image\":{\"@id\":\"https:\\\/\\\/bibliotecavigil.org.ar\\\/inicio\\\/agenda-de-mayo-del-teatro-vigil\\\/#primaryimage\"},\"thumbnailUrl\":\"https:\\\/\\\/bibliotecavigil.org.ar\\\/inicio\\\/wp-content\\\/uploads\\\/2022\\\/05\\\/Agenda-mayo-01.jpg\",\"datePublished\":\"2022-05-02T21:55:46+00:00\",\"dateModified\":\"2022-05-13T18:41:22+00:00\",\"breadcrumb\":{\"@id\":\"https:\\\/\\\/bibliotecavigil.org.ar\\\/inicio\\\/agenda-de-mayo-del-teatro-vigil\\\/#breadcrumb\"},\"inLanguage\":\"es\",\"potentialAction\":[{\"@type\":\"ReadAction\",\"target\":[\"https:\\\/\\\/bibliotecavigil.org.ar\\\/inicio\\\/agenda-de-mayo-del-teatro-vigil\\\/\"]}]},{\"@type\":\"ImageObject\",\"inLanguage\":\"es\",\"@id\":\"https:\\\/\\\/bibliotecavigil.org.ar\\\/inicio\\\/agenda-de-mayo-del-teatro-vigil\\\/#primaryimage\",\"url\":\"https:\\\/\\\/bibliotecavigil.org.ar\\\/inicio\\\/wp-content\\\/uploads\\\/2022\\\/05\\\/Agenda-mayo-01.jpg\",\"contentUrl\":\"https:\\\/\\\/bibliotecavigil.org.ar\\\/inicio\\\/wp-content\\\/uploads\\\/2022\\\/05\\\/Agenda-mayo-01.jpg\",\"width\":2250,\"height\":2283},{\"@type\":\"BreadcrumbList\",\"@id\":\"https:\\\/\\\/bibliotecavigil.org.ar\\\/inicio\\\/agenda-de-mayo-del-teatro-vigil\\\/#breadcrumb\",\"itemListElement\":[{\"@type\":\"ListItem\",\"position\":1,\"name\":\"Portada\",\"item\":\"https:\\\/\\\/bibliotecavigil.org.ar\\\/inicio\\\/\"},{\"@type\":\"ListItem\",\"position\":2,\"name\":\"Agenda de Mayo del Teatro Vigil\"}]},{\"@type\":\"WebSite\",\"@id\":\"https:\\\/\\\/bibliotecavigil.org.ar\\\/inicio\\\/#website\",\"url\":\"https:\\\/\\\/bibliotecavigil.org.ar\\\/inicio\\\/\",\"name\":\"Biblioteca Vigil\",\"description\":\"Biblioteca Popular C C Vigil\",\"publisher\":{\"@id\":\"https:\\\/\\\/bibliotecavigil.org.ar\\\/inicio\\\/#organization\"},\"potentialAction\":[{\"@type\":\"SearchAction\",\"target\":{\"@type\":\"EntryPoint\",\"urlTemplate\":\"https:\\\/\\\/bibliotecavigil.org.ar\\\/inicio\\\/?s={search_term_string}\"},\"query-input\":{\"@type\":\"PropertyValueSpecification\",\"valueRequired\":true,\"valueName\":\"search_term_string\"}}],\"inLanguage\":\"es\"},{\"@type\":\"Organization\",\"@id\":\"https:\\\/\\\/bibliotecavigil.org.ar\\\/inicio\\\/#organization\",\"name\":\"Biblioteca Popular C.C.Vigil\",\"url\":\"https:\\\/\\\/bibliotecavigil.org.ar\\\/inicio\\\/\",\"logo\":{\"@type\":\"ImageObject\",\"inLanguage\":\"es\",\"@id\":\"https:\\\/\\\/bibliotecavigil.org.ar\\\/inicio\\\/#\\\/schema\\\/logo\\\/image\\\/\",\"url\":\"https:\\\/\\\/bibliotecavigil.org.ar\\\/inicio\\\/wp-content\\\/uploads\\\/2023\\\/06\\\/Logo-sin-texto-gif.gif\",\"contentUrl\":\"https:\\\/\\\/bibliotecavigil.org.ar\\\/inicio\\\/wp-content\\\/uploads\\\/2023\\\/06\\\/Logo-sin-texto-gif.gif\",\"width\":1487,\"height\":1604,\"caption\":\"Biblioteca Popular C.C.Vigil\"},\"image\":{\"@id\":\"https:\\\/\\\/bibliotecavigil.org.ar\\\/inicio\\\/#\\\/schema\\\/logo\\\/image\\\/\"}},{\"@type\":\"Person\",\"@id\":\"https:\\\/\\\/bibliotecavigil.org.ar\\\/inicio\\\/#\\\/schema\\\/person\\\/98530bc117d5fa50c5dc01b4fd8d3700\",\"name\":\"Biblioteca Vigil\",\"image\":{\"@type\":\"ImageObject\",\"inLanguage\":\"es\",\"@id\":\"https:\\\/\\\/secure.gravatar.com\\\/avatar\\\/a96b6054dc4c80cde596e2c3f42d23e4f769e395116bf277fb508315b9d8a5c5?s=96&d=mm&r=g\",\"url\":\"https:\\\/\\\/secure.gravatar.com\\\/avatar\\\/a96b6054dc4c80cde596e2c3f42d23e4f769e395116bf277fb508315b9d8a5c5?s=96&d=mm&r=g\",\"contentUrl\":\"https:\\\/\\\/secure.gravatar.com\\\/avatar\\\/a96b6054dc4c80cde596e2c3f42d23e4f769e395116bf277fb508315b9d8a5c5?s=96&d=mm&r=g\",\"caption\":\"Biblioteca Vigil\"},\"url\":\"https:\\\/\\\/bibliotecavigil.org.ar\\\/inicio\\\/author\\\/comunicacion\\\/\"}]}<\/script>\n<!-- \/ Yoast SEO plugin. -->","yoast_head_json":{"title":"Agenda de Mayo del Teatro Vigil - Biblioteca Vigil","robots":{"index":"index","follow":"follow","max-snippet":"max-snippet:-1","max-image-preview":"max-image-preview:large","max-video-preview":"max-video-preview:-1"},"canonical":"https:\/\/bibliotecavigil.org.ar\/inicio\/agenda-de-mayo-del-teatro-vigil\/","og_locale":"es_ES","og_type":"article","og_title":"Agenda de Mayo del Teatro Vigil - Biblioteca Vigil","og_description":"Agenda de Mayo del Teatro Vigil Seguimos con m\u00e1s funciones para todo p\u00fablico y Gratis para socixs de La Vigil!!! \u25ba 07\/5 20.30 h Sin nombre y sin sombrero es un&nbsp; espect\u00e1culo de danza-teatro-poes\u00eda que dirige Natalia \u00c1lvarez junto a su compa\u00f1\u00eda de baile, actrices invitadas y m\u00fasicos en vivo. La puesta en escena viene [&hellip;]","og_url":"https:\/\/bibliotecavigil.org.ar\/inicio\/agenda-de-mayo-del-teatro-vigil\/","og_site_name":"Biblioteca Vigil","article_published_time":"2022-05-02T21:55:46+00:00","article_modified_time":"2022-05-13T18:41:22+00:00","og_image":[{"width":1009,"height":1024,"url":"https:\/\/bibliotecavigil.org.ar\/inicio\/wp-content\/uploads\/2022\/05\/Agenda-mayo-01-1009x1024.jpg","type":"image\/jpeg"}],"author":"Biblioteca Vigil","twitter_card":"summary_large_image","twitter_misc":{"Escrito por":"Biblioteca Vigil","Tiempo de lectura":"3 minutos"},"schema":{"@context":"https:\/\/schema.org","@graph":[{"@type":"Article","@id":"https:\/\/bibliotecavigil.org.ar\/inicio\/agenda-de-mayo-del-teatro-vigil\/#article","isPartOf":{"@id":"https:\/\/bibliotecavigil.org.ar\/inicio\/agenda-de-mayo-del-teatro-vigil\/"},"author":{"name":"Biblioteca Vigil","@id":"https:\/\/bibliotecavigil.org.ar\/inicio\/#\/schema\/person\/98530bc117d5fa50c5dc01b4fd8d3700"},"headline":"Agenda de Mayo del Teatro Vigil","datePublished":"2022-05-02T21:55:46+00:00","dateModified":"2022-05-13T18:41:22+00:00","mainEntityOfPage":{"@id":"https:\/\/bibliotecavigil.org.ar\/inicio\/agenda-de-mayo-del-teatro-vigil\/"},"wordCount":297,"commentCount":0,"publisher":{"@id":"https:\/\/bibliotecavigil.org.ar\/inicio\/#organization"},"image":{"@id":"https:\/\/bibliotecavigil.org.ar\/inicio\/agenda-de-mayo-del-teatro-vigil\/#primaryimage"},"thumbnailUrl":"https:\/\/bibliotecavigil.org.ar\/inicio\/wp-content\/uploads\/2022\/05\/Agenda-mayo-01.jpg","keywords":["agenda","teatro"],"articleSection":["Noticias"],"inLanguage":"es","potentialAction":[{"@type":"CommentAction","name":"Comment","target":["https:\/\/bibliotecavigil.org.ar\/inicio\/agenda-de-mayo-del-teatro-vigil\/#respond"]}]},{"@type":"WebPage","@id":"https:\/\/bibliotecavigil.org.ar\/inicio\/agenda-de-mayo-del-teatro-vigil\/","url":"https:\/\/bibliotecavigil.org.ar\/inicio\/agenda-de-mayo-del-teatro-vigil\/","name":"Agenda de Mayo del Teatro Vigil - Biblioteca Vigil","isPartOf":{"@id":"https:\/\/bibliotecavigil.org.ar\/inicio\/#website"},"primaryImageOfPage":{"@id":"https:\/\/bibliotecavigil.org.ar\/inicio\/agenda-de-mayo-del-teatro-vigil\/#primaryimage"},"image":{"@id":"https:\/\/bibliotecavigil.org.ar\/inicio\/agenda-de-mayo-del-teatro-vigil\/#primaryimage"},"thumbnailUrl":"https:\/\/bibliotecavigil.org.ar\/inicio\/wp-content\/uploads\/2022\/05\/Agenda-mayo-01.jpg","datePublished":"2022-05-02T21:55:46+00:00","dateModified":"2022-05-13T18:41:22+00:00","breadcrumb":{"@id":"https:\/\/bibliotecavigil.org.ar\/inicio\/agenda-de-mayo-del-teatro-vigil\/#breadcrumb"},"inLanguage":"es","potentialAction":[{"@type":"ReadAction","target":["https:\/\/bibliotecavigil.org.ar\/inicio\/agenda-de-mayo-del-teatro-vigil\/"]}]},{"@type":"ImageObject","inLanguage":"es","@id":"https:\/\/bibliotecavigil.org.ar\/inicio\/agenda-de-mayo-del-teatro-vigil\/#primaryimage","url":"https:\/\/bibliotecavigil.org.ar\/inicio\/wp-content\/uploads\/2022\/05\/Agenda-mayo-01.jpg","contentUrl":"https:\/\/bibliotecavigil.org.ar\/inicio\/wp-content\/uploads\/2022\/05\/Agenda-mayo-01.jpg","width":2250,"height":2283},{"@type":"BreadcrumbList","@id":"https:\/\/bibliotecavigil.org.ar\/inicio\/agenda-de-mayo-del-teatro-vigil\/#breadcrumb","itemListElement":[{"@type":"ListItem","position":1,"name":"Portada","item":"https:\/\/bibliotecavigil.org.ar\/inicio\/"},{"@type":"ListItem","position":2,"name":"Agenda de Mayo del Teatro Vigil"}]},{"@type":"WebSite","@id":"https:\/\/bibliotecavigil.org.ar\/inicio\/#website","url":"https:\/\/bibliotecavigil.org.ar\/inicio\/","name":"Biblioteca Vigil","description":"Biblioteca Popular C C Vigil","publisher":{"@id":"https:\/\/bibliotecavigil.org.ar\/inicio\/#organization"},"potentialAction":[{"@type":"SearchAction","target":{"@type":"EntryPoint","urlTemplate":"https:\/\/bibliotecavigil.org.ar\/inicio\/?s={search_term_string}"},"query-input":{"@type":"PropertyValueSpecification","valueRequired":true,"valueName":"search_term_string"}}],"inLanguage":"es"},{"@type":"Organization","@id":"https:\/\/bibliotecavigil.org.ar\/inicio\/#organization","name":"Biblioteca Popular C.C.Vigil","url":"https:\/\/bibliotecavigil.org.ar\/inicio\/","logo":{"@type":"ImageObject","inLanguage":"es","@id":"https:\/\/bibliotecavigil.org.ar\/inicio\/#\/schema\/logo\/image\/","url":"https:\/\/bibliotecavigil.org.ar\/inicio\/wp-content\/uploads\/2023\/06\/Logo-sin-texto-gif.gif","contentUrl":"https:\/\/bibliotecavigil.org.ar\/inicio\/wp-content\/uploads\/2023\/06\/Logo-sin-texto-gif.gif","width":1487,"height":1604,"caption":"Biblioteca Popular C.C.Vigil"},"image":{"@id":"https:\/\/bibliotecavigil.org.ar\/inicio\/#\/schema\/logo\/image\/"}},{"@type":"Person","@id":"https:\/\/bibliotecavigil.org.ar\/inicio\/#\/schema\/person\/98530bc117d5fa50c5dc01b4fd8d3700","name":"Biblioteca Vigil","image":{"@type":"ImageObject","inLanguage":"es","@id":"https:\/\/secure.gravatar.com\/avatar\/a96b6054dc4c80cde596e2c3f42d23e4f769e395116bf277fb508315b9d8a5c5?s=96&d=mm&r=g","url":"https:\/\/secure.gravatar.com\/avatar\/a96b6054dc4c80cde596e2c3f42d23e4f769e395116bf277fb508315b9d8a5c5?s=96&d=mm&r=g","contentUrl":"https:\/\/secure.gravatar.com\/avatar\/a96b6054dc4c80cde596e2c3f42d23e4f769e395116bf277fb508315b9d8a5c5?s=96&d=mm&r=g","caption":"Biblioteca Vigil"},"url":"https:\/\/bibliotecavigil.org.ar\/inicio\/author\/comunicacion\/"}]}},"_links":{"self":[{"href":"https:\/\/bibliotecavigil.org.ar\/inicio\/wp-json\/wp\/v2\/posts\/30703","targetHints":{"allow":["GET"]}}],"collection":[{"href":"https:\/\/bibliotecavigil.org.ar\/inicio\/wp-json\/wp\/v2\/posts"}],"about":[{"href":"https:\/\/bibliotecavigil.org.ar\/inicio\/wp-json\/wp\/v2\/types\/post"}],"author":[{"embeddable":true,"href":"https:\/\/bibliotecavigil.org.ar\/inicio\/wp-json\/wp\/v2\/users\/3"}],"replies":[{"embeddable":true,"href":"https:\/\/bibliotecavigil.org.ar\/inicio\/wp-json\/wp\/v2\/comments?post=30703"}],"version-history":[{"count":2,"href":"https:\/\/bibliotecavigil.org.ar\/inicio\/wp-json\/wp\/v2\/posts\/30703\/revisions"}],"predecessor-version":[{"id":30745,"href":"https:\/\/bibliotecavigil.org.ar\/inicio\/wp-json\/wp\/v2\/posts\/30703\/revisions\/30745"}],"wp:featuredmedia":[{"embeddable":true,"href":"https:\/\/bibliotecavigil.org.ar\/inicio\/wp-json\/wp\/v2\/media\/30708"}],"wp:attachment":[{"href":"https:\/\/bibliotecavigil.org.ar\/inicio\/wp-json\/wp\/v2\/media?parent=30703"}],"wp:term":[{"taxonomy":"category","embeddable":true,"href":"https:\/\/bibliotecavigil.org.ar\/inicio\/wp-json\/wp\/v2\/categories?post=30703"},{"taxonomy":"post_tag","embeddable":true,"href":"https:\/\/bibliotecavigil.org.ar\/inicio\/wp-json\/wp\/v2\/tags?post=30703"}],"curies":[{"name":"wp","href":"https:\/\/api.w.org\/{rel}","templated":true}]}}