{"id":30781,"date":"2022-05-31T16:57:58","date_gmt":"2022-05-31T19:57:58","guid":{"rendered":"https:\/\/bibliotecavigil.org.ar\/inicio\/?p=30781"},"modified":"2022-05-31T17:29:36","modified_gmt":"2022-05-31T20:29:36","slug":"dialogos-educativos-ley-de-educacion-ambiental-interpretacion-practicas-y-desafios","status":"publish","type":"post","link":"https:\/\/bibliotecavigil.org.ar\/inicio\/dialogos-educativos-ley-de-educacion-ambiental-interpretacion-practicas-y-desafios\/","title":{"rendered":"Di\u00e1logos Educativos: \u201cLey de Educaci\u00f3n Ambiental: Interpretaci\u00f3n, pr\u00e1cticas y desaf\u00edos\u201d"},"content":{"rendered":"\n<p>\u00a1Agenda!<\/p>\n\n\n\n<p>Estrenamos un nuevo Conversatorio Virtual del Ciclo \u201cDi\u00e1logos Educativos\u201d organizado junto al Houssay en nuestro canal de YouTube.<\/p>\n\n\n\n<p>\u25ba <strong>\u201cLey de Educaci\u00f3n Ambiental: Interpretaci\u00f3n, pr\u00e1cticas y desaf\u00edos\u201d<\/strong><\/p>\n\n\n\n<p>A partir de la sanci\u00f3n de la Ley de Educaci\u00f3n Ambiental Integral, se intenta delinear un posicionamiento \u00e9tico, pol\u00edtico y democr\u00e1tico que posibilite la construcci\u00f3n de un pensamiento cr\u00edtico, adem\u00e1s de la concientizaci\u00f3n y responsabilidad social que ello implica.<\/p>\n\n\n\n<p>Disertan: <strong>Lucas Micheloud y Dami\u00e1n Verze\u00f1assi.<\/strong><\/p>\n\n\n\n<p>\u25ac <strong>8 de Junio, 18 h. <\/strong>No hace falta inscribirse. Los conversatorios son #abiertos a todo p\u00fablico y orientados para futurxs educadores.<\/p>\n\n\n\n<p>Lxs esperamos en nuestro canal de YouTube:<a href=\"https:\/\/www.youtube.com\/channel\/UC7Xm3jqJo-pUBhpzLRpqjag\" target=\"_blank\" rel=\"noreferrer noopener\"> https:\/\/www.youtube.com\/channel\/UC7Xm3jqJo-pUBhpzLRpqjag<\/a><\/p>\n\n\n\n<p><\/p>\n\n\n\n<figure class=\"wp-block-image size-large\"><a href=\"https:\/\/bibliotecavigil.org.ar\/inicio\/wp-content\/uploads\/2022\/05\/dialogos-educativos-02-02.jpg\"><img decoding=\"async\" width=\"1024\" height=\"1024\" data-src=\"https:\/\/bibliotecavigil.org.ar\/inicio\/wp-content\/uploads\/2022\/05\/dialogos-educativos-02-02-1024x1024.jpg\" alt=\"\" class=\"wp-image-30785 lazyload\" data-srcset=\"https:\/\/bibliotecavigil.org.ar\/inicio\/wp-content\/uploads\/2022\/05\/dialogos-educativos-02-02-980x980.jpg 980w, https:\/\/bibliotecavigil.org.ar\/inicio\/wp-content\/uploads\/2022\/05\/dialogos-educativos-02-02-480x480.jpg 480w\" data-sizes=\"(min-width: 0px) and (max-width: 480px) 480px, (min-width: 481px) and (max-width: 980px) 980px, (min-width: 981px) 1024px, 100vw\" src=\"data:image\/svg+xml;base64,PHN2ZyB3aWR0aD0iMSIgaGVpZ2h0PSIxIiB4bWxucz0iaHR0cDovL3d3dy53My5vcmcvMjAwMC9zdmciPjwvc3ZnPg==\" style=\"--smush-placeholder-width: 1024px; --smush-placeholder-aspect-ratio: 1024\/1024;\" \/><\/a><\/figure>\n\n\n\n<p><\/p>\n","protected":false},"excerpt":{"rendered":"<p>\u00a1Agenda! Estrenamos un nuevo Conversatorio Virtual del Ciclo \u201cDi\u00e1logos Educativos\u201d organizado junto al Houssay en nuestro canal de YouTube. \u25ba \u201cLey de Educaci\u00f3n Ambiental: Interpretaci\u00f3n, pr\u00e1cticas y desaf\u00edos\u201d A partir de la sanci\u00f3n de la Ley de Educaci\u00f3n Ambiental Integral, se intenta delinear un posicionamiento \u00e9tico, pol\u00edtico y democr\u00e1tico que posibilite la construcci\u00f3n de un [&hellip;]<\/p>\n","protected":false},"author":3,"featured_media":30783,"comment_status":"open","ping_status":"closed","sticky":false,"template":"","format":"standard","meta":{"_et_pb_use_builder":"off","_et_pb_old_content":"","_et_gb_content_width":"1920","footnotes":""},"categories":[16],"tags":[239,98,123,109,124,199,58,48,116],"class_list":["post-30781","post","type-post","status-publish","format-standard","has-post-thumbnail","hentry","category-noticias","tag-ambientaleducacionambiental","tag-conversatorio","tag-dialogos","tag-educacion","tag-educativos","tag-houssay","tag-ley","tag-vigil","tag-virtual"],"yoast_head":"<!-- This site is optimized with the Yoast SEO plugin v27.3 - https:\/\/yoast.com\/product\/yoast-seo-wordpress\/ -->\n<title>Di\u00e1logos Educativos: \u201cLey de Educaci\u00f3n Ambiental: Interpretaci\u00f3n, pr\u00e1cticas y desaf\u00edos\u201d - Biblioteca Vigil<\/title>\n<meta name=\"robots\" content=\"index, follow, max-snippet:-1, max-image-preview:large, max-video-preview:-1\" \/>\n<link rel=\"canonical\" href=\"https:\/\/bibliotecavigil.org.ar\/inicio\/dialogos-educativos-ley-de-educacion-ambiental-interpretacion-practicas-y-desafios\/\" \/>\n<meta property=\"og:locale\" content=\"es_ES\" \/>\n<meta property=\"og:type\" content=\"article\" \/>\n<meta property=\"og:title\" content=\"Di\u00e1logos Educativos: \u201cLey de Educaci\u00f3n Ambiental: Interpretaci\u00f3n, pr\u00e1cticas y desaf\u00edos\u201d - Biblioteca Vigil\" \/>\n<meta property=\"og:description\" content=\"\u00a1Agenda! Estrenamos un nuevo Conversatorio Virtual del Ciclo \u201cDi\u00e1logos Educativos\u201d organizado junto al Houssay en nuestro canal de YouTube. \u25ba \u201cLey de Educaci\u00f3n Ambiental: Interpretaci\u00f3n, pr\u00e1cticas y desaf\u00edos\u201d A partir de la sanci\u00f3n de la Ley de Educaci\u00f3n Ambiental Integral, se intenta delinear un posicionamiento \u00e9tico, pol\u00edtico y democr\u00e1tico que posibilite la construcci\u00f3n de un [&hellip;]\" \/>\n<meta property=\"og:url\" content=\"https:\/\/bibliotecavigil.org.ar\/inicio\/dialogos-educativos-ley-de-educacion-ambiental-interpretacion-practicas-y-desafios\/\" \/>\n<meta property=\"og:site_name\" content=\"Biblioteca Vigil\" \/>\n<meta property=\"article:published_time\" content=\"2022-05-31T19:57:58+00:00\" \/>\n<meta property=\"article:modified_time\" content=\"2022-05-31T20:29:36+00:00\" \/>\n<meta property=\"og:image\" content=\"https:\/\/bibliotecavigil.org.ar\/inicio\/wp-content\/uploads\/2022\/05\/conversatorio-01-web.jpg\" \/>\n\t<meta property=\"og:image:width\" content=\"1667\" \/>\n\t<meta property=\"og:image:height\" content=\"1042\" \/>\n\t<meta property=\"og:image:type\" content=\"image\/jpeg\" \/>\n<meta name=\"author\" content=\"Biblioteca Vigil\" \/>\n<meta name=\"twitter:card\" content=\"summary_large_image\" \/>\n<meta name=\"twitter:label1\" content=\"Escrito por\" \/>\n\t<meta name=\"twitter:data1\" content=\"Biblioteca Vigil\" \/>\n\t<meta name=\"twitter:label2\" content=\"Tiempo de lectura\" \/>\n\t<meta name=\"twitter:data2\" content=\"1 minuto\" \/>\n<script type=\"application\/ld+json\" class=\"yoast-schema-graph\">{\"@context\":\"https:\\\/\\\/schema.org\",\"@graph\":[{\"@type\":\"Article\",\"@id\":\"https:\\\/\\\/bibliotecavigil.org.ar\\\/inicio\\\/dialogos-educativos-ley-de-educacion-ambiental-interpretacion-practicas-y-desafios\\\/#article\",\"isPartOf\":{\"@id\":\"https:\\\/\\\/bibliotecavigil.org.ar\\\/inicio\\\/dialogos-educativos-ley-de-educacion-ambiental-interpretacion-practicas-y-desafios\\\/\"},\"author\":{\"name\":\"Biblioteca Vigil\",\"@id\":\"https:\\\/\\\/bibliotecavigil.org.ar\\\/inicio\\\/#\\\/schema\\\/person\\\/98530bc117d5fa50c5dc01b4fd8d3700\"},\"headline\":\"Di\u00e1logos Educativos: \u201cLey de Educaci\u00f3n Ambiental: Interpretaci\u00f3n, pr\u00e1cticas y desaf\u00edos\u201d\",\"datePublished\":\"2022-05-31T19:57:58+00:00\",\"dateModified\":\"2022-05-31T20:29:36+00:00\",\"mainEntityOfPage\":{\"@id\":\"https:\\\/\\\/bibliotecavigil.org.ar\\\/inicio\\\/dialogos-educativos-ley-de-educacion-ambiental-interpretacion-practicas-y-desafios\\\/\"},\"wordCount\":137,\"commentCount\":0,\"publisher\":{\"@id\":\"https:\\\/\\\/bibliotecavigil.org.ar\\\/inicio\\\/#organization\"},\"image\":{\"@id\":\"https:\\\/\\\/bibliotecavigil.org.ar\\\/inicio\\\/dialogos-educativos-ley-de-educacion-ambiental-interpretacion-practicas-y-desafios\\\/#primaryimage\"},\"thumbnailUrl\":\"https:\\\/\\\/bibliotecavigil.org.ar\\\/inicio\\\/wp-content\\\/uploads\\\/2022\\\/05\\\/conversatorio-01-web.jpg\",\"keywords\":[\"ambientaleducacionambiental\",\"conversatorio\",\"dialogos\",\"educacion\",\"educativos\",\"houssay\",\"ley\",\"vigil\",\"virtual\"],\"articleSection\":[\"Noticias\"],\"inLanguage\":\"es\",\"potentialAction\":[{\"@type\":\"CommentAction\",\"name\":\"Comment\",\"target\":[\"https:\\\/\\\/bibliotecavigil.org.ar\\\/inicio\\\/dialogos-educativos-ley-de-educacion-ambiental-interpretacion-practicas-y-desafios\\\/#respond\"]}]},{\"@type\":\"WebPage\",\"@id\":\"https:\\\/\\\/bibliotecavigil.org.ar\\\/inicio\\\/dialogos-educativos-ley-de-educacion-ambiental-interpretacion-practicas-y-desafios\\\/\",\"url\":\"https:\\\/\\\/bibliotecavigil.org.ar\\\/inicio\\\/dialogos-educativos-ley-de-educacion-ambiental-interpretacion-practicas-y-desafios\\\/\",\"name\":\"Di\u00e1logos Educativos: \u201cLey de Educaci\u00f3n Ambiental: Interpretaci\u00f3n, pr\u00e1cticas y desaf\u00edos\u201d - Biblioteca Vigil\",\"isPartOf\":{\"@id\":\"https:\\\/\\\/bibliotecavigil.org.ar\\\/inicio\\\/#website\"},\"primaryImageOfPage\":{\"@id\":\"https:\\\/\\\/bibliotecavigil.org.ar\\\/inicio\\\/dialogos-educativos-ley-de-educacion-ambiental-interpretacion-practicas-y-desafios\\\/#primaryimage\"},\"image\":{\"@id\":\"https:\\\/\\\/bibliotecavigil.org.ar\\\/inicio\\\/dialogos-educativos-ley-de-educacion-ambiental-interpretacion-practicas-y-desafios\\\/#primaryimage\"},\"thumbnailUrl\":\"https:\\\/\\\/bibliotecavigil.org.ar\\\/inicio\\\/wp-content\\\/uploads\\\/2022\\\/05\\\/conversatorio-01-web.jpg\",\"datePublished\":\"2022-05-31T19:57:58+00:00\",\"dateModified\":\"2022-05-31T20:29:36+00:00\",\"breadcrumb\":{\"@id\":\"https:\\\/\\\/bibliotecavigil.org.ar\\\/inicio\\\/dialogos-educativos-ley-de-educacion-ambiental-interpretacion-practicas-y-desafios\\\/#breadcrumb\"},\"inLanguage\":\"es\",\"potentialAction\":[{\"@type\":\"ReadAction\",\"target\":[\"https:\\\/\\\/bibliotecavigil.org.ar\\\/inicio\\\/dialogos-educativos-ley-de-educacion-ambiental-interpretacion-practicas-y-desafios\\\/\"]}]},{\"@type\":\"ImageObject\",\"inLanguage\":\"es\",\"@id\":\"https:\\\/\\\/bibliotecavigil.org.ar\\\/inicio\\\/dialogos-educativos-ley-de-educacion-ambiental-interpretacion-practicas-y-desafios\\\/#primaryimage\",\"url\":\"https:\\\/\\\/bibliotecavigil.org.ar\\\/inicio\\\/wp-content\\\/uploads\\\/2022\\\/05\\\/conversatorio-01-web.jpg\",\"contentUrl\":\"https:\\\/\\\/bibliotecavigil.org.ar\\\/inicio\\\/wp-content\\\/uploads\\\/2022\\\/05\\\/conversatorio-01-web.jpg\",\"width\":1667,\"height\":1042},{\"@type\":\"BreadcrumbList\",\"@id\":\"https:\\\/\\\/bibliotecavigil.org.ar\\\/inicio\\\/dialogos-educativos-ley-de-educacion-ambiental-interpretacion-practicas-y-desafios\\\/#breadcrumb\",\"itemListElement\":[{\"@type\":\"ListItem\",\"position\":1,\"name\":\"Portada\",\"item\":\"https:\\\/\\\/bibliotecavigil.org.ar\\\/inicio\\\/\"},{\"@type\":\"ListItem\",\"position\":2,\"name\":\"Di\u00e1logos Educativos: \u201cLey de Educaci\u00f3n Ambiental: Interpretaci\u00f3n, pr\u00e1cticas y desaf\u00edos\u201d\"}]},{\"@type\":\"WebSite\",\"@id\":\"https:\\\/\\\/bibliotecavigil.org.ar\\\/inicio\\\/#website\",\"url\":\"https:\\\/\\\/bibliotecavigil.org.ar\\\/inicio\\\/\",\"name\":\"Biblioteca Vigil\",\"description\":\"Biblioteca Popular C C Vigil\",\"publisher\":{\"@id\":\"https:\\\/\\\/bibliotecavigil.org.ar\\\/inicio\\\/#organization\"},\"potentialAction\":[{\"@type\":\"SearchAction\",\"target\":{\"@type\":\"EntryPoint\",\"urlTemplate\":\"https:\\\/\\\/bibliotecavigil.org.ar\\\/inicio\\\/?s={search_term_string}\"},\"query-input\":{\"@type\":\"PropertyValueSpecification\",\"valueRequired\":true,\"valueName\":\"search_term_string\"}}],\"inLanguage\":\"es\"},{\"@type\":\"Organization\",\"@id\":\"https:\\\/\\\/bibliotecavigil.org.ar\\\/inicio\\\/#organization\",\"name\":\"Biblioteca Popular C.C.Vigil\",\"url\":\"https:\\\/\\\/bibliotecavigil.org.ar\\\/inicio\\\/\",\"logo\":{\"@type\":\"ImageObject\",\"inLanguage\":\"es\",\"@id\":\"https:\\\/\\\/bibliotecavigil.org.ar\\\/inicio\\\/#\\\/schema\\\/logo\\\/image\\\/\",\"url\":\"https:\\\/\\\/bibliotecavigil.org.ar\\\/inicio\\\/wp-content\\\/uploads\\\/2023\\\/06\\\/Logo-sin-texto-gif.gif\",\"contentUrl\":\"https:\\\/\\\/bibliotecavigil.org.ar\\\/inicio\\\/wp-content\\\/uploads\\\/2023\\\/06\\\/Logo-sin-texto-gif.gif\",\"width\":1487,\"height\":1604,\"caption\":\"Biblioteca Popular C.C.Vigil\"},\"image\":{\"@id\":\"https:\\\/\\\/bibliotecavigil.org.ar\\\/inicio\\\/#\\\/schema\\\/logo\\\/image\\\/\"}},{\"@type\":\"Person\",\"@id\":\"https:\\\/\\\/bibliotecavigil.org.ar\\\/inicio\\\/#\\\/schema\\\/person\\\/98530bc117d5fa50c5dc01b4fd8d3700\",\"name\":\"Biblioteca Vigil\",\"image\":{\"@type\":\"ImageObject\",\"inLanguage\":\"es\",\"@id\":\"https:\\\/\\\/secure.gravatar.com\\\/avatar\\\/a96b6054dc4c80cde596e2c3f42d23e4f769e395116bf277fb508315b9d8a5c5?s=96&d=mm&r=g\",\"url\":\"https:\\\/\\\/secure.gravatar.com\\\/avatar\\\/a96b6054dc4c80cde596e2c3f42d23e4f769e395116bf277fb508315b9d8a5c5?s=96&d=mm&r=g\",\"contentUrl\":\"https:\\\/\\\/secure.gravatar.com\\\/avatar\\\/a96b6054dc4c80cde596e2c3f42d23e4f769e395116bf277fb508315b9d8a5c5?s=96&d=mm&r=g\",\"caption\":\"Biblioteca Vigil\"},\"url\":\"https:\\\/\\\/bibliotecavigil.org.ar\\\/inicio\\\/author\\\/comunicacion\\\/\"}]}<\/script>\n<!-- \/ Yoast SEO plugin. -->","yoast_head_json":{"title":"Di\u00e1logos Educativos: \u201cLey de Educaci\u00f3n Ambiental: Interpretaci\u00f3n, pr\u00e1cticas y desaf\u00edos\u201d - Biblioteca Vigil","robots":{"index":"index","follow":"follow","max-snippet":"max-snippet:-1","max-image-preview":"max-image-preview:large","max-video-preview":"max-video-preview:-1"},"canonical":"https:\/\/bibliotecavigil.org.ar\/inicio\/dialogos-educativos-ley-de-educacion-ambiental-interpretacion-practicas-y-desafios\/","og_locale":"es_ES","og_type":"article","og_title":"Di\u00e1logos Educativos: \u201cLey de Educaci\u00f3n Ambiental: Interpretaci\u00f3n, pr\u00e1cticas y desaf\u00edos\u201d - Biblioteca Vigil","og_description":"\u00a1Agenda! Estrenamos un nuevo Conversatorio Virtual del Ciclo \u201cDi\u00e1logos Educativos\u201d organizado junto al Houssay en nuestro canal de YouTube. \u25ba \u201cLey de Educaci\u00f3n Ambiental: Interpretaci\u00f3n, pr\u00e1cticas y desaf\u00edos\u201d A partir de la sanci\u00f3n de la Ley de Educaci\u00f3n Ambiental Integral, se intenta delinear un posicionamiento \u00e9tico, pol\u00edtico y democr\u00e1tico que posibilite la construcci\u00f3n de un [&hellip;]","og_url":"https:\/\/bibliotecavigil.org.ar\/inicio\/dialogos-educativos-ley-de-educacion-ambiental-interpretacion-practicas-y-desafios\/","og_site_name":"Biblioteca Vigil","article_published_time":"2022-05-31T19:57:58+00:00","article_modified_time":"2022-05-31T20:29:36+00:00","og_image":[{"width":1667,"height":1042,"url":"https:\/\/bibliotecavigil.org.ar\/inicio\/wp-content\/uploads\/2022\/05\/conversatorio-01-web.jpg","type":"image\/jpeg"}],"author":"Biblioteca Vigil","twitter_card":"summary_large_image","twitter_misc":{"Escrito por":"Biblioteca Vigil","Tiempo de lectura":"1 minuto"},"schema":{"@context":"https:\/\/schema.org","@graph":[{"@type":"Article","@id":"https:\/\/bibliotecavigil.org.ar\/inicio\/dialogos-educativos-ley-de-educacion-ambiental-interpretacion-practicas-y-desafios\/#article","isPartOf":{"@id":"https:\/\/bibliotecavigil.org.ar\/inicio\/dialogos-educativos-ley-de-educacion-ambiental-interpretacion-practicas-y-desafios\/"},"author":{"name":"Biblioteca Vigil","@id":"https:\/\/bibliotecavigil.org.ar\/inicio\/#\/schema\/person\/98530bc117d5fa50c5dc01b4fd8d3700"},"headline":"Di\u00e1logos Educativos: \u201cLey de Educaci\u00f3n Ambiental: Interpretaci\u00f3n, pr\u00e1cticas y desaf\u00edos\u201d","datePublished":"2022-05-31T19:57:58+00:00","dateModified":"2022-05-31T20:29:36+00:00","mainEntityOfPage":{"@id":"https:\/\/bibliotecavigil.org.ar\/inicio\/dialogos-educativos-ley-de-educacion-ambiental-interpretacion-practicas-y-desafios\/"},"wordCount":137,"commentCount":0,"publisher":{"@id":"https:\/\/bibliotecavigil.org.ar\/inicio\/#organization"},"image":{"@id":"https:\/\/bibliotecavigil.org.ar\/inicio\/dialogos-educativos-ley-de-educacion-ambiental-interpretacion-practicas-y-desafios\/#primaryimage"},"thumbnailUrl":"https:\/\/bibliotecavigil.org.ar\/inicio\/wp-content\/uploads\/2022\/05\/conversatorio-01-web.jpg","keywords":["ambientaleducacionambiental","conversatorio","dialogos","educacion","educativos","houssay","ley","vigil","virtual"],"articleSection":["Noticias"],"inLanguage":"es","potentialAction":[{"@type":"CommentAction","name":"Comment","target":["https:\/\/bibliotecavigil.org.ar\/inicio\/dialogos-educativos-ley-de-educacion-ambiental-interpretacion-practicas-y-desafios\/#respond"]}]},{"@type":"WebPage","@id":"https:\/\/bibliotecavigil.org.ar\/inicio\/dialogos-educativos-ley-de-educacion-ambiental-interpretacion-practicas-y-desafios\/","url":"https:\/\/bibliotecavigil.org.ar\/inicio\/dialogos-educativos-ley-de-educacion-ambiental-interpretacion-practicas-y-desafios\/","name":"Di\u00e1logos Educativos: \u201cLey de Educaci\u00f3n Ambiental: Interpretaci\u00f3n, pr\u00e1cticas y desaf\u00edos\u201d - Biblioteca Vigil","isPartOf":{"@id":"https:\/\/bibliotecavigil.org.ar\/inicio\/#website"},"primaryImageOfPage":{"@id":"https:\/\/bibliotecavigil.org.ar\/inicio\/dialogos-educativos-ley-de-educacion-ambiental-interpretacion-practicas-y-desafios\/#primaryimage"},"image":{"@id":"https:\/\/bibliotecavigil.org.ar\/inicio\/dialogos-educativos-ley-de-educacion-ambiental-interpretacion-practicas-y-desafios\/#primaryimage"},"thumbnailUrl":"https:\/\/bibliotecavigil.org.ar\/inicio\/wp-content\/uploads\/2022\/05\/conversatorio-01-web.jpg","datePublished":"2022-05-31T19:57:58+00:00","dateModified":"2022-05-31T20:29:36+00:00","breadcrumb":{"@id":"https:\/\/bibliotecavigil.org.ar\/inicio\/dialogos-educativos-ley-de-educacion-ambiental-interpretacion-practicas-y-desafios\/#breadcrumb"},"inLanguage":"es","potentialAction":[{"@type":"ReadAction","target":["https:\/\/bibliotecavigil.org.ar\/inicio\/dialogos-educativos-ley-de-educacion-ambiental-interpretacion-practicas-y-desafios\/"]}]},{"@type":"ImageObject","inLanguage":"es","@id":"https:\/\/bibliotecavigil.org.ar\/inicio\/dialogos-educativos-ley-de-educacion-ambiental-interpretacion-practicas-y-desafios\/#primaryimage","url":"https:\/\/bibliotecavigil.org.ar\/inicio\/wp-content\/uploads\/2022\/05\/conversatorio-01-web.jpg","contentUrl":"https:\/\/bibliotecavigil.org.ar\/inicio\/wp-content\/uploads\/2022\/05\/conversatorio-01-web.jpg","width":1667,"height":1042},{"@type":"BreadcrumbList","@id":"https:\/\/bibliotecavigil.org.ar\/inicio\/dialogos-educativos-ley-de-educacion-ambiental-interpretacion-practicas-y-desafios\/#breadcrumb","itemListElement":[{"@type":"ListItem","position":1,"name":"Portada","item":"https:\/\/bibliotecavigil.org.ar\/inicio\/"},{"@type":"ListItem","position":2,"name":"Di\u00e1logos Educativos: \u201cLey de Educaci\u00f3n Ambiental: Interpretaci\u00f3n, pr\u00e1cticas y desaf\u00edos\u201d"}]},{"@type":"WebSite","@id":"https:\/\/bibliotecavigil.org.ar\/inicio\/#website","url":"https:\/\/bibliotecavigil.org.ar\/inicio\/","name":"Biblioteca Vigil","description":"Biblioteca Popular C C Vigil","publisher":{"@id":"https:\/\/bibliotecavigil.org.ar\/inicio\/#organization"},"potentialAction":[{"@type":"SearchAction","target":{"@type":"EntryPoint","urlTemplate":"https:\/\/bibliotecavigil.org.ar\/inicio\/?s={search_term_string}"},"query-input":{"@type":"PropertyValueSpecification","valueRequired":true,"valueName":"search_term_string"}}],"inLanguage":"es"},{"@type":"Organization","@id":"https:\/\/bibliotecavigil.org.ar\/inicio\/#organization","name":"Biblioteca Popular C.C.Vigil","url":"https:\/\/bibliotecavigil.org.ar\/inicio\/","logo":{"@type":"ImageObject","inLanguage":"es","@id":"https:\/\/bibliotecavigil.org.ar\/inicio\/#\/schema\/logo\/image\/","url":"https:\/\/bibliotecavigil.org.ar\/inicio\/wp-content\/uploads\/2023\/06\/Logo-sin-texto-gif.gif","contentUrl":"https:\/\/bibliotecavigil.org.ar\/inicio\/wp-content\/uploads\/2023\/06\/Logo-sin-texto-gif.gif","width":1487,"height":1604,"caption":"Biblioteca Popular C.C.Vigil"},"image":{"@id":"https:\/\/bibliotecavigil.org.ar\/inicio\/#\/schema\/logo\/image\/"}},{"@type":"Person","@id":"https:\/\/bibliotecavigil.org.ar\/inicio\/#\/schema\/person\/98530bc117d5fa50c5dc01b4fd8d3700","name":"Biblioteca Vigil","image":{"@type":"ImageObject","inLanguage":"es","@id":"https:\/\/secure.gravatar.com\/avatar\/a96b6054dc4c80cde596e2c3f42d23e4f769e395116bf277fb508315b9d8a5c5?s=96&d=mm&r=g","url":"https:\/\/secure.gravatar.com\/avatar\/a96b6054dc4c80cde596e2c3f42d23e4f769e395116bf277fb508315b9d8a5c5?s=96&d=mm&r=g","contentUrl":"https:\/\/secure.gravatar.com\/avatar\/a96b6054dc4c80cde596e2c3f42d23e4f769e395116bf277fb508315b9d8a5c5?s=96&d=mm&r=g","caption":"Biblioteca Vigil"},"url":"https:\/\/bibliotecavigil.org.ar\/inicio\/author\/comunicacion\/"}]}},"_links":{"self":[{"href":"https:\/\/bibliotecavigil.org.ar\/inicio\/wp-json\/wp\/v2\/posts\/30781","targetHints":{"allow":["GET"]}}],"collection":[{"href":"https:\/\/bibliotecavigil.org.ar\/inicio\/wp-json\/wp\/v2\/posts"}],"about":[{"href":"https:\/\/bibliotecavigil.org.ar\/inicio\/wp-json\/wp\/v2\/types\/post"}],"author":[{"embeddable":true,"href":"https:\/\/bibliotecavigil.org.ar\/inicio\/wp-json\/wp\/v2\/users\/3"}],"replies":[{"embeddable":true,"href":"https:\/\/bibliotecavigil.org.ar\/inicio\/wp-json\/wp\/v2\/comments?post=30781"}],"version-history":[{"count":3,"href":"https:\/\/bibliotecavigil.org.ar\/inicio\/wp-json\/wp\/v2\/posts\/30781\/revisions"}],"predecessor-version":[{"id":30787,"href":"https:\/\/bibliotecavigil.org.ar\/inicio\/wp-json\/wp\/v2\/posts\/30781\/revisions\/30787"}],"wp:featuredmedia":[{"embeddable":true,"href":"https:\/\/bibliotecavigil.org.ar\/inicio\/wp-json\/wp\/v2\/media\/30783"}],"wp:attachment":[{"href":"https:\/\/bibliotecavigil.org.ar\/inicio\/wp-json\/wp\/v2\/media?parent=30781"}],"wp:term":[{"taxonomy":"category","embeddable":true,"href":"https:\/\/bibliotecavigil.org.ar\/inicio\/wp-json\/wp\/v2\/categories?post=30781"},{"taxonomy":"post_tag","embeddable":true,"href":"https:\/\/bibliotecavigil.org.ar\/inicio\/wp-json\/wp\/v2\/tags?post=30781"}],"curies":[{"name":"wp","href":"https:\/\/api.w.org\/{rel}","templated":true}]}}