{"id":30872,"date":"2022-07-01T15:49:55","date_gmt":"2022-07-01T18:49:55","guid":{"rendered":"https:\/\/bibliotecavigil.org.ar\/inicio\/?p=30872"},"modified":"2022-07-01T17:11:50","modified_gmt":"2022-07-01T20:11:50","slug":"vacaciones-de-invierno-en-el-teatro-vigil","status":"publish","type":"post","link":"https:\/\/bibliotecavigil.org.ar\/inicio\/vacaciones-de-invierno-en-el-teatro-vigil\/","title":{"rendered":"\u00a1Vacaciones de invierno en el Teatro Vigil!"},"content":{"rendered":"\n<p><br>Por fin llegaron las vacaciones de invierno y en Vigil traemos una propuesta ideal para aprovecharlas: tres funciones con entrada libre y #GRATUITA para socixs y no socixs, para que todxs puedan disfrutar del teatro en La Saulo.<\/p>\n\n\n\n<p>\u25ba <strong>19\/7 16.00 h Frankenstein, un amigo diferente<\/strong> dirigida por Simonel Piacatelli <\/p>\n\n\n\n<p>Frankenstein, un amigo diferente es una adaptaci\u00f3n teatral infantil del cl\u00e1sico escrito por Mary Shelley hace dos siglos. Esta obra nos invita con humor y ternura a jugar con ese peque\u00f1o gran monstruo que todos llevamos adentro. En esta versi\u00f3n, el monstruo protagonista no es vengativo sino piadoso, es un ser cargado de bondad, que asume su condici\u00f3n no-humana y su aspecto algo aterrador para construir v\u00ednculos genuinos donde la apariencia no sea una medida de valor.<\/p>\n\n\n\n<p><br>\u25ba <strong>21\/7 16.00 h No apagues la luz<\/strong> [Teatro de T\u00edteres] de Pablo Aguiar <br>Juli\u00e1n le tiene miedo a la oscuridad y necesita que est\u00e9n encendidas todas las luces de su dormitorio. Pucho es un gato que tambi\u00e9n le teme a la oscuridad y escap\u00e1ndose de un mundo extra\u00f1o, llega por casualidad al cuarto de Juli\u00e1n. Pero no es el \u00fanico que descubri\u00f3 el dormitorio! Tambi\u00e9n lleg\u00f3 el mayor de los temores de ambos&#8230;.<\/p>\n\n\n\n<p><br>\u25ba <strong>23\/7 20.30 h REM <\/strong>de Veneno Circo <br>Espect\u00e1culo que utiliza el g\u00e9nero del realismo m\u00e1gico para fusionar diferentes artes esc\u00e9nicas, como circo, el teatro y la danza. Creando un lenguaje \u00fanico, con el cual construye su propio universo particular, esta historia comienza cuando una persona despierta dentro de su propio sue\u00f1o. En ese momento inicia esta aventura en una dimensi\u00f3n paralela a la realidad donde se encuentra con seres particulares que lo introducen a este fascinante mundo on\u00edrico.<\/p>\n\n\n\n<p><br>\u25ac <strong>A partir del lunes 4\/07 pod\u00e9s retirar las entradas gratuitas en La Vigil (Gaboto 450) de lunes a viernes de 14 a 20hs.<\/strong><br><br>\u00a1Nos vemos en el&nbsp;#Teatro!<\/p>\n\n\n\n<p>La Vigil es Cultura Popular en Movimiento<\/p>\n\n\n\n<figure class=\"wp-block-image size-large\"><a href=\"https:\/\/bibliotecavigil.org.ar\/inicio\/wp-content\/uploads\/2022\/07\/Frankenstein.jpeg\"><img decoding=\"async\" width=\"724\" height=\"1024\" data-src=\"https:\/\/bibliotecavigil.org.ar\/inicio\/wp-content\/uploads\/2022\/07\/Frankenstein-724x1024.jpeg\" alt=\"\" class=\"wp-image-30883 lazyload\" data-srcset=\"https:\/\/bibliotecavigil.org.ar\/inicio\/wp-content\/uploads\/2022\/07\/Frankenstein-724x1024.jpeg 724w, https:\/\/bibliotecavigil.org.ar\/inicio\/wp-content\/uploads\/2022\/07\/Frankenstein-480x679.jpeg 480w\" data-sizes=\"(min-width: 0px) and (max-width: 480px) 480px, (min-width: 481px) 724px, 100vw\" src=\"data:image\/svg+xml;base64,PHN2ZyB3aWR0aD0iMSIgaGVpZ2h0PSIxIiB4bWxucz0iaHR0cDovL3d3dy53My5vcmcvMjAwMC9zdmciPjwvc3ZnPg==\" style=\"--smush-placeholder-width: 724px; --smush-placeholder-aspect-ratio: 724\/1024;\" \/><\/a><\/figure>\n\n\n\n<p><\/p>\n\n\n\n<figure class=\"wp-block-image size-large\"><a href=\"https:\/\/bibliotecavigil.org.ar\/inicio\/wp-content\/uploads\/2022\/07\/No-apagues-la-luz.jpeg\"><img decoding=\"async\" width=\"724\" height=\"1024\" data-src=\"https:\/\/bibliotecavigil.org.ar\/inicio\/wp-content\/uploads\/2022\/07\/No-apagues-la-luz-724x1024.jpeg\" alt=\"\" class=\"wp-image-30874 lazyload\" data-srcset=\"https:\/\/bibliotecavigil.org.ar\/inicio\/wp-content\/uploads\/2022\/07\/No-apagues-la-luz-724x1024.jpeg 724w, https:\/\/bibliotecavigil.org.ar\/inicio\/wp-content\/uploads\/2022\/07\/No-apagues-la-luz-480x679.jpeg 480w\" data-sizes=\"(min-width: 0px) and (max-width: 480px) 480px, (min-width: 481px) 724px, 100vw\" src=\"data:image\/svg+xml;base64,PHN2ZyB3aWR0aD0iMSIgaGVpZ2h0PSIxIiB4bWxucz0iaHR0cDovL3d3dy53My5vcmcvMjAwMC9zdmciPjwvc3ZnPg==\" style=\"--smush-placeholder-width: 724px; --smush-placeholder-aspect-ratio: 724\/1024;\" \/><\/a><\/figure>\n\n\n\n<p><\/p>\n\n\n\n<figure class=\"wp-block-image size-large\"><a href=\"https:\/\/bibliotecavigil.org.ar\/inicio\/wp-content\/uploads\/2022\/07\/Rem.jpeg\"><img decoding=\"async\" width=\"724\" height=\"1024\" data-src=\"https:\/\/bibliotecavigil.org.ar\/inicio\/wp-content\/uploads\/2022\/07\/Rem-724x1024.jpeg\" alt=\"\" class=\"wp-image-30875 lazyload\" data-srcset=\"https:\/\/bibliotecavigil.org.ar\/inicio\/wp-content\/uploads\/2022\/07\/Rem-724x1024.jpeg 724w, https:\/\/bibliotecavigil.org.ar\/inicio\/wp-content\/uploads\/2022\/07\/Rem-480x679.jpeg 480w\" data-sizes=\"(min-width: 0px) and (max-width: 480px) 480px, (min-width: 481px) 724px, 100vw\" src=\"data:image\/svg+xml;base64,PHN2ZyB3aWR0aD0iMSIgaGVpZ2h0PSIxIiB4bWxucz0iaHR0cDovL3d3dy53My5vcmcvMjAwMC9zdmciPjwvc3ZnPg==\" style=\"--smush-placeholder-width: 724px; --smush-placeholder-aspect-ratio: 724\/1024;\" \/><\/a><\/figure>\n","protected":false},"excerpt":{"rendered":"<p>Por fin llegaron las vacaciones de invierno y en Vigil traemos una propuesta ideal para aprovecharlas: tres funciones con entrada libre y #GRATUITA para socixs y no socixs, para que todxs puedan disfrutar del teatro en La Saulo. \u25ba 19\/7 16.00 h Frankenstein, un amigo diferente dirigida por Simonel Piacatelli Frankenstein, un amigo diferente es [&hellip;]<\/p>\n","protected":false},"author":3,"featured_media":30876,"comment_status":"open","ping_status":"closed","sticky":false,"template":"","format":"standard","meta":{"_et_pb_use_builder":"off","_et_pb_old_content":"","_et_gb_content_width":"1920","footnotes":""},"categories":[16],"tags":[256,224,258,257,118,254,48],"class_list":["post-30872","post","type-post","status-publish","format-standard","has-post-thumbnail","hentry","category-noticias","tag-frankenstein","tag-lavigil","tag-noapagueslaluz","tag-rem","tag-teatro","tag-vacaciones","tag-vigil"],"yoast_head":"<!-- This site is optimized with the Yoast SEO plugin v27.3 - https:\/\/yoast.com\/product\/yoast-seo-wordpress\/ -->\n<title>\u00a1Vacaciones de invierno en el Teatro Vigil! - Biblioteca Vigil<\/title>\n<meta name=\"robots\" content=\"index, follow, max-snippet:-1, max-image-preview:large, max-video-preview:-1\" \/>\n<link rel=\"canonical\" href=\"https:\/\/bibliotecavigil.org.ar\/inicio\/vacaciones-de-invierno-en-el-teatro-vigil\/\" \/>\n<meta property=\"og:locale\" content=\"es_ES\" \/>\n<meta property=\"og:type\" content=\"article\" \/>\n<meta property=\"og:title\" content=\"\u00a1Vacaciones de invierno en el Teatro Vigil! - Biblioteca Vigil\" \/>\n<meta property=\"og:description\" content=\"Por fin llegaron las vacaciones de invierno y en Vigil traemos una propuesta ideal para aprovecharlas: tres funciones con entrada libre y #GRATUITA para socixs y no socixs, para que todxs puedan disfrutar del teatro en La Saulo. \u25ba 19\/7 16.00 h Frankenstein, un amigo diferente dirigida por Simonel Piacatelli Frankenstein, un amigo diferente es [&hellip;]\" \/>\n<meta property=\"og:url\" content=\"https:\/\/bibliotecavigil.org.ar\/inicio\/vacaciones-de-invierno-en-el-teatro-vigil\/\" \/>\n<meta property=\"og:site_name\" content=\"Biblioteca Vigil\" \/>\n<meta property=\"article:published_time\" content=\"2022-07-01T18:49:55+00:00\" \/>\n<meta property=\"article:modified_time\" content=\"2022-07-01T20:11:50+00:00\" \/>\n<meta property=\"og:image\" content=\"https:\/\/bibliotecavigil.org.ar\/inicio\/wp-content\/uploads\/2022\/07\/Agenda-julio-web-copia.jpg\" \/>\n\t<meta property=\"og:image:width\" content=\"1667\" \/>\n\t<meta property=\"og:image:height\" content=\"1042\" \/>\n\t<meta property=\"og:image:type\" content=\"image\/jpeg\" \/>\n<meta name=\"author\" content=\"Biblioteca Vigil\" \/>\n<meta name=\"twitter:card\" content=\"summary_large_image\" \/>\n<meta name=\"twitter:label1\" content=\"Escrito por\" \/>\n\t<meta name=\"twitter:data1\" content=\"Biblioteca Vigil\" \/>\n\t<meta name=\"twitter:label2\" content=\"Tiempo de lectura\" \/>\n\t<meta name=\"twitter:data2\" content=\"3 minutos\" \/>\n<script type=\"application\/ld+json\" class=\"yoast-schema-graph\">{\"@context\":\"https:\\\/\\\/schema.org\",\"@graph\":[{\"@type\":\"Article\",\"@id\":\"https:\\\/\\\/bibliotecavigil.org.ar\\\/inicio\\\/vacaciones-de-invierno-en-el-teatro-vigil\\\/#article\",\"isPartOf\":{\"@id\":\"https:\\\/\\\/bibliotecavigil.org.ar\\\/inicio\\\/vacaciones-de-invierno-en-el-teatro-vigil\\\/\"},\"author\":{\"name\":\"Biblioteca Vigil\",\"@id\":\"https:\\\/\\\/bibliotecavigil.org.ar\\\/inicio\\\/#\\\/schema\\\/person\\\/98530bc117d5fa50c5dc01b4fd8d3700\"},\"headline\":\"\u00a1Vacaciones de invierno en el Teatro Vigil!\",\"datePublished\":\"2022-07-01T18:49:55+00:00\",\"dateModified\":\"2022-07-01T20:11:50+00:00\",\"mainEntityOfPage\":{\"@id\":\"https:\\\/\\\/bibliotecavigil.org.ar\\\/inicio\\\/vacaciones-de-invierno-en-el-teatro-vigil\\\/\"},\"wordCount\":333,\"commentCount\":0,\"publisher\":{\"@id\":\"https:\\\/\\\/bibliotecavigil.org.ar\\\/inicio\\\/#organization\"},\"image\":{\"@id\":\"https:\\\/\\\/bibliotecavigil.org.ar\\\/inicio\\\/vacaciones-de-invierno-en-el-teatro-vigil\\\/#primaryimage\"},\"thumbnailUrl\":\"https:\\\/\\\/bibliotecavigil.org.ar\\\/inicio\\\/wp-content\\\/uploads\\\/2022\\\/07\\\/Agenda-julio-web-copia.jpg\",\"keywords\":[\"frankenstein\",\"lavigil\",\"noapagueslaluz\",\"rem\",\"teatro\",\"vacaciones\",\"vigil\"],\"articleSection\":[\"Noticias\"],\"inLanguage\":\"es\",\"potentialAction\":[{\"@type\":\"CommentAction\",\"name\":\"Comment\",\"target\":[\"https:\\\/\\\/bibliotecavigil.org.ar\\\/inicio\\\/vacaciones-de-invierno-en-el-teatro-vigil\\\/#respond\"]}]},{\"@type\":\"WebPage\",\"@id\":\"https:\\\/\\\/bibliotecavigil.org.ar\\\/inicio\\\/vacaciones-de-invierno-en-el-teatro-vigil\\\/\",\"url\":\"https:\\\/\\\/bibliotecavigil.org.ar\\\/inicio\\\/vacaciones-de-invierno-en-el-teatro-vigil\\\/\",\"name\":\"\u00a1Vacaciones de invierno en el Teatro Vigil! - Biblioteca Vigil\",\"isPartOf\":{\"@id\":\"https:\\\/\\\/bibliotecavigil.org.ar\\\/inicio\\\/#website\"},\"primaryImageOfPage\":{\"@id\":\"https:\\\/\\\/bibliotecavigil.org.ar\\\/inicio\\\/vacaciones-de-invierno-en-el-teatro-vigil\\\/#primaryimage\"},\"image\":{\"@id\":\"https:\\\/\\\/bibliotecavigil.org.ar\\\/inicio\\\/vacaciones-de-invierno-en-el-teatro-vigil\\\/#primaryimage\"},\"thumbnailUrl\":\"https:\\\/\\\/bibliotecavigil.org.ar\\\/inicio\\\/wp-content\\\/uploads\\\/2022\\\/07\\\/Agenda-julio-web-copia.jpg\",\"datePublished\":\"2022-07-01T18:49:55+00:00\",\"dateModified\":\"2022-07-01T20:11:50+00:00\",\"breadcrumb\":{\"@id\":\"https:\\\/\\\/bibliotecavigil.org.ar\\\/inicio\\\/vacaciones-de-invierno-en-el-teatro-vigil\\\/#breadcrumb\"},\"inLanguage\":\"es\",\"potentialAction\":[{\"@type\":\"ReadAction\",\"target\":[\"https:\\\/\\\/bibliotecavigil.org.ar\\\/inicio\\\/vacaciones-de-invierno-en-el-teatro-vigil\\\/\"]}]},{\"@type\":\"ImageObject\",\"inLanguage\":\"es\",\"@id\":\"https:\\\/\\\/bibliotecavigil.org.ar\\\/inicio\\\/vacaciones-de-invierno-en-el-teatro-vigil\\\/#primaryimage\",\"url\":\"https:\\\/\\\/bibliotecavigil.org.ar\\\/inicio\\\/wp-content\\\/uploads\\\/2022\\\/07\\\/Agenda-julio-web-copia.jpg\",\"contentUrl\":\"https:\\\/\\\/bibliotecavigil.org.ar\\\/inicio\\\/wp-content\\\/uploads\\\/2022\\\/07\\\/Agenda-julio-web-copia.jpg\",\"width\":1667,\"height\":1042},{\"@type\":\"BreadcrumbList\",\"@id\":\"https:\\\/\\\/bibliotecavigil.org.ar\\\/inicio\\\/vacaciones-de-invierno-en-el-teatro-vigil\\\/#breadcrumb\",\"itemListElement\":[{\"@type\":\"ListItem\",\"position\":1,\"name\":\"Portada\",\"item\":\"https:\\\/\\\/bibliotecavigil.org.ar\\\/inicio\\\/\"},{\"@type\":\"ListItem\",\"position\":2,\"name\":\"\u00a1Vacaciones de invierno en el Teatro Vigil!\"}]},{\"@type\":\"WebSite\",\"@id\":\"https:\\\/\\\/bibliotecavigil.org.ar\\\/inicio\\\/#website\",\"url\":\"https:\\\/\\\/bibliotecavigil.org.ar\\\/inicio\\\/\",\"name\":\"Biblioteca Vigil\",\"description\":\"Biblioteca Popular C C Vigil\",\"publisher\":{\"@id\":\"https:\\\/\\\/bibliotecavigil.org.ar\\\/inicio\\\/#organization\"},\"potentialAction\":[{\"@type\":\"SearchAction\",\"target\":{\"@type\":\"EntryPoint\",\"urlTemplate\":\"https:\\\/\\\/bibliotecavigil.org.ar\\\/inicio\\\/?s={search_term_string}\"},\"query-input\":{\"@type\":\"PropertyValueSpecification\",\"valueRequired\":true,\"valueName\":\"search_term_string\"}}],\"inLanguage\":\"es\"},{\"@type\":\"Organization\",\"@id\":\"https:\\\/\\\/bibliotecavigil.org.ar\\\/inicio\\\/#organization\",\"name\":\"Biblioteca Popular C.C.Vigil\",\"url\":\"https:\\\/\\\/bibliotecavigil.org.ar\\\/inicio\\\/\",\"logo\":{\"@type\":\"ImageObject\",\"inLanguage\":\"es\",\"@id\":\"https:\\\/\\\/bibliotecavigil.org.ar\\\/inicio\\\/#\\\/schema\\\/logo\\\/image\\\/\",\"url\":\"https:\\\/\\\/bibliotecavigil.org.ar\\\/inicio\\\/wp-content\\\/uploads\\\/2023\\\/06\\\/Logo-sin-texto-gif.gif\",\"contentUrl\":\"https:\\\/\\\/bibliotecavigil.org.ar\\\/inicio\\\/wp-content\\\/uploads\\\/2023\\\/06\\\/Logo-sin-texto-gif.gif\",\"width\":1487,\"height\":1604,\"caption\":\"Biblioteca Popular C.C.Vigil\"},\"image\":{\"@id\":\"https:\\\/\\\/bibliotecavigil.org.ar\\\/inicio\\\/#\\\/schema\\\/logo\\\/image\\\/\"}},{\"@type\":\"Person\",\"@id\":\"https:\\\/\\\/bibliotecavigil.org.ar\\\/inicio\\\/#\\\/schema\\\/person\\\/98530bc117d5fa50c5dc01b4fd8d3700\",\"name\":\"Biblioteca Vigil\",\"image\":{\"@type\":\"ImageObject\",\"inLanguage\":\"es\",\"@id\":\"https:\\\/\\\/secure.gravatar.com\\\/avatar\\\/a96b6054dc4c80cde596e2c3f42d23e4f769e395116bf277fb508315b9d8a5c5?s=96&d=mm&r=g\",\"url\":\"https:\\\/\\\/secure.gravatar.com\\\/avatar\\\/a96b6054dc4c80cde596e2c3f42d23e4f769e395116bf277fb508315b9d8a5c5?s=96&d=mm&r=g\",\"contentUrl\":\"https:\\\/\\\/secure.gravatar.com\\\/avatar\\\/a96b6054dc4c80cde596e2c3f42d23e4f769e395116bf277fb508315b9d8a5c5?s=96&d=mm&r=g\",\"caption\":\"Biblioteca Vigil\"},\"url\":\"https:\\\/\\\/bibliotecavigil.org.ar\\\/inicio\\\/author\\\/comunicacion\\\/\"}]}<\/script>\n<!-- \/ Yoast SEO plugin. -->","yoast_head_json":{"title":"\u00a1Vacaciones de invierno en el Teatro Vigil! - Biblioteca Vigil","robots":{"index":"index","follow":"follow","max-snippet":"max-snippet:-1","max-image-preview":"max-image-preview:large","max-video-preview":"max-video-preview:-1"},"canonical":"https:\/\/bibliotecavigil.org.ar\/inicio\/vacaciones-de-invierno-en-el-teatro-vigil\/","og_locale":"es_ES","og_type":"article","og_title":"\u00a1Vacaciones de invierno en el Teatro Vigil! - Biblioteca Vigil","og_description":"Por fin llegaron las vacaciones de invierno y en Vigil traemos una propuesta ideal para aprovecharlas: tres funciones con entrada libre y #GRATUITA para socixs y no socixs, para que todxs puedan disfrutar del teatro en La Saulo. \u25ba 19\/7 16.00 h Frankenstein, un amigo diferente dirigida por Simonel Piacatelli Frankenstein, un amigo diferente es [&hellip;]","og_url":"https:\/\/bibliotecavigil.org.ar\/inicio\/vacaciones-de-invierno-en-el-teatro-vigil\/","og_site_name":"Biblioteca Vigil","article_published_time":"2022-07-01T18:49:55+00:00","article_modified_time":"2022-07-01T20:11:50+00:00","og_image":[{"width":1667,"height":1042,"url":"https:\/\/bibliotecavigil.org.ar\/inicio\/wp-content\/uploads\/2022\/07\/Agenda-julio-web-copia.jpg","type":"image\/jpeg"}],"author":"Biblioteca Vigil","twitter_card":"summary_large_image","twitter_misc":{"Escrito por":"Biblioteca Vigil","Tiempo de lectura":"3 minutos"},"schema":{"@context":"https:\/\/schema.org","@graph":[{"@type":"Article","@id":"https:\/\/bibliotecavigil.org.ar\/inicio\/vacaciones-de-invierno-en-el-teatro-vigil\/#article","isPartOf":{"@id":"https:\/\/bibliotecavigil.org.ar\/inicio\/vacaciones-de-invierno-en-el-teatro-vigil\/"},"author":{"name":"Biblioteca Vigil","@id":"https:\/\/bibliotecavigil.org.ar\/inicio\/#\/schema\/person\/98530bc117d5fa50c5dc01b4fd8d3700"},"headline":"\u00a1Vacaciones de invierno en el Teatro Vigil!","datePublished":"2022-07-01T18:49:55+00:00","dateModified":"2022-07-01T20:11:50+00:00","mainEntityOfPage":{"@id":"https:\/\/bibliotecavigil.org.ar\/inicio\/vacaciones-de-invierno-en-el-teatro-vigil\/"},"wordCount":333,"commentCount":0,"publisher":{"@id":"https:\/\/bibliotecavigil.org.ar\/inicio\/#organization"},"image":{"@id":"https:\/\/bibliotecavigil.org.ar\/inicio\/vacaciones-de-invierno-en-el-teatro-vigil\/#primaryimage"},"thumbnailUrl":"https:\/\/bibliotecavigil.org.ar\/inicio\/wp-content\/uploads\/2022\/07\/Agenda-julio-web-copia.jpg","keywords":["frankenstein","lavigil","noapagueslaluz","rem","teatro","vacaciones","vigil"],"articleSection":["Noticias"],"inLanguage":"es","potentialAction":[{"@type":"CommentAction","name":"Comment","target":["https:\/\/bibliotecavigil.org.ar\/inicio\/vacaciones-de-invierno-en-el-teatro-vigil\/#respond"]}]},{"@type":"WebPage","@id":"https:\/\/bibliotecavigil.org.ar\/inicio\/vacaciones-de-invierno-en-el-teatro-vigil\/","url":"https:\/\/bibliotecavigil.org.ar\/inicio\/vacaciones-de-invierno-en-el-teatro-vigil\/","name":"\u00a1Vacaciones de invierno en el Teatro Vigil! - Biblioteca Vigil","isPartOf":{"@id":"https:\/\/bibliotecavigil.org.ar\/inicio\/#website"},"primaryImageOfPage":{"@id":"https:\/\/bibliotecavigil.org.ar\/inicio\/vacaciones-de-invierno-en-el-teatro-vigil\/#primaryimage"},"image":{"@id":"https:\/\/bibliotecavigil.org.ar\/inicio\/vacaciones-de-invierno-en-el-teatro-vigil\/#primaryimage"},"thumbnailUrl":"https:\/\/bibliotecavigil.org.ar\/inicio\/wp-content\/uploads\/2022\/07\/Agenda-julio-web-copia.jpg","datePublished":"2022-07-01T18:49:55+00:00","dateModified":"2022-07-01T20:11:50+00:00","breadcrumb":{"@id":"https:\/\/bibliotecavigil.org.ar\/inicio\/vacaciones-de-invierno-en-el-teatro-vigil\/#breadcrumb"},"inLanguage":"es","potentialAction":[{"@type":"ReadAction","target":["https:\/\/bibliotecavigil.org.ar\/inicio\/vacaciones-de-invierno-en-el-teatro-vigil\/"]}]},{"@type":"ImageObject","inLanguage":"es","@id":"https:\/\/bibliotecavigil.org.ar\/inicio\/vacaciones-de-invierno-en-el-teatro-vigil\/#primaryimage","url":"https:\/\/bibliotecavigil.org.ar\/inicio\/wp-content\/uploads\/2022\/07\/Agenda-julio-web-copia.jpg","contentUrl":"https:\/\/bibliotecavigil.org.ar\/inicio\/wp-content\/uploads\/2022\/07\/Agenda-julio-web-copia.jpg","width":1667,"height":1042},{"@type":"BreadcrumbList","@id":"https:\/\/bibliotecavigil.org.ar\/inicio\/vacaciones-de-invierno-en-el-teatro-vigil\/#breadcrumb","itemListElement":[{"@type":"ListItem","position":1,"name":"Portada","item":"https:\/\/bibliotecavigil.org.ar\/inicio\/"},{"@type":"ListItem","position":2,"name":"\u00a1Vacaciones de invierno en el Teatro Vigil!"}]},{"@type":"WebSite","@id":"https:\/\/bibliotecavigil.org.ar\/inicio\/#website","url":"https:\/\/bibliotecavigil.org.ar\/inicio\/","name":"Biblioteca Vigil","description":"Biblioteca Popular C C Vigil","publisher":{"@id":"https:\/\/bibliotecavigil.org.ar\/inicio\/#organization"},"potentialAction":[{"@type":"SearchAction","target":{"@type":"EntryPoint","urlTemplate":"https:\/\/bibliotecavigil.org.ar\/inicio\/?s={search_term_string}"},"query-input":{"@type":"PropertyValueSpecification","valueRequired":true,"valueName":"search_term_string"}}],"inLanguage":"es"},{"@type":"Organization","@id":"https:\/\/bibliotecavigil.org.ar\/inicio\/#organization","name":"Biblioteca Popular C.C.Vigil","url":"https:\/\/bibliotecavigil.org.ar\/inicio\/","logo":{"@type":"ImageObject","inLanguage":"es","@id":"https:\/\/bibliotecavigil.org.ar\/inicio\/#\/schema\/logo\/image\/","url":"https:\/\/bibliotecavigil.org.ar\/inicio\/wp-content\/uploads\/2023\/06\/Logo-sin-texto-gif.gif","contentUrl":"https:\/\/bibliotecavigil.org.ar\/inicio\/wp-content\/uploads\/2023\/06\/Logo-sin-texto-gif.gif","width":1487,"height":1604,"caption":"Biblioteca Popular C.C.Vigil"},"image":{"@id":"https:\/\/bibliotecavigil.org.ar\/inicio\/#\/schema\/logo\/image\/"}},{"@type":"Person","@id":"https:\/\/bibliotecavigil.org.ar\/inicio\/#\/schema\/person\/98530bc117d5fa50c5dc01b4fd8d3700","name":"Biblioteca Vigil","image":{"@type":"ImageObject","inLanguage":"es","@id":"https:\/\/secure.gravatar.com\/avatar\/a96b6054dc4c80cde596e2c3f42d23e4f769e395116bf277fb508315b9d8a5c5?s=96&d=mm&r=g","url":"https:\/\/secure.gravatar.com\/avatar\/a96b6054dc4c80cde596e2c3f42d23e4f769e395116bf277fb508315b9d8a5c5?s=96&d=mm&r=g","contentUrl":"https:\/\/secure.gravatar.com\/avatar\/a96b6054dc4c80cde596e2c3f42d23e4f769e395116bf277fb508315b9d8a5c5?s=96&d=mm&r=g","caption":"Biblioteca Vigil"},"url":"https:\/\/bibliotecavigil.org.ar\/inicio\/author\/comunicacion\/"}]}},"_links":{"self":[{"href":"https:\/\/bibliotecavigil.org.ar\/inicio\/wp-json\/wp\/v2\/posts\/30872","targetHints":{"allow":["GET"]}}],"collection":[{"href":"https:\/\/bibliotecavigil.org.ar\/inicio\/wp-json\/wp\/v2\/posts"}],"about":[{"href":"https:\/\/bibliotecavigil.org.ar\/inicio\/wp-json\/wp\/v2\/types\/post"}],"author":[{"embeddable":true,"href":"https:\/\/bibliotecavigil.org.ar\/inicio\/wp-json\/wp\/v2\/users\/3"}],"replies":[{"embeddable":true,"href":"https:\/\/bibliotecavigil.org.ar\/inicio\/wp-json\/wp\/v2\/comments?post=30872"}],"version-history":[{"count":3,"href":"https:\/\/bibliotecavigil.org.ar\/inicio\/wp-json\/wp\/v2\/posts\/30872\/revisions"}],"predecessor-version":[{"id":30884,"href":"https:\/\/bibliotecavigil.org.ar\/inicio\/wp-json\/wp\/v2\/posts\/30872\/revisions\/30884"}],"wp:featuredmedia":[{"embeddable":true,"href":"https:\/\/bibliotecavigil.org.ar\/inicio\/wp-json\/wp\/v2\/media\/30876"}],"wp:attachment":[{"href":"https:\/\/bibliotecavigil.org.ar\/inicio\/wp-json\/wp\/v2\/media?parent=30872"}],"wp:term":[{"taxonomy":"category","embeddable":true,"href":"https:\/\/bibliotecavigil.org.ar\/inicio\/wp-json\/wp\/v2\/categories?post=30872"},{"taxonomy":"post_tag","embeddable":true,"href":"https:\/\/bibliotecavigil.org.ar\/inicio\/wp-json\/wp\/v2\/tags?post=30872"}],"curies":[{"name":"wp","href":"https:\/\/api.w.org\/{rel}","templated":true}]}}