{"id":30937,"date":"2022-07-25T16:19:10","date_gmt":"2022-07-25T19:19:10","guid":{"rendered":"https:\/\/bibliotecavigil.org.ar\/inicio\/?p=30937"},"modified":"2022-07-29T17:59:38","modified_gmt":"2022-07-29T20:59:38","slug":"muestra-de-afiches-cada-derecho-todos-los-derechos","status":"publish","type":"post","link":"https:\/\/bibliotecavigil.org.ar\/inicio\/muestra-de-afiches-cada-derecho-todos-los-derechos\/","title":{"rendered":"Muestra de Afiches \u201cCada Derecho, todos los Derechos\u201d"},"content":{"rendered":"\n<p><\/p>\n\n\n\n<p> Ya podes recorrer la muestra pedag\u00f3gica de afiches \u201cCada Derecho. Todos los Derechos\u201d, propuesta que naci\u00f3 de una convocatoria lanzada por el Espacio para la Memoria y la Promoci\u00f3n de los Derechos \u201cLa Perla\u201d (C\u00f3rdoba) en el marco de sus 10 a\u00f1os de apertura al p\u00fablico.<\/p>\n\n\n\n<p>Esta muestra itinerante que viene viajando por distintos Espacios y Sitios de Memoria y que, desde hoy, podes recorrer en La Vigil, Sitio de Memoria del Terrorismo de Estado, nos invita a reflexionar a trav\u00e9s de distintas gr\u00e1ficas sobre las diversas luchas por los derechos humanos y la manera por las cuales \u00e9stos se conquistan, se sostienen y se desarrollan.<\/p>\n\n\n\n<p>La muestra se podr\u00e1 visitar desde el lunes 25 de julio hasta mediados de septiembre. Podes iniciar el recorrido de la muestra por la Biblioteca, Alem 3078, siguiendo los afiches por los pasillos que conectan el edificio de la Biblioteca con el edificio de Gaboto; y tambi\u00e9n podes iniciar el recorrido desde la entrada de Gaboto 450 hasta la Biblioteca!<\/p>\n\n\n\n<p>Para conocer m\u00e1s sobre nuestra historia, nuestro presente y sobre por qu\u00e9 La Vigil es Sitio de Memoria, te invitamos a que te sumes a nuestros #RecorridosGuiados.<\/p>\n\n\n\n<p>Los esperamxs! La Vigil es cultura popular en movimiento.<\/p>\n\n\n\n<figure class=\"wp-block-image size-large\"><a href=\"https:\/\/bibliotecavigil.org.ar\/inicio\/wp-content\/uploads\/2022\/07\/cada-derecho-FACEBOOK.jpg\"><img decoding=\"async\" width=\"729\" height=\"1024\" data-src=\"https:\/\/bibliotecavigil.org.ar\/inicio\/wp-content\/uploads\/2022\/07\/cada-derecho-FACEBOOK-729x1024.jpg\" alt=\"\" class=\"wp-image-30938 lazyload\" data-srcset=\"https:\/\/bibliotecavigil.org.ar\/inicio\/wp-content\/uploads\/2022\/07\/cada-derecho-FACEBOOK-729x1024.jpg 729w, https:\/\/bibliotecavigil.org.ar\/inicio\/wp-content\/uploads\/2022\/07\/cada-derecho-FACEBOOK-480x674.jpg 480w\" data-sizes=\"(min-width: 0px) and (max-width: 480px) 480px, (min-width: 481px) 729px, 100vw\" src=\"data:image\/svg+xml;base64,PHN2ZyB3aWR0aD0iMSIgaGVpZ2h0PSIxIiB4bWxucz0iaHR0cDovL3d3dy53My5vcmcvMjAwMC9zdmciPjwvc3ZnPg==\" style=\"--smush-placeholder-width: 729px; --smush-placeholder-aspect-ratio: 729\/1024;\" \/><\/a><\/figure>\n\n\n\n<p><\/p>\n","protected":false},"excerpt":{"rendered":"<p>Ya podes recorrer la muestra pedag\u00f3gica de afiches \u201cCada Derecho. Todos los Derechos\u201d, propuesta que naci\u00f3 de una convocatoria lanzada por el Espacio para la Memoria y la Promoci\u00f3n de los Derechos \u201cLa Perla\u201d (C\u00f3rdoba) en el marco de sus 10 a\u00f1os de apertura al p\u00fablico. Esta muestra itinerante que viene viajando por distintos Espacios [&hellip;]<\/p>\n","protected":false},"author":3,"featured_media":30958,"comment_status":"open","ping_status":"closed","sticky":false,"template":"","format":"standard","meta":{"_et_pb_use_builder":"off","_et_pb_old_content":"","_et_gb_content_width":"1920","footnotes":""},"categories":[16],"tags":[268,270,269,94,70,271],"class_list":["post-30937","post","type-post","status-publish","format-standard","has-post-thumbnail","hentry","category-noticias","tag-afiches","tag-la-perla","tag-la-vigil","tag-memoria","tag-muestra","tag-sitiodememoria"],"yoast_head":"<!-- This site is optimized with the Yoast SEO plugin v27.3 - https:\/\/yoast.com\/product\/yoast-seo-wordpress\/ -->\n<title>Muestra de Afiches \u201cCada Derecho, todos los Derechos\u201d - Biblioteca Vigil<\/title>\n<meta name=\"robots\" content=\"index, follow, max-snippet:-1, max-image-preview:large, max-video-preview:-1\" \/>\n<link rel=\"canonical\" href=\"https:\/\/bibliotecavigil.org.ar\/inicio\/muestra-de-afiches-cada-derecho-todos-los-derechos\/\" \/>\n<meta property=\"og:locale\" content=\"es_ES\" \/>\n<meta property=\"og:type\" content=\"article\" \/>\n<meta property=\"og:title\" content=\"Muestra de Afiches \u201cCada Derecho, todos los Derechos\u201d - Biblioteca Vigil\" \/>\n<meta property=\"og:description\" content=\"Ya podes recorrer la muestra pedag\u00f3gica de afiches \u201cCada Derecho. Todos los Derechos\u201d, propuesta que naci\u00f3 de una convocatoria lanzada por el Espacio para la Memoria y la Promoci\u00f3n de los Derechos \u201cLa Perla\u201d (C\u00f3rdoba) en el marco de sus 10 a\u00f1os de apertura al p\u00fablico. Esta muestra itinerante que viene viajando por distintos Espacios [&hellip;]\" \/>\n<meta property=\"og:url\" content=\"https:\/\/bibliotecavigil.org.ar\/inicio\/muestra-de-afiches-cada-derecho-todos-los-derechos\/\" \/>\n<meta property=\"og:site_name\" content=\"Biblioteca Vigil\" \/>\n<meta property=\"article:published_time\" content=\"2022-07-25T19:19:10+00:00\" \/>\n<meta property=\"article:modified_time\" content=\"2022-07-29T20:59:38+00:00\" \/>\n<meta property=\"og:image\" content=\"https:\/\/bibliotecavigil.org.ar\/inicio\/wp-content\/uploads\/2022\/07\/cada-derecho.jpg\" \/>\n\t<meta property=\"og:image:width\" content=\"1600\" \/>\n\t<meta property=\"og:image:height\" content=\"1200\" \/>\n\t<meta property=\"og:image:type\" content=\"image\/jpeg\" \/>\n<meta name=\"author\" content=\"Biblioteca Vigil\" \/>\n<meta name=\"twitter:card\" content=\"summary_large_image\" \/>\n<meta name=\"twitter:label1\" content=\"Escrito por\" \/>\n\t<meta name=\"twitter:data1\" content=\"Biblioteca Vigil\" \/>\n\t<meta name=\"twitter:label2\" content=\"Tiempo de lectura\" \/>\n\t<meta name=\"twitter:data2\" content=\"2 minutos\" \/>\n<script type=\"application\/ld+json\" class=\"yoast-schema-graph\">{\"@context\":\"https:\\\/\\\/schema.org\",\"@graph\":[{\"@type\":\"Article\",\"@id\":\"https:\\\/\\\/bibliotecavigil.org.ar\\\/inicio\\\/muestra-de-afiches-cada-derecho-todos-los-derechos\\\/#article\",\"isPartOf\":{\"@id\":\"https:\\\/\\\/bibliotecavigil.org.ar\\\/inicio\\\/muestra-de-afiches-cada-derecho-todos-los-derechos\\\/\"},\"author\":{\"name\":\"Biblioteca Vigil\",\"@id\":\"https:\\\/\\\/bibliotecavigil.org.ar\\\/inicio\\\/#\\\/schema\\\/person\\\/98530bc117d5fa50c5dc01b4fd8d3700\"},\"headline\":\"Muestra de Afiches \u201cCada Derecho, todos los Derechos\u201d\",\"datePublished\":\"2022-07-25T19:19:10+00:00\",\"dateModified\":\"2022-07-29T20:59:38+00:00\",\"mainEntityOfPage\":{\"@id\":\"https:\\\/\\\/bibliotecavigil.org.ar\\\/inicio\\\/muestra-de-afiches-cada-derecho-todos-los-derechos\\\/\"},\"wordCount\":215,\"commentCount\":0,\"publisher\":{\"@id\":\"https:\\\/\\\/bibliotecavigil.org.ar\\\/inicio\\\/#organization\"},\"image\":{\"@id\":\"https:\\\/\\\/bibliotecavigil.org.ar\\\/inicio\\\/muestra-de-afiches-cada-derecho-todos-los-derechos\\\/#primaryimage\"},\"thumbnailUrl\":\"https:\\\/\\\/bibliotecavigil.org.ar\\\/inicio\\\/wp-content\\\/uploads\\\/2022\\\/07\\\/cada-derecho.jpg\",\"keywords\":[\"afiches\",\"La Perla\",\"La Vigil\",\"memoria\",\"muestra\",\"sitiodememoria\"],\"articleSection\":[\"Noticias\"],\"inLanguage\":\"es\",\"potentialAction\":[{\"@type\":\"CommentAction\",\"name\":\"Comment\",\"target\":[\"https:\\\/\\\/bibliotecavigil.org.ar\\\/inicio\\\/muestra-de-afiches-cada-derecho-todos-los-derechos\\\/#respond\"]}]},{\"@type\":\"WebPage\",\"@id\":\"https:\\\/\\\/bibliotecavigil.org.ar\\\/inicio\\\/muestra-de-afiches-cada-derecho-todos-los-derechos\\\/\",\"url\":\"https:\\\/\\\/bibliotecavigil.org.ar\\\/inicio\\\/muestra-de-afiches-cada-derecho-todos-los-derechos\\\/\",\"name\":\"Muestra de Afiches \u201cCada Derecho, todos los Derechos\u201d - Biblioteca Vigil\",\"isPartOf\":{\"@id\":\"https:\\\/\\\/bibliotecavigil.org.ar\\\/inicio\\\/#website\"},\"primaryImageOfPage\":{\"@id\":\"https:\\\/\\\/bibliotecavigil.org.ar\\\/inicio\\\/muestra-de-afiches-cada-derecho-todos-los-derechos\\\/#primaryimage\"},\"image\":{\"@id\":\"https:\\\/\\\/bibliotecavigil.org.ar\\\/inicio\\\/muestra-de-afiches-cada-derecho-todos-los-derechos\\\/#primaryimage\"},\"thumbnailUrl\":\"https:\\\/\\\/bibliotecavigil.org.ar\\\/inicio\\\/wp-content\\\/uploads\\\/2022\\\/07\\\/cada-derecho.jpg\",\"datePublished\":\"2022-07-25T19:19:10+00:00\",\"dateModified\":\"2022-07-29T20:59:38+00:00\",\"breadcrumb\":{\"@id\":\"https:\\\/\\\/bibliotecavigil.org.ar\\\/inicio\\\/muestra-de-afiches-cada-derecho-todos-los-derechos\\\/#breadcrumb\"},\"inLanguage\":\"es\",\"potentialAction\":[{\"@type\":\"ReadAction\",\"target\":[\"https:\\\/\\\/bibliotecavigil.org.ar\\\/inicio\\\/muestra-de-afiches-cada-derecho-todos-los-derechos\\\/\"]}]},{\"@type\":\"ImageObject\",\"inLanguage\":\"es\",\"@id\":\"https:\\\/\\\/bibliotecavigil.org.ar\\\/inicio\\\/muestra-de-afiches-cada-derecho-todos-los-derechos\\\/#primaryimage\",\"url\":\"https:\\\/\\\/bibliotecavigil.org.ar\\\/inicio\\\/wp-content\\\/uploads\\\/2022\\\/07\\\/cada-derecho.jpg\",\"contentUrl\":\"https:\\\/\\\/bibliotecavigil.org.ar\\\/inicio\\\/wp-content\\\/uploads\\\/2022\\\/07\\\/cada-derecho.jpg\",\"width\":1600,\"height\":1200},{\"@type\":\"BreadcrumbList\",\"@id\":\"https:\\\/\\\/bibliotecavigil.org.ar\\\/inicio\\\/muestra-de-afiches-cada-derecho-todos-los-derechos\\\/#breadcrumb\",\"itemListElement\":[{\"@type\":\"ListItem\",\"position\":1,\"name\":\"Portada\",\"item\":\"https:\\\/\\\/bibliotecavigil.org.ar\\\/inicio\\\/\"},{\"@type\":\"ListItem\",\"position\":2,\"name\":\"Muestra de Afiches \u201cCada Derecho, todos los Derechos\u201d\"}]},{\"@type\":\"WebSite\",\"@id\":\"https:\\\/\\\/bibliotecavigil.org.ar\\\/inicio\\\/#website\",\"url\":\"https:\\\/\\\/bibliotecavigil.org.ar\\\/inicio\\\/\",\"name\":\"Biblioteca Vigil\",\"description\":\"Biblioteca Popular C C Vigil\",\"publisher\":{\"@id\":\"https:\\\/\\\/bibliotecavigil.org.ar\\\/inicio\\\/#organization\"},\"potentialAction\":[{\"@type\":\"SearchAction\",\"target\":{\"@type\":\"EntryPoint\",\"urlTemplate\":\"https:\\\/\\\/bibliotecavigil.org.ar\\\/inicio\\\/?s={search_term_string}\"},\"query-input\":{\"@type\":\"PropertyValueSpecification\",\"valueRequired\":true,\"valueName\":\"search_term_string\"}}],\"inLanguage\":\"es\"},{\"@type\":\"Organization\",\"@id\":\"https:\\\/\\\/bibliotecavigil.org.ar\\\/inicio\\\/#organization\",\"name\":\"Biblioteca Popular C.C.Vigil\",\"url\":\"https:\\\/\\\/bibliotecavigil.org.ar\\\/inicio\\\/\",\"logo\":{\"@type\":\"ImageObject\",\"inLanguage\":\"es\",\"@id\":\"https:\\\/\\\/bibliotecavigil.org.ar\\\/inicio\\\/#\\\/schema\\\/logo\\\/image\\\/\",\"url\":\"https:\\\/\\\/bibliotecavigil.org.ar\\\/inicio\\\/wp-content\\\/uploads\\\/2023\\\/06\\\/Logo-sin-texto-gif.gif\",\"contentUrl\":\"https:\\\/\\\/bibliotecavigil.org.ar\\\/inicio\\\/wp-content\\\/uploads\\\/2023\\\/06\\\/Logo-sin-texto-gif.gif\",\"width\":1487,\"height\":1604,\"caption\":\"Biblioteca Popular C.C.Vigil\"},\"image\":{\"@id\":\"https:\\\/\\\/bibliotecavigil.org.ar\\\/inicio\\\/#\\\/schema\\\/logo\\\/image\\\/\"}},{\"@type\":\"Person\",\"@id\":\"https:\\\/\\\/bibliotecavigil.org.ar\\\/inicio\\\/#\\\/schema\\\/person\\\/98530bc117d5fa50c5dc01b4fd8d3700\",\"name\":\"Biblioteca Vigil\",\"image\":{\"@type\":\"ImageObject\",\"inLanguage\":\"es\",\"@id\":\"https:\\\/\\\/secure.gravatar.com\\\/avatar\\\/a96b6054dc4c80cde596e2c3f42d23e4f769e395116bf277fb508315b9d8a5c5?s=96&d=mm&r=g\",\"url\":\"https:\\\/\\\/secure.gravatar.com\\\/avatar\\\/a96b6054dc4c80cde596e2c3f42d23e4f769e395116bf277fb508315b9d8a5c5?s=96&d=mm&r=g\",\"contentUrl\":\"https:\\\/\\\/secure.gravatar.com\\\/avatar\\\/a96b6054dc4c80cde596e2c3f42d23e4f769e395116bf277fb508315b9d8a5c5?s=96&d=mm&r=g\",\"caption\":\"Biblioteca Vigil\"},\"url\":\"https:\\\/\\\/bibliotecavigil.org.ar\\\/inicio\\\/author\\\/comunicacion\\\/\"}]}<\/script>\n<!-- \/ Yoast SEO plugin. -->","yoast_head_json":{"title":"Muestra de Afiches \u201cCada Derecho, todos los Derechos\u201d - Biblioteca Vigil","robots":{"index":"index","follow":"follow","max-snippet":"max-snippet:-1","max-image-preview":"max-image-preview:large","max-video-preview":"max-video-preview:-1"},"canonical":"https:\/\/bibliotecavigil.org.ar\/inicio\/muestra-de-afiches-cada-derecho-todos-los-derechos\/","og_locale":"es_ES","og_type":"article","og_title":"Muestra de Afiches \u201cCada Derecho, todos los Derechos\u201d - Biblioteca Vigil","og_description":"Ya podes recorrer la muestra pedag\u00f3gica de afiches \u201cCada Derecho. Todos los Derechos\u201d, propuesta que naci\u00f3 de una convocatoria lanzada por el Espacio para la Memoria y la Promoci\u00f3n de los Derechos \u201cLa Perla\u201d (C\u00f3rdoba) en el marco de sus 10 a\u00f1os de apertura al p\u00fablico. Esta muestra itinerante que viene viajando por distintos Espacios [&hellip;]","og_url":"https:\/\/bibliotecavigil.org.ar\/inicio\/muestra-de-afiches-cada-derecho-todos-los-derechos\/","og_site_name":"Biblioteca Vigil","article_published_time":"2022-07-25T19:19:10+00:00","article_modified_time":"2022-07-29T20:59:38+00:00","og_image":[{"width":1600,"height":1200,"url":"https:\/\/bibliotecavigil.org.ar\/inicio\/wp-content\/uploads\/2022\/07\/cada-derecho.jpg","type":"image\/jpeg"}],"author":"Biblioteca Vigil","twitter_card":"summary_large_image","twitter_misc":{"Escrito por":"Biblioteca Vigil","Tiempo de lectura":"2 minutos"},"schema":{"@context":"https:\/\/schema.org","@graph":[{"@type":"Article","@id":"https:\/\/bibliotecavigil.org.ar\/inicio\/muestra-de-afiches-cada-derecho-todos-los-derechos\/#article","isPartOf":{"@id":"https:\/\/bibliotecavigil.org.ar\/inicio\/muestra-de-afiches-cada-derecho-todos-los-derechos\/"},"author":{"name":"Biblioteca Vigil","@id":"https:\/\/bibliotecavigil.org.ar\/inicio\/#\/schema\/person\/98530bc117d5fa50c5dc01b4fd8d3700"},"headline":"Muestra de Afiches \u201cCada Derecho, todos los Derechos\u201d","datePublished":"2022-07-25T19:19:10+00:00","dateModified":"2022-07-29T20:59:38+00:00","mainEntityOfPage":{"@id":"https:\/\/bibliotecavigil.org.ar\/inicio\/muestra-de-afiches-cada-derecho-todos-los-derechos\/"},"wordCount":215,"commentCount":0,"publisher":{"@id":"https:\/\/bibliotecavigil.org.ar\/inicio\/#organization"},"image":{"@id":"https:\/\/bibliotecavigil.org.ar\/inicio\/muestra-de-afiches-cada-derecho-todos-los-derechos\/#primaryimage"},"thumbnailUrl":"https:\/\/bibliotecavigil.org.ar\/inicio\/wp-content\/uploads\/2022\/07\/cada-derecho.jpg","keywords":["afiches","La Perla","La Vigil","memoria","muestra","sitiodememoria"],"articleSection":["Noticias"],"inLanguage":"es","potentialAction":[{"@type":"CommentAction","name":"Comment","target":["https:\/\/bibliotecavigil.org.ar\/inicio\/muestra-de-afiches-cada-derecho-todos-los-derechos\/#respond"]}]},{"@type":"WebPage","@id":"https:\/\/bibliotecavigil.org.ar\/inicio\/muestra-de-afiches-cada-derecho-todos-los-derechos\/","url":"https:\/\/bibliotecavigil.org.ar\/inicio\/muestra-de-afiches-cada-derecho-todos-los-derechos\/","name":"Muestra de Afiches \u201cCada Derecho, todos los Derechos\u201d - Biblioteca Vigil","isPartOf":{"@id":"https:\/\/bibliotecavigil.org.ar\/inicio\/#website"},"primaryImageOfPage":{"@id":"https:\/\/bibliotecavigil.org.ar\/inicio\/muestra-de-afiches-cada-derecho-todos-los-derechos\/#primaryimage"},"image":{"@id":"https:\/\/bibliotecavigil.org.ar\/inicio\/muestra-de-afiches-cada-derecho-todos-los-derechos\/#primaryimage"},"thumbnailUrl":"https:\/\/bibliotecavigil.org.ar\/inicio\/wp-content\/uploads\/2022\/07\/cada-derecho.jpg","datePublished":"2022-07-25T19:19:10+00:00","dateModified":"2022-07-29T20:59:38+00:00","breadcrumb":{"@id":"https:\/\/bibliotecavigil.org.ar\/inicio\/muestra-de-afiches-cada-derecho-todos-los-derechos\/#breadcrumb"},"inLanguage":"es","potentialAction":[{"@type":"ReadAction","target":["https:\/\/bibliotecavigil.org.ar\/inicio\/muestra-de-afiches-cada-derecho-todos-los-derechos\/"]}]},{"@type":"ImageObject","inLanguage":"es","@id":"https:\/\/bibliotecavigil.org.ar\/inicio\/muestra-de-afiches-cada-derecho-todos-los-derechos\/#primaryimage","url":"https:\/\/bibliotecavigil.org.ar\/inicio\/wp-content\/uploads\/2022\/07\/cada-derecho.jpg","contentUrl":"https:\/\/bibliotecavigil.org.ar\/inicio\/wp-content\/uploads\/2022\/07\/cada-derecho.jpg","width":1600,"height":1200},{"@type":"BreadcrumbList","@id":"https:\/\/bibliotecavigil.org.ar\/inicio\/muestra-de-afiches-cada-derecho-todos-los-derechos\/#breadcrumb","itemListElement":[{"@type":"ListItem","position":1,"name":"Portada","item":"https:\/\/bibliotecavigil.org.ar\/inicio\/"},{"@type":"ListItem","position":2,"name":"Muestra de Afiches \u201cCada Derecho, todos los Derechos\u201d"}]},{"@type":"WebSite","@id":"https:\/\/bibliotecavigil.org.ar\/inicio\/#website","url":"https:\/\/bibliotecavigil.org.ar\/inicio\/","name":"Biblioteca Vigil","description":"Biblioteca Popular C C Vigil","publisher":{"@id":"https:\/\/bibliotecavigil.org.ar\/inicio\/#organization"},"potentialAction":[{"@type":"SearchAction","target":{"@type":"EntryPoint","urlTemplate":"https:\/\/bibliotecavigil.org.ar\/inicio\/?s={search_term_string}"},"query-input":{"@type":"PropertyValueSpecification","valueRequired":true,"valueName":"search_term_string"}}],"inLanguage":"es"},{"@type":"Organization","@id":"https:\/\/bibliotecavigil.org.ar\/inicio\/#organization","name":"Biblioteca Popular C.C.Vigil","url":"https:\/\/bibliotecavigil.org.ar\/inicio\/","logo":{"@type":"ImageObject","inLanguage":"es","@id":"https:\/\/bibliotecavigil.org.ar\/inicio\/#\/schema\/logo\/image\/","url":"https:\/\/bibliotecavigil.org.ar\/inicio\/wp-content\/uploads\/2023\/06\/Logo-sin-texto-gif.gif","contentUrl":"https:\/\/bibliotecavigil.org.ar\/inicio\/wp-content\/uploads\/2023\/06\/Logo-sin-texto-gif.gif","width":1487,"height":1604,"caption":"Biblioteca Popular C.C.Vigil"},"image":{"@id":"https:\/\/bibliotecavigil.org.ar\/inicio\/#\/schema\/logo\/image\/"}},{"@type":"Person","@id":"https:\/\/bibliotecavigil.org.ar\/inicio\/#\/schema\/person\/98530bc117d5fa50c5dc01b4fd8d3700","name":"Biblioteca Vigil","image":{"@type":"ImageObject","inLanguage":"es","@id":"https:\/\/secure.gravatar.com\/avatar\/a96b6054dc4c80cde596e2c3f42d23e4f769e395116bf277fb508315b9d8a5c5?s=96&d=mm&r=g","url":"https:\/\/secure.gravatar.com\/avatar\/a96b6054dc4c80cde596e2c3f42d23e4f769e395116bf277fb508315b9d8a5c5?s=96&d=mm&r=g","contentUrl":"https:\/\/secure.gravatar.com\/avatar\/a96b6054dc4c80cde596e2c3f42d23e4f769e395116bf277fb508315b9d8a5c5?s=96&d=mm&r=g","caption":"Biblioteca Vigil"},"url":"https:\/\/bibliotecavigil.org.ar\/inicio\/author\/comunicacion\/"}]}},"_links":{"self":[{"href":"https:\/\/bibliotecavigil.org.ar\/inicio\/wp-json\/wp\/v2\/posts\/30937","targetHints":{"allow":["GET"]}}],"collection":[{"href":"https:\/\/bibliotecavigil.org.ar\/inicio\/wp-json\/wp\/v2\/posts"}],"about":[{"href":"https:\/\/bibliotecavigil.org.ar\/inicio\/wp-json\/wp\/v2\/types\/post"}],"author":[{"embeddable":true,"href":"https:\/\/bibliotecavigil.org.ar\/inicio\/wp-json\/wp\/v2\/users\/3"}],"replies":[{"embeddable":true,"href":"https:\/\/bibliotecavigil.org.ar\/inicio\/wp-json\/wp\/v2\/comments?post=30937"}],"version-history":[{"count":3,"href":"https:\/\/bibliotecavigil.org.ar\/inicio\/wp-json\/wp\/v2\/posts\/30937\/revisions"}],"predecessor-version":[{"id":30957,"href":"https:\/\/bibliotecavigil.org.ar\/inicio\/wp-json\/wp\/v2\/posts\/30937\/revisions\/30957"}],"wp:featuredmedia":[{"embeddable":true,"href":"https:\/\/bibliotecavigil.org.ar\/inicio\/wp-json\/wp\/v2\/media\/30958"}],"wp:attachment":[{"href":"https:\/\/bibliotecavigil.org.ar\/inicio\/wp-json\/wp\/v2\/media?parent=30937"}],"wp:term":[{"taxonomy":"category","embeddable":true,"href":"https:\/\/bibliotecavigil.org.ar\/inicio\/wp-json\/wp\/v2\/categories?post=30937"},{"taxonomy":"post_tag","embeddable":true,"href":"https:\/\/bibliotecavigil.org.ar\/inicio\/wp-json\/wp\/v2\/tags?post=30937"}],"curies":[{"name":"wp","href":"https:\/\/api.w.org\/{rel}","templated":true}]}}