{"id":31000,"date":"2022-08-19T16:06:10","date_gmt":"2022-08-19T19:06:10","guid":{"rendered":"https:\/\/bibliotecavigil.org.ar\/inicio\/?p=31000"},"modified":"2022-08-19T16:06:17","modified_gmt":"2022-08-19T19:06:17","slug":"la-vigil-en-el-v-coloquio-internacional-de-difusion-y-preservacion-de-fondos-antiguos-en-la-unam","status":"publish","type":"post","link":"https:\/\/bibliotecavigil.org.ar\/inicio\/la-vigil-en-el-v-coloquio-internacional-de-difusion-y-preservacion-de-fondos-antiguos-en-la-unam\/","title":{"rendered":"La Vigil en el V Coloquio Internacional de Difusi\u00f3n y Preservaci\u00f3n de Fondos Antiguos en la UNAM"},"content":{"rendered":"\n<p>Con mucha alegr\u00eda les contamos que la <strong>Biblioteca Vigil participar\u00e1 en el V Coloquio Internacional Difusi\u00f3n y Preservaci\u00f3n de Fondos Antiguos \u201cEl arte de inmortalizar la memoria hist\u00f3rica\u201d<\/strong>, organizado por la <strong>Universidad Nacional Aut\u00f3noma de M\u00e9xico (UNAM).\u00a0<\/strong><\/p>\n\n\n\n<p>Es un orgullo representar a nuestra ciudad y a nuestro pa\u00eds en un evento internacional de excelencia acad\u00e9mica, siendo adem\u00e1s, la \u00fanica experiencia de Biblioteca Popular invitada a contar c\u00f3mo viene siendo su proceso de recuperaci\u00f3n de materiales de car\u00e1cter hist\u00f3ricos, y c\u00f3mo se vincula el Archivo con la vida del Sitio de Memoria, por ejemplo, a trav\u00e9s del Programa de Recorridos Guiados.<\/p>\n\n\n\n<p>El Coloquio Internacional tendr\u00e1 lugar desde el lunes 22 de agosto hasta el viernes 26, y Argentina, en tanto pa\u00eds invitado, estar\u00e1 a cargo de la exposici\u00f3n sobre el eje Conservaci\u00f3n y Memoria, bajo el formato de mesa redonda. Las exponentes por parte de La Vigil ser\u00e1n la Dra. Natalia Garc\u00eda, la T\u00e9cnica en Archivistica Mar\u00eda Jos\u00e9 Vanni, y la Profesora de Historia Nadina Mottura.<\/p>\n\n\n\n<p>Esta mesa de intercambio de experiencias tiene como objeto dialogar respecto de los avances que se vienen desarrollando en nuestro pa\u00eds en materia de conservaci\u00f3n, ligada a los procesos de nuestra historia reciente y que tiene como protagonistas a distintos Archivos Universitarios, Archivos Familiares, Archivos Estatales y Archivos de Bibliotecas Populares.<\/p>\n\n\n\n<p>Celebramos que la Historia tambi\u00e9n la escriban y la puedan contar las Bibliotecas Populares de los barrios de la ciudad. Celebramos que la Universidad Nacional de M\u00e9xico haya invitado a nuestro pa\u00eds por primera vez a formar parte del Coloquio y, adem\u00e1s, celebramos que, desde el comit\u00e9 local organizador hayan convocado a Biblioteca Vigil para formar parte de esta experiencia, dando a conocer la cultura desde abajo.<\/p>\n\n\n\n<p>La Vigil es Cultura Popular en Movimiento<\/p>\n\n\n\n<p><\/p>\n\n\n\n<figure class=\"wp-block-image size-large\"><a href=\"https:\/\/bibliotecavigil.org.ar\/inicio\/wp-content\/uploads\/2022\/08\/mesa2-cuadrada2.jpg\"><img decoding=\"async\" width=\"1024\" height=\"754\" data-src=\"https:\/\/bibliotecavigil.org.ar\/inicio\/wp-content\/uploads\/2022\/08\/mesa2-cuadrada2-1024x754.jpg\" alt=\"\" class=\"wp-image-31001 lazyload\" data-srcset=\"https:\/\/bibliotecavigil.org.ar\/inicio\/wp-content\/uploads\/2022\/08\/mesa2-cuadrada2-980x722.jpg 980w, https:\/\/bibliotecavigil.org.ar\/inicio\/wp-content\/uploads\/2022\/08\/mesa2-cuadrada2-480x353.jpg 480w\" data-sizes=\"(min-width: 0px) and (max-width: 480px) 480px, (min-width: 481px) and (max-width: 980px) 980px, (min-width: 981px) 1024px, 100vw\" src=\"data:image\/svg+xml;base64,PHN2ZyB3aWR0aD0iMSIgaGVpZ2h0PSIxIiB4bWxucz0iaHR0cDovL3d3dy53My5vcmcvMjAwMC9zdmciPjwvc3ZnPg==\" style=\"--smush-placeholder-width: 1024px; --smush-placeholder-aspect-ratio: 1024\/754;\" \/><\/a><\/figure>\n","protected":false},"excerpt":{"rendered":"<p>Con mucha alegr\u00eda les contamos que la Biblioteca Vigil participar\u00e1 en el V Coloquio Internacional Difusi\u00f3n y Preservaci\u00f3n de Fondos Antiguos \u201cEl arte de inmortalizar la memoria hist\u00f3rica\u201d, organizado por la Universidad Nacional Aut\u00f3noma de M\u00e9xico (UNAM).\u00a0 Es un orgullo representar a nuestra ciudad y a nuestro pa\u00eds en un evento internacional de excelencia acad\u00e9mica, [&hellip;]<\/p>\n","protected":false},"author":3,"featured_media":31002,"comment_status":"open","ping_status":"closed","sticky":false,"template":"","format":"standard","meta":{"_et_pb_use_builder":"off","_et_pb_old_content":"","_et_gb_content_width":"1920","footnotes":""},"categories":[16],"tags":[],"class_list":["post-31000","post","type-post","status-publish","format-standard","has-post-thumbnail","hentry","category-noticias"],"yoast_head":"<!-- This site is optimized with the Yoast SEO plugin v27.3 - https:\/\/yoast.com\/product\/yoast-seo-wordpress\/ -->\n<title>La Vigil en el V Coloquio Internacional de Difusi\u00f3n y Preservaci\u00f3n de Fondos Antiguos en la UNAM - Biblioteca Vigil<\/title>\n<meta name=\"robots\" content=\"index, follow, max-snippet:-1, max-image-preview:large, max-video-preview:-1\" \/>\n<link rel=\"canonical\" href=\"https:\/\/bibliotecavigil.org.ar\/inicio\/la-vigil-en-el-v-coloquio-internacional-de-difusion-y-preservacion-de-fondos-antiguos-en-la-unam\/\" \/>\n<meta property=\"og:locale\" content=\"es_ES\" \/>\n<meta property=\"og:type\" content=\"article\" \/>\n<meta property=\"og:title\" content=\"La Vigil en el V Coloquio Internacional de Difusi\u00f3n y Preservaci\u00f3n de Fondos Antiguos en la UNAM - Biblioteca Vigil\" \/>\n<meta property=\"og:description\" content=\"Con mucha alegr\u00eda les contamos que la Biblioteca Vigil participar\u00e1 en el V Coloquio Internacional Difusi\u00f3n y Preservaci\u00f3n de Fondos Antiguos \u201cEl arte de inmortalizar la memoria hist\u00f3rica\u201d, organizado por la Universidad Nacional Aut\u00f3noma de M\u00e9xico (UNAM).\u00a0 Es un orgullo representar a nuestra ciudad y a nuestro pa\u00eds en un evento internacional de excelencia acad\u00e9mica, [&hellip;]\" \/>\n<meta property=\"og:url\" content=\"https:\/\/bibliotecavigil.org.ar\/inicio\/la-vigil-en-el-v-coloquio-internacional-de-difusion-y-preservacion-de-fondos-antiguos-en-la-unam\/\" \/>\n<meta property=\"og:site_name\" content=\"Biblioteca Vigil\" \/>\n<meta property=\"article:published_time\" content=\"2022-08-19T19:06:10+00:00\" \/>\n<meta property=\"article:modified_time\" content=\"2022-08-19T19:06:17+00:00\" \/>\n<meta property=\"og:image\" content=\"https:\/\/bibliotecavigil.org.ar\/inicio\/wp-content\/uploads\/2022\/08\/5to-Coloquio-Logo.png\" \/>\n\t<meta property=\"og:image:width\" content=\"1780\" \/>\n\t<meta property=\"og:image:height\" content=\"660\" \/>\n\t<meta property=\"og:image:type\" content=\"image\/png\" \/>\n<meta name=\"author\" content=\"Biblioteca Vigil\" \/>\n<meta name=\"twitter:card\" content=\"summary_large_image\" \/>\n<meta name=\"twitter:label1\" content=\"Escrito por\" \/>\n\t<meta name=\"twitter:data1\" content=\"Biblioteca Vigil\" \/>\n\t<meta name=\"twitter:label2\" content=\"Tiempo de lectura\" \/>\n\t<meta name=\"twitter:data2\" content=\"2 minutos\" \/>\n<script type=\"application\/ld+json\" class=\"yoast-schema-graph\">{\"@context\":\"https:\\\/\\\/schema.org\",\"@graph\":[{\"@type\":\"Article\",\"@id\":\"https:\\\/\\\/bibliotecavigil.org.ar\\\/inicio\\\/la-vigil-en-el-v-coloquio-internacional-de-difusion-y-preservacion-de-fondos-antiguos-en-la-unam\\\/#article\",\"isPartOf\":{\"@id\":\"https:\\\/\\\/bibliotecavigil.org.ar\\\/inicio\\\/la-vigil-en-el-v-coloquio-internacional-de-difusion-y-preservacion-de-fondos-antiguos-en-la-unam\\\/\"},\"author\":{\"name\":\"Biblioteca Vigil\",\"@id\":\"https:\\\/\\\/bibliotecavigil.org.ar\\\/inicio\\\/#\\\/schema\\\/person\\\/98530bc117d5fa50c5dc01b4fd8d3700\"},\"headline\":\"La Vigil en el V Coloquio Internacional de Difusi\u00f3n y Preservaci\u00f3n de Fondos Antiguos en la UNAM\",\"datePublished\":\"2022-08-19T19:06:10+00:00\",\"dateModified\":\"2022-08-19T19:06:17+00:00\",\"mainEntityOfPage\":{\"@id\":\"https:\\\/\\\/bibliotecavigil.org.ar\\\/inicio\\\/la-vigil-en-el-v-coloquio-internacional-de-difusion-y-preservacion-de-fondos-antiguos-en-la-unam\\\/\"},\"wordCount\":335,\"commentCount\":0,\"publisher\":{\"@id\":\"https:\\\/\\\/bibliotecavigil.org.ar\\\/inicio\\\/#organization\"},\"image\":{\"@id\":\"https:\\\/\\\/bibliotecavigil.org.ar\\\/inicio\\\/la-vigil-en-el-v-coloquio-internacional-de-difusion-y-preservacion-de-fondos-antiguos-en-la-unam\\\/#primaryimage\"},\"thumbnailUrl\":\"https:\\\/\\\/bibliotecavigil.org.ar\\\/inicio\\\/wp-content\\\/uploads\\\/2022\\\/08\\\/5to-Coloquio-Logo.png\",\"articleSection\":[\"Noticias\"],\"inLanguage\":\"es\",\"potentialAction\":[{\"@type\":\"CommentAction\",\"name\":\"Comment\",\"target\":[\"https:\\\/\\\/bibliotecavigil.org.ar\\\/inicio\\\/la-vigil-en-el-v-coloquio-internacional-de-difusion-y-preservacion-de-fondos-antiguos-en-la-unam\\\/#respond\"]}]},{\"@type\":\"WebPage\",\"@id\":\"https:\\\/\\\/bibliotecavigil.org.ar\\\/inicio\\\/la-vigil-en-el-v-coloquio-internacional-de-difusion-y-preservacion-de-fondos-antiguos-en-la-unam\\\/\",\"url\":\"https:\\\/\\\/bibliotecavigil.org.ar\\\/inicio\\\/la-vigil-en-el-v-coloquio-internacional-de-difusion-y-preservacion-de-fondos-antiguos-en-la-unam\\\/\",\"name\":\"La Vigil en el V Coloquio Internacional de Difusi\u00f3n y Preservaci\u00f3n de Fondos Antiguos en la UNAM - Biblioteca Vigil\",\"isPartOf\":{\"@id\":\"https:\\\/\\\/bibliotecavigil.org.ar\\\/inicio\\\/#website\"},\"primaryImageOfPage\":{\"@id\":\"https:\\\/\\\/bibliotecavigil.org.ar\\\/inicio\\\/la-vigil-en-el-v-coloquio-internacional-de-difusion-y-preservacion-de-fondos-antiguos-en-la-unam\\\/#primaryimage\"},\"image\":{\"@id\":\"https:\\\/\\\/bibliotecavigil.org.ar\\\/inicio\\\/la-vigil-en-el-v-coloquio-internacional-de-difusion-y-preservacion-de-fondos-antiguos-en-la-unam\\\/#primaryimage\"},\"thumbnailUrl\":\"https:\\\/\\\/bibliotecavigil.org.ar\\\/inicio\\\/wp-content\\\/uploads\\\/2022\\\/08\\\/5to-Coloquio-Logo.png\",\"datePublished\":\"2022-08-19T19:06:10+00:00\",\"dateModified\":\"2022-08-19T19:06:17+00:00\",\"breadcrumb\":{\"@id\":\"https:\\\/\\\/bibliotecavigil.org.ar\\\/inicio\\\/la-vigil-en-el-v-coloquio-internacional-de-difusion-y-preservacion-de-fondos-antiguos-en-la-unam\\\/#breadcrumb\"},\"inLanguage\":\"es\",\"potentialAction\":[{\"@type\":\"ReadAction\",\"target\":[\"https:\\\/\\\/bibliotecavigil.org.ar\\\/inicio\\\/la-vigil-en-el-v-coloquio-internacional-de-difusion-y-preservacion-de-fondos-antiguos-en-la-unam\\\/\"]}]},{\"@type\":\"ImageObject\",\"inLanguage\":\"es\",\"@id\":\"https:\\\/\\\/bibliotecavigil.org.ar\\\/inicio\\\/la-vigil-en-el-v-coloquio-internacional-de-difusion-y-preservacion-de-fondos-antiguos-en-la-unam\\\/#primaryimage\",\"url\":\"https:\\\/\\\/bibliotecavigil.org.ar\\\/inicio\\\/wp-content\\\/uploads\\\/2022\\\/08\\\/5to-Coloquio-Logo.png\",\"contentUrl\":\"https:\\\/\\\/bibliotecavigil.org.ar\\\/inicio\\\/wp-content\\\/uploads\\\/2022\\\/08\\\/5to-Coloquio-Logo.png\",\"width\":1780,\"height\":660},{\"@type\":\"BreadcrumbList\",\"@id\":\"https:\\\/\\\/bibliotecavigil.org.ar\\\/inicio\\\/la-vigil-en-el-v-coloquio-internacional-de-difusion-y-preservacion-de-fondos-antiguos-en-la-unam\\\/#breadcrumb\",\"itemListElement\":[{\"@type\":\"ListItem\",\"position\":1,\"name\":\"Portada\",\"item\":\"https:\\\/\\\/bibliotecavigil.org.ar\\\/inicio\\\/\"},{\"@type\":\"ListItem\",\"position\":2,\"name\":\"La Vigil en el V Coloquio Internacional de Difusi\u00f3n y Preservaci\u00f3n de Fondos Antiguos en la UNAM\"}]},{\"@type\":\"WebSite\",\"@id\":\"https:\\\/\\\/bibliotecavigil.org.ar\\\/inicio\\\/#website\",\"url\":\"https:\\\/\\\/bibliotecavigil.org.ar\\\/inicio\\\/\",\"name\":\"Biblioteca Vigil\",\"description\":\"Biblioteca Popular C C Vigil\",\"publisher\":{\"@id\":\"https:\\\/\\\/bibliotecavigil.org.ar\\\/inicio\\\/#organization\"},\"potentialAction\":[{\"@type\":\"SearchAction\",\"target\":{\"@type\":\"EntryPoint\",\"urlTemplate\":\"https:\\\/\\\/bibliotecavigil.org.ar\\\/inicio\\\/?s={search_term_string}\"},\"query-input\":{\"@type\":\"PropertyValueSpecification\",\"valueRequired\":true,\"valueName\":\"search_term_string\"}}],\"inLanguage\":\"es\"},{\"@type\":\"Organization\",\"@id\":\"https:\\\/\\\/bibliotecavigil.org.ar\\\/inicio\\\/#organization\",\"name\":\"Biblioteca Popular C.C.Vigil\",\"url\":\"https:\\\/\\\/bibliotecavigil.org.ar\\\/inicio\\\/\",\"logo\":{\"@type\":\"ImageObject\",\"inLanguage\":\"es\",\"@id\":\"https:\\\/\\\/bibliotecavigil.org.ar\\\/inicio\\\/#\\\/schema\\\/logo\\\/image\\\/\",\"url\":\"https:\\\/\\\/bibliotecavigil.org.ar\\\/inicio\\\/wp-content\\\/uploads\\\/2023\\\/06\\\/Logo-sin-texto-gif.gif\",\"contentUrl\":\"https:\\\/\\\/bibliotecavigil.org.ar\\\/inicio\\\/wp-content\\\/uploads\\\/2023\\\/06\\\/Logo-sin-texto-gif.gif\",\"width\":1487,\"height\":1604,\"caption\":\"Biblioteca Popular C.C.Vigil\"},\"image\":{\"@id\":\"https:\\\/\\\/bibliotecavigil.org.ar\\\/inicio\\\/#\\\/schema\\\/logo\\\/image\\\/\"}},{\"@type\":\"Person\",\"@id\":\"https:\\\/\\\/bibliotecavigil.org.ar\\\/inicio\\\/#\\\/schema\\\/person\\\/98530bc117d5fa50c5dc01b4fd8d3700\",\"name\":\"Biblioteca Vigil\",\"image\":{\"@type\":\"ImageObject\",\"inLanguage\":\"es\",\"@id\":\"https:\\\/\\\/secure.gravatar.com\\\/avatar\\\/a96b6054dc4c80cde596e2c3f42d23e4f769e395116bf277fb508315b9d8a5c5?s=96&d=mm&r=g\",\"url\":\"https:\\\/\\\/secure.gravatar.com\\\/avatar\\\/a96b6054dc4c80cde596e2c3f42d23e4f769e395116bf277fb508315b9d8a5c5?s=96&d=mm&r=g\",\"contentUrl\":\"https:\\\/\\\/secure.gravatar.com\\\/avatar\\\/a96b6054dc4c80cde596e2c3f42d23e4f769e395116bf277fb508315b9d8a5c5?s=96&d=mm&r=g\",\"caption\":\"Biblioteca Vigil\"},\"url\":\"https:\\\/\\\/bibliotecavigil.org.ar\\\/inicio\\\/author\\\/comunicacion\\\/\"}]}<\/script>\n<!-- \/ Yoast SEO plugin. -->","yoast_head_json":{"title":"La Vigil en el V Coloquio Internacional de Difusi\u00f3n y Preservaci\u00f3n de Fondos Antiguos en la UNAM - Biblioteca Vigil","robots":{"index":"index","follow":"follow","max-snippet":"max-snippet:-1","max-image-preview":"max-image-preview:large","max-video-preview":"max-video-preview:-1"},"canonical":"https:\/\/bibliotecavigil.org.ar\/inicio\/la-vigil-en-el-v-coloquio-internacional-de-difusion-y-preservacion-de-fondos-antiguos-en-la-unam\/","og_locale":"es_ES","og_type":"article","og_title":"La Vigil en el V Coloquio Internacional de Difusi\u00f3n y Preservaci\u00f3n de Fondos Antiguos en la UNAM - Biblioteca Vigil","og_description":"Con mucha alegr\u00eda les contamos que la Biblioteca Vigil participar\u00e1 en el V Coloquio Internacional Difusi\u00f3n y Preservaci\u00f3n de Fondos Antiguos \u201cEl arte de inmortalizar la memoria hist\u00f3rica\u201d, organizado por la Universidad Nacional Aut\u00f3noma de M\u00e9xico (UNAM).\u00a0 Es un orgullo representar a nuestra ciudad y a nuestro pa\u00eds en un evento internacional de excelencia acad\u00e9mica, [&hellip;]","og_url":"https:\/\/bibliotecavigil.org.ar\/inicio\/la-vigil-en-el-v-coloquio-internacional-de-difusion-y-preservacion-de-fondos-antiguos-en-la-unam\/","og_site_name":"Biblioteca Vigil","article_published_time":"2022-08-19T19:06:10+00:00","article_modified_time":"2022-08-19T19:06:17+00:00","og_image":[{"width":1780,"height":660,"url":"https:\/\/bibliotecavigil.org.ar\/inicio\/wp-content\/uploads\/2022\/08\/5to-Coloquio-Logo.png","type":"image\/png"}],"author":"Biblioteca Vigil","twitter_card":"summary_large_image","twitter_misc":{"Escrito por":"Biblioteca Vigil","Tiempo de lectura":"2 minutos"},"schema":{"@context":"https:\/\/schema.org","@graph":[{"@type":"Article","@id":"https:\/\/bibliotecavigil.org.ar\/inicio\/la-vigil-en-el-v-coloquio-internacional-de-difusion-y-preservacion-de-fondos-antiguos-en-la-unam\/#article","isPartOf":{"@id":"https:\/\/bibliotecavigil.org.ar\/inicio\/la-vigil-en-el-v-coloquio-internacional-de-difusion-y-preservacion-de-fondos-antiguos-en-la-unam\/"},"author":{"name":"Biblioteca Vigil","@id":"https:\/\/bibliotecavigil.org.ar\/inicio\/#\/schema\/person\/98530bc117d5fa50c5dc01b4fd8d3700"},"headline":"La Vigil en el V Coloquio Internacional de Difusi\u00f3n y Preservaci\u00f3n de Fondos Antiguos en la UNAM","datePublished":"2022-08-19T19:06:10+00:00","dateModified":"2022-08-19T19:06:17+00:00","mainEntityOfPage":{"@id":"https:\/\/bibliotecavigil.org.ar\/inicio\/la-vigil-en-el-v-coloquio-internacional-de-difusion-y-preservacion-de-fondos-antiguos-en-la-unam\/"},"wordCount":335,"commentCount":0,"publisher":{"@id":"https:\/\/bibliotecavigil.org.ar\/inicio\/#organization"},"image":{"@id":"https:\/\/bibliotecavigil.org.ar\/inicio\/la-vigil-en-el-v-coloquio-internacional-de-difusion-y-preservacion-de-fondos-antiguos-en-la-unam\/#primaryimage"},"thumbnailUrl":"https:\/\/bibliotecavigil.org.ar\/inicio\/wp-content\/uploads\/2022\/08\/5to-Coloquio-Logo.png","articleSection":["Noticias"],"inLanguage":"es","potentialAction":[{"@type":"CommentAction","name":"Comment","target":["https:\/\/bibliotecavigil.org.ar\/inicio\/la-vigil-en-el-v-coloquio-internacional-de-difusion-y-preservacion-de-fondos-antiguos-en-la-unam\/#respond"]}]},{"@type":"WebPage","@id":"https:\/\/bibliotecavigil.org.ar\/inicio\/la-vigil-en-el-v-coloquio-internacional-de-difusion-y-preservacion-de-fondos-antiguos-en-la-unam\/","url":"https:\/\/bibliotecavigil.org.ar\/inicio\/la-vigil-en-el-v-coloquio-internacional-de-difusion-y-preservacion-de-fondos-antiguos-en-la-unam\/","name":"La Vigil en el V Coloquio Internacional de Difusi\u00f3n y Preservaci\u00f3n de Fondos Antiguos en la UNAM - Biblioteca Vigil","isPartOf":{"@id":"https:\/\/bibliotecavigil.org.ar\/inicio\/#website"},"primaryImageOfPage":{"@id":"https:\/\/bibliotecavigil.org.ar\/inicio\/la-vigil-en-el-v-coloquio-internacional-de-difusion-y-preservacion-de-fondos-antiguos-en-la-unam\/#primaryimage"},"image":{"@id":"https:\/\/bibliotecavigil.org.ar\/inicio\/la-vigil-en-el-v-coloquio-internacional-de-difusion-y-preservacion-de-fondos-antiguos-en-la-unam\/#primaryimage"},"thumbnailUrl":"https:\/\/bibliotecavigil.org.ar\/inicio\/wp-content\/uploads\/2022\/08\/5to-Coloquio-Logo.png","datePublished":"2022-08-19T19:06:10+00:00","dateModified":"2022-08-19T19:06:17+00:00","breadcrumb":{"@id":"https:\/\/bibliotecavigil.org.ar\/inicio\/la-vigil-en-el-v-coloquio-internacional-de-difusion-y-preservacion-de-fondos-antiguos-en-la-unam\/#breadcrumb"},"inLanguage":"es","potentialAction":[{"@type":"ReadAction","target":["https:\/\/bibliotecavigil.org.ar\/inicio\/la-vigil-en-el-v-coloquio-internacional-de-difusion-y-preservacion-de-fondos-antiguos-en-la-unam\/"]}]},{"@type":"ImageObject","inLanguage":"es","@id":"https:\/\/bibliotecavigil.org.ar\/inicio\/la-vigil-en-el-v-coloquio-internacional-de-difusion-y-preservacion-de-fondos-antiguos-en-la-unam\/#primaryimage","url":"https:\/\/bibliotecavigil.org.ar\/inicio\/wp-content\/uploads\/2022\/08\/5to-Coloquio-Logo.png","contentUrl":"https:\/\/bibliotecavigil.org.ar\/inicio\/wp-content\/uploads\/2022\/08\/5to-Coloquio-Logo.png","width":1780,"height":660},{"@type":"BreadcrumbList","@id":"https:\/\/bibliotecavigil.org.ar\/inicio\/la-vigil-en-el-v-coloquio-internacional-de-difusion-y-preservacion-de-fondos-antiguos-en-la-unam\/#breadcrumb","itemListElement":[{"@type":"ListItem","position":1,"name":"Portada","item":"https:\/\/bibliotecavigil.org.ar\/inicio\/"},{"@type":"ListItem","position":2,"name":"La Vigil en el V Coloquio Internacional de Difusi\u00f3n y Preservaci\u00f3n de Fondos Antiguos en la UNAM"}]},{"@type":"WebSite","@id":"https:\/\/bibliotecavigil.org.ar\/inicio\/#website","url":"https:\/\/bibliotecavigil.org.ar\/inicio\/","name":"Biblioteca Vigil","description":"Biblioteca Popular C C Vigil","publisher":{"@id":"https:\/\/bibliotecavigil.org.ar\/inicio\/#organization"},"potentialAction":[{"@type":"SearchAction","target":{"@type":"EntryPoint","urlTemplate":"https:\/\/bibliotecavigil.org.ar\/inicio\/?s={search_term_string}"},"query-input":{"@type":"PropertyValueSpecification","valueRequired":true,"valueName":"search_term_string"}}],"inLanguage":"es"},{"@type":"Organization","@id":"https:\/\/bibliotecavigil.org.ar\/inicio\/#organization","name":"Biblioteca Popular C.C.Vigil","url":"https:\/\/bibliotecavigil.org.ar\/inicio\/","logo":{"@type":"ImageObject","inLanguage":"es","@id":"https:\/\/bibliotecavigil.org.ar\/inicio\/#\/schema\/logo\/image\/","url":"https:\/\/bibliotecavigil.org.ar\/inicio\/wp-content\/uploads\/2023\/06\/Logo-sin-texto-gif.gif","contentUrl":"https:\/\/bibliotecavigil.org.ar\/inicio\/wp-content\/uploads\/2023\/06\/Logo-sin-texto-gif.gif","width":1487,"height":1604,"caption":"Biblioteca Popular C.C.Vigil"},"image":{"@id":"https:\/\/bibliotecavigil.org.ar\/inicio\/#\/schema\/logo\/image\/"}},{"@type":"Person","@id":"https:\/\/bibliotecavigil.org.ar\/inicio\/#\/schema\/person\/98530bc117d5fa50c5dc01b4fd8d3700","name":"Biblioteca Vigil","image":{"@type":"ImageObject","inLanguage":"es","@id":"https:\/\/secure.gravatar.com\/avatar\/a96b6054dc4c80cde596e2c3f42d23e4f769e395116bf277fb508315b9d8a5c5?s=96&d=mm&r=g","url":"https:\/\/secure.gravatar.com\/avatar\/a96b6054dc4c80cde596e2c3f42d23e4f769e395116bf277fb508315b9d8a5c5?s=96&d=mm&r=g","contentUrl":"https:\/\/secure.gravatar.com\/avatar\/a96b6054dc4c80cde596e2c3f42d23e4f769e395116bf277fb508315b9d8a5c5?s=96&d=mm&r=g","caption":"Biblioteca Vigil"},"url":"https:\/\/bibliotecavigil.org.ar\/inicio\/author\/comunicacion\/"}]}},"_links":{"self":[{"href":"https:\/\/bibliotecavigil.org.ar\/inicio\/wp-json\/wp\/v2\/posts\/31000","targetHints":{"allow":["GET"]}}],"collection":[{"href":"https:\/\/bibliotecavigil.org.ar\/inicio\/wp-json\/wp\/v2\/posts"}],"about":[{"href":"https:\/\/bibliotecavigil.org.ar\/inicio\/wp-json\/wp\/v2\/types\/post"}],"author":[{"embeddable":true,"href":"https:\/\/bibliotecavigil.org.ar\/inicio\/wp-json\/wp\/v2\/users\/3"}],"replies":[{"embeddable":true,"href":"https:\/\/bibliotecavigil.org.ar\/inicio\/wp-json\/wp\/v2\/comments?post=31000"}],"version-history":[{"count":1,"href":"https:\/\/bibliotecavigil.org.ar\/inicio\/wp-json\/wp\/v2\/posts\/31000\/revisions"}],"predecessor-version":[{"id":31003,"href":"https:\/\/bibliotecavigil.org.ar\/inicio\/wp-json\/wp\/v2\/posts\/31000\/revisions\/31003"}],"wp:featuredmedia":[{"embeddable":true,"href":"https:\/\/bibliotecavigil.org.ar\/inicio\/wp-json\/wp\/v2\/media\/31002"}],"wp:attachment":[{"href":"https:\/\/bibliotecavigil.org.ar\/inicio\/wp-json\/wp\/v2\/media?parent=31000"}],"wp:term":[{"taxonomy":"category","embeddable":true,"href":"https:\/\/bibliotecavigil.org.ar\/inicio\/wp-json\/wp\/v2\/categories?post=31000"},{"taxonomy":"post_tag","embeddable":true,"href":"https:\/\/bibliotecavigil.org.ar\/inicio\/wp-json\/wp\/v2\/tags?post=31000"}],"curies":[{"name":"wp","href":"https:\/\/api.w.org\/{rel}","templated":true}]}}