{"id":31010,"date":"2022-08-30T16:08:37","date_gmt":"2022-08-30T19:08:37","guid":{"rendered":"https:\/\/bibliotecavigil.org.ar\/inicio\/?p=31010"},"modified":"2022-08-30T16:08:40","modified_gmt":"2022-08-30T19:08:40","slug":"recibimos-el-dejame-que-te-cuente-de-nora-larrosa","status":"publish","type":"post","link":"https:\/\/bibliotecavigil.org.ar\/inicio\/recibimos-el-dejame-que-te-cuente-de-nora-larrosa\/","title":{"rendered":"Recibimos el D\u00e9jame que te cuente de Nora Larrosa"},"content":{"rendered":"\n<p>\u201cNora dec\u00eda que hab\u00eda que construir libertades y hablaba de alfabetizaci\u00f3n cuando hablaba de la fundaci\u00f3n del SINTER. Y mencionaba un libro que hab\u00eda editado la Vigil: \u00bfMaestro Pueblo o Maestro Gendarme?, de Mar\u00eda Teresa Nidelcoff. Siempre hablaba de ese libro que ten\u00edan en la Vigil. Las clases, la ense\u00f1anza, su militancia del aula, el futuro en las palabras de los chicos, eso que ella hac\u00eda como amasando un ideal con las manos y era una pasi\u00f3n que proven\u00eda de muy hondo m\u00e1s que una inclinaci\u00f3n asistencial: un hacer desde las lenguas, el habla liberadora.\u201d<\/p>\n\n\n\n<p>Hoy, en el d\u00eda en que la Naciones Unidas establece que se<strong> observe y recuerde a las V\u00edctimas de la Desaparici\u00f3n Forzada de personas<\/strong>, participamos de la inauguraci\u00f3n de una nueva etapa de la colecci\u00f3n del programa \u201c<em>D\u00e9jame que te cuente<\/em>\u201d, que realiza el Museo de la Memoria en conjunto con escritores y familiares de lxs protagonistas de las historias.<\/p>\n\n\n\n<p>En esta ocasi\u00f3n fuimos invitados a recibir el ejemplar dedicado a Nora Larrosa, quien fuera docente de la escuela primaria de La Vigil y que el 15 de diciembre de 1976 fuera secuestrada y asesinada en un enfrentamiento fraguado por la patota de Feced.<\/p>\n\n\n\n<p>Atesoraremos y pondremos a disposici\u00f3n de nuestros lectores esta maravillosa obra, que pone en juego el archivo, la narrativa, lo vivido, lo recordado, lo imaginado para crear memoria, para que Nora y con ella todxs lxs detenidxs desaparacidxs que forman parte de esta colecci\u00f3n de libros hist\u00f3ricos-literarios vuelvan a estar presentes en cada lectura, en cada palabra, en cada emoci\u00f3n que nos proporcionan estos relatos, para que vuelvan a estar cerca.<\/p>\n\n\n\n<p>Agradecemos enormemente al escritor Lucas Paulinovich, a la dise\u00f1adora nuestra compa\u00f1era Valentina Militello, al comit\u00e9 editorial y al Museo por esta obra y nos comprometemos en este acto a mantener presente la historia y la memoria de Nora Larrosa.<\/p>\n\n\n\n<p>Les invitamos a conocer m\u00e1s de esta colecci\u00f3n en <a href=\"http:\/\/www.museodelamemoria.gob.ar\/page\/centro_de_estudios\/id\/2\/title\/Dejame-que-te-cuente\">http:\/\/www.museodelamemoria.gob.ar\/page\/centro_de_estudios\/id\/2\/title\/Dejame-que-te-cuente<\/a><\/p>\n\n\n\n<figure class=\"wp-block-image size-large is-resized\"><a href=\"https:\/\/bibliotecavigil.org.ar\/inicio\/wp-content\/uploads\/2022\/08\/WhatsApp-Image-2022-08-30-at-2.47.37-PM.jpeg\"><img decoding=\"async\" data-src=\"https:\/\/bibliotecavigil.org.ar\/inicio\/wp-content\/uploads\/2022\/08\/WhatsApp-Image-2022-08-30-at-2.47.37-PM-1024x768.jpeg\" alt=\"\" class=\"wp-image-31018 lazyload\" width=\"1024\" height=\"768\" data-srcset=\"https:\/\/bibliotecavigil.org.ar\/inicio\/wp-content\/uploads\/2022\/08\/WhatsApp-Image-2022-08-30-at-2.47.37-PM-980x735.jpeg 980w, https:\/\/bibliotecavigil.org.ar\/inicio\/wp-content\/uploads\/2022\/08\/WhatsApp-Image-2022-08-30-at-2.47.37-PM-480x360.jpeg 480w\" data-sizes=\"(min-width: 0px) and (max-width: 480px) 480px, (min-width: 481px) and (max-width: 980px) 980px, (min-width: 981px) 1024px, 100vw\" src=\"data:image\/svg+xml;base64,PHN2ZyB3aWR0aD0iMSIgaGVpZ2h0PSIxIiB4bWxucz0iaHR0cDovL3d3dy53My5vcmcvMjAwMC9zdmciPjwvc3ZnPg==\" style=\"--smush-placeholder-width: 1024px; --smush-placeholder-aspect-ratio: 1024\/768;\" \/><\/a><\/figure>\n\n\n\n<figure class=\"wp-block-image size-large\"><a href=\"https:\/\/bibliotecavigil.org.ar\/inicio\/wp-content\/uploads\/2022\/08\/WhatsApp-Image-2022-08-30-at-2.47.34-PM.jpeg\"><img decoding=\"async\" width=\"1024\" height=\"768\" data-src=\"https:\/\/bibliotecavigil.org.ar\/inicio\/wp-content\/uploads\/2022\/08\/WhatsApp-Image-2022-08-30-at-2.47.34-PM-1024x768.jpeg\" alt=\"\" class=\"wp-image-31012 lazyload\" data-srcset=\"https:\/\/bibliotecavigil.org.ar\/inicio\/wp-content\/uploads\/2022\/08\/WhatsApp-Image-2022-08-30-at-2.47.34-PM-980x735.jpeg 980w, https:\/\/bibliotecavigil.org.ar\/inicio\/wp-content\/uploads\/2022\/08\/WhatsApp-Image-2022-08-30-at-2.47.34-PM-480x360.jpeg 480w\" data-sizes=\"(min-width: 0px) and (max-width: 480px) 480px, (min-width: 481px) and (max-width: 980px) 980px, (min-width: 981px) 1024px, 100vw\" src=\"data:image\/svg+xml;base64,PHN2ZyB3aWR0aD0iMSIgaGVpZ2h0PSIxIiB4bWxucz0iaHR0cDovL3d3dy53My5vcmcvMjAwMC9zdmciPjwvc3ZnPg==\" style=\"--smush-placeholder-width: 1024px; --smush-placeholder-aspect-ratio: 1024\/768;\" \/><\/a><\/figure>\n\n\n\n<figure class=\"wp-block-image size-large\"><a href=\"https:\/\/bibliotecavigil.org.ar\/inicio\/wp-content\/uploads\/2022\/08\/WhatsApp-Image-2022-08-30-at-2.48.37-PM.jpeg\"><img decoding=\"async\" width=\"1024\" height=\"768\" data-src=\"https:\/\/bibliotecavigil.org.ar\/inicio\/wp-content\/uploads\/2022\/08\/WhatsApp-Image-2022-08-30-at-2.48.37-PM-1024x768.jpeg\" alt=\"\" class=\"wp-image-31013 lazyload\" data-srcset=\"https:\/\/bibliotecavigil.org.ar\/inicio\/wp-content\/uploads\/2022\/08\/WhatsApp-Image-2022-08-30-at-2.48.37-PM-980x735.jpeg 980w, https:\/\/bibliotecavigil.org.ar\/inicio\/wp-content\/uploads\/2022\/08\/WhatsApp-Image-2022-08-30-at-2.48.37-PM-480x360.jpeg 480w\" data-sizes=\"(min-width: 0px) and (max-width: 480px) 480px, (min-width: 481px) and (max-width: 980px) 980px, (min-width: 981px) 1024px, 100vw\" src=\"data:image\/svg+xml;base64,PHN2ZyB3aWR0aD0iMSIgaGVpZ2h0PSIxIiB4bWxucz0iaHR0cDovL3d3dy53My5vcmcvMjAwMC9zdmciPjwvc3ZnPg==\" style=\"--smush-placeholder-width: 1024px; --smush-placeholder-aspect-ratio: 1024\/768;\" \/><\/a><\/figure>\n\n\n\n<figure class=\"wp-block-image size-large\"><a href=\"https:\/\/bibliotecavigil.org.ar\/inicio\/wp-content\/uploads\/2022\/08\/WhatsApp-Image-2022-08-30-at-2.47.38-PM-2.jpeg\"><img decoding=\"async\" width=\"1024\" height=\"768\" data-src=\"https:\/\/bibliotecavigil.org.ar\/inicio\/wp-content\/uploads\/2022\/08\/WhatsApp-Image-2022-08-30-at-2.47.38-PM-2-1024x768.jpeg\" alt=\"\" class=\"wp-image-31014 lazyload\" data-srcset=\"https:\/\/bibliotecavigil.org.ar\/inicio\/wp-content\/uploads\/2022\/08\/WhatsApp-Image-2022-08-30-at-2.47.38-PM-2-980x735.jpeg 980w, https:\/\/bibliotecavigil.org.ar\/inicio\/wp-content\/uploads\/2022\/08\/WhatsApp-Image-2022-08-30-at-2.47.38-PM-2-480x360.jpeg 480w\" data-sizes=\"(min-width: 0px) and (max-width: 480px) 480px, (min-width: 481px) and (max-width: 980px) 980px, (min-width: 981px) 1024px, 100vw\" src=\"data:image\/svg+xml;base64,PHN2ZyB3aWR0aD0iMSIgaGVpZ2h0PSIxIiB4bWxucz0iaHR0cDovL3d3dy53My5vcmcvMjAwMC9zdmciPjwvc3ZnPg==\" style=\"--smush-placeholder-width: 1024px; --smush-placeholder-aspect-ratio: 1024\/768;\" \/><\/a><\/figure>\n\n\n\n<figure class=\"wp-block-image size-large\"><a href=\"https:\/\/bibliotecavigil.org.ar\/inicio\/wp-content\/uploads\/2022\/08\/WhatsApp-Image-2022-08-30-at-2.47.43-PM.jpeg\"><img decoding=\"async\" width=\"1024\" height=\"768\" data-src=\"https:\/\/bibliotecavigil.org.ar\/inicio\/wp-content\/uploads\/2022\/08\/WhatsApp-Image-2022-08-30-at-2.47.43-PM-1024x768.jpeg\" alt=\"\" class=\"wp-image-31015 lazyload\" data-srcset=\"https:\/\/bibliotecavigil.org.ar\/inicio\/wp-content\/uploads\/2022\/08\/WhatsApp-Image-2022-08-30-at-2.47.43-PM-980x735.jpeg 980w, https:\/\/bibliotecavigil.org.ar\/inicio\/wp-content\/uploads\/2022\/08\/WhatsApp-Image-2022-08-30-at-2.47.43-PM-480x360.jpeg 480w\" data-sizes=\"(min-width: 0px) and (max-width: 480px) 480px, (min-width: 481px) and (max-width: 980px) 980px, (min-width: 981px) 1024px, 100vw\" src=\"data:image\/svg+xml;base64,PHN2ZyB3aWR0aD0iMSIgaGVpZ2h0PSIxIiB4bWxucz0iaHR0cDovL3d3dy53My5vcmcvMjAwMC9zdmciPjwvc3ZnPg==\" style=\"--smush-placeholder-width: 1024px; --smush-placeholder-aspect-ratio: 1024\/768;\" \/><\/a><\/figure>\n\n\n\n<figure class=\"wp-block-image size-large\"><a href=\"https:\/\/bibliotecavigil.org.ar\/inicio\/wp-content\/uploads\/2022\/08\/WhatsApp-Image-2022-08-30-at-2.47.46-PM.jpeg\"><img decoding=\"async\" width=\"1024\" height=\"768\" data-src=\"https:\/\/bibliotecavigil.org.ar\/inicio\/wp-content\/uploads\/2022\/08\/WhatsApp-Image-2022-08-30-at-2.47.46-PM-1024x768.jpeg\" alt=\"\" class=\"wp-image-31016 lazyload\" data-srcset=\"https:\/\/bibliotecavigil.org.ar\/inicio\/wp-content\/uploads\/2022\/08\/WhatsApp-Image-2022-08-30-at-2.47.46-PM-980x735.jpeg 980w, https:\/\/bibliotecavigil.org.ar\/inicio\/wp-content\/uploads\/2022\/08\/WhatsApp-Image-2022-08-30-at-2.47.46-PM-480x360.jpeg 480w\" data-sizes=\"(min-width: 0px) and (max-width: 480px) 480px, (min-width: 481px) and (max-width: 980px) 980px, (min-width: 981px) 1024px, 100vw\" src=\"data:image\/svg+xml;base64,PHN2ZyB3aWR0aD0iMSIgaGVpZ2h0PSIxIiB4bWxucz0iaHR0cDovL3d3dy53My5vcmcvMjAwMC9zdmciPjwvc3ZnPg==\" style=\"--smush-placeholder-width: 1024px; --smush-placeholder-aspect-ratio: 1024\/768;\" \/><\/a><\/figure>\n","protected":false},"excerpt":{"rendered":"<p>\u201cNora dec\u00eda que hab\u00eda que construir libertades y hablaba de alfabetizaci\u00f3n cuando hablaba de la fundaci\u00f3n del SINTER. Y mencionaba un libro que hab\u00eda editado la Vigil: \u00bfMaestro Pueblo o Maestro Gendarme?, de Mar\u00eda Teresa Nidelcoff. Siempre hablaba de ese libro que ten\u00edan en la Vigil. Las clases, la ense\u00f1anza, su militancia del aula, el [&hellip;]<\/p>\n","protected":false},"author":3,"featured_media":31017,"comment_status":"open","ping_status":"closed","sticky":false,"template":"","format":"standard","meta":{"_et_pb_use_builder":"off","_et_pb_old_content":"","_et_gb_content_width":"1920","footnotes":""},"categories":[16],"tags":[],"class_list":["post-31010","post","type-post","status-publish","format-standard","has-post-thumbnail","hentry","category-noticias"],"yoast_head":"<!-- This site is optimized with the Yoast SEO plugin v27.5 - https:\/\/yoast.com\/product\/yoast-seo-wordpress\/ -->\n<title>Recibimos el D\u00e9jame que te cuente de Nora Larrosa - Biblioteca Vigil<\/title>\n<meta name=\"robots\" content=\"index, follow, max-snippet:-1, max-image-preview:large, max-video-preview:-1\" \/>\n<link rel=\"canonical\" href=\"https:\/\/bibliotecavigil.org.ar\/inicio\/recibimos-el-dejame-que-te-cuente-de-nora-larrosa\/\" \/>\n<meta property=\"og:locale\" content=\"es_ES\" \/>\n<meta property=\"og:type\" content=\"article\" \/>\n<meta property=\"og:title\" content=\"Recibimos el D\u00e9jame que te cuente de Nora Larrosa - Biblioteca Vigil\" \/>\n<meta property=\"og:description\" content=\"\u201cNora dec\u00eda que hab\u00eda que construir libertades y hablaba de alfabetizaci\u00f3n cuando hablaba de la fundaci\u00f3n del SINTER. Y mencionaba un libro que hab\u00eda editado la Vigil: \u00bfMaestro Pueblo o Maestro Gendarme?, de Mar\u00eda Teresa Nidelcoff. Siempre hablaba de ese libro que ten\u00edan en la Vigil. Las clases, la ense\u00f1anza, su militancia del aula, el [&hellip;]\" \/>\n<meta property=\"og:url\" content=\"https:\/\/bibliotecavigil.org.ar\/inicio\/recibimos-el-dejame-que-te-cuente-de-nora-larrosa\/\" \/>\n<meta property=\"og:site_name\" content=\"Biblioteca Vigil\" \/>\n<meta property=\"article:published_time\" content=\"2022-08-30T19:08:37+00:00\" \/>\n<meta property=\"article:modified_time\" content=\"2022-08-30T19:08:40+00:00\" \/>\n<meta property=\"og:image\" content=\"https:\/\/bibliotecavigil.org.ar\/inicio\/wp-content\/uploads\/2022\/08\/WhatsApp-Image-2022-08-30-at-2.47.35-PM-1-1.jpeg\" \/>\n\t<meta property=\"og:image:width\" content=\"1599\" \/>\n\t<meta property=\"og:image:height\" content=\"1200\" \/>\n\t<meta property=\"og:image:type\" content=\"image\/jpeg\" \/>\n<meta name=\"author\" content=\"Biblioteca Vigil\" \/>\n<meta name=\"twitter:card\" content=\"summary_large_image\" \/>\n<meta name=\"twitter:label1\" content=\"Escrito por\" \/>\n\t<meta name=\"twitter:data1\" content=\"Biblioteca Vigil\" \/>\n\t<meta name=\"twitter:label2\" content=\"Tiempo de lectura\" \/>\n\t<meta name=\"twitter:data2\" content=\"3 minutos\" \/>\n<script type=\"application\/ld+json\" class=\"yoast-schema-graph\">{\"@context\":\"https:\\\/\\\/schema.org\",\"@graph\":[{\"@type\":\"Article\",\"@id\":\"https:\\\/\\\/bibliotecavigil.org.ar\\\/inicio\\\/recibimos-el-dejame-que-te-cuente-de-nora-larrosa\\\/#article\",\"isPartOf\":{\"@id\":\"https:\\\/\\\/bibliotecavigil.org.ar\\\/inicio\\\/recibimos-el-dejame-que-te-cuente-de-nora-larrosa\\\/\"},\"author\":{\"name\":\"Biblioteca Vigil\",\"@id\":\"https:\\\/\\\/bibliotecavigil.org.ar\\\/inicio\\\/#\\\/schema\\\/person\\\/98530bc117d5fa50c5dc01b4fd8d3700\"},\"headline\":\"Recibimos el D\u00e9jame que te cuente de Nora Larrosa\",\"datePublished\":\"2022-08-30T19:08:37+00:00\",\"dateModified\":\"2022-08-30T19:08:40+00:00\",\"mainEntityOfPage\":{\"@id\":\"https:\\\/\\\/bibliotecavigil.org.ar\\\/inicio\\\/recibimos-el-dejame-que-te-cuente-de-nora-larrosa\\\/\"},\"wordCount\":366,\"commentCount\":0,\"publisher\":{\"@id\":\"https:\\\/\\\/bibliotecavigil.org.ar\\\/inicio\\\/#organization\"},\"image\":{\"@id\":\"https:\\\/\\\/bibliotecavigil.org.ar\\\/inicio\\\/recibimos-el-dejame-que-te-cuente-de-nora-larrosa\\\/#primaryimage\"},\"thumbnailUrl\":\"https:\\\/\\\/bibliotecavigil.org.ar\\\/inicio\\\/wp-content\\\/uploads\\\/2022\\\/08\\\/WhatsApp-Image-2022-08-30-at-2.47.35-PM-1-1.jpeg\",\"articleSection\":[\"Noticias\"],\"inLanguage\":\"es\",\"potentialAction\":[{\"@type\":\"CommentAction\",\"name\":\"Comment\",\"target\":[\"https:\\\/\\\/bibliotecavigil.org.ar\\\/inicio\\\/recibimos-el-dejame-que-te-cuente-de-nora-larrosa\\\/#respond\"]}]},{\"@type\":\"WebPage\",\"@id\":\"https:\\\/\\\/bibliotecavigil.org.ar\\\/inicio\\\/recibimos-el-dejame-que-te-cuente-de-nora-larrosa\\\/\",\"url\":\"https:\\\/\\\/bibliotecavigil.org.ar\\\/inicio\\\/recibimos-el-dejame-que-te-cuente-de-nora-larrosa\\\/\",\"name\":\"Recibimos el D\u00e9jame que te cuente de Nora Larrosa - Biblioteca Vigil\",\"isPartOf\":{\"@id\":\"https:\\\/\\\/bibliotecavigil.org.ar\\\/inicio\\\/#website\"},\"primaryImageOfPage\":{\"@id\":\"https:\\\/\\\/bibliotecavigil.org.ar\\\/inicio\\\/recibimos-el-dejame-que-te-cuente-de-nora-larrosa\\\/#primaryimage\"},\"image\":{\"@id\":\"https:\\\/\\\/bibliotecavigil.org.ar\\\/inicio\\\/recibimos-el-dejame-que-te-cuente-de-nora-larrosa\\\/#primaryimage\"},\"thumbnailUrl\":\"https:\\\/\\\/bibliotecavigil.org.ar\\\/inicio\\\/wp-content\\\/uploads\\\/2022\\\/08\\\/WhatsApp-Image-2022-08-30-at-2.47.35-PM-1-1.jpeg\",\"datePublished\":\"2022-08-30T19:08:37+00:00\",\"dateModified\":\"2022-08-30T19:08:40+00:00\",\"breadcrumb\":{\"@id\":\"https:\\\/\\\/bibliotecavigil.org.ar\\\/inicio\\\/recibimos-el-dejame-que-te-cuente-de-nora-larrosa\\\/#breadcrumb\"},\"inLanguage\":\"es\",\"potentialAction\":[{\"@type\":\"ReadAction\",\"target\":[\"https:\\\/\\\/bibliotecavigil.org.ar\\\/inicio\\\/recibimos-el-dejame-que-te-cuente-de-nora-larrosa\\\/\"]}]},{\"@type\":\"ImageObject\",\"inLanguage\":\"es\",\"@id\":\"https:\\\/\\\/bibliotecavigil.org.ar\\\/inicio\\\/recibimos-el-dejame-que-te-cuente-de-nora-larrosa\\\/#primaryimage\",\"url\":\"https:\\\/\\\/bibliotecavigil.org.ar\\\/inicio\\\/wp-content\\\/uploads\\\/2022\\\/08\\\/WhatsApp-Image-2022-08-30-at-2.47.35-PM-1-1.jpeg\",\"contentUrl\":\"https:\\\/\\\/bibliotecavigil.org.ar\\\/inicio\\\/wp-content\\\/uploads\\\/2022\\\/08\\\/WhatsApp-Image-2022-08-30-at-2.47.35-PM-1-1.jpeg\",\"width\":1599,\"height\":1200},{\"@type\":\"BreadcrumbList\",\"@id\":\"https:\\\/\\\/bibliotecavigil.org.ar\\\/inicio\\\/recibimos-el-dejame-que-te-cuente-de-nora-larrosa\\\/#breadcrumb\",\"itemListElement\":[{\"@type\":\"ListItem\",\"position\":1,\"name\":\"Portada\",\"item\":\"https:\\\/\\\/bibliotecavigil.org.ar\\\/inicio\\\/\"},{\"@type\":\"ListItem\",\"position\":2,\"name\":\"Recibimos el D\u00e9jame que te cuente de Nora Larrosa\"}]},{\"@type\":\"WebSite\",\"@id\":\"https:\\\/\\\/bibliotecavigil.org.ar\\\/inicio\\\/#website\",\"url\":\"https:\\\/\\\/bibliotecavigil.org.ar\\\/inicio\\\/\",\"name\":\"Biblioteca Vigil\",\"description\":\"Biblioteca Popular C C Vigil\",\"publisher\":{\"@id\":\"https:\\\/\\\/bibliotecavigil.org.ar\\\/inicio\\\/#organization\"},\"potentialAction\":[{\"@type\":\"SearchAction\",\"target\":{\"@type\":\"EntryPoint\",\"urlTemplate\":\"https:\\\/\\\/bibliotecavigil.org.ar\\\/inicio\\\/?s={search_term_string}\"},\"query-input\":{\"@type\":\"PropertyValueSpecification\",\"valueRequired\":true,\"valueName\":\"search_term_string\"}}],\"inLanguage\":\"es\"},{\"@type\":\"Organization\",\"@id\":\"https:\\\/\\\/bibliotecavigil.org.ar\\\/inicio\\\/#organization\",\"name\":\"Biblioteca Popular C.C.Vigil\",\"url\":\"https:\\\/\\\/bibliotecavigil.org.ar\\\/inicio\\\/\",\"logo\":{\"@type\":\"ImageObject\",\"inLanguage\":\"es\",\"@id\":\"https:\\\/\\\/bibliotecavigil.org.ar\\\/inicio\\\/#\\\/schema\\\/logo\\\/image\\\/\",\"url\":\"https:\\\/\\\/bibliotecavigil.org.ar\\\/inicio\\\/wp-content\\\/uploads\\\/2023\\\/06\\\/Logo-sin-texto-gif.gif\",\"contentUrl\":\"https:\\\/\\\/bibliotecavigil.org.ar\\\/inicio\\\/wp-content\\\/uploads\\\/2023\\\/06\\\/Logo-sin-texto-gif.gif\",\"width\":1487,\"height\":1604,\"caption\":\"Biblioteca Popular C.C.Vigil\"},\"image\":{\"@id\":\"https:\\\/\\\/bibliotecavigil.org.ar\\\/inicio\\\/#\\\/schema\\\/logo\\\/image\\\/\"}},{\"@type\":\"Person\",\"@id\":\"https:\\\/\\\/bibliotecavigil.org.ar\\\/inicio\\\/#\\\/schema\\\/person\\\/98530bc117d5fa50c5dc01b4fd8d3700\",\"name\":\"Biblioteca Vigil\",\"image\":{\"@type\":\"ImageObject\",\"inLanguage\":\"es\",\"@id\":\"https:\\\/\\\/secure.gravatar.com\\\/avatar\\\/a96b6054dc4c80cde596e2c3f42d23e4f769e395116bf277fb508315b9d8a5c5?s=96&d=mm&r=g\",\"url\":\"https:\\\/\\\/secure.gravatar.com\\\/avatar\\\/a96b6054dc4c80cde596e2c3f42d23e4f769e395116bf277fb508315b9d8a5c5?s=96&d=mm&r=g\",\"contentUrl\":\"https:\\\/\\\/secure.gravatar.com\\\/avatar\\\/a96b6054dc4c80cde596e2c3f42d23e4f769e395116bf277fb508315b9d8a5c5?s=96&d=mm&r=g\",\"caption\":\"Biblioteca Vigil\"},\"url\":\"https:\\\/\\\/bibliotecavigil.org.ar\\\/inicio\\\/author\\\/comunicacion\\\/\"}]}<\/script>\n<!-- \/ Yoast SEO plugin. -->","yoast_head_json":{"title":"Recibimos el D\u00e9jame que te cuente de Nora Larrosa - Biblioteca Vigil","robots":{"index":"index","follow":"follow","max-snippet":"max-snippet:-1","max-image-preview":"max-image-preview:large","max-video-preview":"max-video-preview:-1"},"canonical":"https:\/\/bibliotecavigil.org.ar\/inicio\/recibimos-el-dejame-que-te-cuente-de-nora-larrosa\/","og_locale":"es_ES","og_type":"article","og_title":"Recibimos el D\u00e9jame que te cuente de Nora Larrosa - Biblioteca Vigil","og_description":"\u201cNora dec\u00eda que hab\u00eda que construir libertades y hablaba de alfabetizaci\u00f3n cuando hablaba de la fundaci\u00f3n del SINTER. Y mencionaba un libro que hab\u00eda editado la Vigil: \u00bfMaestro Pueblo o Maestro Gendarme?, de Mar\u00eda Teresa Nidelcoff. Siempre hablaba de ese libro que ten\u00edan en la Vigil. Las clases, la ense\u00f1anza, su militancia del aula, el [&hellip;]","og_url":"https:\/\/bibliotecavigil.org.ar\/inicio\/recibimos-el-dejame-que-te-cuente-de-nora-larrosa\/","og_site_name":"Biblioteca Vigil","article_published_time":"2022-08-30T19:08:37+00:00","article_modified_time":"2022-08-30T19:08:40+00:00","og_image":[{"width":1599,"height":1200,"url":"https:\/\/bibliotecavigil.org.ar\/inicio\/wp-content\/uploads\/2022\/08\/WhatsApp-Image-2022-08-30-at-2.47.35-PM-1-1.jpeg","type":"image\/jpeg"}],"author":"Biblioteca Vigil","twitter_card":"summary_large_image","twitter_misc":{"Escrito por":"Biblioteca Vigil","Tiempo de lectura":"3 minutos"},"schema":{"@context":"https:\/\/schema.org","@graph":[{"@type":"Article","@id":"https:\/\/bibliotecavigil.org.ar\/inicio\/recibimos-el-dejame-que-te-cuente-de-nora-larrosa\/#article","isPartOf":{"@id":"https:\/\/bibliotecavigil.org.ar\/inicio\/recibimos-el-dejame-que-te-cuente-de-nora-larrosa\/"},"author":{"name":"Biblioteca Vigil","@id":"https:\/\/bibliotecavigil.org.ar\/inicio\/#\/schema\/person\/98530bc117d5fa50c5dc01b4fd8d3700"},"headline":"Recibimos el D\u00e9jame que te cuente de Nora Larrosa","datePublished":"2022-08-30T19:08:37+00:00","dateModified":"2022-08-30T19:08:40+00:00","mainEntityOfPage":{"@id":"https:\/\/bibliotecavigil.org.ar\/inicio\/recibimos-el-dejame-que-te-cuente-de-nora-larrosa\/"},"wordCount":366,"commentCount":0,"publisher":{"@id":"https:\/\/bibliotecavigil.org.ar\/inicio\/#organization"},"image":{"@id":"https:\/\/bibliotecavigil.org.ar\/inicio\/recibimos-el-dejame-que-te-cuente-de-nora-larrosa\/#primaryimage"},"thumbnailUrl":"https:\/\/bibliotecavigil.org.ar\/inicio\/wp-content\/uploads\/2022\/08\/WhatsApp-Image-2022-08-30-at-2.47.35-PM-1-1.jpeg","articleSection":["Noticias"],"inLanguage":"es","potentialAction":[{"@type":"CommentAction","name":"Comment","target":["https:\/\/bibliotecavigil.org.ar\/inicio\/recibimos-el-dejame-que-te-cuente-de-nora-larrosa\/#respond"]}]},{"@type":"WebPage","@id":"https:\/\/bibliotecavigil.org.ar\/inicio\/recibimos-el-dejame-que-te-cuente-de-nora-larrosa\/","url":"https:\/\/bibliotecavigil.org.ar\/inicio\/recibimos-el-dejame-que-te-cuente-de-nora-larrosa\/","name":"Recibimos el D\u00e9jame que te cuente de Nora Larrosa - Biblioteca Vigil","isPartOf":{"@id":"https:\/\/bibliotecavigil.org.ar\/inicio\/#website"},"primaryImageOfPage":{"@id":"https:\/\/bibliotecavigil.org.ar\/inicio\/recibimos-el-dejame-que-te-cuente-de-nora-larrosa\/#primaryimage"},"image":{"@id":"https:\/\/bibliotecavigil.org.ar\/inicio\/recibimos-el-dejame-que-te-cuente-de-nora-larrosa\/#primaryimage"},"thumbnailUrl":"https:\/\/bibliotecavigil.org.ar\/inicio\/wp-content\/uploads\/2022\/08\/WhatsApp-Image-2022-08-30-at-2.47.35-PM-1-1.jpeg","datePublished":"2022-08-30T19:08:37+00:00","dateModified":"2022-08-30T19:08:40+00:00","breadcrumb":{"@id":"https:\/\/bibliotecavigil.org.ar\/inicio\/recibimos-el-dejame-que-te-cuente-de-nora-larrosa\/#breadcrumb"},"inLanguage":"es","potentialAction":[{"@type":"ReadAction","target":["https:\/\/bibliotecavigil.org.ar\/inicio\/recibimos-el-dejame-que-te-cuente-de-nora-larrosa\/"]}]},{"@type":"ImageObject","inLanguage":"es","@id":"https:\/\/bibliotecavigil.org.ar\/inicio\/recibimos-el-dejame-que-te-cuente-de-nora-larrosa\/#primaryimage","url":"https:\/\/bibliotecavigil.org.ar\/inicio\/wp-content\/uploads\/2022\/08\/WhatsApp-Image-2022-08-30-at-2.47.35-PM-1-1.jpeg","contentUrl":"https:\/\/bibliotecavigil.org.ar\/inicio\/wp-content\/uploads\/2022\/08\/WhatsApp-Image-2022-08-30-at-2.47.35-PM-1-1.jpeg","width":1599,"height":1200},{"@type":"BreadcrumbList","@id":"https:\/\/bibliotecavigil.org.ar\/inicio\/recibimos-el-dejame-que-te-cuente-de-nora-larrosa\/#breadcrumb","itemListElement":[{"@type":"ListItem","position":1,"name":"Portada","item":"https:\/\/bibliotecavigil.org.ar\/inicio\/"},{"@type":"ListItem","position":2,"name":"Recibimos el D\u00e9jame que te cuente de Nora Larrosa"}]},{"@type":"WebSite","@id":"https:\/\/bibliotecavigil.org.ar\/inicio\/#website","url":"https:\/\/bibliotecavigil.org.ar\/inicio\/","name":"Biblioteca Vigil","description":"Biblioteca Popular C C Vigil","publisher":{"@id":"https:\/\/bibliotecavigil.org.ar\/inicio\/#organization"},"potentialAction":[{"@type":"SearchAction","target":{"@type":"EntryPoint","urlTemplate":"https:\/\/bibliotecavigil.org.ar\/inicio\/?s={search_term_string}"},"query-input":{"@type":"PropertyValueSpecification","valueRequired":true,"valueName":"search_term_string"}}],"inLanguage":"es"},{"@type":"Organization","@id":"https:\/\/bibliotecavigil.org.ar\/inicio\/#organization","name":"Biblioteca Popular C.C.Vigil","url":"https:\/\/bibliotecavigil.org.ar\/inicio\/","logo":{"@type":"ImageObject","inLanguage":"es","@id":"https:\/\/bibliotecavigil.org.ar\/inicio\/#\/schema\/logo\/image\/","url":"https:\/\/bibliotecavigil.org.ar\/inicio\/wp-content\/uploads\/2023\/06\/Logo-sin-texto-gif.gif","contentUrl":"https:\/\/bibliotecavigil.org.ar\/inicio\/wp-content\/uploads\/2023\/06\/Logo-sin-texto-gif.gif","width":1487,"height":1604,"caption":"Biblioteca Popular C.C.Vigil"},"image":{"@id":"https:\/\/bibliotecavigil.org.ar\/inicio\/#\/schema\/logo\/image\/"}},{"@type":"Person","@id":"https:\/\/bibliotecavigil.org.ar\/inicio\/#\/schema\/person\/98530bc117d5fa50c5dc01b4fd8d3700","name":"Biblioteca Vigil","image":{"@type":"ImageObject","inLanguage":"es","@id":"https:\/\/secure.gravatar.com\/avatar\/a96b6054dc4c80cde596e2c3f42d23e4f769e395116bf277fb508315b9d8a5c5?s=96&d=mm&r=g","url":"https:\/\/secure.gravatar.com\/avatar\/a96b6054dc4c80cde596e2c3f42d23e4f769e395116bf277fb508315b9d8a5c5?s=96&d=mm&r=g","contentUrl":"https:\/\/secure.gravatar.com\/avatar\/a96b6054dc4c80cde596e2c3f42d23e4f769e395116bf277fb508315b9d8a5c5?s=96&d=mm&r=g","caption":"Biblioteca Vigil"},"url":"https:\/\/bibliotecavigil.org.ar\/inicio\/author\/comunicacion\/"}]}},"_links":{"self":[{"href":"https:\/\/bibliotecavigil.org.ar\/inicio\/wp-json\/wp\/v2\/posts\/31010","targetHints":{"allow":["GET"]}}],"collection":[{"href":"https:\/\/bibliotecavigil.org.ar\/inicio\/wp-json\/wp\/v2\/posts"}],"about":[{"href":"https:\/\/bibliotecavigil.org.ar\/inicio\/wp-json\/wp\/v2\/types\/post"}],"author":[{"embeddable":true,"href":"https:\/\/bibliotecavigil.org.ar\/inicio\/wp-json\/wp\/v2\/users\/3"}],"replies":[{"embeddable":true,"href":"https:\/\/bibliotecavigil.org.ar\/inicio\/wp-json\/wp\/v2\/comments?post=31010"}],"version-history":[{"count":1,"href":"https:\/\/bibliotecavigil.org.ar\/inicio\/wp-json\/wp\/v2\/posts\/31010\/revisions"}],"predecessor-version":[{"id":31019,"href":"https:\/\/bibliotecavigil.org.ar\/inicio\/wp-json\/wp\/v2\/posts\/31010\/revisions\/31019"}],"wp:featuredmedia":[{"embeddable":true,"href":"https:\/\/bibliotecavigil.org.ar\/inicio\/wp-json\/wp\/v2\/media\/31017"}],"wp:attachment":[{"href":"https:\/\/bibliotecavigil.org.ar\/inicio\/wp-json\/wp\/v2\/media?parent=31010"}],"wp:term":[{"taxonomy":"category","embeddable":true,"href":"https:\/\/bibliotecavigil.org.ar\/inicio\/wp-json\/wp\/v2\/categories?post=31010"},{"taxonomy":"post_tag","embeddable":true,"href":"https:\/\/bibliotecavigil.org.ar\/inicio\/wp-json\/wp\/v2\/tags?post=31010"}],"curies":[{"name":"wp","href":"https:\/\/api.w.org\/{rel}","templated":true}]}}