{"id":31020,"date":"2022-08-30T17:07:31","date_gmt":"2022-08-30T20:07:31","guid":{"rendered":"https:\/\/bibliotecavigil.org.ar\/inicio\/?p=31020"},"modified":"2022-08-30T17:08:15","modified_gmt":"2022-08-30T20:08:15","slug":"agenda-septiembre-teatro-vigil","status":"publish","type":"post","link":"https:\/\/bibliotecavigil.org.ar\/inicio\/agenda-septiembre-teatro-vigil\/","title":{"rendered":"Agenda Septiembre Teatro Vigil"},"content":{"rendered":"\n<p>\u00a1Se termin\u00f3 la espera! Ya est\u00e1 ac\u00e1 la agenda de <strong>septiembre <\/strong>del <strong>Teatro Vigil<\/strong>!!!<\/p>\n\n\n\n<p>Tres funciones para todos los gustos, y como siempre, gratis para lxs socixs de La Vigil.<\/p>\n\n\n\n<p><\/p>\n\n\n\n<p>\u25ba<strong> 3\/9 20.30h Invasi\u00f3n ORNI de Payasos Rellenos<\/strong><\/p>\n\n\n\n<p>El mundo tranquilo y silencioso de un granjero y su vaca se invadido, de repente, por un grupo de seres extra\u00f1os y misteriosos. Nada fue lo mismo desde esa noche. Se trata del relato corrosivo de un rumiante que pretende mover el velo que constituye la ficci\u00f3n de la realidad para demostrar que no estamos solos en el universo.<\/p>\n\n\n\n<p>\u25ac Gratis para socixs \/ $500 no socixs<\/p>\n\n\n\n<p>\u25ba <strong>10\/9 20.30 h BARBACOA<\/strong><\/p>\n\n\n\n<p>Tras \u201cEsperando la Carroza\u201d llega la segunda parte de la saga familiar de Jacobo Langsner.<\/p>\n\n\n\n<p>Es otro caluroso domingo y la familia Musicardi nuevamente vuelve a reunirse, esta vez en el aniversario de bodas de Antonio y Norberto, quienes han orquestado un despliegue enorme en su mansi\u00f3n. Desde el fallecimiento de Mam\u00e1 Cora, la familia no ha vuelto a verse. Un jard\u00edn de pl\u00e1stico, un beb\u00e9 al nacer, el resentimiento de clase y los viejos rencores aparecen nuevamente mientras el fuego va haciendo las carnes apestadas que los Musicardi pretenden servir en esa fiesta inolvidable.<\/p>\n\n\n\n<p>\u25ac Gratis para socixs \/ $800 no socixs<\/p>\n\n\n\n<p>\u25ba<strong> 23\/09 20.30 h MALVINAS canto al sentimiento de un pueblo<\/strong><\/p>\n\n\n\n<p>Cesar, Marcelo y Santiago son amigos del barrio de la infancia. A sus 18 a\u00f1os son arrancados deliberadamente de sus vidas, sus pasiones, sus amores&#8230; Para ser enviados a la Guerra de Malvinas. Sus sue\u00f1os se ven cortados, sus miedos no cesan y el fr\u00edo llega sin clemencia hasta los huesos. Lejos del calor del hogar, la impotencia, la incomunicaci\u00f3n, el hambre y la violencia del entrenamiento armado, ponen a estos j\u00f3venes cara a cara con la muerte. Esta obra se constituye como un profundo y sentido homenaje a quienes han dejado la vida en Malvinas, quienes volvieron y a quienes volvieron pero siguen all\u00ed.<\/p>\n\n\n\n<p>\u25ac Gratis para todo p\u00fablico<\/p>\n\n\n\n<p>\u25ac<strong> A partir de &nbsp;hoy pod\u00e9s adquirir las entradas en La Vigil (Gaboto 450).<\/strong><\/p>\n\n\n\n<p>\u00a1Nos vemos en la Saulo!<\/p>\n\n\n\n<figure class=\"wp-block-image size-large\"><a href=\"https:\/\/bibliotecavigil.org.ar\/inicio\/wp-content\/uploads\/2022\/08\/WhatsApp-Image-2022-08-30-at-4.31.15-PM.jpeg\"><img decoding=\"async\" data-src=\"https:\/\/bibliotecavigil.org.ar\/inicio\/wp-content\/uploads\/2022\/08\/WhatsApp-Image-2022-08-30-at-4.31.15-PM-724x1024.jpeg\" alt=\"\" class=\"wp-image-31023 lazyload\" src=\"data:image\/svg+xml;base64,PHN2ZyB3aWR0aD0iMSIgaGVpZ2h0PSIxIiB4bWxucz0iaHR0cDovL3d3dy53My5vcmcvMjAwMC9zdmciPjwvc3ZnPg==\" style=\"--smush-placeholder-width: 724px; --smush-placeholder-aspect-ratio: 724\/1024;\" \/><\/a><\/figure>\n\n\n\n<figure class=\"wp-block-image size-large\"><a href=\"https:\/\/bibliotecavigil.org.ar\/inicio\/wp-content\/uploads\/2022\/08\/WhatsApp-Image-2022-08-30-at-4.38.26-PM.jpeg\"><img decoding=\"async\" data-src=\"https:\/\/bibliotecavigil.org.ar\/inicio\/wp-content\/uploads\/2022\/08\/WhatsApp-Image-2022-08-30-at-4.38.26-PM-724x1024.jpeg\" alt=\"\" class=\"wp-image-31024 lazyload\" src=\"data:image\/svg+xml;base64,PHN2ZyB3aWR0aD0iMSIgaGVpZ2h0PSIxIiB4bWxucz0iaHR0cDovL3d3dy53My5vcmcvMjAwMC9zdmciPjwvc3ZnPg==\" style=\"--smush-placeholder-width: 724px; --smush-placeholder-aspect-ratio: 724\/1024;\" \/><\/a><\/figure>\n\n\n\n<figure class=\"wp-block-image size-large\"><a href=\"https:\/\/bibliotecavigil.org.ar\/inicio\/wp-content\/uploads\/2022\/08\/WhatsApp-Image-2022-08-30-at-4.37.16-PM.jpeg\"><img decoding=\"async\" data-src=\"https:\/\/bibliotecavigil.org.ar\/inicio\/wp-content\/uploads\/2022\/08\/WhatsApp-Image-2022-08-30-at-4.37.16-PM-724x1024.jpeg\" alt=\"\" class=\"wp-image-31025 lazyload\" src=\"data:image\/svg+xml;base64,PHN2ZyB3aWR0aD0iMSIgaGVpZ2h0PSIxIiB4bWxucz0iaHR0cDovL3d3dy53My5vcmcvMjAwMC9zdmciPjwvc3ZnPg==\" style=\"--smush-placeholder-width: 724px; --smush-placeholder-aspect-ratio: 724\/1024;\" \/><\/a><\/figure>\n","protected":false},"excerpt":{"rendered":"<p>\u00a1Se termin\u00f3 la espera! Ya est\u00e1 ac\u00e1 la agenda de septiembre del Teatro Vigil!!! Tres funciones para todos los gustos, y como siempre, gratis para lxs socixs de La Vigil. \u25ba 3\/9 20.30h Invasi\u00f3n ORNI de Payasos Rellenos El mundo tranquilo y silencioso de un granjero y su vaca se invadido, de repente, por un [&hellip;]<\/p>\n","protected":false},"author":3,"featured_media":0,"comment_status":"open","ping_status":"closed","sticky":false,"template":"","format":"standard","meta":{"_et_pb_use_builder":"off","_et_pb_old_content":"","_et_gb_content_width":"1920","footnotes":""},"categories":[16],"tags":[282,284,283,281,280],"class_list":["post-31020","post","type-post","status-publish","format-standard","hentry","category-noticias","tag-barbacoa","tag-inavasion-orni","tag-malvinas","tag-obras","tag-teatro-vigil"],"yoast_head":"<!-- This site is optimized with the Yoast SEO plugin v27.3 - https:\/\/yoast.com\/product\/yoast-seo-wordpress\/ -->\n<title>Agenda Septiembre Teatro Vigil - Biblioteca Vigil<\/title>\n<meta name=\"robots\" content=\"index, follow, max-snippet:-1, max-image-preview:large, max-video-preview:-1\" \/>\n<link rel=\"canonical\" href=\"https:\/\/bibliotecavigil.org.ar\/inicio\/agenda-septiembre-teatro-vigil\/\" \/>\n<meta property=\"og:locale\" content=\"es_ES\" \/>\n<meta property=\"og:type\" content=\"article\" \/>\n<meta property=\"og:title\" content=\"Agenda Septiembre Teatro Vigil - Biblioteca Vigil\" \/>\n<meta property=\"og:description\" content=\"\u00a1Se termin\u00f3 la espera! Ya est\u00e1 ac\u00e1 la agenda de septiembre del Teatro Vigil!!! Tres funciones para todos los gustos, y como siempre, gratis para lxs socixs de La Vigil. \u25ba 3\/9 20.30h Invasi\u00f3n ORNI de Payasos Rellenos El mundo tranquilo y silencioso de un granjero y su vaca se invadido, de repente, por un [&hellip;]\" \/>\n<meta property=\"og:url\" content=\"https:\/\/bibliotecavigil.org.ar\/inicio\/agenda-septiembre-teatro-vigil\/\" \/>\n<meta property=\"og:site_name\" content=\"Biblioteca Vigil\" \/>\n<meta property=\"article:published_time\" content=\"2022-08-30T20:07:31+00:00\" \/>\n<meta property=\"article:modified_time\" content=\"2022-08-30T20:08:15+00:00\" \/>\n<meta property=\"og:image\" content=\"https:\/\/bibliotecavigil.org.ar\/inicio\/wp-content\/uploads\/2022\/08\/Agenda-sep-web-copia.jpg\" \/>\n\t<meta property=\"og:image:width\" content=\"1667\" \/>\n\t<meta property=\"og:image:height\" content=\"1042\" \/>\n\t<meta property=\"og:image:type\" content=\"image\/jpeg\" \/>\n<meta name=\"author\" content=\"Biblioteca Vigil\" \/>\n<meta name=\"twitter:card\" content=\"summary_large_image\" \/>\n<meta name=\"twitter:label1\" content=\"Escrito por\" \/>\n\t<meta name=\"twitter:data1\" content=\"Biblioteca Vigil\" \/>\n\t<meta name=\"twitter:label2\" content=\"Tiempo de lectura\" \/>\n\t<meta name=\"twitter:data2\" content=\"3 minutos\" \/>\n<script type=\"application\/ld+json\" class=\"yoast-schema-graph\">{\"@context\":\"https:\\\/\\\/schema.org\",\"@graph\":[{\"@type\":\"Article\",\"@id\":\"https:\\\/\\\/bibliotecavigil.org.ar\\\/inicio\\\/agenda-septiembre-teatro-vigil\\\/#article\",\"isPartOf\":{\"@id\":\"https:\\\/\\\/bibliotecavigil.org.ar\\\/inicio\\\/agenda-septiembre-teatro-vigil\\\/\"},\"author\":{\"name\":\"Biblioteca Vigil\",\"@id\":\"https:\\\/\\\/bibliotecavigil.org.ar\\\/inicio\\\/#\\\/schema\\\/person\\\/98530bc117d5fa50c5dc01b4fd8d3700\"},\"headline\":\"Agenda Septiembre Teatro Vigil\",\"datePublished\":\"2022-08-30T20:07:31+00:00\",\"dateModified\":\"2022-08-30T20:08:15+00:00\",\"mainEntityOfPage\":{\"@id\":\"https:\\\/\\\/bibliotecavigil.org.ar\\\/inicio\\\/agenda-septiembre-teatro-vigil\\\/\"},\"wordCount\":353,\"commentCount\":0,\"publisher\":{\"@id\":\"https:\\\/\\\/bibliotecavigil.org.ar\\\/inicio\\\/#organization\"},\"image\":{\"@id\":\"https:\\\/\\\/bibliotecavigil.org.ar\\\/inicio\\\/agenda-septiembre-teatro-vigil\\\/#primaryimage\"},\"thumbnailUrl\":\"https:\\\/\\\/bibliotecavigil.org.ar\\\/inicio\\\/wp-content\\\/uploads\\\/2022\\\/08\\\/WhatsApp-Image-2022-08-30-at-4.31.15-PM-724x1024.jpeg\",\"keywords\":[\"barbacoa\",\"inavasion orni\",\"malvinas\",\"obras\",\"teatro vigil\"],\"articleSection\":[\"Noticias\"],\"inLanguage\":\"es\",\"potentialAction\":[{\"@type\":\"CommentAction\",\"name\":\"Comment\",\"target\":[\"https:\\\/\\\/bibliotecavigil.org.ar\\\/inicio\\\/agenda-septiembre-teatro-vigil\\\/#respond\"]}]},{\"@type\":\"WebPage\",\"@id\":\"https:\\\/\\\/bibliotecavigil.org.ar\\\/inicio\\\/agenda-septiembre-teatro-vigil\\\/\",\"url\":\"https:\\\/\\\/bibliotecavigil.org.ar\\\/inicio\\\/agenda-septiembre-teatro-vigil\\\/\",\"name\":\"Agenda Septiembre Teatro Vigil - Biblioteca Vigil\",\"isPartOf\":{\"@id\":\"https:\\\/\\\/bibliotecavigil.org.ar\\\/inicio\\\/#website\"},\"primaryImageOfPage\":{\"@id\":\"https:\\\/\\\/bibliotecavigil.org.ar\\\/inicio\\\/agenda-septiembre-teatro-vigil\\\/#primaryimage\"},\"image\":{\"@id\":\"https:\\\/\\\/bibliotecavigil.org.ar\\\/inicio\\\/agenda-septiembre-teatro-vigil\\\/#primaryimage\"},\"thumbnailUrl\":\"https:\\\/\\\/bibliotecavigil.org.ar\\\/inicio\\\/wp-content\\\/uploads\\\/2022\\\/08\\\/WhatsApp-Image-2022-08-30-at-4.31.15-PM-724x1024.jpeg\",\"datePublished\":\"2022-08-30T20:07:31+00:00\",\"dateModified\":\"2022-08-30T20:08:15+00:00\",\"breadcrumb\":{\"@id\":\"https:\\\/\\\/bibliotecavigil.org.ar\\\/inicio\\\/agenda-septiembre-teatro-vigil\\\/#breadcrumb\"},\"inLanguage\":\"es\",\"potentialAction\":[{\"@type\":\"ReadAction\",\"target\":[\"https:\\\/\\\/bibliotecavigil.org.ar\\\/inicio\\\/agenda-septiembre-teatro-vigil\\\/\"]}]},{\"@type\":\"ImageObject\",\"inLanguage\":\"es\",\"@id\":\"https:\\\/\\\/bibliotecavigil.org.ar\\\/inicio\\\/agenda-septiembre-teatro-vigil\\\/#primaryimage\",\"url\":\"\",\"contentUrl\":\"\"},{\"@type\":\"BreadcrumbList\",\"@id\":\"https:\\\/\\\/bibliotecavigil.org.ar\\\/inicio\\\/agenda-septiembre-teatro-vigil\\\/#breadcrumb\",\"itemListElement\":[{\"@type\":\"ListItem\",\"position\":1,\"name\":\"Portada\",\"item\":\"https:\\\/\\\/bibliotecavigil.org.ar\\\/inicio\\\/\"},{\"@type\":\"ListItem\",\"position\":2,\"name\":\"Agenda Septiembre Teatro Vigil\"}]},{\"@type\":\"WebSite\",\"@id\":\"https:\\\/\\\/bibliotecavigil.org.ar\\\/inicio\\\/#website\",\"url\":\"https:\\\/\\\/bibliotecavigil.org.ar\\\/inicio\\\/\",\"name\":\"Biblioteca Vigil\",\"description\":\"Biblioteca Popular C C Vigil\",\"publisher\":{\"@id\":\"https:\\\/\\\/bibliotecavigil.org.ar\\\/inicio\\\/#organization\"},\"potentialAction\":[{\"@type\":\"SearchAction\",\"target\":{\"@type\":\"EntryPoint\",\"urlTemplate\":\"https:\\\/\\\/bibliotecavigil.org.ar\\\/inicio\\\/?s={search_term_string}\"},\"query-input\":{\"@type\":\"PropertyValueSpecification\",\"valueRequired\":true,\"valueName\":\"search_term_string\"}}],\"inLanguage\":\"es\"},{\"@type\":\"Organization\",\"@id\":\"https:\\\/\\\/bibliotecavigil.org.ar\\\/inicio\\\/#organization\",\"name\":\"Biblioteca Popular C.C.Vigil\",\"url\":\"https:\\\/\\\/bibliotecavigil.org.ar\\\/inicio\\\/\",\"logo\":{\"@type\":\"ImageObject\",\"inLanguage\":\"es\",\"@id\":\"https:\\\/\\\/bibliotecavigil.org.ar\\\/inicio\\\/#\\\/schema\\\/logo\\\/image\\\/\",\"url\":\"https:\\\/\\\/bibliotecavigil.org.ar\\\/inicio\\\/wp-content\\\/uploads\\\/2023\\\/06\\\/Logo-sin-texto-gif.gif\",\"contentUrl\":\"https:\\\/\\\/bibliotecavigil.org.ar\\\/inicio\\\/wp-content\\\/uploads\\\/2023\\\/06\\\/Logo-sin-texto-gif.gif\",\"width\":1487,\"height\":1604,\"caption\":\"Biblioteca Popular C.C.Vigil\"},\"image\":{\"@id\":\"https:\\\/\\\/bibliotecavigil.org.ar\\\/inicio\\\/#\\\/schema\\\/logo\\\/image\\\/\"}},{\"@type\":\"Person\",\"@id\":\"https:\\\/\\\/bibliotecavigil.org.ar\\\/inicio\\\/#\\\/schema\\\/person\\\/98530bc117d5fa50c5dc01b4fd8d3700\",\"name\":\"Biblioteca Vigil\",\"image\":{\"@type\":\"ImageObject\",\"inLanguage\":\"es\",\"@id\":\"https:\\\/\\\/secure.gravatar.com\\\/avatar\\\/a96b6054dc4c80cde596e2c3f42d23e4f769e395116bf277fb508315b9d8a5c5?s=96&d=mm&r=g\",\"url\":\"https:\\\/\\\/secure.gravatar.com\\\/avatar\\\/a96b6054dc4c80cde596e2c3f42d23e4f769e395116bf277fb508315b9d8a5c5?s=96&d=mm&r=g\",\"contentUrl\":\"https:\\\/\\\/secure.gravatar.com\\\/avatar\\\/a96b6054dc4c80cde596e2c3f42d23e4f769e395116bf277fb508315b9d8a5c5?s=96&d=mm&r=g\",\"caption\":\"Biblioteca Vigil\"},\"url\":\"https:\\\/\\\/bibliotecavigil.org.ar\\\/inicio\\\/author\\\/comunicacion\\\/\"}]}<\/script>\n<!-- \/ Yoast SEO plugin. -->","yoast_head_json":{"title":"Agenda Septiembre Teatro Vigil - Biblioteca Vigil","robots":{"index":"index","follow":"follow","max-snippet":"max-snippet:-1","max-image-preview":"max-image-preview:large","max-video-preview":"max-video-preview:-1"},"canonical":"https:\/\/bibliotecavigil.org.ar\/inicio\/agenda-septiembre-teatro-vigil\/","og_locale":"es_ES","og_type":"article","og_title":"Agenda Septiembre Teatro Vigil - Biblioteca Vigil","og_description":"\u00a1Se termin\u00f3 la espera! Ya est\u00e1 ac\u00e1 la agenda de septiembre del Teatro Vigil!!! Tres funciones para todos los gustos, y como siempre, gratis para lxs socixs de La Vigil. \u25ba 3\/9 20.30h Invasi\u00f3n ORNI de Payasos Rellenos El mundo tranquilo y silencioso de un granjero y su vaca se invadido, de repente, por un [&hellip;]","og_url":"https:\/\/bibliotecavigil.org.ar\/inicio\/agenda-septiembre-teatro-vigil\/","og_site_name":"Biblioteca Vigil","article_published_time":"2022-08-30T20:07:31+00:00","article_modified_time":"2022-08-30T20:08:15+00:00","og_image":[{"width":1667,"height":1042,"url":"https:\/\/bibliotecavigil.org.ar\/inicio\/wp-content\/uploads\/2022\/08\/Agenda-sep-web-copia.jpg","type":"image\/jpeg"}],"author":"Biblioteca Vigil","twitter_card":"summary_large_image","twitter_misc":{"Escrito por":"Biblioteca Vigil","Tiempo de lectura":"3 minutos"},"schema":{"@context":"https:\/\/schema.org","@graph":[{"@type":"Article","@id":"https:\/\/bibliotecavigil.org.ar\/inicio\/agenda-septiembre-teatro-vigil\/#article","isPartOf":{"@id":"https:\/\/bibliotecavigil.org.ar\/inicio\/agenda-septiembre-teatro-vigil\/"},"author":{"name":"Biblioteca Vigil","@id":"https:\/\/bibliotecavigil.org.ar\/inicio\/#\/schema\/person\/98530bc117d5fa50c5dc01b4fd8d3700"},"headline":"Agenda Septiembre Teatro Vigil","datePublished":"2022-08-30T20:07:31+00:00","dateModified":"2022-08-30T20:08:15+00:00","mainEntityOfPage":{"@id":"https:\/\/bibliotecavigil.org.ar\/inicio\/agenda-septiembre-teatro-vigil\/"},"wordCount":353,"commentCount":0,"publisher":{"@id":"https:\/\/bibliotecavigil.org.ar\/inicio\/#organization"},"image":{"@id":"https:\/\/bibliotecavigil.org.ar\/inicio\/agenda-septiembre-teatro-vigil\/#primaryimage"},"thumbnailUrl":"https:\/\/bibliotecavigil.org.ar\/inicio\/wp-content\/uploads\/2022\/08\/WhatsApp-Image-2022-08-30-at-4.31.15-PM-724x1024.jpeg","keywords":["barbacoa","inavasion orni","malvinas","obras","teatro vigil"],"articleSection":["Noticias"],"inLanguage":"es","potentialAction":[{"@type":"CommentAction","name":"Comment","target":["https:\/\/bibliotecavigil.org.ar\/inicio\/agenda-septiembre-teatro-vigil\/#respond"]}]},{"@type":"WebPage","@id":"https:\/\/bibliotecavigil.org.ar\/inicio\/agenda-septiembre-teatro-vigil\/","url":"https:\/\/bibliotecavigil.org.ar\/inicio\/agenda-septiembre-teatro-vigil\/","name":"Agenda Septiembre Teatro Vigil - Biblioteca Vigil","isPartOf":{"@id":"https:\/\/bibliotecavigil.org.ar\/inicio\/#website"},"primaryImageOfPage":{"@id":"https:\/\/bibliotecavigil.org.ar\/inicio\/agenda-septiembre-teatro-vigil\/#primaryimage"},"image":{"@id":"https:\/\/bibliotecavigil.org.ar\/inicio\/agenda-septiembre-teatro-vigil\/#primaryimage"},"thumbnailUrl":"https:\/\/bibliotecavigil.org.ar\/inicio\/wp-content\/uploads\/2022\/08\/WhatsApp-Image-2022-08-30-at-4.31.15-PM-724x1024.jpeg","datePublished":"2022-08-30T20:07:31+00:00","dateModified":"2022-08-30T20:08:15+00:00","breadcrumb":{"@id":"https:\/\/bibliotecavigil.org.ar\/inicio\/agenda-septiembre-teatro-vigil\/#breadcrumb"},"inLanguage":"es","potentialAction":[{"@type":"ReadAction","target":["https:\/\/bibliotecavigil.org.ar\/inicio\/agenda-septiembre-teatro-vigil\/"]}]},{"@type":"ImageObject","inLanguage":"es","@id":"https:\/\/bibliotecavigil.org.ar\/inicio\/agenda-septiembre-teatro-vigil\/#primaryimage","url":"","contentUrl":""},{"@type":"BreadcrumbList","@id":"https:\/\/bibliotecavigil.org.ar\/inicio\/agenda-septiembre-teatro-vigil\/#breadcrumb","itemListElement":[{"@type":"ListItem","position":1,"name":"Portada","item":"https:\/\/bibliotecavigil.org.ar\/inicio\/"},{"@type":"ListItem","position":2,"name":"Agenda Septiembre Teatro Vigil"}]},{"@type":"WebSite","@id":"https:\/\/bibliotecavigil.org.ar\/inicio\/#website","url":"https:\/\/bibliotecavigil.org.ar\/inicio\/","name":"Biblioteca Vigil","description":"Biblioteca Popular C C Vigil","publisher":{"@id":"https:\/\/bibliotecavigil.org.ar\/inicio\/#organization"},"potentialAction":[{"@type":"SearchAction","target":{"@type":"EntryPoint","urlTemplate":"https:\/\/bibliotecavigil.org.ar\/inicio\/?s={search_term_string}"},"query-input":{"@type":"PropertyValueSpecification","valueRequired":true,"valueName":"search_term_string"}}],"inLanguage":"es"},{"@type":"Organization","@id":"https:\/\/bibliotecavigil.org.ar\/inicio\/#organization","name":"Biblioteca Popular C.C.Vigil","url":"https:\/\/bibliotecavigil.org.ar\/inicio\/","logo":{"@type":"ImageObject","inLanguage":"es","@id":"https:\/\/bibliotecavigil.org.ar\/inicio\/#\/schema\/logo\/image\/","url":"https:\/\/bibliotecavigil.org.ar\/inicio\/wp-content\/uploads\/2023\/06\/Logo-sin-texto-gif.gif","contentUrl":"https:\/\/bibliotecavigil.org.ar\/inicio\/wp-content\/uploads\/2023\/06\/Logo-sin-texto-gif.gif","width":1487,"height":1604,"caption":"Biblioteca Popular C.C.Vigil"},"image":{"@id":"https:\/\/bibliotecavigil.org.ar\/inicio\/#\/schema\/logo\/image\/"}},{"@type":"Person","@id":"https:\/\/bibliotecavigil.org.ar\/inicio\/#\/schema\/person\/98530bc117d5fa50c5dc01b4fd8d3700","name":"Biblioteca Vigil","image":{"@type":"ImageObject","inLanguage":"es","@id":"https:\/\/secure.gravatar.com\/avatar\/a96b6054dc4c80cde596e2c3f42d23e4f769e395116bf277fb508315b9d8a5c5?s=96&d=mm&r=g","url":"https:\/\/secure.gravatar.com\/avatar\/a96b6054dc4c80cde596e2c3f42d23e4f769e395116bf277fb508315b9d8a5c5?s=96&d=mm&r=g","contentUrl":"https:\/\/secure.gravatar.com\/avatar\/a96b6054dc4c80cde596e2c3f42d23e4f769e395116bf277fb508315b9d8a5c5?s=96&d=mm&r=g","caption":"Biblioteca Vigil"},"url":"https:\/\/bibliotecavigil.org.ar\/inicio\/author\/comunicacion\/"}]}},"_links":{"self":[{"href":"https:\/\/bibliotecavigil.org.ar\/inicio\/wp-json\/wp\/v2\/posts\/31020","targetHints":{"allow":["GET"]}}],"collection":[{"href":"https:\/\/bibliotecavigil.org.ar\/inicio\/wp-json\/wp\/v2\/posts"}],"about":[{"href":"https:\/\/bibliotecavigil.org.ar\/inicio\/wp-json\/wp\/v2\/types\/post"}],"author":[{"embeddable":true,"href":"https:\/\/bibliotecavigil.org.ar\/inicio\/wp-json\/wp\/v2\/users\/3"}],"replies":[{"embeddable":true,"href":"https:\/\/bibliotecavigil.org.ar\/inicio\/wp-json\/wp\/v2\/comments?post=31020"}],"version-history":[{"count":2,"href":"https:\/\/bibliotecavigil.org.ar\/inicio\/wp-json\/wp\/v2\/posts\/31020\/revisions"}],"predecessor-version":[{"id":31028,"href":"https:\/\/bibliotecavigil.org.ar\/inicio\/wp-json\/wp\/v2\/posts\/31020\/revisions\/31028"}],"wp:attachment":[{"href":"https:\/\/bibliotecavigil.org.ar\/inicio\/wp-json\/wp\/v2\/media?parent=31020"}],"wp:term":[{"taxonomy":"category","embeddable":true,"href":"https:\/\/bibliotecavigil.org.ar\/inicio\/wp-json\/wp\/v2\/categories?post=31020"},{"taxonomy":"post_tag","embeddable":true,"href":"https:\/\/bibliotecavigil.org.ar\/inicio\/wp-json\/wp\/v2\/tags?post=31020"}],"curies":[{"name":"wp","href":"https:\/\/api.w.org\/{rel}","templated":true}]}}