{"id":31032,"date":"2022-09-02T11:05:12","date_gmt":"2022-09-02T14:05:12","guid":{"rendered":"https:\/\/bibliotecavigil.org.ar\/inicio\/?p=31032"},"modified":"2022-09-02T11:05:16","modified_gmt":"2022-09-02T14:05:16","slug":"repudiamos-el-intento-de-magnicidio-contra-la-vicepresidenta-de-la-nacion","status":"publish","type":"post","link":"https:\/\/bibliotecavigil.org.ar\/inicio\/repudiamos-el-intento-de-magnicidio-contra-la-vicepresidenta-de-la-nacion\/","title":{"rendered":"Repudiamos el intento de magnicidio contra la vicepresidenta de la naci\u00f3n."},"content":{"rendered":"\n<p>Desde La Vigil, Sitio de Memoria del Terrorismo de Estado, repudiamos el intento de magnicidio contra la vicepresidenta de la naci\u00f3n.<\/p>\n\n\n\n<p>El atentado contra Cristina Fern\u00e1ndez de Kirchner es un atentado contra la democracia. Estas acciones forman parte de una escalada de violencia que nos retrotrae a etapas nefastas de nuestra historia y se coloca en riesgo la institucionalidad democr\u00e1tica.<\/p>\n\n\n\n<p>Es necesario desterrar el odio pol\u00edtico y llamar al respeto de las diferentes expresiones pol\u00edticas para lograr una convivencia en armon\u00eda y sin violencias.<\/p>\n\n\n\n<p>Hace 39 a\u00f1os dijimos <strong>NUNCA M\u00c1S.<\/strong><\/p>\n\n\n\n<p>Nos solidarizamos con la vicepresidenta de la naci\u00f3n y su familia. Exigimos la investigaci\u00f3n de este grav\u00edsimo suceso y apelamos a la razonabilidad de los discursos y acciones por parte de quienes tienen responsabilidades de representaci\u00f3n y tambi\u00e9n de empresas medi\u00e1ticas.<\/p>\n\n\n\n<p>Convocamos a movilizarnos a las 12 h en la plaza 25 de mayo hoy viernes 2 de septiembre y sostenemos la necesidad de seguir promoviendo Memoria, Verdad y Justicia, para fortalecer la participaci\u00f3n y la democracia.<\/p>\n","protected":false},"excerpt":{"rendered":"<p>Desde La Vigil, Sitio de Memoria del Terrorismo de Estado, repudiamos el intento de magnicidio contra la vicepresidenta de la naci\u00f3n. El atentado contra Cristina Fern\u00e1ndez de Kirchner es un atentado contra la democracia. Estas acciones forman parte de una escalada de violencia que nos retrotrae a etapas nefastas de nuestra historia y se coloca [&hellip;]<\/p>\n","protected":false},"author":3,"featured_media":31033,"comment_status":"open","ping_status":"closed","sticky":false,"template":"","format":"standard","meta":{"_et_pb_use_builder":"off","_et_pb_old_content":"","_et_gb_content_width":"1920","footnotes":""},"categories":[16],"tags":[285,287,290,288,289,286],"class_list":["post-31032","post","type-post","status-publish","format-standard","has-post-thumbnail","hentry","category-noticias","tag-comunicado","tag-cristina-fernandez","tag-democracia","tag-magnicidio","tag-nuncamas","tag-repudio"],"yoast_head":"<!-- This site is optimized with the Yoast SEO plugin v27.5 - https:\/\/yoast.com\/product\/yoast-seo-wordpress\/ -->\n<title>Repudiamos el intento de magnicidio contra la vicepresidenta de la naci\u00f3n. - Biblioteca Vigil<\/title>\n<meta name=\"robots\" content=\"index, follow, max-snippet:-1, max-image-preview:large, max-video-preview:-1\" \/>\n<link rel=\"canonical\" href=\"https:\/\/bibliotecavigil.org.ar\/inicio\/repudiamos-el-intento-de-magnicidio-contra-la-vicepresidenta-de-la-nacion\/\" \/>\n<meta property=\"og:locale\" content=\"es_ES\" \/>\n<meta property=\"og:type\" content=\"article\" \/>\n<meta property=\"og:title\" content=\"Repudiamos el intento de magnicidio contra la vicepresidenta de la naci\u00f3n. - Biblioteca Vigil\" \/>\n<meta property=\"og:description\" content=\"Desde La Vigil, Sitio de Memoria del Terrorismo de Estado, repudiamos el intento de magnicidio contra la vicepresidenta de la naci\u00f3n. El atentado contra Cristina Fern\u00e1ndez de Kirchner es un atentado contra la democracia. Estas acciones forman parte de una escalada de violencia que nos retrotrae a etapas nefastas de nuestra historia y se coloca [&hellip;]\" \/>\n<meta property=\"og:url\" content=\"https:\/\/bibliotecavigil.org.ar\/inicio\/repudiamos-el-intento-de-magnicidio-contra-la-vicepresidenta-de-la-nacion\/\" \/>\n<meta property=\"og:site_name\" content=\"Biblioteca Vigil\" \/>\n<meta property=\"article:published_time\" content=\"2022-09-02T14:05:12+00:00\" \/>\n<meta property=\"article:modified_time\" content=\"2022-09-02T14:05:16+00:00\" \/>\n<meta property=\"og:image\" content=\"https:\/\/bibliotecavigil.org.ar\/inicio\/wp-content\/uploads\/2022\/09\/WhatsApp-Image-2022-08-27-at-13.19.01.jpeg\" \/>\n\t<meta property=\"og:image:width\" content=\"1280\" \/>\n\t<meta property=\"og:image:height\" content=\"482\" \/>\n\t<meta property=\"og:image:type\" content=\"image\/jpeg\" \/>\n<meta name=\"author\" content=\"Biblioteca Vigil\" \/>\n<meta name=\"twitter:card\" content=\"summary_large_image\" \/>\n<meta name=\"twitter:label1\" content=\"Escrito por\" \/>\n\t<meta name=\"twitter:data1\" content=\"Biblioteca Vigil\" \/>\n\t<meta name=\"twitter:label2\" content=\"Tiempo de lectura\" \/>\n\t<meta name=\"twitter:data2\" content=\"1 minuto\" \/>\n<script type=\"application\/ld+json\" class=\"yoast-schema-graph\">{\"@context\":\"https:\\\/\\\/schema.org\",\"@graph\":[{\"@type\":\"Article\",\"@id\":\"https:\\\/\\\/bibliotecavigil.org.ar\\\/inicio\\\/repudiamos-el-intento-de-magnicidio-contra-la-vicepresidenta-de-la-nacion\\\/#article\",\"isPartOf\":{\"@id\":\"https:\\\/\\\/bibliotecavigil.org.ar\\\/inicio\\\/repudiamos-el-intento-de-magnicidio-contra-la-vicepresidenta-de-la-nacion\\\/\"},\"author\":{\"name\":\"Biblioteca Vigil\",\"@id\":\"https:\\\/\\\/bibliotecavigil.org.ar\\\/inicio\\\/#\\\/schema\\\/person\\\/98530bc117d5fa50c5dc01b4fd8d3700\"},\"headline\":\"Repudiamos el intento de magnicidio contra la vicepresidenta de la naci\u00f3n.\",\"datePublished\":\"2022-09-02T14:05:12+00:00\",\"dateModified\":\"2022-09-02T14:05:16+00:00\",\"mainEntityOfPage\":{\"@id\":\"https:\\\/\\\/bibliotecavigil.org.ar\\\/inicio\\\/repudiamos-el-intento-de-magnicidio-contra-la-vicepresidenta-de-la-nacion\\\/\"},\"wordCount\":190,\"commentCount\":0,\"publisher\":{\"@id\":\"https:\\\/\\\/bibliotecavigil.org.ar\\\/inicio\\\/#organization\"},\"image\":{\"@id\":\"https:\\\/\\\/bibliotecavigil.org.ar\\\/inicio\\\/repudiamos-el-intento-de-magnicidio-contra-la-vicepresidenta-de-la-nacion\\\/#primaryimage\"},\"thumbnailUrl\":\"https:\\\/\\\/bibliotecavigil.org.ar\\\/inicio\\\/wp-content\\\/uploads\\\/2022\\\/09\\\/WhatsApp-Image-2022-08-27-at-13.19.01.jpeg\",\"keywords\":[\"COMUNICADO\",\"Cristina Fernandez\",\"democracia\",\"magnicidio\",\"nuncamas\",\"repudio\"],\"articleSection\":[\"Noticias\"],\"inLanguage\":\"es\",\"potentialAction\":[{\"@type\":\"CommentAction\",\"name\":\"Comment\",\"target\":[\"https:\\\/\\\/bibliotecavigil.org.ar\\\/inicio\\\/repudiamos-el-intento-de-magnicidio-contra-la-vicepresidenta-de-la-nacion\\\/#respond\"]}]},{\"@type\":\"WebPage\",\"@id\":\"https:\\\/\\\/bibliotecavigil.org.ar\\\/inicio\\\/repudiamos-el-intento-de-magnicidio-contra-la-vicepresidenta-de-la-nacion\\\/\",\"url\":\"https:\\\/\\\/bibliotecavigil.org.ar\\\/inicio\\\/repudiamos-el-intento-de-magnicidio-contra-la-vicepresidenta-de-la-nacion\\\/\",\"name\":\"Repudiamos el intento de magnicidio contra la vicepresidenta de la naci\u00f3n. - Biblioteca Vigil\",\"isPartOf\":{\"@id\":\"https:\\\/\\\/bibliotecavigil.org.ar\\\/inicio\\\/#website\"},\"primaryImageOfPage\":{\"@id\":\"https:\\\/\\\/bibliotecavigil.org.ar\\\/inicio\\\/repudiamos-el-intento-de-magnicidio-contra-la-vicepresidenta-de-la-nacion\\\/#primaryimage\"},\"image\":{\"@id\":\"https:\\\/\\\/bibliotecavigil.org.ar\\\/inicio\\\/repudiamos-el-intento-de-magnicidio-contra-la-vicepresidenta-de-la-nacion\\\/#primaryimage\"},\"thumbnailUrl\":\"https:\\\/\\\/bibliotecavigil.org.ar\\\/inicio\\\/wp-content\\\/uploads\\\/2022\\\/09\\\/WhatsApp-Image-2022-08-27-at-13.19.01.jpeg\",\"datePublished\":\"2022-09-02T14:05:12+00:00\",\"dateModified\":\"2022-09-02T14:05:16+00:00\",\"breadcrumb\":{\"@id\":\"https:\\\/\\\/bibliotecavigil.org.ar\\\/inicio\\\/repudiamos-el-intento-de-magnicidio-contra-la-vicepresidenta-de-la-nacion\\\/#breadcrumb\"},\"inLanguage\":\"es\",\"potentialAction\":[{\"@type\":\"ReadAction\",\"target\":[\"https:\\\/\\\/bibliotecavigil.org.ar\\\/inicio\\\/repudiamos-el-intento-de-magnicidio-contra-la-vicepresidenta-de-la-nacion\\\/\"]}]},{\"@type\":\"ImageObject\",\"inLanguage\":\"es\",\"@id\":\"https:\\\/\\\/bibliotecavigil.org.ar\\\/inicio\\\/repudiamos-el-intento-de-magnicidio-contra-la-vicepresidenta-de-la-nacion\\\/#primaryimage\",\"url\":\"https:\\\/\\\/bibliotecavigil.org.ar\\\/inicio\\\/wp-content\\\/uploads\\\/2022\\\/09\\\/WhatsApp-Image-2022-08-27-at-13.19.01.jpeg\",\"contentUrl\":\"https:\\\/\\\/bibliotecavigil.org.ar\\\/inicio\\\/wp-content\\\/uploads\\\/2022\\\/09\\\/WhatsApp-Image-2022-08-27-at-13.19.01.jpeg\",\"width\":1280,\"height\":482},{\"@type\":\"BreadcrumbList\",\"@id\":\"https:\\\/\\\/bibliotecavigil.org.ar\\\/inicio\\\/repudiamos-el-intento-de-magnicidio-contra-la-vicepresidenta-de-la-nacion\\\/#breadcrumb\",\"itemListElement\":[{\"@type\":\"ListItem\",\"position\":1,\"name\":\"Portada\",\"item\":\"https:\\\/\\\/bibliotecavigil.org.ar\\\/inicio\\\/\"},{\"@type\":\"ListItem\",\"position\":2,\"name\":\"Repudiamos el intento de magnicidio contra la vicepresidenta de la naci\u00f3n.\"}]},{\"@type\":\"WebSite\",\"@id\":\"https:\\\/\\\/bibliotecavigil.org.ar\\\/inicio\\\/#website\",\"url\":\"https:\\\/\\\/bibliotecavigil.org.ar\\\/inicio\\\/\",\"name\":\"Biblioteca Vigil\",\"description\":\"Biblioteca Popular C C Vigil\",\"publisher\":{\"@id\":\"https:\\\/\\\/bibliotecavigil.org.ar\\\/inicio\\\/#organization\"},\"potentialAction\":[{\"@type\":\"SearchAction\",\"target\":{\"@type\":\"EntryPoint\",\"urlTemplate\":\"https:\\\/\\\/bibliotecavigil.org.ar\\\/inicio\\\/?s={search_term_string}\"},\"query-input\":{\"@type\":\"PropertyValueSpecification\",\"valueRequired\":true,\"valueName\":\"search_term_string\"}}],\"inLanguage\":\"es\"},{\"@type\":\"Organization\",\"@id\":\"https:\\\/\\\/bibliotecavigil.org.ar\\\/inicio\\\/#organization\",\"name\":\"Biblioteca Popular C.C.Vigil\",\"url\":\"https:\\\/\\\/bibliotecavigil.org.ar\\\/inicio\\\/\",\"logo\":{\"@type\":\"ImageObject\",\"inLanguage\":\"es\",\"@id\":\"https:\\\/\\\/bibliotecavigil.org.ar\\\/inicio\\\/#\\\/schema\\\/logo\\\/image\\\/\",\"url\":\"https:\\\/\\\/bibliotecavigil.org.ar\\\/inicio\\\/wp-content\\\/uploads\\\/2023\\\/06\\\/Logo-sin-texto-gif.gif\",\"contentUrl\":\"https:\\\/\\\/bibliotecavigil.org.ar\\\/inicio\\\/wp-content\\\/uploads\\\/2023\\\/06\\\/Logo-sin-texto-gif.gif\",\"width\":1487,\"height\":1604,\"caption\":\"Biblioteca Popular C.C.Vigil\"},\"image\":{\"@id\":\"https:\\\/\\\/bibliotecavigil.org.ar\\\/inicio\\\/#\\\/schema\\\/logo\\\/image\\\/\"}},{\"@type\":\"Person\",\"@id\":\"https:\\\/\\\/bibliotecavigil.org.ar\\\/inicio\\\/#\\\/schema\\\/person\\\/98530bc117d5fa50c5dc01b4fd8d3700\",\"name\":\"Biblioteca Vigil\",\"image\":{\"@type\":\"ImageObject\",\"inLanguage\":\"es\",\"@id\":\"https:\\\/\\\/secure.gravatar.com\\\/avatar\\\/a96b6054dc4c80cde596e2c3f42d23e4f769e395116bf277fb508315b9d8a5c5?s=96&d=mm&r=g\",\"url\":\"https:\\\/\\\/secure.gravatar.com\\\/avatar\\\/a96b6054dc4c80cde596e2c3f42d23e4f769e395116bf277fb508315b9d8a5c5?s=96&d=mm&r=g\",\"contentUrl\":\"https:\\\/\\\/secure.gravatar.com\\\/avatar\\\/a96b6054dc4c80cde596e2c3f42d23e4f769e395116bf277fb508315b9d8a5c5?s=96&d=mm&r=g\",\"caption\":\"Biblioteca Vigil\"},\"url\":\"https:\\\/\\\/bibliotecavigil.org.ar\\\/inicio\\\/author\\\/comunicacion\\\/\"}]}<\/script>\n<!-- \/ Yoast SEO plugin. -->","yoast_head_json":{"title":"Repudiamos el intento de magnicidio contra la vicepresidenta de la naci\u00f3n. - Biblioteca Vigil","robots":{"index":"index","follow":"follow","max-snippet":"max-snippet:-1","max-image-preview":"max-image-preview:large","max-video-preview":"max-video-preview:-1"},"canonical":"https:\/\/bibliotecavigil.org.ar\/inicio\/repudiamos-el-intento-de-magnicidio-contra-la-vicepresidenta-de-la-nacion\/","og_locale":"es_ES","og_type":"article","og_title":"Repudiamos el intento de magnicidio contra la vicepresidenta de la naci\u00f3n. - Biblioteca Vigil","og_description":"Desde La Vigil, Sitio de Memoria del Terrorismo de Estado, repudiamos el intento de magnicidio contra la vicepresidenta de la naci\u00f3n. El atentado contra Cristina Fern\u00e1ndez de Kirchner es un atentado contra la democracia. Estas acciones forman parte de una escalada de violencia que nos retrotrae a etapas nefastas de nuestra historia y se coloca [&hellip;]","og_url":"https:\/\/bibliotecavigil.org.ar\/inicio\/repudiamos-el-intento-de-magnicidio-contra-la-vicepresidenta-de-la-nacion\/","og_site_name":"Biblioteca Vigil","article_published_time":"2022-09-02T14:05:12+00:00","article_modified_time":"2022-09-02T14:05:16+00:00","og_image":[{"width":1280,"height":482,"url":"https:\/\/bibliotecavigil.org.ar\/inicio\/wp-content\/uploads\/2022\/09\/WhatsApp-Image-2022-08-27-at-13.19.01.jpeg","type":"image\/jpeg"}],"author":"Biblioteca Vigil","twitter_card":"summary_large_image","twitter_misc":{"Escrito por":"Biblioteca Vigil","Tiempo de lectura":"1 minuto"},"schema":{"@context":"https:\/\/schema.org","@graph":[{"@type":"Article","@id":"https:\/\/bibliotecavigil.org.ar\/inicio\/repudiamos-el-intento-de-magnicidio-contra-la-vicepresidenta-de-la-nacion\/#article","isPartOf":{"@id":"https:\/\/bibliotecavigil.org.ar\/inicio\/repudiamos-el-intento-de-magnicidio-contra-la-vicepresidenta-de-la-nacion\/"},"author":{"name":"Biblioteca Vigil","@id":"https:\/\/bibliotecavigil.org.ar\/inicio\/#\/schema\/person\/98530bc117d5fa50c5dc01b4fd8d3700"},"headline":"Repudiamos el intento de magnicidio contra la vicepresidenta de la naci\u00f3n.","datePublished":"2022-09-02T14:05:12+00:00","dateModified":"2022-09-02T14:05:16+00:00","mainEntityOfPage":{"@id":"https:\/\/bibliotecavigil.org.ar\/inicio\/repudiamos-el-intento-de-magnicidio-contra-la-vicepresidenta-de-la-nacion\/"},"wordCount":190,"commentCount":0,"publisher":{"@id":"https:\/\/bibliotecavigil.org.ar\/inicio\/#organization"},"image":{"@id":"https:\/\/bibliotecavigil.org.ar\/inicio\/repudiamos-el-intento-de-magnicidio-contra-la-vicepresidenta-de-la-nacion\/#primaryimage"},"thumbnailUrl":"https:\/\/bibliotecavigil.org.ar\/inicio\/wp-content\/uploads\/2022\/09\/WhatsApp-Image-2022-08-27-at-13.19.01.jpeg","keywords":["COMUNICADO","Cristina Fernandez","democracia","magnicidio","nuncamas","repudio"],"articleSection":["Noticias"],"inLanguage":"es","potentialAction":[{"@type":"CommentAction","name":"Comment","target":["https:\/\/bibliotecavigil.org.ar\/inicio\/repudiamos-el-intento-de-magnicidio-contra-la-vicepresidenta-de-la-nacion\/#respond"]}]},{"@type":"WebPage","@id":"https:\/\/bibliotecavigil.org.ar\/inicio\/repudiamos-el-intento-de-magnicidio-contra-la-vicepresidenta-de-la-nacion\/","url":"https:\/\/bibliotecavigil.org.ar\/inicio\/repudiamos-el-intento-de-magnicidio-contra-la-vicepresidenta-de-la-nacion\/","name":"Repudiamos el intento de magnicidio contra la vicepresidenta de la naci\u00f3n. - Biblioteca Vigil","isPartOf":{"@id":"https:\/\/bibliotecavigil.org.ar\/inicio\/#website"},"primaryImageOfPage":{"@id":"https:\/\/bibliotecavigil.org.ar\/inicio\/repudiamos-el-intento-de-magnicidio-contra-la-vicepresidenta-de-la-nacion\/#primaryimage"},"image":{"@id":"https:\/\/bibliotecavigil.org.ar\/inicio\/repudiamos-el-intento-de-magnicidio-contra-la-vicepresidenta-de-la-nacion\/#primaryimage"},"thumbnailUrl":"https:\/\/bibliotecavigil.org.ar\/inicio\/wp-content\/uploads\/2022\/09\/WhatsApp-Image-2022-08-27-at-13.19.01.jpeg","datePublished":"2022-09-02T14:05:12+00:00","dateModified":"2022-09-02T14:05:16+00:00","breadcrumb":{"@id":"https:\/\/bibliotecavigil.org.ar\/inicio\/repudiamos-el-intento-de-magnicidio-contra-la-vicepresidenta-de-la-nacion\/#breadcrumb"},"inLanguage":"es","potentialAction":[{"@type":"ReadAction","target":["https:\/\/bibliotecavigil.org.ar\/inicio\/repudiamos-el-intento-de-magnicidio-contra-la-vicepresidenta-de-la-nacion\/"]}]},{"@type":"ImageObject","inLanguage":"es","@id":"https:\/\/bibliotecavigil.org.ar\/inicio\/repudiamos-el-intento-de-magnicidio-contra-la-vicepresidenta-de-la-nacion\/#primaryimage","url":"https:\/\/bibliotecavigil.org.ar\/inicio\/wp-content\/uploads\/2022\/09\/WhatsApp-Image-2022-08-27-at-13.19.01.jpeg","contentUrl":"https:\/\/bibliotecavigil.org.ar\/inicio\/wp-content\/uploads\/2022\/09\/WhatsApp-Image-2022-08-27-at-13.19.01.jpeg","width":1280,"height":482},{"@type":"BreadcrumbList","@id":"https:\/\/bibliotecavigil.org.ar\/inicio\/repudiamos-el-intento-de-magnicidio-contra-la-vicepresidenta-de-la-nacion\/#breadcrumb","itemListElement":[{"@type":"ListItem","position":1,"name":"Portada","item":"https:\/\/bibliotecavigil.org.ar\/inicio\/"},{"@type":"ListItem","position":2,"name":"Repudiamos el intento de magnicidio contra la vicepresidenta de la naci\u00f3n."}]},{"@type":"WebSite","@id":"https:\/\/bibliotecavigil.org.ar\/inicio\/#website","url":"https:\/\/bibliotecavigil.org.ar\/inicio\/","name":"Biblioteca Vigil","description":"Biblioteca Popular C C Vigil","publisher":{"@id":"https:\/\/bibliotecavigil.org.ar\/inicio\/#organization"},"potentialAction":[{"@type":"SearchAction","target":{"@type":"EntryPoint","urlTemplate":"https:\/\/bibliotecavigil.org.ar\/inicio\/?s={search_term_string}"},"query-input":{"@type":"PropertyValueSpecification","valueRequired":true,"valueName":"search_term_string"}}],"inLanguage":"es"},{"@type":"Organization","@id":"https:\/\/bibliotecavigil.org.ar\/inicio\/#organization","name":"Biblioteca Popular C.C.Vigil","url":"https:\/\/bibliotecavigil.org.ar\/inicio\/","logo":{"@type":"ImageObject","inLanguage":"es","@id":"https:\/\/bibliotecavigil.org.ar\/inicio\/#\/schema\/logo\/image\/","url":"https:\/\/bibliotecavigil.org.ar\/inicio\/wp-content\/uploads\/2023\/06\/Logo-sin-texto-gif.gif","contentUrl":"https:\/\/bibliotecavigil.org.ar\/inicio\/wp-content\/uploads\/2023\/06\/Logo-sin-texto-gif.gif","width":1487,"height":1604,"caption":"Biblioteca Popular C.C.Vigil"},"image":{"@id":"https:\/\/bibliotecavigil.org.ar\/inicio\/#\/schema\/logo\/image\/"}},{"@type":"Person","@id":"https:\/\/bibliotecavigil.org.ar\/inicio\/#\/schema\/person\/98530bc117d5fa50c5dc01b4fd8d3700","name":"Biblioteca Vigil","image":{"@type":"ImageObject","inLanguage":"es","@id":"https:\/\/secure.gravatar.com\/avatar\/a96b6054dc4c80cde596e2c3f42d23e4f769e395116bf277fb508315b9d8a5c5?s=96&d=mm&r=g","url":"https:\/\/secure.gravatar.com\/avatar\/a96b6054dc4c80cde596e2c3f42d23e4f769e395116bf277fb508315b9d8a5c5?s=96&d=mm&r=g","contentUrl":"https:\/\/secure.gravatar.com\/avatar\/a96b6054dc4c80cde596e2c3f42d23e4f769e395116bf277fb508315b9d8a5c5?s=96&d=mm&r=g","caption":"Biblioteca Vigil"},"url":"https:\/\/bibliotecavigil.org.ar\/inicio\/author\/comunicacion\/"}]}},"_links":{"self":[{"href":"https:\/\/bibliotecavigil.org.ar\/inicio\/wp-json\/wp\/v2\/posts\/31032","targetHints":{"allow":["GET"]}}],"collection":[{"href":"https:\/\/bibliotecavigil.org.ar\/inicio\/wp-json\/wp\/v2\/posts"}],"about":[{"href":"https:\/\/bibliotecavigil.org.ar\/inicio\/wp-json\/wp\/v2\/types\/post"}],"author":[{"embeddable":true,"href":"https:\/\/bibliotecavigil.org.ar\/inicio\/wp-json\/wp\/v2\/users\/3"}],"replies":[{"embeddable":true,"href":"https:\/\/bibliotecavigil.org.ar\/inicio\/wp-json\/wp\/v2\/comments?post=31032"}],"version-history":[{"count":1,"href":"https:\/\/bibliotecavigil.org.ar\/inicio\/wp-json\/wp\/v2\/posts\/31032\/revisions"}],"predecessor-version":[{"id":31034,"href":"https:\/\/bibliotecavigil.org.ar\/inicio\/wp-json\/wp\/v2\/posts\/31032\/revisions\/31034"}],"wp:featuredmedia":[{"embeddable":true,"href":"https:\/\/bibliotecavigil.org.ar\/inicio\/wp-json\/wp\/v2\/media\/31033"}],"wp:attachment":[{"href":"https:\/\/bibliotecavigil.org.ar\/inicio\/wp-json\/wp\/v2\/media?parent=31032"}],"wp:term":[{"taxonomy":"category","embeddable":true,"href":"https:\/\/bibliotecavigil.org.ar\/inicio\/wp-json\/wp\/v2\/categories?post=31032"},{"taxonomy":"post_tag","embeddable":true,"href":"https:\/\/bibliotecavigil.org.ar\/inicio\/wp-json\/wp\/v2\/tags?post=31032"}],"curies":[{"name":"wp","href":"https:\/\/api.w.org\/{rel}","templated":true}]}}