{"id":31035,"date":"2022-09-05T19:44:11","date_gmt":"2022-09-05T22:44:11","guid":{"rendered":"https:\/\/bibliotecavigil.org.ar\/inicio\/?p=31035"},"modified":"2022-09-05T19:44:17","modified_gmt":"2022-09-05T22:44:17","slug":"restauracion-integral-del-pasillo-que-une-la-sede-administrativa-la-biblioteca-y-el-teatro","status":"publish","type":"post","link":"https:\/\/bibliotecavigil.org.ar\/inicio\/restauracion-integral-del-pasillo-que-une-la-sede-administrativa-la-biblioteca-y-el-teatro\/","title":{"rendered":"Restauraci\u00f3n integral del pasillo que une la sede administrativa, la biblioteca y el teatro."},"content":{"rendered":"\n<p>\u25ba \u00a1Novedades! Seguimos recuperando y mejorando espacios de La Vigil, reconectando \u00e1reas, renovando y sumando usos y posibilidades.<\/p>\n\n\n\n<p>Enmarcado dentro del proyecto de Extensi\u00f3n Universitaria que vincula estudiantes y docentes de la Facultad de Arquitectura, Planeamiento y Dise\u00f1o en sus dos carreras, Arquitectura y Dise\u00f1o Industrial, junto a varias c\u00e1tedras de la Escuela Provincial de Artes Visuales estamos terminando de restaurar integralmente el pasillo que une la sede administrativa, la biblioteca y el teatro.<\/p>\n\n\n\n<p>La propuesta consiste en crear un espacio expositivo cultural en el pasillo interior que vincula los tres edificios. Se propone transformar este pasillo, actualmente un no-lugar, en un territorio para la visibilizaci\u00f3n de expresiones art\u00edsticas, de memoria, de problem\u00e1ticas de colectivos vulnerables.<\/p>\n\n\n\n<p>Se trabaja en la elaboraci\u00f3n de un proyecto integral, que incluye desde la reparaci\u00f3n de pisos y paredes, el dise\u00f1o de infraestructura a utilizar en el montaje de intervenciones site-specific de la Escuela de Artes Visuales, hasta el diagrama anual de usos y actividades para el encuentro colectivo de todas las instituciones que habitan el gran edificio.<\/p>\n\n\n\n<p>\u25ac Este viernes 9 de septiembre a las 9.30 h inauguramos la primera muestra: Trabajo Introductorio.<\/p>\n\n\n\n<p>\u25ac El s\u00e1bado 10 participaremos del Open House Rosario edici\u00f3n 2022 de 9 a 13 h y de 14.30 a 18 h.<\/p>\n\n\n\n<p>\u00a1Lxs esperamos!<\/p>\n\n\n\n<figure class=\"wp-block-image size-large is-resized\"><a href=\"https:\/\/bibliotecavigil.org.ar\/inicio\/wp-content\/uploads\/2022\/09\/WhatsApp-Image-2022-08-30-at-20.41.34.jpeg\"><img decoding=\"async\" data-src=\"https:\/\/bibliotecavigil.org.ar\/inicio\/wp-content\/uploads\/2022\/09\/WhatsApp-Image-2022-08-30-at-20.41.34-1024x1024.jpeg\" alt=\"\" class=\"wp-image-31036 lazyload\" width=\"466\" height=\"466\" src=\"data:image\/svg+xml;base64,PHN2ZyB3aWR0aD0iMSIgaGVpZ2h0PSIxIiB4bWxucz0iaHR0cDovL3d3dy53My5vcmcvMjAwMC9zdmciPjwvc3ZnPg==\" style=\"--smush-placeholder-width: 466px; --smush-placeholder-aspect-ratio: 466\/466;\" \/><\/a><\/figure>\n\n\n\n<figure class=\"wp-block-image size-large is-resized\"><a href=\"https:\/\/bibliotecavigil.org.ar\/inicio\/wp-content\/uploads\/2022\/09\/WhatsApp-Image-2022-08-30-at-20.41.34-1.jpeg\"><img decoding=\"async\" data-src=\"https:\/\/bibliotecavigil.org.ar\/inicio\/wp-content\/uploads\/2022\/09\/WhatsApp-Image-2022-08-30-at-20.41.34-1-1024x1024.jpeg\" alt=\"\" class=\"wp-image-31037 lazyload\" width=\"463\" height=\"463\" src=\"data:image\/svg+xml;base64,PHN2ZyB3aWR0aD0iMSIgaGVpZ2h0PSIxIiB4bWxucz0iaHR0cDovL3d3dy53My5vcmcvMjAwMC9zdmciPjwvc3ZnPg==\" style=\"--smush-placeholder-width: 463px; --smush-placeholder-aspect-ratio: 463\/463;\" \/><\/a><\/figure>\n\n\n\n<figure class=\"wp-block-image size-large is-resized\"><a href=\"https:\/\/bibliotecavigil.org.ar\/inicio\/wp-content\/uploads\/2022\/09\/20220611_111932-scaled.jpg\"><img decoding=\"async\" data-src=\"https:\/\/bibliotecavigil.org.ar\/inicio\/wp-content\/uploads\/2022\/09\/20220611_111932-1024x768.jpg\" alt=\"\" class=\"wp-image-31038 lazyload\" width=\"650\" height=\"488\" src=\"data:image\/svg+xml;base64,PHN2ZyB3aWR0aD0iMSIgaGVpZ2h0PSIxIiB4bWxucz0iaHR0cDovL3d3dy53My5vcmcvMjAwMC9zdmciPjwvc3ZnPg==\" style=\"--smush-placeholder-width: 650px; --smush-placeholder-aspect-ratio: 650\/488;\" \/><\/a><\/figure>\n\n\n\n<figure class=\"wp-block-image size-large is-resized\"><a href=\"https:\/\/bibliotecavigil.org.ar\/inicio\/wp-content\/uploads\/2022\/09\/DSC07639-scaled.jpg\"><img decoding=\"async\" data-src=\"https:\/\/bibliotecavigil.org.ar\/inicio\/wp-content\/uploads\/2022\/09\/DSC07639-1024x768.jpg\" alt=\"\" class=\"wp-image-31039 lazyload\" width=\"645\" height=\"484\" src=\"data:image\/svg+xml;base64,PHN2ZyB3aWR0aD0iMSIgaGVpZ2h0PSIxIiB4bWxucz0iaHR0cDovL3d3dy53My5vcmcvMjAwMC9zdmciPjwvc3ZnPg==\" style=\"--smush-placeholder-width: 645px; --smush-placeholder-aspect-ratio: 645\/484;\" \/><\/a><\/figure>\n\n\n\n<figure class=\"wp-block-image size-large is-resized\"><a href=\"https:\/\/bibliotecavigil.org.ar\/inicio\/wp-content\/uploads\/2022\/09\/WhatsApp-Image-2022-08-31-at-15.13.03-1.jpeg\"><img decoding=\"async\" data-src=\"https:\/\/bibliotecavigil.org.ar\/inicio\/wp-content\/uploads\/2022\/09\/WhatsApp-Image-2022-08-31-at-15.13.03-1-1024x768.jpeg\" alt=\"\" class=\"wp-image-31040 lazyload\" width=\"644\" height=\"483\" src=\"data:image\/svg+xml;base64,PHN2ZyB3aWR0aD0iMSIgaGVpZ2h0PSIxIiB4bWxucz0iaHR0cDovL3d3dy53My5vcmcvMjAwMC9zdmciPjwvc3ZnPg==\" style=\"--smush-placeholder-width: 644px; --smush-placeholder-aspect-ratio: 644\/483;\" \/><\/a><\/figure>\n","protected":false},"excerpt":{"rendered":"<p>\u25ba \u00a1Novedades! Seguimos recuperando y mejorando espacios de La Vigil, reconectando \u00e1reas, renovando y sumando usos y posibilidades. Enmarcado dentro del proyecto de Extensi\u00f3n Universitaria que vincula estudiantes y docentes de la Facultad de Arquitectura, Planeamiento y Dise\u00f1o en sus dos carreras, Arquitectura y Dise\u00f1o Industrial, junto a varias c\u00e1tedras de la Escuela Provincial de [&hellip;]<\/p>\n","protected":false},"author":3,"featured_media":31041,"comment_status":"open","ping_status":"closed","sticky":false,"template":"","format":"standard","meta":{"_et_pb_use_builder":"off","_et_pb_old_content":"","_et_gb_content_width":"1920","footnotes":""},"categories":[16],"tags":[294,296,291,293,292],"class_list":["post-31035","post","type-post","status-publish","format-standard","has-post-thumbnail","hentry","category-noticias","tag-fapyd","tag-open-house","tag-pasillo","tag-reconstruccion","tag-restauracion"],"yoast_head":"<!-- This site is optimized with the Yoast SEO plugin v27.5 - https:\/\/yoast.com\/product\/yoast-seo-wordpress\/ -->\n<title>Restauraci\u00f3n integral del pasillo que une la sede administrativa, la biblioteca y el teatro. - Biblioteca Vigil<\/title>\n<meta name=\"robots\" content=\"index, follow, max-snippet:-1, max-image-preview:large, max-video-preview:-1\" \/>\n<link rel=\"canonical\" href=\"https:\/\/bibliotecavigil.org.ar\/inicio\/restauracion-integral-del-pasillo-que-une-la-sede-administrativa-la-biblioteca-y-el-teatro\/\" \/>\n<meta property=\"og:locale\" content=\"es_ES\" \/>\n<meta property=\"og:type\" content=\"article\" \/>\n<meta property=\"og:title\" content=\"Restauraci\u00f3n integral del pasillo que une la sede administrativa, la biblioteca y el teatro. - Biblioteca Vigil\" \/>\n<meta property=\"og:description\" content=\"\u25ba \u00a1Novedades! Seguimos recuperando y mejorando espacios de La Vigil, reconectando \u00e1reas, renovando y sumando usos y posibilidades. Enmarcado dentro del proyecto de Extensi\u00f3n Universitaria que vincula estudiantes y docentes de la Facultad de Arquitectura, Planeamiento y Dise\u00f1o en sus dos carreras, Arquitectura y Dise\u00f1o Industrial, junto a varias c\u00e1tedras de la Escuela Provincial de [&hellip;]\" \/>\n<meta property=\"og:url\" content=\"https:\/\/bibliotecavigil.org.ar\/inicio\/restauracion-integral-del-pasillo-que-une-la-sede-administrativa-la-biblioteca-y-el-teatro\/\" \/>\n<meta property=\"og:site_name\" content=\"Biblioteca Vigil\" \/>\n<meta property=\"article:published_time\" content=\"2022-09-05T22:44:11+00:00\" \/>\n<meta property=\"article:modified_time\" content=\"2022-09-05T22:44:17+00:00\" \/>\n<meta property=\"og:image\" content=\"https:\/\/bibliotecavigil.org.ar\/inicio\/wp-content\/uploads\/2022\/09\/WhatsApp-Image-2022-08-31-at-15.13.03.jpeg\" \/>\n\t<meta property=\"og:image:width\" content=\"1600\" \/>\n\t<meta property=\"og:image:height\" content=\"1200\" \/>\n\t<meta property=\"og:image:type\" content=\"image\/jpeg\" \/>\n<meta name=\"author\" content=\"Biblioteca Vigil\" \/>\n<meta name=\"twitter:card\" content=\"summary_large_image\" \/>\n<meta name=\"twitter:label1\" content=\"Escrito por\" \/>\n\t<meta name=\"twitter:data1\" content=\"Biblioteca Vigil\" \/>\n\t<meta name=\"twitter:label2\" content=\"Tiempo de lectura\" \/>\n\t<meta name=\"twitter:data2\" content=\"2 minutos\" \/>\n<script type=\"application\/ld+json\" class=\"yoast-schema-graph\">{\"@context\":\"https:\\\/\\\/schema.org\",\"@graph\":[{\"@type\":\"Article\",\"@id\":\"https:\\\/\\\/bibliotecavigil.org.ar\\\/inicio\\\/restauracion-integral-del-pasillo-que-une-la-sede-administrativa-la-biblioteca-y-el-teatro\\\/#article\",\"isPartOf\":{\"@id\":\"https:\\\/\\\/bibliotecavigil.org.ar\\\/inicio\\\/restauracion-integral-del-pasillo-que-une-la-sede-administrativa-la-biblioteca-y-el-teatro\\\/\"},\"author\":{\"name\":\"Biblioteca Vigil\",\"@id\":\"https:\\\/\\\/bibliotecavigil.org.ar\\\/inicio\\\/#\\\/schema\\\/person\\\/98530bc117d5fa50c5dc01b4fd8d3700\"},\"headline\":\"Restauraci\u00f3n integral del pasillo que une la sede administrativa, la biblioteca y el teatro.\",\"datePublished\":\"2022-09-05T22:44:11+00:00\",\"dateModified\":\"2022-09-05T22:44:17+00:00\",\"mainEntityOfPage\":{\"@id\":\"https:\\\/\\\/bibliotecavigil.org.ar\\\/inicio\\\/restauracion-integral-del-pasillo-que-une-la-sede-administrativa-la-biblioteca-y-el-teatro\\\/\"},\"wordCount\":229,\"commentCount\":0,\"publisher\":{\"@id\":\"https:\\\/\\\/bibliotecavigil.org.ar\\\/inicio\\\/#organization\"},\"image\":{\"@id\":\"https:\\\/\\\/bibliotecavigil.org.ar\\\/inicio\\\/restauracion-integral-del-pasillo-que-une-la-sede-administrativa-la-biblioteca-y-el-teatro\\\/#primaryimage\"},\"thumbnailUrl\":\"https:\\\/\\\/bibliotecavigil.org.ar\\\/inicio\\\/wp-content\\\/uploads\\\/2022\\\/09\\\/WhatsApp-Image-2022-08-31-at-15.13.03.jpeg\",\"keywords\":[\"fapyd\",\"open house\",\"pasillo\",\"reconstrucci\u00f3n\",\"restauraci\u00f3n\"],\"articleSection\":[\"Noticias\"],\"inLanguage\":\"es\",\"potentialAction\":[{\"@type\":\"CommentAction\",\"name\":\"Comment\",\"target\":[\"https:\\\/\\\/bibliotecavigil.org.ar\\\/inicio\\\/restauracion-integral-del-pasillo-que-une-la-sede-administrativa-la-biblioteca-y-el-teatro\\\/#respond\"]}]},{\"@type\":\"WebPage\",\"@id\":\"https:\\\/\\\/bibliotecavigil.org.ar\\\/inicio\\\/restauracion-integral-del-pasillo-que-une-la-sede-administrativa-la-biblioteca-y-el-teatro\\\/\",\"url\":\"https:\\\/\\\/bibliotecavigil.org.ar\\\/inicio\\\/restauracion-integral-del-pasillo-que-une-la-sede-administrativa-la-biblioteca-y-el-teatro\\\/\",\"name\":\"Restauraci\u00f3n integral del pasillo que une la sede administrativa, la biblioteca y el teatro. - Biblioteca Vigil\",\"isPartOf\":{\"@id\":\"https:\\\/\\\/bibliotecavigil.org.ar\\\/inicio\\\/#website\"},\"primaryImageOfPage\":{\"@id\":\"https:\\\/\\\/bibliotecavigil.org.ar\\\/inicio\\\/restauracion-integral-del-pasillo-que-une-la-sede-administrativa-la-biblioteca-y-el-teatro\\\/#primaryimage\"},\"image\":{\"@id\":\"https:\\\/\\\/bibliotecavigil.org.ar\\\/inicio\\\/restauracion-integral-del-pasillo-que-une-la-sede-administrativa-la-biblioteca-y-el-teatro\\\/#primaryimage\"},\"thumbnailUrl\":\"https:\\\/\\\/bibliotecavigil.org.ar\\\/inicio\\\/wp-content\\\/uploads\\\/2022\\\/09\\\/WhatsApp-Image-2022-08-31-at-15.13.03.jpeg\",\"datePublished\":\"2022-09-05T22:44:11+00:00\",\"dateModified\":\"2022-09-05T22:44:17+00:00\",\"breadcrumb\":{\"@id\":\"https:\\\/\\\/bibliotecavigil.org.ar\\\/inicio\\\/restauracion-integral-del-pasillo-que-une-la-sede-administrativa-la-biblioteca-y-el-teatro\\\/#breadcrumb\"},\"inLanguage\":\"es\",\"potentialAction\":[{\"@type\":\"ReadAction\",\"target\":[\"https:\\\/\\\/bibliotecavigil.org.ar\\\/inicio\\\/restauracion-integral-del-pasillo-que-une-la-sede-administrativa-la-biblioteca-y-el-teatro\\\/\"]}]},{\"@type\":\"ImageObject\",\"inLanguage\":\"es\",\"@id\":\"https:\\\/\\\/bibliotecavigil.org.ar\\\/inicio\\\/restauracion-integral-del-pasillo-que-une-la-sede-administrativa-la-biblioteca-y-el-teatro\\\/#primaryimage\",\"url\":\"https:\\\/\\\/bibliotecavigil.org.ar\\\/inicio\\\/wp-content\\\/uploads\\\/2022\\\/09\\\/WhatsApp-Image-2022-08-31-at-15.13.03.jpeg\",\"contentUrl\":\"https:\\\/\\\/bibliotecavigil.org.ar\\\/inicio\\\/wp-content\\\/uploads\\\/2022\\\/09\\\/WhatsApp-Image-2022-08-31-at-15.13.03.jpeg\",\"width\":1600,\"height\":1200},{\"@type\":\"BreadcrumbList\",\"@id\":\"https:\\\/\\\/bibliotecavigil.org.ar\\\/inicio\\\/restauracion-integral-del-pasillo-que-une-la-sede-administrativa-la-biblioteca-y-el-teatro\\\/#breadcrumb\",\"itemListElement\":[{\"@type\":\"ListItem\",\"position\":1,\"name\":\"Portada\",\"item\":\"https:\\\/\\\/bibliotecavigil.org.ar\\\/inicio\\\/\"},{\"@type\":\"ListItem\",\"position\":2,\"name\":\"Restauraci\u00f3n integral del pasillo que une la sede administrativa, la biblioteca y el teatro.\"}]},{\"@type\":\"WebSite\",\"@id\":\"https:\\\/\\\/bibliotecavigil.org.ar\\\/inicio\\\/#website\",\"url\":\"https:\\\/\\\/bibliotecavigil.org.ar\\\/inicio\\\/\",\"name\":\"Biblioteca Vigil\",\"description\":\"Biblioteca Popular C C Vigil\",\"publisher\":{\"@id\":\"https:\\\/\\\/bibliotecavigil.org.ar\\\/inicio\\\/#organization\"},\"potentialAction\":[{\"@type\":\"SearchAction\",\"target\":{\"@type\":\"EntryPoint\",\"urlTemplate\":\"https:\\\/\\\/bibliotecavigil.org.ar\\\/inicio\\\/?s={search_term_string}\"},\"query-input\":{\"@type\":\"PropertyValueSpecification\",\"valueRequired\":true,\"valueName\":\"search_term_string\"}}],\"inLanguage\":\"es\"},{\"@type\":\"Organization\",\"@id\":\"https:\\\/\\\/bibliotecavigil.org.ar\\\/inicio\\\/#organization\",\"name\":\"Biblioteca Popular C.C.Vigil\",\"url\":\"https:\\\/\\\/bibliotecavigil.org.ar\\\/inicio\\\/\",\"logo\":{\"@type\":\"ImageObject\",\"inLanguage\":\"es\",\"@id\":\"https:\\\/\\\/bibliotecavigil.org.ar\\\/inicio\\\/#\\\/schema\\\/logo\\\/image\\\/\",\"url\":\"https:\\\/\\\/bibliotecavigil.org.ar\\\/inicio\\\/wp-content\\\/uploads\\\/2023\\\/06\\\/Logo-sin-texto-gif.gif\",\"contentUrl\":\"https:\\\/\\\/bibliotecavigil.org.ar\\\/inicio\\\/wp-content\\\/uploads\\\/2023\\\/06\\\/Logo-sin-texto-gif.gif\",\"width\":1487,\"height\":1604,\"caption\":\"Biblioteca Popular C.C.Vigil\"},\"image\":{\"@id\":\"https:\\\/\\\/bibliotecavigil.org.ar\\\/inicio\\\/#\\\/schema\\\/logo\\\/image\\\/\"}},{\"@type\":\"Person\",\"@id\":\"https:\\\/\\\/bibliotecavigil.org.ar\\\/inicio\\\/#\\\/schema\\\/person\\\/98530bc117d5fa50c5dc01b4fd8d3700\",\"name\":\"Biblioteca Vigil\",\"image\":{\"@type\":\"ImageObject\",\"inLanguage\":\"es\",\"@id\":\"https:\\\/\\\/secure.gravatar.com\\\/avatar\\\/a96b6054dc4c80cde596e2c3f42d23e4f769e395116bf277fb508315b9d8a5c5?s=96&d=mm&r=g\",\"url\":\"https:\\\/\\\/secure.gravatar.com\\\/avatar\\\/a96b6054dc4c80cde596e2c3f42d23e4f769e395116bf277fb508315b9d8a5c5?s=96&d=mm&r=g\",\"contentUrl\":\"https:\\\/\\\/secure.gravatar.com\\\/avatar\\\/a96b6054dc4c80cde596e2c3f42d23e4f769e395116bf277fb508315b9d8a5c5?s=96&d=mm&r=g\",\"caption\":\"Biblioteca Vigil\"},\"url\":\"https:\\\/\\\/bibliotecavigil.org.ar\\\/inicio\\\/author\\\/comunicacion\\\/\"}]}<\/script>\n<!-- \/ Yoast SEO plugin. -->","yoast_head_json":{"title":"Restauraci\u00f3n integral del pasillo que une la sede administrativa, la biblioteca y el teatro. - Biblioteca Vigil","robots":{"index":"index","follow":"follow","max-snippet":"max-snippet:-1","max-image-preview":"max-image-preview:large","max-video-preview":"max-video-preview:-1"},"canonical":"https:\/\/bibliotecavigil.org.ar\/inicio\/restauracion-integral-del-pasillo-que-une-la-sede-administrativa-la-biblioteca-y-el-teatro\/","og_locale":"es_ES","og_type":"article","og_title":"Restauraci\u00f3n integral del pasillo que une la sede administrativa, la biblioteca y el teatro. - Biblioteca Vigil","og_description":"\u25ba \u00a1Novedades! Seguimos recuperando y mejorando espacios de La Vigil, reconectando \u00e1reas, renovando y sumando usos y posibilidades. Enmarcado dentro del proyecto de Extensi\u00f3n Universitaria que vincula estudiantes y docentes de la Facultad de Arquitectura, Planeamiento y Dise\u00f1o en sus dos carreras, Arquitectura y Dise\u00f1o Industrial, junto a varias c\u00e1tedras de la Escuela Provincial de [&hellip;]","og_url":"https:\/\/bibliotecavigil.org.ar\/inicio\/restauracion-integral-del-pasillo-que-une-la-sede-administrativa-la-biblioteca-y-el-teatro\/","og_site_name":"Biblioteca Vigil","article_published_time":"2022-09-05T22:44:11+00:00","article_modified_time":"2022-09-05T22:44:17+00:00","og_image":[{"width":1600,"height":1200,"url":"https:\/\/bibliotecavigil.org.ar\/inicio\/wp-content\/uploads\/2022\/09\/WhatsApp-Image-2022-08-31-at-15.13.03.jpeg","type":"image\/jpeg"}],"author":"Biblioteca Vigil","twitter_card":"summary_large_image","twitter_misc":{"Escrito por":"Biblioteca Vigil","Tiempo de lectura":"2 minutos"},"schema":{"@context":"https:\/\/schema.org","@graph":[{"@type":"Article","@id":"https:\/\/bibliotecavigil.org.ar\/inicio\/restauracion-integral-del-pasillo-que-une-la-sede-administrativa-la-biblioteca-y-el-teatro\/#article","isPartOf":{"@id":"https:\/\/bibliotecavigil.org.ar\/inicio\/restauracion-integral-del-pasillo-que-une-la-sede-administrativa-la-biblioteca-y-el-teatro\/"},"author":{"name":"Biblioteca Vigil","@id":"https:\/\/bibliotecavigil.org.ar\/inicio\/#\/schema\/person\/98530bc117d5fa50c5dc01b4fd8d3700"},"headline":"Restauraci\u00f3n integral del pasillo que une la sede administrativa, la biblioteca y el teatro.","datePublished":"2022-09-05T22:44:11+00:00","dateModified":"2022-09-05T22:44:17+00:00","mainEntityOfPage":{"@id":"https:\/\/bibliotecavigil.org.ar\/inicio\/restauracion-integral-del-pasillo-que-une-la-sede-administrativa-la-biblioteca-y-el-teatro\/"},"wordCount":229,"commentCount":0,"publisher":{"@id":"https:\/\/bibliotecavigil.org.ar\/inicio\/#organization"},"image":{"@id":"https:\/\/bibliotecavigil.org.ar\/inicio\/restauracion-integral-del-pasillo-que-une-la-sede-administrativa-la-biblioteca-y-el-teatro\/#primaryimage"},"thumbnailUrl":"https:\/\/bibliotecavigil.org.ar\/inicio\/wp-content\/uploads\/2022\/09\/WhatsApp-Image-2022-08-31-at-15.13.03.jpeg","keywords":["fapyd","open house","pasillo","reconstrucci\u00f3n","restauraci\u00f3n"],"articleSection":["Noticias"],"inLanguage":"es","potentialAction":[{"@type":"CommentAction","name":"Comment","target":["https:\/\/bibliotecavigil.org.ar\/inicio\/restauracion-integral-del-pasillo-que-une-la-sede-administrativa-la-biblioteca-y-el-teatro\/#respond"]}]},{"@type":"WebPage","@id":"https:\/\/bibliotecavigil.org.ar\/inicio\/restauracion-integral-del-pasillo-que-une-la-sede-administrativa-la-biblioteca-y-el-teatro\/","url":"https:\/\/bibliotecavigil.org.ar\/inicio\/restauracion-integral-del-pasillo-que-une-la-sede-administrativa-la-biblioteca-y-el-teatro\/","name":"Restauraci\u00f3n integral del pasillo que une la sede administrativa, la biblioteca y el teatro. - Biblioteca Vigil","isPartOf":{"@id":"https:\/\/bibliotecavigil.org.ar\/inicio\/#website"},"primaryImageOfPage":{"@id":"https:\/\/bibliotecavigil.org.ar\/inicio\/restauracion-integral-del-pasillo-que-une-la-sede-administrativa-la-biblioteca-y-el-teatro\/#primaryimage"},"image":{"@id":"https:\/\/bibliotecavigil.org.ar\/inicio\/restauracion-integral-del-pasillo-que-une-la-sede-administrativa-la-biblioteca-y-el-teatro\/#primaryimage"},"thumbnailUrl":"https:\/\/bibliotecavigil.org.ar\/inicio\/wp-content\/uploads\/2022\/09\/WhatsApp-Image-2022-08-31-at-15.13.03.jpeg","datePublished":"2022-09-05T22:44:11+00:00","dateModified":"2022-09-05T22:44:17+00:00","breadcrumb":{"@id":"https:\/\/bibliotecavigil.org.ar\/inicio\/restauracion-integral-del-pasillo-que-une-la-sede-administrativa-la-biblioteca-y-el-teatro\/#breadcrumb"},"inLanguage":"es","potentialAction":[{"@type":"ReadAction","target":["https:\/\/bibliotecavigil.org.ar\/inicio\/restauracion-integral-del-pasillo-que-une-la-sede-administrativa-la-biblioteca-y-el-teatro\/"]}]},{"@type":"ImageObject","inLanguage":"es","@id":"https:\/\/bibliotecavigil.org.ar\/inicio\/restauracion-integral-del-pasillo-que-une-la-sede-administrativa-la-biblioteca-y-el-teatro\/#primaryimage","url":"https:\/\/bibliotecavigil.org.ar\/inicio\/wp-content\/uploads\/2022\/09\/WhatsApp-Image-2022-08-31-at-15.13.03.jpeg","contentUrl":"https:\/\/bibliotecavigil.org.ar\/inicio\/wp-content\/uploads\/2022\/09\/WhatsApp-Image-2022-08-31-at-15.13.03.jpeg","width":1600,"height":1200},{"@type":"BreadcrumbList","@id":"https:\/\/bibliotecavigil.org.ar\/inicio\/restauracion-integral-del-pasillo-que-une-la-sede-administrativa-la-biblioteca-y-el-teatro\/#breadcrumb","itemListElement":[{"@type":"ListItem","position":1,"name":"Portada","item":"https:\/\/bibliotecavigil.org.ar\/inicio\/"},{"@type":"ListItem","position":2,"name":"Restauraci\u00f3n integral del pasillo que une la sede administrativa, la biblioteca y el teatro."}]},{"@type":"WebSite","@id":"https:\/\/bibliotecavigil.org.ar\/inicio\/#website","url":"https:\/\/bibliotecavigil.org.ar\/inicio\/","name":"Biblioteca Vigil","description":"Biblioteca Popular C C Vigil","publisher":{"@id":"https:\/\/bibliotecavigil.org.ar\/inicio\/#organization"},"potentialAction":[{"@type":"SearchAction","target":{"@type":"EntryPoint","urlTemplate":"https:\/\/bibliotecavigil.org.ar\/inicio\/?s={search_term_string}"},"query-input":{"@type":"PropertyValueSpecification","valueRequired":true,"valueName":"search_term_string"}}],"inLanguage":"es"},{"@type":"Organization","@id":"https:\/\/bibliotecavigil.org.ar\/inicio\/#organization","name":"Biblioteca Popular C.C.Vigil","url":"https:\/\/bibliotecavigil.org.ar\/inicio\/","logo":{"@type":"ImageObject","inLanguage":"es","@id":"https:\/\/bibliotecavigil.org.ar\/inicio\/#\/schema\/logo\/image\/","url":"https:\/\/bibliotecavigil.org.ar\/inicio\/wp-content\/uploads\/2023\/06\/Logo-sin-texto-gif.gif","contentUrl":"https:\/\/bibliotecavigil.org.ar\/inicio\/wp-content\/uploads\/2023\/06\/Logo-sin-texto-gif.gif","width":1487,"height":1604,"caption":"Biblioteca Popular C.C.Vigil"},"image":{"@id":"https:\/\/bibliotecavigil.org.ar\/inicio\/#\/schema\/logo\/image\/"}},{"@type":"Person","@id":"https:\/\/bibliotecavigil.org.ar\/inicio\/#\/schema\/person\/98530bc117d5fa50c5dc01b4fd8d3700","name":"Biblioteca Vigil","image":{"@type":"ImageObject","inLanguage":"es","@id":"https:\/\/secure.gravatar.com\/avatar\/a96b6054dc4c80cde596e2c3f42d23e4f769e395116bf277fb508315b9d8a5c5?s=96&d=mm&r=g","url":"https:\/\/secure.gravatar.com\/avatar\/a96b6054dc4c80cde596e2c3f42d23e4f769e395116bf277fb508315b9d8a5c5?s=96&d=mm&r=g","contentUrl":"https:\/\/secure.gravatar.com\/avatar\/a96b6054dc4c80cde596e2c3f42d23e4f769e395116bf277fb508315b9d8a5c5?s=96&d=mm&r=g","caption":"Biblioteca Vigil"},"url":"https:\/\/bibliotecavigil.org.ar\/inicio\/author\/comunicacion\/"}]}},"_links":{"self":[{"href":"https:\/\/bibliotecavigil.org.ar\/inicio\/wp-json\/wp\/v2\/posts\/31035","targetHints":{"allow":["GET"]}}],"collection":[{"href":"https:\/\/bibliotecavigil.org.ar\/inicio\/wp-json\/wp\/v2\/posts"}],"about":[{"href":"https:\/\/bibliotecavigil.org.ar\/inicio\/wp-json\/wp\/v2\/types\/post"}],"author":[{"embeddable":true,"href":"https:\/\/bibliotecavigil.org.ar\/inicio\/wp-json\/wp\/v2\/users\/3"}],"replies":[{"embeddable":true,"href":"https:\/\/bibliotecavigil.org.ar\/inicio\/wp-json\/wp\/v2\/comments?post=31035"}],"version-history":[{"count":1,"href":"https:\/\/bibliotecavigil.org.ar\/inicio\/wp-json\/wp\/v2\/posts\/31035\/revisions"}],"predecessor-version":[{"id":31042,"href":"https:\/\/bibliotecavigil.org.ar\/inicio\/wp-json\/wp\/v2\/posts\/31035\/revisions\/31042"}],"wp:featuredmedia":[{"embeddable":true,"href":"https:\/\/bibliotecavigil.org.ar\/inicio\/wp-json\/wp\/v2\/media\/31041"}],"wp:attachment":[{"href":"https:\/\/bibliotecavigil.org.ar\/inicio\/wp-json\/wp\/v2\/media?parent=31035"}],"wp:term":[{"taxonomy":"category","embeddable":true,"href":"https:\/\/bibliotecavigil.org.ar\/inicio\/wp-json\/wp\/v2\/categories?post=31035"},{"taxonomy":"post_tag","embeddable":true,"href":"https:\/\/bibliotecavigil.org.ar\/inicio\/wp-json\/wp\/v2\/tags?post=31035"}],"curies":[{"name":"wp","href":"https:\/\/api.w.org\/{rel}","templated":true}]}}