{"id":31064,"date":"2022-09-19T15:58:36","date_gmt":"2022-09-19T18:58:36","guid":{"rendered":"https:\/\/bibliotecavigil.org.ar\/inicio\/?p=31064"},"modified":"2022-09-19T15:58:39","modified_gmt":"2022-09-19T18:58:39","slug":"ciclo-de-cine-%e2%96%ba-peliculas-con-historia","status":"publish","type":"post","link":"https:\/\/bibliotecavigil.org.ar\/inicio\/ciclo-de-cine-%e2%96%ba-peliculas-con-historia\/","title":{"rendered":"Ciclo de Cine \u25ba Pel\u00edculas con historia"},"content":{"rendered":"\n<p>\u25ba <strong>Pel\u00edculas con historia<\/strong><\/p>\n\n\n\n<p>Inauguramos ciclo de cine y an\u00e1lisis para disfrutar de los cl\u00e1sicos del s\u00e9ptimo arte, acercarse a su historia y reflexionar sobre c\u00f3mo esas im\u00e1genes se entraman a nuestra memoria personal y colectiva. En cada encuentro se proyectar\u00e1 una pel\u00edcula y habr\u00e1 un segundo momento de conversaci\u00f3n movilizada por el film.<\/p>\n\n\n\n<p><strong>Ser\u00e1 todos los martes de 17 a 19 h y comienza el 04\/10.<\/strong> Coordinan: L\u00e1zaro Sales y Rodrigo G\u00f3mez<\/p>\n\n\n\n<p>\u25ac Para inscribirte ac\u00e9rcate a La Vigil (Gaboto 450) de lunes a viernes de 15 a 20 hs. <strong>GRATIS<\/strong> para socixs.<\/p>\n\n\n\n<p>\u25ac \u00bfTodav\u00eda no sos socix? \u00a1Aprovecha esta oportunidad y asociate! Tra\u00e9 una fotocopia de DNI y abon\u00e1 la cuota social mensual ($200 mayores de 18 a\u00f1os \/ $150 menores de 18 a\u00f1os). \u00a1Listo! \u00a1Ya sos parte de la comunidad Vigil!<\/p>\n\n\n\n<p><\/p>\n\n\n\n<figure class=\"wp-block-image size-large is-resized\"><a href=\"https:\/\/bibliotecavigil.org.ar\/inicio\/wp-content\/uploads\/2022\/09\/Ciclo-de-Cine-copia-baja-2.jpg\"><img decoding=\"async\" data-src=\"https:\/\/bibliotecavigil.org.ar\/inicio\/wp-content\/uploads\/2022\/09\/Ciclo-de-Cine-copia-baja-2-1024x1024.jpg\" alt=\"\" class=\"wp-image-31068 lazyload\" width=\"596\" height=\"596\" src=\"data:image\/svg+xml;base64,PHN2ZyB3aWR0aD0iMSIgaGVpZ2h0PSIxIiB4bWxucz0iaHR0cDovL3d3dy53My5vcmcvMjAwMC9zdmciPjwvc3ZnPg==\" style=\"--smush-placeholder-width: 596px; --smush-placeholder-aspect-ratio: 596\/596;\" \/><\/a><\/figure>\n","protected":false},"excerpt":{"rendered":"<p>\u25ba Pel\u00edculas con historia Inauguramos ciclo de cine y an\u00e1lisis para disfrutar de los cl\u00e1sicos del s\u00e9ptimo arte, acercarse a su historia y reflexionar sobre c\u00f3mo esas im\u00e1genes se entraman a nuestra memoria personal y colectiva. En cada encuentro se proyectar\u00e1 una pel\u00edcula y habr\u00e1 un segundo momento de conversaci\u00f3n movilizada por el film. Ser\u00e1 [&hellip;]<\/p>\n","protected":false},"author":3,"featured_media":31066,"comment_status":"open","ping_status":"closed","sticky":false,"template":"","format":"standard","meta":{"_et_pb_use_builder":"off","_et_pb_old_content":"","_et_gb_content_width":"1920","footnotes":""},"categories":[16],"tags":[308,306,305,307,232],"class_list":["post-31064","post","type-post","status-publish","format-standard","has-post-thumbnail","hentry","category-noticias","tag-charla","tag-ciclo","tag-cine","tag-debate","tag-historia"],"yoast_head":"<!-- This site is optimized with the Yoast SEO plugin v27.5 - https:\/\/yoast.com\/product\/yoast-seo-wordpress\/ -->\n<title>Ciclo de Cine \u25ba Pel\u00edculas con historia - Biblioteca Vigil<\/title>\n<meta name=\"robots\" content=\"index, follow, max-snippet:-1, max-image-preview:large, max-video-preview:-1\" \/>\n<link rel=\"canonical\" href=\"https:\/\/bibliotecavigil.org.ar\/inicio\/ciclo-de-cine-\u25ba-peliculas-con-historia\/\" \/>\n<meta property=\"og:locale\" content=\"es_ES\" \/>\n<meta property=\"og:type\" content=\"article\" \/>\n<meta property=\"og:title\" content=\"Ciclo de Cine \u25ba Pel\u00edculas con historia - Biblioteca Vigil\" \/>\n<meta property=\"og:description\" content=\"\u25ba Pel\u00edculas con historia Inauguramos ciclo de cine y an\u00e1lisis para disfrutar de los cl\u00e1sicos del s\u00e9ptimo arte, acercarse a su historia y reflexionar sobre c\u00f3mo esas im\u00e1genes se entraman a nuestra memoria personal y colectiva. En cada encuentro se proyectar\u00e1 una pel\u00edcula y habr\u00e1 un segundo momento de conversaci\u00f3n movilizada por el film. Ser\u00e1 [&hellip;]\" \/>\n<meta property=\"og:url\" content=\"https:\/\/bibliotecavigil.org.ar\/inicio\/ciclo-de-cine-\u25ba-peliculas-con-historia\/\" \/>\n<meta property=\"og:site_name\" content=\"Biblioteca Vigil\" \/>\n<meta property=\"article:published_time\" content=\"2022-09-19T18:58:36+00:00\" \/>\n<meta property=\"article:modified_time\" content=\"2022-09-19T18:58:39+00:00\" \/>\n<meta property=\"og:image\" content=\"https:\/\/bibliotecavigil.org.ar\/inicio\/wp-content\/uploads\/2022\/09\/ciclo-cibe-web.jpg\" \/>\n\t<meta property=\"og:image:width\" content=\"1667\" \/>\n\t<meta property=\"og:image:height\" content=\"1042\" \/>\n\t<meta property=\"og:image:type\" content=\"image\/jpeg\" \/>\n<meta name=\"author\" content=\"Biblioteca Vigil\" \/>\n<meta name=\"twitter:card\" content=\"summary_large_image\" \/>\n<meta name=\"twitter:label1\" content=\"Escrito por\" \/>\n\t<meta name=\"twitter:data1\" content=\"Biblioteca Vigil\" \/>\n\t<meta name=\"twitter:label2\" content=\"Tiempo de lectura\" \/>\n\t<meta name=\"twitter:data2\" content=\"1 minuto\" \/>\n<script type=\"application\/ld+json\" class=\"yoast-schema-graph\">{\"@context\":\"https:\\\/\\\/schema.org\",\"@graph\":[{\"@type\":\"Article\",\"@id\":\"https:\\\/\\\/bibliotecavigil.org.ar\\\/inicio\\\/ciclo-de-cine-%e2%96%ba-peliculas-con-historia\\\/#article\",\"isPartOf\":{\"@id\":\"https:\\\/\\\/bibliotecavigil.org.ar\\\/inicio\\\/ciclo-de-cine-%e2%96%ba-peliculas-con-historia\\\/\"},\"author\":{\"name\":\"Biblioteca Vigil\",\"@id\":\"https:\\\/\\\/bibliotecavigil.org.ar\\\/inicio\\\/#\\\/schema\\\/person\\\/98530bc117d5fa50c5dc01b4fd8d3700\"},\"headline\":\"Ciclo de Cine \u25ba Pel\u00edculas con historia\",\"datePublished\":\"2022-09-19T18:58:36+00:00\",\"dateModified\":\"2022-09-19T18:58:39+00:00\",\"mainEntityOfPage\":{\"@id\":\"https:\\\/\\\/bibliotecavigil.org.ar\\\/inicio\\\/ciclo-de-cine-%e2%96%ba-peliculas-con-historia\\\/\"},\"wordCount\":141,\"commentCount\":0,\"publisher\":{\"@id\":\"https:\\\/\\\/bibliotecavigil.org.ar\\\/inicio\\\/#organization\"},\"image\":{\"@id\":\"https:\\\/\\\/bibliotecavigil.org.ar\\\/inicio\\\/ciclo-de-cine-%e2%96%ba-peliculas-con-historia\\\/#primaryimage\"},\"thumbnailUrl\":\"https:\\\/\\\/bibliotecavigil.org.ar\\\/inicio\\\/wp-content\\\/uploads\\\/2022\\\/09\\\/ciclo-cibe-web.jpg\",\"keywords\":[\"charla\",\"ciclo\",\"cine\",\"debate\",\"historia\"],\"articleSection\":[\"Noticias\"],\"inLanguage\":\"es\",\"potentialAction\":[{\"@type\":\"CommentAction\",\"name\":\"Comment\",\"target\":[\"https:\\\/\\\/bibliotecavigil.org.ar\\\/inicio\\\/ciclo-de-cine-%e2%96%ba-peliculas-con-historia\\\/#respond\"]}]},{\"@type\":\"WebPage\",\"@id\":\"https:\\\/\\\/bibliotecavigil.org.ar\\\/inicio\\\/ciclo-de-cine-%e2%96%ba-peliculas-con-historia\\\/\",\"url\":\"https:\\\/\\\/bibliotecavigil.org.ar\\\/inicio\\\/ciclo-de-cine-%e2%96%ba-peliculas-con-historia\\\/\",\"name\":\"Ciclo de Cine \u25ba Pel\u00edculas con historia - Biblioteca Vigil\",\"isPartOf\":{\"@id\":\"https:\\\/\\\/bibliotecavigil.org.ar\\\/inicio\\\/#website\"},\"primaryImageOfPage\":{\"@id\":\"https:\\\/\\\/bibliotecavigil.org.ar\\\/inicio\\\/ciclo-de-cine-%e2%96%ba-peliculas-con-historia\\\/#primaryimage\"},\"image\":{\"@id\":\"https:\\\/\\\/bibliotecavigil.org.ar\\\/inicio\\\/ciclo-de-cine-%e2%96%ba-peliculas-con-historia\\\/#primaryimage\"},\"thumbnailUrl\":\"https:\\\/\\\/bibliotecavigil.org.ar\\\/inicio\\\/wp-content\\\/uploads\\\/2022\\\/09\\\/ciclo-cibe-web.jpg\",\"datePublished\":\"2022-09-19T18:58:36+00:00\",\"dateModified\":\"2022-09-19T18:58:39+00:00\",\"breadcrumb\":{\"@id\":\"https:\\\/\\\/bibliotecavigil.org.ar\\\/inicio\\\/ciclo-de-cine-%e2%96%ba-peliculas-con-historia\\\/#breadcrumb\"},\"inLanguage\":\"es\",\"potentialAction\":[{\"@type\":\"ReadAction\",\"target\":[\"https:\\\/\\\/bibliotecavigil.org.ar\\\/inicio\\\/ciclo-de-cine-%e2%96%ba-peliculas-con-historia\\\/\"]}]},{\"@type\":\"ImageObject\",\"inLanguage\":\"es\",\"@id\":\"https:\\\/\\\/bibliotecavigil.org.ar\\\/inicio\\\/ciclo-de-cine-%e2%96%ba-peliculas-con-historia\\\/#primaryimage\",\"url\":\"https:\\\/\\\/bibliotecavigil.org.ar\\\/inicio\\\/wp-content\\\/uploads\\\/2022\\\/09\\\/ciclo-cibe-web.jpg\",\"contentUrl\":\"https:\\\/\\\/bibliotecavigil.org.ar\\\/inicio\\\/wp-content\\\/uploads\\\/2022\\\/09\\\/ciclo-cibe-web.jpg\",\"width\":1667,\"height\":1042},{\"@type\":\"BreadcrumbList\",\"@id\":\"https:\\\/\\\/bibliotecavigil.org.ar\\\/inicio\\\/ciclo-de-cine-%e2%96%ba-peliculas-con-historia\\\/#breadcrumb\",\"itemListElement\":[{\"@type\":\"ListItem\",\"position\":1,\"name\":\"Portada\",\"item\":\"https:\\\/\\\/bibliotecavigil.org.ar\\\/inicio\\\/\"},{\"@type\":\"ListItem\",\"position\":2,\"name\":\"Ciclo de Cine \u25ba Pel\u00edculas con historia\"}]},{\"@type\":\"WebSite\",\"@id\":\"https:\\\/\\\/bibliotecavigil.org.ar\\\/inicio\\\/#website\",\"url\":\"https:\\\/\\\/bibliotecavigil.org.ar\\\/inicio\\\/\",\"name\":\"Biblioteca Vigil\",\"description\":\"Biblioteca Popular C C Vigil\",\"publisher\":{\"@id\":\"https:\\\/\\\/bibliotecavigil.org.ar\\\/inicio\\\/#organization\"},\"potentialAction\":[{\"@type\":\"SearchAction\",\"target\":{\"@type\":\"EntryPoint\",\"urlTemplate\":\"https:\\\/\\\/bibliotecavigil.org.ar\\\/inicio\\\/?s={search_term_string}\"},\"query-input\":{\"@type\":\"PropertyValueSpecification\",\"valueRequired\":true,\"valueName\":\"search_term_string\"}}],\"inLanguage\":\"es\"},{\"@type\":\"Organization\",\"@id\":\"https:\\\/\\\/bibliotecavigil.org.ar\\\/inicio\\\/#organization\",\"name\":\"Biblioteca Popular C.C.Vigil\",\"url\":\"https:\\\/\\\/bibliotecavigil.org.ar\\\/inicio\\\/\",\"logo\":{\"@type\":\"ImageObject\",\"inLanguage\":\"es\",\"@id\":\"https:\\\/\\\/bibliotecavigil.org.ar\\\/inicio\\\/#\\\/schema\\\/logo\\\/image\\\/\",\"url\":\"https:\\\/\\\/bibliotecavigil.org.ar\\\/inicio\\\/wp-content\\\/uploads\\\/2023\\\/06\\\/Logo-sin-texto-gif.gif\",\"contentUrl\":\"https:\\\/\\\/bibliotecavigil.org.ar\\\/inicio\\\/wp-content\\\/uploads\\\/2023\\\/06\\\/Logo-sin-texto-gif.gif\",\"width\":1487,\"height\":1604,\"caption\":\"Biblioteca Popular C.C.Vigil\"},\"image\":{\"@id\":\"https:\\\/\\\/bibliotecavigil.org.ar\\\/inicio\\\/#\\\/schema\\\/logo\\\/image\\\/\"}},{\"@type\":\"Person\",\"@id\":\"https:\\\/\\\/bibliotecavigil.org.ar\\\/inicio\\\/#\\\/schema\\\/person\\\/98530bc117d5fa50c5dc01b4fd8d3700\",\"name\":\"Biblioteca Vigil\",\"image\":{\"@type\":\"ImageObject\",\"inLanguage\":\"es\",\"@id\":\"https:\\\/\\\/secure.gravatar.com\\\/avatar\\\/a96b6054dc4c80cde596e2c3f42d23e4f769e395116bf277fb508315b9d8a5c5?s=96&d=mm&r=g\",\"url\":\"https:\\\/\\\/secure.gravatar.com\\\/avatar\\\/a96b6054dc4c80cde596e2c3f42d23e4f769e395116bf277fb508315b9d8a5c5?s=96&d=mm&r=g\",\"contentUrl\":\"https:\\\/\\\/secure.gravatar.com\\\/avatar\\\/a96b6054dc4c80cde596e2c3f42d23e4f769e395116bf277fb508315b9d8a5c5?s=96&d=mm&r=g\",\"caption\":\"Biblioteca Vigil\"},\"url\":\"https:\\\/\\\/bibliotecavigil.org.ar\\\/inicio\\\/author\\\/comunicacion\\\/\"}]}<\/script>\n<!-- \/ Yoast SEO plugin. -->","yoast_head_json":{"title":"Ciclo de Cine \u25ba Pel\u00edculas con historia - Biblioteca Vigil","robots":{"index":"index","follow":"follow","max-snippet":"max-snippet:-1","max-image-preview":"max-image-preview:large","max-video-preview":"max-video-preview:-1"},"canonical":"https:\/\/bibliotecavigil.org.ar\/inicio\/ciclo-de-cine-\u25ba-peliculas-con-historia\/","og_locale":"es_ES","og_type":"article","og_title":"Ciclo de Cine \u25ba Pel\u00edculas con historia - Biblioteca Vigil","og_description":"\u25ba Pel\u00edculas con historia Inauguramos ciclo de cine y an\u00e1lisis para disfrutar de los cl\u00e1sicos del s\u00e9ptimo arte, acercarse a su historia y reflexionar sobre c\u00f3mo esas im\u00e1genes se entraman a nuestra memoria personal y colectiva. En cada encuentro se proyectar\u00e1 una pel\u00edcula y habr\u00e1 un segundo momento de conversaci\u00f3n movilizada por el film. Ser\u00e1 [&hellip;]","og_url":"https:\/\/bibliotecavigil.org.ar\/inicio\/ciclo-de-cine-\u25ba-peliculas-con-historia\/","og_site_name":"Biblioteca Vigil","article_published_time":"2022-09-19T18:58:36+00:00","article_modified_time":"2022-09-19T18:58:39+00:00","og_image":[{"width":1667,"height":1042,"url":"https:\/\/bibliotecavigil.org.ar\/inicio\/wp-content\/uploads\/2022\/09\/ciclo-cibe-web.jpg","type":"image\/jpeg"}],"author":"Biblioteca Vigil","twitter_card":"summary_large_image","twitter_misc":{"Escrito por":"Biblioteca Vigil","Tiempo de lectura":"1 minuto"},"schema":{"@context":"https:\/\/schema.org","@graph":[{"@type":"Article","@id":"https:\/\/bibliotecavigil.org.ar\/inicio\/ciclo-de-cine-%e2%96%ba-peliculas-con-historia\/#article","isPartOf":{"@id":"https:\/\/bibliotecavigil.org.ar\/inicio\/ciclo-de-cine-%e2%96%ba-peliculas-con-historia\/"},"author":{"name":"Biblioteca Vigil","@id":"https:\/\/bibliotecavigil.org.ar\/inicio\/#\/schema\/person\/98530bc117d5fa50c5dc01b4fd8d3700"},"headline":"Ciclo de Cine \u25ba Pel\u00edculas con historia","datePublished":"2022-09-19T18:58:36+00:00","dateModified":"2022-09-19T18:58:39+00:00","mainEntityOfPage":{"@id":"https:\/\/bibliotecavigil.org.ar\/inicio\/ciclo-de-cine-%e2%96%ba-peliculas-con-historia\/"},"wordCount":141,"commentCount":0,"publisher":{"@id":"https:\/\/bibliotecavigil.org.ar\/inicio\/#organization"},"image":{"@id":"https:\/\/bibliotecavigil.org.ar\/inicio\/ciclo-de-cine-%e2%96%ba-peliculas-con-historia\/#primaryimage"},"thumbnailUrl":"https:\/\/bibliotecavigil.org.ar\/inicio\/wp-content\/uploads\/2022\/09\/ciclo-cibe-web.jpg","keywords":["charla","ciclo","cine","debate","historia"],"articleSection":["Noticias"],"inLanguage":"es","potentialAction":[{"@type":"CommentAction","name":"Comment","target":["https:\/\/bibliotecavigil.org.ar\/inicio\/ciclo-de-cine-%e2%96%ba-peliculas-con-historia\/#respond"]}]},{"@type":"WebPage","@id":"https:\/\/bibliotecavigil.org.ar\/inicio\/ciclo-de-cine-%e2%96%ba-peliculas-con-historia\/","url":"https:\/\/bibliotecavigil.org.ar\/inicio\/ciclo-de-cine-%e2%96%ba-peliculas-con-historia\/","name":"Ciclo de Cine \u25ba Pel\u00edculas con historia - Biblioteca Vigil","isPartOf":{"@id":"https:\/\/bibliotecavigil.org.ar\/inicio\/#website"},"primaryImageOfPage":{"@id":"https:\/\/bibliotecavigil.org.ar\/inicio\/ciclo-de-cine-%e2%96%ba-peliculas-con-historia\/#primaryimage"},"image":{"@id":"https:\/\/bibliotecavigil.org.ar\/inicio\/ciclo-de-cine-%e2%96%ba-peliculas-con-historia\/#primaryimage"},"thumbnailUrl":"https:\/\/bibliotecavigil.org.ar\/inicio\/wp-content\/uploads\/2022\/09\/ciclo-cibe-web.jpg","datePublished":"2022-09-19T18:58:36+00:00","dateModified":"2022-09-19T18:58:39+00:00","breadcrumb":{"@id":"https:\/\/bibliotecavigil.org.ar\/inicio\/ciclo-de-cine-%e2%96%ba-peliculas-con-historia\/#breadcrumb"},"inLanguage":"es","potentialAction":[{"@type":"ReadAction","target":["https:\/\/bibliotecavigil.org.ar\/inicio\/ciclo-de-cine-%e2%96%ba-peliculas-con-historia\/"]}]},{"@type":"ImageObject","inLanguage":"es","@id":"https:\/\/bibliotecavigil.org.ar\/inicio\/ciclo-de-cine-%e2%96%ba-peliculas-con-historia\/#primaryimage","url":"https:\/\/bibliotecavigil.org.ar\/inicio\/wp-content\/uploads\/2022\/09\/ciclo-cibe-web.jpg","contentUrl":"https:\/\/bibliotecavigil.org.ar\/inicio\/wp-content\/uploads\/2022\/09\/ciclo-cibe-web.jpg","width":1667,"height":1042},{"@type":"BreadcrumbList","@id":"https:\/\/bibliotecavigil.org.ar\/inicio\/ciclo-de-cine-%e2%96%ba-peliculas-con-historia\/#breadcrumb","itemListElement":[{"@type":"ListItem","position":1,"name":"Portada","item":"https:\/\/bibliotecavigil.org.ar\/inicio\/"},{"@type":"ListItem","position":2,"name":"Ciclo de Cine \u25ba Pel\u00edculas con historia"}]},{"@type":"WebSite","@id":"https:\/\/bibliotecavigil.org.ar\/inicio\/#website","url":"https:\/\/bibliotecavigil.org.ar\/inicio\/","name":"Biblioteca Vigil","description":"Biblioteca Popular C C Vigil","publisher":{"@id":"https:\/\/bibliotecavigil.org.ar\/inicio\/#organization"},"potentialAction":[{"@type":"SearchAction","target":{"@type":"EntryPoint","urlTemplate":"https:\/\/bibliotecavigil.org.ar\/inicio\/?s={search_term_string}"},"query-input":{"@type":"PropertyValueSpecification","valueRequired":true,"valueName":"search_term_string"}}],"inLanguage":"es"},{"@type":"Organization","@id":"https:\/\/bibliotecavigil.org.ar\/inicio\/#organization","name":"Biblioteca Popular C.C.Vigil","url":"https:\/\/bibliotecavigil.org.ar\/inicio\/","logo":{"@type":"ImageObject","inLanguage":"es","@id":"https:\/\/bibliotecavigil.org.ar\/inicio\/#\/schema\/logo\/image\/","url":"https:\/\/bibliotecavigil.org.ar\/inicio\/wp-content\/uploads\/2023\/06\/Logo-sin-texto-gif.gif","contentUrl":"https:\/\/bibliotecavigil.org.ar\/inicio\/wp-content\/uploads\/2023\/06\/Logo-sin-texto-gif.gif","width":1487,"height":1604,"caption":"Biblioteca Popular C.C.Vigil"},"image":{"@id":"https:\/\/bibliotecavigil.org.ar\/inicio\/#\/schema\/logo\/image\/"}},{"@type":"Person","@id":"https:\/\/bibliotecavigil.org.ar\/inicio\/#\/schema\/person\/98530bc117d5fa50c5dc01b4fd8d3700","name":"Biblioteca Vigil","image":{"@type":"ImageObject","inLanguage":"es","@id":"https:\/\/secure.gravatar.com\/avatar\/a96b6054dc4c80cde596e2c3f42d23e4f769e395116bf277fb508315b9d8a5c5?s=96&d=mm&r=g","url":"https:\/\/secure.gravatar.com\/avatar\/a96b6054dc4c80cde596e2c3f42d23e4f769e395116bf277fb508315b9d8a5c5?s=96&d=mm&r=g","contentUrl":"https:\/\/secure.gravatar.com\/avatar\/a96b6054dc4c80cde596e2c3f42d23e4f769e395116bf277fb508315b9d8a5c5?s=96&d=mm&r=g","caption":"Biblioteca Vigil"},"url":"https:\/\/bibliotecavigil.org.ar\/inicio\/author\/comunicacion\/"}]}},"_links":{"self":[{"href":"https:\/\/bibliotecavigil.org.ar\/inicio\/wp-json\/wp\/v2\/posts\/31064","targetHints":{"allow":["GET"]}}],"collection":[{"href":"https:\/\/bibliotecavigil.org.ar\/inicio\/wp-json\/wp\/v2\/posts"}],"about":[{"href":"https:\/\/bibliotecavigil.org.ar\/inicio\/wp-json\/wp\/v2\/types\/post"}],"author":[{"embeddable":true,"href":"https:\/\/bibliotecavigil.org.ar\/inicio\/wp-json\/wp\/v2\/users\/3"}],"replies":[{"embeddable":true,"href":"https:\/\/bibliotecavigil.org.ar\/inicio\/wp-json\/wp\/v2\/comments?post=31064"}],"version-history":[{"count":1,"href":"https:\/\/bibliotecavigil.org.ar\/inicio\/wp-json\/wp\/v2\/posts\/31064\/revisions"}],"predecessor-version":[{"id":31069,"href":"https:\/\/bibliotecavigil.org.ar\/inicio\/wp-json\/wp\/v2\/posts\/31064\/revisions\/31069"}],"wp:featuredmedia":[{"embeddable":true,"href":"https:\/\/bibliotecavigil.org.ar\/inicio\/wp-json\/wp\/v2\/media\/31066"}],"wp:attachment":[{"href":"https:\/\/bibliotecavigil.org.ar\/inicio\/wp-json\/wp\/v2\/media?parent=31064"}],"wp:term":[{"taxonomy":"category","embeddable":true,"href":"https:\/\/bibliotecavigil.org.ar\/inicio\/wp-json\/wp\/v2\/categories?post=31064"},{"taxonomy":"post_tag","embeddable":true,"href":"https:\/\/bibliotecavigil.org.ar\/inicio\/wp-json\/wp\/v2\/tags?post=31064"}],"curies":[{"name":"wp","href":"https:\/\/api.w.org\/{rel}","templated":true}]}}