{"id":31072,"date":"2022-09-27T16:17:13","date_gmt":"2022-09-27T19:17:13","guid":{"rendered":"https:\/\/bibliotecavigil.org.ar\/inicio\/?p=31072"},"modified":"2022-09-27T16:47:46","modified_gmt":"2022-09-27T19:47:46","slug":"agenda-octubre-teatro-vigil","status":"publish","type":"post","link":"https:\/\/bibliotecavigil.org.ar\/inicio\/agenda-octubre-teatro-vigil\/","title":{"rendered":"Agenda Octubre Teatro Vigil"},"content":{"rendered":"\n<p>\u00a1NO-TI-CI\u00d3N!<\/p>\n\n\n\n<p><strong>\u00a1En Octubre programamos 3 ESTRENOS!<\/strong><\/p>\n\n\n\n<p>As\u00ed como escuchaste, 3 nuevas funciones que inician su recorrido en nuestro Teatro.<\/p>\n\n\n\n<p>Y para no perder la costumbre, <strong>GRATIS para socixs de La Vigil.<\/strong><\/p>\n\n\n\n<p><strong>\u25ba 1\/10 20.30h Lo Esencial es Invisible a los Piojos<\/strong><\/p>\n\n\n\n<p>El quinto espect\u00e1culo de la murga rosarina Ojo al piojo. En una puesta en escena que combina los recursos de la murga uruguaya con la riqueza de la cultura local y alrededores, propone reflexionar acerca de lo que significa esta \u201cnueva normalidad\u201d.<\/p>\n\n\n\n<p>\u25ac Gratis para socixs \/ $1000 no socixs<\/p>\n\n\n\n<p><strong>\u25ba 15\/10 18 h El Libro Hechizado<\/strong><\/p>\n\n\n\n<p>El Presentador, Chalupa y Mojarrita en una incre\u00edble aventura donde la magia, el humor y el circo son los protagonistas en este espect\u00e1culo para toda la familia.<\/p>\n\n\n\n<p>Iv\u00e1n Megido, Eliana Sorroche y Matias Ord\u00f3\u00f1ez<\/p>\n\n\n\n<p>\u25ac Gratis para socixs \/ $500 no socixs<\/p>\n\n\n\n<p><strong>\u25ba 22\/10 20.30 h Territorio Coraje<\/strong><\/p>\n\n\n\n<p>Obra de teatro unipersonal que relata el compromiso de las mujeres en el proceso de independencia partiendo desde la vida de Juana Azurduy. Veremos a una Juana de todas las \u00e9pocas que se nos acerca para relatarnos que naci\u00f3 en un tiempo junto a muchas otras y que todas ellas construyeron el territorio a\u00f1orado, el territorio coraje.<\/p>\n\n\n\n<p>Direcci\u00f3n: Cielo Pignatta. Dramaturgia y actuaci\u00f3n: Mar\u00eda Victoria Franchi.<\/p>\n\n\n\n<p>\u25ac Gratis para socixs \/ $500 no socixs<\/p>\n\n\n\n<p>\u25ac <strong>A partir de hoy pod\u00e9s adquirir las entradas en La Vigil <\/strong>(Gaboto 450) de lunes a viernes de 14 a 20 h.<\/p>\n\n\n\n<p>\u00a1Que esta primavera nos encuentre en el Teatro Vigil!<\/p>\n\n\n\n<p>\u00a1Nos vemos en la Saulo!<\/p>\n\n\n\n<p><\/p>\n\n\n\n<figure class=\"wp-block-image size-large\"><a href=\"https:\/\/bibliotecavigil.org.ar\/inicio\/wp-content\/uploads\/2022\/09\/Ojo-al-Piojo-01-scaled.jpg\"><img decoding=\"async\" data-src=\"https:\/\/bibliotecavigil.org.ar\/inicio\/wp-content\/uploads\/2022\/09\/Ojo-al-Piojo-01-724x1024.jpg\" alt=\"\" class=\"wp-image-31073 lazyload\" src=\"data:image\/svg+xml;base64,PHN2ZyB3aWR0aD0iMSIgaGVpZ2h0PSIxIiB4bWxucz0iaHR0cDovL3d3dy53My5vcmcvMjAwMC9zdmciPjwvc3ZnPg==\" style=\"--smush-placeholder-width: 724px; --smush-placeholder-aspect-ratio: 724\/1024;\" \/><\/a><\/figure>\n\n\n\n<figure class=\"wp-block-image size-large\"><a href=\"https:\/\/bibliotecavigil.org.ar\/inicio\/wp-content\/uploads\/2022\/09\/El-libro-hechizado-01-scaled.jpg\"><img decoding=\"async\" data-src=\"https:\/\/bibliotecavigil.org.ar\/inicio\/wp-content\/uploads\/2022\/09\/El-libro-hechizado-01-724x1024.jpg\" alt=\"\" class=\"wp-image-31074 lazyload\" src=\"data:image\/svg+xml;base64,PHN2ZyB3aWR0aD0iMSIgaGVpZ2h0PSIxIiB4bWxucz0iaHR0cDovL3d3dy53My5vcmcvMjAwMC9zdmciPjwvc3ZnPg==\" style=\"--smush-placeholder-width: 724px; --smush-placeholder-aspect-ratio: 724\/1024;\" \/><\/a><\/figure>\n\n\n\n<figure class=\"wp-block-image size-large\"><a href=\"https:\/\/bibliotecavigil.org.ar\/inicio\/wp-content\/uploads\/2022\/09\/Territorio-Coraje-01-scaled.jpg\"><img decoding=\"async\" data-src=\"https:\/\/bibliotecavigil.org.ar\/inicio\/wp-content\/uploads\/2022\/09\/Territorio-Coraje-01-724x1024.jpg\" alt=\"\" class=\"wp-image-31075 lazyload\" src=\"data:image\/svg+xml;base64,PHN2ZyB3aWR0aD0iMSIgaGVpZ2h0PSIxIiB4bWxucz0iaHR0cDovL3d3dy53My5vcmcvMjAwMC9zdmciPjwvc3ZnPg==\" style=\"--smush-placeholder-width: 724px; --smush-placeholder-aspect-ratio: 724\/1024;\" \/><\/a><\/figure>\n","protected":false},"excerpt":{"rendered":"<p>\u00a1NO-TI-CI\u00d3N! \u00a1En Octubre programamos 3 ESTRENOS! As\u00ed como escuchaste, 3 nuevas funciones que inician su recorrido en nuestro Teatro. Y para no perder la costumbre, GRATIS para socixs de La Vigil. \u25ba 1\/10 20.30h Lo Esencial es Invisible a los Piojos El quinto espect\u00e1culo de la murga rosarina Ojo al piojo. En una puesta en [&hellip;]<\/p>\n","protected":false},"author":3,"featured_media":0,"comment_status":"open","ping_status":"closed","sticky":false,"template":"","format":"standard","meta":{"_et_pb_use_builder":"off","_et_pb_old_content":"","_et_gb_content_width":"1920","footnotes":""},"categories":[16],"tags":[118],"class_list":["post-31072","post","type-post","status-publish","format-standard","hentry","category-noticias","tag-teatro"],"yoast_head":"<!-- This site is optimized with the Yoast SEO plugin v27.3 - https:\/\/yoast.com\/product\/yoast-seo-wordpress\/ -->\n<title>Agenda Octubre Teatro Vigil - Biblioteca Vigil<\/title>\n<meta name=\"description\" content=\"En Octubre programamos 3 ESTRENOS! As\u00ed como escuchaste, 3 nuevas funciones que inician su recorrido en nuestro Teatro.\" \/>\n<meta name=\"robots\" content=\"index, follow, max-snippet:-1, max-image-preview:large, max-video-preview:-1\" \/>\n<link rel=\"canonical\" href=\"https:\/\/bibliotecavigil.org.ar\/inicio\/agenda-octubre-teatro-vigil\/\" \/>\n<meta property=\"og:locale\" content=\"es_ES\" \/>\n<meta property=\"og:type\" content=\"article\" \/>\n<meta property=\"og:title\" content=\"Agenda Octubre Teatro Vigil - Biblioteca Vigil\" \/>\n<meta property=\"og:description\" content=\"En Octubre programamos 3 ESTRENOS! As\u00ed como escuchaste, 3 nuevas funciones que inician su recorrido en nuestro Teatro.\" \/>\n<meta property=\"og:url\" content=\"https:\/\/bibliotecavigil.org.ar\/inicio\/agenda-octubre-teatro-vigil\/\" \/>\n<meta property=\"og:site_name\" content=\"Biblioteca Vigil\" \/>\n<meta property=\"article:published_time\" content=\"2022-09-27T19:17:13+00:00\" \/>\n<meta property=\"article:modified_time\" content=\"2022-09-27T19:47:46+00:00\" \/>\n<meta property=\"og:image\" content=\"https:\/\/bibliotecavigil.org.ar\/inicio\/wp-content\/uploads\/2022\/09\/Agenda-oct-web-copia.jpg\" \/>\n\t<meta property=\"og:image:width\" content=\"1667\" \/>\n\t<meta property=\"og:image:height\" content=\"1042\" \/>\n\t<meta property=\"og:image:type\" content=\"image\/jpeg\" \/>\n<meta name=\"author\" content=\"Biblioteca Vigil\" \/>\n<meta name=\"twitter:card\" content=\"summary_large_image\" \/>\n<meta name=\"twitter:label1\" content=\"Escrito por\" \/>\n\t<meta name=\"twitter:data1\" content=\"Biblioteca Vigil\" \/>\n\t<meta name=\"twitter:label2\" content=\"Tiempo de lectura\" \/>\n\t<meta name=\"twitter:data2\" content=\"2 minutos\" \/>\n<script type=\"application\/ld+json\" class=\"yoast-schema-graph\">{\"@context\":\"https:\\\/\\\/schema.org\",\"@graph\":[{\"@type\":\"Article\",\"@id\":\"https:\\\/\\\/bibliotecavigil.org.ar\\\/inicio\\\/agenda-octubre-teatro-vigil\\\/#article\",\"isPartOf\":{\"@id\":\"https:\\\/\\\/bibliotecavigil.org.ar\\\/inicio\\\/agenda-octubre-teatro-vigil\\\/\"},\"author\":{\"name\":\"Biblioteca Vigil\",\"@id\":\"https:\\\/\\\/bibliotecavigil.org.ar\\\/inicio\\\/#\\\/schema\\\/person\\\/98530bc117d5fa50c5dc01b4fd8d3700\"},\"headline\":\"Agenda Octubre Teatro Vigil\",\"datePublished\":\"2022-09-27T19:17:13+00:00\",\"dateModified\":\"2022-09-27T19:47:46+00:00\",\"mainEntityOfPage\":{\"@id\":\"https:\\\/\\\/bibliotecavigil.org.ar\\\/inicio\\\/agenda-octubre-teatro-vigil\\\/\"},\"wordCount\":249,\"commentCount\":0,\"publisher\":{\"@id\":\"https:\\\/\\\/bibliotecavigil.org.ar\\\/inicio\\\/#organization\"},\"image\":{\"@id\":\"https:\\\/\\\/bibliotecavigil.org.ar\\\/inicio\\\/agenda-octubre-teatro-vigil\\\/#primaryimage\"},\"thumbnailUrl\":\"https:\\\/\\\/bibliotecavigil.org.ar\\\/inicio\\\/wp-content\\\/uploads\\\/2022\\\/09\\\/Ojo-al-Piojo-01-724x1024.jpg\",\"keywords\":[\"teatro\"],\"articleSection\":[\"Noticias\"],\"inLanguage\":\"es\",\"potentialAction\":[{\"@type\":\"CommentAction\",\"name\":\"Comment\",\"target\":[\"https:\\\/\\\/bibliotecavigil.org.ar\\\/inicio\\\/agenda-octubre-teatro-vigil\\\/#respond\"]}]},{\"@type\":\"WebPage\",\"@id\":\"https:\\\/\\\/bibliotecavigil.org.ar\\\/inicio\\\/agenda-octubre-teatro-vigil\\\/\",\"url\":\"https:\\\/\\\/bibliotecavigil.org.ar\\\/inicio\\\/agenda-octubre-teatro-vigil\\\/\",\"name\":\"Agenda Octubre Teatro Vigil - Biblioteca Vigil\",\"isPartOf\":{\"@id\":\"https:\\\/\\\/bibliotecavigil.org.ar\\\/inicio\\\/#website\"},\"primaryImageOfPage\":{\"@id\":\"https:\\\/\\\/bibliotecavigil.org.ar\\\/inicio\\\/agenda-octubre-teatro-vigil\\\/#primaryimage\"},\"image\":{\"@id\":\"https:\\\/\\\/bibliotecavigil.org.ar\\\/inicio\\\/agenda-octubre-teatro-vigil\\\/#primaryimage\"},\"thumbnailUrl\":\"https:\\\/\\\/bibliotecavigil.org.ar\\\/inicio\\\/wp-content\\\/uploads\\\/2022\\\/09\\\/Ojo-al-Piojo-01-724x1024.jpg\",\"datePublished\":\"2022-09-27T19:17:13+00:00\",\"dateModified\":\"2022-09-27T19:47:46+00:00\",\"description\":\"En Octubre programamos 3 ESTRENOS! As\u00ed como escuchaste, 3 nuevas funciones que inician su recorrido en nuestro Teatro.\",\"breadcrumb\":{\"@id\":\"https:\\\/\\\/bibliotecavigil.org.ar\\\/inicio\\\/agenda-octubre-teatro-vigil\\\/#breadcrumb\"},\"inLanguage\":\"es\",\"potentialAction\":[{\"@type\":\"ReadAction\",\"target\":[\"https:\\\/\\\/bibliotecavigil.org.ar\\\/inicio\\\/agenda-octubre-teatro-vigil\\\/\"]}]},{\"@type\":\"ImageObject\",\"inLanguage\":\"es\",\"@id\":\"https:\\\/\\\/bibliotecavigil.org.ar\\\/inicio\\\/agenda-octubre-teatro-vigil\\\/#primaryimage\",\"url\":\"https:\\\/\\\/bibliotecavigil.org.ar\\\/inicio\\\/wp-content\\\/uploads\\\/2022\\\/09\\\/Ojo-al-Piojo-01-724x1024.jpg\",\"contentUrl\":\"https:\\\/\\\/bibliotecavigil.org.ar\\\/inicio\\\/wp-content\\\/uploads\\\/2022\\\/09\\\/Ojo-al-Piojo-01-724x1024.jpg\"},{\"@type\":\"BreadcrumbList\",\"@id\":\"https:\\\/\\\/bibliotecavigil.org.ar\\\/inicio\\\/agenda-octubre-teatro-vigil\\\/#breadcrumb\",\"itemListElement\":[{\"@type\":\"ListItem\",\"position\":1,\"name\":\"Portada\",\"item\":\"https:\\\/\\\/bibliotecavigil.org.ar\\\/inicio\\\/\"},{\"@type\":\"ListItem\",\"position\":2,\"name\":\"Agenda Octubre Teatro Vigil\"}]},{\"@type\":\"WebSite\",\"@id\":\"https:\\\/\\\/bibliotecavigil.org.ar\\\/inicio\\\/#website\",\"url\":\"https:\\\/\\\/bibliotecavigil.org.ar\\\/inicio\\\/\",\"name\":\"Biblioteca Vigil\",\"description\":\"Biblioteca Popular C C Vigil\",\"publisher\":{\"@id\":\"https:\\\/\\\/bibliotecavigil.org.ar\\\/inicio\\\/#organization\"},\"potentialAction\":[{\"@type\":\"SearchAction\",\"target\":{\"@type\":\"EntryPoint\",\"urlTemplate\":\"https:\\\/\\\/bibliotecavigil.org.ar\\\/inicio\\\/?s={search_term_string}\"},\"query-input\":{\"@type\":\"PropertyValueSpecification\",\"valueRequired\":true,\"valueName\":\"search_term_string\"}}],\"inLanguage\":\"es\"},{\"@type\":\"Organization\",\"@id\":\"https:\\\/\\\/bibliotecavigil.org.ar\\\/inicio\\\/#organization\",\"name\":\"Biblioteca Popular C.C.Vigil\",\"url\":\"https:\\\/\\\/bibliotecavigil.org.ar\\\/inicio\\\/\",\"logo\":{\"@type\":\"ImageObject\",\"inLanguage\":\"es\",\"@id\":\"https:\\\/\\\/bibliotecavigil.org.ar\\\/inicio\\\/#\\\/schema\\\/logo\\\/image\\\/\",\"url\":\"https:\\\/\\\/bibliotecavigil.org.ar\\\/inicio\\\/wp-content\\\/uploads\\\/2023\\\/06\\\/Logo-sin-texto-gif.gif\",\"contentUrl\":\"https:\\\/\\\/bibliotecavigil.org.ar\\\/inicio\\\/wp-content\\\/uploads\\\/2023\\\/06\\\/Logo-sin-texto-gif.gif\",\"width\":1487,\"height\":1604,\"caption\":\"Biblioteca Popular C.C.Vigil\"},\"image\":{\"@id\":\"https:\\\/\\\/bibliotecavigil.org.ar\\\/inicio\\\/#\\\/schema\\\/logo\\\/image\\\/\"}},{\"@type\":\"Person\",\"@id\":\"https:\\\/\\\/bibliotecavigil.org.ar\\\/inicio\\\/#\\\/schema\\\/person\\\/98530bc117d5fa50c5dc01b4fd8d3700\",\"name\":\"Biblioteca Vigil\",\"image\":{\"@type\":\"ImageObject\",\"inLanguage\":\"es\",\"@id\":\"https:\\\/\\\/secure.gravatar.com\\\/avatar\\\/a96b6054dc4c80cde596e2c3f42d23e4f769e395116bf277fb508315b9d8a5c5?s=96&d=mm&r=g\",\"url\":\"https:\\\/\\\/secure.gravatar.com\\\/avatar\\\/a96b6054dc4c80cde596e2c3f42d23e4f769e395116bf277fb508315b9d8a5c5?s=96&d=mm&r=g\",\"contentUrl\":\"https:\\\/\\\/secure.gravatar.com\\\/avatar\\\/a96b6054dc4c80cde596e2c3f42d23e4f769e395116bf277fb508315b9d8a5c5?s=96&d=mm&r=g\",\"caption\":\"Biblioteca Vigil\"},\"url\":\"https:\\\/\\\/bibliotecavigil.org.ar\\\/inicio\\\/author\\\/comunicacion\\\/\"}]}<\/script>\n<!-- \/ Yoast SEO plugin. -->","yoast_head_json":{"title":"Agenda Octubre Teatro Vigil - Biblioteca Vigil","description":"En Octubre programamos 3 ESTRENOS! As\u00ed como escuchaste, 3 nuevas funciones que inician su recorrido en nuestro Teatro.","robots":{"index":"index","follow":"follow","max-snippet":"max-snippet:-1","max-image-preview":"max-image-preview:large","max-video-preview":"max-video-preview:-1"},"canonical":"https:\/\/bibliotecavigil.org.ar\/inicio\/agenda-octubre-teatro-vigil\/","og_locale":"es_ES","og_type":"article","og_title":"Agenda Octubre Teatro Vigil - Biblioteca Vigil","og_description":"En Octubre programamos 3 ESTRENOS! As\u00ed como escuchaste, 3 nuevas funciones que inician su recorrido en nuestro Teatro.","og_url":"https:\/\/bibliotecavigil.org.ar\/inicio\/agenda-octubre-teatro-vigil\/","og_site_name":"Biblioteca Vigil","article_published_time":"2022-09-27T19:17:13+00:00","article_modified_time":"2022-09-27T19:47:46+00:00","og_image":[{"width":1667,"height":1042,"url":"https:\/\/bibliotecavigil.org.ar\/inicio\/wp-content\/uploads\/2022\/09\/Agenda-oct-web-copia.jpg","type":"image\/jpeg"}],"author":"Biblioteca Vigil","twitter_card":"summary_large_image","twitter_misc":{"Escrito por":"Biblioteca Vigil","Tiempo de lectura":"2 minutos"},"schema":{"@context":"https:\/\/schema.org","@graph":[{"@type":"Article","@id":"https:\/\/bibliotecavigil.org.ar\/inicio\/agenda-octubre-teatro-vigil\/#article","isPartOf":{"@id":"https:\/\/bibliotecavigil.org.ar\/inicio\/agenda-octubre-teatro-vigil\/"},"author":{"name":"Biblioteca Vigil","@id":"https:\/\/bibliotecavigil.org.ar\/inicio\/#\/schema\/person\/98530bc117d5fa50c5dc01b4fd8d3700"},"headline":"Agenda Octubre Teatro Vigil","datePublished":"2022-09-27T19:17:13+00:00","dateModified":"2022-09-27T19:47:46+00:00","mainEntityOfPage":{"@id":"https:\/\/bibliotecavigil.org.ar\/inicio\/agenda-octubre-teatro-vigil\/"},"wordCount":249,"commentCount":0,"publisher":{"@id":"https:\/\/bibliotecavigil.org.ar\/inicio\/#organization"},"image":{"@id":"https:\/\/bibliotecavigil.org.ar\/inicio\/agenda-octubre-teatro-vigil\/#primaryimage"},"thumbnailUrl":"https:\/\/bibliotecavigil.org.ar\/inicio\/wp-content\/uploads\/2022\/09\/Ojo-al-Piojo-01-724x1024.jpg","keywords":["teatro"],"articleSection":["Noticias"],"inLanguage":"es","potentialAction":[{"@type":"CommentAction","name":"Comment","target":["https:\/\/bibliotecavigil.org.ar\/inicio\/agenda-octubre-teatro-vigil\/#respond"]}]},{"@type":"WebPage","@id":"https:\/\/bibliotecavigil.org.ar\/inicio\/agenda-octubre-teatro-vigil\/","url":"https:\/\/bibliotecavigil.org.ar\/inicio\/agenda-octubre-teatro-vigil\/","name":"Agenda Octubre Teatro Vigil - Biblioteca Vigil","isPartOf":{"@id":"https:\/\/bibliotecavigil.org.ar\/inicio\/#website"},"primaryImageOfPage":{"@id":"https:\/\/bibliotecavigil.org.ar\/inicio\/agenda-octubre-teatro-vigil\/#primaryimage"},"image":{"@id":"https:\/\/bibliotecavigil.org.ar\/inicio\/agenda-octubre-teatro-vigil\/#primaryimage"},"thumbnailUrl":"https:\/\/bibliotecavigil.org.ar\/inicio\/wp-content\/uploads\/2022\/09\/Ojo-al-Piojo-01-724x1024.jpg","datePublished":"2022-09-27T19:17:13+00:00","dateModified":"2022-09-27T19:47:46+00:00","description":"En Octubre programamos 3 ESTRENOS! As\u00ed como escuchaste, 3 nuevas funciones que inician su recorrido en nuestro Teatro.","breadcrumb":{"@id":"https:\/\/bibliotecavigil.org.ar\/inicio\/agenda-octubre-teatro-vigil\/#breadcrumb"},"inLanguage":"es","potentialAction":[{"@type":"ReadAction","target":["https:\/\/bibliotecavigil.org.ar\/inicio\/agenda-octubre-teatro-vigil\/"]}]},{"@type":"ImageObject","inLanguage":"es","@id":"https:\/\/bibliotecavigil.org.ar\/inicio\/agenda-octubre-teatro-vigil\/#primaryimage","url":"https:\/\/bibliotecavigil.org.ar\/inicio\/wp-content\/uploads\/2022\/09\/Ojo-al-Piojo-01-724x1024.jpg","contentUrl":"https:\/\/bibliotecavigil.org.ar\/inicio\/wp-content\/uploads\/2022\/09\/Ojo-al-Piojo-01-724x1024.jpg"},{"@type":"BreadcrumbList","@id":"https:\/\/bibliotecavigil.org.ar\/inicio\/agenda-octubre-teatro-vigil\/#breadcrumb","itemListElement":[{"@type":"ListItem","position":1,"name":"Portada","item":"https:\/\/bibliotecavigil.org.ar\/inicio\/"},{"@type":"ListItem","position":2,"name":"Agenda Octubre Teatro Vigil"}]},{"@type":"WebSite","@id":"https:\/\/bibliotecavigil.org.ar\/inicio\/#website","url":"https:\/\/bibliotecavigil.org.ar\/inicio\/","name":"Biblioteca Vigil","description":"Biblioteca Popular C C Vigil","publisher":{"@id":"https:\/\/bibliotecavigil.org.ar\/inicio\/#organization"},"potentialAction":[{"@type":"SearchAction","target":{"@type":"EntryPoint","urlTemplate":"https:\/\/bibliotecavigil.org.ar\/inicio\/?s={search_term_string}"},"query-input":{"@type":"PropertyValueSpecification","valueRequired":true,"valueName":"search_term_string"}}],"inLanguage":"es"},{"@type":"Organization","@id":"https:\/\/bibliotecavigil.org.ar\/inicio\/#organization","name":"Biblioteca Popular C.C.Vigil","url":"https:\/\/bibliotecavigil.org.ar\/inicio\/","logo":{"@type":"ImageObject","inLanguage":"es","@id":"https:\/\/bibliotecavigil.org.ar\/inicio\/#\/schema\/logo\/image\/","url":"https:\/\/bibliotecavigil.org.ar\/inicio\/wp-content\/uploads\/2023\/06\/Logo-sin-texto-gif.gif","contentUrl":"https:\/\/bibliotecavigil.org.ar\/inicio\/wp-content\/uploads\/2023\/06\/Logo-sin-texto-gif.gif","width":1487,"height":1604,"caption":"Biblioteca Popular C.C.Vigil"},"image":{"@id":"https:\/\/bibliotecavigil.org.ar\/inicio\/#\/schema\/logo\/image\/"}},{"@type":"Person","@id":"https:\/\/bibliotecavigil.org.ar\/inicio\/#\/schema\/person\/98530bc117d5fa50c5dc01b4fd8d3700","name":"Biblioteca Vigil","image":{"@type":"ImageObject","inLanguage":"es","@id":"https:\/\/secure.gravatar.com\/avatar\/a96b6054dc4c80cde596e2c3f42d23e4f769e395116bf277fb508315b9d8a5c5?s=96&d=mm&r=g","url":"https:\/\/secure.gravatar.com\/avatar\/a96b6054dc4c80cde596e2c3f42d23e4f769e395116bf277fb508315b9d8a5c5?s=96&d=mm&r=g","contentUrl":"https:\/\/secure.gravatar.com\/avatar\/a96b6054dc4c80cde596e2c3f42d23e4f769e395116bf277fb508315b9d8a5c5?s=96&d=mm&r=g","caption":"Biblioteca Vigil"},"url":"https:\/\/bibliotecavigil.org.ar\/inicio\/author\/comunicacion\/"}]}},"_links":{"self":[{"href":"https:\/\/bibliotecavigil.org.ar\/inicio\/wp-json\/wp\/v2\/posts\/31072","targetHints":{"allow":["GET"]}}],"collection":[{"href":"https:\/\/bibliotecavigil.org.ar\/inicio\/wp-json\/wp\/v2\/posts"}],"about":[{"href":"https:\/\/bibliotecavigil.org.ar\/inicio\/wp-json\/wp\/v2\/types\/post"}],"author":[{"embeddable":true,"href":"https:\/\/bibliotecavigil.org.ar\/inicio\/wp-json\/wp\/v2\/users\/3"}],"replies":[{"embeddable":true,"href":"https:\/\/bibliotecavigil.org.ar\/inicio\/wp-json\/wp\/v2\/comments?post=31072"}],"version-history":[{"count":1,"href":"https:\/\/bibliotecavigil.org.ar\/inicio\/wp-json\/wp\/v2\/posts\/31072\/revisions"}],"predecessor-version":[{"id":31077,"href":"https:\/\/bibliotecavigil.org.ar\/inicio\/wp-json\/wp\/v2\/posts\/31072\/revisions\/31077"}],"wp:attachment":[{"href":"https:\/\/bibliotecavigil.org.ar\/inicio\/wp-json\/wp\/v2\/media?parent=31072"}],"wp:term":[{"taxonomy":"category","embeddable":true,"href":"https:\/\/bibliotecavigil.org.ar\/inicio\/wp-json\/wp\/v2\/categories?post=31072"},{"taxonomy":"post_tag","embeddable":true,"href":"https:\/\/bibliotecavigil.org.ar\/inicio\/wp-json\/wp\/v2\/tags?post=31072"}],"curies":[{"name":"wp","href":"https:\/\/api.w.org\/{rel}","templated":true}]}}