{"id":31116,"date":"2022-10-24T16:32:49","date_gmt":"2022-10-24T19:32:49","guid":{"rendered":"https:\/\/bibliotecavigil.org.ar\/inicio\/?p=31116"},"modified":"2022-10-24T16:40:10","modified_gmt":"2022-10-24T19:40:10","slug":"teatro-x-la-identidad-en-la-vigil","status":"publish","type":"post","link":"https:\/\/bibliotecavigil.org.ar\/inicio\/teatro-x-la-identidad-en-la-vigil\/","title":{"rendered":"Teatro x la identidad en La Vigil"},"content":{"rendered":"\n<p><strong>17\u00ba ENCUENTRO TEATRO X LA IDENTIDAD ROSARIO&nbsp; 2022&nbsp;<\/strong><\/p>\n\n\n\n<p>\u00a1Con enorme alegr\u00eda les contamos que el 17\u00ba encuentro de Teatro x la Identidad Rosario vuelve a abrir sus puertas para todo el p\u00fablico!!!!&nbsp;<\/p>\n\n\n\n<p>Luego de dos semanas completas dedicadas al Ciclo de Teatro x la Identidad para las Escuelas volvemos a encontrarnos para cerrar el mes de la Identidad con un encuentro muy especial!!! Vuelve el Ciclo para TODO P\u00daBLICO!!!<\/p>\n\n\n\n<p>Dentro del marco por los festejos por los 45 a\u00f1os de Abuelas de Plaza de Mayo seguimos buscando a les nietes que nos faltan. Te esperamos!!!&nbsp;<\/p>\n\n\n\n<p><strong>:: Entradas gratis con retiro previo \/ Capacidad limitada ::&nbsp;<\/strong><\/p>\n\n\n\n<p><strong>Las entradas se retiran a partir del Lunes 24\/10 en La Vigil: Gaboto 450&nbsp; De lunes a viernes de 14h a 20h.<\/strong><\/p>\n\n\n\n<p><strong>TEATRO X LA IDENTIDAD ROSARIO PRESENTA:&nbsp;<\/strong><\/p>\n\n\n\n<p><strong>\u201cTERRITORIO CORAJE\u201d<\/strong><\/p>\n\n\n\n<p>Direcci\u00f3n: Cielo Pignatta<\/p>\n\n\n\n<p>Dramaturgia y actuaci\u00f3n: Mar\u00eda Victoria Franchi<\/p>\n\n\n\n<p><strong>Viernes 28 de Octubre 20hs: Teatro VIGIL<\/strong><\/p>\n\n\n\n<p><strong>Territorio Coraje<\/strong> es una obra de teatro unipersonal que relata el compromiso de las mujeres en el proceso de independencia partiendo desde la vida de Juana Azurduy.&nbsp;<\/p>\n\n\n\n<p>Una Juana de todos los tiempos que se nos acerca para contarnos que naci\u00f3 junto a muchas otras y que&nbsp; todas ellas construyeron el territorio a\u00f1orado, el territorio coraje.&nbsp;<\/p>\n\n\n\n<p><strong>Direcci\u00f3n: @cielopignatta<\/strong><\/p>\n\n\n\n<p><strong>Dramaturgia y actuaci\u00f3n: @mariavictoriafranchi<\/strong><\/p>\n\n\n\n<p>Ficha t\u00e9cnica:&nbsp;<\/p>\n\n\n\n<p>Vestuario: @lizatanoni<\/p>\n\n\n\n<p>Dise\u00f1o de escenograf\u00eda y realizaci\u00f3n de mascara: @lapalidiaz<\/p>\n\n\n\n<p>Realizaci\u00f3n de escenograf\u00eda: @taller.adelmar, @sergiotroglia y @lapalidiaz<\/p>\n\n\n\n<p>Asesoramiento de texto hist\u00f3rico: Berta Wexler<\/p>\n\n\n\n<p>Entrenamiento marcial y coreog. de acci\u00f3n: @hernan_mariano_fernandez<\/p>\n\n\n\n<p>M\u00fasica original: @piterjozami<\/p>\n\n\n\n<p>Dise\u00f1o de iluminaci\u00f3n: @diegoquilici<\/p>\n\n\n\n<p>Fotograf\u00eda: @micapertuzzo<\/p>\n\n\n\n<p><strong>IG: @Territorio.coraje<\/strong><\/p>\n\n\n\n<p><strong>\u00a1Adem\u00e1s!<\/strong><\/p>\n\n\n\n<p><strong>Lectura de un Testimonio del Archivo Biogr\u00e1fico Familiar de Abuelas de Plaza de Mayo ABF:<\/strong> <strong>Alicia Salinas <\/strong>Poeta, periodista, educadora, quien estar\u00e1 leyendo un testimonio a partir del grupo familiar VALENZUELA &#8211; NEGRO<\/p>\n\n\n\n<p>O<em>rganizado por Abuelas de Plaza de Mayo Filial Rosario&nbsp;<\/em><\/p>\n\n\n\n<p><em>Con el apoyo del Museo de la Memoria.<\/em><\/p>\n\n\n\n<p><em>Con el auspicio del Teatro Vigil y la Municipalidad de Rosario.<\/em><\/p>\n\n\n\n<p><\/p>\n\n\n\n<figure class=\"wp-block-image size-full\"><a href=\"https:\/\/bibliotecavigil.org.ar\/inicio\/wp-content\/uploads\/2022\/10\/WhatsApp-Image-2022-10-23-at-15.15.01.jpeg\"><img decoding=\"async\" data-src=\"https:\/\/bibliotecavigil.org.ar\/inicio\/wp-content\/uploads\/2022\/10\/WhatsApp-Image-2022-10-23-at-15.15.01.jpeg\" alt=\"\" class=\"wp-image-31117 lazyload\" src=\"data:image\/svg+xml;base64,PHN2ZyB3aWR0aD0iMSIgaGVpZ2h0PSIxIiB4bWxucz0iaHR0cDovL3d3dy53My5vcmcvMjAwMC9zdmciPjwvc3ZnPg==\" \/><\/a><\/figure>\n","protected":false},"excerpt":{"rendered":"<p>17\u00ba ENCUENTRO TEATRO X LA IDENTIDAD ROSARIO&nbsp; 2022&nbsp; \u00a1Con enorme alegr\u00eda les contamos que el 17\u00ba encuentro de Teatro x la Identidad Rosario vuelve a abrir sus puertas para todo el p\u00fablico!!!!&nbsp; Luego de dos semanas completas dedicadas al Ciclo de Teatro x la Identidad para las Escuelas volvemos a encontrarnos para cerrar el mes [&hellip;]<\/p>\n","protected":false},"author":3,"featured_media":0,"comment_status":"open","ping_status":"closed","sticky":false,"template":"","format":"standard","meta":{"_et_pb_use_builder":"off","_et_pb_old_content":"","_et_gb_content_width":"1920","footnotes":""},"categories":[16],"tags":[333,332,324,327,334,118,323,331],"class_list":["post-31116","post","type-post","status-publish","format-standard","hentry","category-noticias","tag-cielo","tag-franchi","tag-identidad","tag-mayo","tag-pignatta","tag-teatro","tag-teatroxlaidentidad","tag-victoria"],"yoast_head":"<!-- This site is optimized with the Yoast SEO plugin v27.5 - https:\/\/yoast.com\/product\/yoast-seo-wordpress\/ -->\n<title>Teatro x la identidad en La Vigil - Biblioteca Vigil<\/title>\n<meta name=\"robots\" content=\"index, follow, max-snippet:-1, max-image-preview:large, max-video-preview:-1\" \/>\n<link rel=\"canonical\" href=\"https:\/\/bibliotecavigil.org.ar\/inicio\/teatro-x-la-identidad-en-la-vigil\/\" \/>\n<meta property=\"og:locale\" content=\"es_ES\" \/>\n<meta property=\"og:type\" content=\"article\" \/>\n<meta property=\"og:title\" content=\"Teatro x la identidad en La Vigil - Biblioteca Vigil\" \/>\n<meta property=\"og:description\" content=\"17\u00ba ENCUENTRO TEATRO X LA IDENTIDAD ROSARIO&nbsp; 2022&nbsp; \u00a1Con enorme alegr\u00eda les contamos que el 17\u00ba encuentro de Teatro x la Identidad Rosario vuelve a abrir sus puertas para todo el p\u00fablico!!!!&nbsp; Luego de dos semanas completas dedicadas al Ciclo de Teatro x la Identidad para las Escuelas volvemos a encontrarnos para cerrar el mes [&hellip;]\" \/>\n<meta property=\"og:url\" content=\"https:\/\/bibliotecavigil.org.ar\/inicio\/teatro-x-la-identidad-en-la-vigil\/\" \/>\n<meta property=\"og:site_name\" content=\"Biblioteca Vigil\" \/>\n<meta property=\"article:published_time\" content=\"2022-10-24T19:32:49+00:00\" \/>\n<meta property=\"article:modified_time\" content=\"2022-10-24T19:40:10+00:00\" \/>\n<meta property=\"og:image\" content=\"https:\/\/bibliotecavigil.org.ar\/inicio\/wp-content\/uploads\/2022\/10\/web-TC.jpg\" \/>\n\t<meta property=\"og:image:width\" content=\"1667\" \/>\n\t<meta property=\"og:image:height\" content=\"1042\" \/>\n\t<meta property=\"og:image:type\" content=\"image\/jpeg\" \/>\n<meta name=\"author\" content=\"Biblioteca Vigil\" \/>\n<meta name=\"twitter:card\" content=\"summary_large_image\" \/>\n<meta name=\"twitter:label1\" content=\"Escrito por\" \/>\n\t<meta name=\"twitter:data1\" content=\"Biblioteca Vigil\" \/>\n\t<meta name=\"twitter:label2\" content=\"Tiempo de lectura\" \/>\n\t<meta name=\"twitter:data2\" content=\"2 minutos\" \/>\n<script type=\"application\/ld+json\" class=\"yoast-schema-graph\">{\"@context\":\"https:\\\/\\\/schema.org\",\"@graph\":[{\"@type\":\"Article\",\"@id\":\"https:\\\/\\\/bibliotecavigil.org.ar\\\/inicio\\\/teatro-x-la-identidad-en-la-vigil\\\/#article\",\"isPartOf\":{\"@id\":\"https:\\\/\\\/bibliotecavigil.org.ar\\\/inicio\\\/teatro-x-la-identidad-en-la-vigil\\\/\"},\"author\":{\"name\":\"Biblioteca Vigil\",\"@id\":\"https:\\\/\\\/bibliotecavigil.org.ar\\\/inicio\\\/#\\\/schema\\\/person\\\/98530bc117d5fa50c5dc01b4fd8d3700\"},\"headline\":\"Teatro x la identidad en La Vigil\",\"datePublished\":\"2022-10-24T19:32:49+00:00\",\"dateModified\":\"2022-10-24T19:40:10+00:00\",\"mainEntityOfPage\":{\"@id\":\"https:\\\/\\\/bibliotecavigil.org.ar\\\/inicio\\\/teatro-x-la-identidad-en-la-vigil\\\/\"},\"wordCount\":355,\"commentCount\":0,\"publisher\":{\"@id\":\"https:\\\/\\\/bibliotecavigil.org.ar\\\/inicio\\\/#organization\"},\"image\":{\"@id\":\"https:\\\/\\\/bibliotecavigil.org.ar\\\/inicio\\\/teatro-x-la-identidad-en-la-vigil\\\/#primaryimage\"},\"thumbnailUrl\":\"https:\\\/\\\/bibliotecavigil.org.ar\\\/inicio\\\/wp-content\\\/uploads\\\/2022\\\/10\\\/WhatsApp-Image-2022-10-23-at-15.15.01.jpeg\",\"keywords\":[\"cielo\",\"franchi\",\"identidad\",\"mayo\",\"pignatta\",\"teatro\",\"teatroxlaidentidad\",\"victoria\"],\"articleSection\":[\"Noticias\"],\"inLanguage\":\"es\",\"potentialAction\":[{\"@type\":\"CommentAction\",\"name\":\"Comment\",\"target\":[\"https:\\\/\\\/bibliotecavigil.org.ar\\\/inicio\\\/teatro-x-la-identidad-en-la-vigil\\\/#respond\"]}]},{\"@type\":\"WebPage\",\"@id\":\"https:\\\/\\\/bibliotecavigil.org.ar\\\/inicio\\\/teatro-x-la-identidad-en-la-vigil\\\/\",\"url\":\"https:\\\/\\\/bibliotecavigil.org.ar\\\/inicio\\\/teatro-x-la-identidad-en-la-vigil\\\/\",\"name\":\"Teatro x la identidad en La Vigil - Biblioteca Vigil\",\"isPartOf\":{\"@id\":\"https:\\\/\\\/bibliotecavigil.org.ar\\\/inicio\\\/#website\"},\"primaryImageOfPage\":{\"@id\":\"https:\\\/\\\/bibliotecavigil.org.ar\\\/inicio\\\/teatro-x-la-identidad-en-la-vigil\\\/#primaryimage\"},\"image\":{\"@id\":\"https:\\\/\\\/bibliotecavigil.org.ar\\\/inicio\\\/teatro-x-la-identidad-en-la-vigil\\\/#primaryimage\"},\"thumbnailUrl\":\"https:\\\/\\\/bibliotecavigil.org.ar\\\/inicio\\\/wp-content\\\/uploads\\\/2022\\\/10\\\/WhatsApp-Image-2022-10-23-at-15.15.01.jpeg\",\"datePublished\":\"2022-10-24T19:32:49+00:00\",\"dateModified\":\"2022-10-24T19:40:10+00:00\",\"breadcrumb\":{\"@id\":\"https:\\\/\\\/bibliotecavigil.org.ar\\\/inicio\\\/teatro-x-la-identidad-en-la-vigil\\\/#breadcrumb\"},\"inLanguage\":\"es\",\"potentialAction\":[{\"@type\":\"ReadAction\",\"target\":[\"https:\\\/\\\/bibliotecavigil.org.ar\\\/inicio\\\/teatro-x-la-identidad-en-la-vigil\\\/\"]}]},{\"@type\":\"ImageObject\",\"inLanguage\":\"es\",\"@id\":\"https:\\\/\\\/bibliotecavigil.org.ar\\\/inicio\\\/teatro-x-la-identidad-en-la-vigil\\\/#primaryimage\",\"url\":\"\",\"contentUrl\":\"\"},{\"@type\":\"BreadcrumbList\",\"@id\":\"https:\\\/\\\/bibliotecavigil.org.ar\\\/inicio\\\/teatro-x-la-identidad-en-la-vigil\\\/#breadcrumb\",\"itemListElement\":[{\"@type\":\"ListItem\",\"position\":1,\"name\":\"Portada\",\"item\":\"https:\\\/\\\/bibliotecavigil.org.ar\\\/inicio\\\/\"},{\"@type\":\"ListItem\",\"position\":2,\"name\":\"Teatro x la identidad en La Vigil\"}]},{\"@type\":\"WebSite\",\"@id\":\"https:\\\/\\\/bibliotecavigil.org.ar\\\/inicio\\\/#website\",\"url\":\"https:\\\/\\\/bibliotecavigil.org.ar\\\/inicio\\\/\",\"name\":\"Biblioteca Vigil\",\"description\":\"Biblioteca Popular C C Vigil\",\"publisher\":{\"@id\":\"https:\\\/\\\/bibliotecavigil.org.ar\\\/inicio\\\/#organization\"},\"potentialAction\":[{\"@type\":\"SearchAction\",\"target\":{\"@type\":\"EntryPoint\",\"urlTemplate\":\"https:\\\/\\\/bibliotecavigil.org.ar\\\/inicio\\\/?s={search_term_string}\"},\"query-input\":{\"@type\":\"PropertyValueSpecification\",\"valueRequired\":true,\"valueName\":\"search_term_string\"}}],\"inLanguage\":\"es\"},{\"@type\":\"Organization\",\"@id\":\"https:\\\/\\\/bibliotecavigil.org.ar\\\/inicio\\\/#organization\",\"name\":\"Biblioteca Popular C.C.Vigil\",\"url\":\"https:\\\/\\\/bibliotecavigil.org.ar\\\/inicio\\\/\",\"logo\":{\"@type\":\"ImageObject\",\"inLanguage\":\"es\",\"@id\":\"https:\\\/\\\/bibliotecavigil.org.ar\\\/inicio\\\/#\\\/schema\\\/logo\\\/image\\\/\",\"url\":\"https:\\\/\\\/bibliotecavigil.org.ar\\\/inicio\\\/wp-content\\\/uploads\\\/2023\\\/06\\\/Logo-sin-texto-gif.gif\",\"contentUrl\":\"https:\\\/\\\/bibliotecavigil.org.ar\\\/inicio\\\/wp-content\\\/uploads\\\/2023\\\/06\\\/Logo-sin-texto-gif.gif\",\"width\":1487,\"height\":1604,\"caption\":\"Biblioteca Popular C.C.Vigil\"},\"image\":{\"@id\":\"https:\\\/\\\/bibliotecavigil.org.ar\\\/inicio\\\/#\\\/schema\\\/logo\\\/image\\\/\"}},{\"@type\":\"Person\",\"@id\":\"https:\\\/\\\/bibliotecavigil.org.ar\\\/inicio\\\/#\\\/schema\\\/person\\\/98530bc117d5fa50c5dc01b4fd8d3700\",\"name\":\"Biblioteca Vigil\",\"image\":{\"@type\":\"ImageObject\",\"inLanguage\":\"es\",\"@id\":\"https:\\\/\\\/secure.gravatar.com\\\/avatar\\\/a96b6054dc4c80cde596e2c3f42d23e4f769e395116bf277fb508315b9d8a5c5?s=96&d=mm&r=g\",\"url\":\"https:\\\/\\\/secure.gravatar.com\\\/avatar\\\/a96b6054dc4c80cde596e2c3f42d23e4f769e395116bf277fb508315b9d8a5c5?s=96&d=mm&r=g\",\"contentUrl\":\"https:\\\/\\\/secure.gravatar.com\\\/avatar\\\/a96b6054dc4c80cde596e2c3f42d23e4f769e395116bf277fb508315b9d8a5c5?s=96&d=mm&r=g\",\"caption\":\"Biblioteca Vigil\"},\"url\":\"https:\\\/\\\/bibliotecavigil.org.ar\\\/inicio\\\/author\\\/comunicacion\\\/\"}]}<\/script>\n<!-- \/ Yoast SEO plugin. -->","yoast_head_json":{"title":"Teatro x la identidad en La Vigil - Biblioteca Vigil","robots":{"index":"index","follow":"follow","max-snippet":"max-snippet:-1","max-image-preview":"max-image-preview:large","max-video-preview":"max-video-preview:-1"},"canonical":"https:\/\/bibliotecavigil.org.ar\/inicio\/teatro-x-la-identidad-en-la-vigil\/","og_locale":"es_ES","og_type":"article","og_title":"Teatro x la identidad en La Vigil - Biblioteca Vigil","og_description":"17\u00ba ENCUENTRO TEATRO X LA IDENTIDAD ROSARIO&nbsp; 2022&nbsp; \u00a1Con enorme alegr\u00eda les contamos que el 17\u00ba encuentro de Teatro x la Identidad Rosario vuelve a abrir sus puertas para todo el p\u00fablico!!!!&nbsp; Luego de dos semanas completas dedicadas al Ciclo de Teatro x la Identidad para las Escuelas volvemos a encontrarnos para cerrar el mes [&hellip;]","og_url":"https:\/\/bibliotecavigil.org.ar\/inicio\/teatro-x-la-identidad-en-la-vigil\/","og_site_name":"Biblioteca Vigil","article_published_time":"2022-10-24T19:32:49+00:00","article_modified_time":"2022-10-24T19:40:10+00:00","og_image":[{"width":1667,"height":1042,"url":"https:\/\/bibliotecavigil.org.ar\/inicio\/wp-content\/uploads\/2022\/10\/web-TC.jpg","type":"image\/jpeg"}],"author":"Biblioteca Vigil","twitter_card":"summary_large_image","twitter_misc":{"Escrito por":"Biblioteca Vigil","Tiempo de lectura":"2 minutos"},"schema":{"@context":"https:\/\/schema.org","@graph":[{"@type":"Article","@id":"https:\/\/bibliotecavigil.org.ar\/inicio\/teatro-x-la-identidad-en-la-vigil\/#article","isPartOf":{"@id":"https:\/\/bibliotecavigil.org.ar\/inicio\/teatro-x-la-identidad-en-la-vigil\/"},"author":{"name":"Biblioteca Vigil","@id":"https:\/\/bibliotecavigil.org.ar\/inicio\/#\/schema\/person\/98530bc117d5fa50c5dc01b4fd8d3700"},"headline":"Teatro x la identidad en La Vigil","datePublished":"2022-10-24T19:32:49+00:00","dateModified":"2022-10-24T19:40:10+00:00","mainEntityOfPage":{"@id":"https:\/\/bibliotecavigil.org.ar\/inicio\/teatro-x-la-identidad-en-la-vigil\/"},"wordCount":355,"commentCount":0,"publisher":{"@id":"https:\/\/bibliotecavigil.org.ar\/inicio\/#organization"},"image":{"@id":"https:\/\/bibliotecavigil.org.ar\/inicio\/teatro-x-la-identidad-en-la-vigil\/#primaryimage"},"thumbnailUrl":"https:\/\/bibliotecavigil.org.ar\/inicio\/wp-content\/uploads\/2022\/10\/WhatsApp-Image-2022-10-23-at-15.15.01.jpeg","keywords":["cielo","franchi","identidad","mayo","pignatta","teatro","teatroxlaidentidad","victoria"],"articleSection":["Noticias"],"inLanguage":"es","potentialAction":[{"@type":"CommentAction","name":"Comment","target":["https:\/\/bibliotecavigil.org.ar\/inicio\/teatro-x-la-identidad-en-la-vigil\/#respond"]}]},{"@type":"WebPage","@id":"https:\/\/bibliotecavigil.org.ar\/inicio\/teatro-x-la-identidad-en-la-vigil\/","url":"https:\/\/bibliotecavigil.org.ar\/inicio\/teatro-x-la-identidad-en-la-vigil\/","name":"Teatro x la identidad en La Vigil - Biblioteca Vigil","isPartOf":{"@id":"https:\/\/bibliotecavigil.org.ar\/inicio\/#website"},"primaryImageOfPage":{"@id":"https:\/\/bibliotecavigil.org.ar\/inicio\/teatro-x-la-identidad-en-la-vigil\/#primaryimage"},"image":{"@id":"https:\/\/bibliotecavigil.org.ar\/inicio\/teatro-x-la-identidad-en-la-vigil\/#primaryimage"},"thumbnailUrl":"https:\/\/bibliotecavigil.org.ar\/inicio\/wp-content\/uploads\/2022\/10\/WhatsApp-Image-2022-10-23-at-15.15.01.jpeg","datePublished":"2022-10-24T19:32:49+00:00","dateModified":"2022-10-24T19:40:10+00:00","breadcrumb":{"@id":"https:\/\/bibliotecavigil.org.ar\/inicio\/teatro-x-la-identidad-en-la-vigil\/#breadcrumb"},"inLanguage":"es","potentialAction":[{"@type":"ReadAction","target":["https:\/\/bibliotecavigil.org.ar\/inicio\/teatro-x-la-identidad-en-la-vigil\/"]}]},{"@type":"ImageObject","inLanguage":"es","@id":"https:\/\/bibliotecavigil.org.ar\/inicio\/teatro-x-la-identidad-en-la-vigil\/#primaryimage","url":"","contentUrl":""},{"@type":"BreadcrumbList","@id":"https:\/\/bibliotecavigil.org.ar\/inicio\/teatro-x-la-identidad-en-la-vigil\/#breadcrumb","itemListElement":[{"@type":"ListItem","position":1,"name":"Portada","item":"https:\/\/bibliotecavigil.org.ar\/inicio\/"},{"@type":"ListItem","position":2,"name":"Teatro x la identidad en La Vigil"}]},{"@type":"WebSite","@id":"https:\/\/bibliotecavigil.org.ar\/inicio\/#website","url":"https:\/\/bibliotecavigil.org.ar\/inicio\/","name":"Biblioteca Vigil","description":"Biblioteca Popular C C Vigil","publisher":{"@id":"https:\/\/bibliotecavigil.org.ar\/inicio\/#organization"},"potentialAction":[{"@type":"SearchAction","target":{"@type":"EntryPoint","urlTemplate":"https:\/\/bibliotecavigil.org.ar\/inicio\/?s={search_term_string}"},"query-input":{"@type":"PropertyValueSpecification","valueRequired":true,"valueName":"search_term_string"}}],"inLanguage":"es"},{"@type":"Organization","@id":"https:\/\/bibliotecavigil.org.ar\/inicio\/#organization","name":"Biblioteca Popular C.C.Vigil","url":"https:\/\/bibliotecavigil.org.ar\/inicio\/","logo":{"@type":"ImageObject","inLanguage":"es","@id":"https:\/\/bibliotecavigil.org.ar\/inicio\/#\/schema\/logo\/image\/","url":"https:\/\/bibliotecavigil.org.ar\/inicio\/wp-content\/uploads\/2023\/06\/Logo-sin-texto-gif.gif","contentUrl":"https:\/\/bibliotecavigil.org.ar\/inicio\/wp-content\/uploads\/2023\/06\/Logo-sin-texto-gif.gif","width":1487,"height":1604,"caption":"Biblioteca Popular C.C.Vigil"},"image":{"@id":"https:\/\/bibliotecavigil.org.ar\/inicio\/#\/schema\/logo\/image\/"}},{"@type":"Person","@id":"https:\/\/bibliotecavigil.org.ar\/inicio\/#\/schema\/person\/98530bc117d5fa50c5dc01b4fd8d3700","name":"Biblioteca Vigil","image":{"@type":"ImageObject","inLanguage":"es","@id":"https:\/\/secure.gravatar.com\/avatar\/a96b6054dc4c80cde596e2c3f42d23e4f769e395116bf277fb508315b9d8a5c5?s=96&d=mm&r=g","url":"https:\/\/secure.gravatar.com\/avatar\/a96b6054dc4c80cde596e2c3f42d23e4f769e395116bf277fb508315b9d8a5c5?s=96&d=mm&r=g","contentUrl":"https:\/\/secure.gravatar.com\/avatar\/a96b6054dc4c80cde596e2c3f42d23e4f769e395116bf277fb508315b9d8a5c5?s=96&d=mm&r=g","caption":"Biblioteca Vigil"},"url":"https:\/\/bibliotecavigil.org.ar\/inicio\/author\/comunicacion\/"}]}},"_links":{"self":[{"href":"https:\/\/bibliotecavigil.org.ar\/inicio\/wp-json\/wp\/v2\/posts\/31116","targetHints":{"allow":["GET"]}}],"collection":[{"href":"https:\/\/bibliotecavigil.org.ar\/inicio\/wp-json\/wp\/v2\/posts"}],"about":[{"href":"https:\/\/bibliotecavigil.org.ar\/inicio\/wp-json\/wp\/v2\/types\/post"}],"author":[{"embeddable":true,"href":"https:\/\/bibliotecavigil.org.ar\/inicio\/wp-json\/wp\/v2\/users\/3"}],"replies":[{"embeddable":true,"href":"https:\/\/bibliotecavigil.org.ar\/inicio\/wp-json\/wp\/v2\/comments?post=31116"}],"version-history":[{"count":3,"href":"https:\/\/bibliotecavigil.org.ar\/inicio\/wp-json\/wp\/v2\/posts\/31116\/revisions"}],"predecessor-version":[{"id":31121,"href":"https:\/\/bibliotecavigil.org.ar\/inicio\/wp-json\/wp\/v2\/posts\/31116\/revisions\/31121"}],"wp:attachment":[{"href":"https:\/\/bibliotecavigil.org.ar\/inicio\/wp-json\/wp\/v2\/media?parent=31116"}],"wp:term":[{"taxonomy":"category","embeddable":true,"href":"https:\/\/bibliotecavigil.org.ar\/inicio\/wp-json\/wp\/v2\/categories?post=31116"},{"taxonomy":"post_tag","embeddable":true,"href":"https:\/\/bibliotecavigil.org.ar\/inicio\/wp-json\/wp\/v2\/tags?post=31116"}],"curies":[{"name":"wp","href":"https:\/\/api.w.org\/{rel}","templated":true}]}}