{"id":31148,"date":"2022-11-08T16:19:39","date_gmt":"2022-11-08T19:19:39","guid":{"rendered":"https:\/\/bibliotecavigil.org.ar\/inicio\/?p=31148"},"modified":"2022-11-08T17:11:06","modified_gmt":"2022-11-08T20:11:06","slug":"recorrido-guiado-noviembre","status":"publish","type":"post","link":"https:\/\/bibliotecavigil.org.ar\/inicio\/recorrido-guiado-noviembre\/","title":{"rendered":"Recorrido Guiado Noviembre"},"content":{"rendered":"\n<p>\u25ba<strong>Se viene el \u00faltimo recorrido guiado<\/strong> del a\u00f1o en un mes donde el deporte ser\u00e1 protagonista. Por eso, les compartimos un testimonio que nos muestra el rol que esta \u00e1rea tuvo en nuestra historia.<\/p>\n\n\n\n<p>\u201cYo jugaba mucho al v\u00f3ley, todo el tiempo que se pod\u00eda jug\u00e1bamos al v\u00f3ley. En la escuela secundaria ten\u00edamos ese gimnasio que era modelo, con piso de parque\u2026. Imaginate vos, 40 a\u00f1os para atr\u00e1s, (\u2026) Siempre participamos de los torneos y las chicas salieron campeonas de Rosario. Se le daba mucha importancia a todo lo que ten\u00eda que ver con el deporte. Cuando lleg\u00f3 la intervenci\u00f3n, ya no se pudo seguir. Cerraron las puertas del gimnasio con cadenas\u201d.<\/p>\n\n\n\n<p>El recorrido guiado de La Vigil, Sitio de Memoria del Terrorismo de Estado, es nuestra manera de recuperar la historia para seguir construyendo el presente. &#x1f4aa;&#x1f3fd;<\/p>\n\n\n\n<p>\u25ac El pr\u00f3ximo <strong>s\u00e1bado 12 de noviembre a las 10 h <\/strong>nos volvemos a encontrar para conocer por dentro las tramas de la construcci\u00f3n colectiva, educativa y cultural que vive en La Vigil. &#x1fac0;<br>\u25ac El recorrido es abierto, gratuito y no hace falta inscribirse. &#x1f60e;<br>Actividad declarada de inter\u00e9s municipal<br>Fuente del testimonio: El caso \u00abVigil\u00bb: historia sociocultural, pol\u00edtica y educativa de la Biblioteca Vigil. Rosario, 1933-1981 I Natalia Garc\u00eda I Ediciones FHUMyAR, 2014.<\/p>\n\n\n\n<p><\/p>\n\n\n\n<figure class=\"wp-block-image size-large\"><a href=\"https:\/\/bibliotecavigil.org.ar\/inicio\/wp-content\/uploads\/2022\/11\/Recorrido-Guiado-2.jpeg\"><img decoding=\"async\" width=\"724\" height=\"1024\" data-src=\"https:\/\/bibliotecavigil.org.ar\/inicio\/wp-content\/uploads\/2022\/11\/Recorrido-Guiado-2-724x1024.jpeg\" alt=\"\" class=\"wp-image-31149 lazyload\" data-srcset=\"https:\/\/bibliotecavigil.org.ar\/inicio\/wp-content\/uploads\/2022\/11\/Recorrido-Guiado-2-724x1024.jpeg 724w, https:\/\/bibliotecavigil.org.ar\/inicio\/wp-content\/uploads\/2022\/11\/Recorrido-Guiado-2-480x679.jpeg 480w\" data-sizes=\"(min-width: 0px) and (max-width: 480px) 480px, (min-width: 481px) 724px, 100vw\" src=\"data:image\/svg+xml;base64,PHN2ZyB3aWR0aD0iMSIgaGVpZ2h0PSIxIiB4bWxucz0iaHR0cDovL3d3dy53My5vcmcvMjAwMC9zdmciPjwvc3ZnPg==\" style=\"--smush-placeholder-width: 724px; --smush-placeholder-aspect-ratio: 724\/1024;\" \/><\/a><\/figure>\n\n\n\n<p><\/p>\n","protected":false},"excerpt":{"rendered":"<p>\u25baSe viene el \u00faltimo recorrido guiado del a\u00f1o en un mes donde el deporte ser\u00e1 protagonista. Por eso, les compartimos un testimonio que nos muestra el rol que esta \u00e1rea tuvo en nuestra historia. \u201cYo jugaba mucho al v\u00f3ley, todo el tiempo que se pod\u00eda jug\u00e1bamos al v\u00f3ley. En la escuela secundaria ten\u00edamos ese gimnasio [&hellip;]<\/p>\n","protected":false},"author":3,"featured_media":31150,"comment_status":"open","ping_status":"closed","sticky":false,"template":"","format":"standard","meta":{"_et_pb_use_builder":"off","_et_pb_old_content":"","_et_gb_content_width":"1920","footnotes":""},"categories":[16],"tags":[101,94,137,230,100],"class_list":["post-31148","post","type-post","status-publish","format-standard","has-post-thumbnail","hentry","category-noticias","tag-justicia","tag-memoria","tag-presente","tag-recorrido","tag-verdad"],"yoast_head":"<!-- This site is optimized with the Yoast SEO plugin v27.5 - https:\/\/yoast.com\/product\/yoast-seo-wordpress\/ -->\n<title>Recorrido Guiado Noviembre - Biblioteca Vigil<\/title>\n<meta name=\"description\" content=\"Se viene el \u00faltimo recorrido guiado del a\u00f1o en un mes donde el deporte ser\u00e1 protagonista. Por eso, con esta invitamos les compartimos un\" \/>\n<meta name=\"robots\" content=\"index, follow, max-snippet:-1, max-image-preview:large, max-video-preview:-1\" \/>\n<link rel=\"canonical\" href=\"https:\/\/bibliotecavigil.org.ar\/inicio\/recorrido-guiado-noviembre\/\" \/>\n<meta property=\"og:locale\" content=\"es_ES\" \/>\n<meta property=\"og:type\" content=\"article\" \/>\n<meta property=\"og:title\" content=\"Recorrido Guiado Noviembre - Biblioteca Vigil\" \/>\n<meta property=\"og:description\" content=\"Se viene el \u00faltimo recorrido guiado del a\u00f1o en un mes donde el deporte ser\u00e1 protagonista. Por eso, con esta invitamos les compartimos un\" \/>\n<meta property=\"og:url\" content=\"https:\/\/bibliotecavigil.org.ar\/inicio\/recorrido-guiado-noviembre\/\" \/>\n<meta property=\"og:site_name\" content=\"Biblioteca Vigil\" \/>\n<meta property=\"article:published_time\" content=\"2022-11-08T19:19:39+00:00\" \/>\n<meta property=\"article:modified_time\" content=\"2022-11-08T20:11:06+00:00\" \/>\n<meta property=\"og:image\" content=\"https:\/\/bibliotecavigil.org.ar\/inicio\/wp-content\/uploads\/2022\/11\/Recorrido-Guiado-1.jpeg\" \/>\n\t<meta property=\"og:image:width\" content=\"1280\" \/>\n\t<meta property=\"og:image:height\" content=\"962\" \/>\n\t<meta property=\"og:image:type\" content=\"image\/jpeg\" \/>\n<meta name=\"author\" content=\"Biblioteca Vigil\" \/>\n<meta name=\"twitter:card\" content=\"summary_large_image\" \/>\n<meta name=\"twitter:label1\" content=\"Escrito por\" \/>\n\t<meta name=\"twitter:data1\" content=\"Biblioteca Vigil\" \/>\n\t<meta name=\"twitter:label2\" content=\"Tiempo de lectura\" \/>\n\t<meta name=\"twitter:data2\" content=\"2 minutos\" \/>\n<script type=\"application\/ld+json\" class=\"yoast-schema-graph\">{\"@context\":\"https:\\\/\\\/schema.org\",\"@graph\":[{\"@type\":\"Article\",\"@id\":\"https:\\\/\\\/bibliotecavigil.org.ar\\\/inicio\\\/recorrido-guiado-noviembre\\\/#article\",\"isPartOf\":{\"@id\":\"https:\\\/\\\/bibliotecavigil.org.ar\\\/inicio\\\/recorrido-guiado-noviembre\\\/\"},\"author\":{\"name\":\"Biblioteca Vigil\",\"@id\":\"https:\\\/\\\/bibliotecavigil.org.ar\\\/inicio\\\/#\\\/schema\\\/person\\\/98530bc117d5fa50c5dc01b4fd8d3700\"},\"headline\":\"Recorrido Guiado Noviembre\",\"datePublished\":\"2022-11-08T19:19:39+00:00\",\"dateModified\":\"2022-11-08T20:11:06+00:00\",\"mainEntityOfPage\":{\"@id\":\"https:\\\/\\\/bibliotecavigil.org.ar\\\/inicio\\\/recorrido-guiado-noviembre\\\/\"},\"wordCount\":232,\"commentCount\":0,\"publisher\":{\"@id\":\"https:\\\/\\\/bibliotecavigil.org.ar\\\/inicio\\\/#organization\"},\"image\":{\"@id\":\"https:\\\/\\\/bibliotecavigil.org.ar\\\/inicio\\\/recorrido-guiado-noviembre\\\/#primaryimage\"},\"thumbnailUrl\":\"https:\\\/\\\/bibliotecavigil.org.ar\\\/inicio\\\/wp-content\\\/uploads\\\/2022\\\/11\\\/Recorrido-Guiado-1.jpeg\",\"keywords\":[\"justicia\",\"memoria\",\"presente\",\"recorrido\",\"verdad\"],\"articleSection\":[\"Noticias\"],\"inLanguage\":\"es\",\"potentialAction\":[{\"@type\":\"CommentAction\",\"name\":\"Comment\",\"target\":[\"https:\\\/\\\/bibliotecavigil.org.ar\\\/inicio\\\/recorrido-guiado-noviembre\\\/#respond\"]}]},{\"@type\":\"WebPage\",\"@id\":\"https:\\\/\\\/bibliotecavigil.org.ar\\\/inicio\\\/recorrido-guiado-noviembre\\\/\",\"url\":\"https:\\\/\\\/bibliotecavigil.org.ar\\\/inicio\\\/recorrido-guiado-noviembre\\\/\",\"name\":\"Recorrido Guiado Noviembre - Biblioteca Vigil\",\"isPartOf\":{\"@id\":\"https:\\\/\\\/bibliotecavigil.org.ar\\\/inicio\\\/#website\"},\"primaryImageOfPage\":{\"@id\":\"https:\\\/\\\/bibliotecavigil.org.ar\\\/inicio\\\/recorrido-guiado-noviembre\\\/#primaryimage\"},\"image\":{\"@id\":\"https:\\\/\\\/bibliotecavigil.org.ar\\\/inicio\\\/recorrido-guiado-noviembre\\\/#primaryimage\"},\"thumbnailUrl\":\"https:\\\/\\\/bibliotecavigil.org.ar\\\/inicio\\\/wp-content\\\/uploads\\\/2022\\\/11\\\/Recorrido-Guiado-1.jpeg\",\"datePublished\":\"2022-11-08T19:19:39+00:00\",\"dateModified\":\"2022-11-08T20:11:06+00:00\",\"description\":\"Se viene el \u00faltimo recorrido guiado del a\u00f1o en un mes donde el deporte ser\u00e1 protagonista. Por eso, con esta invitamos les compartimos un\",\"breadcrumb\":{\"@id\":\"https:\\\/\\\/bibliotecavigil.org.ar\\\/inicio\\\/recorrido-guiado-noviembre\\\/#breadcrumb\"},\"inLanguage\":\"es\",\"potentialAction\":[{\"@type\":\"ReadAction\",\"target\":[\"https:\\\/\\\/bibliotecavigil.org.ar\\\/inicio\\\/recorrido-guiado-noviembre\\\/\"]}]},{\"@type\":\"ImageObject\",\"inLanguage\":\"es\",\"@id\":\"https:\\\/\\\/bibliotecavigil.org.ar\\\/inicio\\\/recorrido-guiado-noviembre\\\/#primaryimage\",\"url\":\"https:\\\/\\\/bibliotecavigil.org.ar\\\/inicio\\\/wp-content\\\/uploads\\\/2022\\\/11\\\/Recorrido-Guiado-1.jpeg\",\"contentUrl\":\"https:\\\/\\\/bibliotecavigil.org.ar\\\/inicio\\\/wp-content\\\/uploads\\\/2022\\\/11\\\/Recorrido-Guiado-1.jpeg\",\"width\":1280,\"height\":962},{\"@type\":\"BreadcrumbList\",\"@id\":\"https:\\\/\\\/bibliotecavigil.org.ar\\\/inicio\\\/recorrido-guiado-noviembre\\\/#breadcrumb\",\"itemListElement\":[{\"@type\":\"ListItem\",\"position\":1,\"name\":\"Portada\",\"item\":\"https:\\\/\\\/bibliotecavigil.org.ar\\\/inicio\\\/\"},{\"@type\":\"ListItem\",\"position\":2,\"name\":\"Recorrido Guiado Noviembre\"}]},{\"@type\":\"WebSite\",\"@id\":\"https:\\\/\\\/bibliotecavigil.org.ar\\\/inicio\\\/#website\",\"url\":\"https:\\\/\\\/bibliotecavigil.org.ar\\\/inicio\\\/\",\"name\":\"Biblioteca Vigil\",\"description\":\"Biblioteca Popular C C Vigil\",\"publisher\":{\"@id\":\"https:\\\/\\\/bibliotecavigil.org.ar\\\/inicio\\\/#organization\"},\"potentialAction\":[{\"@type\":\"SearchAction\",\"target\":{\"@type\":\"EntryPoint\",\"urlTemplate\":\"https:\\\/\\\/bibliotecavigil.org.ar\\\/inicio\\\/?s={search_term_string}\"},\"query-input\":{\"@type\":\"PropertyValueSpecification\",\"valueRequired\":true,\"valueName\":\"search_term_string\"}}],\"inLanguage\":\"es\"},{\"@type\":\"Organization\",\"@id\":\"https:\\\/\\\/bibliotecavigil.org.ar\\\/inicio\\\/#organization\",\"name\":\"Biblioteca Popular C.C.Vigil\",\"url\":\"https:\\\/\\\/bibliotecavigil.org.ar\\\/inicio\\\/\",\"logo\":{\"@type\":\"ImageObject\",\"inLanguage\":\"es\",\"@id\":\"https:\\\/\\\/bibliotecavigil.org.ar\\\/inicio\\\/#\\\/schema\\\/logo\\\/image\\\/\",\"url\":\"https:\\\/\\\/bibliotecavigil.org.ar\\\/inicio\\\/wp-content\\\/uploads\\\/2023\\\/06\\\/Logo-sin-texto-gif.gif\",\"contentUrl\":\"https:\\\/\\\/bibliotecavigil.org.ar\\\/inicio\\\/wp-content\\\/uploads\\\/2023\\\/06\\\/Logo-sin-texto-gif.gif\",\"width\":1487,\"height\":1604,\"caption\":\"Biblioteca Popular C.C.Vigil\"},\"image\":{\"@id\":\"https:\\\/\\\/bibliotecavigil.org.ar\\\/inicio\\\/#\\\/schema\\\/logo\\\/image\\\/\"}},{\"@type\":\"Person\",\"@id\":\"https:\\\/\\\/bibliotecavigil.org.ar\\\/inicio\\\/#\\\/schema\\\/person\\\/98530bc117d5fa50c5dc01b4fd8d3700\",\"name\":\"Biblioteca Vigil\",\"image\":{\"@type\":\"ImageObject\",\"inLanguage\":\"es\",\"@id\":\"https:\\\/\\\/secure.gravatar.com\\\/avatar\\\/a96b6054dc4c80cde596e2c3f42d23e4f769e395116bf277fb508315b9d8a5c5?s=96&d=mm&r=g\",\"url\":\"https:\\\/\\\/secure.gravatar.com\\\/avatar\\\/a96b6054dc4c80cde596e2c3f42d23e4f769e395116bf277fb508315b9d8a5c5?s=96&d=mm&r=g\",\"contentUrl\":\"https:\\\/\\\/secure.gravatar.com\\\/avatar\\\/a96b6054dc4c80cde596e2c3f42d23e4f769e395116bf277fb508315b9d8a5c5?s=96&d=mm&r=g\",\"caption\":\"Biblioteca Vigil\"},\"url\":\"https:\\\/\\\/bibliotecavigil.org.ar\\\/inicio\\\/author\\\/comunicacion\\\/\"}]}<\/script>\n<!-- \/ Yoast SEO plugin. -->","yoast_head_json":{"title":"Recorrido Guiado Noviembre - Biblioteca Vigil","description":"Se viene el \u00faltimo recorrido guiado del a\u00f1o en un mes donde el deporte ser\u00e1 protagonista. Por eso, con esta invitamos les compartimos un","robots":{"index":"index","follow":"follow","max-snippet":"max-snippet:-1","max-image-preview":"max-image-preview:large","max-video-preview":"max-video-preview:-1"},"canonical":"https:\/\/bibliotecavigil.org.ar\/inicio\/recorrido-guiado-noviembre\/","og_locale":"es_ES","og_type":"article","og_title":"Recorrido Guiado Noviembre - Biblioteca Vigil","og_description":"Se viene el \u00faltimo recorrido guiado del a\u00f1o en un mes donde el deporte ser\u00e1 protagonista. Por eso, con esta invitamos les compartimos un","og_url":"https:\/\/bibliotecavigil.org.ar\/inicio\/recorrido-guiado-noviembre\/","og_site_name":"Biblioteca Vigil","article_published_time":"2022-11-08T19:19:39+00:00","article_modified_time":"2022-11-08T20:11:06+00:00","og_image":[{"width":1280,"height":962,"url":"https:\/\/bibliotecavigil.org.ar\/inicio\/wp-content\/uploads\/2022\/11\/Recorrido-Guiado-1.jpeg","type":"image\/jpeg"}],"author":"Biblioteca Vigil","twitter_card":"summary_large_image","twitter_misc":{"Escrito por":"Biblioteca Vigil","Tiempo de lectura":"2 minutos"},"schema":{"@context":"https:\/\/schema.org","@graph":[{"@type":"Article","@id":"https:\/\/bibliotecavigil.org.ar\/inicio\/recorrido-guiado-noviembre\/#article","isPartOf":{"@id":"https:\/\/bibliotecavigil.org.ar\/inicio\/recorrido-guiado-noviembre\/"},"author":{"name":"Biblioteca Vigil","@id":"https:\/\/bibliotecavigil.org.ar\/inicio\/#\/schema\/person\/98530bc117d5fa50c5dc01b4fd8d3700"},"headline":"Recorrido Guiado Noviembre","datePublished":"2022-11-08T19:19:39+00:00","dateModified":"2022-11-08T20:11:06+00:00","mainEntityOfPage":{"@id":"https:\/\/bibliotecavigil.org.ar\/inicio\/recorrido-guiado-noviembre\/"},"wordCount":232,"commentCount":0,"publisher":{"@id":"https:\/\/bibliotecavigil.org.ar\/inicio\/#organization"},"image":{"@id":"https:\/\/bibliotecavigil.org.ar\/inicio\/recorrido-guiado-noviembre\/#primaryimage"},"thumbnailUrl":"https:\/\/bibliotecavigil.org.ar\/inicio\/wp-content\/uploads\/2022\/11\/Recorrido-Guiado-1.jpeg","keywords":["justicia","memoria","presente","recorrido","verdad"],"articleSection":["Noticias"],"inLanguage":"es","potentialAction":[{"@type":"CommentAction","name":"Comment","target":["https:\/\/bibliotecavigil.org.ar\/inicio\/recorrido-guiado-noviembre\/#respond"]}]},{"@type":"WebPage","@id":"https:\/\/bibliotecavigil.org.ar\/inicio\/recorrido-guiado-noviembre\/","url":"https:\/\/bibliotecavigil.org.ar\/inicio\/recorrido-guiado-noviembre\/","name":"Recorrido Guiado Noviembre - Biblioteca Vigil","isPartOf":{"@id":"https:\/\/bibliotecavigil.org.ar\/inicio\/#website"},"primaryImageOfPage":{"@id":"https:\/\/bibliotecavigil.org.ar\/inicio\/recorrido-guiado-noviembre\/#primaryimage"},"image":{"@id":"https:\/\/bibliotecavigil.org.ar\/inicio\/recorrido-guiado-noviembre\/#primaryimage"},"thumbnailUrl":"https:\/\/bibliotecavigil.org.ar\/inicio\/wp-content\/uploads\/2022\/11\/Recorrido-Guiado-1.jpeg","datePublished":"2022-11-08T19:19:39+00:00","dateModified":"2022-11-08T20:11:06+00:00","description":"Se viene el \u00faltimo recorrido guiado del a\u00f1o en un mes donde el deporte ser\u00e1 protagonista. Por eso, con esta invitamos les compartimos un","breadcrumb":{"@id":"https:\/\/bibliotecavigil.org.ar\/inicio\/recorrido-guiado-noviembre\/#breadcrumb"},"inLanguage":"es","potentialAction":[{"@type":"ReadAction","target":["https:\/\/bibliotecavigil.org.ar\/inicio\/recorrido-guiado-noviembre\/"]}]},{"@type":"ImageObject","inLanguage":"es","@id":"https:\/\/bibliotecavigil.org.ar\/inicio\/recorrido-guiado-noviembre\/#primaryimage","url":"https:\/\/bibliotecavigil.org.ar\/inicio\/wp-content\/uploads\/2022\/11\/Recorrido-Guiado-1.jpeg","contentUrl":"https:\/\/bibliotecavigil.org.ar\/inicio\/wp-content\/uploads\/2022\/11\/Recorrido-Guiado-1.jpeg","width":1280,"height":962},{"@type":"BreadcrumbList","@id":"https:\/\/bibliotecavigil.org.ar\/inicio\/recorrido-guiado-noviembre\/#breadcrumb","itemListElement":[{"@type":"ListItem","position":1,"name":"Portada","item":"https:\/\/bibliotecavigil.org.ar\/inicio\/"},{"@type":"ListItem","position":2,"name":"Recorrido Guiado Noviembre"}]},{"@type":"WebSite","@id":"https:\/\/bibliotecavigil.org.ar\/inicio\/#website","url":"https:\/\/bibliotecavigil.org.ar\/inicio\/","name":"Biblioteca Vigil","description":"Biblioteca Popular C C Vigil","publisher":{"@id":"https:\/\/bibliotecavigil.org.ar\/inicio\/#organization"},"potentialAction":[{"@type":"SearchAction","target":{"@type":"EntryPoint","urlTemplate":"https:\/\/bibliotecavigil.org.ar\/inicio\/?s={search_term_string}"},"query-input":{"@type":"PropertyValueSpecification","valueRequired":true,"valueName":"search_term_string"}}],"inLanguage":"es"},{"@type":"Organization","@id":"https:\/\/bibliotecavigil.org.ar\/inicio\/#organization","name":"Biblioteca Popular C.C.Vigil","url":"https:\/\/bibliotecavigil.org.ar\/inicio\/","logo":{"@type":"ImageObject","inLanguage":"es","@id":"https:\/\/bibliotecavigil.org.ar\/inicio\/#\/schema\/logo\/image\/","url":"https:\/\/bibliotecavigil.org.ar\/inicio\/wp-content\/uploads\/2023\/06\/Logo-sin-texto-gif.gif","contentUrl":"https:\/\/bibliotecavigil.org.ar\/inicio\/wp-content\/uploads\/2023\/06\/Logo-sin-texto-gif.gif","width":1487,"height":1604,"caption":"Biblioteca Popular C.C.Vigil"},"image":{"@id":"https:\/\/bibliotecavigil.org.ar\/inicio\/#\/schema\/logo\/image\/"}},{"@type":"Person","@id":"https:\/\/bibliotecavigil.org.ar\/inicio\/#\/schema\/person\/98530bc117d5fa50c5dc01b4fd8d3700","name":"Biblioteca Vigil","image":{"@type":"ImageObject","inLanguage":"es","@id":"https:\/\/secure.gravatar.com\/avatar\/a96b6054dc4c80cde596e2c3f42d23e4f769e395116bf277fb508315b9d8a5c5?s=96&d=mm&r=g","url":"https:\/\/secure.gravatar.com\/avatar\/a96b6054dc4c80cde596e2c3f42d23e4f769e395116bf277fb508315b9d8a5c5?s=96&d=mm&r=g","contentUrl":"https:\/\/secure.gravatar.com\/avatar\/a96b6054dc4c80cde596e2c3f42d23e4f769e395116bf277fb508315b9d8a5c5?s=96&d=mm&r=g","caption":"Biblioteca Vigil"},"url":"https:\/\/bibliotecavigil.org.ar\/inicio\/author\/comunicacion\/"}]}},"_links":{"self":[{"href":"https:\/\/bibliotecavigil.org.ar\/inicio\/wp-json\/wp\/v2\/posts\/31148","targetHints":{"allow":["GET"]}}],"collection":[{"href":"https:\/\/bibliotecavigil.org.ar\/inicio\/wp-json\/wp\/v2\/posts"}],"about":[{"href":"https:\/\/bibliotecavigil.org.ar\/inicio\/wp-json\/wp\/v2\/types\/post"}],"author":[{"embeddable":true,"href":"https:\/\/bibliotecavigil.org.ar\/inicio\/wp-json\/wp\/v2\/users\/3"}],"replies":[{"embeddable":true,"href":"https:\/\/bibliotecavigil.org.ar\/inicio\/wp-json\/wp\/v2\/comments?post=31148"}],"version-history":[{"count":3,"href":"https:\/\/bibliotecavigil.org.ar\/inicio\/wp-json\/wp\/v2\/posts\/31148\/revisions"}],"predecessor-version":[{"id":31155,"href":"https:\/\/bibliotecavigil.org.ar\/inicio\/wp-json\/wp\/v2\/posts\/31148\/revisions\/31155"}],"wp:featuredmedia":[{"embeddable":true,"href":"https:\/\/bibliotecavigil.org.ar\/inicio\/wp-json\/wp\/v2\/media\/31150"}],"wp:attachment":[{"href":"https:\/\/bibliotecavigil.org.ar\/inicio\/wp-json\/wp\/v2\/media?parent=31148"}],"wp:term":[{"taxonomy":"category","embeddable":true,"href":"https:\/\/bibliotecavigil.org.ar\/inicio\/wp-json\/wp\/v2\/categories?post=31148"},{"taxonomy":"post_tag","embeddable":true,"href":"https:\/\/bibliotecavigil.org.ar\/inicio\/wp-json\/wp\/v2\/tags?post=31148"}],"curies":[{"name":"wp","href":"https:\/\/api.w.org\/{rel}","templated":true}]}}