{"id":31163,"date":"2022-11-22T17:06:07","date_gmt":"2022-11-22T20:06:07","guid":{"rendered":"https:\/\/bibliotecavigil.org.ar\/inicio\/?p=31163"},"modified":"2022-11-22T17:06:09","modified_gmt":"2022-11-22T20:06:09","slug":"charla-y-musica-punta-quebracho-la-venganza-de-obligado","status":"publish","type":"post","link":"https:\/\/bibliotecavigil.org.ar\/inicio\/charla-y-musica-punta-quebracho-la-venganza-de-obligado\/","title":{"rendered":"Charla y m\u00fasica: Punta Quebracho, la venganza de Obligado."},"content":{"rendered":"\n<p>\u25ba<strong> Punta Quebracho, la venganza de Obligado.<\/strong><\/p>\n\n\n\n<p>En el marco del d\u00eda de la soberan\u00eda y con centro en los hechos hist\u00f3ricos de la Batalla de Punta Quebracho, realizamos una charla con intervenci\u00f3n musical para reflexionar y debatir la historia a trav\u00e9s de la m\u00fasica y las letras.<\/p>\n\n\n\n<p>Cuenta con una disertaci\u00f3n de los escritores Sergio Copolli, Ariel P\u00e9rez y el periodista Germ\u00e1n Mangione, la m\u00fasica de Mario Bernachea e intervenciones de la actriz y docente Adriana Lynch.<\/p>\n\n\n\n<p>La charla consta de tres momentos en los que se recorrer\u00e1 los antecedentes hist\u00f3ricos y el contexto sociopol\u00edtico que enmarcaron la llamada Guerra del Paran\u00e1, a cargo del historiador Ariel Per\u00e9z. Contin\u00faa con Sergio Copolli desarrollando los hechos hist\u00f3ricos de la batalla, y un cierre con el periodista Germ\u00e1n Mangione abordando la actualidad del debate sobre la soberan\u00eda y la situaci\u00f3n actual del Paran\u00e1.<\/p>\n\n\n\n<p>El encuentro culmina con la m\u00fasica de Mario Bernachea, autor del tema musical Triunfo de Punta Quebracho, con intervenciones de la actriz y docente Adriana Lynch.<\/p>\n\n\n\n<p>\u25ac Les esperamos el <strong>jueves 24 de noviembre a las 19 h en la biblioteca (Alem 3078).<\/strong> La entrada es libre y gratuita.<\/p>\n\n\n\n<p><\/p>\n\n\n\n<figure class=\"wp-block-image size-large\"><a href=\"https:\/\/bibliotecavigil.org.ar\/inicio\/wp-content\/uploads\/2022\/11\/Punta-Quebracho.jpeg\"><img decoding=\"async\" width=\"724\" height=\"1024\" data-src=\"https:\/\/bibliotecavigil.org.ar\/inicio\/wp-content\/uploads\/2022\/11\/Punta-Quebracho-724x1024.jpeg\" alt=\"\" class=\"wp-image-31164 lazyload\" data-srcset=\"https:\/\/bibliotecavigil.org.ar\/inicio\/wp-content\/uploads\/2022\/11\/Punta-Quebracho-724x1024.jpeg 724w, https:\/\/bibliotecavigil.org.ar\/inicio\/wp-content\/uploads\/2022\/11\/Punta-Quebracho-480x679.jpeg 480w\" data-sizes=\"(min-width: 0px) and (max-width: 480px) 480px, (min-width: 481px) 724px, 100vw\" src=\"data:image\/svg+xml;base64,PHN2ZyB3aWR0aD0iMSIgaGVpZ2h0PSIxIiB4bWxucz0iaHR0cDovL3d3dy53My5vcmcvMjAwMC9zdmciPjwvc3ZnPg==\" style=\"--smush-placeholder-width: 724px; --smush-placeholder-aspect-ratio: 724\/1024;\" \/><\/a><\/figure>\n","protected":false},"excerpt":{"rendered":"<p>\u25ba Punta Quebracho, la venganza de Obligado. En el marco del d\u00eda de la soberan\u00eda y con centro en los hechos hist\u00f3ricos de la Batalla de Punta Quebracho, realizamos una charla con intervenci\u00f3n musical para reflexionar y debatir la historia a trav\u00e9s de la m\u00fasica y las letras. Cuenta con una disertaci\u00f3n de los escritores [&hellip;]<\/p>\n","protected":false},"author":3,"featured_media":31165,"comment_status":"open","ping_status":"closed","sticky":false,"template":"","format":"standard","meta":{"_et_pb_use_builder":"off","_et_pb_old_content":"","_et_gb_content_width":"1920","footnotes":""},"categories":[16],"tags":[355,361,308,363,364,359,229,357,360,353,354,358,356],"class_list":["post-31163","post","type-post","status-publish","format-standard","has-post-thumbnail","hentry","category-noticias","tag-batalla","tag-bernachea","tag-charla","tag-copolli","tag-lynch","tag-mangione","tag-musica","tag-obligado","tag-perez","tag-punta","tag-quebracho","tag-venganza","tag-vuelta"],"yoast_head":"<!-- This site is optimized with the Yoast SEO plugin v27.5 - https:\/\/yoast.com\/product\/yoast-seo-wordpress\/ -->\n<title>Charla y m\u00fasica: Punta Quebracho, la venganza de Obligado. - Biblioteca Vigil<\/title>\n<meta name=\"robots\" content=\"index, follow, max-snippet:-1, max-image-preview:large, max-video-preview:-1\" \/>\n<link rel=\"canonical\" href=\"https:\/\/bibliotecavigil.org.ar\/inicio\/charla-y-musica-punta-quebracho-la-venganza-de-obligado\/\" \/>\n<meta property=\"og:locale\" content=\"es_ES\" \/>\n<meta property=\"og:type\" content=\"article\" \/>\n<meta property=\"og:title\" content=\"Charla y m\u00fasica: Punta Quebracho, la venganza de Obligado. - Biblioteca Vigil\" \/>\n<meta property=\"og:description\" content=\"\u25ba Punta Quebracho, la venganza de Obligado. En el marco del d\u00eda de la soberan\u00eda y con centro en los hechos hist\u00f3ricos de la Batalla de Punta Quebracho, realizamos una charla con intervenci\u00f3n musical para reflexionar y debatir la historia a trav\u00e9s de la m\u00fasica y las letras. Cuenta con una disertaci\u00f3n de los escritores [&hellip;]\" \/>\n<meta property=\"og:url\" content=\"https:\/\/bibliotecavigil.org.ar\/inicio\/charla-y-musica-punta-quebracho-la-venganza-de-obligado\/\" \/>\n<meta property=\"og:site_name\" content=\"Biblioteca Vigil\" \/>\n<meta property=\"article:published_time\" content=\"2022-11-22T20:06:07+00:00\" \/>\n<meta property=\"article:modified_time\" content=\"2022-11-22T20:06:09+00:00\" \/>\n<meta property=\"og:image\" content=\"https:\/\/bibliotecavigil.org.ar\/inicio\/wp-content\/uploads\/2022\/11\/Punta-Quebracho-web.jpg\" \/>\n\t<meta property=\"og:image:width\" content=\"1961\" \/>\n\t<meta property=\"og:image:height\" content=\"1108\" \/>\n\t<meta property=\"og:image:type\" content=\"image\/jpeg\" \/>\n<meta name=\"author\" content=\"Biblioteca Vigil\" \/>\n<meta name=\"twitter:card\" content=\"summary_large_image\" \/>\n<meta name=\"twitter:label1\" content=\"Escrito por\" \/>\n\t<meta name=\"twitter:data1\" content=\"Biblioteca Vigil\" \/>\n\t<meta name=\"twitter:label2\" content=\"Tiempo de lectura\" \/>\n\t<meta name=\"twitter:data2\" content=\"2 minutos\" \/>\n<script type=\"application\/ld+json\" class=\"yoast-schema-graph\">{\"@context\":\"https:\\\/\\\/schema.org\",\"@graph\":[{\"@type\":\"Article\",\"@id\":\"https:\\\/\\\/bibliotecavigil.org.ar\\\/inicio\\\/charla-y-musica-punta-quebracho-la-venganza-de-obligado\\\/#article\",\"isPartOf\":{\"@id\":\"https:\\\/\\\/bibliotecavigil.org.ar\\\/inicio\\\/charla-y-musica-punta-quebracho-la-venganza-de-obligado\\\/\"},\"author\":{\"name\":\"Biblioteca Vigil\",\"@id\":\"https:\\\/\\\/bibliotecavigil.org.ar\\\/inicio\\\/#\\\/schema\\\/person\\\/98530bc117d5fa50c5dc01b4fd8d3700\"},\"headline\":\"Charla y m\u00fasica: Punta Quebracho, la venganza de Obligado.\",\"datePublished\":\"2022-11-22T20:06:07+00:00\",\"dateModified\":\"2022-11-22T20:06:09+00:00\",\"mainEntityOfPage\":{\"@id\":\"https:\\\/\\\/bibliotecavigil.org.ar\\\/inicio\\\/charla-y-musica-punta-quebracho-la-venganza-de-obligado\\\/\"},\"wordCount\":215,\"commentCount\":0,\"publisher\":{\"@id\":\"https:\\\/\\\/bibliotecavigil.org.ar\\\/inicio\\\/#organization\"},\"image\":{\"@id\":\"https:\\\/\\\/bibliotecavigil.org.ar\\\/inicio\\\/charla-y-musica-punta-quebracho-la-venganza-de-obligado\\\/#primaryimage\"},\"thumbnailUrl\":\"https:\\\/\\\/bibliotecavigil.org.ar\\\/inicio\\\/wp-content\\\/uploads\\\/2022\\\/11\\\/Punta-Quebracho-web.jpg\",\"keywords\":[\"batalla\",\"bernachea\",\"charla\",\"Copolli\",\"Lynch\",\"mangione\",\"m\u00fasica\",\"obligado\",\"perez\",\"punta\",\"quebracho\",\"venganza\",\"vuelta\"],\"articleSection\":[\"Noticias\"],\"inLanguage\":\"es\",\"potentialAction\":[{\"@type\":\"CommentAction\",\"name\":\"Comment\",\"target\":[\"https:\\\/\\\/bibliotecavigil.org.ar\\\/inicio\\\/charla-y-musica-punta-quebracho-la-venganza-de-obligado\\\/#respond\"]}]},{\"@type\":\"WebPage\",\"@id\":\"https:\\\/\\\/bibliotecavigil.org.ar\\\/inicio\\\/charla-y-musica-punta-quebracho-la-venganza-de-obligado\\\/\",\"url\":\"https:\\\/\\\/bibliotecavigil.org.ar\\\/inicio\\\/charla-y-musica-punta-quebracho-la-venganza-de-obligado\\\/\",\"name\":\"Charla y m\u00fasica: Punta Quebracho, la venganza de Obligado. - Biblioteca Vigil\",\"isPartOf\":{\"@id\":\"https:\\\/\\\/bibliotecavigil.org.ar\\\/inicio\\\/#website\"},\"primaryImageOfPage\":{\"@id\":\"https:\\\/\\\/bibliotecavigil.org.ar\\\/inicio\\\/charla-y-musica-punta-quebracho-la-venganza-de-obligado\\\/#primaryimage\"},\"image\":{\"@id\":\"https:\\\/\\\/bibliotecavigil.org.ar\\\/inicio\\\/charla-y-musica-punta-quebracho-la-venganza-de-obligado\\\/#primaryimage\"},\"thumbnailUrl\":\"https:\\\/\\\/bibliotecavigil.org.ar\\\/inicio\\\/wp-content\\\/uploads\\\/2022\\\/11\\\/Punta-Quebracho-web.jpg\",\"datePublished\":\"2022-11-22T20:06:07+00:00\",\"dateModified\":\"2022-11-22T20:06:09+00:00\",\"breadcrumb\":{\"@id\":\"https:\\\/\\\/bibliotecavigil.org.ar\\\/inicio\\\/charla-y-musica-punta-quebracho-la-venganza-de-obligado\\\/#breadcrumb\"},\"inLanguage\":\"es\",\"potentialAction\":[{\"@type\":\"ReadAction\",\"target\":[\"https:\\\/\\\/bibliotecavigil.org.ar\\\/inicio\\\/charla-y-musica-punta-quebracho-la-venganza-de-obligado\\\/\"]}]},{\"@type\":\"ImageObject\",\"inLanguage\":\"es\",\"@id\":\"https:\\\/\\\/bibliotecavigil.org.ar\\\/inicio\\\/charla-y-musica-punta-quebracho-la-venganza-de-obligado\\\/#primaryimage\",\"url\":\"https:\\\/\\\/bibliotecavigil.org.ar\\\/inicio\\\/wp-content\\\/uploads\\\/2022\\\/11\\\/Punta-Quebracho-web.jpg\",\"contentUrl\":\"https:\\\/\\\/bibliotecavigil.org.ar\\\/inicio\\\/wp-content\\\/uploads\\\/2022\\\/11\\\/Punta-Quebracho-web.jpg\",\"width\":1961,\"height\":1108},{\"@type\":\"BreadcrumbList\",\"@id\":\"https:\\\/\\\/bibliotecavigil.org.ar\\\/inicio\\\/charla-y-musica-punta-quebracho-la-venganza-de-obligado\\\/#breadcrumb\",\"itemListElement\":[{\"@type\":\"ListItem\",\"position\":1,\"name\":\"Portada\",\"item\":\"https:\\\/\\\/bibliotecavigil.org.ar\\\/inicio\\\/\"},{\"@type\":\"ListItem\",\"position\":2,\"name\":\"Charla y m\u00fasica: Punta Quebracho, la venganza de Obligado.\"}]},{\"@type\":\"WebSite\",\"@id\":\"https:\\\/\\\/bibliotecavigil.org.ar\\\/inicio\\\/#website\",\"url\":\"https:\\\/\\\/bibliotecavigil.org.ar\\\/inicio\\\/\",\"name\":\"Biblioteca Vigil\",\"description\":\"Biblioteca Popular C C Vigil\",\"publisher\":{\"@id\":\"https:\\\/\\\/bibliotecavigil.org.ar\\\/inicio\\\/#organization\"},\"potentialAction\":[{\"@type\":\"SearchAction\",\"target\":{\"@type\":\"EntryPoint\",\"urlTemplate\":\"https:\\\/\\\/bibliotecavigil.org.ar\\\/inicio\\\/?s={search_term_string}\"},\"query-input\":{\"@type\":\"PropertyValueSpecification\",\"valueRequired\":true,\"valueName\":\"search_term_string\"}}],\"inLanguage\":\"es\"},{\"@type\":\"Organization\",\"@id\":\"https:\\\/\\\/bibliotecavigil.org.ar\\\/inicio\\\/#organization\",\"name\":\"Biblioteca Popular C.C.Vigil\",\"url\":\"https:\\\/\\\/bibliotecavigil.org.ar\\\/inicio\\\/\",\"logo\":{\"@type\":\"ImageObject\",\"inLanguage\":\"es\",\"@id\":\"https:\\\/\\\/bibliotecavigil.org.ar\\\/inicio\\\/#\\\/schema\\\/logo\\\/image\\\/\",\"url\":\"https:\\\/\\\/bibliotecavigil.org.ar\\\/inicio\\\/wp-content\\\/uploads\\\/2023\\\/06\\\/Logo-sin-texto-gif.gif\",\"contentUrl\":\"https:\\\/\\\/bibliotecavigil.org.ar\\\/inicio\\\/wp-content\\\/uploads\\\/2023\\\/06\\\/Logo-sin-texto-gif.gif\",\"width\":1487,\"height\":1604,\"caption\":\"Biblioteca Popular C.C.Vigil\"},\"image\":{\"@id\":\"https:\\\/\\\/bibliotecavigil.org.ar\\\/inicio\\\/#\\\/schema\\\/logo\\\/image\\\/\"}},{\"@type\":\"Person\",\"@id\":\"https:\\\/\\\/bibliotecavigil.org.ar\\\/inicio\\\/#\\\/schema\\\/person\\\/98530bc117d5fa50c5dc01b4fd8d3700\",\"name\":\"Biblioteca Vigil\",\"image\":{\"@type\":\"ImageObject\",\"inLanguage\":\"es\",\"@id\":\"https:\\\/\\\/secure.gravatar.com\\\/avatar\\\/a96b6054dc4c80cde596e2c3f42d23e4f769e395116bf277fb508315b9d8a5c5?s=96&d=mm&r=g\",\"url\":\"https:\\\/\\\/secure.gravatar.com\\\/avatar\\\/a96b6054dc4c80cde596e2c3f42d23e4f769e395116bf277fb508315b9d8a5c5?s=96&d=mm&r=g\",\"contentUrl\":\"https:\\\/\\\/secure.gravatar.com\\\/avatar\\\/a96b6054dc4c80cde596e2c3f42d23e4f769e395116bf277fb508315b9d8a5c5?s=96&d=mm&r=g\",\"caption\":\"Biblioteca Vigil\"},\"url\":\"https:\\\/\\\/bibliotecavigil.org.ar\\\/inicio\\\/author\\\/comunicacion\\\/\"}]}<\/script>\n<!-- \/ Yoast SEO plugin. -->","yoast_head_json":{"title":"Charla y m\u00fasica: Punta Quebracho, la venganza de Obligado. - Biblioteca Vigil","robots":{"index":"index","follow":"follow","max-snippet":"max-snippet:-1","max-image-preview":"max-image-preview:large","max-video-preview":"max-video-preview:-1"},"canonical":"https:\/\/bibliotecavigil.org.ar\/inicio\/charla-y-musica-punta-quebracho-la-venganza-de-obligado\/","og_locale":"es_ES","og_type":"article","og_title":"Charla y m\u00fasica: Punta Quebracho, la venganza de Obligado. - Biblioteca Vigil","og_description":"\u25ba Punta Quebracho, la venganza de Obligado. En el marco del d\u00eda de la soberan\u00eda y con centro en los hechos hist\u00f3ricos de la Batalla de Punta Quebracho, realizamos una charla con intervenci\u00f3n musical para reflexionar y debatir la historia a trav\u00e9s de la m\u00fasica y las letras. Cuenta con una disertaci\u00f3n de los escritores [&hellip;]","og_url":"https:\/\/bibliotecavigil.org.ar\/inicio\/charla-y-musica-punta-quebracho-la-venganza-de-obligado\/","og_site_name":"Biblioteca Vigil","article_published_time":"2022-11-22T20:06:07+00:00","article_modified_time":"2022-11-22T20:06:09+00:00","og_image":[{"width":1961,"height":1108,"url":"https:\/\/bibliotecavigil.org.ar\/inicio\/wp-content\/uploads\/2022\/11\/Punta-Quebracho-web.jpg","type":"image\/jpeg"}],"author":"Biblioteca Vigil","twitter_card":"summary_large_image","twitter_misc":{"Escrito por":"Biblioteca Vigil","Tiempo de lectura":"2 minutos"},"schema":{"@context":"https:\/\/schema.org","@graph":[{"@type":"Article","@id":"https:\/\/bibliotecavigil.org.ar\/inicio\/charla-y-musica-punta-quebracho-la-venganza-de-obligado\/#article","isPartOf":{"@id":"https:\/\/bibliotecavigil.org.ar\/inicio\/charla-y-musica-punta-quebracho-la-venganza-de-obligado\/"},"author":{"name":"Biblioteca Vigil","@id":"https:\/\/bibliotecavigil.org.ar\/inicio\/#\/schema\/person\/98530bc117d5fa50c5dc01b4fd8d3700"},"headline":"Charla y m\u00fasica: Punta Quebracho, la venganza de Obligado.","datePublished":"2022-11-22T20:06:07+00:00","dateModified":"2022-11-22T20:06:09+00:00","mainEntityOfPage":{"@id":"https:\/\/bibliotecavigil.org.ar\/inicio\/charla-y-musica-punta-quebracho-la-venganza-de-obligado\/"},"wordCount":215,"commentCount":0,"publisher":{"@id":"https:\/\/bibliotecavigil.org.ar\/inicio\/#organization"},"image":{"@id":"https:\/\/bibliotecavigil.org.ar\/inicio\/charla-y-musica-punta-quebracho-la-venganza-de-obligado\/#primaryimage"},"thumbnailUrl":"https:\/\/bibliotecavigil.org.ar\/inicio\/wp-content\/uploads\/2022\/11\/Punta-Quebracho-web.jpg","keywords":["batalla","bernachea","charla","Copolli","Lynch","mangione","m\u00fasica","obligado","perez","punta","quebracho","venganza","vuelta"],"articleSection":["Noticias"],"inLanguage":"es","potentialAction":[{"@type":"CommentAction","name":"Comment","target":["https:\/\/bibliotecavigil.org.ar\/inicio\/charla-y-musica-punta-quebracho-la-venganza-de-obligado\/#respond"]}]},{"@type":"WebPage","@id":"https:\/\/bibliotecavigil.org.ar\/inicio\/charla-y-musica-punta-quebracho-la-venganza-de-obligado\/","url":"https:\/\/bibliotecavigil.org.ar\/inicio\/charla-y-musica-punta-quebracho-la-venganza-de-obligado\/","name":"Charla y m\u00fasica: Punta Quebracho, la venganza de Obligado. - Biblioteca Vigil","isPartOf":{"@id":"https:\/\/bibliotecavigil.org.ar\/inicio\/#website"},"primaryImageOfPage":{"@id":"https:\/\/bibliotecavigil.org.ar\/inicio\/charla-y-musica-punta-quebracho-la-venganza-de-obligado\/#primaryimage"},"image":{"@id":"https:\/\/bibliotecavigil.org.ar\/inicio\/charla-y-musica-punta-quebracho-la-venganza-de-obligado\/#primaryimage"},"thumbnailUrl":"https:\/\/bibliotecavigil.org.ar\/inicio\/wp-content\/uploads\/2022\/11\/Punta-Quebracho-web.jpg","datePublished":"2022-11-22T20:06:07+00:00","dateModified":"2022-11-22T20:06:09+00:00","breadcrumb":{"@id":"https:\/\/bibliotecavigil.org.ar\/inicio\/charla-y-musica-punta-quebracho-la-venganza-de-obligado\/#breadcrumb"},"inLanguage":"es","potentialAction":[{"@type":"ReadAction","target":["https:\/\/bibliotecavigil.org.ar\/inicio\/charla-y-musica-punta-quebracho-la-venganza-de-obligado\/"]}]},{"@type":"ImageObject","inLanguage":"es","@id":"https:\/\/bibliotecavigil.org.ar\/inicio\/charla-y-musica-punta-quebracho-la-venganza-de-obligado\/#primaryimage","url":"https:\/\/bibliotecavigil.org.ar\/inicio\/wp-content\/uploads\/2022\/11\/Punta-Quebracho-web.jpg","contentUrl":"https:\/\/bibliotecavigil.org.ar\/inicio\/wp-content\/uploads\/2022\/11\/Punta-Quebracho-web.jpg","width":1961,"height":1108},{"@type":"BreadcrumbList","@id":"https:\/\/bibliotecavigil.org.ar\/inicio\/charla-y-musica-punta-quebracho-la-venganza-de-obligado\/#breadcrumb","itemListElement":[{"@type":"ListItem","position":1,"name":"Portada","item":"https:\/\/bibliotecavigil.org.ar\/inicio\/"},{"@type":"ListItem","position":2,"name":"Charla y m\u00fasica: Punta Quebracho, la venganza de Obligado."}]},{"@type":"WebSite","@id":"https:\/\/bibliotecavigil.org.ar\/inicio\/#website","url":"https:\/\/bibliotecavigil.org.ar\/inicio\/","name":"Biblioteca Vigil","description":"Biblioteca Popular C C Vigil","publisher":{"@id":"https:\/\/bibliotecavigil.org.ar\/inicio\/#organization"},"potentialAction":[{"@type":"SearchAction","target":{"@type":"EntryPoint","urlTemplate":"https:\/\/bibliotecavigil.org.ar\/inicio\/?s={search_term_string}"},"query-input":{"@type":"PropertyValueSpecification","valueRequired":true,"valueName":"search_term_string"}}],"inLanguage":"es"},{"@type":"Organization","@id":"https:\/\/bibliotecavigil.org.ar\/inicio\/#organization","name":"Biblioteca Popular C.C.Vigil","url":"https:\/\/bibliotecavigil.org.ar\/inicio\/","logo":{"@type":"ImageObject","inLanguage":"es","@id":"https:\/\/bibliotecavigil.org.ar\/inicio\/#\/schema\/logo\/image\/","url":"https:\/\/bibliotecavigil.org.ar\/inicio\/wp-content\/uploads\/2023\/06\/Logo-sin-texto-gif.gif","contentUrl":"https:\/\/bibliotecavigil.org.ar\/inicio\/wp-content\/uploads\/2023\/06\/Logo-sin-texto-gif.gif","width":1487,"height":1604,"caption":"Biblioteca Popular C.C.Vigil"},"image":{"@id":"https:\/\/bibliotecavigil.org.ar\/inicio\/#\/schema\/logo\/image\/"}},{"@type":"Person","@id":"https:\/\/bibliotecavigil.org.ar\/inicio\/#\/schema\/person\/98530bc117d5fa50c5dc01b4fd8d3700","name":"Biblioteca Vigil","image":{"@type":"ImageObject","inLanguage":"es","@id":"https:\/\/secure.gravatar.com\/avatar\/a96b6054dc4c80cde596e2c3f42d23e4f769e395116bf277fb508315b9d8a5c5?s=96&d=mm&r=g","url":"https:\/\/secure.gravatar.com\/avatar\/a96b6054dc4c80cde596e2c3f42d23e4f769e395116bf277fb508315b9d8a5c5?s=96&d=mm&r=g","contentUrl":"https:\/\/secure.gravatar.com\/avatar\/a96b6054dc4c80cde596e2c3f42d23e4f769e395116bf277fb508315b9d8a5c5?s=96&d=mm&r=g","caption":"Biblioteca Vigil"},"url":"https:\/\/bibliotecavigil.org.ar\/inicio\/author\/comunicacion\/"}]}},"_links":{"self":[{"href":"https:\/\/bibliotecavigil.org.ar\/inicio\/wp-json\/wp\/v2\/posts\/31163","targetHints":{"allow":["GET"]}}],"collection":[{"href":"https:\/\/bibliotecavigil.org.ar\/inicio\/wp-json\/wp\/v2\/posts"}],"about":[{"href":"https:\/\/bibliotecavigil.org.ar\/inicio\/wp-json\/wp\/v2\/types\/post"}],"author":[{"embeddable":true,"href":"https:\/\/bibliotecavigil.org.ar\/inicio\/wp-json\/wp\/v2\/users\/3"}],"replies":[{"embeddable":true,"href":"https:\/\/bibliotecavigil.org.ar\/inicio\/wp-json\/wp\/v2\/comments?post=31163"}],"version-history":[{"count":1,"href":"https:\/\/bibliotecavigil.org.ar\/inicio\/wp-json\/wp\/v2\/posts\/31163\/revisions"}],"predecessor-version":[{"id":31166,"href":"https:\/\/bibliotecavigil.org.ar\/inicio\/wp-json\/wp\/v2\/posts\/31163\/revisions\/31166"}],"wp:featuredmedia":[{"embeddable":true,"href":"https:\/\/bibliotecavigil.org.ar\/inicio\/wp-json\/wp\/v2\/media\/31165"}],"wp:attachment":[{"href":"https:\/\/bibliotecavigil.org.ar\/inicio\/wp-json\/wp\/v2\/media?parent=31163"}],"wp:term":[{"taxonomy":"category","embeddable":true,"href":"https:\/\/bibliotecavigil.org.ar\/inicio\/wp-json\/wp\/v2\/categories?post=31163"},{"taxonomy":"post_tag","embeddable":true,"href":"https:\/\/bibliotecavigil.org.ar\/inicio\/wp-json\/wp\/v2\/tags?post=31163"}],"curies":[{"name":"wp","href":"https:\/\/api.w.org\/{rel}","templated":true}]}}