{"id":31348,"date":"2023-02-17T15:54:02","date_gmt":"2023-02-17T18:54:02","guid":{"rendered":"https:\/\/bibliotecavigil.org.ar\/inicio\/?p=31348"},"modified":"2023-02-17T15:54:06","modified_gmt":"2023-02-17T18:54:06","slug":"recorrido-guiado-a-46-anos-de-la-intervencion","status":"publish","type":"post","link":"https:\/\/bibliotecavigil.org.ar\/inicio\/recorrido-guiado-a-46-anos-de-la-intervencion\/","title":{"rendered":"Recorrido Guiado a 46 a\u00f1os de la Intervenci\u00f3n"},"content":{"rendered":"\n<p>\u25ba 25 de febrero de 1977.<\/p>\n\n\n\n<p>Cerca del mediod\u00eda son\u00f3 el tel\u00e9fono en el domicilio de la familia Naranjo. Respondi\u00f3 la Prof. Liliana Herrero quien all\u00ed se encontraba. Elina recuerda que Liliana comenz\u00f3 a gritar \u201c\u00a1\u00bfpero \u00a1\u00bfc\u00f3mo, \u00a1\u00bfc\u00f3mo?!\u201d, y nos dijo: \u201cintervinieron la Vigil, la intervinieron\u201d. Dos horas antes, un operativo civil, militar y policial se hab\u00eda desplegado sobre los puntos de acceso en toda la manzana de Alem y Gaboto.<\/p>\n\n\n\n<p>La Biblioteca fue rodeada como un delincuente peligroso. Exhibiendo armas largas, una veintena de polic\u00edas comandados por el genocida Agust\u00edn Feced, hab\u00edan traspasado con violencia las puertas de la Unidad Administrativa buscando a los responsables de la instituci\u00f3n. El bibliotecario Ra\u00fal Frutos recuerda que \u201ccerraron todo y no dejaron salir a nadie\u201d. Un Capit\u00e1n de Corbeta llamado Esteban Molina confirm\u00f3 que la decisi\u00f3n proven\u00eda de las m\u00e1ximas autoridades provinciales y nacionales. Comenzaba la dictadura arrasadora sobre La Vigil.<\/p>\n\n\n\n<p>\u00bfQuer\u00e9s saber qu\u00e9 pas\u00f3 antes y despu\u00e9s de aquel 25 de febrero?&nbsp; \u00bfQuer\u00e9s conocer esta historia y c\u00f3mo es hoy La Vigil?<\/p>\n\n\n\n<p>\u25ac A 46 a\u00f1os de la Intervenci\u00f3n c\u00edvico militar a La Vigil, seguimos construyendo Memoria, por Verdad y Justicia. Por eso, te esperamos en un Recorrido Abierto gratuito y para todo p\u00fablico, el s\u00e1bado 25, a las 10 h en Alem 3078.<\/p>\n\n\n\n<p><\/p>\n\n\n\n<figure class=\"wp-block-image size-large\"><a href=\"https:\/\/bibliotecavigil.org.ar\/inicio\/wp-content\/uploads\/2023\/02\/grafica-03-scaled.jpg\"><img decoding=\"async\" width=\"1024\" height=\"782\" data-src=\"https:\/\/bibliotecavigil.org.ar\/inicio\/wp-content\/uploads\/2023\/02\/grafica-03-1024x782.jpg\" alt=\"\" class=\"wp-image-31349 lazyload\" data-srcset=\"https:\/\/bibliotecavigil.org.ar\/inicio\/wp-content\/uploads\/2023\/02\/grafica-03-980x748.jpg 980w, https:\/\/bibliotecavigil.org.ar\/inicio\/wp-content\/uploads\/2023\/02\/grafica-03-480x367.jpg 480w\" data-sizes=\"(min-width: 0px) and (max-width: 480px) 480px, (min-width: 481px) and (max-width: 980px) 980px, (min-width: 981px) 1024px, 100vw\" src=\"data:image\/svg+xml;base64,PHN2ZyB3aWR0aD0iMSIgaGVpZ2h0PSIxIiB4bWxucz0iaHR0cDovL3d3dy53My5vcmcvMjAwMC9zdmciPjwvc3ZnPg==\" style=\"--smush-placeholder-width: 1024px; --smush-placeholder-aspect-ratio: 1024\/782;\" \/><\/a><\/figure>\n","protected":false},"excerpt":{"rendered":"<p>\u25ba 25 de febrero de 1977. Cerca del mediod\u00eda son\u00f3 el tel\u00e9fono en el domicilio de la familia Naranjo. Respondi\u00f3 la Prof. Liliana Herrero quien all\u00ed se encontraba. Elina recuerda que Liliana comenz\u00f3 a gritar \u201c\u00a1\u00bfpero \u00a1\u00bfc\u00f3mo, \u00a1\u00bfc\u00f3mo?!\u201d, y nos dijo: \u201cintervinieron la Vigil, la intervinieron\u201d. Dos horas antes, un operativo civil, militar y policial [&hellip;]<\/p>\n","protected":false},"author":3,"featured_media":31350,"comment_status":"open","ping_status":"closed","sticky":false,"template":"","format":"standard","meta":{"_et_pb_use_builder":"off","_et_pb_old_content":"","_et_gb_content_width":"1920","footnotes":""},"categories":[16],"tags":[393,231,190,101,94,230,100],"class_list":["post-31348","post","type-post","status-publish","format-standard","has-post-thumbnail","hentry","category-noticias","tag-46anos","tag-guiado","tag-intervencion","tag-justicia","tag-memoria","tag-recorrido","tag-verdad"],"yoast_head":"<!-- This site is optimized with the Yoast SEO plugin v27.3 - https:\/\/yoast.com\/product\/yoast-seo-wordpress\/ -->\n<title>Recorrido Guiado a 46 a\u00f1os de la Intervenci\u00f3n - Biblioteca Vigil<\/title>\n<meta name=\"robots\" content=\"index, follow, max-snippet:-1, max-image-preview:large, max-video-preview:-1\" \/>\n<link rel=\"canonical\" href=\"https:\/\/bibliotecavigil.org.ar\/inicio\/recorrido-guiado-a-46-anos-de-la-intervencion\/\" \/>\n<meta property=\"og:locale\" content=\"es_ES\" \/>\n<meta property=\"og:type\" content=\"article\" \/>\n<meta property=\"og:title\" content=\"Recorrido Guiado a 46 a\u00f1os de la Intervenci\u00f3n - Biblioteca Vigil\" \/>\n<meta property=\"og:description\" content=\"\u25ba 25 de febrero de 1977. Cerca del mediod\u00eda son\u00f3 el tel\u00e9fono en el domicilio de la familia Naranjo. Respondi\u00f3 la Prof. Liliana Herrero quien all\u00ed se encontraba. Elina recuerda que Liliana comenz\u00f3 a gritar \u201c\u00a1\u00bfpero \u00a1\u00bfc\u00f3mo, \u00a1\u00bfc\u00f3mo?!\u201d, y nos dijo: \u201cintervinieron la Vigil, la intervinieron\u201d. Dos horas antes, un operativo civil, militar y policial [&hellip;]\" \/>\n<meta property=\"og:url\" content=\"https:\/\/bibliotecavigil.org.ar\/inicio\/recorrido-guiado-a-46-anos-de-la-intervencion\/\" \/>\n<meta property=\"og:site_name\" content=\"Biblioteca Vigil\" \/>\n<meta property=\"article:published_time\" content=\"2023-02-17T18:54:02+00:00\" \/>\n<meta property=\"article:modified_time\" content=\"2023-02-17T18:54:06+00:00\" \/>\n<meta property=\"og:image\" content=\"https:\/\/bibliotecavigil.org.ar\/inicio\/wp-content\/uploads\/2023\/02\/grafica-02-scaled.jpg\" \/>\n\t<meta property=\"og:image:width\" content=\"2560\" \/>\n\t<meta property=\"og:image:height\" content=\"1607\" \/>\n\t<meta property=\"og:image:type\" content=\"image\/jpeg\" \/>\n<meta name=\"author\" content=\"Biblioteca Vigil\" \/>\n<meta name=\"twitter:card\" content=\"summary_large_image\" \/>\n<meta name=\"twitter:label1\" content=\"Escrito por\" \/>\n\t<meta name=\"twitter:data1\" content=\"Biblioteca Vigil\" \/>\n\t<meta name=\"twitter:label2\" content=\"Tiempo de lectura\" \/>\n\t<meta name=\"twitter:data2\" content=\"2 minutos\" \/>\n<script type=\"application\/ld+json\" class=\"yoast-schema-graph\">{\"@context\":\"https:\\\/\\\/schema.org\",\"@graph\":[{\"@type\":\"Article\",\"@id\":\"https:\\\/\\\/bibliotecavigil.org.ar\\\/inicio\\\/recorrido-guiado-a-46-anos-de-la-intervencion\\\/#article\",\"isPartOf\":{\"@id\":\"https:\\\/\\\/bibliotecavigil.org.ar\\\/inicio\\\/recorrido-guiado-a-46-anos-de-la-intervencion\\\/\"},\"author\":{\"name\":\"Biblioteca Vigil\",\"@id\":\"https:\\\/\\\/bibliotecavigil.org.ar\\\/inicio\\\/#\\\/schema\\\/person\\\/98530bc117d5fa50c5dc01b4fd8d3700\"},\"headline\":\"Recorrido Guiado a 46 a\u00f1os de la Intervenci\u00f3n\",\"datePublished\":\"2023-02-17T18:54:02+00:00\",\"dateModified\":\"2023-02-17T18:54:06+00:00\",\"mainEntityOfPage\":{\"@id\":\"https:\\\/\\\/bibliotecavigil.org.ar\\\/inicio\\\/recorrido-guiado-a-46-anos-de-la-intervencion\\\/\"},\"wordCount\":237,\"commentCount\":2,\"publisher\":{\"@id\":\"https:\\\/\\\/bibliotecavigil.org.ar\\\/inicio\\\/#organization\"},\"image\":{\"@id\":\"https:\\\/\\\/bibliotecavigil.org.ar\\\/inicio\\\/recorrido-guiado-a-46-anos-de-la-intervencion\\\/#primaryimage\"},\"thumbnailUrl\":\"https:\\\/\\\/bibliotecavigil.org.ar\\\/inicio\\\/wp-content\\\/uploads\\\/2023\\\/02\\\/grafica-02-scaled.jpg\",\"keywords\":[\"46a\u00f1os\",\"guiado\",\"intervenci\u00f3n\",\"justicia\",\"memoria\",\"recorrido\",\"verdad\"],\"articleSection\":[\"Noticias\"],\"inLanguage\":\"es\",\"potentialAction\":[{\"@type\":\"CommentAction\",\"name\":\"Comment\",\"target\":[\"https:\\\/\\\/bibliotecavigil.org.ar\\\/inicio\\\/recorrido-guiado-a-46-anos-de-la-intervencion\\\/#respond\"]}]},{\"@type\":\"WebPage\",\"@id\":\"https:\\\/\\\/bibliotecavigil.org.ar\\\/inicio\\\/recorrido-guiado-a-46-anos-de-la-intervencion\\\/\",\"url\":\"https:\\\/\\\/bibliotecavigil.org.ar\\\/inicio\\\/recorrido-guiado-a-46-anos-de-la-intervencion\\\/\",\"name\":\"Recorrido Guiado a 46 a\u00f1os de la Intervenci\u00f3n - Biblioteca Vigil\",\"isPartOf\":{\"@id\":\"https:\\\/\\\/bibliotecavigil.org.ar\\\/inicio\\\/#website\"},\"primaryImageOfPage\":{\"@id\":\"https:\\\/\\\/bibliotecavigil.org.ar\\\/inicio\\\/recorrido-guiado-a-46-anos-de-la-intervencion\\\/#primaryimage\"},\"image\":{\"@id\":\"https:\\\/\\\/bibliotecavigil.org.ar\\\/inicio\\\/recorrido-guiado-a-46-anos-de-la-intervencion\\\/#primaryimage\"},\"thumbnailUrl\":\"https:\\\/\\\/bibliotecavigil.org.ar\\\/inicio\\\/wp-content\\\/uploads\\\/2023\\\/02\\\/grafica-02-scaled.jpg\",\"datePublished\":\"2023-02-17T18:54:02+00:00\",\"dateModified\":\"2023-02-17T18:54:06+00:00\",\"breadcrumb\":{\"@id\":\"https:\\\/\\\/bibliotecavigil.org.ar\\\/inicio\\\/recorrido-guiado-a-46-anos-de-la-intervencion\\\/#breadcrumb\"},\"inLanguage\":\"es\",\"potentialAction\":[{\"@type\":\"ReadAction\",\"target\":[\"https:\\\/\\\/bibliotecavigil.org.ar\\\/inicio\\\/recorrido-guiado-a-46-anos-de-la-intervencion\\\/\"]}]},{\"@type\":\"ImageObject\",\"inLanguage\":\"es\",\"@id\":\"https:\\\/\\\/bibliotecavigil.org.ar\\\/inicio\\\/recorrido-guiado-a-46-anos-de-la-intervencion\\\/#primaryimage\",\"url\":\"https:\\\/\\\/bibliotecavigil.org.ar\\\/inicio\\\/wp-content\\\/uploads\\\/2023\\\/02\\\/grafica-02-scaled.jpg\",\"contentUrl\":\"https:\\\/\\\/bibliotecavigil.org.ar\\\/inicio\\\/wp-content\\\/uploads\\\/2023\\\/02\\\/grafica-02-scaled.jpg\",\"width\":2560,\"height\":1607},{\"@type\":\"BreadcrumbList\",\"@id\":\"https:\\\/\\\/bibliotecavigil.org.ar\\\/inicio\\\/recorrido-guiado-a-46-anos-de-la-intervencion\\\/#breadcrumb\",\"itemListElement\":[{\"@type\":\"ListItem\",\"position\":1,\"name\":\"Portada\",\"item\":\"https:\\\/\\\/bibliotecavigil.org.ar\\\/inicio\\\/\"},{\"@type\":\"ListItem\",\"position\":2,\"name\":\"Recorrido Guiado a 46 a\u00f1os de la Intervenci\u00f3n\"}]},{\"@type\":\"WebSite\",\"@id\":\"https:\\\/\\\/bibliotecavigil.org.ar\\\/inicio\\\/#website\",\"url\":\"https:\\\/\\\/bibliotecavigil.org.ar\\\/inicio\\\/\",\"name\":\"Biblioteca Vigil\",\"description\":\"Biblioteca Popular C C Vigil\",\"publisher\":{\"@id\":\"https:\\\/\\\/bibliotecavigil.org.ar\\\/inicio\\\/#organization\"},\"potentialAction\":[{\"@type\":\"SearchAction\",\"target\":{\"@type\":\"EntryPoint\",\"urlTemplate\":\"https:\\\/\\\/bibliotecavigil.org.ar\\\/inicio\\\/?s={search_term_string}\"},\"query-input\":{\"@type\":\"PropertyValueSpecification\",\"valueRequired\":true,\"valueName\":\"search_term_string\"}}],\"inLanguage\":\"es\"},{\"@type\":\"Organization\",\"@id\":\"https:\\\/\\\/bibliotecavigil.org.ar\\\/inicio\\\/#organization\",\"name\":\"Biblioteca Popular C.C.Vigil\",\"url\":\"https:\\\/\\\/bibliotecavigil.org.ar\\\/inicio\\\/\",\"logo\":{\"@type\":\"ImageObject\",\"inLanguage\":\"es\",\"@id\":\"https:\\\/\\\/bibliotecavigil.org.ar\\\/inicio\\\/#\\\/schema\\\/logo\\\/image\\\/\",\"url\":\"https:\\\/\\\/bibliotecavigil.org.ar\\\/inicio\\\/wp-content\\\/uploads\\\/2023\\\/06\\\/Logo-sin-texto-gif.gif\",\"contentUrl\":\"https:\\\/\\\/bibliotecavigil.org.ar\\\/inicio\\\/wp-content\\\/uploads\\\/2023\\\/06\\\/Logo-sin-texto-gif.gif\",\"width\":1487,\"height\":1604,\"caption\":\"Biblioteca Popular C.C.Vigil\"},\"image\":{\"@id\":\"https:\\\/\\\/bibliotecavigil.org.ar\\\/inicio\\\/#\\\/schema\\\/logo\\\/image\\\/\"}},{\"@type\":\"Person\",\"@id\":\"https:\\\/\\\/bibliotecavigil.org.ar\\\/inicio\\\/#\\\/schema\\\/person\\\/98530bc117d5fa50c5dc01b4fd8d3700\",\"name\":\"Biblioteca Vigil\",\"image\":{\"@type\":\"ImageObject\",\"inLanguage\":\"es\",\"@id\":\"https:\\\/\\\/secure.gravatar.com\\\/avatar\\\/a96b6054dc4c80cde596e2c3f42d23e4f769e395116bf277fb508315b9d8a5c5?s=96&d=mm&r=g\",\"url\":\"https:\\\/\\\/secure.gravatar.com\\\/avatar\\\/a96b6054dc4c80cde596e2c3f42d23e4f769e395116bf277fb508315b9d8a5c5?s=96&d=mm&r=g\",\"contentUrl\":\"https:\\\/\\\/secure.gravatar.com\\\/avatar\\\/a96b6054dc4c80cde596e2c3f42d23e4f769e395116bf277fb508315b9d8a5c5?s=96&d=mm&r=g\",\"caption\":\"Biblioteca Vigil\"},\"url\":\"https:\\\/\\\/bibliotecavigil.org.ar\\\/inicio\\\/author\\\/comunicacion\\\/\"}]}<\/script>\n<!-- \/ Yoast SEO plugin. -->","yoast_head_json":{"title":"Recorrido Guiado a 46 a\u00f1os de la Intervenci\u00f3n - Biblioteca Vigil","robots":{"index":"index","follow":"follow","max-snippet":"max-snippet:-1","max-image-preview":"max-image-preview:large","max-video-preview":"max-video-preview:-1"},"canonical":"https:\/\/bibliotecavigil.org.ar\/inicio\/recorrido-guiado-a-46-anos-de-la-intervencion\/","og_locale":"es_ES","og_type":"article","og_title":"Recorrido Guiado a 46 a\u00f1os de la Intervenci\u00f3n - Biblioteca Vigil","og_description":"\u25ba 25 de febrero de 1977. Cerca del mediod\u00eda son\u00f3 el tel\u00e9fono en el domicilio de la familia Naranjo. Respondi\u00f3 la Prof. Liliana Herrero quien all\u00ed se encontraba. Elina recuerda que Liliana comenz\u00f3 a gritar \u201c\u00a1\u00bfpero \u00a1\u00bfc\u00f3mo, \u00a1\u00bfc\u00f3mo?!\u201d, y nos dijo: \u201cintervinieron la Vigil, la intervinieron\u201d. Dos horas antes, un operativo civil, militar y policial [&hellip;]","og_url":"https:\/\/bibliotecavigil.org.ar\/inicio\/recorrido-guiado-a-46-anos-de-la-intervencion\/","og_site_name":"Biblioteca Vigil","article_published_time":"2023-02-17T18:54:02+00:00","article_modified_time":"2023-02-17T18:54:06+00:00","og_image":[{"width":2560,"height":1607,"url":"https:\/\/bibliotecavigil.org.ar\/inicio\/wp-content\/uploads\/2023\/02\/grafica-02-scaled.jpg","type":"image\/jpeg"}],"author":"Biblioteca Vigil","twitter_card":"summary_large_image","twitter_misc":{"Escrito por":"Biblioteca Vigil","Tiempo de lectura":"2 minutos"},"schema":{"@context":"https:\/\/schema.org","@graph":[{"@type":"Article","@id":"https:\/\/bibliotecavigil.org.ar\/inicio\/recorrido-guiado-a-46-anos-de-la-intervencion\/#article","isPartOf":{"@id":"https:\/\/bibliotecavigil.org.ar\/inicio\/recorrido-guiado-a-46-anos-de-la-intervencion\/"},"author":{"name":"Biblioteca Vigil","@id":"https:\/\/bibliotecavigil.org.ar\/inicio\/#\/schema\/person\/98530bc117d5fa50c5dc01b4fd8d3700"},"headline":"Recorrido Guiado a 46 a\u00f1os de la Intervenci\u00f3n","datePublished":"2023-02-17T18:54:02+00:00","dateModified":"2023-02-17T18:54:06+00:00","mainEntityOfPage":{"@id":"https:\/\/bibliotecavigil.org.ar\/inicio\/recorrido-guiado-a-46-anos-de-la-intervencion\/"},"wordCount":237,"commentCount":2,"publisher":{"@id":"https:\/\/bibliotecavigil.org.ar\/inicio\/#organization"},"image":{"@id":"https:\/\/bibliotecavigil.org.ar\/inicio\/recorrido-guiado-a-46-anos-de-la-intervencion\/#primaryimage"},"thumbnailUrl":"https:\/\/bibliotecavigil.org.ar\/inicio\/wp-content\/uploads\/2023\/02\/grafica-02-scaled.jpg","keywords":["46a\u00f1os","guiado","intervenci\u00f3n","justicia","memoria","recorrido","verdad"],"articleSection":["Noticias"],"inLanguage":"es","potentialAction":[{"@type":"CommentAction","name":"Comment","target":["https:\/\/bibliotecavigil.org.ar\/inicio\/recorrido-guiado-a-46-anos-de-la-intervencion\/#respond"]}]},{"@type":"WebPage","@id":"https:\/\/bibliotecavigil.org.ar\/inicio\/recorrido-guiado-a-46-anos-de-la-intervencion\/","url":"https:\/\/bibliotecavigil.org.ar\/inicio\/recorrido-guiado-a-46-anos-de-la-intervencion\/","name":"Recorrido Guiado a 46 a\u00f1os de la Intervenci\u00f3n - Biblioteca Vigil","isPartOf":{"@id":"https:\/\/bibliotecavigil.org.ar\/inicio\/#website"},"primaryImageOfPage":{"@id":"https:\/\/bibliotecavigil.org.ar\/inicio\/recorrido-guiado-a-46-anos-de-la-intervencion\/#primaryimage"},"image":{"@id":"https:\/\/bibliotecavigil.org.ar\/inicio\/recorrido-guiado-a-46-anos-de-la-intervencion\/#primaryimage"},"thumbnailUrl":"https:\/\/bibliotecavigil.org.ar\/inicio\/wp-content\/uploads\/2023\/02\/grafica-02-scaled.jpg","datePublished":"2023-02-17T18:54:02+00:00","dateModified":"2023-02-17T18:54:06+00:00","breadcrumb":{"@id":"https:\/\/bibliotecavigil.org.ar\/inicio\/recorrido-guiado-a-46-anos-de-la-intervencion\/#breadcrumb"},"inLanguage":"es","potentialAction":[{"@type":"ReadAction","target":["https:\/\/bibliotecavigil.org.ar\/inicio\/recorrido-guiado-a-46-anos-de-la-intervencion\/"]}]},{"@type":"ImageObject","inLanguage":"es","@id":"https:\/\/bibliotecavigil.org.ar\/inicio\/recorrido-guiado-a-46-anos-de-la-intervencion\/#primaryimage","url":"https:\/\/bibliotecavigil.org.ar\/inicio\/wp-content\/uploads\/2023\/02\/grafica-02-scaled.jpg","contentUrl":"https:\/\/bibliotecavigil.org.ar\/inicio\/wp-content\/uploads\/2023\/02\/grafica-02-scaled.jpg","width":2560,"height":1607},{"@type":"BreadcrumbList","@id":"https:\/\/bibliotecavigil.org.ar\/inicio\/recorrido-guiado-a-46-anos-de-la-intervencion\/#breadcrumb","itemListElement":[{"@type":"ListItem","position":1,"name":"Portada","item":"https:\/\/bibliotecavigil.org.ar\/inicio\/"},{"@type":"ListItem","position":2,"name":"Recorrido Guiado a 46 a\u00f1os de la Intervenci\u00f3n"}]},{"@type":"WebSite","@id":"https:\/\/bibliotecavigil.org.ar\/inicio\/#website","url":"https:\/\/bibliotecavigil.org.ar\/inicio\/","name":"Biblioteca Vigil","description":"Biblioteca Popular C C Vigil","publisher":{"@id":"https:\/\/bibliotecavigil.org.ar\/inicio\/#organization"},"potentialAction":[{"@type":"SearchAction","target":{"@type":"EntryPoint","urlTemplate":"https:\/\/bibliotecavigil.org.ar\/inicio\/?s={search_term_string}"},"query-input":{"@type":"PropertyValueSpecification","valueRequired":true,"valueName":"search_term_string"}}],"inLanguage":"es"},{"@type":"Organization","@id":"https:\/\/bibliotecavigil.org.ar\/inicio\/#organization","name":"Biblioteca Popular C.C.Vigil","url":"https:\/\/bibliotecavigil.org.ar\/inicio\/","logo":{"@type":"ImageObject","inLanguage":"es","@id":"https:\/\/bibliotecavigil.org.ar\/inicio\/#\/schema\/logo\/image\/","url":"https:\/\/bibliotecavigil.org.ar\/inicio\/wp-content\/uploads\/2023\/06\/Logo-sin-texto-gif.gif","contentUrl":"https:\/\/bibliotecavigil.org.ar\/inicio\/wp-content\/uploads\/2023\/06\/Logo-sin-texto-gif.gif","width":1487,"height":1604,"caption":"Biblioteca Popular C.C.Vigil"},"image":{"@id":"https:\/\/bibliotecavigil.org.ar\/inicio\/#\/schema\/logo\/image\/"}},{"@type":"Person","@id":"https:\/\/bibliotecavigil.org.ar\/inicio\/#\/schema\/person\/98530bc117d5fa50c5dc01b4fd8d3700","name":"Biblioteca Vigil","image":{"@type":"ImageObject","inLanguage":"es","@id":"https:\/\/secure.gravatar.com\/avatar\/a96b6054dc4c80cde596e2c3f42d23e4f769e395116bf277fb508315b9d8a5c5?s=96&d=mm&r=g","url":"https:\/\/secure.gravatar.com\/avatar\/a96b6054dc4c80cde596e2c3f42d23e4f769e395116bf277fb508315b9d8a5c5?s=96&d=mm&r=g","contentUrl":"https:\/\/secure.gravatar.com\/avatar\/a96b6054dc4c80cde596e2c3f42d23e4f769e395116bf277fb508315b9d8a5c5?s=96&d=mm&r=g","caption":"Biblioteca Vigil"},"url":"https:\/\/bibliotecavigil.org.ar\/inicio\/author\/comunicacion\/"}]}},"_links":{"self":[{"href":"https:\/\/bibliotecavigil.org.ar\/inicio\/wp-json\/wp\/v2\/posts\/31348","targetHints":{"allow":["GET"]}}],"collection":[{"href":"https:\/\/bibliotecavigil.org.ar\/inicio\/wp-json\/wp\/v2\/posts"}],"about":[{"href":"https:\/\/bibliotecavigil.org.ar\/inicio\/wp-json\/wp\/v2\/types\/post"}],"author":[{"embeddable":true,"href":"https:\/\/bibliotecavigil.org.ar\/inicio\/wp-json\/wp\/v2\/users\/3"}],"replies":[{"embeddable":true,"href":"https:\/\/bibliotecavigil.org.ar\/inicio\/wp-json\/wp\/v2\/comments?post=31348"}],"version-history":[{"count":1,"href":"https:\/\/bibliotecavigil.org.ar\/inicio\/wp-json\/wp\/v2\/posts\/31348\/revisions"}],"predecessor-version":[{"id":31351,"href":"https:\/\/bibliotecavigil.org.ar\/inicio\/wp-json\/wp\/v2\/posts\/31348\/revisions\/31351"}],"wp:featuredmedia":[{"embeddable":true,"href":"https:\/\/bibliotecavigil.org.ar\/inicio\/wp-json\/wp\/v2\/media\/31350"}],"wp:attachment":[{"href":"https:\/\/bibliotecavigil.org.ar\/inicio\/wp-json\/wp\/v2\/media?parent=31348"}],"wp:term":[{"taxonomy":"category","embeddable":true,"href":"https:\/\/bibliotecavigil.org.ar\/inicio\/wp-json\/wp\/v2\/categories?post=31348"},{"taxonomy":"post_tag","embeddable":true,"href":"https:\/\/bibliotecavigil.org.ar\/inicio\/wp-json\/wp\/v2\/tags?post=31348"}],"curies":[{"name":"wp","href":"https:\/\/api.w.org\/{rel}","templated":true}]}}