{"id":31352,"date":"2023-02-18T13:51:27","date_gmt":"2023-02-18T16:51:27","guid":{"rendered":"https:\/\/bibliotecavigil.org.ar\/inicio\/?p=31352"},"modified":"2023-02-18T13:51:29","modified_gmt":"2023-02-18T16:51:29","slug":"taller-barro-y-quemazon-una-experiencia-de-construccion-y-quema","status":"publish","type":"post","link":"https:\/\/bibliotecavigil.org.ar\/inicio\/taller-barro-y-quemazon-una-experiencia-de-construccion-y-quema\/","title":{"rendered":"Taller: Barro y quemaz\u00f3n. Una experiencia de construcci\u00f3n y quema"},"content":{"rendered":"\n<p>\u25ba Taller: Barro y quemaz\u00f3n. Una experiencia de construcci\u00f3n y quema<\/p>\n\n\n\n<p>El taller es una propuesta de acercamiento al lenguaje cer\u00e1mico mediante una experiencia est\u00e9tica de elaboraci\u00f3n de una pieza cer\u00e1mica y la construcci\u00f3n de un horno de adobe con quema a carb\u00f3n y le\u00f1a. Mediante la acci\u00f3n transformadora del barro se suscitan acciones colectivas y colaborativas que ponen en pr\u00e1ctica modos m\u00e1s solidarios de habitar el mundo.<\/p>\n\n\n\n<p>Se realizar\u00e1 la elaboraci\u00f3n de la pieza de cer\u00e1mica (individual) y la construcci\u00f3n del horno de adobe para la quema colectiva. No hace falta traer materiales.<\/p>\n\n\n\n<p>Coordinan: Prof. Cynthia Blacon\u00e1, Prof. Jimena Rodr\u00edguez, Mariela Blumenfeld, Paula Lingua, Julieta Brassart, Geraldine Mayer Paula Fern\u00e1ndez y Mar\u00eda Nieves Martini<\/p>\n\n\n\n<p>\u25ac D\u00edas: s\u00e1bados 25\/02, 4\/03 y 11\/03 de 10 a 13 h<\/p>\n\n\n\n<p>Actividad destinada a estudiantes del programa Santa Fe M\u00e1s y abierta a toda la comunidad.<\/p>\n\n\n\n<p>\u25ac Inscripci\u00f3n previa: Enviando un correo a consultas@bibliotecavigil.org.ar (Indicar nombre, apellido, n\u00famero de tel\u00e9fono, la inscripci\u00f3n es para las 3 fechas) &#8211; Cupo reducido.<\/p>\n\n\n\n<p><\/p>\n\n\n\n<figure class=\"wp-block-image size-large\"><a href=\"https:\/\/bibliotecavigil.org.ar\/inicio\/wp-content\/uploads\/2023\/02\/Taller-ceramica.jpeg\"><img decoding=\"async\" width=\"724\" height=\"1024\" data-src=\"https:\/\/bibliotecavigil.org.ar\/inicio\/wp-content\/uploads\/2023\/02\/Taller-ceramica-724x1024.jpeg\" alt=\"\" class=\"wp-image-31353 lazyload\" src=\"data:image\/svg+xml;base64,PHN2ZyB3aWR0aD0iMSIgaGVpZ2h0PSIxIiB4bWxucz0iaHR0cDovL3d3dy53My5vcmcvMjAwMC9zdmciPjwvc3ZnPg==\" style=\"--smush-placeholder-width: 724px; --smush-placeholder-aspect-ratio: 724\/1024;\" \/><\/a><\/figure>\n","protected":false},"excerpt":{"rendered":"<p>\u25ba Taller: Barro y quemaz\u00f3n. Una experiencia de construcci\u00f3n y quema El taller es una propuesta de acercamiento al lenguaje cer\u00e1mico mediante una experiencia est\u00e9tica de elaboraci\u00f3n de una pieza cer\u00e1mica y la construcci\u00f3n de un horno de adobe con quema a carb\u00f3n y le\u00f1a. Mediante la acci\u00f3n transformadora del barro se suscitan acciones colectivas [&hellip;]<\/p>\n","protected":false},"author":3,"featured_media":31354,"comment_status":"open","ping_status":"closed","sticky":false,"template":"","format":"standard","meta":{"_et_pb_use_builder":"off","_et_pb_old_content":"","_et_gb_content_width":"1920","footnotes":""},"categories":[16],"tags":[394,155,397,396,74],"class_list":["post-31352","post","type-post","status-publish","format-standard","has-post-thumbnail","hentry","category-noticias","tag-barro","tag-ceramica","tag-cynthiablacona","tag-santafemas","tag-taller"],"yoast_head":"<!-- This site is optimized with the Yoast SEO plugin v27.3 - https:\/\/yoast.com\/product\/yoast-seo-wordpress\/ -->\n<title>Taller: Barro y quemaz\u00f3n. Una experiencia de construcci\u00f3n y quema - Biblioteca Vigil<\/title>\n<meta name=\"robots\" content=\"index, follow, max-snippet:-1, max-image-preview:large, max-video-preview:-1\" \/>\n<link rel=\"canonical\" href=\"https:\/\/bibliotecavigil.org.ar\/inicio\/taller-barro-y-quemazon-una-experiencia-de-construccion-y-quema\/\" \/>\n<meta property=\"og:locale\" content=\"es_ES\" \/>\n<meta property=\"og:type\" content=\"article\" \/>\n<meta property=\"og:title\" content=\"Taller: Barro y quemaz\u00f3n. Una experiencia de construcci\u00f3n y quema - Biblioteca Vigil\" \/>\n<meta property=\"og:description\" content=\"\u25ba Taller: Barro y quemaz\u00f3n. Una experiencia de construcci\u00f3n y quema El taller es una propuesta de acercamiento al lenguaje cer\u00e1mico mediante una experiencia est\u00e9tica de elaboraci\u00f3n de una pieza cer\u00e1mica y la construcci\u00f3n de un horno de adobe con quema a carb\u00f3n y le\u00f1a. Mediante la acci\u00f3n transformadora del barro se suscitan acciones colectivas [&hellip;]\" \/>\n<meta property=\"og:url\" content=\"https:\/\/bibliotecavigil.org.ar\/inicio\/taller-barro-y-quemazon-una-experiencia-de-construccion-y-quema\/\" \/>\n<meta property=\"og:site_name\" content=\"Biblioteca Vigil\" \/>\n<meta property=\"article:published_time\" content=\"2023-02-18T16:51:27+00:00\" \/>\n<meta property=\"article:modified_time\" content=\"2023-02-18T16:51:29+00:00\" \/>\n<meta property=\"og:image\" content=\"https:\/\/bibliotecavigil.org.ar\/inicio\/wp-content\/uploads\/2023\/02\/taller-ceramica-03-scaled.jpg\" \/>\n\t<meta property=\"og:image:width\" content=\"2560\" \/>\n\t<meta property=\"og:image:height\" content=\"1607\" \/>\n\t<meta property=\"og:image:type\" content=\"image\/jpeg\" \/>\n<meta name=\"author\" content=\"Biblioteca Vigil\" \/>\n<meta name=\"twitter:card\" content=\"summary_large_image\" \/>\n<meta name=\"twitter:label1\" content=\"Escrito por\" \/>\n\t<meta name=\"twitter:data1\" content=\"Biblioteca Vigil\" \/>\n\t<meta name=\"twitter:label2\" content=\"Tiempo de lectura\" \/>\n\t<meta name=\"twitter:data2\" content=\"1 minuto\" \/>\n<script type=\"application\/ld+json\" class=\"yoast-schema-graph\">{\"@context\":\"https:\\\/\\\/schema.org\",\"@graph\":[{\"@type\":\"Article\",\"@id\":\"https:\\\/\\\/bibliotecavigil.org.ar\\\/inicio\\\/taller-barro-y-quemazon-una-experiencia-de-construccion-y-quema\\\/#article\",\"isPartOf\":{\"@id\":\"https:\\\/\\\/bibliotecavigil.org.ar\\\/inicio\\\/taller-barro-y-quemazon-una-experiencia-de-construccion-y-quema\\\/\"},\"author\":{\"name\":\"Biblioteca Vigil\",\"@id\":\"https:\\\/\\\/bibliotecavigil.org.ar\\\/inicio\\\/#\\\/schema\\\/person\\\/98530bc117d5fa50c5dc01b4fd8d3700\"},\"headline\":\"Taller: Barro y quemaz\u00f3n. Una experiencia de construcci\u00f3n y quema\",\"datePublished\":\"2023-02-18T16:51:27+00:00\",\"dateModified\":\"2023-02-18T16:51:29+00:00\",\"mainEntityOfPage\":{\"@id\":\"https:\\\/\\\/bibliotecavigil.org.ar\\\/inicio\\\/taller-barro-y-quemazon-una-experiencia-de-construccion-y-quema\\\/\"},\"wordCount\":197,\"commentCount\":2,\"publisher\":{\"@id\":\"https:\\\/\\\/bibliotecavigil.org.ar\\\/inicio\\\/#organization\"},\"image\":{\"@id\":\"https:\\\/\\\/bibliotecavigil.org.ar\\\/inicio\\\/taller-barro-y-quemazon-una-experiencia-de-construccion-y-quema\\\/#primaryimage\"},\"thumbnailUrl\":\"https:\\\/\\\/bibliotecavigil.org.ar\\\/inicio\\\/wp-content\\\/uploads\\\/2023\\\/02\\\/taller-ceramica-03-scaled.jpg\",\"keywords\":[\"barro\",\"ceramica\",\"cynthiablacona\",\"santafemas\",\"taller\"],\"articleSection\":[\"Noticias\"],\"inLanguage\":\"es\",\"potentialAction\":[{\"@type\":\"CommentAction\",\"name\":\"Comment\",\"target\":[\"https:\\\/\\\/bibliotecavigil.org.ar\\\/inicio\\\/taller-barro-y-quemazon-una-experiencia-de-construccion-y-quema\\\/#respond\"]}]},{\"@type\":\"WebPage\",\"@id\":\"https:\\\/\\\/bibliotecavigil.org.ar\\\/inicio\\\/taller-barro-y-quemazon-una-experiencia-de-construccion-y-quema\\\/\",\"url\":\"https:\\\/\\\/bibliotecavigil.org.ar\\\/inicio\\\/taller-barro-y-quemazon-una-experiencia-de-construccion-y-quema\\\/\",\"name\":\"Taller: Barro y quemaz\u00f3n. Una experiencia de construcci\u00f3n y quema - Biblioteca Vigil\",\"isPartOf\":{\"@id\":\"https:\\\/\\\/bibliotecavigil.org.ar\\\/inicio\\\/#website\"},\"primaryImageOfPage\":{\"@id\":\"https:\\\/\\\/bibliotecavigil.org.ar\\\/inicio\\\/taller-barro-y-quemazon-una-experiencia-de-construccion-y-quema\\\/#primaryimage\"},\"image\":{\"@id\":\"https:\\\/\\\/bibliotecavigil.org.ar\\\/inicio\\\/taller-barro-y-quemazon-una-experiencia-de-construccion-y-quema\\\/#primaryimage\"},\"thumbnailUrl\":\"https:\\\/\\\/bibliotecavigil.org.ar\\\/inicio\\\/wp-content\\\/uploads\\\/2023\\\/02\\\/taller-ceramica-03-scaled.jpg\",\"datePublished\":\"2023-02-18T16:51:27+00:00\",\"dateModified\":\"2023-02-18T16:51:29+00:00\",\"breadcrumb\":{\"@id\":\"https:\\\/\\\/bibliotecavigil.org.ar\\\/inicio\\\/taller-barro-y-quemazon-una-experiencia-de-construccion-y-quema\\\/#breadcrumb\"},\"inLanguage\":\"es\",\"potentialAction\":[{\"@type\":\"ReadAction\",\"target\":[\"https:\\\/\\\/bibliotecavigil.org.ar\\\/inicio\\\/taller-barro-y-quemazon-una-experiencia-de-construccion-y-quema\\\/\"]}]},{\"@type\":\"ImageObject\",\"inLanguage\":\"es\",\"@id\":\"https:\\\/\\\/bibliotecavigil.org.ar\\\/inicio\\\/taller-barro-y-quemazon-una-experiencia-de-construccion-y-quema\\\/#primaryimage\",\"url\":\"https:\\\/\\\/bibliotecavigil.org.ar\\\/inicio\\\/wp-content\\\/uploads\\\/2023\\\/02\\\/taller-ceramica-03-scaled.jpg\",\"contentUrl\":\"https:\\\/\\\/bibliotecavigil.org.ar\\\/inicio\\\/wp-content\\\/uploads\\\/2023\\\/02\\\/taller-ceramica-03-scaled.jpg\",\"width\":2560,\"height\":1607},{\"@type\":\"BreadcrumbList\",\"@id\":\"https:\\\/\\\/bibliotecavigil.org.ar\\\/inicio\\\/taller-barro-y-quemazon-una-experiencia-de-construccion-y-quema\\\/#breadcrumb\",\"itemListElement\":[{\"@type\":\"ListItem\",\"position\":1,\"name\":\"Portada\",\"item\":\"https:\\\/\\\/bibliotecavigil.org.ar\\\/inicio\\\/\"},{\"@type\":\"ListItem\",\"position\":2,\"name\":\"Taller: Barro y quemaz\u00f3n. Una experiencia de construcci\u00f3n y quema\"}]},{\"@type\":\"WebSite\",\"@id\":\"https:\\\/\\\/bibliotecavigil.org.ar\\\/inicio\\\/#website\",\"url\":\"https:\\\/\\\/bibliotecavigil.org.ar\\\/inicio\\\/\",\"name\":\"Biblioteca Vigil\",\"description\":\"Biblioteca Popular C C Vigil\",\"publisher\":{\"@id\":\"https:\\\/\\\/bibliotecavigil.org.ar\\\/inicio\\\/#organization\"},\"potentialAction\":[{\"@type\":\"SearchAction\",\"target\":{\"@type\":\"EntryPoint\",\"urlTemplate\":\"https:\\\/\\\/bibliotecavigil.org.ar\\\/inicio\\\/?s={search_term_string}\"},\"query-input\":{\"@type\":\"PropertyValueSpecification\",\"valueRequired\":true,\"valueName\":\"search_term_string\"}}],\"inLanguage\":\"es\"},{\"@type\":\"Organization\",\"@id\":\"https:\\\/\\\/bibliotecavigil.org.ar\\\/inicio\\\/#organization\",\"name\":\"Biblioteca Popular C.C.Vigil\",\"url\":\"https:\\\/\\\/bibliotecavigil.org.ar\\\/inicio\\\/\",\"logo\":{\"@type\":\"ImageObject\",\"inLanguage\":\"es\",\"@id\":\"https:\\\/\\\/bibliotecavigil.org.ar\\\/inicio\\\/#\\\/schema\\\/logo\\\/image\\\/\",\"url\":\"https:\\\/\\\/bibliotecavigil.org.ar\\\/inicio\\\/wp-content\\\/uploads\\\/2023\\\/06\\\/Logo-sin-texto-gif.gif\",\"contentUrl\":\"https:\\\/\\\/bibliotecavigil.org.ar\\\/inicio\\\/wp-content\\\/uploads\\\/2023\\\/06\\\/Logo-sin-texto-gif.gif\",\"width\":1487,\"height\":1604,\"caption\":\"Biblioteca Popular C.C.Vigil\"},\"image\":{\"@id\":\"https:\\\/\\\/bibliotecavigil.org.ar\\\/inicio\\\/#\\\/schema\\\/logo\\\/image\\\/\"}},{\"@type\":\"Person\",\"@id\":\"https:\\\/\\\/bibliotecavigil.org.ar\\\/inicio\\\/#\\\/schema\\\/person\\\/98530bc117d5fa50c5dc01b4fd8d3700\",\"name\":\"Biblioteca Vigil\",\"image\":{\"@type\":\"ImageObject\",\"inLanguage\":\"es\",\"@id\":\"https:\\\/\\\/secure.gravatar.com\\\/avatar\\\/a96b6054dc4c80cde596e2c3f42d23e4f769e395116bf277fb508315b9d8a5c5?s=96&d=mm&r=g\",\"url\":\"https:\\\/\\\/secure.gravatar.com\\\/avatar\\\/a96b6054dc4c80cde596e2c3f42d23e4f769e395116bf277fb508315b9d8a5c5?s=96&d=mm&r=g\",\"contentUrl\":\"https:\\\/\\\/secure.gravatar.com\\\/avatar\\\/a96b6054dc4c80cde596e2c3f42d23e4f769e395116bf277fb508315b9d8a5c5?s=96&d=mm&r=g\",\"caption\":\"Biblioteca Vigil\"},\"url\":\"https:\\\/\\\/bibliotecavigil.org.ar\\\/inicio\\\/author\\\/comunicacion\\\/\"}]}<\/script>\n<!-- \/ Yoast SEO plugin. -->","yoast_head_json":{"title":"Taller: Barro y quemaz\u00f3n. Una experiencia de construcci\u00f3n y quema - Biblioteca Vigil","robots":{"index":"index","follow":"follow","max-snippet":"max-snippet:-1","max-image-preview":"max-image-preview:large","max-video-preview":"max-video-preview:-1"},"canonical":"https:\/\/bibliotecavigil.org.ar\/inicio\/taller-barro-y-quemazon-una-experiencia-de-construccion-y-quema\/","og_locale":"es_ES","og_type":"article","og_title":"Taller: Barro y quemaz\u00f3n. Una experiencia de construcci\u00f3n y quema - Biblioteca Vigil","og_description":"\u25ba Taller: Barro y quemaz\u00f3n. Una experiencia de construcci\u00f3n y quema El taller es una propuesta de acercamiento al lenguaje cer\u00e1mico mediante una experiencia est\u00e9tica de elaboraci\u00f3n de una pieza cer\u00e1mica y la construcci\u00f3n de un horno de adobe con quema a carb\u00f3n y le\u00f1a. Mediante la acci\u00f3n transformadora del barro se suscitan acciones colectivas [&hellip;]","og_url":"https:\/\/bibliotecavigil.org.ar\/inicio\/taller-barro-y-quemazon-una-experiencia-de-construccion-y-quema\/","og_site_name":"Biblioteca Vigil","article_published_time":"2023-02-18T16:51:27+00:00","article_modified_time":"2023-02-18T16:51:29+00:00","og_image":[{"width":2560,"height":1607,"url":"https:\/\/bibliotecavigil.org.ar\/inicio\/wp-content\/uploads\/2023\/02\/taller-ceramica-03-scaled.jpg","type":"image\/jpeg"}],"author":"Biblioteca Vigil","twitter_card":"summary_large_image","twitter_misc":{"Escrito por":"Biblioteca Vigil","Tiempo de lectura":"1 minuto"},"schema":{"@context":"https:\/\/schema.org","@graph":[{"@type":"Article","@id":"https:\/\/bibliotecavigil.org.ar\/inicio\/taller-barro-y-quemazon-una-experiencia-de-construccion-y-quema\/#article","isPartOf":{"@id":"https:\/\/bibliotecavigil.org.ar\/inicio\/taller-barro-y-quemazon-una-experiencia-de-construccion-y-quema\/"},"author":{"name":"Biblioteca Vigil","@id":"https:\/\/bibliotecavigil.org.ar\/inicio\/#\/schema\/person\/98530bc117d5fa50c5dc01b4fd8d3700"},"headline":"Taller: Barro y quemaz\u00f3n. Una experiencia de construcci\u00f3n y quema","datePublished":"2023-02-18T16:51:27+00:00","dateModified":"2023-02-18T16:51:29+00:00","mainEntityOfPage":{"@id":"https:\/\/bibliotecavigil.org.ar\/inicio\/taller-barro-y-quemazon-una-experiencia-de-construccion-y-quema\/"},"wordCount":197,"commentCount":2,"publisher":{"@id":"https:\/\/bibliotecavigil.org.ar\/inicio\/#organization"},"image":{"@id":"https:\/\/bibliotecavigil.org.ar\/inicio\/taller-barro-y-quemazon-una-experiencia-de-construccion-y-quema\/#primaryimage"},"thumbnailUrl":"https:\/\/bibliotecavigil.org.ar\/inicio\/wp-content\/uploads\/2023\/02\/taller-ceramica-03-scaled.jpg","keywords":["barro","ceramica","cynthiablacona","santafemas","taller"],"articleSection":["Noticias"],"inLanguage":"es","potentialAction":[{"@type":"CommentAction","name":"Comment","target":["https:\/\/bibliotecavigil.org.ar\/inicio\/taller-barro-y-quemazon-una-experiencia-de-construccion-y-quema\/#respond"]}]},{"@type":"WebPage","@id":"https:\/\/bibliotecavigil.org.ar\/inicio\/taller-barro-y-quemazon-una-experiencia-de-construccion-y-quema\/","url":"https:\/\/bibliotecavigil.org.ar\/inicio\/taller-barro-y-quemazon-una-experiencia-de-construccion-y-quema\/","name":"Taller: Barro y quemaz\u00f3n. Una experiencia de construcci\u00f3n y quema - Biblioteca Vigil","isPartOf":{"@id":"https:\/\/bibliotecavigil.org.ar\/inicio\/#website"},"primaryImageOfPage":{"@id":"https:\/\/bibliotecavigil.org.ar\/inicio\/taller-barro-y-quemazon-una-experiencia-de-construccion-y-quema\/#primaryimage"},"image":{"@id":"https:\/\/bibliotecavigil.org.ar\/inicio\/taller-barro-y-quemazon-una-experiencia-de-construccion-y-quema\/#primaryimage"},"thumbnailUrl":"https:\/\/bibliotecavigil.org.ar\/inicio\/wp-content\/uploads\/2023\/02\/taller-ceramica-03-scaled.jpg","datePublished":"2023-02-18T16:51:27+00:00","dateModified":"2023-02-18T16:51:29+00:00","breadcrumb":{"@id":"https:\/\/bibliotecavigil.org.ar\/inicio\/taller-barro-y-quemazon-una-experiencia-de-construccion-y-quema\/#breadcrumb"},"inLanguage":"es","potentialAction":[{"@type":"ReadAction","target":["https:\/\/bibliotecavigil.org.ar\/inicio\/taller-barro-y-quemazon-una-experiencia-de-construccion-y-quema\/"]}]},{"@type":"ImageObject","inLanguage":"es","@id":"https:\/\/bibliotecavigil.org.ar\/inicio\/taller-barro-y-quemazon-una-experiencia-de-construccion-y-quema\/#primaryimage","url":"https:\/\/bibliotecavigil.org.ar\/inicio\/wp-content\/uploads\/2023\/02\/taller-ceramica-03-scaled.jpg","contentUrl":"https:\/\/bibliotecavigil.org.ar\/inicio\/wp-content\/uploads\/2023\/02\/taller-ceramica-03-scaled.jpg","width":2560,"height":1607},{"@type":"BreadcrumbList","@id":"https:\/\/bibliotecavigil.org.ar\/inicio\/taller-barro-y-quemazon-una-experiencia-de-construccion-y-quema\/#breadcrumb","itemListElement":[{"@type":"ListItem","position":1,"name":"Portada","item":"https:\/\/bibliotecavigil.org.ar\/inicio\/"},{"@type":"ListItem","position":2,"name":"Taller: Barro y quemaz\u00f3n. Una experiencia de construcci\u00f3n y quema"}]},{"@type":"WebSite","@id":"https:\/\/bibliotecavigil.org.ar\/inicio\/#website","url":"https:\/\/bibliotecavigil.org.ar\/inicio\/","name":"Biblioteca Vigil","description":"Biblioteca Popular C C Vigil","publisher":{"@id":"https:\/\/bibliotecavigil.org.ar\/inicio\/#organization"},"potentialAction":[{"@type":"SearchAction","target":{"@type":"EntryPoint","urlTemplate":"https:\/\/bibliotecavigil.org.ar\/inicio\/?s={search_term_string}"},"query-input":{"@type":"PropertyValueSpecification","valueRequired":true,"valueName":"search_term_string"}}],"inLanguage":"es"},{"@type":"Organization","@id":"https:\/\/bibliotecavigil.org.ar\/inicio\/#organization","name":"Biblioteca Popular C.C.Vigil","url":"https:\/\/bibliotecavigil.org.ar\/inicio\/","logo":{"@type":"ImageObject","inLanguage":"es","@id":"https:\/\/bibliotecavigil.org.ar\/inicio\/#\/schema\/logo\/image\/","url":"https:\/\/bibliotecavigil.org.ar\/inicio\/wp-content\/uploads\/2023\/06\/Logo-sin-texto-gif.gif","contentUrl":"https:\/\/bibliotecavigil.org.ar\/inicio\/wp-content\/uploads\/2023\/06\/Logo-sin-texto-gif.gif","width":1487,"height":1604,"caption":"Biblioteca Popular C.C.Vigil"},"image":{"@id":"https:\/\/bibliotecavigil.org.ar\/inicio\/#\/schema\/logo\/image\/"}},{"@type":"Person","@id":"https:\/\/bibliotecavigil.org.ar\/inicio\/#\/schema\/person\/98530bc117d5fa50c5dc01b4fd8d3700","name":"Biblioteca Vigil","image":{"@type":"ImageObject","inLanguage":"es","@id":"https:\/\/secure.gravatar.com\/avatar\/a96b6054dc4c80cde596e2c3f42d23e4f769e395116bf277fb508315b9d8a5c5?s=96&d=mm&r=g","url":"https:\/\/secure.gravatar.com\/avatar\/a96b6054dc4c80cde596e2c3f42d23e4f769e395116bf277fb508315b9d8a5c5?s=96&d=mm&r=g","contentUrl":"https:\/\/secure.gravatar.com\/avatar\/a96b6054dc4c80cde596e2c3f42d23e4f769e395116bf277fb508315b9d8a5c5?s=96&d=mm&r=g","caption":"Biblioteca Vigil"},"url":"https:\/\/bibliotecavigil.org.ar\/inicio\/author\/comunicacion\/"}]}},"_links":{"self":[{"href":"https:\/\/bibliotecavigil.org.ar\/inicio\/wp-json\/wp\/v2\/posts\/31352","targetHints":{"allow":["GET"]}}],"collection":[{"href":"https:\/\/bibliotecavigil.org.ar\/inicio\/wp-json\/wp\/v2\/posts"}],"about":[{"href":"https:\/\/bibliotecavigil.org.ar\/inicio\/wp-json\/wp\/v2\/types\/post"}],"author":[{"embeddable":true,"href":"https:\/\/bibliotecavigil.org.ar\/inicio\/wp-json\/wp\/v2\/users\/3"}],"replies":[{"embeddable":true,"href":"https:\/\/bibliotecavigil.org.ar\/inicio\/wp-json\/wp\/v2\/comments?post=31352"}],"version-history":[{"count":1,"href":"https:\/\/bibliotecavigil.org.ar\/inicio\/wp-json\/wp\/v2\/posts\/31352\/revisions"}],"predecessor-version":[{"id":31355,"href":"https:\/\/bibliotecavigil.org.ar\/inicio\/wp-json\/wp\/v2\/posts\/31352\/revisions\/31355"}],"wp:featuredmedia":[{"embeddable":true,"href":"https:\/\/bibliotecavigil.org.ar\/inicio\/wp-json\/wp\/v2\/media\/31354"}],"wp:attachment":[{"href":"https:\/\/bibliotecavigil.org.ar\/inicio\/wp-json\/wp\/v2\/media?parent=31352"}],"wp:term":[{"taxonomy":"category","embeddable":true,"href":"https:\/\/bibliotecavigil.org.ar\/inicio\/wp-json\/wp\/v2\/categories?post=31352"},{"taxonomy":"post_tag","embeddable":true,"href":"https:\/\/bibliotecavigil.org.ar\/inicio\/wp-json\/wp\/v2\/tags?post=31352"}],"curies":[{"name":"wp","href":"https:\/\/api.w.org\/{rel}","templated":true}]}}