{"id":31431,"date":"2023-03-17T14:55:39","date_gmt":"2023-03-17T17:55:39","guid":{"rendered":"https:\/\/bibliotecavigil.org.ar\/inicio\/?p=31431"},"modified":"2023-03-17T16:41:47","modified_gmt":"2023-03-17T19:41:47","slug":"semanas-de-la-memoria","status":"publish","type":"post","link":"https:\/\/bibliotecavigil.org.ar\/inicio\/semanas-de-la-memoria\/","title":{"rendered":"Semanas de la Memoria"},"content":{"rendered":"\n<p>La conmemoraci\u00f3n de 40 a\u00f1os de democracia ininterrumpida es una nueva oportunidad para construir una ciudadan\u00eda comprometida con la defensa activa de los derechos humanos. La memoria nos permite trazar puentes entre nuestro presente y pasado reciente, para crear un futuro igualitario, emancipador y con m\u00e1s derechos para todxs.<\/p>\n\n\n\n<p>En el marco de Semanas de la Memoria y, continuando la lucha que emprendieron Madres y Abuelas y que defendemos como parte de nuestra identidad, lxs invitamos a participar de m\u00faltiples eventos:<\/p>\n\n\n\n<p>\u25ba<strong> MIE 22<\/strong><\/p>\n\n\n\n<p>\u25ac 19 h:<strong> \u201cMaterialidades de la memoria\u201d<\/strong>, Charla y proyecci\u00f3n por Mariana Ferrato en Gaboto 450.<\/p>\n\n\n\n<p>\u201cMemoria de la Materia\u201d sigue las huellas de los artefactos que se hicieron en la c\u00e1rcel: devolver la memoria de la materia al presente y al futuro. La artista contar\u00e1 su experiencia y recorrido en ese sentido.<\/p>\n\n\n\n<p>\u25ba <strong>JUE 23<\/strong><\/p>\n\n\n\n<p>\u25ac 18 h <strong>Di\u00e1logos Educativos en nuestro canal de YouTube \u201cDemocracia y derechos. El Archivo en la Memoria\u201d<\/strong><\/p>\n\n\n\n<p>Archivo de la Memoria Travesti \u2013 Trans Provincia de Santa Fe. Dialogan: Karla Ojeda. y Mariana Garc\u00eda.<\/p>\n\n\n\n<p>\u25ac 19 h <strong>Recorrido guiado nocturno.<\/strong><\/p>\n\n\n\n<p>En la Vigil-ia del 24 de marzo: Historia y Presente. Un nuevo recorrido en La Vigil, Sitio de Memoria del Terrorismo de Estado, con im\u00e1genes, relatos, an\u00e9cdotas, videos, cifras y muchos metros cuadrados para transitar.<\/p>\n\n\n\n<p>\u25ba <strong>VIE 24<\/strong><\/p>\n\n\n\n<p>\u25ac <strong>Marchamos<\/strong> juntxs bajo la bandera de La Vigil por el <strong>D\u00eda de la Memoria por la Verdad y la Justicia<\/strong>.<\/p>\n\n\n\n<p>\u25ba <strong>DOM 26<\/strong><\/p>\n\n\n\n<p>\u25ac 16 h. <strong>Carnaval de la Memoria<\/strong><\/p>\n\n\n\n<p>Feriazo n\u00b0 14!<\/p>\n\n\n\n<p>Talleres: 16 h Pintada de Mural homenaje a socixs desaparecidxs\/asesinadxs por la dictadura c\u00edvico-militar \/ 16 h Leemos Cuentos Prohibidos \/ 17 h Bordando Memoria \/ 17 h Canciones Prohibidas \/ 17:30 h Creaci\u00f3n de Canciones y Canto Colectivo \/ 18 h Taller de M\u00e1scaras.<\/p>\n\n\n\n<p>Tocan: Murga Okupando Levitas \/ Candombe Hormiga \/ Karma Chicha.<\/p>\n\n\n\n<p>Presentan: La Mo\u00f1a (Corel Mart\u00ednez) y Mojarrita (Iv\u00e1n Megido)<\/p>\n\n\n\n<p>\u25ba <strong>VIE 31<\/strong><\/p>\n\n\n\n<p>\u25ac 20.30 h. <strong>Obra REC<\/strong><\/p>\n\n\n\n<p>Acontecimiento esc\u00e9nico perform\u00e1tico, d\u00f3nde lo biogr\u00e1fico y lo ficcional se entrecruzan con la danza, el paisaje sonoro, el mapping, las artes audiovisuales y la iluminaci\u00f3n. Int\u00e9rpretes: Juliana Gonz\u00e1lez, Camila Viale, Helena Vittar, Federico De Battista, Jesica Biancotto. Dramaturgia y direcci\u00f3n: Jesica Biancotto.<\/p>\n\n\n\n<p><strong>Entradas: Socixs Gratis \/ No Socios: $ 1000.-<\/strong><\/p>\n\n\n\n<p><\/p>\n\n\n\n<figure class=\"wp-block-image size-large\"><a href=\"https:\/\/bibliotecavigil.org.ar\/inicio\/wp-content\/uploads\/2023\/03\/WhatsApp-Image-2023-03-17-at-14.33.41-3.jpeg\"><img decoding=\"async\" width=\"811\" height=\"1024\" data-src=\"https:\/\/bibliotecavigil.org.ar\/inicio\/wp-content\/uploads\/2023\/03\/WhatsApp-Image-2023-03-17-at-14.33.41-3-811x1024.jpeg\" alt=\"\" class=\"wp-image-31435 lazyload\" src=\"data:image\/svg+xml;base64,PHN2ZyB3aWR0aD0iMSIgaGVpZ2h0PSIxIiB4bWxucz0iaHR0cDovL3d3dy53My5vcmcvMjAwMC9zdmciPjwvc3ZnPg==\" style=\"--smush-placeholder-width: 811px; --smush-placeholder-aspect-ratio: 811\/1024;\" \/><\/a><\/figure>\n\n\n\n<p><\/p>\n\n\n\n<figure class=\"wp-block-image size-large\"><a href=\"https:\/\/bibliotecavigil.org.ar\/inicio\/wp-content\/uploads\/2023\/03\/WhatsApp-Image-2023-03-17-at-14.33.41-1.jpeg\"><img decoding=\"async\" width=\"811\" height=\"1024\" data-src=\"https:\/\/bibliotecavigil.org.ar\/inicio\/wp-content\/uploads\/2023\/03\/WhatsApp-Image-2023-03-17-at-14.33.41-1-811x1024.jpeg\" alt=\"\" class=\"wp-image-31436 lazyload\" src=\"data:image\/svg+xml;base64,PHN2ZyB3aWR0aD0iMSIgaGVpZ2h0PSIxIiB4bWxucz0iaHR0cDovL3d3dy53My5vcmcvMjAwMC9zdmciPjwvc3ZnPg==\" style=\"--smush-placeholder-width: 811px; --smush-placeholder-aspect-ratio: 811\/1024;\" \/><\/a><\/figure>\n\n\n\n<p><\/p>\n\n\n\n<figure class=\"wp-block-image size-large\"><a href=\"https:\/\/bibliotecavigil.org.ar\/inicio\/wp-content\/uploads\/2023\/03\/WhatsApp-Image-2023-03-17-at-14.33.41-5.jpeg\"><img decoding=\"async\" width=\"811\" height=\"1024\" data-src=\"https:\/\/bibliotecavigil.org.ar\/inicio\/wp-content\/uploads\/2023\/03\/WhatsApp-Image-2023-03-17-at-14.33.41-5-811x1024.jpeg\" alt=\"\" class=\"wp-image-31437 lazyload\" src=\"data:image\/svg+xml;base64,PHN2ZyB3aWR0aD0iMSIgaGVpZ2h0PSIxIiB4bWxucz0iaHR0cDovL3d3dy53My5vcmcvMjAwMC9zdmciPjwvc3ZnPg==\" style=\"--smush-placeholder-width: 811px; --smush-placeholder-aspect-ratio: 811\/1024;\" \/><\/a><\/figure>\n\n\n\n<p><\/p>\n\n\n\n<figure class=\"wp-block-image size-large\"><a href=\"https:\/\/bibliotecavigil.org.ar\/inicio\/wp-content\/uploads\/2023\/03\/WhatsApp-Image-2023-03-17-at-14.33.41.jpeg\"><img decoding=\"async\" width=\"811\" height=\"1024\" data-src=\"https:\/\/bibliotecavigil.org.ar\/inicio\/wp-content\/uploads\/2023\/03\/WhatsApp-Image-2023-03-17-at-14.33.41-811x1024.jpeg\" alt=\"\" class=\"wp-image-31438 lazyload\" src=\"data:image\/svg+xml;base64,PHN2ZyB3aWR0aD0iMSIgaGVpZ2h0PSIxIiB4bWxucz0iaHR0cDovL3d3dy53My5vcmcvMjAwMC9zdmciPjwvc3ZnPg==\" style=\"--smush-placeholder-width: 811px; --smush-placeholder-aspect-ratio: 811\/1024;\" \/><\/a><\/figure>\n\n\n\n<p><\/p>\n\n\n\n<figure class=\"wp-block-image size-large\"><a href=\"https:\/\/bibliotecavigil.org.ar\/inicio\/wp-content\/uploads\/2023\/03\/WhatsApp-Image-2023-03-17-at-14.33.41-4.jpeg\"><img decoding=\"async\" width=\"811\" height=\"1024\" data-src=\"https:\/\/bibliotecavigil.org.ar\/inicio\/wp-content\/uploads\/2023\/03\/WhatsApp-Image-2023-03-17-at-14.33.41-4-811x1024.jpeg\" alt=\"\" class=\"wp-image-31439 lazyload\" src=\"data:image\/svg+xml;base64,PHN2ZyB3aWR0aD0iMSIgaGVpZ2h0PSIxIiB4bWxucz0iaHR0cDovL3d3dy53My5vcmcvMjAwMC9zdmciPjwvc3ZnPg==\" style=\"--smush-placeholder-width: 811px; --smush-placeholder-aspect-ratio: 811\/1024;\" \/><\/a><\/figure>\n","protected":false},"excerpt":{"rendered":"<p>La conmemoraci\u00f3n de 40 a\u00f1os de democracia ininterrumpida es una nueva oportunidad para construir una ciudadan\u00eda comprometida con la defensa activa de los derechos humanos. La memoria nos permite trazar puentes entre nuestro presente y pasado reciente, para crear un futuro igualitario, emancipador y con m\u00e1s derechos para todxs. En el marco de Semanas de [&hellip;]<\/p>\n","protected":false},"author":3,"featured_media":31432,"comment_status":"open","ping_status":"closed","sticky":false,"template":"","format":"standard","meta":{"_et_pb_use_builder":"off","_et_pb_old_content":"","_et_gb_content_width":"1920","footnotes":""},"categories":[16],"tags":[404,246,403,123,124,94,405,402,118,337,336],"class_list":["post-31431","post","type-post","status-publish","format-standard","has-post-thumbnail","hentry","category-noticias","tag-24marzo","tag-archivo","tag-carnaval","tag-dialogos","tag-educativos","tag-memoria","tag-rec","tag-semana","tag-teatro","tag-trans","tag-travesti"],"yoast_head":"<!-- This site is optimized with the Yoast SEO plugin v27.3 - https:\/\/yoast.com\/product\/yoast-seo-wordpress\/ -->\n<title>Semanas de la Memoria - Biblioteca Vigil<\/title>\n<meta name=\"robots\" content=\"index, follow, max-snippet:-1, max-image-preview:large, max-video-preview:-1\" \/>\n<link rel=\"canonical\" href=\"https:\/\/bibliotecavigil.org.ar\/inicio\/semanas-de-la-memoria\/\" \/>\n<meta property=\"og:locale\" content=\"es_ES\" \/>\n<meta property=\"og:type\" content=\"article\" \/>\n<meta property=\"og:title\" content=\"Semanas de la Memoria - Biblioteca Vigil\" \/>\n<meta property=\"og:description\" content=\"La conmemoraci\u00f3n de 40 a\u00f1os de democracia ininterrumpida es una nueva oportunidad para construir una ciudadan\u00eda comprometida con la defensa activa de los derechos humanos. La memoria nos permite trazar puentes entre nuestro presente y pasado reciente, para crear un futuro igualitario, emancipador y con m\u00e1s derechos para todxs. En el marco de Semanas de [&hellip;]\" \/>\n<meta property=\"og:url\" content=\"https:\/\/bibliotecavigil.org.ar\/inicio\/semanas-de-la-memoria\/\" \/>\n<meta property=\"og:site_name\" content=\"Biblioteca Vigil\" \/>\n<meta property=\"article:published_time\" content=\"2023-03-17T17:55:39+00:00\" \/>\n<meta property=\"article:modified_time\" content=\"2023-03-17T19:41:47+00:00\" \/>\n<meta property=\"og:image\" content=\"https:\/\/bibliotecavigil.org.ar\/inicio\/wp-content\/uploads\/2023\/03\/Semana-de-la-Memoria_grilla-horizontal-scaled.jpg\" \/>\n\t<meta property=\"og:image:width\" content=\"2560\" \/>\n\t<meta property=\"og:image:height\" content=\"1757\" \/>\n\t<meta property=\"og:image:type\" content=\"image\/jpeg\" \/>\n<meta name=\"author\" content=\"Biblioteca Vigil\" \/>\n<meta name=\"twitter:card\" content=\"summary_large_image\" \/>\n<meta name=\"twitter:label1\" content=\"Escrito por\" \/>\n\t<meta name=\"twitter:data1\" content=\"Biblioteca Vigil\" \/>\n\t<meta name=\"twitter:label2\" content=\"Tiempo de lectura\" \/>\n\t<meta name=\"twitter:data2\" content=\"3 minutos\" \/>\n<script type=\"application\/ld+json\" class=\"yoast-schema-graph\">{\"@context\":\"https:\\\/\\\/schema.org\",\"@graph\":[{\"@type\":\"Article\",\"@id\":\"https:\\\/\\\/bibliotecavigil.org.ar\\\/inicio\\\/semanas-de-la-memoria\\\/#article\",\"isPartOf\":{\"@id\":\"https:\\\/\\\/bibliotecavigil.org.ar\\\/inicio\\\/semanas-de-la-memoria\\\/\"},\"author\":{\"name\":\"Biblioteca Vigil\",\"@id\":\"https:\\\/\\\/bibliotecavigil.org.ar\\\/inicio\\\/#\\\/schema\\\/person\\\/98530bc117d5fa50c5dc01b4fd8d3700\"},\"headline\":\"Semanas de la Memoria\",\"datePublished\":\"2023-03-17T17:55:39+00:00\",\"dateModified\":\"2023-03-17T19:41:47+00:00\",\"mainEntityOfPage\":{\"@id\":\"https:\\\/\\\/bibliotecavigil.org.ar\\\/inicio\\\/semanas-de-la-memoria\\\/\"},\"wordCount\":364,\"commentCount\":0,\"publisher\":{\"@id\":\"https:\\\/\\\/bibliotecavigil.org.ar\\\/inicio\\\/#organization\"},\"image\":{\"@id\":\"https:\\\/\\\/bibliotecavigil.org.ar\\\/inicio\\\/semanas-de-la-memoria\\\/#primaryimage\"},\"thumbnailUrl\":\"https:\\\/\\\/bibliotecavigil.org.ar\\\/inicio\\\/wp-content\\\/uploads\\\/2023\\\/03\\\/Semana-de-la-Memoria_grilla-horizontal-scaled.jpg\",\"keywords\":[\"24marzo\",\"archivo\",\"carnaval\",\"dialogos\",\"educativos\",\"memoria\",\"rec\",\"semana\",\"teatro\",\"trans\",\"travesti\"],\"articleSection\":[\"Noticias\"],\"inLanguage\":\"es\",\"potentialAction\":[{\"@type\":\"CommentAction\",\"name\":\"Comment\",\"target\":[\"https:\\\/\\\/bibliotecavigil.org.ar\\\/inicio\\\/semanas-de-la-memoria\\\/#respond\"]}]},{\"@type\":\"WebPage\",\"@id\":\"https:\\\/\\\/bibliotecavigil.org.ar\\\/inicio\\\/semanas-de-la-memoria\\\/\",\"url\":\"https:\\\/\\\/bibliotecavigil.org.ar\\\/inicio\\\/semanas-de-la-memoria\\\/\",\"name\":\"Semanas de la Memoria - Biblioteca Vigil\",\"isPartOf\":{\"@id\":\"https:\\\/\\\/bibliotecavigil.org.ar\\\/inicio\\\/#website\"},\"primaryImageOfPage\":{\"@id\":\"https:\\\/\\\/bibliotecavigil.org.ar\\\/inicio\\\/semanas-de-la-memoria\\\/#primaryimage\"},\"image\":{\"@id\":\"https:\\\/\\\/bibliotecavigil.org.ar\\\/inicio\\\/semanas-de-la-memoria\\\/#primaryimage\"},\"thumbnailUrl\":\"https:\\\/\\\/bibliotecavigil.org.ar\\\/inicio\\\/wp-content\\\/uploads\\\/2023\\\/03\\\/Semana-de-la-Memoria_grilla-horizontal-scaled.jpg\",\"datePublished\":\"2023-03-17T17:55:39+00:00\",\"dateModified\":\"2023-03-17T19:41:47+00:00\",\"breadcrumb\":{\"@id\":\"https:\\\/\\\/bibliotecavigil.org.ar\\\/inicio\\\/semanas-de-la-memoria\\\/#breadcrumb\"},\"inLanguage\":\"es\",\"potentialAction\":[{\"@type\":\"ReadAction\",\"target\":[\"https:\\\/\\\/bibliotecavigil.org.ar\\\/inicio\\\/semanas-de-la-memoria\\\/\"]}]},{\"@type\":\"ImageObject\",\"inLanguage\":\"es\",\"@id\":\"https:\\\/\\\/bibliotecavigil.org.ar\\\/inicio\\\/semanas-de-la-memoria\\\/#primaryimage\",\"url\":\"https:\\\/\\\/bibliotecavigil.org.ar\\\/inicio\\\/wp-content\\\/uploads\\\/2023\\\/03\\\/Semana-de-la-Memoria_grilla-horizontal-scaled.jpg\",\"contentUrl\":\"https:\\\/\\\/bibliotecavigil.org.ar\\\/inicio\\\/wp-content\\\/uploads\\\/2023\\\/03\\\/Semana-de-la-Memoria_grilla-horizontal-scaled.jpg\",\"width\":2560,\"height\":1757},{\"@type\":\"BreadcrumbList\",\"@id\":\"https:\\\/\\\/bibliotecavigil.org.ar\\\/inicio\\\/semanas-de-la-memoria\\\/#breadcrumb\",\"itemListElement\":[{\"@type\":\"ListItem\",\"position\":1,\"name\":\"Portada\",\"item\":\"https:\\\/\\\/bibliotecavigil.org.ar\\\/inicio\\\/\"},{\"@type\":\"ListItem\",\"position\":2,\"name\":\"Semanas de la Memoria\"}]},{\"@type\":\"WebSite\",\"@id\":\"https:\\\/\\\/bibliotecavigil.org.ar\\\/inicio\\\/#website\",\"url\":\"https:\\\/\\\/bibliotecavigil.org.ar\\\/inicio\\\/\",\"name\":\"Biblioteca Vigil\",\"description\":\"Biblioteca Popular C C Vigil\",\"publisher\":{\"@id\":\"https:\\\/\\\/bibliotecavigil.org.ar\\\/inicio\\\/#organization\"},\"potentialAction\":[{\"@type\":\"SearchAction\",\"target\":{\"@type\":\"EntryPoint\",\"urlTemplate\":\"https:\\\/\\\/bibliotecavigil.org.ar\\\/inicio\\\/?s={search_term_string}\"},\"query-input\":{\"@type\":\"PropertyValueSpecification\",\"valueRequired\":true,\"valueName\":\"search_term_string\"}}],\"inLanguage\":\"es\"},{\"@type\":\"Organization\",\"@id\":\"https:\\\/\\\/bibliotecavigil.org.ar\\\/inicio\\\/#organization\",\"name\":\"Biblioteca Popular C.C.Vigil\",\"url\":\"https:\\\/\\\/bibliotecavigil.org.ar\\\/inicio\\\/\",\"logo\":{\"@type\":\"ImageObject\",\"inLanguage\":\"es\",\"@id\":\"https:\\\/\\\/bibliotecavigil.org.ar\\\/inicio\\\/#\\\/schema\\\/logo\\\/image\\\/\",\"url\":\"https:\\\/\\\/bibliotecavigil.org.ar\\\/inicio\\\/wp-content\\\/uploads\\\/2023\\\/06\\\/Logo-sin-texto-gif.gif\",\"contentUrl\":\"https:\\\/\\\/bibliotecavigil.org.ar\\\/inicio\\\/wp-content\\\/uploads\\\/2023\\\/06\\\/Logo-sin-texto-gif.gif\",\"width\":1487,\"height\":1604,\"caption\":\"Biblioteca Popular C.C.Vigil\"},\"image\":{\"@id\":\"https:\\\/\\\/bibliotecavigil.org.ar\\\/inicio\\\/#\\\/schema\\\/logo\\\/image\\\/\"}},{\"@type\":\"Person\",\"@id\":\"https:\\\/\\\/bibliotecavigil.org.ar\\\/inicio\\\/#\\\/schema\\\/person\\\/98530bc117d5fa50c5dc01b4fd8d3700\",\"name\":\"Biblioteca Vigil\",\"image\":{\"@type\":\"ImageObject\",\"inLanguage\":\"es\",\"@id\":\"https:\\\/\\\/secure.gravatar.com\\\/avatar\\\/a96b6054dc4c80cde596e2c3f42d23e4f769e395116bf277fb508315b9d8a5c5?s=96&d=mm&r=g\",\"url\":\"https:\\\/\\\/secure.gravatar.com\\\/avatar\\\/a96b6054dc4c80cde596e2c3f42d23e4f769e395116bf277fb508315b9d8a5c5?s=96&d=mm&r=g\",\"contentUrl\":\"https:\\\/\\\/secure.gravatar.com\\\/avatar\\\/a96b6054dc4c80cde596e2c3f42d23e4f769e395116bf277fb508315b9d8a5c5?s=96&d=mm&r=g\",\"caption\":\"Biblioteca Vigil\"},\"url\":\"https:\\\/\\\/bibliotecavigil.org.ar\\\/inicio\\\/author\\\/comunicacion\\\/\"}]}<\/script>\n<!-- \/ Yoast SEO plugin. -->","yoast_head_json":{"title":"Semanas de la Memoria - Biblioteca Vigil","robots":{"index":"index","follow":"follow","max-snippet":"max-snippet:-1","max-image-preview":"max-image-preview:large","max-video-preview":"max-video-preview:-1"},"canonical":"https:\/\/bibliotecavigil.org.ar\/inicio\/semanas-de-la-memoria\/","og_locale":"es_ES","og_type":"article","og_title":"Semanas de la Memoria - Biblioteca Vigil","og_description":"La conmemoraci\u00f3n de 40 a\u00f1os de democracia ininterrumpida es una nueva oportunidad para construir una ciudadan\u00eda comprometida con la defensa activa de los derechos humanos. La memoria nos permite trazar puentes entre nuestro presente y pasado reciente, para crear un futuro igualitario, emancipador y con m\u00e1s derechos para todxs. En el marco de Semanas de [&hellip;]","og_url":"https:\/\/bibliotecavigil.org.ar\/inicio\/semanas-de-la-memoria\/","og_site_name":"Biblioteca Vigil","article_published_time":"2023-03-17T17:55:39+00:00","article_modified_time":"2023-03-17T19:41:47+00:00","og_image":[{"width":2560,"height":1757,"url":"https:\/\/bibliotecavigil.org.ar\/inicio\/wp-content\/uploads\/2023\/03\/Semana-de-la-Memoria_grilla-horizontal-scaled.jpg","type":"image\/jpeg"}],"author":"Biblioteca Vigil","twitter_card":"summary_large_image","twitter_misc":{"Escrito por":"Biblioteca Vigil","Tiempo de lectura":"3 minutos"},"schema":{"@context":"https:\/\/schema.org","@graph":[{"@type":"Article","@id":"https:\/\/bibliotecavigil.org.ar\/inicio\/semanas-de-la-memoria\/#article","isPartOf":{"@id":"https:\/\/bibliotecavigil.org.ar\/inicio\/semanas-de-la-memoria\/"},"author":{"name":"Biblioteca Vigil","@id":"https:\/\/bibliotecavigil.org.ar\/inicio\/#\/schema\/person\/98530bc117d5fa50c5dc01b4fd8d3700"},"headline":"Semanas de la Memoria","datePublished":"2023-03-17T17:55:39+00:00","dateModified":"2023-03-17T19:41:47+00:00","mainEntityOfPage":{"@id":"https:\/\/bibliotecavigil.org.ar\/inicio\/semanas-de-la-memoria\/"},"wordCount":364,"commentCount":0,"publisher":{"@id":"https:\/\/bibliotecavigil.org.ar\/inicio\/#organization"},"image":{"@id":"https:\/\/bibliotecavigil.org.ar\/inicio\/semanas-de-la-memoria\/#primaryimage"},"thumbnailUrl":"https:\/\/bibliotecavigil.org.ar\/inicio\/wp-content\/uploads\/2023\/03\/Semana-de-la-Memoria_grilla-horizontal-scaled.jpg","keywords":["24marzo","archivo","carnaval","dialogos","educativos","memoria","rec","semana","teatro","trans","travesti"],"articleSection":["Noticias"],"inLanguage":"es","potentialAction":[{"@type":"CommentAction","name":"Comment","target":["https:\/\/bibliotecavigil.org.ar\/inicio\/semanas-de-la-memoria\/#respond"]}]},{"@type":"WebPage","@id":"https:\/\/bibliotecavigil.org.ar\/inicio\/semanas-de-la-memoria\/","url":"https:\/\/bibliotecavigil.org.ar\/inicio\/semanas-de-la-memoria\/","name":"Semanas de la Memoria - Biblioteca Vigil","isPartOf":{"@id":"https:\/\/bibliotecavigil.org.ar\/inicio\/#website"},"primaryImageOfPage":{"@id":"https:\/\/bibliotecavigil.org.ar\/inicio\/semanas-de-la-memoria\/#primaryimage"},"image":{"@id":"https:\/\/bibliotecavigil.org.ar\/inicio\/semanas-de-la-memoria\/#primaryimage"},"thumbnailUrl":"https:\/\/bibliotecavigil.org.ar\/inicio\/wp-content\/uploads\/2023\/03\/Semana-de-la-Memoria_grilla-horizontal-scaled.jpg","datePublished":"2023-03-17T17:55:39+00:00","dateModified":"2023-03-17T19:41:47+00:00","breadcrumb":{"@id":"https:\/\/bibliotecavigil.org.ar\/inicio\/semanas-de-la-memoria\/#breadcrumb"},"inLanguage":"es","potentialAction":[{"@type":"ReadAction","target":["https:\/\/bibliotecavigil.org.ar\/inicio\/semanas-de-la-memoria\/"]}]},{"@type":"ImageObject","inLanguage":"es","@id":"https:\/\/bibliotecavigil.org.ar\/inicio\/semanas-de-la-memoria\/#primaryimage","url":"https:\/\/bibliotecavigil.org.ar\/inicio\/wp-content\/uploads\/2023\/03\/Semana-de-la-Memoria_grilla-horizontal-scaled.jpg","contentUrl":"https:\/\/bibliotecavigil.org.ar\/inicio\/wp-content\/uploads\/2023\/03\/Semana-de-la-Memoria_grilla-horizontal-scaled.jpg","width":2560,"height":1757},{"@type":"BreadcrumbList","@id":"https:\/\/bibliotecavigil.org.ar\/inicio\/semanas-de-la-memoria\/#breadcrumb","itemListElement":[{"@type":"ListItem","position":1,"name":"Portada","item":"https:\/\/bibliotecavigil.org.ar\/inicio\/"},{"@type":"ListItem","position":2,"name":"Semanas de la Memoria"}]},{"@type":"WebSite","@id":"https:\/\/bibliotecavigil.org.ar\/inicio\/#website","url":"https:\/\/bibliotecavigil.org.ar\/inicio\/","name":"Biblioteca Vigil","description":"Biblioteca Popular C C Vigil","publisher":{"@id":"https:\/\/bibliotecavigil.org.ar\/inicio\/#organization"},"potentialAction":[{"@type":"SearchAction","target":{"@type":"EntryPoint","urlTemplate":"https:\/\/bibliotecavigil.org.ar\/inicio\/?s={search_term_string}"},"query-input":{"@type":"PropertyValueSpecification","valueRequired":true,"valueName":"search_term_string"}}],"inLanguage":"es"},{"@type":"Organization","@id":"https:\/\/bibliotecavigil.org.ar\/inicio\/#organization","name":"Biblioteca Popular C.C.Vigil","url":"https:\/\/bibliotecavigil.org.ar\/inicio\/","logo":{"@type":"ImageObject","inLanguage":"es","@id":"https:\/\/bibliotecavigil.org.ar\/inicio\/#\/schema\/logo\/image\/","url":"https:\/\/bibliotecavigil.org.ar\/inicio\/wp-content\/uploads\/2023\/06\/Logo-sin-texto-gif.gif","contentUrl":"https:\/\/bibliotecavigil.org.ar\/inicio\/wp-content\/uploads\/2023\/06\/Logo-sin-texto-gif.gif","width":1487,"height":1604,"caption":"Biblioteca Popular C.C.Vigil"},"image":{"@id":"https:\/\/bibliotecavigil.org.ar\/inicio\/#\/schema\/logo\/image\/"}},{"@type":"Person","@id":"https:\/\/bibliotecavigil.org.ar\/inicio\/#\/schema\/person\/98530bc117d5fa50c5dc01b4fd8d3700","name":"Biblioteca Vigil","image":{"@type":"ImageObject","inLanguage":"es","@id":"https:\/\/secure.gravatar.com\/avatar\/a96b6054dc4c80cde596e2c3f42d23e4f769e395116bf277fb508315b9d8a5c5?s=96&d=mm&r=g","url":"https:\/\/secure.gravatar.com\/avatar\/a96b6054dc4c80cde596e2c3f42d23e4f769e395116bf277fb508315b9d8a5c5?s=96&d=mm&r=g","contentUrl":"https:\/\/secure.gravatar.com\/avatar\/a96b6054dc4c80cde596e2c3f42d23e4f769e395116bf277fb508315b9d8a5c5?s=96&d=mm&r=g","caption":"Biblioteca Vigil"},"url":"https:\/\/bibliotecavigil.org.ar\/inicio\/author\/comunicacion\/"}]}},"_links":{"self":[{"href":"https:\/\/bibliotecavigil.org.ar\/inicio\/wp-json\/wp\/v2\/posts\/31431","targetHints":{"allow":["GET"]}}],"collection":[{"href":"https:\/\/bibliotecavigil.org.ar\/inicio\/wp-json\/wp\/v2\/posts"}],"about":[{"href":"https:\/\/bibliotecavigil.org.ar\/inicio\/wp-json\/wp\/v2\/types\/post"}],"author":[{"embeddable":true,"href":"https:\/\/bibliotecavigil.org.ar\/inicio\/wp-json\/wp\/v2\/users\/3"}],"replies":[{"embeddable":true,"href":"https:\/\/bibliotecavigil.org.ar\/inicio\/wp-json\/wp\/v2\/comments?post=31431"}],"version-history":[{"count":4,"href":"https:\/\/bibliotecavigil.org.ar\/inicio\/wp-json\/wp\/v2\/posts\/31431\/revisions"}],"predecessor-version":[{"id":31450,"href":"https:\/\/bibliotecavigil.org.ar\/inicio\/wp-json\/wp\/v2\/posts\/31431\/revisions\/31450"}],"wp:featuredmedia":[{"embeddable":true,"href":"https:\/\/bibliotecavigil.org.ar\/inicio\/wp-json\/wp\/v2\/media\/31432"}],"wp:attachment":[{"href":"https:\/\/bibliotecavigil.org.ar\/inicio\/wp-json\/wp\/v2\/media?parent=31431"}],"wp:term":[{"taxonomy":"category","embeddable":true,"href":"https:\/\/bibliotecavigil.org.ar\/inicio\/wp-json\/wp\/v2\/categories?post=31431"},{"taxonomy":"post_tag","embeddable":true,"href":"https:\/\/bibliotecavigil.org.ar\/inicio\/wp-json\/wp\/v2\/tags?post=31431"}],"curies":[{"name":"wp","href":"https:\/\/api.w.org\/{rel}","templated":true}]}}