{"id":31472,"date":"2023-04-03T19:29:53","date_gmt":"2023-04-03T22:29:53","guid":{"rendered":"https:\/\/bibliotecavigil.org.ar\/inicio\/?p=31472"},"modified":"2023-04-03T19:37:06","modified_gmt":"2023-04-03T22:37:06","slug":"dialogos-educativos-esi-y-educacion-ambiental-integral-un-dialogo-necesario","status":"publish","type":"post","link":"https:\/\/bibliotecavigil.org.ar\/inicio\/dialogos-educativos-esi-y-educacion-ambiental-integral-un-dialogo-necesario\/","title":{"rendered":"Di\u00e1logos Educativos: ESI y Educaci\u00f3n Ambiental Integral, un di\u00e1logo necesario."},"content":{"rendered":"\n<p>Di\u00e1logos Educativos: ESI y Educaci\u00f3n ambiental integral, un di\u00e1logo necesario.<\/p>\n\n\n\n<p>Nos encontraremos en el canal de YouTube de la biblioteca para poder dialogar sobre la historicidad e importancia de ambas Leyes y su irrenunciable transversalidad.<\/p>\n\n\n\n<p>Dialogan:<\/p>\n\n\n\n<p>\u25ba Gloria Schuster: Integrante Equipo ESi Provincial. Docente seminario ESI Profesorados de Incial y Primaria ISP 16 y 35.<\/p>\n\n\n\n<p>\u25ba Marina Salomon Coordinadora ESI Provincial &#8211; Equipo sur.<\/p>\n\n\n\n<p>\u25ba Vanina Landra Integrante Equipo ESI Provincial &#8211; Militante Socioambiental.<\/p>\n\n\n\n<p>\u25ac El mi\u00e9rcoles 05 de abril a las 18 h en <a href=\"https:\/\/www.youtube.com\/channel\/UC7Xm3jqJo-pUBhpzLRpqjag\">https:\/\/www.youtube.com\/channel\/UC7Xm3jqJo-pUBhpzLRpqjag<\/a> <\/p>\n\n\n\n<p>Suscribite y enterate de todas nuestras charlas y audiovisuales.<\/p>\n\n\n\n<p>Ciclo organizado por La Vigil y el Instituto Superior del Profesorado N\u00ba 16 \u00abDr. Bernado A. Houssay\u00bb.<\/p>\n\n\n\n<p><\/p>\n\n\n\n<figure class=\"wp-block-image size-large\"><a href=\"https:\/\/bibliotecavigil.org.ar\/inicio\/wp-content\/uploads\/2023\/04\/Dialogos-Educativos.jpeg\"><img decoding=\"async\" width=\"1024\" height=\"1024\" data-src=\"https:\/\/bibliotecavigil.org.ar\/inicio\/wp-content\/uploads\/2023\/04\/Dialogos-Educativos-1024x1024.jpeg\" alt=\"\" class=\"wp-image-31474 lazyload\" data-srcset=\"https:\/\/bibliotecavigil.org.ar\/inicio\/wp-content\/uploads\/2023\/04\/Dialogos-Educativos-980x980.jpeg 980w, https:\/\/bibliotecavigil.org.ar\/inicio\/wp-content\/uploads\/2023\/04\/Dialogos-Educativos-480x480.jpeg 480w\" data-sizes=\"(min-width: 0px) and (max-width: 480px) 480px, (min-width: 481px) and (max-width: 980px) 980px, (min-width: 981px) 1024px, 100vw\" src=\"data:image\/svg+xml;base64,PHN2ZyB3aWR0aD0iMSIgaGVpZ2h0PSIxIiB4bWxucz0iaHR0cDovL3d3dy53My5vcmcvMjAwMC9zdmciPjwvc3ZnPg==\" style=\"--smush-placeholder-width: 1024px; --smush-placeholder-aspect-ratio: 1024\/1024;\" \/><\/a><\/figure>\n","protected":false},"excerpt":{"rendered":"<p>Di\u00e1logos Educativos: ESI y Educaci\u00f3n ambiental integral, un di\u00e1logo necesario. Nos encontraremos en el canal de YouTube de la biblioteca para poder dialogar sobre la historicidad e importancia de ambas Leyes y su irrenunciable transversalidad. Dialogan: \u25ba Gloria Schuster: Integrante Equipo ESi Provincial. Docente seminario ESI Profesorados de Incial y Primaria ISP 16 y 35. [&hellip;]<\/p>\n","protected":false},"author":3,"featured_media":31475,"comment_status":"open","ping_status":"closed","sticky":false,"template":"","format":"standard","meta":{"_et_pb_use_builder":"off","_et_pb_old_content":"","_et_gb_content_width":"1920","footnotes":""},"categories":[16],"tags":[123,124],"class_list":["post-31472","post","type-post","status-publish","format-standard","has-post-thumbnail","hentry","category-noticias","tag-dialogos","tag-educativos"],"yoast_head":"<!-- This site is optimized with the Yoast SEO plugin v27.3 - https:\/\/yoast.com\/product\/yoast-seo-wordpress\/ -->\n<title>Di\u00e1logos Educativos: ESI y Educaci\u00f3n Ambiental Integral, un di\u00e1logo necesario. - Biblioteca Vigil<\/title>\n<meta name=\"robots\" content=\"index, follow, max-snippet:-1, max-image-preview:large, max-video-preview:-1\" \/>\n<link rel=\"canonical\" href=\"https:\/\/bibliotecavigil.org.ar\/inicio\/dialogos-educativos-esi-y-educacion-ambiental-integral-un-dialogo-necesario\/\" \/>\n<meta property=\"og:locale\" content=\"es_ES\" \/>\n<meta property=\"og:type\" content=\"article\" \/>\n<meta property=\"og:title\" content=\"Di\u00e1logos Educativos: ESI y Educaci\u00f3n Ambiental Integral, un di\u00e1logo necesario. - Biblioteca Vigil\" \/>\n<meta property=\"og:description\" content=\"Di\u00e1logos Educativos: ESI y Educaci\u00f3n ambiental integral, un di\u00e1logo necesario. Nos encontraremos en el canal de YouTube de la biblioteca para poder dialogar sobre la historicidad e importancia de ambas Leyes y su irrenunciable transversalidad. Dialogan: \u25ba Gloria Schuster: Integrante Equipo ESi Provincial. Docente seminario ESI Profesorados de Incial y Primaria ISP 16 y 35. [&hellip;]\" \/>\n<meta property=\"og:url\" content=\"https:\/\/bibliotecavigil.org.ar\/inicio\/dialogos-educativos-esi-y-educacion-ambiental-integral-un-dialogo-necesario\/\" \/>\n<meta property=\"og:site_name\" content=\"Biblioteca Vigil\" \/>\n<meta property=\"article:published_time\" content=\"2023-04-03T22:29:53+00:00\" \/>\n<meta property=\"article:modified_time\" content=\"2023-04-03T22:37:06+00:00\" \/>\n<meta property=\"og:image\" content=\"https:\/\/bibliotecavigil.org.ar\/inicio\/wp-content\/uploads\/2023\/04\/dialogos-educativos_web-scaled.jpg\" \/>\n\t<meta property=\"og:image:width\" content=\"2560\" \/>\n\t<meta property=\"og:image:height\" content=\"1607\" \/>\n\t<meta property=\"og:image:type\" content=\"image\/jpeg\" \/>\n<meta name=\"author\" content=\"Biblioteca Vigil\" \/>\n<meta name=\"twitter:card\" content=\"summary_large_image\" \/>\n<meta name=\"twitter:label1\" content=\"Escrito por\" \/>\n\t<meta name=\"twitter:data1\" content=\"Biblioteca Vigil\" \/>\n\t<meta name=\"twitter:label2\" content=\"Tiempo de lectura\" \/>\n\t<meta name=\"twitter:data2\" content=\"1 minuto\" \/>\n<script type=\"application\/ld+json\" class=\"yoast-schema-graph\">{\"@context\":\"https:\\\/\\\/schema.org\",\"@graph\":[{\"@type\":\"Article\",\"@id\":\"https:\\\/\\\/bibliotecavigil.org.ar\\\/inicio\\\/dialogos-educativos-esi-y-educacion-ambiental-integral-un-dialogo-necesario\\\/#article\",\"isPartOf\":{\"@id\":\"https:\\\/\\\/bibliotecavigil.org.ar\\\/inicio\\\/dialogos-educativos-esi-y-educacion-ambiental-integral-un-dialogo-necesario\\\/\"},\"author\":{\"name\":\"Biblioteca Vigil\",\"@id\":\"https:\\\/\\\/bibliotecavigil.org.ar\\\/inicio\\\/#\\\/schema\\\/person\\\/98530bc117d5fa50c5dc01b4fd8d3700\"},\"headline\":\"Di\u00e1logos Educativos: ESI y Educaci\u00f3n Ambiental Integral, un di\u00e1logo necesario.\",\"datePublished\":\"2023-04-03T22:29:53+00:00\",\"dateModified\":\"2023-04-03T22:37:06+00:00\",\"mainEntityOfPage\":{\"@id\":\"https:\\\/\\\/bibliotecavigil.org.ar\\\/inicio\\\/dialogos-educativos-esi-y-educacion-ambiental-integral-un-dialogo-necesario\\\/\"},\"wordCount\":127,\"commentCount\":0,\"publisher\":{\"@id\":\"https:\\\/\\\/bibliotecavigil.org.ar\\\/inicio\\\/#organization\"},\"image\":{\"@id\":\"https:\\\/\\\/bibliotecavigil.org.ar\\\/inicio\\\/dialogos-educativos-esi-y-educacion-ambiental-integral-un-dialogo-necesario\\\/#primaryimage\"},\"thumbnailUrl\":\"https:\\\/\\\/bibliotecavigil.org.ar\\\/inicio\\\/wp-content\\\/uploads\\\/2023\\\/04\\\/dialogos-educativos_web-scaled.jpg\",\"keywords\":[\"dialogos\",\"educativos\"],\"articleSection\":[\"Noticias\"],\"inLanguage\":\"es\",\"potentialAction\":[{\"@type\":\"CommentAction\",\"name\":\"Comment\",\"target\":[\"https:\\\/\\\/bibliotecavigil.org.ar\\\/inicio\\\/dialogos-educativos-esi-y-educacion-ambiental-integral-un-dialogo-necesario\\\/#respond\"]}]},{\"@type\":\"WebPage\",\"@id\":\"https:\\\/\\\/bibliotecavigil.org.ar\\\/inicio\\\/dialogos-educativos-esi-y-educacion-ambiental-integral-un-dialogo-necesario\\\/\",\"url\":\"https:\\\/\\\/bibliotecavigil.org.ar\\\/inicio\\\/dialogos-educativos-esi-y-educacion-ambiental-integral-un-dialogo-necesario\\\/\",\"name\":\"Di\u00e1logos Educativos: ESI y Educaci\u00f3n Ambiental Integral, un di\u00e1logo necesario. - Biblioteca Vigil\",\"isPartOf\":{\"@id\":\"https:\\\/\\\/bibliotecavigil.org.ar\\\/inicio\\\/#website\"},\"primaryImageOfPage\":{\"@id\":\"https:\\\/\\\/bibliotecavigil.org.ar\\\/inicio\\\/dialogos-educativos-esi-y-educacion-ambiental-integral-un-dialogo-necesario\\\/#primaryimage\"},\"image\":{\"@id\":\"https:\\\/\\\/bibliotecavigil.org.ar\\\/inicio\\\/dialogos-educativos-esi-y-educacion-ambiental-integral-un-dialogo-necesario\\\/#primaryimage\"},\"thumbnailUrl\":\"https:\\\/\\\/bibliotecavigil.org.ar\\\/inicio\\\/wp-content\\\/uploads\\\/2023\\\/04\\\/dialogos-educativos_web-scaled.jpg\",\"datePublished\":\"2023-04-03T22:29:53+00:00\",\"dateModified\":\"2023-04-03T22:37:06+00:00\",\"breadcrumb\":{\"@id\":\"https:\\\/\\\/bibliotecavigil.org.ar\\\/inicio\\\/dialogos-educativos-esi-y-educacion-ambiental-integral-un-dialogo-necesario\\\/#breadcrumb\"},\"inLanguage\":\"es\",\"potentialAction\":[{\"@type\":\"ReadAction\",\"target\":[\"https:\\\/\\\/bibliotecavigil.org.ar\\\/inicio\\\/dialogos-educativos-esi-y-educacion-ambiental-integral-un-dialogo-necesario\\\/\"]}]},{\"@type\":\"ImageObject\",\"inLanguage\":\"es\",\"@id\":\"https:\\\/\\\/bibliotecavigil.org.ar\\\/inicio\\\/dialogos-educativos-esi-y-educacion-ambiental-integral-un-dialogo-necesario\\\/#primaryimage\",\"url\":\"https:\\\/\\\/bibliotecavigil.org.ar\\\/inicio\\\/wp-content\\\/uploads\\\/2023\\\/04\\\/dialogos-educativos_web-scaled.jpg\",\"contentUrl\":\"https:\\\/\\\/bibliotecavigil.org.ar\\\/inicio\\\/wp-content\\\/uploads\\\/2023\\\/04\\\/dialogos-educativos_web-scaled.jpg\",\"width\":2560,\"height\":1607},{\"@type\":\"BreadcrumbList\",\"@id\":\"https:\\\/\\\/bibliotecavigil.org.ar\\\/inicio\\\/dialogos-educativos-esi-y-educacion-ambiental-integral-un-dialogo-necesario\\\/#breadcrumb\",\"itemListElement\":[{\"@type\":\"ListItem\",\"position\":1,\"name\":\"Portada\",\"item\":\"https:\\\/\\\/bibliotecavigil.org.ar\\\/inicio\\\/\"},{\"@type\":\"ListItem\",\"position\":2,\"name\":\"Di\u00e1logos Educativos: ESI y Educaci\u00f3n Ambiental Integral, un di\u00e1logo necesario.\"}]},{\"@type\":\"WebSite\",\"@id\":\"https:\\\/\\\/bibliotecavigil.org.ar\\\/inicio\\\/#website\",\"url\":\"https:\\\/\\\/bibliotecavigil.org.ar\\\/inicio\\\/\",\"name\":\"Biblioteca Vigil\",\"description\":\"Biblioteca Popular C C Vigil\",\"publisher\":{\"@id\":\"https:\\\/\\\/bibliotecavigil.org.ar\\\/inicio\\\/#organization\"},\"potentialAction\":[{\"@type\":\"SearchAction\",\"target\":{\"@type\":\"EntryPoint\",\"urlTemplate\":\"https:\\\/\\\/bibliotecavigil.org.ar\\\/inicio\\\/?s={search_term_string}\"},\"query-input\":{\"@type\":\"PropertyValueSpecification\",\"valueRequired\":true,\"valueName\":\"search_term_string\"}}],\"inLanguage\":\"es\"},{\"@type\":\"Organization\",\"@id\":\"https:\\\/\\\/bibliotecavigil.org.ar\\\/inicio\\\/#organization\",\"name\":\"Biblioteca Popular C.C.Vigil\",\"url\":\"https:\\\/\\\/bibliotecavigil.org.ar\\\/inicio\\\/\",\"logo\":{\"@type\":\"ImageObject\",\"inLanguage\":\"es\",\"@id\":\"https:\\\/\\\/bibliotecavigil.org.ar\\\/inicio\\\/#\\\/schema\\\/logo\\\/image\\\/\",\"url\":\"https:\\\/\\\/bibliotecavigil.org.ar\\\/inicio\\\/wp-content\\\/uploads\\\/2023\\\/06\\\/Logo-sin-texto-gif.gif\",\"contentUrl\":\"https:\\\/\\\/bibliotecavigil.org.ar\\\/inicio\\\/wp-content\\\/uploads\\\/2023\\\/06\\\/Logo-sin-texto-gif.gif\",\"width\":1487,\"height\":1604,\"caption\":\"Biblioteca Popular C.C.Vigil\"},\"image\":{\"@id\":\"https:\\\/\\\/bibliotecavigil.org.ar\\\/inicio\\\/#\\\/schema\\\/logo\\\/image\\\/\"}},{\"@type\":\"Person\",\"@id\":\"https:\\\/\\\/bibliotecavigil.org.ar\\\/inicio\\\/#\\\/schema\\\/person\\\/98530bc117d5fa50c5dc01b4fd8d3700\",\"name\":\"Biblioteca Vigil\",\"image\":{\"@type\":\"ImageObject\",\"inLanguage\":\"es\",\"@id\":\"https:\\\/\\\/secure.gravatar.com\\\/avatar\\\/a96b6054dc4c80cde596e2c3f42d23e4f769e395116bf277fb508315b9d8a5c5?s=96&d=mm&r=g\",\"url\":\"https:\\\/\\\/secure.gravatar.com\\\/avatar\\\/a96b6054dc4c80cde596e2c3f42d23e4f769e395116bf277fb508315b9d8a5c5?s=96&d=mm&r=g\",\"contentUrl\":\"https:\\\/\\\/secure.gravatar.com\\\/avatar\\\/a96b6054dc4c80cde596e2c3f42d23e4f769e395116bf277fb508315b9d8a5c5?s=96&d=mm&r=g\",\"caption\":\"Biblioteca Vigil\"},\"url\":\"https:\\\/\\\/bibliotecavigil.org.ar\\\/inicio\\\/author\\\/comunicacion\\\/\"}]}<\/script>\n<!-- \/ Yoast SEO plugin. -->","yoast_head_json":{"title":"Di\u00e1logos Educativos: ESI y Educaci\u00f3n Ambiental Integral, un di\u00e1logo necesario. - Biblioteca Vigil","robots":{"index":"index","follow":"follow","max-snippet":"max-snippet:-1","max-image-preview":"max-image-preview:large","max-video-preview":"max-video-preview:-1"},"canonical":"https:\/\/bibliotecavigil.org.ar\/inicio\/dialogos-educativos-esi-y-educacion-ambiental-integral-un-dialogo-necesario\/","og_locale":"es_ES","og_type":"article","og_title":"Di\u00e1logos Educativos: ESI y Educaci\u00f3n Ambiental Integral, un di\u00e1logo necesario. - Biblioteca Vigil","og_description":"Di\u00e1logos Educativos: ESI y Educaci\u00f3n ambiental integral, un di\u00e1logo necesario. Nos encontraremos en el canal de YouTube de la biblioteca para poder dialogar sobre la historicidad e importancia de ambas Leyes y su irrenunciable transversalidad. Dialogan: \u25ba Gloria Schuster: Integrante Equipo ESi Provincial. Docente seminario ESI Profesorados de Incial y Primaria ISP 16 y 35. [&hellip;]","og_url":"https:\/\/bibliotecavigil.org.ar\/inicio\/dialogos-educativos-esi-y-educacion-ambiental-integral-un-dialogo-necesario\/","og_site_name":"Biblioteca Vigil","article_published_time":"2023-04-03T22:29:53+00:00","article_modified_time":"2023-04-03T22:37:06+00:00","og_image":[{"width":2560,"height":1607,"url":"https:\/\/bibliotecavigil.org.ar\/inicio\/wp-content\/uploads\/2023\/04\/dialogos-educativos_web-scaled.jpg","type":"image\/jpeg"}],"author":"Biblioteca Vigil","twitter_card":"summary_large_image","twitter_misc":{"Escrito por":"Biblioteca Vigil","Tiempo de lectura":"1 minuto"},"schema":{"@context":"https:\/\/schema.org","@graph":[{"@type":"Article","@id":"https:\/\/bibliotecavigil.org.ar\/inicio\/dialogos-educativos-esi-y-educacion-ambiental-integral-un-dialogo-necesario\/#article","isPartOf":{"@id":"https:\/\/bibliotecavigil.org.ar\/inicio\/dialogos-educativos-esi-y-educacion-ambiental-integral-un-dialogo-necesario\/"},"author":{"name":"Biblioteca Vigil","@id":"https:\/\/bibliotecavigil.org.ar\/inicio\/#\/schema\/person\/98530bc117d5fa50c5dc01b4fd8d3700"},"headline":"Di\u00e1logos Educativos: ESI y Educaci\u00f3n Ambiental Integral, un di\u00e1logo necesario.","datePublished":"2023-04-03T22:29:53+00:00","dateModified":"2023-04-03T22:37:06+00:00","mainEntityOfPage":{"@id":"https:\/\/bibliotecavigil.org.ar\/inicio\/dialogos-educativos-esi-y-educacion-ambiental-integral-un-dialogo-necesario\/"},"wordCount":127,"commentCount":0,"publisher":{"@id":"https:\/\/bibliotecavigil.org.ar\/inicio\/#organization"},"image":{"@id":"https:\/\/bibliotecavigil.org.ar\/inicio\/dialogos-educativos-esi-y-educacion-ambiental-integral-un-dialogo-necesario\/#primaryimage"},"thumbnailUrl":"https:\/\/bibliotecavigil.org.ar\/inicio\/wp-content\/uploads\/2023\/04\/dialogos-educativos_web-scaled.jpg","keywords":["dialogos","educativos"],"articleSection":["Noticias"],"inLanguage":"es","potentialAction":[{"@type":"CommentAction","name":"Comment","target":["https:\/\/bibliotecavigil.org.ar\/inicio\/dialogos-educativos-esi-y-educacion-ambiental-integral-un-dialogo-necesario\/#respond"]}]},{"@type":"WebPage","@id":"https:\/\/bibliotecavigil.org.ar\/inicio\/dialogos-educativos-esi-y-educacion-ambiental-integral-un-dialogo-necesario\/","url":"https:\/\/bibliotecavigil.org.ar\/inicio\/dialogos-educativos-esi-y-educacion-ambiental-integral-un-dialogo-necesario\/","name":"Di\u00e1logos Educativos: ESI y Educaci\u00f3n Ambiental Integral, un di\u00e1logo necesario. - Biblioteca Vigil","isPartOf":{"@id":"https:\/\/bibliotecavigil.org.ar\/inicio\/#website"},"primaryImageOfPage":{"@id":"https:\/\/bibliotecavigil.org.ar\/inicio\/dialogos-educativos-esi-y-educacion-ambiental-integral-un-dialogo-necesario\/#primaryimage"},"image":{"@id":"https:\/\/bibliotecavigil.org.ar\/inicio\/dialogos-educativos-esi-y-educacion-ambiental-integral-un-dialogo-necesario\/#primaryimage"},"thumbnailUrl":"https:\/\/bibliotecavigil.org.ar\/inicio\/wp-content\/uploads\/2023\/04\/dialogos-educativos_web-scaled.jpg","datePublished":"2023-04-03T22:29:53+00:00","dateModified":"2023-04-03T22:37:06+00:00","breadcrumb":{"@id":"https:\/\/bibliotecavigil.org.ar\/inicio\/dialogos-educativos-esi-y-educacion-ambiental-integral-un-dialogo-necesario\/#breadcrumb"},"inLanguage":"es","potentialAction":[{"@type":"ReadAction","target":["https:\/\/bibliotecavigil.org.ar\/inicio\/dialogos-educativos-esi-y-educacion-ambiental-integral-un-dialogo-necesario\/"]}]},{"@type":"ImageObject","inLanguage":"es","@id":"https:\/\/bibliotecavigil.org.ar\/inicio\/dialogos-educativos-esi-y-educacion-ambiental-integral-un-dialogo-necesario\/#primaryimage","url":"https:\/\/bibliotecavigil.org.ar\/inicio\/wp-content\/uploads\/2023\/04\/dialogos-educativos_web-scaled.jpg","contentUrl":"https:\/\/bibliotecavigil.org.ar\/inicio\/wp-content\/uploads\/2023\/04\/dialogos-educativos_web-scaled.jpg","width":2560,"height":1607},{"@type":"BreadcrumbList","@id":"https:\/\/bibliotecavigil.org.ar\/inicio\/dialogos-educativos-esi-y-educacion-ambiental-integral-un-dialogo-necesario\/#breadcrumb","itemListElement":[{"@type":"ListItem","position":1,"name":"Portada","item":"https:\/\/bibliotecavigil.org.ar\/inicio\/"},{"@type":"ListItem","position":2,"name":"Di\u00e1logos Educativos: ESI y Educaci\u00f3n Ambiental Integral, un di\u00e1logo necesario."}]},{"@type":"WebSite","@id":"https:\/\/bibliotecavigil.org.ar\/inicio\/#website","url":"https:\/\/bibliotecavigil.org.ar\/inicio\/","name":"Biblioteca Vigil","description":"Biblioteca Popular C C Vigil","publisher":{"@id":"https:\/\/bibliotecavigil.org.ar\/inicio\/#organization"},"potentialAction":[{"@type":"SearchAction","target":{"@type":"EntryPoint","urlTemplate":"https:\/\/bibliotecavigil.org.ar\/inicio\/?s={search_term_string}"},"query-input":{"@type":"PropertyValueSpecification","valueRequired":true,"valueName":"search_term_string"}}],"inLanguage":"es"},{"@type":"Organization","@id":"https:\/\/bibliotecavigil.org.ar\/inicio\/#organization","name":"Biblioteca Popular C.C.Vigil","url":"https:\/\/bibliotecavigil.org.ar\/inicio\/","logo":{"@type":"ImageObject","inLanguage":"es","@id":"https:\/\/bibliotecavigil.org.ar\/inicio\/#\/schema\/logo\/image\/","url":"https:\/\/bibliotecavigil.org.ar\/inicio\/wp-content\/uploads\/2023\/06\/Logo-sin-texto-gif.gif","contentUrl":"https:\/\/bibliotecavigil.org.ar\/inicio\/wp-content\/uploads\/2023\/06\/Logo-sin-texto-gif.gif","width":1487,"height":1604,"caption":"Biblioteca Popular C.C.Vigil"},"image":{"@id":"https:\/\/bibliotecavigil.org.ar\/inicio\/#\/schema\/logo\/image\/"}},{"@type":"Person","@id":"https:\/\/bibliotecavigil.org.ar\/inicio\/#\/schema\/person\/98530bc117d5fa50c5dc01b4fd8d3700","name":"Biblioteca Vigil","image":{"@type":"ImageObject","inLanguage":"es","@id":"https:\/\/secure.gravatar.com\/avatar\/a96b6054dc4c80cde596e2c3f42d23e4f769e395116bf277fb508315b9d8a5c5?s=96&d=mm&r=g","url":"https:\/\/secure.gravatar.com\/avatar\/a96b6054dc4c80cde596e2c3f42d23e4f769e395116bf277fb508315b9d8a5c5?s=96&d=mm&r=g","contentUrl":"https:\/\/secure.gravatar.com\/avatar\/a96b6054dc4c80cde596e2c3f42d23e4f769e395116bf277fb508315b9d8a5c5?s=96&d=mm&r=g","caption":"Biblioteca Vigil"},"url":"https:\/\/bibliotecavigil.org.ar\/inicio\/author\/comunicacion\/"}]}},"_links":{"self":[{"href":"https:\/\/bibliotecavigil.org.ar\/inicio\/wp-json\/wp\/v2\/posts\/31472","targetHints":{"allow":["GET"]}}],"collection":[{"href":"https:\/\/bibliotecavigil.org.ar\/inicio\/wp-json\/wp\/v2\/posts"}],"about":[{"href":"https:\/\/bibliotecavigil.org.ar\/inicio\/wp-json\/wp\/v2\/types\/post"}],"author":[{"embeddable":true,"href":"https:\/\/bibliotecavigil.org.ar\/inicio\/wp-json\/wp\/v2\/users\/3"}],"replies":[{"embeddable":true,"href":"https:\/\/bibliotecavigil.org.ar\/inicio\/wp-json\/wp\/v2\/comments?post=31472"}],"version-history":[{"count":2,"href":"https:\/\/bibliotecavigil.org.ar\/inicio\/wp-json\/wp\/v2\/posts\/31472\/revisions"}],"predecessor-version":[{"id":31477,"href":"https:\/\/bibliotecavigil.org.ar\/inicio\/wp-json\/wp\/v2\/posts\/31472\/revisions\/31477"}],"wp:featuredmedia":[{"embeddable":true,"href":"https:\/\/bibliotecavigil.org.ar\/inicio\/wp-json\/wp\/v2\/media\/31475"}],"wp:attachment":[{"href":"https:\/\/bibliotecavigil.org.ar\/inicio\/wp-json\/wp\/v2\/media?parent=31472"}],"wp:term":[{"taxonomy":"category","embeddable":true,"href":"https:\/\/bibliotecavigil.org.ar\/inicio\/wp-json\/wp\/v2\/categories?post=31472"},{"taxonomy":"post_tag","embeddable":true,"href":"https:\/\/bibliotecavigil.org.ar\/inicio\/wp-json\/wp\/v2\/tags?post=31472"}],"curies":[{"name":"wp","href":"https:\/\/api.w.org\/{rel}","templated":true}]}}