{"id":31645,"date":"2023-05-31T12:35:53","date_gmt":"2023-05-31T15:35:53","guid":{"rendered":"https:\/\/bibliotecavigil.org.ar\/inicio\/?p=31645"},"modified":"2023-05-31T12:38:56","modified_gmt":"2023-05-31T15:38:56","slug":"la-vigil-resiste-nos-movilizamos","status":"publish","type":"post","link":"https:\/\/bibliotecavigil.org.ar\/inicio\/la-vigil-resiste-nos-movilizamos\/","title":{"rendered":"La Vigil RESISTE. Nos Movilizamos"},"content":{"rendered":"\n<p>#LaVigilRESISTE<\/p>\n\n\n\n<p><strong>NOS MOVILIZAMOS<\/strong><\/p>\n\n\n\n<p>Debido a la falta de respuesta del gobierno provincial, que pone en riesgo la continuidad del proyecto institucional y de las 8 escuelas que funcionan hoy en nuestros edificios, y que garantizan el derecho a la educaci\u00f3n y a la cultura del barrio Tablada.<\/p>\n\n\n\n<p><strong>El martes 6\/6 a las 11.30 h nos encontramos en Alem y G\u00e1lvez en defensa de La Vigil y sus escuelas.<\/strong><\/p>\n\n\n\n<p>Para no interrumpir el largo camino de la recuperaci\u00f3n y seguir profundizando y expandiendo la amplia y diversa obra cultural de La Vigil, necesitamos con urgencia:<\/p>\n\n\n\n<p>\u2013 Una recomposici\u00f3n del alquiler equivalente al valor originalmente pactado;<\/p>\n\n\n\n<p>\u2013 Que el estado se responsabilice por los da\u00f1os a los edificios y realice las obras de mantenimiento para que funcionen correctamente las escuelas,<\/p>\n\n\n\n<p>\u2013 Una Ley de Reparaci\u00f3n Hist\u00f3rica por el genocidio cultural que sufri\u00f3 la instituci\u00f3n.<\/p>\n\n\n\n<p>A 46 a\u00f1os de la intervenci\u00f3n, la negativa provincial de recomponer el acuerdo que se estableci\u00f3 al momento de la devoluci\u00f3n, constituye un nuevo proceso de expropiaci\u00f3n de La Vigil.<\/p>\n\n\n\n<p>A 40 a\u00f1os de la recuperaci\u00f3n de la democracia no podemos permitir esta injusticia en contra de un Sitio de Memoria y en contra de la educaci\u00f3n y la cultura popular.<\/p>\n\n\n\n<p>A 10 a\u00f1os de la recuperaci\u00f3n de La Vigil, asumimos el compromiso de seguir luchando, llamamos a toda la comunidad a apoyar este reclamo y sumarse a la lucha y movilizaci\u00f3n por la continuidad de la instituci\u00f3n y sus escuelas.<\/p>\n\n\n\n<p>#LaVigilEsEntreTodxs<\/p>\n\n\n\n<p>Comunicado completo:<a href=\"https:\/\/bibliotecavigil.org.ar\/inicio\/peligra-la-continuidad-de-la-vigil-y-sus-escuelas\/\" target=\"_blank\" rel=\"noreferrer noopener\"> https:\/\/bibliotecavigil.org.ar\/inicio\/peligra-la-continuidad-de-la-vigil-y-sus-escuelas\/<\/a><\/p>\n\n\n\n<p><\/p>\n\n\n\n<p><\/p>\n\n\n\n<figure class=\"wp-block-image size-large\"><a href=\"https:\/\/bibliotecavigil.org.ar\/inicio\/wp-content\/uploads\/2023\/05\/placas-IG_MOVILIZACION-A4.jpg\"><img decoding=\"async\" width=\"724\" height=\"1024\" data-src=\"https:\/\/bibliotecavigil.org.ar\/inicio\/wp-content\/uploads\/2023\/05\/placas-IG_MOVILIZACION-A4-724x1024.jpg\" alt=\"\" class=\"wp-image-31646 lazyload\" src=\"data:image\/svg+xml;base64,PHN2ZyB3aWR0aD0iMSIgaGVpZ2h0PSIxIiB4bWxucz0iaHR0cDovL3d3dy53My5vcmcvMjAwMC9zdmciPjwvc3ZnPg==\" style=\"--smush-placeholder-width: 724px; --smush-placeholder-aspect-ratio: 724\/1024;\" \/><\/a><\/figure>\n","protected":false},"excerpt":{"rendered":"<p>#LaVigilRESISTE NOS MOVILIZAMOS Debido a la falta de respuesta del gobierno provincial, que pone en riesgo la continuidad del proyecto institucional y de las 8 escuelas que funcionan hoy en nuestros edificios, y que garantizan el derecho a la educaci\u00f3n y a la cultura del barrio Tablada. El martes 6\/6 a las 11.30 h nos [&hellip;]<\/p>\n","protected":false},"author":3,"featured_media":31647,"comment_status":"open","ping_status":"closed","sticky":false,"template":"","format":"standard","meta":{"_et_pb_use_builder":"off","_et_pb_old_content":"","_et_gb_content_width":"1920","footnotes":""},"categories":[16],"tags":[448,450,449,445,447,446],"class_list":["post-31645","post","type-post","status-publish","format-standard","has-post-thumbnail","hentry","category-noticias","tag-alem","tag-escuelas","tag-galvez","tag-lavigilresiste","tag-movilizamos","tag-resiste"],"yoast_head":"<!-- This site is optimized with the Yoast SEO plugin v27.3 - https:\/\/yoast.com\/product\/yoast-seo-wordpress\/ -->\n<title>La Vigil RESISTE. Nos Movilizamos - Biblioteca Vigil<\/title>\n<meta name=\"robots\" content=\"index, follow, max-snippet:-1, max-image-preview:large, max-video-preview:-1\" \/>\n<link rel=\"canonical\" href=\"https:\/\/bibliotecavigil.org.ar\/inicio\/la-vigil-resiste-nos-movilizamos\/\" \/>\n<meta property=\"og:locale\" content=\"es_ES\" \/>\n<meta property=\"og:type\" content=\"article\" \/>\n<meta property=\"og:title\" content=\"La Vigil RESISTE. Nos Movilizamos - Biblioteca Vigil\" \/>\n<meta property=\"og:description\" content=\"#LaVigilRESISTE NOS MOVILIZAMOS Debido a la falta de respuesta del gobierno provincial, que pone en riesgo la continuidad del proyecto institucional y de las 8 escuelas que funcionan hoy en nuestros edificios, y que garantizan el derecho a la educaci\u00f3n y a la cultura del barrio Tablada. El martes 6\/6 a las 11.30 h nos [&hellip;]\" \/>\n<meta property=\"og:url\" content=\"https:\/\/bibliotecavigil.org.ar\/inicio\/la-vigil-resiste-nos-movilizamos\/\" \/>\n<meta property=\"og:site_name\" content=\"Biblioteca Vigil\" \/>\n<meta property=\"article:published_time\" content=\"2023-05-31T15:35:53+00:00\" \/>\n<meta property=\"article:modified_time\" content=\"2023-05-31T15:38:56+00:00\" \/>\n<meta property=\"og:image\" content=\"https:\/\/bibliotecavigil.org.ar\/inicio\/wp-content\/uploads\/2023\/05\/placas-IG_MOVILIZACION-WEB.jpg\" \/>\n\t<meta property=\"og:image:width\" content=\"560\" \/>\n\t<meta property=\"og:image:height\" content=\"352\" \/>\n\t<meta property=\"og:image:type\" content=\"image\/jpeg\" \/>\n<meta name=\"author\" content=\"Biblioteca Vigil\" \/>\n<meta name=\"twitter:card\" content=\"summary_large_image\" \/>\n<meta name=\"twitter:label1\" content=\"Escrito por\" \/>\n\t<meta name=\"twitter:data1\" content=\"Biblioteca Vigil\" \/>\n\t<meta name=\"twitter:label2\" content=\"Tiempo de lectura\" \/>\n\t<meta name=\"twitter:data2\" content=\"2 minutos\" \/>\n<script type=\"application\/ld+json\" class=\"yoast-schema-graph\">{\"@context\":\"https:\\\/\\\/schema.org\",\"@graph\":[{\"@type\":\"Article\",\"@id\":\"https:\\\/\\\/bibliotecavigil.org.ar\\\/inicio\\\/la-vigil-resiste-nos-movilizamos\\\/#article\",\"isPartOf\":{\"@id\":\"https:\\\/\\\/bibliotecavigil.org.ar\\\/inicio\\\/la-vigil-resiste-nos-movilizamos\\\/\"},\"author\":{\"name\":\"Biblioteca Vigil\",\"@id\":\"https:\\\/\\\/bibliotecavigil.org.ar\\\/inicio\\\/#\\\/schema\\\/person\\\/98530bc117d5fa50c5dc01b4fd8d3700\"},\"headline\":\"La Vigil RESISTE. Nos Movilizamos\",\"datePublished\":\"2023-05-31T15:35:53+00:00\",\"dateModified\":\"2023-05-31T15:38:56+00:00\",\"mainEntityOfPage\":{\"@id\":\"https:\\\/\\\/bibliotecavigil.org.ar\\\/inicio\\\/la-vigil-resiste-nos-movilizamos\\\/\"},\"wordCount\":267,\"commentCount\":8,\"publisher\":{\"@id\":\"https:\\\/\\\/bibliotecavigil.org.ar\\\/inicio\\\/#organization\"},\"image\":{\"@id\":\"https:\\\/\\\/bibliotecavigil.org.ar\\\/inicio\\\/la-vigil-resiste-nos-movilizamos\\\/#primaryimage\"},\"thumbnailUrl\":\"https:\\\/\\\/bibliotecavigil.org.ar\\\/inicio\\\/wp-content\\\/uploads\\\/2023\\\/05\\\/placas-IG_MOVILIZACION-WEB.jpg\",\"keywords\":[\"alem\",\"escuelas\",\"g\u00e1lvez\",\"lavigilresiste\",\"movilizamos\",\"resiste\"],\"articleSection\":[\"Noticias\"],\"inLanguage\":\"es\",\"potentialAction\":[{\"@type\":\"CommentAction\",\"name\":\"Comment\",\"target\":[\"https:\\\/\\\/bibliotecavigil.org.ar\\\/inicio\\\/la-vigil-resiste-nos-movilizamos\\\/#respond\"]}]},{\"@type\":\"WebPage\",\"@id\":\"https:\\\/\\\/bibliotecavigil.org.ar\\\/inicio\\\/la-vigil-resiste-nos-movilizamos\\\/\",\"url\":\"https:\\\/\\\/bibliotecavigil.org.ar\\\/inicio\\\/la-vigil-resiste-nos-movilizamos\\\/\",\"name\":\"La Vigil RESISTE. Nos Movilizamos - Biblioteca Vigil\",\"isPartOf\":{\"@id\":\"https:\\\/\\\/bibliotecavigil.org.ar\\\/inicio\\\/#website\"},\"primaryImageOfPage\":{\"@id\":\"https:\\\/\\\/bibliotecavigil.org.ar\\\/inicio\\\/la-vigil-resiste-nos-movilizamos\\\/#primaryimage\"},\"image\":{\"@id\":\"https:\\\/\\\/bibliotecavigil.org.ar\\\/inicio\\\/la-vigil-resiste-nos-movilizamos\\\/#primaryimage\"},\"thumbnailUrl\":\"https:\\\/\\\/bibliotecavigil.org.ar\\\/inicio\\\/wp-content\\\/uploads\\\/2023\\\/05\\\/placas-IG_MOVILIZACION-WEB.jpg\",\"datePublished\":\"2023-05-31T15:35:53+00:00\",\"dateModified\":\"2023-05-31T15:38:56+00:00\",\"breadcrumb\":{\"@id\":\"https:\\\/\\\/bibliotecavigil.org.ar\\\/inicio\\\/la-vigil-resiste-nos-movilizamos\\\/#breadcrumb\"},\"inLanguage\":\"es\",\"potentialAction\":[{\"@type\":\"ReadAction\",\"target\":[\"https:\\\/\\\/bibliotecavigil.org.ar\\\/inicio\\\/la-vigil-resiste-nos-movilizamos\\\/\"]}]},{\"@type\":\"ImageObject\",\"inLanguage\":\"es\",\"@id\":\"https:\\\/\\\/bibliotecavigil.org.ar\\\/inicio\\\/la-vigil-resiste-nos-movilizamos\\\/#primaryimage\",\"url\":\"https:\\\/\\\/bibliotecavigil.org.ar\\\/inicio\\\/wp-content\\\/uploads\\\/2023\\\/05\\\/placas-IG_MOVILIZACION-WEB.jpg\",\"contentUrl\":\"https:\\\/\\\/bibliotecavigil.org.ar\\\/inicio\\\/wp-content\\\/uploads\\\/2023\\\/05\\\/placas-IG_MOVILIZACION-WEB.jpg\",\"width\":560,\"height\":352},{\"@type\":\"BreadcrumbList\",\"@id\":\"https:\\\/\\\/bibliotecavigil.org.ar\\\/inicio\\\/la-vigil-resiste-nos-movilizamos\\\/#breadcrumb\",\"itemListElement\":[{\"@type\":\"ListItem\",\"position\":1,\"name\":\"Portada\",\"item\":\"https:\\\/\\\/bibliotecavigil.org.ar\\\/inicio\\\/\"},{\"@type\":\"ListItem\",\"position\":2,\"name\":\"La Vigil RESISTE. Nos Movilizamos\"}]},{\"@type\":\"WebSite\",\"@id\":\"https:\\\/\\\/bibliotecavigil.org.ar\\\/inicio\\\/#website\",\"url\":\"https:\\\/\\\/bibliotecavigil.org.ar\\\/inicio\\\/\",\"name\":\"Biblioteca Vigil\",\"description\":\"Biblioteca Popular C C Vigil\",\"publisher\":{\"@id\":\"https:\\\/\\\/bibliotecavigil.org.ar\\\/inicio\\\/#organization\"},\"potentialAction\":[{\"@type\":\"SearchAction\",\"target\":{\"@type\":\"EntryPoint\",\"urlTemplate\":\"https:\\\/\\\/bibliotecavigil.org.ar\\\/inicio\\\/?s={search_term_string}\"},\"query-input\":{\"@type\":\"PropertyValueSpecification\",\"valueRequired\":true,\"valueName\":\"search_term_string\"}}],\"inLanguage\":\"es\"},{\"@type\":\"Organization\",\"@id\":\"https:\\\/\\\/bibliotecavigil.org.ar\\\/inicio\\\/#organization\",\"name\":\"Biblioteca Popular C.C.Vigil\",\"url\":\"https:\\\/\\\/bibliotecavigil.org.ar\\\/inicio\\\/\",\"logo\":{\"@type\":\"ImageObject\",\"inLanguage\":\"es\",\"@id\":\"https:\\\/\\\/bibliotecavigil.org.ar\\\/inicio\\\/#\\\/schema\\\/logo\\\/image\\\/\",\"url\":\"https:\\\/\\\/bibliotecavigil.org.ar\\\/inicio\\\/wp-content\\\/uploads\\\/2023\\\/06\\\/Logo-sin-texto-gif.gif\",\"contentUrl\":\"https:\\\/\\\/bibliotecavigil.org.ar\\\/inicio\\\/wp-content\\\/uploads\\\/2023\\\/06\\\/Logo-sin-texto-gif.gif\",\"width\":1487,\"height\":1604,\"caption\":\"Biblioteca Popular C.C.Vigil\"},\"image\":{\"@id\":\"https:\\\/\\\/bibliotecavigil.org.ar\\\/inicio\\\/#\\\/schema\\\/logo\\\/image\\\/\"}},{\"@type\":\"Person\",\"@id\":\"https:\\\/\\\/bibliotecavigil.org.ar\\\/inicio\\\/#\\\/schema\\\/person\\\/98530bc117d5fa50c5dc01b4fd8d3700\",\"name\":\"Biblioteca Vigil\",\"image\":{\"@type\":\"ImageObject\",\"inLanguage\":\"es\",\"@id\":\"https:\\\/\\\/secure.gravatar.com\\\/avatar\\\/a96b6054dc4c80cde596e2c3f42d23e4f769e395116bf277fb508315b9d8a5c5?s=96&d=mm&r=g\",\"url\":\"https:\\\/\\\/secure.gravatar.com\\\/avatar\\\/a96b6054dc4c80cde596e2c3f42d23e4f769e395116bf277fb508315b9d8a5c5?s=96&d=mm&r=g\",\"contentUrl\":\"https:\\\/\\\/secure.gravatar.com\\\/avatar\\\/a96b6054dc4c80cde596e2c3f42d23e4f769e395116bf277fb508315b9d8a5c5?s=96&d=mm&r=g\",\"caption\":\"Biblioteca Vigil\"},\"url\":\"https:\\\/\\\/bibliotecavigil.org.ar\\\/inicio\\\/author\\\/comunicacion\\\/\"}]}<\/script>\n<!-- \/ Yoast SEO plugin. -->","yoast_head_json":{"title":"La Vigil RESISTE. Nos Movilizamos - Biblioteca Vigil","robots":{"index":"index","follow":"follow","max-snippet":"max-snippet:-1","max-image-preview":"max-image-preview:large","max-video-preview":"max-video-preview:-1"},"canonical":"https:\/\/bibliotecavigil.org.ar\/inicio\/la-vigil-resiste-nos-movilizamos\/","og_locale":"es_ES","og_type":"article","og_title":"La Vigil RESISTE. Nos Movilizamos - Biblioteca Vigil","og_description":"#LaVigilRESISTE NOS MOVILIZAMOS Debido a la falta de respuesta del gobierno provincial, que pone en riesgo la continuidad del proyecto institucional y de las 8 escuelas que funcionan hoy en nuestros edificios, y que garantizan el derecho a la educaci\u00f3n y a la cultura del barrio Tablada. El martes 6\/6 a las 11.30 h nos [&hellip;]","og_url":"https:\/\/bibliotecavigil.org.ar\/inicio\/la-vigil-resiste-nos-movilizamos\/","og_site_name":"Biblioteca Vigil","article_published_time":"2023-05-31T15:35:53+00:00","article_modified_time":"2023-05-31T15:38:56+00:00","og_image":[{"width":560,"height":352,"url":"https:\/\/bibliotecavigil.org.ar\/inicio\/wp-content\/uploads\/2023\/05\/placas-IG_MOVILIZACION-WEB.jpg","type":"image\/jpeg"}],"author":"Biblioteca Vigil","twitter_card":"summary_large_image","twitter_misc":{"Escrito por":"Biblioteca Vigil","Tiempo de lectura":"2 minutos"},"schema":{"@context":"https:\/\/schema.org","@graph":[{"@type":"Article","@id":"https:\/\/bibliotecavigil.org.ar\/inicio\/la-vigil-resiste-nos-movilizamos\/#article","isPartOf":{"@id":"https:\/\/bibliotecavigil.org.ar\/inicio\/la-vigil-resiste-nos-movilizamos\/"},"author":{"name":"Biblioteca Vigil","@id":"https:\/\/bibliotecavigil.org.ar\/inicio\/#\/schema\/person\/98530bc117d5fa50c5dc01b4fd8d3700"},"headline":"La Vigil RESISTE. Nos Movilizamos","datePublished":"2023-05-31T15:35:53+00:00","dateModified":"2023-05-31T15:38:56+00:00","mainEntityOfPage":{"@id":"https:\/\/bibliotecavigil.org.ar\/inicio\/la-vigil-resiste-nos-movilizamos\/"},"wordCount":267,"commentCount":8,"publisher":{"@id":"https:\/\/bibliotecavigil.org.ar\/inicio\/#organization"},"image":{"@id":"https:\/\/bibliotecavigil.org.ar\/inicio\/la-vigil-resiste-nos-movilizamos\/#primaryimage"},"thumbnailUrl":"https:\/\/bibliotecavigil.org.ar\/inicio\/wp-content\/uploads\/2023\/05\/placas-IG_MOVILIZACION-WEB.jpg","keywords":["alem","escuelas","g\u00e1lvez","lavigilresiste","movilizamos","resiste"],"articleSection":["Noticias"],"inLanguage":"es","potentialAction":[{"@type":"CommentAction","name":"Comment","target":["https:\/\/bibliotecavigil.org.ar\/inicio\/la-vigil-resiste-nos-movilizamos\/#respond"]}]},{"@type":"WebPage","@id":"https:\/\/bibliotecavigil.org.ar\/inicio\/la-vigil-resiste-nos-movilizamos\/","url":"https:\/\/bibliotecavigil.org.ar\/inicio\/la-vigil-resiste-nos-movilizamos\/","name":"La Vigil RESISTE. Nos Movilizamos - Biblioteca Vigil","isPartOf":{"@id":"https:\/\/bibliotecavigil.org.ar\/inicio\/#website"},"primaryImageOfPage":{"@id":"https:\/\/bibliotecavigil.org.ar\/inicio\/la-vigil-resiste-nos-movilizamos\/#primaryimage"},"image":{"@id":"https:\/\/bibliotecavigil.org.ar\/inicio\/la-vigil-resiste-nos-movilizamos\/#primaryimage"},"thumbnailUrl":"https:\/\/bibliotecavigil.org.ar\/inicio\/wp-content\/uploads\/2023\/05\/placas-IG_MOVILIZACION-WEB.jpg","datePublished":"2023-05-31T15:35:53+00:00","dateModified":"2023-05-31T15:38:56+00:00","breadcrumb":{"@id":"https:\/\/bibliotecavigil.org.ar\/inicio\/la-vigil-resiste-nos-movilizamos\/#breadcrumb"},"inLanguage":"es","potentialAction":[{"@type":"ReadAction","target":["https:\/\/bibliotecavigil.org.ar\/inicio\/la-vigil-resiste-nos-movilizamos\/"]}]},{"@type":"ImageObject","inLanguage":"es","@id":"https:\/\/bibliotecavigil.org.ar\/inicio\/la-vigil-resiste-nos-movilizamos\/#primaryimage","url":"https:\/\/bibliotecavigil.org.ar\/inicio\/wp-content\/uploads\/2023\/05\/placas-IG_MOVILIZACION-WEB.jpg","contentUrl":"https:\/\/bibliotecavigil.org.ar\/inicio\/wp-content\/uploads\/2023\/05\/placas-IG_MOVILIZACION-WEB.jpg","width":560,"height":352},{"@type":"BreadcrumbList","@id":"https:\/\/bibliotecavigil.org.ar\/inicio\/la-vigil-resiste-nos-movilizamos\/#breadcrumb","itemListElement":[{"@type":"ListItem","position":1,"name":"Portada","item":"https:\/\/bibliotecavigil.org.ar\/inicio\/"},{"@type":"ListItem","position":2,"name":"La Vigil RESISTE. Nos Movilizamos"}]},{"@type":"WebSite","@id":"https:\/\/bibliotecavigil.org.ar\/inicio\/#website","url":"https:\/\/bibliotecavigil.org.ar\/inicio\/","name":"Biblioteca Vigil","description":"Biblioteca Popular C C Vigil","publisher":{"@id":"https:\/\/bibliotecavigil.org.ar\/inicio\/#organization"},"potentialAction":[{"@type":"SearchAction","target":{"@type":"EntryPoint","urlTemplate":"https:\/\/bibliotecavigil.org.ar\/inicio\/?s={search_term_string}"},"query-input":{"@type":"PropertyValueSpecification","valueRequired":true,"valueName":"search_term_string"}}],"inLanguage":"es"},{"@type":"Organization","@id":"https:\/\/bibliotecavigil.org.ar\/inicio\/#organization","name":"Biblioteca Popular C.C.Vigil","url":"https:\/\/bibliotecavigil.org.ar\/inicio\/","logo":{"@type":"ImageObject","inLanguage":"es","@id":"https:\/\/bibliotecavigil.org.ar\/inicio\/#\/schema\/logo\/image\/","url":"https:\/\/bibliotecavigil.org.ar\/inicio\/wp-content\/uploads\/2023\/06\/Logo-sin-texto-gif.gif","contentUrl":"https:\/\/bibliotecavigil.org.ar\/inicio\/wp-content\/uploads\/2023\/06\/Logo-sin-texto-gif.gif","width":1487,"height":1604,"caption":"Biblioteca Popular C.C.Vigil"},"image":{"@id":"https:\/\/bibliotecavigil.org.ar\/inicio\/#\/schema\/logo\/image\/"}},{"@type":"Person","@id":"https:\/\/bibliotecavigil.org.ar\/inicio\/#\/schema\/person\/98530bc117d5fa50c5dc01b4fd8d3700","name":"Biblioteca Vigil","image":{"@type":"ImageObject","inLanguage":"es","@id":"https:\/\/secure.gravatar.com\/avatar\/a96b6054dc4c80cde596e2c3f42d23e4f769e395116bf277fb508315b9d8a5c5?s=96&d=mm&r=g","url":"https:\/\/secure.gravatar.com\/avatar\/a96b6054dc4c80cde596e2c3f42d23e4f769e395116bf277fb508315b9d8a5c5?s=96&d=mm&r=g","contentUrl":"https:\/\/secure.gravatar.com\/avatar\/a96b6054dc4c80cde596e2c3f42d23e4f769e395116bf277fb508315b9d8a5c5?s=96&d=mm&r=g","caption":"Biblioteca Vigil"},"url":"https:\/\/bibliotecavigil.org.ar\/inicio\/author\/comunicacion\/"}]}},"_links":{"self":[{"href":"https:\/\/bibliotecavigil.org.ar\/inicio\/wp-json\/wp\/v2\/posts\/31645","targetHints":{"allow":["GET"]}}],"collection":[{"href":"https:\/\/bibliotecavigil.org.ar\/inicio\/wp-json\/wp\/v2\/posts"}],"about":[{"href":"https:\/\/bibliotecavigil.org.ar\/inicio\/wp-json\/wp\/v2\/types\/post"}],"author":[{"embeddable":true,"href":"https:\/\/bibliotecavigil.org.ar\/inicio\/wp-json\/wp\/v2\/users\/3"}],"replies":[{"embeddable":true,"href":"https:\/\/bibliotecavigil.org.ar\/inicio\/wp-json\/wp\/v2\/comments?post=31645"}],"version-history":[{"count":2,"href":"https:\/\/bibliotecavigil.org.ar\/inicio\/wp-json\/wp\/v2\/posts\/31645\/revisions"}],"predecessor-version":[{"id":31649,"href":"https:\/\/bibliotecavigil.org.ar\/inicio\/wp-json\/wp\/v2\/posts\/31645\/revisions\/31649"}],"wp:featuredmedia":[{"embeddable":true,"href":"https:\/\/bibliotecavigil.org.ar\/inicio\/wp-json\/wp\/v2\/media\/31647"}],"wp:attachment":[{"href":"https:\/\/bibliotecavigil.org.ar\/inicio\/wp-json\/wp\/v2\/media?parent=31645"}],"wp:term":[{"taxonomy":"category","embeddable":true,"href":"https:\/\/bibliotecavigil.org.ar\/inicio\/wp-json\/wp\/v2\/categories?post=31645"},{"taxonomy":"post_tag","embeddable":true,"href":"https:\/\/bibliotecavigil.org.ar\/inicio\/wp-json\/wp\/v2\/tags?post=31645"}],"curies":[{"name":"wp","href":"https:\/\/api.w.org\/{rel}","templated":true}]}}