{"id":31746,"date":"2023-07-08T14:19:01","date_gmt":"2023-07-08T17:19:01","guid":{"rendered":"https:\/\/bibliotecavigil.org.ar\/inicio\/?p=31746"},"modified":"2023-07-08T14:57:30","modified_gmt":"2023-07-08T17:57:30","slug":"la-vigil-resiste-a-pura-movida-cultural-2","status":"publish","type":"post","link":"https:\/\/bibliotecavigil.org.ar\/inicio\/la-vigil-resiste-a-pura-movida-cultural-2\/","title":{"rendered":"La Vigil Resiste a pura movida cultural"},"content":{"rendered":"\n<p>El pr\u00f3ximo <strong>viernes 14 desde las 18 <\/strong>h nos encontramos en el marco de nuestra campa\u00f1a de visibilizaci\u00f3n <strong>#<a href=\"https:\/\/bibliotecavigil.org.ar\/inicio\/peligra-la-continuidad-de-la-vigil-y-sus-escuelas\/\" target=\"_blank\" rel=\"noreferrer noopener\"><mark style=\"background-color:rgba(0, 0, 0, 0)\" class=\"has-inline-color has-vivid-cyan-blue-color\">LaVigilResiste<\/mark><\/a><\/strong>, debido a la falta de respuestas concretas del gobierno provincial que pone en riesgo la continuidad de La Vigil y sus escuelas.<br><br>Comenzamos a partir de las 18 h con talleres abiertos y espect\u00e1culos:<\/p>\n\n\n\n<p>&#x1f467; Lectura y Expresi\u00f3n (desde 3 a\u00f1os)<\/p>\n\n\n\n<p>&#x1f9d1; Taller de movimiento para ni\u00f1xs (desde 6 a\u00f1os)<\/p>\n\n\n\n<p>&#x265f; Torneo de ajedrez<\/p>\n\n\n\n<p>&#x1f57a;&#x1f3fd; Clase abierta de Rock<\/p>\n\n\n\n<p>&#x1f939;&#x200d;&#x2640;&#xfe0f; Espect\u00e1culo: VarieTres de circo con Chalupa, Mojarrita y Matildo<\/p>\n\n\n\n<p>&#x1f938;&#x200d;&#x2642;&#xfe0f; Open Breaking: Clase abierta de Breakdance (para todas las edades)<\/p>\n\n\n\n<p>&#x1f9b9;&#x200d;&#x2640;&#xfe0f; Expulshadas: Performance<\/p>\n\n\n\n<p>&#x1f1e6;&#x1f1f7; Germinal PRESIDENTE, en campa\u00f1a por la triple candidatura<\/p>\n\n\n\n<p><\/p>\n\n\n\n<p>Y a la noche tocan &#x1f941;<strong> Los legendarios Barbacenas<\/strong><br>&#x1f929; + Fiesta! + Sorteos + Esmerad\u00edsimo servicio de bufet.<br><br>\u00a1Que no nos quiten el encuentro! <\/p>\n\n\n\n<p>Consegu\u00ed tu entrada para toda la jornada en La Vigil (Gaboto 450).<strong> $500 menores de 13 a\u00f1os, $1000 entrada general adultxs.<\/strong><\/p>\n\n\n\n<p>Pod\u00e9s comprar tu entrada anticipada online y venir a la actividad que vos m\u00e1s quieras \u00a1o quedarte a todas!<\/p>\n\n\n\n<p><strong>Entr\u00e1 en nuestra web y adquir\u00ed YA tu entrada anticipada: <\/strong><\/p>\n\n\n\n<p>\u25ba\u25ba\u25ba\u25ba<strong><mark style=\"background-color:rgba(0, 0, 0, 0)\" class=\"has-inline-color has-vivid-cyan-blue-color\"> <\/mark><a href=\"https:\/\/bibliotecavigil.org.ar\/inicio\/eventos-2\/\" target=\"_blank\" rel=\"noreferrer noopener\"><mark style=\"background-color:#fcb900\" class=\"has-inline-color\">ENTRADAS ANTICIPADAS<\/mark><\/a><mark style=\"background-color:rgba(0, 0, 0, 0)\" class=\"has-inline-color has-vivid-cyan-blue-color\"> <\/mark><\/strong>&#x1f3ab;&#x1f3ab;&#x1f3ab;<\/p>\n\n\n\n<p>Tambi\u00e9n pod\u00e9s comprarla en Gaboto 450 de lunes a viernes de 14 a 20 h.<\/p>\n\n\n\n<p>#LaVigilEsEntreTodxs<\/p>\n\n\n\n<p><\/p>\n\n\n\n<figure class=\"wp-block-image size-large\"><a href=\"https:\/\/bibliotecavigil.org.ar\/inicio\/wp-content\/uploads\/2023\/07\/la-vigil-resiste-01-copia-1.jpg\"><img decoding=\"async\" width=\"724\" height=\"1024\" data-src=\"https:\/\/bibliotecavigil.org.ar\/inicio\/wp-content\/uploads\/2023\/07\/la-vigil-resiste-01-copia-1-724x1024.jpg\" alt=\"\" class=\"wp-image-31764 lazyload\" data-srcset=\"https:\/\/bibliotecavigil.org.ar\/inicio\/wp-content\/uploads\/2023\/07\/la-vigil-resiste-01-copia-1-724x1024.jpg 724w, https:\/\/bibliotecavigil.org.ar\/inicio\/wp-content\/uploads\/2023\/07\/la-vigil-resiste-01-copia-1-480x679.jpg 480w\" data-sizes=\"(min-width: 0px) and (max-width: 480px) 480px, (min-width: 481px) 724px, 100vw\" src=\"data:image\/svg+xml;base64,PHN2ZyB3aWR0aD0iMSIgaGVpZ2h0PSIxIiB4bWxucz0iaHR0cDovL3d3dy53My5vcmcvMjAwMC9zdmciPjwvc3ZnPg==\" style=\"--smush-placeholder-width: 724px; --smush-placeholder-aspect-ratio: 724\/1024;\" \/><\/a><\/figure>\n","protected":false},"excerpt":{"rendered":"<p>El pr\u00f3ximo viernes 14 desde las 18 h nos encontramos en el marco de nuestra campa\u00f1a de visibilizaci\u00f3n #LaVigilResiste, debido a la falta de respuestas concretas del gobierno provincial que pone en riesgo la continuidad de La Vigil y sus escuelas. Comenzamos a partir de las 18 h con talleres abiertos y espect\u00e1culos: &#x1f467; Lectura [&hellip;]<\/p>\n","protected":false},"author":3,"featured_media":31754,"comment_status":"open","ping_status":"closed","sticky":false,"template":"","format":"standard","meta":{"_et_pb_use_builder":"off","_et_pb_old_content":"","_et_gb_content_width":"1920","footnotes":""},"categories":[16],"tags":[462,373,445,461,446],"class_list":["post-31746","post","type-post","status-publish","format-standard","has-post-thumbnail","hentry","category-noticias","tag-barbacena","tag-fiesta","tag-lavigilresiste","tag-losbarbacena","tag-resiste"],"yoast_head":"<!-- This site is optimized with the Yoast SEO plugin v27.3 - https:\/\/yoast.com\/product\/yoast-seo-wordpress\/ -->\n<title>La Vigil Resiste a pura movida cultural - Biblioteca Vigil<\/title>\n<meta name=\"robots\" content=\"index, follow, max-snippet:-1, max-image-preview:large, max-video-preview:-1\" \/>\n<link rel=\"canonical\" href=\"https:\/\/bibliotecavigil.org.ar\/inicio\/la-vigil-resiste-a-pura-movida-cultural-2\/\" \/>\n<meta property=\"og:locale\" content=\"es_ES\" \/>\n<meta property=\"og:type\" content=\"article\" \/>\n<meta property=\"og:title\" content=\"La Vigil Resiste a pura movida cultural - Biblioteca Vigil\" \/>\n<meta property=\"og:description\" content=\"El pr\u00f3ximo viernes 14 desde las 18 h nos encontramos en el marco de nuestra campa\u00f1a de visibilizaci\u00f3n #LaVigilResiste, debido a la falta de respuestas concretas del gobierno provincial que pone en riesgo la continuidad de La Vigil y sus escuelas. Comenzamos a partir de las 18 h con talleres abiertos y espect\u00e1culos: &#x1f467; Lectura [&hellip;]\" \/>\n<meta property=\"og:url\" content=\"https:\/\/bibliotecavigil.org.ar\/inicio\/la-vigil-resiste-a-pura-movida-cultural-2\/\" \/>\n<meta property=\"og:site_name\" content=\"Biblioteca Vigil\" \/>\n<meta property=\"article:published_time\" content=\"2023-07-08T17:19:01+00:00\" \/>\n<meta property=\"article:modified_time\" content=\"2023-07-08T17:57:30+00:00\" \/>\n<meta property=\"og:image\" content=\"https:\/\/bibliotecavigil.org.ar\/inicio\/wp-content\/uploads\/2023\/07\/la-vigil-resiste-04-copia.jpg\" \/>\n\t<meta property=\"og:image:width\" content=\"561\" \/>\n\t<meta property=\"og:image:height\" content=\"353\" \/>\n\t<meta property=\"og:image:type\" content=\"image\/jpeg\" \/>\n<meta name=\"author\" content=\"Biblioteca Vigil\" \/>\n<meta name=\"twitter:card\" content=\"summary_large_image\" \/>\n<meta name=\"twitter:label1\" content=\"Escrito por\" \/>\n\t<meta name=\"twitter:data1\" content=\"Biblioteca Vigil\" \/>\n\t<meta name=\"twitter:label2\" content=\"Tiempo de lectura\" \/>\n\t<meta name=\"twitter:data2\" content=\"2 minutos\" \/>\n<script type=\"application\/ld+json\" class=\"yoast-schema-graph\">{\"@context\":\"https:\\\/\\\/schema.org\",\"@graph\":[{\"@type\":\"Article\",\"@id\":\"https:\\\/\\\/bibliotecavigil.org.ar\\\/inicio\\\/la-vigil-resiste-a-pura-movida-cultural-2\\\/#article\",\"isPartOf\":{\"@id\":\"https:\\\/\\\/bibliotecavigil.org.ar\\\/inicio\\\/la-vigil-resiste-a-pura-movida-cultural-2\\\/\"},\"author\":{\"name\":\"Biblioteca Vigil\",\"@id\":\"https:\\\/\\\/bibliotecavigil.org.ar\\\/inicio\\\/#\\\/schema\\\/person\\\/98530bc117d5fa50c5dc01b4fd8d3700\"},\"headline\":\"La Vigil Resiste a pura movida cultural\",\"datePublished\":\"2023-07-08T17:19:01+00:00\",\"dateModified\":\"2023-07-08T17:57:30+00:00\",\"mainEntityOfPage\":{\"@id\":\"https:\\\/\\\/bibliotecavigil.org.ar\\\/inicio\\\/la-vigil-resiste-a-pura-movida-cultural-2\\\/\"},\"wordCount\":256,\"commentCount\":0,\"publisher\":{\"@id\":\"https:\\\/\\\/bibliotecavigil.org.ar\\\/inicio\\\/#organization\"},\"image\":{\"@id\":\"https:\\\/\\\/bibliotecavigil.org.ar\\\/inicio\\\/la-vigil-resiste-a-pura-movida-cultural-2\\\/#primaryimage\"},\"thumbnailUrl\":\"https:\\\/\\\/bibliotecavigil.org.ar\\\/inicio\\\/wp-content\\\/uploads\\\/2023\\\/07\\\/la-vigil-resiste-04-copia.jpg\",\"keywords\":[\"barbacena\",\"fiesta\",\"lavigilresiste\",\"losbarbacena\",\"resiste\"],\"articleSection\":[\"Noticias\"],\"inLanguage\":\"es\",\"potentialAction\":[{\"@type\":\"CommentAction\",\"name\":\"Comment\",\"target\":[\"https:\\\/\\\/bibliotecavigil.org.ar\\\/inicio\\\/la-vigil-resiste-a-pura-movida-cultural-2\\\/#respond\"]}]},{\"@type\":\"WebPage\",\"@id\":\"https:\\\/\\\/bibliotecavigil.org.ar\\\/inicio\\\/la-vigil-resiste-a-pura-movida-cultural-2\\\/\",\"url\":\"https:\\\/\\\/bibliotecavigil.org.ar\\\/inicio\\\/la-vigil-resiste-a-pura-movida-cultural-2\\\/\",\"name\":\"La Vigil Resiste a pura movida cultural - Biblioteca Vigil\",\"isPartOf\":{\"@id\":\"https:\\\/\\\/bibliotecavigil.org.ar\\\/inicio\\\/#website\"},\"primaryImageOfPage\":{\"@id\":\"https:\\\/\\\/bibliotecavigil.org.ar\\\/inicio\\\/la-vigil-resiste-a-pura-movida-cultural-2\\\/#primaryimage\"},\"image\":{\"@id\":\"https:\\\/\\\/bibliotecavigil.org.ar\\\/inicio\\\/la-vigil-resiste-a-pura-movida-cultural-2\\\/#primaryimage\"},\"thumbnailUrl\":\"https:\\\/\\\/bibliotecavigil.org.ar\\\/inicio\\\/wp-content\\\/uploads\\\/2023\\\/07\\\/la-vigil-resiste-04-copia.jpg\",\"datePublished\":\"2023-07-08T17:19:01+00:00\",\"dateModified\":\"2023-07-08T17:57:30+00:00\",\"breadcrumb\":{\"@id\":\"https:\\\/\\\/bibliotecavigil.org.ar\\\/inicio\\\/la-vigil-resiste-a-pura-movida-cultural-2\\\/#breadcrumb\"},\"inLanguage\":\"es\",\"potentialAction\":[{\"@type\":\"ReadAction\",\"target\":[\"https:\\\/\\\/bibliotecavigil.org.ar\\\/inicio\\\/la-vigil-resiste-a-pura-movida-cultural-2\\\/\"]}]},{\"@type\":\"ImageObject\",\"inLanguage\":\"es\",\"@id\":\"https:\\\/\\\/bibliotecavigil.org.ar\\\/inicio\\\/la-vigil-resiste-a-pura-movida-cultural-2\\\/#primaryimage\",\"url\":\"https:\\\/\\\/bibliotecavigil.org.ar\\\/inicio\\\/wp-content\\\/uploads\\\/2023\\\/07\\\/la-vigil-resiste-04-copia.jpg\",\"contentUrl\":\"https:\\\/\\\/bibliotecavigil.org.ar\\\/inicio\\\/wp-content\\\/uploads\\\/2023\\\/07\\\/la-vigil-resiste-04-copia.jpg\",\"width\":561,\"height\":353},{\"@type\":\"BreadcrumbList\",\"@id\":\"https:\\\/\\\/bibliotecavigil.org.ar\\\/inicio\\\/la-vigil-resiste-a-pura-movida-cultural-2\\\/#breadcrumb\",\"itemListElement\":[{\"@type\":\"ListItem\",\"position\":1,\"name\":\"Portada\",\"item\":\"https:\\\/\\\/bibliotecavigil.org.ar\\\/inicio\\\/\"},{\"@type\":\"ListItem\",\"position\":2,\"name\":\"La Vigil Resiste a pura movida cultural\"}]},{\"@type\":\"WebSite\",\"@id\":\"https:\\\/\\\/bibliotecavigil.org.ar\\\/inicio\\\/#website\",\"url\":\"https:\\\/\\\/bibliotecavigil.org.ar\\\/inicio\\\/\",\"name\":\"Biblioteca Vigil\",\"description\":\"Biblioteca Popular C C Vigil\",\"publisher\":{\"@id\":\"https:\\\/\\\/bibliotecavigil.org.ar\\\/inicio\\\/#organization\"},\"potentialAction\":[{\"@type\":\"SearchAction\",\"target\":{\"@type\":\"EntryPoint\",\"urlTemplate\":\"https:\\\/\\\/bibliotecavigil.org.ar\\\/inicio\\\/?s={search_term_string}\"},\"query-input\":{\"@type\":\"PropertyValueSpecification\",\"valueRequired\":true,\"valueName\":\"search_term_string\"}}],\"inLanguage\":\"es\"},{\"@type\":\"Organization\",\"@id\":\"https:\\\/\\\/bibliotecavigil.org.ar\\\/inicio\\\/#organization\",\"name\":\"Biblioteca Popular C.C.Vigil\",\"url\":\"https:\\\/\\\/bibliotecavigil.org.ar\\\/inicio\\\/\",\"logo\":{\"@type\":\"ImageObject\",\"inLanguage\":\"es\",\"@id\":\"https:\\\/\\\/bibliotecavigil.org.ar\\\/inicio\\\/#\\\/schema\\\/logo\\\/image\\\/\",\"url\":\"https:\\\/\\\/bibliotecavigil.org.ar\\\/inicio\\\/wp-content\\\/uploads\\\/2023\\\/06\\\/Logo-sin-texto-gif.gif\",\"contentUrl\":\"https:\\\/\\\/bibliotecavigil.org.ar\\\/inicio\\\/wp-content\\\/uploads\\\/2023\\\/06\\\/Logo-sin-texto-gif.gif\",\"width\":1487,\"height\":1604,\"caption\":\"Biblioteca Popular C.C.Vigil\"},\"image\":{\"@id\":\"https:\\\/\\\/bibliotecavigil.org.ar\\\/inicio\\\/#\\\/schema\\\/logo\\\/image\\\/\"}},{\"@type\":\"Person\",\"@id\":\"https:\\\/\\\/bibliotecavigil.org.ar\\\/inicio\\\/#\\\/schema\\\/person\\\/98530bc117d5fa50c5dc01b4fd8d3700\",\"name\":\"Biblioteca Vigil\",\"image\":{\"@type\":\"ImageObject\",\"inLanguage\":\"es\",\"@id\":\"https:\\\/\\\/secure.gravatar.com\\\/avatar\\\/a96b6054dc4c80cde596e2c3f42d23e4f769e395116bf277fb508315b9d8a5c5?s=96&d=mm&r=g\",\"url\":\"https:\\\/\\\/secure.gravatar.com\\\/avatar\\\/a96b6054dc4c80cde596e2c3f42d23e4f769e395116bf277fb508315b9d8a5c5?s=96&d=mm&r=g\",\"contentUrl\":\"https:\\\/\\\/secure.gravatar.com\\\/avatar\\\/a96b6054dc4c80cde596e2c3f42d23e4f769e395116bf277fb508315b9d8a5c5?s=96&d=mm&r=g\",\"caption\":\"Biblioteca Vigil\"},\"url\":\"https:\\\/\\\/bibliotecavigil.org.ar\\\/inicio\\\/author\\\/comunicacion\\\/\"}]}<\/script>\n<!-- \/ Yoast SEO plugin. -->","yoast_head_json":{"title":"La Vigil Resiste a pura movida cultural - Biblioteca Vigil","robots":{"index":"index","follow":"follow","max-snippet":"max-snippet:-1","max-image-preview":"max-image-preview:large","max-video-preview":"max-video-preview:-1"},"canonical":"https:\/\/bibliotecavigil.org.ar\/inicio\/la-vigil-resiste-a-pura-movida-cultural-2\/","og_locale":"es_ES","og_type":"article","og_title":"La Vigil Resiste a pura movida cultural - Biblioteca Vigil","og_description":"El pr\u00f3ximo viernes 14 desde las 18 h nos encontramos en el marco de nuestra campa\u00f1a de visibilizaci\u00f3n #LaVigilResiste, debido a la falta de respuestas concretas del gobierno provincial que pone en riesgo la continuidad de La Vigil y sus escuelas. Comenzamos a partir de las 18 h con talleres abiertos y espect\u00e1culos: &#x1f467; Lectura [&hellip;]","og_url":"https:\/\/bibliotecavigil.org.ar\/inicio\/la-vigil-resiste-a-pura-movida-cultural-2\/","og_site_name":"Biblioteca Vigil","article_published_time":"2023-07-08T17:19:01+00:00","article_modified_time":"2023-07-08T17:57:30+00:00","og_image":[{"width":561,"height":353,"url":"https:\/\/bibliotecavigil.org.ar\/inicio\/wp-content\/uploads\/2023\/07\/la-vigil-resiste-04-copia.jpg","type":"image\/jpeg"}],"author":"Biblioteca Vigil","twitter_card":"summary_large_image","twitter_misc":{"Escrito por":"Biblioteca Vigil","Tiempo de lectura":"2 minutos"},"schema":{"@context":"https:\/\/schema.org","@graph":[{"@type":"Article","@id":"https:\/\/bibliotecavigil.org.ar\/inicio\/la-vigil-resiste-a-pura-movida-cultural-2\/#article","isPartOf":{"@id":"https:\/\/bibliotecavigil.org.ar\/inicio\/la-vigil-resiste-a-pura-movida-cultural-2\/"},"author":{"name":"Biblioteca Vigil","@id":"https:\/\/bibliotecavigil.org.ar\/inicio\/#\/schema\/person\/98530bc117d5fa50c5dc01b4fd8d3700"},"headline":"La Vigil Resiste a pura movida cultural","datePublished":"2023-07-08T17:19:01+00:00","dateModified":"2023-07-08T17:57:30+00:00","mainEntityOfPage":{"@id":"https:\/\/bibliotecavigil.org.ar\/inicio\/la-vigil-resiste-a-pura-movida-cultural-2\/"},"wordCount":256,"commentCount":0,"publisher":{"@id":"https:\/\/bibliotecavigil.org.ar\/inicio\/#organization"},"image":{"@id":"https:\/\/bibliotecavigil.org.ar\/inicio\/la-vigil-resiste-a-pura-movida-cultural-2\/#primaryimage"},"thumbnailUrl":"https:\/\/bibliotecavigil.org.ar\/inicio\/wp-content\/uploads\/2023\/07\/la-vigil-resiste-04-copia.jpg","keywords":["barbacena","fiesta","lavigilresiste","losbarbacena","resiste"],"articleSection":["Noticias"],"inLanguage":"es","potentialAction":[{"@type":"CommentAction","name":"Comment","target":["https:\/\/bibliotecavigil.org.ar\/inicio\/la-vigil-resiste-a-pura-movida-cultural-2\/#respond"]}]},{"@type":"WebPage","@id":"https:\/\/bibliotecavigil.org.ar\/inicio\/la-vigil-resiste-a-pura-movida-cultural-2\/","url":"https:\/\/bibliotecavigil.org.ar\/inicio\/la-vigil-resiste-a-pura-movida-cultural-2\/","name":"La Vigil Resiste a pura movida cultural - Biblioteca Vigil","isPartOf":{"@id":"https:\/\/bibliotecavigil.org.ar\/inicio\/#website"},"primaryImageOfPage":{"@id":"https:\/\/bibliotecavigil.org.ar\/inicio\/la-vigil-resiste-a-pura-movida-cultural-2\/#primaryimage"},"image":{"@id":"https:\/\/bibliotecavigil.org.ar\/inicio\/la-vigil-resiste-a-pura-movida-cultural-2\/#primaryimage"},"thumbnailUrl":"https:\/\/bibliotecavigil.org.ar\/inicio\/wp-content\/uploads\/2023\/07\/la-vigil-resiste-04-copia.jpg","datePublished":"2023-07-08T17:19:01+00:00","dateModified":"2023-07-08T17:57:30+00:00","breadcrumb":{"@id":"https:\/\/bibliotecavigil.org.ar\/inicio\/la-vigil-resiste-a-pura-movida-cultural-2\/#breadcrumb"},"inLanguage":"es","potentialAction":[{"@type":"ReadAction","target":["https:\/\/bibliotecavigil.org.ar\/inicio\/la-vigil-resiste-a-pura-movida-cultural-2\/"]}]},{"@type":"ImageObject","inLanguage":"es","@id":"https:\/\/bibliotecavigil.org.ar\/inicio\/la-vigil-resiste-a-pura-movida-cultural-2\/#primaryimage","url":"https:\/\/bibliotecavigil.org.ar\/inicio\/wp-content\/uploads\/2023\/07\/la-vigil-resiste-04-copia.jpg","contentUrl":"https:\/\/bibliotecavigil.org.ar\/inicio\/wp-content\/uploads\/2023\/07\/la-vigil-resiste-04-copia.jpg","width":561,"height":353},{"@type":"BreadcrumbList","@id":"https:\/\/bibliotecavigil.org.ar\/inicio\/la-vigil-resiste-a-pura-movida-cultural-2\/#breadcrumb","itemListElement":[{"@type":"ListItem","position":1,"name":"Portada","item":"https:\/\/bibliotecavigil.org.ar\/inicio\/"},{"@type":"ListItem","position":2,"name":"La Vigil Resiste a pura movida cultural"}]},{"@type":"WebSite","@id":"https:\/\/bibliotecavigil.org.ar\/inicio\/#website","url":"https:\/\/bibliotecavigil.org.ar\/inicio\/","name":"Biblioteca Vigil","description":"Biblioteca Popular C C Vigil","publisher":{"@id":"https:\/\/bibliotecavigil.org.ar\/inicio\/#organization"},"potentialAction":[{"@type":"SearchAction","target":{"@type":"EntryPoint","urlTemplate":"https:\/\/bibliotecavigil.org.ar\/inicio\/?s={search_term_string}"},"query-input":{"@type":"PropertyValueSpecification","valueRequired":true,"valueName":"search_term_string"}}],"inLanguage":"es"},{"@type":"Organization","@id":"https:\/\/bibliotecavigil.org.ar\/inicio\/#organization","name":"Biblioteca Popular C.C.Vigil","url":"https:\/\/bibliotecavigil.org.ar\/inicio\/","logo":{"@type":"ImageObject","inLanguage":"es","@id":"https:\/\/bibliotecavigil.org.ar\/inicio\/#\/schema\/logo\/image\/","url":"https:\/\/bibliotecavigil.org.ar\/inicio\/wp-content\/uploads\/2023\/06\/Logo-sin-texto-gif.gif","contentUrl":"https:\/\/bibliotecavigil.org.ar\/inicio\/wp-content\/uploads\/2023\/06\/Logo-sin-texto-gif.gif","width":1487,"height":1604,"caption":"Biblioteca Popular C.C.Vigil"},"image":{"@id":"https:\/\/bibliotecavigil.org.ar\/inicio\/#\/schema\/logo\/image\/"}},{"@type":"Person","@id":"https:\/\/bibliotecavigil.org.ar\/inicio\/#\/schema\/person\/98530bc117d5fa50c5dc01b4fd8d3700","name":"Biblioteca Vigil","image":{"@type":"ImageObject","inLanguage":"es","@id":"https:\/\/secure.gravatar.com\/avatar\/a96b6054dc4c80cde596e2c3f42d23e4f769e395116bf277fb508315b9d8a5c5?s=96&d=mm&r=g","url":"https:\/\/secure.gravatar.com\/avatar\/a96b6054dc4c80cde596e2c3f42d23e4f769e395116bf277fb508315b9d8a5c5?s=96&d=mm&r=g","contentUrl":"https:\/\/secure.gravatar.com\/avatar\/a96b6054dc4c80cde596e2c3f42d23e4f769e395116bf277fb508315b9d8a5c5?s=96&d=mm&r=g","caption":"Biblioteca Vigil"},"url":"https:\/\/bibliotecavigil.org.ar\/inicio\/author\/comunicacion\/"}]}},"_links":{"self":[{"href":"https:\/\/bibliotecavigil.org.ar\/inicio\/wp-json\/wp\/v2\/posts\/31746","targetHints":{"allow":["GET"]}}],"collection":[{"href":"https:\/\/bibliotecavigil.org.ar\/inicio\/wp-json\/wp\/v2\/posts"}],"about":[{"href":"https:\/\/bibliotecavigil.org.ar\/inicio\/wp-json\/wp\/v2\/types\/post"}],"author":[{"embeddable":true,"href":"https:\/\/bibliotecavigil.org.ar\/inicio\/wp-json\/wp\/v2\/users\/3"}],"replies":[{"embeddable":true,"href":"https:\/\/bibliotecavigil.org.ar\/inicio\/wp-json\/wp\/v2\/comments?post=31746"}],"version-history":[{"count":9,"href":"https:\/\/bibliotecavigil.org.ar\/inicio\/wp-json\/wp\/v2\/posts\/31746\/revisions"}],"predecessor-version":[{"id":31765,"href":"https:\/\/bibliotecavigil.org.ar\/inicio\/wp-json\/wp\/v2\/posts\/31746\/revisions\/31765"}],"wp:featuredmedia":[{"embeddable":true,"href":"https:\/\/bibliotecavigil.org.ar\/inicio\/wp-json\/wp\/v2\/media\/31754"}],"wp:attachment":[{"href":"https:\/\/bibliotecavigil.org.ar\/inicio\/wp-json\/wp\/v2\/media?parent=31746"}],"wp:term":[{"taxonomy":"category","embeddable":true,"href":"https:\/\/bibliotecavigil.org.ar\/inicio\/wp-json\/wp\/v2\/categories?post=31746"},{"taxonomy":"post_tag","embeddable":true,"href":"https:\/\/bibliotecavigil.org.ar\/inicio\/wp-json\/wp\/v2\/tags?post=31746"}],"curies":[{"name":"wp","href":"https:\/\/api.w.org\/{rel}","templated":true}]}}