{"id":31789,"date":"2023-07-11T17:34:01","date_gmt":"2023-07-11T20:34:01","guid":{"rendered":"https:\/\/bibliotecavigil.org.ar\/inicio\/?p=31789"},"modified":"2023-07-12T14:31:10","modified_gmt":"2023-07-12T17:31:10","slug":"vacaciones-de-invierno-en-el-teatro-vigil-2","status":"publish","type":"post","link":"https:\/\/bibliotecavigil.org.ar\/inicio\/vacaciones-de-invierno-en-el-teatro-vigil-2\/","title":{"rendered":"\u00a1Vacaciones de invierno en el Teatro Vigil!"},"content":{"rendered":"\n<p>\u00a1Vacaciones de invierno en el Teatro Vigil!<\/p>\n\n\n\n<p>Para este mes tenemos una propuesta ideal para aprovechar las vacas: CINCO funciones &#x1f590; \u00a1para que toda la familia pueda disfrutar de la Saulo!<\/p>\n\n\n\n<p><strong>\u25ba 18\/7 17.00 h Magijugando. <\/strong>Mago Marzelo Cintia Solomita Ballet Asalah.<\/p>\n\n\n\n<p>Un viaje por el mundo de la ilusi\u00f3n: pa\u00f1uelos de colores, varitas m\u00e1gicas, galeras divertidas y mesas voladoras, el asombro de la magia y toda la diversi\u00f3n donde los ni\u00f1os son los verdaderos protagonistas.<\/p>\n\n\n\n<p>\u25ac Gratis para socixs \/ $800 no socixs<\/p>\n\n\n\n<p><\/p>\n\n\n\n<p><strong>\u25ba 19\/7 19.00 h Los C\u00f3micos del novecientos. <\/strong>El Chonchon. Esta obra forma parte del Festival Internacional \u00abT\u00edteres para todo p\u00fablico\u00bb.<\/p>\n\n\n\n<p>Un homenaje al Teatro de Mu\u00f1ecos Animados. Personificados por t\u00edteres de guante, Carlitos Chapl\u00edn y el Pibe, Harold Lloyd, son algunos de los que aparecen haciendo de las suyas en las distintas pantomimas que integran el espect\u00e1culo.<\/p>\n\n\n\n<p>\u25ac Gratis para socixs \/ $700 no socixs \/ $1500 las 3 funciones del Festival de T\u00edteres (19, 20 y 21\/7).<\/p>\n\n\n\n<p><\/p>\n\n\n\n<p><strong>\u25ba 20\/7 17.00 h El Investigatopo. <\/strong>Laura Ferro. En el marco del Festival Internacional \u00abT\u00edteres para todo p\u00fablico\u00bb.<\/p>\n\n\n\n<p>Una gallina criada en un gallinero comercial, ayudada por la buena suerte, logra escapar \u201cde la prisi\u00f3n\u201d. Nuestra hero\u00edna tiene la oportunidad de realizar el sue\u00f1o de su vida \u201cponer un huevo en libertad\u201d y criar a su pollito a campo traviesa. La historia se complica cuando aparece un hambriento zorro que hurta el preciado huevito. He aqu\u00ed en donde hace su entrada un detective que agiliza la causa \u201cEl Investigatopo\u201d.<\/p>\n\n\n\n<p>\u25ac Gratis para socixs \/ $700 no socixs \/ $1500 Las 3 funciones del Festival de T\u00edteres (19, 20 y 21\/7).<\/p>\n\n\n\n<p><\/p>\n\n\n\n<p><strong>\u25ba 21\/7 17.00 h Los sue\u00f1os de Federico. <\/strong>Chucho Teatro de T\u00edteres. En el marco del Festival Internacional \u00abT\u00edteres para todo p\u00fablico\u00bb.<\/p>\n\n\n\n<p>Federico es un ni\u00f1o que no quiere ir a dormir porque es v\u00edctima de fuertes pesadillas. Su t\u00edo le aconseja \u201cla \u00fanica soluci\u00f3n a tus miedos es que te enfrentes cara a cara con ellos, solo as\u00ed los derrotaras\u201d. Federico, ya cansado, le hace caso a su t\u00edo y esta noche a punta de coraje est\u00e1 dispuesto a encontrarse con sus pesadillas. \u00bfLo lograr\u00e1? Sabemos que solo el amor propio lo podr\u00e1 salvar y de \u00e9sta forma recuperar la confianza en s\u00ed mismo.<\/p>\n\n\n\n<p>\u25ac Gratis para socixs \/ $700 no socixs \/ $1500 Las 3 funciones del Festival de T\u00edteres (19, 20 y 21\/7).<\/p>\n\n\n\n<p><\/p>\n\n\n\n<p><strong>\u25ba 28\/7 17.00 h El Libro Hechizado. <\/strong>Ivan Megido, Eliana Sorroche, Mat\u00edas Ord\u00f3\u00f1ez. Direcci\u00f3n: Brian \u00abPantu\u00bb Ciancio.<\/p>\n\n\n\n<p>El Presentador, Chalupa y Mojarrita en una incre\u00edble aventura donde la magia, el humor y el circo son los protagonistas en este espect\u00e1culo para toda la familia.<\/p>\n\n\n\n<p>\u25ac Gratis para socixs \/ $800 no socixs<\/p>\n\n\n\n<p><\/p>\n\n\n\n<p>&#x1f3ab; A partir de ma\u00f1ana 12\/7 pod\u00e9s adquirir tus entradas en La Vigil (Gaboto 450) de lunes a viernes de 14 a 20hs. Las entradas son libres y GRATUITAS para socixs de La Vigil. Con precios accesibles y promos para no socixs.<\/p>\n\n\n\n<p>\u00a1Nos vemos en el #Teatro! &#x1f3ad;<\/p>\n\n\n\n<p>#LaVigilResiste<\/p>\n\n\n\n<p><\/p>\n\n\n\n<figure class=\"wp-block-image size-large\"><a href=\"https:\/\/bibliotecavigil.org.ar\/inicio\/wp-content\/uploads\/2023\/07\/Cartelera.jpeg\"><img decoding=\"async\" width=\"1009\" height=\"1024\" data-src=\"https:\/\/bibliotecavigil.org.ar\/inicio\/wp-content\/uploads\/2023\/07\/Cartelera-1009x1024.jpeg\" alt=\"\" class=\"wp-image-31791 lazyload\" data-srcset=\"https:\/\/bibliotecavigil.org.ar\/inicio\/wp-content\/uploads\/2023\/07\/Cartelera-980x995.jpeg 980w, https:\/\/bibliotecavigil.org.ar\/inicio\/wp-content\/uploads\/2023\/07\/Cartelera-480x487.jpeg 480w\" data-sizes=\"(min-width: 0px) and (max-width: 480px) 480px, (min-width: 481px) and (max-width: 980px) 980px, (min-width: 981px) 1009px, 100vw\" src=\"data:image\/svg+xml;base64,PHN2ZyB3aWR0aD0iMSIgaGVpZ2h0PSIxIiB4bWxucz0iaHR0cDovL3d3dy53My5vcmcvMjAwMC9zdmciPjwvc3ZnPg==\" style=\"--smush-placeholder-width: 1009px; --smush-placeholder-aspect-ratio: 1009\/1024;\" \/><\/a><\/figure>\n","protected":false},"excerpt":{"rendered":"<p>\u00a1Vacaciones de invierno en el Teatro Vigil! Para este mes tenemos una propuesta ideal para aprovechar las vacas: CINCO funciones &#x1f590; \u00a1para que toda la familia pueda disfrutar de la Saulo! \u25ba 18\/7 17.00 h Magijugando. Mago Marzelo Cintia Solomita Ballet Asalah. Un viaje por el mundo de la ilusi\u00f3n: pa\u00f1uelos de colores, varitas m\u00e1gicas, [&hellip;]<\/p>\n","protected":false},"author":3,"featured_media":31792,"comment_status":"open","ping_status":"closed","sticky":false,"template":"","format":"standard","meta":{"_et_pb_use_builder":"off","_et_pb_old_content":"","_et_gb_content_width":"1920","footnotes":""},"categories":[16],"tags":[252,118,254],"class_list":["post-31789","post","type-post","status-publish","format-standard","has-post-thumbnail","hentry","category-noticias","tag-invierno","tag-teatro","tag-vacaciones"],"yoast_head":"<!-- This site is optimized with the Yoast SEO plugin v27.3 - https:\/\/yoast.com\/product\/yoast-seo-wordpress\/ -->\n<title>\u00a1Vacaciones de invierno en el Teatro Vigil! - Biblioteca Vigil<\/title>\n<meta name=\"robots\" content=\"index, follow, max-snippet:-1, max-image-preview:large, max-video-preview:-1\" \/>\n<link rel=\"canonical\" href=\"https:\/\/bibliotecavigil.org.ar\/inicio\/vacaciones-de-invierno-en-el-teatro-vigil-2\/\" \/>\n<meta property=\"og:locale\" content=\"es_ES\" \/>\n<meta property=\"og:type\" content=\"article\" \/>\n<meta property=\"og:title\" content=\"\u00a1Vacaciones de invierno en el Teatro Vigil! - Biblioteca Vigil\" \/>\n<meta property=\"og:description\" content=\"\u00a1Vacaciones de invierno en el Teatro Vigil! Para este mes tenemos una propuesta ideal para aprovechar las vacas: CINCO funciones &#x1f590; \u00a1para que toda la familia pueda disfrutar de la Saulo! \u25ba 18\/7 17.00 h Magijugando. Mago Marzelo Cintia Solomita Ballet Asalah. Un viaje por el mundo de la ilusi\u00f3n: pa\u00f1uelos de colores, varitas m\u00e1gicas, [&hellip;]\" \/>\n<meta property=\"og:url\" content=\"https:\/\/bibliotecavigil.org.ar\/inicio\/vacaciones-de-invierno-en-el-teatro-vigil-2\/\" \/>\n<meta property=\"og:site_name\" content=\"Biblioteca Vigil\" \/>\n<meta property=\"article:published_time\" content=\"2023-07-11T20:34:01+00:00\" \/>\n<meta property=\"article:modified_time\" content=\"2023-07-12T17:31:10+00:00\" \/>\n<meta property=\"og:image\" content=\"https:\/\/bibliotecavigil.org.ar\/inicio\/wp-content\/uploads\/2023\/07\/JULIO_WEB.jpg\" \/>\n\t<meta property=\"og:image:width\" content=\"1586\" \/>\n\t<meta property=\"og:image:height\" content=\"996\" \/>\n\t<meta property=\"og:image:type\" content=\"image\/jpeg\" \/>\n<meta name=\"author\" content=\"Biblioteca Vigil\" \/>\n<meta name=\"twitter:card\" content=\"summary_large_image\" \/>\n<meta name=\"twitter:label1\" content=\"Escrito por\" \/>\n\t<meta name=\"twitter:data1\" content=\"Biblioteca Vigil\" \/>\n\t<meta name=\"twitter:label2\" content=\"Tiempo de lectura\" \/>\n\t<meta name=\"twitter:data2\" content=\"3 minutos\" \/>\n<script type=\"application\/ld+json\" class=\"yoast-schema-graph\">{\"@context\":\"https:\\\/\\\/schema.org\",\"@graph\":[{\"@type\":\"Article\",\"@id\":\"https:\\\/\\\/bibliotecavigil.org.ar\\\/inicio\\\/vacaciones-de-invierno-en-el-teatro-vigil-2\\\/#article\",\"isPartOf\":{\"@id\":\"https:\\\/\\\/bibliotecavigil.org.ar\\\/inicio\\\/vacaciones-de-invierno-en-el-teatro-vigil-2\\\/\"},\"author\":{\"name\":\"Biblioteca Vigil\",\"@id\":\"https:\\\/\\\/bibliotecavigil.org.ar\\\/inicio\\\/#\\\/schema\\\/person\\\/98530bc117d5fa50c5dc01b4fd8d3700\"},\"headline\":\"\u00a1Vacaciones de invierno en el Teatro Vigil!\",\"datePublished\":\"2023-07-11T20:34:01+00:00\",\"dateModified\":\"2023-07-12T17:31:10+00:00\",\"mainEntityOfPage\":{\"@id\":\"https:\\\/\\\/bibliotecavigil.org.ar\\\/inicio\\\/vacaciones-de-invierno-en-el-teatro-vigil-2\\\/\"},\"wordCount\":497,\"commentCount\":0,\"publisher\":{\"@id\":\"https:\\\/\\\/bibliotecavigil.org.ar\\\/inicio\\\/#organization\"},\"image\":{\"@id\":\"https:\\\/\\\/bibliotecavigil.org.ar\\\/inicio\\\/vacaciones-de-invierno-en-el-teatro-vigil-2\\\/#primaryimage\"},\"thumbnailUrl\":\"https:\\\/\\\/bibliotecavigil.org.ar\\\/inicio\\\/wp-content\\\/uploads\\\/2023\\\/07\\\/JULIO_WEB.jpg\",\"keywords\":[\"invierno\",\"teatro\",\"vacaciones\"],\"articleSection\":[\"Noticias\"],\"inLanguage\":\"es\",\"potentialAction\":[{\"@type\":\"CommentAction\",\"name\":\"Comment\",\"target\":[\"https:\\\/\\\/bibliotecavigil.org.ar\\\/inicio\\\/vacaciones-de-invierno-en-el-teatro-vigil-2\\\/#respond\"]}]},{\"@type\":\"WebPage\",\"@id\":\"https:\\\/\\\/bibliotecavigil.org.ar\\\/inicio\\\/vacaciones-de-invierno-en-el-teatro-vigil-2\\\/\",\"url\":\"https:\\\/\\\/bibliotecavigil.org.ar\\\/inicio\\\/vacaciones-de-invierno-en-el-teatro-vigil-2\\\/\",\"name\":\"\u00a1Vacaciones de invierno en el Teatro Vigil! - Biblioteca Vigil\",\"isPartOf\":{\"@id\":\"https:\\\/\\\/bibliotecavigil.org.ar\\\/inicio\\\/#website\"},\"primaryImageOfPage\":{\"@id\":\"https:\\\/\\\/bibliotecavigil.org.ar\\\/inicio\\\/vacaciones-de-invierno-en-el-teatro-vigil-2\\\/#primaryimage\"},\"image\":{\"@id\":\"https:\\\/\\\/bibliotecavigil.org.ar\\\/inicio\\\/vacaciones-de-invierno-en-el-teatro-vigil-2\\\/#primaryimage\"},\"thumbnailUrl\":\"https:\\\/\\\/bibliotecavigil.org.ar\\\/inicio\\\/wp-content\\\/uploads\\\/2023\\\/07\\\/JULIO_WEB.jpg\",\"datePublished\":\"2023-07-11T20:34:01+00:00\",\"dateModified\":\"2023-07-12T17:31:10+00:00\",\"breadcrumb\":{\"@id\":\"https:\\\/\\\/bibliotecavigil.org.ar\\\/inicio\\\/vacaciones-de-invierno-en-el-teatro-vigil-2\\\/#breadcrumb\"},\"inLanguage\":\"es\",\"potentialAction\":[{\"@type\":\"ReadAction\",\"target\":[\"https:\\\/\\\/bibliotecavigil.org.ar\\\/inicio\\\/vacaciones-de-invierno-en-el-teatro-vigil-2\\\/\"]}]},{\"@type\":\"ImageObject\",\"inLanguage\":\"es\",\"@id\":\"https:\\\/\\\/bibliotecavigil.org.ar\\\/inicio\\\/vacaciones-de-invierno-en-el-teatro-vigil-2\\\/#primaryimage\",\"url\":\"https:\\\/\\\/bibliotecavigil.org.ar\\\/inicio\\\/wp-content\\\/uploads\\\/2023\\\/07\\\/JULIO_WEB.jpg\",\"contentUrl\":\"https:\\\/\\\/bibliotecavigil.org.ar\\\/inicio\\\/wp-content\\\/uploads\\\/2023\\\/07\\\/JULIO_WEB.jpg\",\"width\":1586,\"height\":996},{\"@type\":\"BreadcrumbList\",\"@id\":\"https:\\\/\\\/bibliotecavigil.org.ar\\\/inicio\\\/vacaciones-de-invierno-en-el-teatro-vigil-2\\\/#breadcrumb\",\"itemListElement\":[{\"@type\":\"ListItem\",\"position\":1,\"name\":\"Portada\",\"item\":\"https:\\\/\\\/bibliotecavigil.org.ar\\\/inicio\\\/\"},{\"@type\":\"ListItem\",\"position\":2,\"name\":\"\u00a1Vacaciones de invierno en el Teatro Vigil!\"}]},{\"@type\":\"WebSite\",\"@id\":\"https:\\\/\\\/bibliotecavigil.org.ar\\\/inicio\\\/#website\",\"url\":\"https:\\\/\\\/bibliotecavigil.org.ar\\\/inicio\\\/\",\"name\":\"Biblioteca Vigil\",\"description\":\"Biblioteca Popular C C Vigil\",\"publisher\":{\"@id\":\"https:\\\/\\\/bibliotecavigil.org.ar\\\/inicio\\\/#organization\"},\"potentialAction\":[{\"@type\":\"SearchAction\",\"target\":{\"@type\":\"EntryPoint\",\"urlTemplate\":\"https:\\\/\\\/bibliotecavigil.org.ar\\\/inicio\\\/?s={search_term_string}\"},\"query-input\":{\"@type\":\"PropertyValueSpecification\",\"valueRequired\":true,\"valueName\":\"search_term_string\"}}],\"inLanguage\":\"es\"},{\"@type\":\"Organization\",\"@id\":\"https:\\\/\\\/bibliotecavigil.org.ar\\\/inicio\\\/#organization\",\"name\":\"Biblioteca Popular C.C.Vigil\",\"url\":\"https:\\\/\\\/bibliotecavigil.org.ar\\\/inicio\\\/\",\"logo\":{\"@type\":\"ImageObject\",\"inLanguage\":\"es\",\"@id\":\"https:\\\/\\\/bibliotecavigil.org.ar\\\/inicio\\\/#\\\/schema\\\/logo\\\/image\\\/\",\"url\":\"https:\\\/\\\/bibliotecavigil.org.ar\\\/inicio\\\/wp-content\\\/uploads\\\/2023\\\/06\\\/Logo-sin-texto-gif.gif\",\"contentUrl\":\"https:\\\/\\\/bibliotecavigil.org.ar\\\/inicio\\\/wp-content\\\/uploads\\\/2023\\\/06\\\/Logo-sin-texto-gif.gif\",\"width\":1487,\"height\":1604,\"caption\":\"Biblioteca Popular C.C.Vigil\"},\"image\":{\"@id\":\"https:\\\/\\\/bibliotecavigil.org.ar\\\/inicio\\\/#\\\/schema\\\/logo\\\/image\\\/\"}},{\"@type\":\"Person\",\"@id\":\"https:\\\/\\\/bibliotecavigil.org.ar\\\/inicio\\\/#\\\/schema\\\/person\\\/98530bc117d5fa50c5dc01b4fd8d3700\",\"name\":\"Biblioteca Vigil\",\"image\":{\"@type\":\"ImageObject\",\"inLanguage\":\"es\",\"@id\":\"https:\\\/\\\/secure.gravatar.com\\\/avatar\\\/a96b6054dc4c80cde596e2c3f42d23e4f769e395116bf277fb508315b9d8a5c5?s=96&d=mm&r=g\",\"url\":\"https:\\\/\\\/secure.gravatar.com\\\/avatar\\\/a96b6054dc4c80cde596e2c3f42d23e4f769e395116bf277fb508315b9d8a5c5?s=96&d=mm&r=g\",\"contentUrl\":\"https:\\\/\\\/secure.gravatar.com\\\/avatar\\\/a96b6054dc4c80cde596e2c3f42d23e4f769e395116bf277fb508315b9d8a5c5?s=96&d=mm&r=g\",\"caption\":\"Biblioteca Vigil\"},\"url\":\"https:\\\/\\\/bibliotecavigil.org.ar\\\/inicio\\\/author\\\/comunicacion\\\/\"}]}<\/script>\n<!-- \/ Yoast SEO plugin. -->","yoast_head_json":{"title":"\u00a1Vacaciones de invierno en el Teatro Vigil! - Biblioteca Vigil","robots":{"index":"index","follow":"follow","max-snippet":"max-snippet:-1","max-image-preview":"max-image-preview:large","max-video-preview":"max-video-preview:-1"},"canonical":"https:\/\/bibliotecavigil.org.ar\/inicio\/vacaciones-de-invierno-en-el-teatro-vigil-2\/","og_locale":"es_ES","og_type":"article","og_title":"\u00a1Vacaciones de invierno en el Teatro Vigil! - Biblioteca Vigil","og_description":"\u00a1Vacaciones de invierno en el Teatro Vigil! Para este mes tenemos una propuesta ideal para aprovechar las vacas: CINCO funciones &#x1f590; \u00a1para que toda la familia pueda disfrutar de la Saulo! \u25ba 18\/7 17.00 h Magijugando. Mago Marzelo Cintia Solomita Ballet Asalah. Un viaje por el mundo de la ilusi\u00f3n: pa\u00f1uelos de colores, varitas m\u00e1gicas, [&hellip;]","og_url":"https:\/\/bibliotecavigil.org.ar\/inicio\/vacaciones-de-invierno-en-el-teatro-vigil-2\/","og_site_name":"Biblioteca Vigil","article_published_time":"2023-07-11T20:34:01+00:00","article_modified_time":"2023-07-12T17:31:10+00:00","og_image":[{"width":1586,"height":996,"url":"https:\/\/bibliotecavigil.org.ar\/inicio\/wp-content\/uploads\/2023\/07\/JULIO_WEB.jpg","type":"image\/jpeg"}],"author":"Biblioteca Vigil","twitter_card":"summary_large_image","twitter_misc":{"Escrito por":"Biblioteca Vigil","Tiempo de lectura":"3 minutos"},"schema":{"@context":"https:\/\/schema.org","@graph":[{"@type":"Article","@id":"https:\/\/bibliotecavigil.org.ar\/inicio\/vacaciones-de-invierno-en-el-teatro-vigil-2\/#article","isPartOf":{"@id":"https:\/\/bibliotecavigil.org.ar\/inicio\/vacaciones-de-invierno-en-el-teatro-vigil-2\/"},"author":{"name":"Biblioteca Vigil","@id":"https:\/\/bibliotecavigil.org.ar\/inicio\/#\/schema\/person\/98530bc117d5fa50c5dc01b4fd8d3700"},"headline":"\u00a1Vacaciones de invierno en el Teatro Vigil!","datePublished":"2023-07-11T20:34:01+00:00","dateModified":"2023-07-12T17:31:10+00:00","mainEntityOfPage":{"@id":"https:\/\/bibliotecavigil.org.ar\/inicio\/vacaciones-de-invierno-en-el-teatro-vigil-2\/"},"wordCount":497,"commentCount":0,"publisher":{"@id":"https:\/\/bibliotecavigil.org.ar\/inicio\/#organization"},"image":{"@id":"https:\/\/bibliotecavigil.org.ar\/inicio\/vacaciones-de-invierno-en-el-teatro-vigil-2\/#primaryimage"},"thumbnailUrl":"https:\/\/bibliotecavigil.org.ar\/inicio\/wp-content\/uploads\/2023\/07\/JULIO_WEB.jpg","keywords":["invierno","teatro","vacaciones"],"articleSection":["Noticias"],"inLanguage":"es","potentialAction":[{"@type":"CommentAction","name":"Comment","target":["https:\/\/bibliotecavigil.org.ar\/inicio\/vacaciones-de-invierno-en-el-teatro-vigil-2\/#respond"]}]},{"@type":"WebPage","@id":"https:\/\/bibliotecavigil.org.ar\/inicio\/vacaciones-de-invierno-en-el-teatro-vigil-2\/","url":"https:\/\/bibliotecavigil.org.ar\/inicio\/vacaciones-de-invierno-en-el-teatro-vigil-2\/","name":"\u00a1Vacaciones de invierno en el Teatro Vigil! - Biblioteca Vigil","isPartOf":{"@id":"https:\/\/bibliotecavigil.org.ar\/inicio\/#website"},"primaryImageOfPage":{"@id":"https:\/\/bibliotecavigil.org.ar\/inicio\/vacaciones-de-invierno-en-el-teatro-vigil-2\/#primaryimage"},"image":{"@id":"https:\/\/bibliotecavigil.org.ar\/inicio\/vacaciones-de-invierno-en-el-teatro-vigil-2\/#primaryimage"},"thumbnailUrl":"https:\/\/bibliotecavigil.org.ar\/inicio\/wp-content\/uploads\/2023\/07\/JULIO_WEB.jpg","datePublished":"2023-07-11T20:34:01+00:00","dateModified":"2023-07-12T17:31:10+00:00","breadcrumb":{"@id":"https:\/\/bibliotecavigil.org.ar\/inicio\/vacaciones-de-invierno-en-el-teatro-vigil-2\/#breadcrumb"},"inLanguage":"es","potentialAction":[{"@type":"ReadAction","target":["https:\/\/bibliotecavigil.org.ar\/inicio\/vacaciones-de-invierno-en-el-teatro-vigil-2\/"]}]},{"@type":"ImageObject","inLanguage":"es","@id":"https:\/\/bibliotecavigil.org.ar\/inicio\/vacaciones-de-invierno-en-el-teatro-vigil-2\/#primaryimage","url":"https:\/\/bibliotecavigil.org.ar\/inicio\/wp-content\/uploads\/2023\/07\/JULIO_WEB.jpg","contentUrl":"https:\/\/bibliotecavigil.org.ar\/inicio\/wp-content\/uploads\/2023\/07\/JULIO_WEB.jpg","width":1586,"height":996},{"@type":"BreadcrumbList","@id":"https:\/\/bibliotecavigil.org.ar\/inicio\/vacaciones-de-invierno-en-el-teatro-vigil-2\/#breadcrumb","itemListElement":[{"@type":"ListItem","position":1,"name":"Portada","item":"https:\/\/bibliotecavigil.org.ar\/inicio\/"},{"@type":"ListItem","position":2,"name":"\u00a1Vacaciones de invierno en el Teatro Vigil!"}]},{"@type":"WebSite","@id":"https:\/\/bibliotecavigil.org.ar\/inicio\/#website","url":"https:\/\/bibliotecavigil.org.ar\/inicio\/","name":"Biblioteca Vigil","description":"Biblioteca Popular C C Vigil","publisher":{"@id":"https:\/\/bibliotecavigil.org.ar\/inicio\/#organization"},"potentialAction":[{"@type":"SearchAction","target":{"@type":"EntryPoint","urlTemplate":"https:\/\/bibliotecavigil.org.ar\/inicio\/?s={search_term_string}"},"query-input":{"@type":"PropertyValueSpecification","valueRequired":true,"valueName":"search_term_string"}}],"inLanguage":"es"},{"@type":"Organization","@id":"https:\/\/bibliotecavigil.org.ar\/inicio\/#organization","name":"Biblioteca Popular C.C.Vigil","url":"https:\/\/bibliotecavigil.org.ar\/inicio\/","logo":{"@type":"ImageObject","inLanguage":"es","@id":"https:\/\/bibliotecavigil.org.ar\/inicio\/#\/schema\/logo\/image\/","url":"https:\/\/bibliotecavigil.org.ar\/inicio\/wp-content\/uploads\/2023\/06\/Logo-sin-texto-gif.gif","contentUrl":"https:\/\/bibliotecavigil.org.ar\/inicio\/wp-content\/uploads\/2023\/06\/Logo-sin-texto-gif.gif","width":1487,"height":1604,"caption":"Biblioteca Popular C.C.Vigil"},"image":{"@id":"https:\/\/bibliotecavigil.org.ar\/inicio\/#\/schema\/logo\/image\/"}},{"@type":"Person","@id":"https:\/\/bibliotecavigil.org.ar\/inicio\/#\/schema\/person\/98530bc117d5fa50c5dc01b4fd8d3700","name":"Biblioteca Vigil","image":{"@type":"ImageObject","inLanguage":"es","@id":"https:\/\/secure.gravatar.com\/avatar\/a96b6054dc4c80cde596e2c3f42d23e4f769e395116bf277fb508315b9d8a5c5?s=96&d=mm&r=g","url":"https:\/\/secure.gravatar.com\/avatar\/a96b6054dc4c80cde596e2c3f42d23e4f769e395116bf277fb508315b9d8a5c5?s=96&d=mm&r=g","contentUrl":"https:\/\/secure.gravatar.com\/avatar\/a96b6054dc4c80cde596e2c3f42d23e4f769e395116bf277fb508315b9d8a5c5?s=96&d=mm&r=g","caption":"Biblioteca Vigil"},"url":"https:\/\/bibliotecavigil.org.ar\/inicio\/author\/comunicacion\/"}]}},"_links":{"self":[{"href":"https:\/\/bibliotecavigil.org.ar\/inicio\/wp-json\/wp\/v2\/posts\/31789","targetHints":{"allow":["GET"]}}],"collection":[{"href":"https:\/\/bibliotecavigil.org.ar\/inicio\/wp-json\/wp\/v2\/posts"}],"about":[{"href":"https:\/\/bibliotecavigil.org.ar\/inicio\/wp-json\/wp\/v2\/types\/post"}],"author":[{"embeddable":true,"href":"https:\/\/bibliotecavigil.org.ar\/inicio\/wp-json\/wp\/v2\/users\/3"}],"replies":[{"embeddable":true,"href":"https:\/\/bibliotecavigil.org.ar\/inicio\/wp-json\/wp\/v2\/comments?post=31789"}],"version-history":[{"count":3,"href":"https:\/\/bibliotecavigil.org.ar\/inicio\/wp-json\/wp\/v2\/posts\/31789\/revisions"}],"predecessor-version":[{"id":31798,"href":"https:\/\/bibliotecavigil.org.ar\/inicio\/wp-json\/wp\/v2\/posts\/31789\/revisions\/31798"}],"wp:featuredmedia":[{"embeddable":true,"href":"https:\/\/bibliotecavigil.org.ar\/inicio\/wp-json\/wp\/v2\/media\/31792"}],"wp:attachment":[{"href":"https:\/\/bibliotecavigil.org.ar\/inicio\/wp-json\/wp\/v2\/media?parent=31789"}],"wp:term":[{"taxonomy":"category","embeddable":true,"href":"https:\/\/bibliotecavigil.org.ar\/inicio\/wp-json\/wp\/v2\/categories?post=31789"},{"taxonomy":"post_tag","embeddable":true,"href":"https:\/\/bibliotecavigil.org.ar\/inicio\/wp-json\/wp\/v2\/tags?post=31789"}],"curies":[{"name":"wp","href":"https:\/\/api.w.org\/{rel}","templated":true}]}}