{"id":31881,"date":"2023-08-07T18:25:05","date_gmt":"2023-08-07T21:25:05","guid":{"rendered":"https:\/\/bibliotecavigil.org.ar\/inicio\/?p=31881"},"modified":"2023-08-08T13:04:37","modified_gmt":"2023-08-08T16:04:37","slug":"recorrido-guiado-de-agosto","status":"publish","type":"post","link":"https:\/\/bibliotecavigil.org.ar\/inicio\/recorrido-guiado-de-agosto\/","title":{"rendered":"Recorrido Guiado de agosto"},"content":{"rendered":"\n<p>\u25ba A 40 a\u00f1os de la recuperaci\u00f3n democr\u00e1tica y a las puertas de una nueva instancia electoral, nos parece interesante recordar la heterogeneidad que fue y es constitutiva de La Vigil, con un fragmento de entrevista realizada en el a\u00f1o 2009 a Alberto Pedrido, miembro de CD Biblioteca Vigil (1959-1977).<\/p>\n\n\n\n<p>\u201c(\u2026) Por eso yo ahora cuando se plantea la homogeneidad del pensamiento (\u2026) \u00bfc\u00f3mo nosotros pod\u00edamos vivir? Ah\u00ed hab\u00eda gente que era del partido comunista, otros que eran del partido socialista, radicales, hab\u00eda anarquistas, otros que eran \u2013 \u00e9ramos \u2013 peronistas, as\u00ed que\u2026 y funcionamos perfectamente bien. Porque ahora se est\u00e1 planteando aquel est\u00e1 trabajando para tal, aquel otro\u2026 y nosotros \u00e9ramos un mosaico. Nosotros dec\u00edamos siempre, [Albino] Serpi dec\u00eda siempre: por un mundo mejor, y ese mundo mejor es una s\u00edntesis de lo que realmente fuimos aprendiendo, de lo que fuimos sintiendo cada uno de nosotros\u201d.<\/p>\n\n\n\n<p>\u25ac El <strong>s\u00e1bado 12 de agosto a las 10 h<\/strong> nos volvemos a encontrar en Alem 3078 para un nuevo Recorrido Guiado. Sumate, construyamos memoria y tengamos futuro.<\/p>\n\n\n\n<p><\/p>\n\n\n\n<figure class=\"wp-block-image size-large\"><a href=\"https:\/\/bibliotecavigil.org.ar\/inicio\/wp-content\/uploads\/2023\/08\/Recorrido-Guiado-5.jpeg\"><img decoding=\"async\" width=\"1024\" height=\"781\" data-src=\"https:\/\/bibliotecavigil.org.ar\/inicio\/wp-content\/uploads\/2023\/08\/Recorrido-Guiado-5-1024x781.jpeg\" alt=\"\" class=\"wp-image-31882 lazyload\" data-srcset=\"https:\/\/bibliotecavigil.org.ar\/inicio\/wp-content\/uploads\/2023\/08\/Recorrido-Guiado-5-980x748.jpeg 980w, https:\/\/bibliotecavigil.org.ar\/inicio\/wp-content\/uploads\/2023\/08\/Recorrido-Guiado-5-480x366.jpeg 480w\" data-sizes=\"(min-width: 0px) and (max-width: 480px) 480px, (min-width: 481px) and (max-width: 980px) 980px, (min-width: 981px) 1024px, 100vw\" src=\"data:image\/svg+xml;base64,PHN2ZyB3aWR0aD0iMSIgaGVpZ2h0PSIxIiB4bWxucz0iaHR0cDovL3d3dy53My5vcmcvMjAwMC9zdmciPjwvc3ZnPg==\" style=\"--smush-placeholder-width: 1024px; --smush-placeholder-aspect-ratio: 1024\/781;\" \/><\/a><\/figure>\n","protected":false},"excerpt":{"rendered":"<p>\u25ba A 40 a\u00f1os de la recuperaci\u00f3n democr\u00e1tica y a las puertas de una nueva instancia electoral, nos parece interesante recordar la heterogeneidad que fue y es constitutiva de La Vigil, con un fragmento de entrevista realizada en el a\u00f1o 2009 a Alberto Pedrido, miembro de CD Biblioteca Vigil (1959-1977). \u201c(\u2026) Por eso yo ahora [&hellip;]<\/p>\n","protected":false},"author":3,"featured_media":31837,"comment_status":"open","ping_status":"closed","sticky":false,"template":"","format":"standard","meta":{"_et_pb_use_builder":"off","_et_pb_old_content":"","_et_gb_content_width":"1920","footnotes":""},"categories":[16],"tags":[231,230],"class_list":["post-31881","post","type-post","status-publish","format-standard","has-post-thumbnail","hentry","category-noticias","tag-guiado","tag-recorrido"],"yoast_head":"<!-- This site is optimized with the Yoast SEO plugin v27.3 - https:\/\/yoast.com\/product\/yoast-seo-wordpress\/ -->\n<title>Recorrido Guiado de agosto - Biblioteca Vigil<\/title>\n<meta name=\"description\" content=\"A 40 a\u00f1os de la recuperaci\u00f3n democr\u00e1tica y a las puertas de una nueva instancia electoral, nos parece interesante recordar la heterogeneidad\" \/>\n<meta name=\"robots\" content=\"index, follow, max-snippet:-1, max-image-preview:large, max-video-preview:-1\" \/>\n<link rel=\"canonical\" href=\"https:\/\/bibliotecavigil.org.ar\/inicio\/recorrido-guiado-de-agosto\/\" \/>\n<meta property=\"og:locale\" content=\"es_ES\" \/>\n<meta property=\"og:type\" content=\"article\" \/>\n<meta property=\"og:title\" content=\"Recorrido Guiado de agosto - Biblioteca Vigil\" \/>\n<meta property=\"og:description\" content=\"A 40 a\u00f1os de la recuperaci\u00f3n democr\u00e1tica y a las puertas de una nueva instancia electoral, nos parece interesante recordar la heterogeneidad\" \/>\n<meta property=\"og:url\" content=\"https:\/\/bibliotecavigil.org.ar\/inicio\/recorrido-guiado-de-agosto\/\" \/>\n<meta property=\"og:site_name\" content=\"Biblioteca Vigil\" \/>\n<meta property=\"article:published_time\" content=\"2023-08-07T21:25:05+00:00\" \/>\n<meta property=\"article:modified_time\" content=\"2023-08-08T16:04:37+00:00\" \/>\n<meta property=\"og:image\" content=\"https:\/\/bibliotecavigil.org.ar\/inicio\/wp-content\/uploads\/2023\/07\/grafica-02-scaled.jpg\" \/>\n\t<meta property=\"og:image:width\" content=\"2560\" \/>\n\t<meta property=\"og:image:height\" content=\"1607\" \/>\n\t<meta property=\"og:image:type\" content=\"image\/jpeg\" \/>\n<meta name=\"author\" content=\"Biblioteca Vigil\" \/>\n<meta name=\"twitter:card\" content=\"summary_large_image\" \/>\n<meta name=\"twitter:label1\" content=\"Escrito por\" \/>\n\t<meta name=\"twitter:data1\" content=\"Biblioteca Vigil\" \/>\n\t<meta name=\"twitter:label2\" content=\"Tiempo de lectura\" \/>\n\t<meta name=\"twitter:data2\" content=\"1 minuto\" \/>\n<script type=\"application\/ld+json\" class=\"yoast-schema-graph\">{\"@context\":\"https:\\\/\\\/schema.org\",\"@graph\":[{\"@type\":\"Article\",\"@id\":\"https:\\\/\\\/bibliotecavigil.org.ar\\\/inicio\\\/recorrido-guiado-de-agosto\\\/#article\",\"isPartOf\":{\"@id\":\"https:\\\/\\\/bibliotecavigil.org.ar\\\/inicio\\\/recorrido-guiado-de-agosto\\\/\"},\"author\":{\"name\":\"Biblioteca Vigil\",\"@id\":\"https:\\\/\\\/bibliotecavigil.org.ar\\\/inicio\\\/#\\\/schema\\\/person\\\/98530bc117d5fa50c5dc01b4fd8d3700\"},\"headline\":\"Recorrido Guiado de agosto\",\"datePublished\":\"2023-08-07T21:25:05+00:00\",\"dateModified\":\"2023-08-08T16:04:37+00:00\",\"mainEntityOfPage\":{\"@id\":\"https:\\\/\\\/bibliotecavigil.org.ar\\\/inicio\\\/recorrido-guiado-de-agosto\\\/\"},\"wordCount\":180,\"commentCount\":0,\"publisher\":{\"@id\":\"https:\\\/\\\/bibliotecavigil.org.ar\\\/inicio\\\/#organization\"},\"image\":{\"@id\":\"https:\\\/\\\/bibliotecavigil.org.ar\\\/inicio\\\/recorrido-guiado-de-agosto\\\/#primaryimage\"},\"thumbnailUrl\":\"https:\\\/\\\/bibliotecavigil.org.ar\\\/inicio\\\/wp-content\\\/uploads\\\/2023\\\/07\\\/grafica-02-scaled.jpg\",\"keywords\":[\"guiado\",\"recorrido\"],\"articleSection\":[\"Noticias\"],\"inLanguage\":\"es\",\"potentialAction\":[{\"@type\":\"CommentAction\",\"name\":\"Comment\",\"target\":[\"https:\\\/\\\/bibliotecavigil.org.ar\\\/inicio\\\/recorrido-guiado-de-agosto\\\/#respond\"]}]},{\"@type\":\"WebPage\",\"@id\":\"https:\\\/\\\/bibliotecavigil.org.ar\\\/inicio\\\/recorrido-guiado-de-agosto\\\/\",\"url\":\"https:\\\/\\\/bibliotecavigil.org.ar\\\/inicio\\\/recorrido-guiado-de-agosto\\\/\",\"name\":\"Recorrido Guiado de agosto - Biblioteca Vigil\",\"isPartOf\":{\"@id\":\"https:\\\/\\\/bibliotecavigil.org.ar\\\/inicio\\\/#website\"},\"primaryImageOfPage\":{\"@id\":\"https:\\\/\\\/bibliotecavigil.org.ar\\\/inicio\\\/recorrido-guiado-de-agosto\\\/#primaryimage\"},\"image\":{\"@id\":\"https:\\\/\\\/bibliotecavigil.org.ar\\\/inicio\\\/recorrido-guiado-de-agosto\\\/#primaryimage\"},\"thumbnailUrl\":\"https:\\\/\\\/bibliotecavigil.org.ar\\\/inicio\\\/wp-content\\\/uploads\\\/2023\\\/07\\\/grafica-02-scaled.jpg\",\"datePublished\":\"2023-08-07T21:25:05+00:00\",\"dateModified\":\"2023-08-08T16:04:37+00:00\",\"description\":\"A 40 a\u00f1os de la recuperaci\u00f3n democr\u00e1tica y a las puertas de una nueva instancia electoral, nos parece interesante recordar la heterogeneidad\",\"breadcrumb\":{\"@id\":\"https:\\\/\\\/bibliotecavigil.org.ar\\\/inicio\\\/recorrido-guiado-de-agosto\\\/#breadcrumb\"},\"inLanguage\":\"es\",\"potentialAction\":[{\"@type\":\"ReadAction\",\"target\":[\"https:\\\/\\\/bibliotecavigil.org.ar\\\/inicio\\\/recorrido-guiado-de-agosto\\\/\"]}]},{\"@type\":\"ImageObject\",\"inLanguage\":\"es\",\"@id\":\"https:\\\/\\\/bibliotecavigil.org.ar\\\/inicio\\\/recorrido-guiado-de-agosto\\\/#primaryimage\",\"url\":\"https:\\\/\\\/bibliotecavigil.org.ar\\\/inicio\\\/wp-content\\\/uploads\\\/2023\\\/07\\\/grafica-02-scaled.jpg\",\"contentUrl\":\"https:\\\/\\\/bibliotecavigil.org.ar\\\/inicio\\\/wp-content\\\/uploads\\\/2023\\\/07\\\/grafica-02-scaled.jpg\",\"width\":2560,\"height\":1607},{\"@type\":\"BreadcrumbList\",\"@id\":\"https:\\\/\\\/bibliotecavigil.org.ar\\\/inicio\\\/recorrido-guiado-de-agosto\\\/#breadcrumb\",\"itemListElement\":[{\"@type\":\"ListItem\",\"position\":1,\"name\":\"Portada\",\"item\":\"https:\\\/\\\/bibliotecavigil.org.ar\\\/inicio\\\/\"},{\"@type\":\"ListItem\",\"position\":2,\"name\":\"Recorrido Guiado de agosto\"}]},{\"@type\":\"WebSite\",\"@id\":\"https:\\\/\\\/bibliotecavigil.org.ar\\\/inicio\\\/#website\",\"url\":\"https:\\\/\\\/bibliotecavigil.org.ar\\\/inicio\\\/\",\"name\":\"Biblioteca Vigil\",\"description\":\"Biblioteca Popular C C Vigil\",\"publisher\":{\"@id\":\"https:\\\/\\\/bibliotecavigil.org.ar\\\/inicio\\\/#organization\"},\"potentialAction\":[{\"@type\":\"SearchAction\",\"target\":{\"@type\":\"EntryPoint\",\"urlTemplate\":\"https:\\\/\\\/bibliotecavigil.org.ar\\\/inicio\\\/?s={search_term_string}\"},\"query-input\":{\"@type\":\"PropertyValueSpecification\",\"valueRequired\":true,\"valueName\":\"search_term_string\"}}],\"inLanguage\":\"es\"},{\"@type\":\"Organization\",\"@id\":\"https:\\\/\\\/bibliotecavigil.org.ar\\\/inicio\\\/#organization\",\"name\":\"Biblioteca Popular C.C.Vigil\",\"url\":\"https:\\\/\\\/bibliotecavigil.org.ar\\\/inicio\\\/\",\"logo\":{\"@type\":\"ImageObject\",\"inLanguage\":\"es\",\"@id\":\"https:\\\/\\\/bibliotecavigil.org.ar\\\/inicio\\\/#\\\/schema\\\/logo\\\/image\\\/\",\"url\":\"https:\\\/\\\/bibliotecavigil.org.ar\\\/inicio\\\/wp-content\\\/uploads\\\/2023\\\/06\\\/Logo-sin-texto-gif.gif\",\"contentUrl\":\"https:\\\/\\\/bibliotecavigil.org.ar\\\/inicio\\\/wp-content\\\/uploads\\\/2023\\\/06\\\/Logo-sin-texto-gif.gif\",\"width\":1487,\"height\":1604,\"caption\":\"Biblioteca Popular C.C.Vigil\"},\"image\":{\"@id\":\"https:\\\/\\\/bibliotecavigil.org.ar\\\/inicio\\\/#\\\/schema\\\/logo\\\/image\\\/\"}},{\"@type\":\"Person\",\"@id\":\"https:\\\/\\\/bibliotecavigil.org.ar\\\/inicio\\\/#\\\/schema\\\/person\\\/98530bc117d5fa50c5dc01b4fd8d3700\",\"name\":\"Biblioteca Vigil\",\"image\":{\"@type\":\"ImageObject\",\"inLanguage\":\"es\",\"@id\":\"https:\\\/\\\/secure.gravatar.com\\\/avatar\\\/a96b6054dc4c80cde596e2c3f42d23e4f769e395116bf277fb508315b9d8a5c5?s=96&d=mm&r=g\",\"url\":\"https:\\\/\\\/secure.gravatar.com\\\/avatar\\\/a96b6054dc4c80cde596e2c3f42d23e4f769e395116bf277fb508315b9d8a5c5?s=96&d=mm&r=g\",\"contentUrl\":\"https:\\\/\\\/secure.gravatar.com\\\/avatar\\\/a96b6054dc4c80cde596e2c3f42d23e4f769e395116bf277fb508315b9d8a5c5?s=96&d=mm&r=g\",\"caption\":\"Biblioteca Vigil\"},\"url\":\"https:\\\/\\\/bibliotecavigil.org.ar\\\/inicio\\\/author\\\/comunicacion\\\/\"}]}<\/script>\n<!-- \/ Yoast SEO plugin. -->","yoast_head_json":{"title":"Recorrido Guiado de agosto - Biblioteca Vigil","description":"A 40 a\u00f1os de la recuperaci\u00f3n democr\u00e1tica y a las puertas de una nueva instancia electoral, nos parece interesante recordar la heterogeneidad","robots":{"index":"index","follow":"follow","max-snippet":"max-snippet:-1","max-image-preview":"max-image-preview:large","max-video-preview":"max-video-preview:-1"},"canonical":"https:\/\/bibliotecavigil.org.ar\/inicio\/recorrido-guiado-de-agosto\/","og_locale":"es_ES","og_type":"article","og_title":"Recorrido Guiado de agosto - Biblioteca Vigil","og_description":"A 40 a\u00f1os de la recuperaci\u00f3n democr\u00e1tica y a las puertas de una nueva instancia electoral, nos parece interesante recordar la heterogeneidad","og_url":"https:\/\/bibliotecavigil.org.ar\/inicio\/recorrido-guiado-de-agosto\/","og_site_name":"Biblioteca Vigil","article_published_time":"2023-08-07T21:25:05+00:00","article_modified_time":"2023-08-08T16:04:37+00:00","og_image":[{"width":2560,"height":1607,"url":"https:\/\/bibliotecavigil.org.ar\/inicio\/wp-content\/uploads\/2023\/07\/grafica-02-scaled.jpg","type":"image\/jpeg"}],"author":"Biblioteca Vigil","twitter_card":"summary_large_image","twitter_misc":{"Escrito por":"Biblioteca Vigil","Tiempo de lectura":"1 minuto"},"schema":{"@context":"https:\/\/schema.org","@graph":[{"@type":"Article","@id":"https:\/\/bibliotecavigil.org.ar\/inicio\/recorrido-guiado-de-agosto\/#article","isPartOf":{"@id":"https:\/\/bibliotecavigil.org.ar\/inicio\/recorrido-guiado-de-agosto\/"},"author":{"name":"Biblioteca Vigil","@id":"https:\/\/bibliotecavigil.org.ar\/inicio\/#\/schema\/person\/98530bc117d5fa50c5dc01b4fd8d3700"},"headline":"Recorrido Guiado de agosto","datePublished":"2023-08-07T21:25:05+00:00","dateModified":"2023-08-08T16:04:37+00:00","mainEntityOfPage":{"@id":"https:\/\/bibliotecavigil.org.ar\/inicio\/recorrido-guiado-de-agosto\/"},"wordCount":180,"commentCount":0,"publisher":{"@id":"https:\/\/bibliotecavigil.org.ar\/inicio\/#organization"},"image":{"@id":"https:\/\/bibliotecavigil.org.ar\/inicio\/recorrido-guiado-de-agosto\/#primaryimage"},"thumbnailUrl":"https:\/\/bibliotecavigil.org.ar\/inicio\/wp-content\/uploads\/2023\/07\/grafica-02-scaled.jpg","keywords":["guiado","recorrido"],"articleSection":["Noticias"],"inLanguage":"es","potentialAction":[{"@type":"CommentAction","name":"Comment","target":["https:\/\/bibliotecavigil.org.ar\/inicio\/recorrido-guiado-de-agosto\/#respond"]}]},{"@type":"WebPage","@id":"https:\/\/bibliotecavigil.org.ar\/inicio\/recorrido-guiado-de-agosto\/","url":"https:\/\/bibliotecavigil.org.ar\/inicio\/recorrido-guiado-de-agosto\/","name":"Recorrido Guiado de agosto - Biblioteca Vigil","isPartOf":{"@id":"https:\/\/bibliotecavigil.org.ar\/inicio\/#website"},"primaryImageOfPage":{"@id":"https:\/\/bibliotecavigil.org.ar\/inicio\/recorrido-guiado-de-agosto\/#primaryimage"},"image":{"@id":"https:\/\/bibliotecavigil.org.ar\/inicio\/recorrido-guiado-de-agosto\/#primaryimage"},"thumbnailUrl":"https:\/\/bibliotecavigil.org.ar\/inicio\/wp-content\/uploads\/2023\/07\/grafica-02-scaled.jpg","datePublished":"2023-08-07T21:25:05+00:00","dateModified":"2023-08-08T16:04:37+00:00","description":"A 40 a\u00f1os de la recuperaci\u00f3n democr\u00e1tica y a las puertas de una nueva instancia electoral, nos parece interesante recordar la heterogeneidad","breadcrumb":{"@id":"https:\/\/bibliotecavigil.org.ar\/inicio\/recorrido-guiado-de-agosto\/#breadcrumb"},"inLanguage":"es","potentialAction":[{"@type":"ReadAction","target":["https:\/\/bibliotecavigil.org.ar\/inicio\/recorrido-guiado-de-agosto\/"]}]},{"@type":"ImageObject","inLanguage":"es","@id":"https:\/\/bibliotecavigil.org.ar\/inicio\/recorrido-guiado-de-agosto\/#primaryimage","url":"https:\/\/bibliotecavigil.org.ar\/inicio\/wp-content\/uploads\/2023\/07\/grafica-02-scaled.jpg","contentUrl":"https:\/\/bibliotecavigil.org.ar\/inicio\/wp-content\/uploads\/2023\/07\/grafica-02-scaled.jpg","width":2560,"height":1607},{"@type":"BreadcrumbList","@id":"https:\/\/bibliotecavigil.org.ar\/inicio\/recorrido-guiado-de-agosto\/#breadcrumb","itemListElement":[{"@type":"ListItem","position":1,"name":"Portada","item":"https:\/\/bibliotecavigil.org.ar\/inicio\/"},{"@type":"ListItem","position":2,"name":"Recorrido Guiado de agosto"}]},{"@type":"WebSite","@id":"https:\/\/bibliotecavigil.org.ar\/inicio\/#website","url":"https:\/\/bibliotecavigil.org.ar\/inicio\/","name":"Biblioteca Vigil","description":"Biblioteca Popular C C Vigil","publisher":{"@id":"https:\/\/bibliotecavigil.org.ar\/inicio\/#organization"},"potentialAction":[{"@type":"SearchAction","target":{"@type":"EntryPoint","urlTemplate":"https:\/\/bibliotecavigil.org.ar\/inicio\/?s={search_term_string}"},"query-input":{"@type":"PropertyValueSpecification","valueRequired":true,"valueName":"search_term_string"}}],"inLanguage":"es"},{"@type":"Organization","@id":"https:\/\/bibliotecavigil.org.ar\/inicio\/#organization","name":"Biblioteca Popular C.C.Vigil","url":"https:\/\/bibliotecavigil.org.ar\/inicio\/","logo":{"@type":"ImageObject","inLanguage":"es","@id":"https:\/\/bibliotecavigil.org.ar\/inicio\/#\/schema\/logo\/image\/","url":"https:\/\/bibliotecavigil.org.ar\/inicio\/wp-content\/uploads\/2023\/06\/Logo-sin-texto-gif.gif","contentUrl":"https:\/\/bibliotecavigil.org.ar\/inicio\/wp-content\/uploads\/2023\/06\/Logo-sin-texto-gif.gif","width":1487,"height":1604,"caption":"Biblioteca Popular C.C.Vigil"},"image":{"@id":"https:\/\/bibliotecavigil.org.ar\/inicio\/#\/schema\/logo\/image\/"}},{"@type":"Person","@id":"https:\/\/bibliotecavigil.org.ar\/inicio\/#\/schema\/person\/98530bc117d5fa50c5dc01b4fd8d3700","name":"Biblioteca Vigil","image":{"@type":"ImageObject","inLanguage":"es","@id":"https:\/\/secure.gravatar.com\/avatar\/a96b6054dc4c80cde596e2c3f42d23e4f769e395116bf277fb508315b9d8a5c5?s=96&d=mm&r=g","url":"https:\/\/secure.gravatar.com\/avatar\/a96b6054dc4c80cde596e2c3f42d23e4f769e395116bf277fb508315b9d8a5c5?s=96&d=mm&r=g","contentUrl":"https:\/\/secure.gravatar.com\/avatar\/a96b6054dc4c80cde596e2c3f42d23e4f769e395116bf277fb508315b9d8a5c5?s=96&d=mm&r=g","caption":"Biblioteca Vigil"},"url":"https:\/\/bibliotecavigil.org.ar\/inicio\/author\/comunicacion\/"}]}},"_links":{"self":[{"href":"https:\/\/bibliotecavigil.org.ar\/inicio\/wp-json\/wp\/v2\/posts\/31881","targetHints":{"allow":["GET"]}}],"collection":[{"href":"https:\/\/bibliotecavigil.org.ar\/inicio\/wp-json\/wp\/v2\/posts"}],"about":[{"href":"https:\/\/bibliotecavigil.org.ar\/inicio\/wp-json\/wp\/v2\/types\/post"}],"author":[{"embeddable":true,"href":"https:\/\/bibliotecavigil.org.ar\/inicio\/wp-json\/wp\/v2\/users\/3"}],"replies":[{"embeddable":true,"href":"https:\/\/bibliotecavigil.org.ar\/inicio\/wp-json\/wp\/v2\/comments?post=31881"}],"version-history":[{"count":1,"href":"https:\/\/bibliotecavigil.org.ar\/inicio\/wp-json\/wp\/v2\/posts\/31881\/revisions"}],"predecessor-version":[{"id":31884,"href":"https:\/\/bibliotecavigil.org.ar\/inicio\/wp-json\/wp\/v2\/posts\/31881\/revisions\/31884"}],"wp:featuredmedia":[{"embeddable":true,"href":"https:\/\/bibliotecavigil.org.ar\/inicio\/wp-json\/wp\/v2\/media\/31837"}],"wp:attachment":[{"href":"https:\/\/bibliotecavigil.org.ar\/inicio\/wp-json\/wp\/v2\/media?parent=31881"}],"wp:term":[{"taxonomy":"category","embeddable":true,"href":"https:\/\/bibliotecavigil.org.ar\/inicio\/wp-json\/wp\/v2\/categories?post=31881"},{"taxonomy":"post_tag","embeddable":true,"href":"https:\/\/bibliotecavigil.org.ar\/inicio\/wp-json\/wp\/v2\/tags?post=31881"}],"curies":[{"name":"wp","href":"https:\/\/api.w.org\/{rel}","templated":true}]}}