{"id":31903,"date":"2023-08-09T16:48:58","date_gmt":"2023-08-09T19:48:58","guid":{"rendered":"https:\/\/bibliotecavigil.org.ar\/inicio\/?p=31903"},"modified":"2023-08-09T16:49:00","modified_gmt":"2023-08-09T19:49:00","slug":"bordes-del-abismo-charla-y-muestra-de-fotografias","status":"publish","type":"post","link":"https:\/\/bibliotecavigil.org.ar\/inicio\/bordes-del-abismo-charla-y-muestra-de-fotografias\/","title":{"rendered":"Bordes del abismo: charla y muestra de fotograf\u00edas"},"content":{"rendered":"\n<p>Charla y muestra de fotograf\u00edas de <strong>Myrna Insua<\/strong><\/p>\n\n\n\n<p><strong>\u25ba Bordes del abismo<\/strong><br><em>Un punto de vista que recupera hacia el futuro el recuerdo que los campos mantienen<\/em><\/p>\n\n\n\n<p>Representar lo irrepresentable sugiere que aquello que est\u00e1 en el \u00abborde del abismo\u00bb, que es inimaginable e indecible, alcance una entidad que lo desplace hacia el universo de lo imaginable, nombrable y decible. Y para que esto ocurra es necesario que aquel que estuvo en el centro de lo extraordinario pueda transmitir su experiencia para volverla comprensible y transmisible a su vez. Esta acci\u00f3n, necesariamente individual, es indisociablemente colectiva: cada emisor necesita un receptor para volverse audible.<\/p>\n\n\n\n<p>\u25ac<strong> Lxs esperamos el mi\u00e9rcoles 16 de agosto a las 18 h. en la biblioteca (Alem 3078).<\/strong><\/p>\n\n\n\n<p><\/p>\n\n\n\n<figure class=\"wp-block-image size-large\"><a href=\"https:\/\/bibliotecavigil.org.ar\/inicio\/wp-content\/uploads\/2023\/08\/Bordes-abismo.jpeg\"><img decoding=\"async\" width=\"724\" height=\"1024\" data-src=\"https:\/\/bibliotecavigil.org.ar\/inicio\/wp-content\/uploads\/2023\/08\/Bordes-abismo-724x1024.jpeg\" alt=\"\" class=\"wp-image-31904 lazyload\" src=\"data:image\/svg+xml;base64,PHN2ZyB3aWR0aD0iMSIgaGVpZ2h0PSIxIiB4bWxucz0iaHR0cDovL3d3dy53My5vcmcvMjAwMC9zdmciPjwvc3ZnPg==\" style=\"--smush-placeholder-width: 724px; --smush-placeholder-aspect-ratio: 724\/1024;\" \/><\/a><\/figure>\n\n\n\n<p><\/p>\n\n\n\n<p><strong>Informaci\u00f3n sobre la muestra:<\/strong><\/p>\n\n\n\n<p>Las fotos que conforman esta propuesta son el resultado de casi dos d\u00e9cadas de di\u00e1logo y de escucha, de provocar un espacio de palabra en el cual los sobrevivientes de los campos clandestinos -centro de la estructura represiva del Terrorismo de Estado en Argentina- pudieran producir un relato memorial. Indisociablemente ligados al lugar en el cual lo inhumano se qued\u00f3 con una parte de ellos, la recepci\u00f3n de la voz de los sobrevivientes me fue llevando a recorrer cada uno de estos espacios y a reconstruirlos desde mi propia experiencia. Algunos estaban completamente destruidos, otros funcionaban todav\u00eda como dependencias estatales a cargo de fuerzas policiales o militares, otros hab\u00edan sido \u00abrecuperados\u00bb y transformados en lugares de memoria.<\/p>\n\n\n\n<p>Las im\u00e1genes seleccionadas dan cuenta de sitios con caracter\u00edsticas muy diferentes. El Museo de Bellas Artes de Paran\u00e1, por ejemplo, funcion\u00f3 como lugar de paso y tortura. Otros, como la Escuela de Mec\u00e1nica de la Armada, Automotores Orletti o el Servicio de Informaciones de Rosario, fueron lugares donde los secuestrados estuvieron detenidos hasta ser liberados, trasladados a una c\u00e1rcel o definitivamente arrojados al universo de la desaparici\u00f3n.<\/p>\n\n\n\n<p>El punto en com\u00fan entre todas las im\u00e1genes se encuentra en el terreno de enunciaci\u00f3n. Mi posicionamiento trata de acercarse al lugar de las v\u00edctimas y desde all\u00ed mi mirada construye l\u00edneas de fuga hacia el exterior. Este punto de vista muestra la fragilidad de los l\u00edmites entre el mundo exterior y el abismo, entre el horror intramuros y la calle, la vida cotidiana. Es un punto de vista que recupera hacia el futuro el recuerdo que los campos mantienen y generan de sus v\u00edctimas.<\/p>\n\n\n\n<p>La muestra fotogr\u00e1fica que presento no tiene otra pretensi\u00f3n que restituir a partir de im\u00e1genes parciales y personales algunas piezas del rompecabezas que surgen de la lucha por volver visible lo que la sociedad se neg\u00f3 a ver bajo el imperio del terror y que en el presente solo llega a conjeturarse como posible.<\/p>\n\n\n\n<p><strong>Informaci\u00f3n sobre la autora: MYRNA INSUA<\/strong><\/p>\n\n\n\n<p>Paris, enero de 2023. Doctora en Historia y en Letras y lenguas extranjeras. D.E.A. en Sociolog\u00eda pol\u00edtica, polit\u00f3loga y crimin\u00f3loga. Este trabajo es la continuidad de una serie de ensayos visuales sobre los Movimientos Sociales en el Cono Sur.<\/p>\n","protected":false},"excerpt":{"rendered":"<p>Charla y muestra de fotograf\u00edas de Myrna Insua \u25ba Bordes del abismoUn punto de vista que recupera hacia el futuro el recuerdo que los campos mantienen Representar lo irrepresentable sugiere que aquello que est\u00e1 en el \u00abborde del abismo\u00bb, que es inimaginable e indecible, alcance una entidad que lo desplace hacia el universo de lo [&hellip;]<\/p>\n","protected":false},"author":3,"featured_media":31905,"comment_status":"open","ping_status":"closed","sticky":false,"template":"","format":"standard","meta":{"_et_pb_use_builder":"off","_et_pb_old_content":"","_et_gb_content_width":"1920","footnotes":""},"categories":[16],"tags":[471,308,473,475],"class_list":["post-31903","post","type-post","status-publish","format-standard","has-post-thumbnail","hentry","category-noticias","tag-bordes","tag-charla","tag-fotografias","tag-myrna"],"yoast_head":"<!-- This site is optimized with the Yoast SEO plugin v27.3 - https:\/\/yoast.com\/product\/yoast-seo-wordpress\/ -->\n<title>Bordes del abismo: charla y muestra de fotograf\u00edas - Biblioteca Vigil<\/title>\n<meta name=\"robots\" content=\"index, follow, max-snippet:-1, max-image-preview:large, max-video-preview:-1\" \/>\n<link rel=\"canonical\" href=\"https:\/\/bibliotecavigil.org.ar\/inicio\/bordes-del-abismo-charla-y-muestra-de-fotografias\/\" \/>\n<meta property=\"og:locale\" content=\"es_ES\" \/>\n<meta property=\"og:type\" content=\"article\" \/>\n<meta property=\"og:title\" content=\"Bordes del abismo: charla y muestra de fotograf\u00edas - Biblioteca Vigil\" \/>\n<meta property=\"og:description\" content=\"Charla y muestra de fotograf\u00edas de Myrna Insua \u25ba Bordes del abismoUn punto de vista que recupera hacia el futuro el recuerdo que los campos mantienen Representar lo irrepresentable sugiere que aquello que est\u00e1 en el \u00abborde del abismo\u00bb, que es inimaginable e indecible, alcance una entidad que lo desplace hacia el universo de lo [&hellip;]\" \/>\n<meta property=\"og:url\" content=\"https:\/\/bibliotecavigil.org.ar\/inicio\/bordes-del-abismo-charla-y-muestra-de-fotografias\/\" \/>\n<meta property=\"og:site_name\" content=\"Biblioteca Vigil\" \/>\n<meta property=\"article:published_time\" content=\"2023-08-09T19:48:58+00:00\" \/>\n<meta property=\"article:modified_time\" content=\"2023-08-09T19:49:00+00:00\" \/>\n<meta property=\"og:image\" content=\"https:\/\/bibliotecavigil.org.ar\/inicio\/wp-content\/uploads\/2023\/08\/bordes-del-abismo_WEBV.jpg\" \/>\n\t<meta property=\"og:image:width\" content=\"2363\" \/>\n\t<meta property=\"og:image:height\" content=\"1483\" \/>\n\t<meta property=\"og:image:type\" content=\"image\/jpeg\" \/>\n<meta name=\"author\" content=\"Biblioteca Vigil\" \/>\n<meta name=\"twitter:card\" content=\"summary_large_image\" \/>\n<meta name=\"twitter:label1\" content=\"Escrito por\" \/>\n\t<meta name=\"twitter:data1\" content=\"Biblioteca Vigil\" \/>\n\t<meta name=\"twitter:label2\" content=\"Tiempo de lectura\" \/>\n\t<meta name=\"twitter:data2\" content=\"3 minutos\" \/>\n<script type=\"application\/ld+json\" class=\"yoast-schema-graph\">{\"@context\":\"https:\\\/\\\/schema.org\",\"@graph\":[{\"@type\":\"Article\",\"@id\":\"https:\\\/\\\/bibliotecavigil.org.ar\\\/inicio\\\/bordes-del-abismo-charla-y-muestra-de-fotografias\\\/#article\",\"isPartOf\":{\"@id\":\"https:\\\/\\\/bibliotecavigil.org.ar\\\/inicio\\\/bordes-del-abismo-charla-y-muestra-de-fotografias\\\/\"},\"author\":{\"name\":\"Biblioteca Vigil\",\"@id\":\"https:\\\/\\\/bibliotecavigil.org.ar\\\/inicio\\\/#\\\/schema\\\/person\\\/98530bc117d5fa50c5dc01b4fd8d3700\"},\"headline\":\"Bordes del abismo: charla y muestra de fotograf\u00edas\",\"datePublished\":\"2023-08-09T19:48:58+00:00\",\"dateModified\":\"2023-08-09T19:49:00+00:00\",\"mainEntityOfPage\":{\"@id\":\"https:\\\/\\\/bibliotecavigil.org.ar\\\/inicio\\\/bordes-del-abismo-charla-y-muestra-de-fotografias\\\/\"},\"wordCount\":527,\"commentCount\":0,\"publisher\":{\"@id\":\"https:\\\/\\\/bibliotecavigil.org.ar\\\/inicio\\\/#organization\"},\"image\":{\"@id\":\"https:\\\/\\\/bibliotecavigil.org.ar\\\/inicio\\\/bordes-del-abismo-charla-y-muestra-de-fotografias\\\/#primaryimage\"},\"thumbnailUrl\":\"https:\\\/\\\/bibliotecavigil.org.ar\\\/inicio\\\/wp-content\\\/uploads\\\/2023\\\/08\\\/bordes-del-abismo_WEBV.jpg\",\"keywords\":[\"bordes\",\"charla\",\"fotografias\",\"myrna\"],\"articleSection\":[\"Noticias\"],\"inLanguage\":\"es\",\"potentialAction\":[{\"@type\":\"CommentAction\",\"name\":\"Comment\",\"target\":[\"https:\\\/\\\/bibliotecavigil.org.ar\\\/inicio\\\/bordes-del-abismo-charla-y-muestra-de-fotografias\\\/#respond\"]}]},{\"@type\":\"WebPage\",\"@id\":\"https:\\\/\\\/bibliotecavigil.org.ar\\\/inicio\\\/bordes-del-abismo-charla-y-muestra-de-fotografias\\\/\",\"url\":\"https:\\\/\\\/bibliotecavigil.org.ar\\\/inicio\\\/bordes-del-abismo-charla-y-muestra-de-fotografias\\\/\",\"name\":\"Bordes del abismo: charla y muestra de fotograf\u00edas - Biblioteca Vigil\",\"isPartOf\":{\"@id\":\"https:\\\/\\\/bibliotecavigil.org.ar\\\/inicio\\\/#website\"},\"primaryImageOfPage\":{\"@id\":\"https:\\\/\\\/bibliotecavigil.org.ar\\\/inicio\\\/bordes-del-abismo-charla-y-muestra-de-fotografias\\\/#primaryimage\"},\"image\":{\"@id\":\"https:\\\/\\\/bibliotecavigil.org.ar\\\/inicio\\\/bordes-del-abismo-charla-y-muestra-de-fotografias\\\/#primaryimage\"},\"thumbnailUrl\":\"https:\\\/\\\/bibliotecavigil.org.ar\\\/inicio\\\/wp-content\\\/uploads\\\/2023\\\/08\\\/bordes-del-abismo_WEBV.jpg\",\"datePublished\":\"2023-08-09T19:48:58+00:00\",\"dateModified\":\"2023-08-09T19:49:00+00:00\",\"breadcrumb\":{\"@id\":\"https:\\\/\\\/bibliotecavigil.org.ar\\\/inicio\\\/bordes-del-abismo-charla-y-muestra-de-fotografias\\\/#breadcrumb\"},\"inLanguage\":\"es\",\"potentialAction\":[{\"@type\":\"ReadAction\",\"target\":[\"https:\\\/\\\/bibliotecavigil.org.ar\\\/inicio\\\/bordes-del-abismo-charla-y-muestra-de-fotografias\\\/\"]}]},{\"@type\":\"ImageObject\",\"inLanguage\":\"es\",\"@id\":\"https:\\\/\\\/bibliotecavigil.org.ar\\\/inicio\\\/bordes-del-abismo-charla-y-muestra-de-fotografias\\\/#primaryimage\",\"url\":\"https:\\\/\\\/bibliotecavigil.org.ar\\\/inicio\\\/wp-content\\\/uploads\\\/2023\\\/08\\\/bordes-del-abismo_WEBV.jpg\",\"contentUrl\":\"https:\\\/\\\/bibliotecavigil.org.ar\\\/inicio\\\/wp-content\\\/uploads\\\/2023\\\/08\\\/bordes-del-abismo_WEBV.jpg\",\"width\":2363,\"height\":1483},{\"@type\":\"BreadcrumbList\",\"@id\":\"https:\\\/\\\/bibliotecavigil.org.ar\\\/inicio\\\/bordes-del-abismo-charla-y-muestra-de-fotografias\\\/#breadcrumb\",\"itemListElement\":[{\"@type\":\"ListItem\",\"position\":1,\"name\":\"Portada\",\"item\":\"https:\\\/\\\/bibliotecavigil.org.ar\\\/inicio\\\/\"},{\"@type\":\"ListItem\",\"position\":2,\"name\":\"Bordes del abismo: charla y muestra de fotograf\u00edas\"}]},{\"@type\":\"WebSite\",\"@id\":\"https:\\\/\\\/bibliotecavigil.org.ar\\\/inicio\\\/#website\",\"url\":\"https:\\\/\\\/bibliotecavigil.org.ar\\\/inicio\\\/\",\"name\":\"Biblioteca Vigil\",\"description\":\"Biblioteca Popular C C Vigil\",\"publisher\":{\"@id\":\"https:\\\/\\\/bibliotecavigil.org.ar\\\/inicio\\\/#organization\"},\"potentialAction\":[{\"@type\":\"SearchAction\",\"target\":{\"@type\":\"EntryPoint\",\"urlTemplate\":\"https:\\\/\\\/bibliotecavigil.org.ar\\\/inicio\\\/?s={search_term_string}\"},\"query-input\":{\"@type\":\"PropertyValueSpecification\",\"valueRequired\":true,\"valueName\":\"search_term_string\"}}],\"inLanguage\":\"es\"},{\"@type\":\"Organization\",\"@id\":\"https:\\\/\\\/bibliotecavigil.org.ar\\\/inicio\\\/#organization\",\"name\":\"Biblioteca Popular C.C.Vigil\",\"url\":\"https:\\\/\\\/bibliotecavigil.org.ar\\\/inicio\\\/\",\"logo\":{\"@type\":\"ImageObject\",\"inLanguage\":\"es\",\"@id\":\"https:\\\/\\\/bibliotecavigil.org.ar\\\/inicio\\\/#\\\/schema\\\/logo\\\/image\\\/\",\"url\":\"https:\\\/\\\/bibliotecavigil.org.ar\\\/inicio\\\/wp-content\\\/uploads\\\/2023\\\/06\\\/Logo-sin-texto-gif.gif\",\"contentUrl\":\"https:\\\/\\\/bibliotecavigil.org.ar\\\/inicio\\\/wp-content\\\/uploads\\\/2023\\\/06\\\/Logo-sin-texto-gif.gif\",\"width\":1487,\"height\":1604,\"caption\":\"Biblioteca Popular C.C.Vigil\"},\"image\":{\"@id\":\"https:\\\/\\\/bibliotecavigil.org.ar\\\/inicio\\\/#\\\/schema\\\/logo\\\/image\\\/\"}},{\"@type\":\"Person\",\"@id\":\"https:\\\/\\\/bibliotecavigil.org.ar\\\/inicio\\\/#\\\/schema\\\/person\\\/98530bc117d5fa50c5dc01b4fd8d3700\",\"name\":\"Biblioteca Vigil\",\"image\":{\"@type\":\"ImageObject\",\"inLanguage\":\"es\",\"@id\":\"https:\\\/\\\/secure.gravatar.com\\\/avatar\\\/a96b6054dc4c80cde596e2c3f42d23e4f769e395116bf277fb508315b9d8a5c5?s=96&d=mm&r=g\",\"url\":\"https:\\\/\\\/secure.gravatar.com\\\/avatar\\\/a96b6054dc4c80cde596e2c3f42d23e4f769e395116bf277fb508315b9d8a5c5?s=96&d=mm&r=g\",\"contentUrl\":\"https:\\\/\\\/secure.gravatar.com\\\/avatar\\\/a96b6054dc4c80cde596e2c3f42d23e4f769e395116bf277fb508315b9d8a5c5?s=96&d=mm&r=g\",\"caption\":\"Biblioteca Vigil\"},\"url\":\"https:\\\/\\\/bibliotecavigil.org.ar\\\/inicio\\\/author\\\/comunicacion\\\/\"}]}<\/script>\n<!-- \/ Yoast SEO plugin. -->","yoast_head_json":{"title":"Bordes del abismo: charla y muestra de fotograf\u00edas - Biblioteca Vigil","robots":{"index":"index","follow":"follow","max-snippet":"max-snippet:-1","max-image-preview":"max-image-preview:large","max-video-preview":"max-video-preview:-1"},"canonical":"https:\/\/bibliotecavigil.org.ar\/inicio\/bordes-del-abismo-charla-y-muestra-de-fotografias\/","og_locale":"es_ES","og_type":"article","og_title":"Bordes del abismo: charla y muestra de fotograf\u00edas - Biblioteca Vigil","og_description":"Charla y muestra de fotograf\u00edas de Myrna Insua \u25ba Bordes del abismoUn punto de vista que recupera hacia el futuro el recuerdo que los campos mantienen Representar lo irrepresentable sugiere que aquello que est\u00e1 en el \u00abborde del abismo\u00bb, que es inimaginable e indecible, alcance una entidad que lo desplace hacia el universo de lo [&hellip;]","og_url":"https:\/\/bibliotecavigil.org.ar\/inicio\/bordes-del-abismo-charla-y-muestra-de-fotografias\/","og_site_name":"Biblioteca Vigil","article_published_time":"2023-08-09T19:48:58+00:00","article_modified_time":"2023-08-09T19:49:00+00:00","og_image":[{"width":2363,"height":1483,"url":"https:\/\/bibliotecavigil.org.ar\/inicio\/wp-content\/uploads\/2023\/08\/bordes-del-abismo_WEBV.jpg","type":"image\/jpeg"}],"author":"Biblioteca Vigil","twitter_card":"summary_large_image","twitter_misc":{"Escrito por":"Biblioteca Vigil","Tiempo de lectura":"3 minutos"},"schema":{"@context":"https:\/\/schema.org","@graph":[{"@type":"Article","@id":"https:\/\/bibliotecavigil.org.ar\/inicio\/bordes-del-abismo-charla-y-muestra-de-fotografias\/#article","isPartOf":{"@id":"https:\/\/bibliotecavigil.org.ar\/inicio\/bordes-del-abismo-charla-y-muestra-de-fotografias\/"},"author":{"name":"Biblioteca Vigil","@id":"https:\/\/bibliotecavigil.org.ar\/inicio\/#\/schema\/person\/98530bc117d5fa50c5dc01b4fd8d3700"},"headline":"Bordes del abismo: charla y muestra de fotograf\u00edas","datePublished":"2023-08-09T19:48:58+00:00","dateModified":"2023-08-09T19:49:00+00:00","mainEntityOfPage":{"@id":"https:\/\/bibliotecavigil.org.ar\/inicio\/bordes-del-abismo-charla-y-muestra-de-fotografias\/"},"wordCount":527,"commentCount":0,"publisher":{"@id":"https:\/\/bibliotecavigil.org.ar\/inicio\/#organization"},"image":{"@id":"https:\/\/bibliotecavigil.org.ar\/inicio\/bordes-del-abismo-charla-y-muestra-de-fotografias\/#primaryimage"},"thumbnailUrl":"https:\/\/bibliotecavigil.org.ar\/inicio\/wp-content\/uploads\/2023\/08\/bordes-del-abismo_WEBV.jpg","keywords":["bordes","charla","fotografias","myrna"],"articleSection":["Noticias"],"inLanguage":"es","potentialAction":[{"@type":"CommentAction","name":"Comment","target":["https:\/\/bibliotecavigil.org.ar\/inicio\/bordes-del-abismo-charla-y-muestra-de-fotografias\/#respond"]}]},{"@type":"WebPage","@id":"https:\/\/bibliotecavigil.org.ar\/inicio\/bordes-del-abismo-charla-y-muestra-de-fotografias\/","url":"https:\/\/bibliotecavigil.org.ar\/inicio\/bordes-del-abismo-charla-y-muestra-de-fotografias\/","name":"Bordes del abismo: charla y muestra de fotograf\u00edas - Biblioteca Vigil","isPartOf":{"@id":"https:\/\/bibliotecavigil.org.ar\/inicio\/#website"},"primaryImageOfPage":{"@id":"https:\/\/bibliotecavigil.org.ar\/inicio\/bordes-del-abismo-charla-y-muestra-de-fotografias\/#primaryimage"},"image":{"@id":"https:\/\/bibliotecavigil.org.ar\/inicio\/bordes-del-abismo-charla-y-muestra-de-fotografias\/#primaryimage"},"thumbnailUrl":"https:\/\/bibliotecavigil.org.ar\/inicio\/wp-content\/uploads\/2023\/08\/bordes-del-abismo_WEBV.jpg","datePublished":"2023-08-09T19:48:58+00:00","dateModified":"2023-08-09T19:49:00+00:00","breadcrumb":{"@id":"https:\/\/bibliotecavigil.org.ar\/inicio\/bordes-del-abismo-charla-y-muestra-de-fotografias\/#breadcrumb"},"inLanguage":"es","potentialAction":[{"@type":"ReadAction","target":["https:\/\/bibliotecavigil.org.ar\/inicio\/bordes-del-abismo-charla-y-muestra-de-fotografias\/"]}]},{"@type":"ImageObject","inLanguage":"es","@id":"https:\/\/bibliotecavigil.org.ar\/inicio\/bordes-del-abismo-charla-y-muestra-de-fotografias\/#primaryimage","url":"https:\/\/bibliotecavigil.org.ar\/inicio\/wp-content\/uploads\/2023\/08\/bordes-del-abismo_WEBV.jpg","contentUrl":"https:\/\/bibliotecavigil.org.ar\/inicio\/wp-content\/uploads\/2023\/08\/bordes-del-abismo_WEBV.jpg","width":2363,"height":1483},{"@type":"BreadcrumbList","@id":"https:\/\/bibliotecavigil.org.ar\/inicio\/bordes-del-abismo-charla-y-muestra-de-fotografias\/#breadcrumb","itemListElement":[{"@type":"ListItem","position":1,"name":"Portada","item":"https:\/\/bibliotecavigil.org.ar\/inicio\/"},{"@type":"ListItem","position":2,"name":"Bordes del abismo: charla y muestra de fotograf\u00edas"}]},{"@type":"WebSite","@id":"https:\/\/bibliotecavigil.org.ar\/inicio\/#website","url":"https:\/\/bibliotecavigil.org.ar\/inicio\/","name":"Biblioteca Vigil","description":"Biblioteca Popular C C Vigil","publisher":{"@id":"https:\/\/bibliotecavigil.org.ar\/inicio\/#organization"},"potentialAction":[{"@type":"SearchAction","target":{"@type":"EntryPoint","urlTemplate":"https:\/\/bibliotecavigil.org.ar\/inicio\/?s={search_term_string}"},"query-input":{"@type":"PropertyValueSpecification","valueRequired":true,"valueName":"search_term_string"}}],"inLanguage":"es"},{"@type":"Organization","@id":"https:\/\/bibliotecavigil.org.ar\/inicio\/#organization","name":"Biblioteca Popular C.C.Vigil","url":"https:\/\/bibliotecavigil.org.ar\/inicio\/","logo":{"@type":"ImageObject","inLanguage":"es","@id":"https:\/\/bibliotecavigil.org.ar\/inicio\/#\/schema\/logo\/image\/","url":"https:\/\/bibliotecavigil.org.ar\/inicio\/wp-content\/uploads\/2023\/06\/Logo-sin-texto-gif.gif","contentUrl":"https:\/\/bibliotecavigil.org.ar\/inicio\/wp-content\/uploads\/2023\/06\/Logo-sin-texto-gif.gif","width":1487,"height":1604,"caption":"Biblioteca Popular C.C.Vigil"},"image":{"@id":"https:\/\/bibliotecavigil.org.ar\/inicio\/#\/schema\/logo\/image\/"}},{"@type":"Person","@id":"https:\/\/bibliotecavigil.org.ar\/inicio\/#\/schema\/person\/98530bc117d5fa50c5dc01b4fd8d3700","name":"Biblioteca Vigil","image":{"@type":"ImageObject","inLanguage":"es","@id":"https:\/\/secure.gravatar.com\/avatar\/a96b6054dc4c80cde596e2c3f42d23e4f769e395116bf277fb508315b9d8a5c5?s=96&d=mm&r=g","url":"https:\/\/secure.gravatar.com\/avatar\/a96b6054dc4c80cde596e2c3f42d23e4f769e395116bf277fb508315b9d8a5c5?s=96&d=mm&r=g","contentUrl":"https:\/\/secure.gravatar.com\/avatar\/a96b6054dc4c80cde596e2c3f42d23e4f769e395116bf277fb508315b9d8a5c5?s=96&d=mm&r=g","caption":"Biblioteca Vigil"},"url":"https:\/\/bibliotecavigil.org.ar\/inicio\/author\/comunicacion\/"}]}},"_links":{"self":[{"href":"https:\/\/bibliotecavigil.org.ar\/inicio\/wp-json\/wp\/v2\/posts\/31903","targetHints":{"allow":["GET"]}}],"collection":[{"href":"https:\/\/bibliotecavigil.org.ar\/inicio\/wp-json\/wp\/v2\/posts"}],"about":[{"href":"https:\/\/bibliotecavigil.org.ar\/inicio\/wp-json\/wp\/v2\/types\/post"}],"author":[{"embeddable":true,"href":"https:\/\/bibliotecavigil.org.ar\/inicio\/wp-json\/wp\/v2\/users\/3"}],"replies":[{"embeddable":true,"href":"https:\/\/bibliotecavigil.org.ar\/inicio\/wp-json\/wp\/v2\/comments?post=31903"}],"version-history":[{"count":1,"href":"https:\/\/bibliotecavigil.org.ar\/inicio\/wp-json\/wp\/v2\/posts\/31903\/revisions"}],"predecessor-version":[{"id":31906,"href":"https:\/\/bibliotecavigil.org.ar\/inicio\/wp-json\/wp\/v2\/posts\/31903\/revisions\/31906"}],"wp:featuredmedia":[{"embeddable":true,"href":"https:\/\/bibliotecavigil.org.ar\/inicio\/wp-json\/wp\/v2\/media\/31905"}],"wp:attachment":[{"href":"https:\/\/bibliotecavigil.org.ar\/inicio\/wp-json\/wp\/v2\/media?parent=31903"}],"wp:term":[{"taxonomy":"category","embeddable":true,"href":"https:\/\/bibliotecavigil.org.ar\/inicio\/wp-json\/wp\/v2\/categories?post=31903"},{"taxonomy":"post_tag","embeddable":true,"href":"https:\/\/bibliotecavigil.org.ar\/inicio\/wp-json\/wp\/v2\/tags?post=31903"}],"curies":[{"name":"wp","href":"https:\/\/api.w.org\/{rel}","templated":true}]}}