{"id":31937,"date":"2023-08-15T13:35:00","date_gmt":"2023-08-15T16:35:00","guid":{"rendered":"https:\/\/bibliotecavigil.org.ar\/inicio\/?p=31937"},"modified":"2023-08-15T13:35:04","modified_gmt":"2023-08-15T16:35:04","slug":"un-paso-mas-en-la-lucha-por-memoria-verdad-y-justicia","status":"publish","type":"post","link":"https:\/\/bibliotecavigil.org.ar\/inicio\/un-paso-mas-en-la-lucha-por-memoria-verdad-y-justicia\/","title":{"rendered":"Un paso m\u00e1s en la lucha por Memoria, Verdad y Justicia"},"content":{"rendered":"\n<p>A <strong>40 a\u00f1os<\/strong> de la recuperaci\u00f3n de la democracia, en el marco de la investigaci\u00f3n de los <strong>delitos de lesa humanidad<\/strong> cometidos durante el terrorismo de Estado en perjuicio de la Biblioteca Vigil, la causa de delitos econ\u00f3micos tuvo este 14 de agosto un nuevo hito hist\u00f3rico en su curso.<\/p>\n\n\n\n<p>El fiscal federal Dr. Fernando Arrigo present\u00f3 ante el Juzgado Federal N\u00ba 4 de Rosario el <strong>pedido de indagatoria<\/strong> (Expte. 30\/12DH robo calificado, extorsi\u00f3n, estafas, defraudaciones y otros) para que se investiguen las responsabilidades de quienes llevaron adelante el in\u00e9dito e injustificado <strong>proceso de liquidaci\u00f3n patrimonial <\/strong>de la Biblioteca Vigil iniciado en febrero de 1977 y continuado ininterrumpidamente hasta el a\u00f1o 2012.<\/p>\n\n\n\n<p>Como qued\u00f3 sobradamente acreditado en la mega causa Feced (III y IV), los cr\u00edmenes cometidos contra su Comisi\u00f3n Directiva no pueden desarticularse de la <strong>destrucci\u00f3n y apropiaci\u00f3n de bienes<\/strong> tasados en cifras millonarias con la complicidad de diversos \u00e1mbitos estatales y particulares en tiempos de dictadura y democracia.<\/p>\n\n\n\n<p>Esto constituye un significativo avance de la causa para que se investiguen las <strong>responsabilidades en la destrucci\u00f3n material y simb\u00f3lica<\/strong> de un proyecto popular, educativo, art\u00edstico, cultural y cooperativo de caracter\u00edsticas \u00fanicas en nuestro pa\u00eds.<\/p>\n\n\n\n<p>A pesar de que el tiempo transcurrido conspira contra el debido servicio de justicia, celebramos este nuevo paso en el <strong>camino de recuperaci\u00f3n<\/strong>; seguimos construyendo <strong>MEMORIA VERDAD y JUSTICIA<\/strong> con las mismas banderas y el futuro como horizonte.<\/p>\n\n\n\n<p><strong>La Vigil, su justicia y reparaci\u00f3n, es una deuda de la democracia.<\/strong><\/p>\n","protected":false},"excerpt":{"rendered":"<p>A 40 a\u00f1os de la recuperaci\u00f3n de la democracia, en el marco de la investigaci\u00f3n de los delitos de lesa humanidad cometidos durante el terrorismo de Estado en perjuicio de la Biblioteca Vigil, la causa de delitos econ\u00f3micos tuvo este 14 de agosto un nuevo hito hist\u00f3rico en su curso. El fiscal federal Dr. Fernando [&hellip;]<\/p>\n","protected":false},"author":3,"featured_media":31938,"comment_status":"open","ping_status":"closed","sticky":false,"template":"","format":"standard","meta":{"_et_pb_use_builder":"off","_et_pb_old_content":"","_et_gb_content_width":"1920","footnotes":""},"categories":[16],"tags":[492,493,494,495,491,497,490,488,496,94,489,100,48],"class_list":["post-31937","post","type-post","status-publish","format-standard","has-post-thumbnail","hentry","category-noticias","tag-arrigo","tag-causa","tag-delitos","tag-economicos","tag-fiscal","tag-humanidad","tag-indagatorias","tag-juesticia","tag-lesa","tag-memoria","tag-pedido","tag-verdad","tag-vigil"],"yoast_head":"<!-- This site is optimized with the Yoast SEO plugin v27.3 - https:\/\/yoast.com\/product\/yoast-seo-wordpress\/ -->\n<title>Un paso m\u00e1s en la lucha por Memoria, Verdad y Justicia - Biblioteca Vigil<\/title>\n<meta name=\"robots\" content=\"index, follow, max-snippet:-1, max-image-preview:large, max-video-preview:-1\" \/>\n<link rel=\"canonical\" href=\"https:\/\/bibliotecavigil.org.ar\/inicio\/un-paso-mas-en-la-lucha-por-memoria-verdad-y-justicia\/\" \/>\n<meta property=\"og:locale\" content=\"es_ES\" \/>\n<meta property=\"og:type\" content=\"article\" \/>\n<meta property=\"og:title\" content=\"Un paso m\u00e1s en la lucha por Memoria, Verdad y Justicia - Biblioteca Vigil\" \/>\n<meta property=\"og:description\" content=\"A 40 a\u00f1os de la recuperaci\u00f3n de la democracia, en el marco de la investigaci\u00f3n de los delitos de lesa humanidad cometidos durante el terrorismo de Estado en perjuicio de la Biblioteca Vigil, la causa de delitos econ\u00f3micos tuvo este 14 de agosto un nuevo hito hist\u00f3rico en su curso. El fiscal federal Dr. Fernando [&hellip;]\" \/>\n<meta property=\"og:url\" content=\"https:\/\/bibliotecavigil.org.ar\/inicio\/un-paso-mas-en-la-lucha-por-memoria-verdad-y-justicia\/\" \/>\n<meta property=\"og:site_name\" content=\"Biblioteca Vigil\" \/>\n<meta property=\"article:published_time\" content=\"2023-08-15T16:35:00+00:00\" \/>\n<meta property=\"article:modified_time\" content=\"2023-08-15T16:35:04+00:00\" \/>\n<meta property=\"og:image\" content=\"https:\/\/bibliotecavigil.org.ar\/inicio\/wp-content\/uploads\/2023\/08\/placas-IG_MOVILIZACION-WEB.jpg\" \/>\n\t<meta property=\"og:image:width\" content=\"560\" \/>\n\t<meta property=\"og:image:height\" content=\"352\" \/>\n\t<meta property=\"og:image:type\" content=\"image\/jpeg\" \/>\n<meta name=\"author\" content=\"Biblioteca Vigil\" \/>\n<meta name=\"twitter:card\" content=\"summary_large_image\" \/>\n<meta name=\"twitter:label1\" content=\"Escrito por\" \/>\n\t<meta name=\"twitter:data1\" content=\"Biblioteca Vigil\" \/>\n\t<meta name=\"twitter:label2\" content=\"Tiempo de lectura\" \/>\n\t<meta name=\"twitter:data2\" content=\"2 minutos\" \/>\n<script type=\"application\/ld+json\" class=\"yoast-schema-graph\">{\"@context\":\"https:\\\/\\\/schema.org\",\"@graph\":[{\"@type\":\"Article\",\"@id\":\"https:\\\/\\\/bibliotecavigil.org.ar\\\/inicio\\\/un-paso-mas-en-la-lucha-por-memoria-verdad-y-justicia\\\/#article\",\"isPartOf\":{\"@id\":\"https:\\\/\\\/bibliotecavigil.org.ar\\\/inicio\\\/un-paso-mas-en-la-lucha-por-memoria-verdad-y-justicia\\\/\"},\"author\":{\"name\":\"Biblioteca Vigil\",\"@id\":\"https:\\\/\\\/bibliotecavigil.org.ar\\\/inicio\\\/#\\\/schema\\\/person\\\/98530bc117d5fa50c5dc01b4fd8d3700\"},\"headline\":\"Un paso m\u00e1s en la lucha por Memoria, Verdad y Justicia\",\"datePublished\":\"2023-08-15T16:35:00+00:00\",\"dateModified\":\"2023-08-15T16:35:04+00:00\",\"mainEntityOfPage\":{\"@id\":\"https:\\\/\\\/bibliotecavigil.org.ar\\\/inicio\\\/un-paso-mas-en-la-lucha-por-memoria-verdad-y-justicia\\\/\"},\"wordCount\":272,\"commentCount\":0,\"publisher\":{\"@id\":\"https:\\\/\\\/bibliotecavigil.org.ar\\\/inicio\\\/#organization\"},\"image\":{\"@id\":\"https:\\\/\\\/bibliotecavigil.org.ar\\\/inicio\\\/un-paso-mas-en-la-lucha-por-memoria-verdad-y-justicia\\\/#primaryimage\"},\"thumbnailUrl\":\"https:\\\/\\\/bibliotecavigil.org.ar\\\/inicio\\\/wp-content\\\/uploads\\\/2023\\\/08\\\/placas-IG_MOVILIZACION-WEB.jpg\",\"keywords\":[\"arrigo\",\"causa\",\"delitos\",\"economicos\",\"fiscal\",\"humanidad\",\"indagatorias\",\"juesticia\",\"lesa\",\"memoria\",\"pedido\",\"verdad\",\"vigil\"],\"articleSection\":[\"Noticias\"],\"inLanguage\":\"es\",\"potentialAction\":[{\"@type\":\"CommentAction\",\"name\":\"Comment\",\"target\":[\"https:\\\/\\\/bibliotecavigil.org.ar\\\/inicio\\\/un-paso-mas-en-la-lucha-por-memoria-verdad-y-justicia\\\/#respond\"]}]},{\"@type\":\"WebPage\",\"@id\":\"https:\\\/\\\/bibliotecavigil.org.ar\\\/inicio\\\/un-paso-mas-en-la-lucha-por-memoria-verdad-y-justicia\\\/\",\"url\":\"https:\\\/\\\/bibliotecavigil.org.ar\\\/inicio\\\/un-paso-mas-en-la-lucha-por-memoria-verdad-y-justicia\\\/\",\"name\":\"Un paso m\u00e1s en la lucha por Memoria, Verdad y Justicia - Biblioteca Vigil\",\"isPartOf\":{\"@id\":\"https:\\\/\\\/bibliotecavigil.org.ar\\\/inicio\\\/#website\"},\"primaryImageOfPage\":{\"@id\":\"https:\\\/\\\/bibliotecavigil.org.ar\\\/inicio\\\/un-paso-mas-en-la-lucha-por-memoria-verdad-y-justicia\\\/#primaryimage\"},\"image\":{\"@id\":\"https:\\\/\\\/bibliotecavigil.org.ar\\\/inicio\\\/un-paso-mas-en-la-lucha-por-memoria-verdad-y-justicia\\\/#primaryimage\"},\"thumbnailUrl\":\"https:\\\/\\\/bibliotecavigil.org.ar\\\/inicio\\\/wp-content\\\/uploads\\\/2023\\\/08\\\/placas-IG_MOVILIZACION-WEB.jpg\",\"datePublished\":\"2023-08-15T16:35:00+00:00\",\"dateModified\":\"2023-08-15T16:35:04+00:00\",\"breadcrumb\":{\"@id\":\"https:\\\/\\\/bibliotecavigil.org.ar\\\/inicio\\\/un-paso-mas-en-la-lucha-por-memoria-verdad-y-justicia\\\/#breadcrumb\"},\"inLanguage\":\"es\",\"potentialAction\":[{\"@type\":\"ReadAction\",\"target\":[\"https:\\\/\\\/bibliotecavigil.org.ar\\\/inicio\\\/un-paso-mas-en-la-lucha-por-memoria-verdad-y-justicia\\\/\"]}]},{\"@type\":\"ImageObject\",\"inLanguage\":\"es\",\"@id\":\"https:\\\/\\\/bibliotecavigil.org.ar\\\/inicio\\\/un-paso-mas-en-la-lucha-por-memoria-verdad-y-justicia\\\/#primaryimage\",\"url\":\"https:\\\/\\\/bibliotecavigil.org.ar\\\/inicio\\\/wp-content\\\/uploads\\\/2023\\\/08\\\/placas-IG_MOVILIZACION-WEB.jpg\",\"contentUrl\":\"https:\\\/\\\/bibliotecavigil.org.ar\\\/inicio\\\/wp-content\\\/uploads\\\/2023\\\/08\\\/placas-IG_MOVILIZACION-WEB.jpg\",\"width\":560,\"height\":352},{\"@type\":\"BreadcrumbList\",\"@id\":\"https:\\\/\\\/bibliotecavigil.org.ar\\\/inicio\\\/un-paso-mas-en-la-lucha-por-memoria-verdad-y-justicia\\\/#breadcrumb\",\"itemListElement\":[{\"@type\":\"ListItem\",\"position\":1,\"name\":\"Portada\",\"item\":\"https:\\\/\\\/bibliotecavigil.org.ar\\\/inicio\\\/\"},{\"@type\":\"ListItem\",\"position\":2,\"name\":\"Un paso m\u00e1s en la lucha por Memoria, Verdad y Justicia\"}]},{\"@type\":\"WebSite\",\"@id\":\"https:\\\/\\\/bibliotecavigil.org.ar\\\/inicio\\\/#website\",\"url\":\"https:\\\/\\\/bibliotecavigil.org.ar\\\/inicio\\\/\",\"name\":\"Biblioteca Vigil\",\"description\":\"Biblioteca Popular C C Vigil\",\"publisher\":{\"@id\":\"https:\\\/\\\/bibliotecavigil.org.ar\\\/inicio\\\/#organization\"},\"potentialAction\":[{\"@type\":\"SearchAction\",\"target\":{\"@type\":\"EntryPoint\",\"urlTemplate\":\"https:\\\/\\\/bibliotecavigil.org.ar\\\/inicio\\\/?s={search_term_string}\"},\"query-input\":{\"@type\":\"PropertyValueSpecification\",\"valueRequired\":true,\"valueName\":\"search_term_string\"}}],\"inLanguage\":\"es\"},{\"@type\":\"Organization\",\"@id\":\"https:\\\/\\\/bibliotecavigil.org.ar\\\/inicio\\\/#organization\",\"name\":\"Biblioteca Popular C.C.Vigil\",\"url\":\"https:\\\/\\\/bibliotecavigil.org.ar\\\/inicio\\\/\",\"logo\":{\"@type\":\"ImageObject\",\"inLanguage\":\"es\",\"@id\":\"https:\\\/\\\/bibliotecavigil.org.ar\\\/inicio\\\/#\\\/schema\\\/logo\\\/image\\\/\",\"url\":\"https:\\\/\\\/bibliotecavigil.org.ar\\\/inicio\\\/wp-content\\\/uploads\\\/2023\\\/06\\\/Logo-sin-texto-gif.gif\",\"contentUrl\":\"https:\\\/\\\/bibliotecavigil.org.ar\\\/inicio\\\/wp-content\\\/uploads\\\/2023\\\/06\\\/Logo-sin-texto-gif.gif\",\"width\":1487,\"height\":1604,\"caption\":\"Biblioteca Popular C.C.Vigil\"},\"image\":{\"@id\":\"https:\\\/\\\/bibliotecavigil.org.ar\\\/inicio\\\/#\\\/schema\\\/logo\\\/image\\\/\"}},{\"@type\":\"Person\",\"@id\":\"https:\\\/\\\/bibliotecavigil.org.ar\\\/inicio\\\/#\\\/schema\\\/person\\\/98530bc117d5fa50c5dc01b4fd8d3700\",\"name\":\"Biblioteca Vigil\",\"image\":{\"@type\":\"ImageObject\",\"inLanguage\":\"es\",\"@id\":\"https:\\\/\\\/secure.gravatar.com\\\/avatar\\\/a96b6054dc4c80cde596e2c3f42d23e4f769e395116bf277fb508315b9d8a5c5?s=96&d=mm&r=g\",\"url\":\"https:\\\/\\\/secure.gravatar.com\\\/avatar\\\/a96b6054dc4c80cde596e2c3f42d23e4f769e395116bf277fb508315b9d8a5c5?s=96&d=mm&r=g\",\"contentUrl\":\"https:\\\/\\\/secure.gravatar.com\\\/avatar\\\/a96b6054dc4c80cde596e2c3f42d23e4f769e395116bf277fb508315b9d8a5c5?s=96&d=mm&r=g\",\"caption\":\"Biblioteca Vigil\"},\"url\":\"https:\\\/\\\/bibliotecavigil.org.ar\\\/inicio\\\/author\\\/comunicacion\\\/\"}]}<\/script>\n<!-- \/ Yoast SEO plugin. -->","yoast_head_json":{"title":"Un paso m\u00e1s en la lucha por Memoria, Verdad y Justicia - Biblioteca Vigil","robots":{"index":"index","follow":"follow","max-snippet":"max-snippet:-1","max-image-preview":"max-image-preview:large","max-video-preview":"max-video-preview:-1"},"canonical":"https:\/\/bibliotecavigil.org.ar\/inicio\/un-paso-mas-en-la-lucha-por-memoria-verdad-y-justicia\/","og_locale":"es_ES","og_type":"article","og_title":"Un paso m\u00e1s en la lucha por Memoria, Verdad y Justicia - Biblioteca Vigil","og_description":"A 40 a\u00f1os de la recuperaci\u00f3n de la democracia, en el marco de la investigaci\u00f3n de los delitos de lesa humanidad cometidos durante el terrorismo de Estado en perjuicio de la Biblioteca Vigil, la causa de delitos econ\u00f3micos tuvo este 14 de agosto un nuevo hito hist\u00f3rico en su curso. El fiscal federal Dr. Fernando [&hellip;]","og_url":"https:\/\/bibliotecavigil.org.ar\/inicio\/un-paso-mas-en-la-lucha-por-memoria-verdad-y-justicia\/","og_site_name":"Biblioteca Vigil","article_published_time":"2023-08-15T16:35:00+00:00","article_modified_time":"2023-08-15T16:35:04+00:00","og_image":[{"width":560,"height":352,"url":"https:\/\/bibliotecavigil.org.ar\/inicio\/wp-content\/uploads\/2023\/08\/placas-IG_MOVILIZACION-WEB.jpg","type":"image\/jpeg"}],"author":"Biblioteca Vigil","twitter_card":"summary_large_image","twitter_misc":{"Escrito por":"Biblioteca Vigil","Tiempo de lectura":"2 minutos"},"schema":{"@context":"https:\/\/schema.org","@graph":[{"@type":"Article","@id":"https:\/\/bibliotecavigil.org.ar\/inicio\/un-paso-mas-en-la-lucha-por-memoria-verdad-y-justicia\/#article","isPartOf":{"@id":"https:\/\/bibliotecavigil.org.ar\/inicio\/un-paso-mas-en-la-lucha-por-memoria-verdad-y-justicia\/"},"author":{"name":"Biblioteca Vigil","@id":"https:\/\/bibliotecavigil.org.ar\/inicio\/#\/schema\/person\/98530bc117d5fa50c5dc01b4fd8d3700"},"headline":"Un paso m\u00e1s en la lucha por Memoria, Verdad y Justicia","datePublished":"2023-08-15T16:35:00+00:00","dateModified":"2023-08-15T16:35:04+00:00","mainEntityOfPage":{"@id":"https:\/\/bibliotecavigil.org.ar\/inicio\/un-paso-mas-en-la-lucha-por-memoria-verdad-y-justicia\/"},"wordCount":272,"commentCount":0,"publisher":{"@id":"https:\/\/bibliotecavigil.org.ar\/inicio\/#organization"},"image":{"@id":"https:\/\/bibliotecavigil.org.ar\/inicio\/un-paso-mas-en-la-lucha-por-memoria-verdad-y-justicia\/#primaryimage"},"thumbnailUrl":"https:\/\/bibliotecavigil.org.ar\/inicio\/wp-content\/uploads\/2023\/08\/placas-IG_MOVILIZACION-WEB.jpg","keywords":["arrigo","causa","delitos","economicos","fiscal","humanidad","indagatorias","juesticia","lesa","memoria","pedido","verdad","vigil"],"articleSection":["Noticias"],"inLanguage":"es","potentialAction":[{"@type":"CommentAction","name":"Comment","target":["https:\/\/bibliotecavigil.org.ar\/inicio\/un-paso-mas-en-la-lucha-por-memoria-verdad-y-justicia\/#respond"]}]},{"@type":"WebPage","@id":"https:\/\/bibliotecavigil.org.ar\/inicio\/un-paso-mas-en-la-lucha-por-memoria-verdad-y-justicia\/","url":"https:\/\/bibliotecavigil.org.ar\/inicio\/un-paso-mas-en-la-lucha-por-memoria-verdad-y-justicia\/","name":"Un paso m\u00e1s en la lucha por Memoria, Verdad y Justicia - Biblioteca Vigil","isPartOf":{"@id":"https:\/\/bibliotecavigil.org.ar\/inicio\/#website"},"primaryImageOfPage":{"@id":"https:\/\/bibliotecavigil.org.ar\/inicio\/un-paso-mas-en-la-lucha-por-memoria-verdad-y-justicia\/#primaryimage"},"image":{"@id":"https:\/\/bibliotecavigil.org.ar\/inicio\/un-paso-mas-en-la-lucha-por-memoria-verdad-y-justicia\/#primaryimage"},"thumbnailUrl":"https:\/\/bibliotecavigil.org.ar\/inicio\/wp-content\/uploads\/2023\/08\/placas-IG_MOVILIZACION-WEB.jpg","datePublished":"2023-08-15T16:35:00+00:00","dateModified":"2023-08-15T16:35:04+00:00","breadcrumb":{"@id":"https:\/\/bibliotecavigil.org.ar\/inicio\/un-paso-mas-en-la-lucha-por-memoria-verdad-y-justicia\/#breadcrumb"},"inLanguage":"es","potentialAction":[{"@type":"ReadAction","target":["https:\/\/bibliotecavigil.org.ar\/inicio\/un-paso-mas-en-la-lucha-por-memoria-verdad-y-justicia\/"]}]},{"@type":"ImageObject","inLanguage":"es","@id":"https:\/\/bibliotecavigil.org.ar\/inicio\/un-paso-mas-en-la-lucha-por-memoria-verdad-y-justicia\/#primaryimage","url":"https:\/\/bibliotecavigil.org.ar\/inicio\/wp-content\/uploads\/2023\/08\/placas-IG_MOVILIZACION-WEB.jpg","contentUrl":"https:\/\/bibliotecavigil.org.ar\/inicio\/wp-content\/uploads\/2023\/08\/placas-IG_MOVILIZACION-WEB.jpg","width":560,"height":352},{"@type":"BreadcrumbList","@id":"https:\/\/bibliotecavigil.org.ar\/inicio\/un-paso-mas-en-la-lucha-por-memoria-verdad-y-justicia\/#breadcrumb","itemListElement":[{"@type":"ListItem","position":1,"name":"Portada","item":"https:\/\/bibliotecavigil.org.ar\/inicio\/"},{"@type":"ListItem","position":2,"name":"Un paso m\u00e1s en la lucha por Memoria, Verdad y Justicia"}]},{"@type":"WebSite","@id":"https:\/\/bibliotecavigil.org.ar\/inicio\/#website","url":"https:\/\/bibliotecavigil.org.ar\/inicio\/","name":"Biblioteca Vigil","description":"Biblioteca Popular C C Vigil","publisher":{"@id":"https:\/\/bibliotecavigil.org.ar\/inicio\/#organization"},"potentialAction":[{"@type":"SearchAction","target":{"@type":"EntryPoint","urlTemplate":"https:\/\/bibliotecavigil.org.ar\/inicio\/?s={search_term_string}"},"query-input":{"@type":"PropertyValueSpecification","valueRequired":true,"valueName":"search_term_string"}}],"inLanguage":"es"},{"@type":"Organization","@id":"https:\/\/bibliotecavigil.org.ar\/inicio\/#organization","name":"Biblioteca Popular C.C.Vigil","url":"https:\/\/bibliotecavigil.org.ar\/inicio\/","logo":{"@type":"ImageObject","inLanguage":"es","@id":"https:\/\/bibliotecavigil.org.ar\/inicio\/#\/schema\/logo\/image\/","url":"https:\/\/bibliotecavigil.org.ar\/inicio\/wp-content\/uploads\/2023\/06\/Logo-sin-texto-gif.gif","contentUrl":"https:\/\/bibliotecavigil.org.ar\/inicio\/wp-content\/uploads\/2023\/06\/Logo-sin-texto-gif.gif","width":1487,"height":1604,"caption":"Biblioteca Popular C.C.Vigil"},"image":{"@id":"https:\/\/bibliotecavigil.org.ar\/inicio\/#\/schema\/logo\/image\/"}},{"@type":"Person","@id":"https:\/\/bibliotecavigil.org.ar\/inicio\/#\/schema\/person\/98530bc117d5fa50c5dc01b4fd8d3700","name":"Biblioteca Vigil","image":{"@type":"ImageObject","inLanguage":"es","@id":"https:\/\/secure.gravatar.com\/avatar\/a96b6054dc4c80cde596e2c3f42d23e4f769e395116bf277fb508315b9d8a5c5?s=96&d=mm&r=g","url":"https:\/\/secure.gravatar.com\/avatar\/a96b6054dc4c80cde596e2c3f42d23e4f769e395116bf277fb508315b9d8a5c5?s=96&d=mm&r=g","contentUrl":"https:\/\/secure.gravatar.com\/avatar\/a96b6054dc4c80cde596e2c3f42d23e4f769e395116bf277fb508315b9d8a5c5?s=96&d=mm&r=g","caption":"Biblioteca Vigil"},"url":"https:\/\/bibliotecavigil.org.ar\/inicio\/author\/comunicacion\/"}]}},"_links":{"self":[{"href":"https:\/\/bibliotecavigil.org.ar\/inicio\/wp-json\/wp\/v2\/posts\/31937","targetHints":{"allow":["GET"]}}],"collection":[{"href":"https:\/\/bibliotecavigil.org.ar\/inicio\/wp-json\/wp\/v2\/posts"}],"about":[{"href":"https:\/\/bibliotecavigil.org.ar\/inicio\/wp-json\/wp\/v2\/types\/post"}],"author":[{"embeddable":true,"href":"https:\/\/bibliotecavigil.org.ar\/inicio\/wp-json\/wp\/v2\/users\/3"}],"replies":[{"embeddable":true,"href":"https:\/\/bibliotecavigil.org.ar\/inicio\/wp-json\/wp\/v2\/comments?post=31937"}],"version-history":[{"count":1,"href":"https:\/\/bibliotecavigil.org.ar\/inicio\/wp-json\/wp\/v2\/posts\/31937\/revisions"}],"predecessor-version":[{"id":31939,"href":"https:\/\/bibliotecavigil.org.ar\/inicio\/wp-json\/wp\/v2\/posts\/31937\/revisions\/31939"}],"wp:featuredmedia":[{"embeddable":true,"href":"https:\/\/bibliotecavigil.org.ar\/inicio\/wp-json\/wp\/v2\/media\/31938"}],"wp:attachment":[{"href":"https:\/\/bibliotecavigil.org.ar\/inicio\/wp-json\/wp\/v2\/media?parent=31937"}],"wp:term":[{"taxonomy":"category","embeddable":true,"href":"https:\/\/bibliotecavigil.org.ar\/inicio\/wp-json\/wp\/v2\/categories?post=31937"},{"taxonomy":"post_tag","embeddable":true,"href":"https:\/\/bibliotecavigil.org.ar\/inicio\/wp-json\/wp\/v2\/tags?post=31937"}],"curies":[{"name":"wp","href":"https:\/\/api.w.org\/{rel}","templated":true}]}}