{"id":32157,"date":"2023-11-22T18:32:15","date_gmt":"2023-11-22T21:32:15","guid":{"rendered":"https:\/\/bibliotecavigil.org.ar\/inicio\/?p=32157"},"modified":"2023-11-22T19:53:14","modified_gmt":"2023-11-22T22:53:14","slug":"se-viene-la-mostra-de-la-vigil","status":"publish","type":"post","link":"https:\/\/bibliotecavigil.org.ar\/inicio\/se-viene-la-mostra-de-la-vigil\/","title":{"rendered":"Se viene la Mostra de La Vigil"},"content":{"rendered":"\n<p>\u00a1Una buena! <strong>Se viene la Mostra de La Vigil.<\/strong><\/p>\n\n\n\n<p>Tres jornadas de m\u00fasica, circo, acobacias, fotograf\u00eda, teatro, lecturas y m\u00e1s, mucho m\u00e1s.<\/p>\n\n\n\n<p>La biblio se viste de gala, se abre, se muestra, celebramos un a\u00f1o m\u00e1s de aprendizajes, de encuentro y creaci\u00f3n colectiva.<\/p>\n\n\n\n<p>Contra todas las adversidades seguimos cultivando encuentros, resistiendo, trabajando con alegr\u00eda, construyendo memoria y cultura popular.<\/p>\n\n\n\n<p>Te invitamos a sumarte el pr\u00f3ximo<strong> lunes 27, martes 28 y mi\u00e9rcoles 29 a partir de las 18h<\/strong> en los m\u00faltiples espacios de La Vigil.<\/p>\n\n\n\n<p><\/p>\n\n\n\n<figure class=\"wp-block-image size-large is-resized\"><a href=\"https:\/\/bibliotecavigil.org.ar\/inicio\/wp-content\/uploads\/2023\/11\/mostra.jpeg\"><img decoding=\"async\" width=\"724\" height=\"1024\" data-src=\"https:\/\/bibliotecavigil.org.ar\/inicio\/wp-content\/uploads\/2023\/11\/mostra-724x1024.jpeg\" alt=\"\" class=\"wp-image-32158 lazyload\" style=\"--smush-placeholder-width: 724px; --smush-placeholder-aspect-ratio: 724\/1024;width:801px;height:auto\" src=\"data:image\/svg+xml;base64,PHN2ZyB3aWR0aD0iMSIgaGVpZ2h0PSIxIiB4bWxucz0iaHR0cDovL3d3dy53My5vcmcvMjAwMC9zdmciPjwvc3ZnPg==\" \/><\/a><\/figure>\n\n\n\n<p><strong>LUNES 27<\/strong><\/p>\n\n\n\n<p>\u25ba18 A 19:30h \u2013 Cuentos y juegos con ni\u00f1xs, familias y amigxs<\/p>\n\n\n\n<p>Taller abierto de los talleres de Plumitas para Volar y Lectura y Expresi\u00f3n para compartir lecturas y juegos entre ni\u00f1xs de 3 a 999 a\u00f1os.<\/p>\n\n\n\n<p>Sala de lectura infantil, 1er piso, Alem 3078<\/p>\n\n\n\n<p>\u25ba19:30h \u2013 Velada intimista<\/p>\n\n\n\n<p>Encuentro \u00edntimo para disfrutar de la proyecci\u00f3n del video del Taller de CreActividad, la m\u00fasica en vivo de los grupos de Guitarra y la lectura de los textos del Taller Literario \u201cLa rama hacia el este\u201d.<\/p>\n\n\n\n<p>Sala de lectura, PB, Alem 3078<\/p>\n\n\n\n<p>\u25ba18:30 A 19:30h \u2013 Acrobacias a\u00e9reas<\/p>\n\n\n\n<p>Movimiento, flexibilidad y resistencia son elementos que se ejercitan y modelan durante todo el a\u00f1o hasta alcanzar las formas de un mensaje expresivo.<\/p>\n\n\n\n<p>Sal\u00f3n de telas, PB, Gaboto 450<\/p>\n\n\n\n<p>\u25ba19:30 a 21:30h \u2013 Recital de canto<\/p>\n\n\n\n<p>Los grupos de Taller de Canto interpretan un repertorio de canciones populares.<\/p>\n\n\n\n<p>Teatro, Alem 3086<\/p>\n\n\n\n<p><\/p>\n\n\n\n<p><strong>MARTES 28<\/strong><\/p>\n\n\n\n<p>\u25ba18h \u2013 HIP HOP<\/p>\n\n\n\n<p>Ni\u00f1xs y adolescentes de los Talleres de Break Dance, bailan al ritmo de la m\u00fasica urbana para contagiarnos de energ\u00eda.<\/p>\n\n\n\n<p>Teatro, Alem 3086<\/p>\n\n\n\n<p>\u25ba18:30 a 20:30h \u2013 Circo-teatro<\/p>\n\n\n\n<p>Los cuerpos, sus movimientos son potencias que el lenguaje teatral transforma en fuerza expresiva, comicidad y disfrute.<\/p>\n\n\n\n<p>Teatro, Alem 3086<\/p>\n\n\n\n<p>\u25ba20:30h \u2013 Danza contempor\u00e1nea<\/p>\n\n\n\n<p>Con la m\u00fasica como soporte, la plasticidad de los cuerpos y el movimiento producen la po\u00e9tica de la danza.<\/p>\n\n\n\n<p>Teatro, Alem 3086<\/p>\n\n\n\n<p>\u25ba20:30h \u2013 Teatro Comunitario<\/p>\n\n\n\n<p>Estreno de la obra que es la creaci\u00f3n colectiva del grupo de Teatro Comunitario que nos trasmite una versi\u00f3n ficcionada de la historia de Vigil.<\/p>\n\n\n\n<p>Sala de lectura, PB, Alem 3078<\/p>\n\n\n\n<p><\/p>\n\n\n\n<p><strong>MI\u00c9RCOLES 29<\/strong><\/p>\n\n\n\n<p>18 A 19:30h \u2013 Acrobacias a\u00e9reas<\/p>\n\n\n\n<p>Desde la frescura y la imaginaci\u00f3n, a trav\u00e9s de un repertorio de destrezas y acrobacias que se trabajan todo el a\u00f1o, las infancias comparten con nosotros la alegr\u00eda del movimiento.<\/p>\n\n\n\n<p>Sal\u00f3n de telas, PB, Gaboto 450<\/p>\n\n\n\n<p>19:30h \u2013 Teatro inicial<\/p>\n\n\n\n<p>Actores y actrices nos muestran un repertorio de escenas y personajes creados durante el a\u00f1o.<\/p>\n\n\n\n<p>Teatro, Alem 3086<\/p>\n\n\n\n<p>20:30h \u2013 Danzas populares Argentinas<\/p>\n\n\n\n<p>Las danzas populares son aquellas que admiten que cualquiera baile.<\/p>\n\n\n\n<p>El grupo de folklore presenta una selecci\u00f3n de canciones y autores prohibidos durante la \u00faltima dictadura.<\/p>\n\n\n\n<p>El grupo de Tango nos contagia la elegancia de la m\u00fasica urbana que es parte nuestra identidad.<\/p>\n\n\n\n<p>Teatro, Alem 3086<\/p>\n\n\n\n<p>\u25ba21h &#8211; Teatro +50<\/p>\n\n\n\n<p>Las integranes del grupo interpretan a una presentadora y los personajes de dos obras breves de Griselda Gambaro: \u00abSi tengo suerte\u00bb y \u00abLa que sigue\u00bb.<\/p>\n\n\n\n<p>Teatro, Alem 3086<\/p>\n\n\n\n<p><\/p>\n\n\n\n<p><strong>Muestra de las producciones <\/strong>de los talleres de Cer\u00e1mica, Costura, Orfebrer\u00eda, Esmaltado, Fotograf\u00eda inicial, Encuadernaci\u00f3n, Arte para Ni\u00f1xs, Dibujo y Pintura, Fotograf\u00eda Colectiva<\/p>\n\n\n\n<p>La exposici\u00f3n podr\u00e1 recorrerse los tres d\u00edas de 18 a 20h.<\/p>\n\n\n\n<p><\/p>\n","protected":false},"excerpt":{"rendered":"<p>\u00a1Una buena! Se viene la Mostra de La Vigil. Tres jornadas de m\u00fasica, circo, acobacias, fotograf\u00eda, teatro, lecturas y m\u00e1s, mucho m\u00e1s. La biblio se viste de gala, se abre, se muestra, celebramos un a\u00f1o m\u00e1s de aprendizajes, de encuentro y creaci\u00f3n colectiva. Contra todas las adversidades seguimos cultivando encuentros, resistiendo, trabajando con alegr\u00eda, construyendo [&hellip;]<\/p>\n","protected":false},"author":3,"featured_media":32159,"comment_status":"open","ping_status":"closed","sticky":false,"template":"","format":"standard","meta":{"_et_pb_use_builder":"off","_et_pb_old_content":"","_et_gb_content_width":"1920","footnotes":""},"categories":[16],"tags":[],"class_list":["post-32157","post","type-post","status-publish","format-standard","has-post-thumbnail","hentry","category-noticias"],"yoast_head":"<!-- This site is optimized with the Yoast SEO plugin v27.3 - https:\/\/yoast.com\/product\/yoast-seo-wordpress\/ -->\n<title>Se viene la Mostra de La Vigil - Biblioteca Vigil<\/title>\n<meta name=\"robots\" content=\"index, follow, max-snippet:-1, max-image-preview:large, max-video-preview:-1\" \/>\n<link rel=\"canonical\" href=\"https:\/\/bibliotecavigil.org.ar\/inicio\/se-viene-la-mostra-de-la-vigil\/\" \/>\n<meta property=\"og:locale\" content=\"es_ES\" \/>\n<meta property=\"og:type\" content=\"article\" \/>\n<meta property=\"og:title\" content=\"Se viene la Mostra de La Vigil - Biblioteca Vigil\" \/>\n<meta property=\"og:description\" content=\"\u00a1Una buena! Se viene la Mostra de La Vigil. Tres jornadas de m\u00fasica, circo, acobacias, fotograf\u00eda, teatro, lecturas y m\u00e1s, mucho m\u00e1s. La biblio se viste de gala, se abre, se muestra, celebramos un a\u00f1o m\u00e1s de aprendizajes, de encuentro y creaci\u00f3n colectiva. Contra todas las adversidades seguimos cultivando encuentros, resistiendo, trabajando con alegr\u00eda, construyendo [&hellip;]\" \/>\n<meta property=\"og:url\" content=\"https:\/\/bibliotecavigil.org.ar\/inicio\/se-viene-la-mostra-de-la-vigil\/\" \/>\n<meta property=\"og:site_name\" content=\"Biblioteca Vigil\" \/>\n<meta property=\"article:published_time\" content=\"2023-11-22T21:32:15+00:00\" \/>\n<meta property=\"article:modified_time\" content=\"2023-11-22T22:53:14+00:00\" \/>\n<meta property=\"og:image\" content=\"https:\/\/bibliotecavigil.org.ar\/inicio\/wp-content\/uploads\/2023\/11\/La-mostra_WEB.jpg\" \/>\n\t<meta property=\"og:image:width\" content=\"1042\" \/>\n\t<meta property=\"og:image:height\" content=\"547\" \/>\n\t<meta property=\"og:image:type\" content=\"image\/jpeg\" \/>\n<meta name=\"author\" content=\"Biblioteca Vigil\" \/>\n<meta name=\"twitter:card\" content=\"summary_large_image\" \/>\n<meta name=\"twitter:label1\" content=\"Escrito por\" \/>\n\t<meta name=\"twitter:data1\" content=\"Biblioteca Vigil\" \/>\n\t<meta name=\"twitter:label2\" content=\"Tiempo de lectura\" \/>\n\t<meta name=\"twitter:data2\" content=\"3 minutos\" \/>\n<script type=\"application\/ld+json\" class=\"yoast-schema-graph\">{\"@context\":\"https:\\\/\\\/schema.org\",\"@graph\":[{\"@type\":\"Article\",\"@id\":\"https:\\\/\\\/bibliotecavigil.org.ar\\\/inicio\\\/se-viene-la-mostra-de-la-vigil\\\/#article\",\"isPartOf\":{\"@id\":\"https:\\\/\\\/bibliotecavigil.org.ar\\\/inicio\\\/se-viene-la-mostra-de-la-vigil\\\/\"},\"author\":{\"name\":\"Biblioteca Vigil\",\"@id\":\"https:\\\/\\\/bibliotecavigil.org.ar\\\/inicio\\\/#\\\/schema\\\/person\\\/98530bc117d5fa50c5dc01b4fd8d3700\"},\"headline\":\"Se viene la Mostra de La Vigil\",\"datePublished\":\"2023-11-22T21:32:15+00:00\",\"dateModified\":\"2023-11-22T22:53:14+00:00\",\"mainEntityOfPage\":{\"@id\":\"https:\\\/\\\/bibliotecavigil.org.ar\\\/inicio\\\/se-viene-la-mostra-de-la-vigil\\\/\"},\"wordCount\":547,\"commentCount\":0,\"publisher\":{\"@id\":\"https:\\\/\\\/bibliotecavigil.org.ar\\\/inicio\\\/#organization\"},\"image\":{\"@id\":\"https:\\\/\\\/bibliotecavigil.org.ar\\\/inicio\\\/se-viene-la-mostra-de-la-vigil\\\/#primaryimage\"},\"thumbnailUrl\":\"https:\\\/\\\/bibliotecavigil.org.ar\\\/inicio\\\/wp-content\\\/uploads\\\/2023\\\/11\\\/La-mostra_WEB.jpg\",\"articleSection\":[\"Noticias\"],\"inLanguage\":\"es\",\"potentialAction\":[{\"@type\":\"CommentAction\",\"name\":\"Comment\",\"target\":[\"https:\\\/\\\/bibliotecavigil.org.ar\\\/inicio\\\/se-viene-la-mostra-de-la-vigil\\\/#respond\"]}]},{\"@type\":\"WebPage\",\"@id\":\"https:\\\/\\\/bibliotecavigil.org.ar\\\/inicio\\\/se-viene-la-mostra-de-la-vigil\\\/\",\"url\":\"https:\\\/\\\/bibliotecavigil.org.ar\\\/inicio\\\/se-viene-la-mostra-de-la-vigil\\\/\",\"name\":\"Se viene la Mostra de La Vigil - Biblioteca Vigil\",\"isPartOf\":{\"@id\":\"https:\\\/\\\/bibliotecavigil.org.ar\\\/inicio\\\/#website\"},\"primaryImageOfPage\":{\"@id\":\"https:\\\/\\\/bibliotecavigil.org.ar\\\/inicio\\\/se-viene-la-mostra-de-la-vigil\\\/#primaryimage\"},\"image\":{\"@id\":\"https:\\\/\\\/bibliotecavigil.org.ar\\\/inicio\\\/se-viene-la-mostra-de-la-vigil\\\/#primaryimage\"},\"thumbnailUrl\":\"https:\\\/\\\/bibliotecavigil.org.ar\\\/inicio\\\/wp-content\\\/uploads\\\/2023\\\/11\\\/La-mostra_WEB.jpg\",\"datePublished\":\"2023-11-22T21:32:15+00:00\",\"dateModified\":\"2023-11-22T22:53:14+00:00\",\"breadcrumb\":{\"@id\":\"https:\\\/\\\/bibliotecavigil.org.ar\\\/inicio\\\/se-viene-la-mostra-de-la-vigil\\\/#breadcrumb\"},\"inLanguage\":\"es\",\"potentialAction\":[{\"@type\":\"ReadAction\",\"target\":[\"https:\\\/\\\/bibliotecavigil.org.ar\\\/inicio\\\/se-viene-la-mostra-de-la-vigil\\\/\"]}]},{\"@type\":\"ImageObject\",\"inLanguage\":\"es\",\"@id\":\"https:\\\/\\\/bibliotecavigil.org.ar\\\/inicio\\\/se-viene-la-mostra-de-la-vigil\\\/#primaryimage\",\"url\":\"https:\\\/\\\/bibliotecavigil.org.ar\\\/inicio\\\/wp-content\\\/uploads\\\/2023\\\/11\\\/La-mostra_WEB.jpg\",\"contentUrl\":\"https:\\\/\\\/bibliotecavigil.org.ar\\\/inicio\\\/wp-content\\\/uploads\\\/2023\\\/11\\\/La-mostra_WEB.jpg\",\"width\":1042,\"height\":547},{\"@type\":\"BreadcrumbList\",\"@id\":\"https:\\\/\\\/bibliotecavigil.org.ar\\\/inicio\\\/se-viene-la-mostra-de-la-vigil\\\/#breadcrumb\",\"itemListElement\":[{\"@type\":\"ListItem\",\"position\":1,\"name\":\"Portada\",\"item\":\"https:\\\/\\\/bibliotecavigil.org.ar\\\/inicio\\\/\"},{\"@type\":\"ListItem\",\"position\":2,\"name\":\"Se viene la Mostra de La Vigil\"}]},{\"@type\":\"WebSite\",\"@id\":\"https:\\\/\\\/bibliotecavigil.org.ar\\\/inicio\\\/#website\",\"url\":\"https:\\\/\\\/bibliotecavigil.org.ar\\\/inicio\\\/\",\"name\":\"Biblioteca Vigil\",\"description\":\"Biblioteca Popular C C Vigil\",\"publisher\":{\"@id\":\"https:\\\/\\\/bibliotecavigil.org.ar\\\/inicio\\\/#organization\"},\"potentialAction\":[{\"@type\":\"SearchAction\",\"target\":{\"@type\":\"EntryPoint\",\"urlTemplate\":\"https:\\\/\\\/bibliotecavigil.org.ar\\\/inicio\\\/?s={search_term_string}\"},\"query-input\":{\"@type\":\"PropertyValueSpecification\",\"valueRequired\":true,\"valueName\":\"search_term_string\"}}],\"inLanguage\":\"es\"},{\"@type\":\"Organization\",\"@id\":\"https:\\\/\\\/bibliotecavigil.org.ar\\\/inicio\\\/#organization\",\"name\":\"Biblioteca Popular C.C.Vigil\",\"url\":\"https:\\\/\\\/bibliotecavigil.org.ar\\\/inicio\\\/\",\"logo\":{\"@type\":\"ImageObject\",\"inLanguage\":\"es\",\"@id\":\"https:\\\/\\\/bibliotecavigil.org.ar\\\/inicio\\\/#\\\/schema\\\/logo\\\/image\\\/\",\"url\":\"https:\\\/\\\/bibliotecavigil.org.ar\\\/inicio\\\/wp-content\\\/uploads\\\/2023\\\/06\\\/Logo-sin-texto-gif.gif\",\"contentUrl\":\"https:\\\/\\\/bibliotecavigil.org.ar\\\/inicio\\\/wp-content\\\/uploads\\\/2023\\\/06\\\/Logo-sin-texto-gif.gif\",\"width\":1487,\"height\":1604,\"caption\":\"Biblioteca Popular C.C.Vigil\"},\"image\":{\"@id\":\"https:\\\/\\\/bibliotecavigil.org.ar\\\/inicio\\\/#\\\/schema\\\/logo\\\/image\\\/\"}},{\"@type\":\"Person\",\"@id\":\"https:\\\/\\\/bibliotecavigil.org.ar\\\/inicio\\\/#\\\/schema\\\/person\\\/98530bc117d5fa50c5dc01b4fd8d3700\",\"name\":\"Biblioteca Vigil\",\"image\":{\"@type\":\"ImageObject\",\"inLanguage\":\"es\",\"@id\":\"https:\\\/\\\/secure.gravatar.com\\\/avatar\\\/a96b6054dc4c80cde596e2c3f42d23e4f769e395116bf277fb508315b9d8a5c5?s=96&d=mm&r=g\",\"url\":\"https:\\\/\\\/secure.gravatar.com\\\/avatar\\\/a96b6054dc4c80cde596e2c3f42d23e4f769e395116bf277fb508315b9d8a5c5?s=96&d=mm&r=g\",\"contentUrl\":\"https:\\\/\\\/secure.gravatar.com\\\/avatar\\\/a96b6054dc4c80cde596e2c3f42d23e4f769e395116bf277fb508315b9d8a5c5?s=96&d=mm&r=g\",\"caption\":\"Biblioteca Vigil\"},\"url\":\"https:\\\/\\\/bibliotecavigil.org.ar\\\/inicio\\\/author\\\/comunicacion\\\/\"}]}<\/script>\n<!-- \/ Yoast SEO plugin. -->","yoast_head_json":{"title":"Se viene la Mostra de La Vigil - Biblioteca Vigil","robots":{"index":"index","follow":"follow","max-snippet":"max-snippet:-1","max-image-preview":"max-image-preview:large","max-video-preview":"max-video-preview:-1"},"canonical":"https:\/\/bibliotecavigil.org.ar\/inicio\/se-viene-la-mostra-de-la-vigil\/","og_locale":"es_ES","og_type":"article","og_title":"Se viene la Mostra de La Vigil - Biblioteca Vigil","og_description":"\u00a1Una buena! Se viene la Mostra de La Vigil. Tres jornadas de m\u00fasica, circo, acobacias, fotograf\u00eda, teatro, lecturas y m\u00e1s, mucho m\u00e1s. La biblio se viste de gala, se abre, se muestra, celebramos un a\u00f1o m\u00e1s de aprendizajes, de encuentro y creaci\u00f3n colectiva. Contra todas las adversidades seguimos cultivando encuentros, resistiendo, trabajando con alegr\u00eda, construyendo [&hellip;]","og_url":"https:\/\/bibliotecavigil.org.ar\/inicio\/se-viene-la-mostra-de-la-vigil\/","og_site_name":"Biblioteca Vigil","article_published_time":"2023-11-22T21:32:15+00:00","article_modified_time":"2023-11-22T22:53:14+00:00","og_image":[{"width":1042,"height":547,"url":"https:\/\/bibliotecavigil.org.ar\/inicio\/wp-content\/uploads\/2023\/11\/La-mostra_WEB.jpg","type":"image\/jpeg"}],"author":"Biblioteca Vigil","twitter_card":"summary_large_image","twitter_misc":{"Escrito por":"Biblioteca Vigil","Tiempo de lectura":"3 minutos"},"schema":{"@context":"https:\/\/schema.org","@graph":[{"@type":"Article","@id":"https:\/\/bibliotecavigil.org.ar\/inicio\/se-viene-la-mostra-de-la-vigil\/#article","isPartOf":{"@id":"https:\/\/bibliotecavigil.org.ar\/inicio\/se-viene-la-mostra-de-la-vigil\/"},"author":{"name":"Biblioteca Vigil","@id":"https:\/\/bibliotecavigil.org.ar\/inicio\/#\/schema\/person\/98530bc117d5fa50c5dc01b4fd8d3700"},"headline":"Se viene la Mostra de La Vigil","datePublished":"2023-11-22T21:32:15+00:00","dateModified":"2023-11-22T22:53:14+00:00","mainEntityOfPage":{"@id":"https:\/\/bibliotecavigil.org.ar\/inicio\/se-viene-la-mostra-de-la-vigil\/"},"wordCount":547,"commentCount":0,"publisher":{"@id":"https:\/\/bibliotecavigil.org.ar\/inicio\/#organization"},"image":{"@id":"https:\/\/bibliotecavigil.org.ar\/inicio\/se-viene-la-mostra-de-la-vigil\/#primaryimage"},"thumbnailUrl":"https:\/\/bibliotecavigil.org.ar\/inicio\/wp-content\/uploads\/2023\/11\/La-mostra_WEB.jpg","articleSection":["Noticias"],"inLanguage":"es","potentialAction":[{"@type":"CommentAction","name":"Comment","target":["https:\/\/bibliotecavigil.org.ar\/inicio\/se-viene-la-mostra-de-la-vigil\/#respond"]}]},{"@type":"WebPage","@id":"https:\/\/bibliotecavigil.org.ar\/inicio\/se-viene-la-mostra-de-la-vigil\/","url":"https:\/\/bibliotecavigil.org.ar\/inicio\/se-viene-la-mostra-de-la-vigil\/","name":"Se viene la Mostra de La Vigil - Biblioteca Vigil","isPartOf":{"@id":"https:\/\/bibliotecavigil.org.ar\/inicio\/#website"},"primaryImageOfPage":{"@id":"https:\/\/bibliotecavigil.org.ar\/inicio\/se-viene-la-mostra-de-la-vigil\/#primaryimage"},"image":{"@id":"https:\/\/bibliotecavigil.org.ar\/inicio\/se-viene-la-mostra-de-la-vigil\/#primaryimage"},"thumbnailUrl":"https:\/\/bibliotecavigil.org.ar\/inicio\/wp-content\/uploads\/2023\/11\/La-mostra_WEB.jpg","datePublished":"2023-11-22T21:32:15+00:00","dateModified":"2023-11-22T22:53:14+00:00","breadcrumb":{"@id":"https:\/\/bibliotecavigil.org.ar\/inicio\/se-viene-la-mostra-de-la-vigil\/#breadcrumb"},"inLanguage":"es","potentialAction":[{"@type":"ReadAction","target":["https:\/\/bibliotecavigil.org.ar\/inicio\/se-viene-la-mostra-de-la-vigil\/"]}]},{"@type":"ImageObject","inLanguage":"es","@id":"https:\/\/bibliotecavigil.org.ar\/inicio\/se-viene-la-mostra-de-la-vigil\/#primaryimage","url":"https:\/\/bibliotecavigil.org.ar\/inicio\/wp-content\/uploads\/2023\/11\/La-mostra_WEB.jpg","contentUrl":"https:\/\/bibliotecavigil.org.ar\/inicio\/wp-content\/uploads\/2023\/11\/La-mostra_WEB.jpg","width":1042,"height":547},{"@type":"BreadcrumbList","@id":"https:\/\/bibliotecavigil.org.ar\/inicio\/se-viene-la-mostra-de-la-vigil\/#breadcrumb","itemListElement":[{"@type":"ListItem","position":1,"name":"Portada","item":"https:\/\/bibliotecavigil.org.ar\/inicio\/"},{"@type":"ListItem","position":2,"name":"Se viene la Mostra de La Vigil"}]},{"@type":"WebSite","@id":"https:\/\/bibliotecavigil.org.ar\/inicio\/#website","url":"https:\/\/bibliotecavigil.org.ar\/inicio\/","name":"Biblioteca Vigil","description":"Biblioteca Popular C C Vigil","publisher":{"@id":"https:\/\/bibliotecavigil.org.ar\/inicio\/#organization"},"potentialAction":[{"@type":"SearchAction","target":{"@type":"EntryPoint","urlTemplate":"https:\/\/bibliotecavigil.org.ar\/inicio\/?s={search_term_string}"},"query-input":{"@type":"PropertyValueSpecification","valueRequired":true,"valueName":"search_term_string"}}],"inLanguage":"es"},{"@type":"Organization","@id":"https:\/\/bibliotecavigil.org.ar\/inicio\/#organization","name":"Biblioteca Popular C.C.Vigil","url":"https:\/\/bibliotecavigil.org.ar\/inicio\/","logo":{"@type":"ImageObject","inLanguage":"es","@id":"https:\/\/bibliotecavigil.org.ar\/inicio\/#\/schema\/logo\/image\/","url":"https:\/\/bibliotecavigil.org.ar\/inicio\/wp-content\/uploads\/2023\/06\/Logo-sin-texto-gif.gif","contentUrl":"https:\/\/bibliotecavigil.org.ar\/inicio\/wp-content\/uploads\/2023\/06\/Logo-sin-texto-gif.gif","width":1487,"height":1604,"caption":"Biblioteca Popular C.C.Vigil"},"image":{"@id":"https:\/\/bibliotecavigil.org.ar\/inicio\/#\/schema\/logo\/image\/"}},{"@type":"Person","@id":"https:\/\/bibliotecavigil.org.ar\/inicio\/#\/schema\/person\/98530bc117d5fa50c5dc01b4fd8d3700","name":"Biblioteca Vigil","image":{"@type":"ImageObject","inLanguage":"es","@id":"https:\/\/secure.gravatar.com\/avatar\/a96b6054dc4c80cde596e2c3f42d23e4f769e395116bf277fb508315b9d8a5c5?s=96&d=mm&r=g","url":"https:\/\/secure.gravatar.com\/avatar\/a96b6054dc4c80cde596e2c3f42d23e4f769e395116bf277fb508315b9d8a5c5?s=96&d=mm&r=g","contentUrl":"https:\/\/secure.gravatar.com\/avatar\/a96b6054dc4c80cde596e2c3f42d23e4f769e395116bf277fb508315b9d8a5c5?s=96&d=mm&r=g","caption":"Biblioteca Vigil"},"url":"https:\/\/bibliotecavigil.org.ar\/inicio\/author\/comunicacion\/"}]}},"_links":{"self":[{"href":"https:\/\/bibliotecavigil.org.ar\/inicio\/wp-json\/wp\/v2\/posts\/32157","targetHints":{"allow":["GET"]}}],"collection":[{"href":"https:\/\/bibliotecavigil.org.ar\/inicio\/wp-json\/wp\/v2\/posts"}],"about":[{"href":"https:\/\/bibliotecavigil.org.ar\/inicio\/wp-json\/wp\/v2\/types\/post"}],"author":[{"embeddable":true,"href":"https:\/\/bibliotecavigil.org.ar\/inicio\/wp-json\/wp\/v2\/users\/3"}],"replies":[{"embeddable":true,"href":"https:\/\/bibliotecavigil.org.ar\/inicio\/wp-json\/wp\/v2\/comments?post=32157"}],"version-history":[{"count":2,"href":"https:\/\/bibliotecavigil.org.ar\/inicio\/wp-json\/wp\/v2\/posts\/32157\/revisions"}],"predecessor-version":[{"id":32162,"href":"https:\/\/bibliotecavigil.org.ar\/inicio\/wp-json\/wp\/v2\/posts\/32157\/revisions\/32162"}],"wp:featuredmedia":[{"embeddable":true,"href":"https:\/\/bibliotecavigil.org.ar\/inicio\/wp-json\/wp\/v2\/media\/32159"}],"wp:attachment":[{"href":"https:\/\/bibliotecavigil.org.ar\/inicio\/wp-json\/wp\/v2\/media?parent=32157"}],"wp:term":[{"taxonomy":"category","embeddable":true,"href":"https:\/\/bibliotecavigil.org.ar\/inicio\/wp-json\/wp\/v2\/categories?post=32157"},{"taxonomy":"post_tag","embeddable":true,"href":"https:\/\/bibliotecavigil.org.ar\/inicio\/wp-json\/wp\/v2\/tags?post=32157"}],"curies":[{"name":"wp","href":"https:\/\/api.w.org\/{rel}","templated":true}]}}