{"id":32174,"date":"2023-11-30T20:29:48","date_gmt":"2023-11-30T23:29:48","guid":{"rendered":"https:\/\/bibliotecavigil.org.ar\/inicio\/?p=32174"},"modified":"2023-11-30T20:29:51","modified_gmt":"2023-11-30T23:29:51","slug":"fiesta-10-anos-de-recuperacion","status":"publish","type":"post","link":"https:\/\/bibliotecavigil.org.ar\/inicio\/fiesta-10-anos-de-recuperacion\/","title":{"rendered":"Fiesta 10 a\u00f1os de Recuperaci\u00f3n"},"content":{"rendered":"\n<p><strong>\u00a1Se cumplen 1&#xfe0f;&#x20e3;0&#xfe0f;&#x20e3; a\u00f1os desde la recuperaci\u00f3n! &#x1f973;<\/strong><\/p>\n\n\n\n<p>Y lo vamos a festejar, como siempre, junto a nuestra comunidad, la misma que luch\u00f3 para que La Vigil sea devuelta, la que le dio vida a todos estos a\u00f1os de recuperaci\u00f3n y la que seguir\u00e1 poniendo el cuerpo para que La Vigil resista! &#x1f4aa;&#x1f3fd;<\/p>\n\n\n\n<p><strong>\u25ba El jueves 7 de diciembre desde las 20h \u00a1Fiesta en la calle!<\/strong><\/p>\n\n\n\n<p>&#x1f525;&#x1f3a4;Llevar\u00e1 la conducci\u00f3n el amigo Orestes Mu\u00f1ante.<\/p>\n\n\n\n<p>&#x1f525;&#x1f3b5;Para comenzar el baile se presenta ETERNOS INQUILINOS \u00a1Baile Pero Luche! Cumbia, rock, guaracha y autogesti\u00f3n!&#x1f3b7;&#x1f941;<\/p>\n\n\n\n<p>&#x1f525;&#x1f3b5;Y sigue en esta fiesta popular, MUNDIALMENTE FAMOSAS pop, funk, disco, blues, rock, jazz, boleros y todo lo que quieren lxs wachxs.<\/p>\n\n\n\n<p>\u25ac Con Entrada #Libre y #Gratuita &#x1f60e;<\/p>\n\n\n\n<p>\u00a1Que nada nos quite la alegr\u00eda! &#x1f483; \u00a1Nos vemos en la calle! &#x1f60d;<\/p>\n\n\n\n<p>La Vigil es Cultura Popular en Movimiento &#x1f4a5;<\/p>\n\n\n\n<p><\/p>\n\n\n\n<figure class=\"wp-block-image size-large\"><a href=\"https:\/\/bibliotecavigil.org.ar\/inicio\/wp-content\/uploads\/2023\/11\/10anos.jpeg\"><img decoding=\"async\" width=\"696\" height=\"1024\" data-src=\"https:\/\/bibliotecavigil.org.ar\/inicio\/wp-content\/uploads\/2023\/11\/10anos-696x1024.jpeg\" alt=\"\" class=\"wp-image-32175 lazyload\" src=\"data:image\/svg+xml;base64,PHN2ZyB3aWR0aD0iMSIgaGVpZ2h0PSIxIiB4bWxucz0iaHR0cDovL3d3dy53My5vcmcvMjAwMC9zdmciPjwvc3ZnPg==\" style=\"--smush-placeholder-width: 696px; --smush-placeholder-aspect-ratio: 696\/1024;\" \/><\/a><\/figure>\n","protected":false},"excerpt":{"rendered":"<p>\u00a1Se cumplen 1&#xfe0f;&#x20e3;0&#xfe0f;&#x20e3; a\u00f1os desde la recuperaci\u00f3n! &#x1f973; Y lo vamos a festejar, como siempre, junto a nuestra comunidad, la misma que luch\u00f3 para que La Vigil sea devuelta, la que le dio vida a todos estos a\u00f1os de recuperaci\u00f3n y la que seguir\u00e1 poniendo el cuerpo para que La Vigil resista! &#x1f4aa;&#x1f3fd; \u25ba El [&hellip;]<\/p>\n","protected":false},"author":3,"featured_media":32176,"comment_status":"open","ping_status":"closed","sticky":false,"template":"","format":"standard","meta":{"_et_pb_use_builder":"off","_et_pb_old_content":"","_et_gb_content_width":"1920","footnotes":""},"categories":[16],"tags":[553,374,373,48],"class_list":["post-32174","post","type-post","status-publish","format-standard","has-post-thumbnail","hentry","category-noticias","tag-10anos","tag-calle","tag-fiesta","tag-vigil"],"yoast_head":"<!-- This site is optimized with the Yoast SEO plugin v27.3 - https:\/\/yoast.com\/product\/yoast-seo-wordpress\/ -->\n<title>Fiesta 10 a\u00f1os de Recuperaci\u00f3n - Biblioteca Vigil<\/title>\n<meta name=\"robots\" content=\"index, follow, max-snippet:-1, max-image-preview:large, max-video-preview:-1\" \/>\n<link rel=\"canonical\" href=\"https:\/\/bibliotecavigil.org.ar\/inicio\/fiesta-10-anos-de-recuperacion\/\" \/>\n<meta property=\"og:locale\" content=\"es_ES\" \/>\n<meta property=\"og:type\" content=\"article\" \/>\n<meta property=\"og:title\" content=\"Fiesta 10 a\u00f1os de Recuperaci\u00f3n - Biblioteca Vigil\" \/>\n<meta property=\"og:description\" content=\"\u00a1Se cumplen 1&#xfe0f;&#x20e3;0&#xfe0f;&#x20e3; a\u00f1os desde la recuperaci\u00f3n! &#x1f973; Y lo vamos a festejar, como siempre, junto a nuestra comunidad, la misma que luch\u00f3 para que La Vigil sea devuelta, la que le dio vida a todos estos a\u00f1os de recuperaci\u00f3n y la que seguir\u00e1 poniendo el cuerpo para que La Vigil resista! &#x1f4aa;&#x1f3fd; \u25ba El [&hellip;]\" \/>\n<meta property=\"og:url\" content=\"https:\/\/bibliotecavigil.org.ar\/inicio\/fiesta-10-anos-de-recuperacion\/\" \/>\n<meta property=\"og:site_name\" content=\"Biblioteca Vigil\" \/>\n<meta property=\"article:published_time\" content=\"2023-11-30T23:29:48+00:00\" \/>\n<meta property=\"article:modified_time\" content=\"2023-11-30T23:29:51+00:00\" \/>\n<meta property=\"og:image\" content=\"https:\/\/bibliotecavigil.org.ar\/inicio\/wp-content\/uploads\/2023\/11\/fiesta-findeanera-AR-01.jpg\" \/>\n\t<meta property=\"og:image:width\" content=\"1042\" \/>\n\t<meta property=\"og:image:height\" content=\"547\" \/>\n\t<meta property=\"og:image:type\" content=\"image\/jpeg\" \/>\n<meta name=\"author\" content=\"Biblioteca Vigil\" \/>\n<meta name=\"twitter:card\" content=\"summary_large_image\" \/>\n<meta name=\"twitter:label1\" content=\"Escrito por\" \/>\n\t<meta name=\"twitter:data1\" content=\"Biblioteca Vigil\" \/>\n\t<meta name=\"twitter:label2\" content=\"Tiempo de lectura\" \/>\n\t<meta name=\"twitter:data2\" content=\"1 minuto\" \/>\n<script type=\"application\/ld+json\" class=\"yoast-schema-graph\">{\"@context\":\"https:\\\/\\\/schema.org\",\"@graph\":[{\"@type\":\"Article\",\"@id\":\"https:\\\/\\\/bibliotecavigil.org.ar\\\/inicio\\\/fiesta-10-anos-de-recuperacion\\\/#article\",\"isPartOf\":{\"@id\":\"https:\\\/\\\/bibliotecavigil.org.ar\\\/inicio\\\/fiesta-10-anos-de-recuperacion\\\/\"},\"author\":{\"name\":\"Biblioteca Vigil\",\"@id\":\"https:\\\/\\\/bibliotecavigil.org.ar\\\/inicio\\\/#\\\/schema\\\/person\\\/98530bc117d5fa50c5dc01b4fd8d3700\"},\"headline\":\"Fiesta 10 a\u00f1os de Recuperaci\u00f3n\",\"datePublished\":\"2023-11-30T23:29:48+00:00\",\"dateModified\":\"2023-11-30T23:29:51+00:00\",\"mainEntityOfPage\":{\"@id\":\"https:\\\/\\\/bibliotecavigil.org.ar\\\/inicio\\\/fiesta-10-anos-de-recuperacion\\\/\"},\"wordCount\":190,\"commentCount\":0,\"publisher\":{\"@id\":\"https:\\\/\\\/bibliotecavigil.org.ar\\\/inicio\\\/#organization\"},\"image\":{\"@id\":\"https:\\\/\\\/bibliotecavigil.org.ar\\\/inicio\\\/fiesta-10-anos-de-recuperacion\\\/#primaryimage\"},\"thumbnailUrl\":\"https:\\\/\\\/bibliotecavigil.org.ar\\\/inicio\\\/wp-content\\\/uploads\\\/2023\\\/11\\\/fiesta-findeanera-AR-01.jpg\",\"keywords\":[\"10a\u00f1os\",\"calle\",\"fiesta\",\"vigil\"],\"articleSection\":[\"Noticias\"],\"inLanguage\":\"es\",\"potentialAction\":[{\"@type\":\"CommentAction\",\"name\":\"Comment\",\"target\":[\"https:\\\/\\\/bibliotecavigil.org.ar\\\/inicio\\\/fiesta-10-anos-de-recuperacion\\\/#respond\"]}]},{\"@type\":\"WebPage\",\"@id\":\"https:\\\/\\\/bibliotecavigil.org.ar\\\/inicio\\\/fiesta-10-anos-de-recuperacion\\\/\",\"url\":\"https:\\\/\\\/bibliotecavigil.org.ar\\\/inicio\\\/fiesta-10-anos-de-recuperacion\\\/\",\"name\":\"Fiesta 10 a\u00f1os de Recuperaci\u00f3n - Biblioteca Vigil\",\"isPartOf\":{\"@id\":\"https:\\\/\\\/bibliotecavigil.org.ar\\\/inicio\\\/#website\"},\"primaryImageOfPage\":{\"@id\":\"https:\\\/\\\/bibliotecavigil.org.ar\\\/inicio\\\/fiesta-10-anos-de-recuperacion\\\/#primaryimage\"},\"image\":{\"@id\":\"https:\\\/\\\/bibliotecavigil.org.ar\\\/inicio\\\/fiesta-10-anos-de-recuperacion\\\/#primaryimage\"},\"thumbnailUrl\":\"https:\\\/\\\/bibliotecavigil.org.ar\\\/inicio\\\/wp-content\\\/uploads\\\/2023\\\/11\\\/fiesta-findeanera-AR-01.jpg\",\"datePublished\":\"2023-11-30T23:29:48+00:00\",\"dateModified\":\"2023-11-30T23:29:51+00:00\",\"breadcrumb\":{\"@id\":\"https:\\\/\\\/bibliotecavigil.org.ar\\\/inicio\\\/fiesta-10-anos-de-recuperacion\\\/#breadcrumb\"},\"inLanguage\":\"es\",\"potentialAction\":[{\"@type\":\"ReadAction\",\"target\":[\"https:\\\/\\\/bibliotecavigil.org.ar\\\/inicio\\\/fiesta-10-anos-de-recuperacion\\\/\"]}]},{\"@type\":\"ImageObject\",\"inLanguage\":\"es\",\"@id\":\"https:\\\/\\\/bibliotecavigil.org.ar\\\/inicio\\\/fiesta-10-anos-de-recuperacion\\\/#primaryimage\",\"url\":\"https:\\\/\\\/bibliotecavigil.org.ar\\\/inicio\\\/wp-content\\\/uploads\\\/2023\\\/11\\\/fiesta-findeanera-AR-01.jpg\",\"contentUrl\":\"https:\\\/\\\/bibliotecavigil.org.ar\\\/inicio\\\/wp-content\\\/uploads\\\/2023\\\/11\\\/fiesta-findeanera-AR-01.jpg\",\"width\":1042,\"height\":547},{\"@type\":\"BreadcrumbList\",\"@id\":\"https:\\\/\\\/bibliotecavigil.org.ar\\\/inicio\\\/fiesta-10-anos-de-recuperacion\\\/#breadcrumb\",\"itemListElement\":[{\"@type\":\"ListItem\",\"position\":1,\"name\":\"Portada\",\"item\":\"https:\\\/\\\/bibliotecavigil.org.ar\\\/inicio\\\/\"},{\"@type\":\"ListItem\",\"position\":2,\"name\":\"Fiesta 10 a\u00f1os de Recuperaci\u00f3n\"}]},{\"@type\":\"WebSite\",\"@id\":\"https:\\\/\\\/bibliotecavigil.org.ar\\\/inicio\\\/#website\",\"url\":\"https:\\\/\\\/bibliotecavigil.org.ar\\\/inicio\\\/\",\"name\":\"Biblioteca Vigil\",\"description\":\"Biblioteca Popular C C Vigil\",\"publisher\":{\"@id\":\"https:\\\/\\\/bibliotecavigil.org.ar\\\/inicio\\\/#organization\"},\"potentialAction\":[{\"@type\":\"SearchAction\",\"target\":{\"@type\":\"EntryPoint\",\"urlTemplate\":\"https:\\\/\\\/bibliotecavigil.org.ar\\\/inicio\\\/?s={search_term_string}\"},\"query-input\":{\"@type\":\"PropertyValueSpecification\",\"valueRequired\":true,\"valueName\":\"search_term_string\"}}],\"inLanguage\":\"es\"},{\"@type\":\"Organization\",\"@id\":\"https:\\\/\\\/bibliotecavigil.org.ar\\\/inicio\\\/#organization\",\"name\":\"Biblioteca Popular C.C.Vigil\",\"url\":\"https:\\\/\\\/bibliotecavigil.org.ar\\\/inicio\\\/\",\"logo\":{\"@type\":\"ImageObject\",\"inLanguage\":\"es\",\"@id\":\"https:\\\/\\\/bibliotecavigil.org.ar\\\/inicio\\\/#\\\/schema\\\/logo\\\/image\\\/\",\"url\":\"https:\\\/\\\/bibliotecavigil.org.ar\\\/inicio\\\/wp-content\\\/uploads\\\/2023\\\/06\\\/Logo-sin-texto-gif.gif\",\"contentUrl\":\"https:\\\/\\\/bibliotecavigil.org.ar\\\/inicio\\\/wp-content\\\/uploads\\\/2023\\\/06\\\/Logo-sin-texto-gif.gif\",\"width\":1487,\"height\":1604,\"caption\":\"Biblioteca Popular C.C.Vigil\"},\"image\":{\"@id\":\"https:\\\/\\\/bibliotecavigil.org.ar\\\/inicio\\\/#\\\/schema\\\/logo\\\/image\\\/\"}},{\"@type\":\"Person\",\"@id\":\"https:\\\/\\\/bibliotecavigil.org.ar\\\/inicio\\\/#\\\/schema\\\/person\\\/98530bc117d5fa50c5dc01b4fd8d3700\",\"name\":\"Biblioteca Vigil\",\"image\":{\"@type\":\"ImageObject\",\"inLanguage\":\"es\",\"@id\":\"https:\\\/\\\/secure.gravatar.com\\\/avatar\\\/a96b6054dc4c80cde596e2c3f42d23e4f769e395116bf277fb508315b9d8a5c5?s=96&d=mm&r=g\",\"url\":\"https:\\\/\\\/secure.gravatar.com\\\/avatar\\\/a96b6054dc4c80cde596e2c3f42d23e4f769e395116bf277fb508315b9d8a5c5?s=96&d=mm&r=g\",\"contentUrl\":\"https:\\\/\\\/secure.gravatar.com\\\/avatar\\\/a96b6054dc4c80cde596e2c3f42d23e4f769e395116bf277fb508315b9d8a5c5?s=96&d=mm&r=g\",\"caption\":\"Biblioteca Vigil\"},\"url\":\"https:\\\/\\\/bibliotecavigil.org.ar\\\/inicio\\\/author\\\/comunicacion\\\/\"}]}<\/script>\n<!-- \/ Yoast SEO plugin. -->","yoast_head_json":{"title":"Fiesta 10 a\u00f1os de Recuperaci\u00f3n - Biblioteca Vigil","robots":{"index":"index","follow":"follow","max-snippet":"max-snippet:-1","max-image-preview":"max-image-preview:large","max-video-preview":"max-video-preview:-1"},"canonical":"https:\/\/bibliotecavigil.org.ar\/inicio\/fiesta-10-anos-de-recuperacion\/","og_locale":"es_ES","og_type":"article","og_title":"Fiesta 10 a\u00f1os de Recuperaci\u00f3n - Biblioteca Vigil","og_description":"\u00a1Se cumplen 1&#xfe0f;&#x20e3;0&#xfe0f;&#x20e3; a\u00f1os desde la recuperaci\u00f3n! &#x1f973; Y lo vamos a festejar, como siempre, junto a nuestra comunidad, la misma que luch\u00f3 para que La Vigil sea devuelta, la que le dio vida a todos estos a\u00f1os de recuperaci\u00f3n y la que seguir\u00e1 poniendo el cuerpo para que La Vigil resista! &#x1f4aa;&#x1f3fd; \u25ba El [&hellip;]","og_url":"https:\/\/bibliotecavigil.org.ar\/inicio\/fiesta-10-anos-de-recuperacion\/","og_site_name":"Biblioteca Vigil","article_published_time":"2023-11-30T23:29:48+00:00","article_modified_time":"2023-11-30T23:29:51+00:00","og_image":[{"width":1042,"height":547,"url":"https:\/\/bibliotecavigil.org.ar\/inicio\/wp-content\/uploads\/2023\/11\/fiesta-findeanera-AR-01.jpg","type":"image\/jpeg"}],"author":"Biblioteca Vigil","twitter_card":"summary_large_image","twitter_misc":{"Escrito por":"Biblioteca Vigil","Tiempo de lectura":"1 minuto"},"schema":{"@context":"https:\/\/schema.org","@graph":[{"@type":"Article","@id":"https:\/\/bibliotecavigil.org.ar\/inicio\/fiesta-10-anos-de-recuperacion\/#article","isPartOf":{"@id":"https:\/\/bibliotecavigil.org.ar\/inicio\/fiesta-10-anos-de-recuperacion\/"},"author":{"name":"Biblioteca Vigil","@id":"https:\/\/bibliotecavigil.org.ar\/inicio\/#\/schema\/person\/98530bc117d5fa50c5dc01b4fd8d3700"},"headline":"Fiesta 10 a\u00f1os de Recuperaci\u00f3n","datePublished":"2023-11-30T23:29:48+00:00","dateModified":"2023-11-30T23:29:51+00:00","mainEntityOfPage":{"@id":"https:\/\/bibliotecavigil.org.ar\/inicio\/fiesta-10-anos-de-recuperacion\/"},"wordCount":190,"commentCount":0,"publisher":{"@id":"https:\/\/bibliotecavigil.org.ar\/inicio\/#organization"},"image":{"@id":"https:\/\/bibliotecavigil.org.ar\/inicio\/fiesta-10-anos-de-recuperacion\/#primaryimage"},"thumbnailUrl":"https:\/\/bibliotecavigil.org.ar\/inicio\/wp-content\/uploads\/2023\/11\/fiesta-findeanera-AR-01.jpg","keywords":["10a\u00f1os","calle","fiesta","vigil"],"articleSection":["Noticias"],"inLanguage":"es","potentialAction":[{"@type":"CommentAction","name":"Comment","target":["https:\/\/bibliotecavigil.org.ar\/inicio\/fiesta-10-anos-de-recuperacion\/#respond"]}]},{"@type":"WebPage","@id":"https:\/\/bibliotecavigil.org.ar\/inicio\/fiesta-10-anos-de-recuperacion\/","url":"https:\/\/bibliotecavigil.org.ar\/inicio\/fiesta-10-anos-de-recuperacion\/","name":"Fiesta 10 a\u00f1os de Recuperaci\u00f3n - Biblioteca Vigil","isPartOf":{"@id":"https:\/\/bibliotecavigil.org.ar\/inicio\/#website"},"primaryImageOfPage":{"@id":"https:\/\/bibliotecavigil.org.ar\/inicio\/fiesta-10-anos-de-recuperacion\/#primaryimage"},"image":{"@id":"https:\/\/bibliotecavigil.org.ar\/inicio\/fiesta-10-anos-de-recuperacion\/#primaryimage"},"thumbnailUrl":"https:\/\/bibliotecavigil.org.ar\/inicio\/wp-content\/uploads\/2023\/11\/fiesta-findeanera-AR-01.jpg","datePublished":"2023-11-30T23:29:48+00:00","dateModified":"2023-11-30T23:29:51+00:00","breadcrumb":{"@id":"https:\/\/bibliotecavigil.org.ar\/inicio\/fiesta-10-anos-de-recuperacion\/#breadcrumb"},"inLanguage":"es","potentialAction":[{"@type":"ReadAction","target":["https:\/\/bibliotecavigil.org.ar\/inicio\/fiesta-10-anos-de-recuperacion\/"]}]},{"@type":"ImageObject","inLanguage":"es","@id":"https:\/\/bibliotecavigil.org.ar\/inicio\/fiesta-10-anos-de-recuperacion\/#primaryimage","url":"https:\/\/bibliotecavigil.org.ar\/inicio\/wp-content\/uploads\/2023\/11\/fiesta-findeanera-AR-01.jpg","contentUrl":"https:\/\/bibliotecavigil.org.ar\/inicio\/wp-content\/uploads\/2023\/11\/fiesta-findeanera-AR-01.jpg","width":1042,"height":547},{"@type":"BreadcrumbList","@id":"https:\/\/bibliotecavigil.org.ar\/inicio\/fiesta-10-anos-de-recuperacion\/#breadcrumb","itemListElement":[{"@type":"ListItem","position":1,"name":"Portada","item":"https:\/\/bibliotecavigil.org.ar\/inicio\/"},{"@type":"ListItem","position":2,"name":"Fiesta 10 a\u00f1os de Recuperaci\u00f3n"}]},{"@type":"WebSite","@id":"https:\/\/bibliotecavigil.org.ar\/inicio\/#website","url":"https:\/\/bibliotecavigil.org.ar\/inicio\/","name":"Biblioteca Vigil","description":"Biblioteca Popular C C Vigil","publisher":{"@id":"https:\/\/bibliotecavigil.org.ar\/inicio\/#organization"},"potentialAction":[{"@type":"SearchAction","target":{"@type":"EntryPoint","urlTemplate":"https:\/\/bibliotecavigil.org.ar\/inicio\/?s={search_term_string}"},"query-input":{"@type":"PropertyValueSpecification","valueRequired":true,"valueName":"search_term_string"}}],"inLanguage":"es"},{"@type":"Organization","@id":"https:\/\/bibliotecavigil.org.ar\/inicio\/#organization","name":"Biblioteca Popular C.C.Vigil","url":"https:\/\/bibliotecavigil.org.ar\/inicio\/","logo":{"@type":"ImageObject","inLanguage":"es","@id":"https:\/\/bibliotecavigil.org.ar\/inicio\/#\/schema\/logo\/image\/","url":"https:\/\/bibliotecavigil.org.ar\/inicio\/wp-content\/uploads\/2023\/06\/Logo-sin-texto-gif.gif","contentUrl":"https:\/\/bibliotecavigil.org.ar\/inicio\/wp-content\/uploads\/2023\/06\/Logo-sin-texto-gif.gif","width":1487,"height":1604,"caption":"Biblioteca Popular C.C.Vigil"},"image":{"@id":"https:\/\/bibliotecavigil.org.ar\/inicio\/#\/schema\/logo\/image\/"}},{"@type":"Person","@id":"https:\/\/bibliotecavigil.org.ar\/inicio\/#\/schema\/person\/98530bc117d5fa50c5dc01b4fd8d3700","name":"Biblioteca Vigil","image":{"@type":"ImageObject","inLanguage":"es","@id":"https:\/\/secure.gravatar.com\/avatar\/a96b6054dc4c80cde596e2c3f42d23e4f769e395116bf277fb508315b9d8a5c5?s=96&d=mm&r=g","url":"https:\/\/secure.gravatar.com\/avatar\/a96b6054dc4c80cde596e2c3f42d23e4f769e395116bf277fb508315b9d8a5c5?s=96&d=mm&r=g","contentUrl":"https:\/\/secure.gravatar.com\/avatar\/a96b6054dc4c80cde596e2c3f42d23e4f769e395116bf277fb508315b9d8a5c5?s=96&d=mm&r=g","caption":"Biblioteca Vigil"},"url":"https:\/\/bibliotecavigil.org.ar\/inicio\/author\/comunicacion\/"}]}},"_links":{"self":[{"href":"https:\/\/bibliotecavigil.org.ar\/inicio\/wp-json\/wp\/v2\/posts\/32174","targetHints":{"allow":["GET"]}}],"collection":[{"href":"https:\/\/bibliotecavigil.org.ar\/inicio\/wp-json\/wp\/v2\/posts"}],"about":[{"href":"https:\/\/bibliotecavigil.org.ar\/inicio\/wp-json\/wp\/v2\/types\/post"}],"author":[{"embeddable":true,"href":"https:\/\/bibliotecavigil.org.ar\/inicio\/wp-json\/wp\/v2\/users\/3"}],"replies":[{"embeddable":true,"href":"https:\/\/bibliotecavigil.org.ar\/inicio\/wp-json\/wp\/v2\/comments?post=32174"}],"version-history":[{"count":1,"href":"https:\/\/bibliotecavigil.org.ar\/inicio\/wp-json\/wp\/v2\/posts\/32174\/revisions"}],"predecessor-version":[{"id":32177,"href":"https:\/\/bibliotecavigil.org.ar\/inicio\/wp-json\/wp\/v2\/posts\/32174\/revisions\/32177"}],"wp:featuredmedia":[{"embeddable":true,"href":"https:\/\/bibliotecavigil.org.ar\/inicio\/wp-json\/wp\/v2\/media\/32176"}],"wp:attachment":[{"href":"https:\/\/bibliotecavigil.org.ar\/inicio\/wp-json\/wp\/v2\/media?parent=32174"}],"wp:term":[{"taxonomy":"category","embeddable":true,"href":"https:\/\/bibliotecavigil.org.ar\/inicio\/wp-json\/wp\/v2\/categories?post=32174"},{"taxonomy":"post_tag","embeddable":true,"href":"https:\/\/bibliotecavigil.org.ar\/inicio\/wp-json\/wp\/v2\/tags?post=32174"}],"curies":[{"name":"wp","href":"https:\/\/api.w.org\/{rel}","templated":true}]}}