{"id":32367,"date":"2024-03-15T15:54:40","date_gmt":"2024-03-15T18:54:40","guid":{"rendered":"https:\/\/bibliotecavigil.org.ar\/inicio\/?p=32367"},"modified":"2024-03-18T14:39:20","modified_gmt":"2024-03-18T17:39:20","slug":"semana-de-la-memoria-2024","status":"publish","type":"post","link":"https:\/\/bibliotecavigil.org.ar\/inicio\/semana-de-la-memoria-2024\/","title":{"rendered":"Semana de la Memoria 2024"},"content":{"rendered":"\n<p>Cada 24 de marzo, desde nuestro lugar en el mundo, Tablada, Rosario, Santa Fe, Argentina, ponemos todo lo que est\u00e1 a nuestro alcance para ejercitar la Memoria y que tanto dolor se convierta en alegr\u00eda.<\/p>\n\n\n\n<p><br>En La Vigil, Sitio de memoria del terrorismo de Estado, que el genocidio cultural perpetrado por la dictadura c\u00edvico-militar mediante la intervenci\u00f3n a nuestra instituci\u00f3n signific\u00f3 un retroceso tr\u00e1gico para los derechos conquistados por el barrio y la comunidad, derechos cuya reivindicaci\u00f3n sigue vigente y son las claves orientadoras de un mejor futuro.<\/p>\n\n\n\n<p><br>Por eso, desde hace m\u00e1s de 30 a\u00f1os damos la lucha que nos permiti\u00f3 reabrir y desde hace 10 estamos reconstruyendo y reparando la destrucci\u00f3n y el saqueo militar, prolongado luego, por gobiernos democr\u00e1ticos. Creando nuevas formas de resistencia en este dif\u00edcil contexto, apostando al trabajo por m\u00e1s educaci\u00f3n y cultura popular, con la felicidad de saber que aqu\u00ed estamos, no nos han derrotado.<\/p>\n\n\n\n<p><br>Todo sucede en el encuentro, por eso construimos con otrxs, fortaleciendo una red que nos permite programar una semana de la Memoria con un mot\u00f3n de propuestas a las que les invitamos a sumarse:<\/p>\n\n\n\n<p><br><strong>\u25ac LUNES 18 \/ 18h<br>DI\u00c1LOGOS EDUCATIVOS<br><em>De titiriteros de guante blanco y resistencias. A 48 a\u00f1os del golpe de estado.<br><\/em><\/strong>Primer conversatorio virtual de Di\u00e1logos Educativos 2024 con Carlos Del Frade, Periodista de investigaci\u00f3n, diputado provincial del Frente Amplio por la Soberan\u00eda. Autor de casi cien libros.<br>Para poder de manera colectiva volver a pensar este 24 de Marzo, con Memoria, Verdad y Justicia.<br><\/p>\n\n\n\n<p><strong>\u25ac MI\u00c9RCOLES 20 \/ 18h<br>PROYECCI\u00d3N + CONVERSATORIO<br><em>\u00abLibros prohibidos: El fusilamiento de Penina: un libro-alegor\u00eda\u00bb<\/em><\/strong><\/p>\n\n\n\n<p>Conversatorio sobre la historia del libro El fusilamiento de Penina de Aldo Oliva y proyecci\u00f3n del documental Hombres de ideas avanzadas (fragmento). Exposici\u00f3n de los ejemplares recuperados.<\/p>\n\n\n\n<p>Actividad organizada con la Secretar\u00eda de Cultura de la Municipalidad y el Museo de la Memoria.<\/p>\n\n\n\n<p>Moderaci\u00f3n: Lucas Massuco. Participantes: Roberto Frutos, Diego Fidalgo y Marianela Goicoechea.<\/p>\n\n\n\n<p><\/p>\n\n\n\n<p><strong>\u25ac JUEVES 21 \/ 19h<br>CINE \u201cLos del suelo\u201d<br><em>Monte Madre &#8211; Encendiendo Futuro con Memoria<br><\/em><\/strong>Proyecci\u00f3n del largometraje basado en el libro Monte madre, que narra el per\u00edodo de cuatro a\u00f1os en que Irmina Kleiner y Remo V\u00e9nica, una pareja de militantes de Motonerxs y de las Ligas Agrarias, vivieron escondidxs en el monte de selvas y ca\u00f1averales del Chaco, a mediados de los a\u00f1os \u201970.<br>Actividad que invita a pensar pol\u00edticamente el pasado, presente y fututo de los proyectos emancipadores.<\/p>\n\n\n\n<p><br><strong>\u25ac VIERNES 22 \/ 19h<br>VARIET\u00c9 POR LA MEMORIA<br><\/strong><\/p>\n\n\n\n<p>Compa\u00f1\u00eda Cambalache (Abi Ballester y Lisandro Roldan)<br>Bucles &#8211; Hula Hops (Micaela Lozupone)<br>Acrobacias a\u00e9reas (Patricio Iba\u00f1ez)<br>Malabares \u2013 Mojarrita (Iv\u00e1n Megido)<br>Moon &#8211; Suspensi\u00f3n Capilar (Grecia Moncaglieri)<br>Show de Breaking de la Crew 8804 Fly&#8217;a (Talleristas y Activistas de la cultura Hiphop desde 2016 en Vigil)<br>\u00a1A la Gorra! Para la compra de insumos para los talleres. Bufete a precios populares.<\/p>\n\n\n\n<p><strong>\u25ac S\u00c1BADO 23 \/ DESDE LAS 18 h<br>VIGILIA DE LA VIGIL<br><em>Memoria, Fuego de los Pueblos en Lucha<\/em><\/strong><br>En un contexto en el que resurgen las l\u00f3gicas fascistas y represivas, arraigadas en el hambre y la pobreza, los colectivos organizadores se plantean el objetivo de ejercitar la memoria para fortalecer las resistencias anticapitalistas, antipatriarcales y anticoloniales, y a partir del encuentro, la cultura, el di\u00e1logo y la reflexi\u00f3n poder tender puentes entre las luchas hist\u00f3ricas contra la dictadura genocida y las luchas actuales.<\/p>\n\n\n\n<p><br>\u2022 18h: Feria \/ Espacio para las Infancias \/ Exposiciones art\u00edsticas: Jam de Pegatinas<br>Proyecciones: Genocidio y limpieza \u00e9tnica en Palestina, Jam de Pegatinas y fragmentos del documental \u00abLa Vigil 2\u00bb.<br>\u2022 19 h Recorrido guiado de La Vigil<\/p>\n\n\n\n<p>\u2022 19.30 h Radio abierta<\/p>\n\n\n\n<p>\u2022 21.30 h Apertura de La Vigilia:<br>Lectura de extractos de la Carta a la Junta Militar, de Rodolfo Walsh.<br>Variet\u00e9 de circo, Ciclos de teatro en calle.<br>M\u00fasica y poes\u00eda en vivo: Luma y Garza \u00abSin nombre pero con identidad\u00bb, Miel Litoral, Artesanos de la Verdad, Naza Rodr\u00edguez y Luli Crosetto.<br>\u2022 00.00h Fogata de la Memoria.<\/p>\n\n\n\n<p><br><strong>Organizan<\/strong>: Artistas Callejeres; Frente Pluricultural de Mujeres y Disidencias Artesanes; Ciclo de Teatro en Calle; Grupo de Acci\u00f3n Pol\u00edtica Vigil; Muralistas; Colectivo Amaranto; Pa\u00f1uelos en Rebeld\u00eda; Masar Badil; Casa Sirena; Cultura en Resistencia; Jam de Pegatinas.<\/p>\n\n\n\n<p><strong>\u25ac DOMINGO 24 \/ 14 h<br>MARCHA POR EL D\u00cdA DE LA MEMORIA POR LA VERDAD Y LA JUSTICIA<\/strong><\/p>\n\n\n\n<p><br>Nos encontramos en la plaza San Mart\u00edn para marchar hasta el Monumento Nacional a la Bandera bajo la bandera de La Vigil, Sitio de Memoria del Terrorismo de Estado, renovando el compromiso con la Memoria, la Verdad y la Justicia.<\/p>\n\n\n\n<p><\/p>\n\n\n\n<figure class=\"wp-block-image size-large\"><a href=\"https:\/\/bibliotecavigil.org.ar\/inicio\/wp-content\/uploads\/2024\/03\/SEMANA-MEMORIA.jpeg\"><img decoding=\"async\" width=\"723\" height=\"1024\" data-src=\"https:\/\/bibliotecavigil.org.ar\/inicio\/wp-content\/uploads\/2024\/03\/SEMANA-MEMORIA-723x1024.jpeg\" alt=\"\" class=\"wp-image-32368 lazyload\" src=\"data:image\/svg+xml;base64,PHN2ZyB3aWR0aD0iMSIgaGVpZ2h0PSIxIiB4bWxucz0iaHR0cDovL3d3dy53My5vcmcvMjAwMC9zdmciPjwvc3ZnPg==\" style=\"--smush-placeholder-width: 723px; --smush-placeholder-aspect-ratio: 723\/1024;\" \/><\/a><\/figure>\n\n\n\n<p><br>Agradecemos enormemente a Chachi Verona por la Ilustraci\u00f3n gr\u00e1fica<\/p>\n","protected":false},"excerpt":{"rendered":"<p>Cada 24 de marzo, desde nuestro lugar en el mundo, Tablada, Rosario, Santa Fe, Argentina, ponemos todo lo que est\u00e1 a nuestro alcance para ejercitar la Memoria y que tanto dolor se convierta en alegr\u00eda. En La Vigil, Sitio de memoria del terrorismo de Estado, que el genocidio cultural perpetrado por la dictadura c\u00edvico-militar mediante [&hellip;]<\/p>\n","protected":false},"author":3,"featured_media":32369,"comment_status":"open","ping_status":"closed","sticky":false,"template":"","format":"standard","meta":{"_et_pb_use_builder":"off","_et_pb_old_content":"","_et_gb_content_width":"1920","footnotes":""},"categories":[16],"tags":[101,91,94,402,100],"class_list":["post-32367","post","type-post","status-publish","format-standard","has-post-thumbnail","hentry","category-noticias","tag-justicia","tag-marcha","tag-memoria","tag-semana","tag-verdad"],"yoast_head":"<!-- This site is optimized with the Yoast SEO plugin v27.3 - https:\/\/yoast.com\/product\/yoast-seo-wordpress\/ -->\n<title>Semana de la Memoria 2024 - Biblioteca Vigil<\/title>\n<meta name=\"robots\" content=\"index, follow, max-snippet:-1, max-image-preview:large, max-video-preview:-1\" \/>\n<link rel=\"canonical\" href=\"https:\/\/bibliotecavigil.org.ar\/inicio\/semana-de-la-memoria-2024\/\" \/>\n<meta property=\"og:locale\" content=\"es_ES\" \/>\n<meta property=\"og:type\" content=\"article\" \/>\n<meta property=\"og:title\" content=\"Semana de la Memoria 2024 - Biblioteca Vigil\" \/>\n<meta property=\"og:description\" content=\"Cada 24 de marzo, desde nuestro lugar en el mundo, Tablada, Rosario, Santa Fe, Argentina, ponemos todo lo que est\u00e1 a nuestro alcance para ejercitar la Memoria y que tanto dolor se convierta en alegr\u00eda. En La Vigil, Sitio de memoria del terrorismo de Estado, que el genocidio cultural perpetrado por la dictadura c\u00edvico-militar mediante [&hellip;]\" \/>\n<meta property=\"og:url\" content=\"https:\/\/bibliotecavigil.org.ar\/inicio\/semana-de-la-memoria-2024\/\" \/>\n<meta property=\"og:site_name\" content=\"Biblioteca Vigil\" \/>\n<meta property=\"article:published_time\" content=\"2024-03-15T18:54:40+00:00\" \/>\n<meta property=\"article:modified_time\" content=\"2024-03-18T17:39:20+00:00\" \/>\n<meta property=\"og:image\" content=\"https:\/\/bibliotecavigil.org.ar\/inicio\/wp-content\/uploads\/2024\/03\/MEMORIA-WEB.jpeg\" \/>\n\t<meta property=\"og:image:width\" content=\"1232\" \/>\n\t<meta property=\"og:image:height\" content=\"1281\" \/>\n\t<meta property=\"og:image:type\" content=\"image\/jpeg\" \/>\n<meta name=\"author\" content=\"Biblioteca Vigil\" \/>\n<meta name=\"twitter:card\" content=\"summary_large_image\" \/>\n<meta name=\"twitter:label1\" content=\"Escrito por\" \/>\n\t<meta name=\"twitter:data1\" content=\"Biblioteca Vigil\" \/>\n\t<meta name=\"twitter:label2\" content=\"Tiempo de lectura\" \/>\n\t<meta name=\"twitter:data2\" content=\"4 minutos\" \/>\n<script type=\"application\/ld+json\" class=\"yoast-schema-graph\">{\"@context\":\"https:\\\/\\\/schema.org\",\"@graph\":[{\"@type\":\"Article\",\"@id\":\"https:\\\/\\\/bibliotecavigil.org.ar\\\/inicio\\\/semana-de-la-memoria-2024\\\/#article\",\"isPartOf\":{\"@id\":\"https:\\\/\\\/bibliotecavigil.org.ar\\\/inicio\\\/semana-de-la-memoria-2024\\\/\"},\"author\":{\"name\":\"Biblioteca Vigil\",\"@id\":\"https:\\\/\\\/bibliotecavigil.org.ar\\\/inicio\\\/#\\\/schema\\\/person\\\/98530bc117d5fa50c5dc01b4fd8d3700\"},\"headline\":\"Semana de la Memoria 2024\",\"datePublished\":\"2024-03-15T18:54:40+00:00\",\"dateModified\":\"2024-03-18T17:39:20+00:00\",\"mainEntityOfPage\":{\"@id\":\"https:\\\/\\\/bibliotecavigil.org.ar\\\/inicio\\\/semana-de-la-memoria-2024\\\/\"},\"wordCount\":775,\"commentCount\":0,\"publisher\":{\"@id\":\"https:\\\/\\\/bibliotecavigil.org.ar\\\/inicio\\\/#organization\"},\"image\":{\"@id\":\"https:\\\/\\\/bibliotecavigil.org.ar\\\/inicio\\\/semana-de-la-memoria-2024\\\/#primaryimage\"},\"thumbnailUrl\":\"https:\\\/\\\/bibliotecavigil.org.ar\\\/inicio\\\/wp-content\\\/uploads\\\/2024\\\/03\\\/MEMORIA-WEB.jpeg\",\"keywords\":[\"justicia\",\"MARCHA\",\"memoria\",\"semana\",\"verdad\"],\"articleSection\":[\"Noticias\"],\"inLanguage\":\"es\",\"potentialAction\":[{\"@type\":\"CommentAction\",\"name\":\"Comment\",\"target\":[\"https:\\\/\\\/bibliotecavigil.org.ar\\\/inicio\\\/semana-de-la-memoria-2024\\\/#respond\"]}]},{\"@type\":\"WebPage\",\"@id\":\"https:\\\/\\\/bibliotecavigil.org.ar\\\/inicio\\\/semana-de-la-memoria-2024\\\/\",\"url\":\"https:\\\/\\\/bibliotecavigil.org.ar\\\/inicio\\\/semana-de-la-memoria-2024\\\/\",\"name\":\"Semana de la Memoria 2024 - Biblioteca Vigil\",\"isPartOf\":{\"@id\":\"https:\\\/\\\/bibliotecavigil.org.ar\\\/inicio\\\/#website\"},\"primaryImageOfPage\":{\"@id\":\"https:\\\/\\\/bibliotecavigil.org.ar\\\/inicio\\\/semana-de-la-memoria-2024\\\/#primaryimage\"},\"image\":{\"@id\":\"https:\\\/\\\/bibliotecavigil.org.ar\\\/inicio\\\/semana-de-la-memoria-2024\\\/#primaryimage\"},\"thumbnailUrl\":\"https:\\\/\\\/bibliotecavigil.org.ar\\\/inicio\\\/wp-content\\\/uploads\\\/2024\\\/03\\\/MEMORIA-WEB.jpeg\",\"datePublished\":\"2024-03-15T18:54:40+00:00\",\"dateModified\":\"2024-03-18T17:39:20+00:00\",\"breadcrumb\":{\"@id\":\"https:\\\/\\\/bibliotecavigil.org.ar\\\/inicio\\\/semana-de-la-memoria-2024\\\/#breadcrumb\"},\"inLanguage\":\"es\",\"potentialAction\":[{\"@type\":\"ReadAction\",\"target\":[\"https:\\\/\\\/bibliotecavigil.org.ar\\\/inicio\\\/semana-de-la-memoria-2024\\\/\"]}]},{\"@type\":\"ImageObject\",\"inLanguage\":\"es\",\"@id\":\"https:\\\/\\\/bibliotecavigil.org.ar\\\/inicio\\\/semana-de-la-memoria-2024\\\/#primaryimage\",\"url\":\"https:\\\/\\\/bibliotecavigil.org.ar\\\/inicio\\\/wp-content\\\/uploads\\\/2024\\\/03\\\/MEMORIA-WEB.jpeg\",\"contentUrl\":\"https:\\\/\\\/bibliotecavigil.org.ar\\\/inicio\\\/wp-content\\\/uploads\\\/2024\\\/03\\\/MEMORIA-WEB.jpeg\",\"width\":1232,\"height\":1281},{\"@type\":\"BreadcrumbList\",\"@id\":\"https:\\\/\\\/bibliotecavigil.org.ar\\\/inicio\\\/semana-de-la-memoria-2024\\\/#breadcrumb\",\"itemListElement\":[{\"@type\":\"ListItem\",\"position\":1,\"name\":\"Portada\",\"item\":\"https:\\\/\\\/bibliotecavigil.org.ar\\\/inicio\\\/\"},{\"@type\":\"ListItem\",\"position\":2,\"name\":\"Semana de la Memoria 2024\"}]},{\"@type\":\"WebSite\",\"@id\":\"https:\\\/\\\/bibliotecavigil.org.ar\\\/inicio\\\/#website\",\"url\":\"https:\\\/\\\/bibliotecavigil.org.ar\\\/inicio\\\/\",\"name\":\"Biblioteca Vigil\",\"description\":\"Biblioteca Popular C C Vigil\",\"publisher\":{\"@id\":\"https:\\\/\\\/bibliotecavigil.org.ar\\\/inicio\\\/#organization\"},\"potentialAction\":[{\"@type\":\"SearchAction\",\"target\":{\"@type\":\"EntryPoint\",\"urlTemplate\":\"https:\\\/\\\/bibliotecavigil.org.ar\\\/inicio\\\/?s={search_term_string}\"},\"query-input\":{\"@type\":\"PropertyValueSpecification\",\"valueRequired\":true,\"valueName\":\"search_term_string\"}}],\"inLanguage\":\"es\"},{\"@type\":\"Organization\",\"@id\":\"https:\\\/\\\/bibliotecavigil.org.ar\\\/inicio\\\/#organization\",\"name\":\"Biblioteca Popular C.C.Vigil\",\"url\":\"https:\\\/\\\/bibliotecavigil.org.ar\\\/inicio\\\/\",\"logo\":{\"@type\":\"ImageObject\",\"inLanguage\":\"es\",\"@id\":\"https:\\\/\\\/bibliotecavigil.org.ar\\\/inicio\\\/#\\\/schema\\\/logo\\\/image\\\/\",\"url\":\"https:\\\/\\\/bibliotecavigil.org.ar\\\/inicio\\\/wp-content\\\/uploads\\\/2023\\\/06\\\/Logo-sin-texto-gif.gif\",\"contentUrl\":\"https:\\\/\\\/bibliotecavigil.org.ar\\\/inicio\\\/wp-content\\\/uploads\\\/2023\\\/06\\\/Logo-sin-texto-gif.gif\",\"width\":1487,\"height\":1604,\"caption\":\"Biblioteca Popular C.C.Vigil\"},\"image\":{\"@id\":\"https:\\\/\\\/bibliotecavigil.org.ar\\\/inicio\\\/#\\\/schema\\\/logo\\\/image\\\/\"}},{\"@type\":\"Person\",\"@id\":\"https:\\\/\\\/bibliotecavigil.org.ar\\\/inicio\\\/#\\\/schema\\\/person\\\/98530bc117d5fa50c5dc01b4fd8d3700\",\"name\":\"Biblioteca Vigil\",\"image\":{\"@type\":\"ImageObject\",\"inLanguage\":\"es\",\"@id\":\"https:\\\/\\\/secure.gravatar.com\\\/avatar\\\/a96b6054dc4c80cde596e2c3f42d23e4f769e395116bf277fb508315b9d8a5c5?s=96&d=mm&r=g\",\"url\":\"https:\\\/\\\/secure.gravatar.com\\\/avatar\\\/a96b6054dc4c80cde596e2c3f42d23e4f769e395116bf277fb508315b9d8a5c5?s=96&d=mm&r=g\",\"contentUrl\":\"https:\\\/\\\/secure.gravatar.com\\\/avatar\\\/a96b6054dc4c80cde596e2c3f42d23e4f769e395116bf277fb508315b9d8a5c5?s=96&d=mm&r=g\",\"caption\":\"Biblioteca Vigil\"},\"url\":\"https:\\\/\\\/bibliotecavigil.org.ar\\\/inicio\\\/author\\\/comunicacion\\\/\"}]}<\/script>\n<!-- \/ Yoast SEO plugin. -->","yoast_head_json":{"title":"Semana de la Memoria 2024 - Biblioteca Vigil","robots":{"index":"index","follow":"follow","max-snippet":"max-snippet:-1","max-image-preview":"max-image-preview:large","max-video-preview":"max-video-preview:-1"},"canonical":"https:\/\/bibliotecavigil.org.ar\/inicio\/semana-de-la-memoria-2024\/","og_locale":"es_ES","og_type":"article","og_title":"Semana de la Memoria 2024 - Biblioteca Vigil","og_description":"Cada 24 de marzo, desde nuestro lugar en el mundo, Tablada, Rosario, Santa Fe, Argentina, ponemos todo lo que est\u00e1 a nuestro alcance para ejercitar la Memoria y que tanto dolor se convierta en alegr\u00eda. En La Vigil, Sitio de memoria del terrorismo de Estado, que el genocidio cultural perpetrado por la dictadura c\u00edvico-militar mediante [&hellip;]","og_url":"https:\/\/bibliotecavigil.org.ar\/inicio\/semana-de-la-memoria-2024\/","og_site_name":"Biblioteca Vigil","article_published_time":"2024-03-15T18:54:40+00:00","article_modified_time":"2024-03-18T17:39:20+00:00","og_image":[{"width":1232,"height":1281,"url":"https:\/\/bibliotecavigil.org.ar\/inicio\/wp-content\/uploads\/2024\/03\/MEMORIA-WEB.jpeg","type":"image\/jpeg"}],"author":"Biblioteca Vigil","twitter_card":"summary_large_image","twitter_misc":{"Escrito por":"Biblioteca Vigil","Tiempo de lectura":"4 minutos"},"schema":{"@context":"https:\/\/schema.org","@graph":[{"@type":"Article","@id":"https:\/\/bibliotecavigil.org.ar\/inicio\/semana-de-la-memoria-2024\/#article","isPartOf":{"@id":"https:\/\/bibliotecavigil.org.ar\/inicio\/semana-de-la-memoria-2024\/"},"author":{"name":"Biblioteca Vigil","@id":"https:\/\/bibliotecavigil.org.ar\/inicio\/#\/schema\/person\/98530bc117d5fa50c5dc01b4fd8d3700"},"headline":"Semana de la Memoria 2024","datePublished":"2024-03-15T18:54:40+00:00","dateModified":"2024-03-18T17:39:20+00:00","mainEntityOfPage":{"@id":"https:\/\/bibliotecavigil.org.ar\/inicio\/semana-de-la-memoria-2024\/"},"wordCount":775,"commentCount":0,"publisher":{"@id":"https:\/\/bibliotecavigil.org.ar\/inicio\/#organization"},"image":{"@id":"https:\/\/bibliotecavigil.org.ar\/inicio\/semana-de-la-memoria-2024\/#primaryimage"},"thumbnailUrl":"https:\/\/bibliotecavigil.org.ar\/inicio\/wp-content\/uploads\/2024\/03\/MEMORIA-WEB.jpeg","keywords":["justicia","MARCHA","memoria","semana","verdad"],"articleSection":["Noticias"],"inLanguage":"es","potentialAction":[{"@type":"CommentAction","name":"Comment","target":["https:\/\/bibliotecavigil.org.ar\/inicio\/semana-de-la-memoria-2024\/#respond"]}]},{"@type":"WebPage","@id":"https:\/\/bibliotecavigil.org.ar\/inicio\/semana-de-la-memoria-2024\/","url":"https:\/\/bibliotecavigil.org.ar\/inicio\/semana-de-la-memoria-2024\/","name":"Semana de la Memoria 2024 - Biblioteca Vigil","isPartOf":{"@id":"https:\/\/bibliotecavigil.org.ar\/inicio\/#website"},"primaryImageOfPage":{"@id":"https:\/\/bibliotecavigil.org.ar\/inicio\/semana-de-la-memoria-2024\/#primaryimage"},"image":{"@id":"https:\/\/bibliotecavigil.org.ar\/inicio\/semana-de-la-memoria-2024\/#primaryimage"},"thumbnailUrl":"https:\/\/bibliotecavigil.org.ar\/inicio\/wp-content\/uploads\/2024\/03\/MEMORIA-WEB.jpeg","datePublished":"2024-03-15T18:54:40+00:00","dateModified":"2024-03-18T17:39:20+00:00","breadcrumb":{"@id":"https:\/\/bibliotecavigil.org.ar\/inicio\/semana-de-la-memoria-2024\/#breadcrumb"},"inLanguage":"es","potentialAction":[{"@type":"ReadAction","target":["https:\/\/bibliotecavigil.org.ar\/inicio\/semana-de-la-memoria-2024\/"]}]},{"@type":"ImageObject","inLanguage":"es","@id":"https:\/\/bibliotecavigil.org.ar\/inicio\/semana-de-la-memoria-2024\/#primaryimage","url":"https:\/\/bibliotecavigil.org.ar\/inicio\/wp-content\/uploads\/2024\/03\/MEMORIA-WEB.jpeg","contentUrl":"https:\/\/bibliotecavigil.org.ar\/inicio\/wp-content\/uploads\/2024\/03\/MEMORIA-WEB.jpeg","width":1232,"height":1281},{"@type":"BreadcrumbList","@id":"https:\/\/bibliotecavigil.org.ar\/inicio\/semana-de-la-memoria-2024\/#breadcrumb","itemListElement":[{"@type":"ListItem","position":1,"name":"Portada","item":"https:\/\/bibliotecavigil.org.ar\/inicio\/"},{"@type":"ListItem","position":2,"name":"Semana de la Memoria 2024"}]},{"@type":"WebSite","@id":"https:\/\/bibliotecavigil.org.ar\/inicio\/#website","url":"https:\/\/bibliotecavigil.org.ar\/inicio\/","name":"Biblioteca Vigil","description":"Biblioteca Popular C C Vigil","publisher":{"@id":"https:\/\/bibliotecavigil.org.ar\/inicio\/#organization"},"potentialAction":[{"@type":"SearchAction","target":{"@type":"EntryPoint","urlTemplate":"https:\/\/bibliotecavigil.org.ar\/inicio\/?s={search_term_string}"},"query-input":{"@type":"PropertyValueSpecification","valueRequired":true,"valueName":"search_term_string"}}],"inLanguage":"es"},{"@type":"Organization","@id":"https:\/\/bibliotecavigil.org.ar\/inicio\/#organization","name":"Biblioteca Popular C.C.Vigil","url":"https:\/\/bibliotecavigil.org.ar\/inicio\/","logo":{"@type":"ImageObject","inLanguage":"es","@id":"https:\/\/bibliotecavigil.org.ar\/inicio\/#\/schema\/logo\/image\/","url":"https:\/\/bibliotecavigil.org.ar\/inicio\/wp-content\/uploads\/2023\/06\/Logo-sin-texto-gif.gif","contentUrl":"https:\/\/bibliotecavigil.org.ar\/inicio\/wp-content\/uploads\/2023\/06\/Logo-sin-texto-gif.gif","width":1487,"height":1604,"caption":"Biblioteca Popular C.C.Vigil"},"image":{"@id":"https:\/\/bibliotecavigil.org.ar\/inicio\/#\/schema\/logo\/image\/"}},{"@type":"Person","@id":"https:\/\/bibliotecavigil.org.ar\/inicio\/#\/schema\/person\/98530bc117d5fa50c5dc01b4fd8d3700","name":"Biblioteca Vigil","image":{"@type":"ImageObject","inLanguage":"es","@id":"https:\/\/secure.gravatar.com\/avatar\/a96b6054dc4c80cde596e2c3f42d23e4f769e395116bf277fb508315b9d8a5c5?s=96&d=mm&r=g","url":"https:\/\/secure.gravatar.com\/avatar\/a96b6054dc4c80cde596e2c3f42d23e4f769e395116bf277fb508315b9d8a5c5?s=96&d=mm&r=g","contentUrl":"https:\/\/secure.gravatar.com\/avatar\/a96b6054dc4c80cde596e2c3f42d23e4f769e395116bf277fb508315b9d8a5c5?s=96&d=mm&r=g","caption":"Biblioteca Vigil"},"url":"https:\/\/bibliotecavigil.org.ar\/inicio\/author\/comunicacion\/"}]}},"_links":{"self":[{"href":"https:\/\/bibliotecavigil.org.ar\/inicio\/wp-json\/wp\/v2\/posts\/32367","targetHints":{"allow":["GET"]}}],"collection":[{"href":"https:\/\/bibliotecavigil.org.ar\/inicio\/wp-json\/wp\/v2\/posts"}],"about":[{"href":"https:\/\/bibliotecavigil.org.ar\/inicio\/wp-json\/wp\/v2\/types\/post"}],"author":[{"embeddable":true,"href":"https:\/\/bibliotecavigil.org.ar\/inicio\/wp-json\/wp\/v2\/users\/3"}],"replies":[{"embeddable":true,"href":"https:\/\/bibliotecavigil.org.ar\/inicio\/wp-json\/wp\/v2\/comments?post=32367"}],"version-history":[{"count":2,"href":"https:\/\/bibliotecavigil.org.ar\/inicio\/wp-json\/wp\/v2\/posts\/32367\/revisions"}],"predecessor-version":[{"id":32380,"href":"https:\/\/bibliotecavigil.org.ar\/inicio\/wp-json\/wp\/v2\/posts\/32367\/revisions\/32380"}],"wp:featuredmedia":[{"embeddable":true,"href":"https:\/\/bibliotecavigil.org.ar\/inicio\/wp-json\/wp\/v2\/media\/32369"}],"wp:attachment":[{"href":"https:\/\/bibliotecavigil.org.ar\/inicio\/wp-json\/wp\/v2\/media?parent=32367"}],"wp:term":[{"taxonomy":"category","embeddable":true,"href":"https:\/\/bibliotecavigil.org.ar\/inicio\/wp-json\/wp\/v2\/categories?post=32367"},{"taxonomy":"post_tag","embeddable":true,"href":"https:\/\/bibliotecavigil.org.ar\/inicio\/wp-json\/wp\/v2\/tags?post=32367"}],"curies":[{"name":"wp","href":"https:\/\/api.w.org\/{rel}","templated":true}]}}