{"id":32397,"date":"2024-04-08T19:36:28","date_gmt":"2024-04-08T22:36:28","guid":{"rendered":"https:\/\/bibliotecavigil.org.ar\/inicio\/?p=32397"},"modified":"2024-04-08T19:36:30","modified_gmt":"2024-04-08T22:36:30","slug":"decima-temporada-del-teatro-vigil","status":"publish","type":"post","link":"https:\/\/bibliotecavigil.org.ar\/inicio\/decima-temporada-del-teatro-vigil\/","title":{"rendered":"D\u00e9cima Temporada del Teatro Vigil"},"content":{"rendered":"\n<p><strong>PUGLIESE, PUGLIESE, PUGLIESE \u2013 #DECIMA #TEMPORADA 1&#xfe0f;&#x20e3;0&#xfe0f;&#x20e3;<\/strong><\/p>\n\n\n\n<p>10 a\u00f1os de bambalinas, escenas, tramoyas, luces, voces, gestos, reconstrucci\u00f3n y continuidad. Lucha y resistencia.<br>El teatro es lo nuestro. El teatro es comunidad.<br>Por eso, a la recesi\u00f3n le gritamos \u00a1Teatro y Cultura Popular! &#x1f3ad;<\/p>\n\n\n\n<p>&#x2728;Con mucha alegr\u00eda inauguramos la d\u00e9cima temporada del <em>Teatro Vigil<\/em><br>Te dejamos la cartelera de ABRIL para que vayas agendando. &#x1f4c5;&#x1f58a;&#xfe0f;<\/p>\n\n\n\n<p><strong>\u25ba 13\/4 20.30h \u201cCenizas en las manos\u201d.<\/strong><br>Dos sepultureros viven y trabajan al borde de una fosa desde donde emerge una mujer que lleg\u00f3 viva a su propio entierro. Lo tr\u00e1gico se entremezcla con lo cotidiano generando un clima donde solo lo absurdo y lo caricaturesco pueden hacer frente a la crudeza del dolor, el abandono, lo irracional, lo injusto. A veces es mejor dejar la conciencia de lado y re\u00edr, para tratar de adaptarse a la oscuridad y de a poco salir a la luz. Cenizas en las manos es una comedia oscura que explora el difuso l\u00edmite entre la vida y la muerte.<br>Act\u00faan: Claudia Sim\u00f3n, Nicol\u00e1s Terzaghi, Patricio Pietri. Direcci\u00f3n: Fran Alonso<br><strong>\u25ac Gratis para socixs de La Vigil <\/strong>\/ $4000 no socixs. Entradas disponibles para retirar o comprar a partir del lunes 8\/4 en Gaboto 450, de lunes a viernes de 14 a 20h.<\/p>\n\n\n\n<p><strong>\u25ba 27\/4 20.30h \u201cNeva\u201d de Guillermo Calder\u00f3n<\/strong><br>Dos actrices, un actor, una obra, un ensayo\u2026una peque\u00f1a revoluci\u00f3n. Rusia 1905, mientras se ensaya El Jard\u00edn de los Cerezos de Ant\u00f3n Chejov se mezclan en la escena tres mundos en estrecha relaci\u00f3n, de esas relaciones que nos da el teatro, extremas, necesarias. Masha y Aleko actores de la compa\u00f1\u00eda asisten a Olga, viuda de Ant\u00f3n Chejov, en su deseo de recuperar las formas perdidas. Complicidades, traiciones, realidades y ficciones se cruzan en un juego que finalmente es excusa para contarnos, para intentar decir.<br>Act\u00faan: Claudia Capella, Nora Silva y Rodrigo Fr\u00edas. Direcci\u00f3n: Gabriel Romanelli.<br><strong>\u25ac Gratis para socixs de La Vigil,<\/strong> se retiran a partir del lunes 8 en Gaboto 450, de lunes a viernes de 14 a 20 h. \/ $4000 no socixs. Reserva y compra de entradas al n\u00famero 3451770794 (Gabriel).<\/p>\n\n\n\n<p>Bienvenidxs nuevamente a la Saulo, el Teatro de La Vigil <\/p>\n\n\n\n<p><\/p>\n\n\n\n<figure class=\"wp-block-image size-large\"><a href=\"https:\/\/bibliotecavigil.org.ar\/inicio\/wp-content\/uploads\/2024\/04\/WhatsApp-Image-2024-04-08-at-19.22.49-2.jpeg\"><img decoding=\"async\" width=\"724\" height=\"1024\" data-src=\"https:\/\/bibliotecavigil.org.ar\/inicio\/wp-content\/uploads\/2024\/04\/WhatsApp-Image-2024-04-08-at-19.22.49-2-724x1024.jpeg\" alt=\"\" class=\"wp-image-32398 lazyload\" src=\"data:image\/svg+xml;base64,PHN2ZyB3aWR0aD0iMSIgaGVpZ2h0PSIxIiB4bWxucz0iaHR0cDovL3d3dy53My5vcmcvMjAwMC9zdmciPjwvc3ZnPg==\" style=\"--smush-placeholder-width: 724px; --smush-placeholder-aspect-ratio: 724\/1024;\" \/><\/a><\/figure>\n\n\n\n<figure class=\"wp-block-image size-large\"><a href=\"https:\/\/bibliotecavigil.org.ar\/inicio\/wp-content\/uploads\/2024\/04\/WhatsApp-Image-2024-04-08-at-19.22.49-1.jpeg\"><img decoding=\"async\" width=\"724\" height=\"1024\" data-src=\"https:\/\/bibliotecavigil.org.ar\/inicio\/wp-content\/uploads\/2024\/04\/WhatsApp-Image-2024-04-08-at-19.22.49-1-724x1024.jpeg\" alt=\"\" class=\"wp-image-32399 lazyload\" src=\"data:image\/svg+xml;base64,PHN2ZyB3aWR0aD0iMSIgaGVpZ2h0PSIxIiB4bWxucz0iaHR0cDovL3d3dy53My5vcmcvMjAwMC9zdmciPjwvc3ZnPg==\" style=\"--smush-placeholder-width: 724px; --smush-placeholder-aspect-ratio: 724\/1024;\" \/><\/a><\/figure>\n","protected":false},"excerpt":{"rendered":"<p>PUGLIESE, PUGLIESE, PUGLIESE \u2013 #DECIMA #TEMPORADA 1&#xfe0f;&#x20e3;0&#xfe0f;&#x20e3; 10 a\u00f1os de bambalinas, escenas, tramoyas, luces, voces, gestos, reconstrucci\u00f3n y continuidad. Lucha y resistencia.El teatro es lo nuestro. El teatro es comunidad.Por eso, a la recesi\u00f3n le gritamos \u00a1Teatro y Cultura Popular! &#x1f3ad; &#x2728;Con mucha alegr\u00eda inauguramos la d\u00e9cima temporada del Teatro VigilTe dejamos la cartelera de [&hellip;]<\/p>\n","protected":false},"author":3,"featured_media":32400,"comment_status":"open","ping_status":"closed","sticky":false,"template":"","format":"standard","meta":{"_et_pb_use_builder":"off","_et_pb_old_content":"","_et_gb_content_width":"1920","footnotes":""},"categories":[16],"tags":[596,598,118],"class_list":["post-32397","post","type-post","status-publish","format-standard","has-post-thumbnail","hentry","category-noticias","tag-cenizas","tag-neva","tag-teatro"],"yoast_head":"<!-- This site is optimized with the Yoast SEO plugin v27.3 - https:\/\/yoast.com\/product\/yoast-seo-wordpress\/ -->\n<title>D\u00e9cima Temporada del Teatro Vigil - Biblioteca Vigil<\/title>\n<meta name=\"robots\" content=\"index, follow, max-snippet:-1, max-image-preview:large, max-video-preview:-1\" \/>\n<link rel=\"canonical\" href=\"https:\/\/bibliotecavigil.org.ar\/inicio\/decima-temporada-del-teatro-vigil\/\" \/>\n<meta property=\"og:locale\" content=\"es_ES\" \/>\n<meta property=\"og:type\" content=\"article\" \/>\n<meta property=\"og:title\" content=\"D\u00e9cima Temporada del Teatro Vigil - Biblioteca Vigil\" \/>\n<meta property=\"og:description\" content=\"PUGLIESE, PUGLIESE, PUGLIESE \u2013 #DECIMA #TEMPORADA 1&#xfe0f;&#x20e3;0&#xfe0f;&#x20e3; 10 a\u00f1os de bambalinas, escenas, tramoyas, luces, voces, gestos, reconstrucci\u00f3n y continuidad. Lucha y resistencia.El teatro es lo nuestro. El teatro es comunidad.Por eso, a la recesi\u00f3n le gritamos \u00a1Teatro y Cultura Popular! &#x1f3ad; &#x2728;Con mucha alegr\u00eda inauguramos la d\u00e9cima temporada del Teatro VigilTe dejamos la cartelera de [&hellip;]\" \/>\n<meta property=\"og:url\" content=\"https:\/\/bibliotecavigil.org.ar\/inicio\/decima-temporada-del-teatro-vigil\/\" \/>\n<meta property=\"og:site_name\" content=\"Biblioteca Vigil\" \/>\n<meta property=\"article:published_time\" content=\"2024-04-08T22:36:28+00:00\" \/>\n<meta property=\"article:modified_time\" content=\"2024-04-08T22:36:30+00:00\" \/>\n<meta property=\"og:image\" content=\"https:\/\/bibliotecavigil.org.ar\/inicio\/wp-content\/uploads\/2024\/04\/Agenda-2024_WEB.jpg\" \/>\n\t<meta property=\"og:image:width\" content=\"1586\" \/>\n\t<meta property=\"og:image:height\" content=\"996\" \/>\n\t<meta property=\"og:image:type\" content=\"image\/jpeg\" \/>\n<meta name=\"author\" content=\"Biblioteca Vigil\" \/>\n<meta name=\"twitter:card\" content=\"summary_large_image\" \/>\n<meta name=\"twitter:label1\" content=\"Escrito por\" \/>\n\t<meta name=\"twitter:data1\" content=\"Biblioteca Vigil\" \/>\n\t<meta name=\"twitter:label2\" content=\"Tiempo de lectura\" \/>\n\t<meta name=\"twitter:data2\" content=\"3 minutos\" \/>\n<script type=\"application\/ld+json\" class=\"yoast-schema-graph\">{\"@context\":\"https:\\\/\\\/schema.org\",\"@graph\":[{\"@type\":\"Article\",\"@id\":\"https:\\\/\\\/bibliotecavigil.org.ar\\\/inicio\\\/decima-temporada-del-teatro-vigil\\\/#article\",\"isPartOf\":{\"@id\":\"https:\\\/\\\/bibliotecavigil.org.ar\\\/inicio\\\/decima-temporada-del-teatro-vigil\\\/\"},\"author\":{\"name\":\"Biblioteca Vigil\",\"@id\":\"https:\\\/\\\/bibliotecavigil.org.ar\\\/inicio\\\/#\\\/schema\\\/person\\\/98530bc117d5fa50c5dc01b4fd8d3700\"},\"headline\":\"D\u00e9cima Temporada del Teatro Vigil\",\"datePublished\":\"2024-04-08T22:36:28+00:00\",\"dateModified\":\"2024-04-08T22:36:30+00:00\",\"mainEntityOfPage\":{\"@id\":\"https:\\\/\\\/bibliotecavigil.org.ar\\\/inicio\\\/decima-temporada-del-teatro-vigil\\\/\"},\"wordCount\":390,\"commentCount\":0,\"publisher\":{\"@id\":\"https:\\\/\\\/bibliotecavigil.org.ar\\\/inicio\\\/#organization\"},\"image\":{\"@id\":\"https:\\\/\\\/bibliotecavigil.org.ar\\\/inicio\\\/decima-temporada-del-teatro-vigil\\\/#primaryimage\"},\"thumbnailUrl\":\"https:\\\/\\\/bibliotecavigil.org.ar\\\/inicio\\\/wp-content\\\/uploads\\\/2024\\\/04\\\/Agenda-2024_WEB.jpg\",\"keywords\":[\"cenizas\",\"neva\",\"teatro\"],\"articleSection\":[\"Noticias\"],\"inLanguage\":\"es\",\"potentialAction\":[{\"@type\":\"CommentAction\",\"name\":\"Comment\",\"target\":[\"https:\\\/\\\/bibliotecavigil.org.ar\\\/inicio\\\/decima-temporada-del-teatro-vigil\\\/#respond\"]}]},{\"@type\":\"WebPage\",\"@id\":\"https:\\\/\\\/bibliotecavigil.org.ar\\\/inicio\\\/decima-temporada-del-teatro-vigil\\\/\",\"url\":\"https:\\\/\\\/bibliotecavigil.org.ar\\\/inicio\\\/decima-temporada-del-teatro-vigil\\\/\",\"name\":\"D\u00e9cima Temporada del Teatro Vigil - Biblioteca Vigil\",\"isPartOf\":{\"@id\":\"https:\\\/\\\/bibliotecavigil.org.ar\\\/inicio\\\/#website\"},\"primaryImageOfPage\":{\"@id\":\"https:\\\/\\\/bibliotecavigil.org.ar\\\/inicio\\\/decima-temporada-del-teatro-vigil\\\/#primaryimage\"},\"image\":{\"@id\":\"https:\\\/\\\/bibliotecavigil.org.ar\\\/inicio\\\/decima-temporada-del-teatro-vigil\\\/#primaryimage\"},\"thumbnailUrl\":\"https:\\\/\\\/bibliotecavigil.org.ar\\\/inicio\\\/wp-content\\\/uploads\\\/2024\\\/04\\\/Agenda-2024_WEB.jpg\",\"datePublished\":\"2024-04-08T22:36:28+00:00\",\"dateModified\":\"2024-04-08T22:36:30+00:00\",\"breadcrumb\":{\"@id\":\"https:\\\/\\\/bibliotecavigil.org.ar\\\/inicio\\\/decima-temporada-del-teatro-vigil\\\/#breadcrumb\"},\"inLanguage\":\"es\",\"potentialAction\":[{\"@type\":\"ReadAction\",\"target\":[\"https:\\\/\\\/bibliotecavigil.org.ar\\\/inicio\\\/decima-temporada-del-teatro-vigil\\\/\"]}]},{\"@type\":\"ImageObject\",\"inLanguage\":\"es\",\"@id\":\"https:\\\/\\\/bibliotecavigil.org.ar\\\/inicio\\\/decima-temporada-del-teatro-vigil\\\/#primaryimage\",\"url\":\"https:\\\/\\\/bibliotecavigil.org.ar\\\/inicio\\\/wp-content\\\/uploads\\\/2024\\\/04\\\/Agenda-2024_WEB.jpg\",\"contentUrl\":\"https:\\\/\\\/bibliotecavigil.org.ar\\\/inicio\\\/wp-content\\\/uploads\\\/2024\\\/04\\\/Agenda-2024_WEB.jpg\",\"width\":1586,\"height\":996},{\"@type\":\"BreadcrumbList\",\"@id\":\"https:\\\/\\\/bibliotecavigil.org.ar\\\/inicio\\\/decima-temporada-del-teatro-vigil\\\/#breadcrumb\",\"itemListElement\":[{\"@type\":\"ListItem\",\"position\":1,\"name\":\"Portada\",\"item\":\"https:\\\/\\\/bibliotecavigil.org.ar\\\/inicio\\\/\"},{\"@type\":\"ListItem\",\"position\":2,\"name\":\"D\u00e9cima Temporada del Teatro Vigil\"}]},{\"@type\":\"WebSite\",\"@id\":\"https:\\\/\\\/bibliotecavigil.org.ar\\\/inicio\\\/#website\",\"url\":\"https:\\\/\\\/bibliotecavigil.org.ar\\\/inicio\\\/\",\"name\":\"Biblioteca Vigil\",\"description\":\"Biblioteca Popular C C Vigil\",\"publisher\":{\"@id\":\"https:\\\/\\\/bibliotecavigil.org.ar\\\/inicio\\\/#organization\"},\"potentialAction\":[{\"@type\":\"SearchAction\",\"target\":{\"@type\":\"EntryPoint\",\"urlTemplate\":\"https:\\\/\\\/bibliotecavigil.org.ar\\\/inicio\\\/?s={search_term_string}\"},\"query-input\":{\"@type\":\"PropertyValueSpecification\",\"valueRequired\":true,\"valueName\":\"search_term_string\"}}],\"inLanguage\":\"es\"},{\"@type\":\"Organization\",\"@id\":\"https:\\\/\\\/bibliotecavigil.org.ar\\\/inicio\\\/#organization\",\"name\":\"Biblioteca Popular C.C.Vigil\",\"url\":\"https:\\\/\\\/bibliotecavigil.org.ar\\\/inicio\\\/\",\"logo\":{\"@type\":\"ImageObject\",\"inLanguage\":\"es\",\"@id\":\"https:\\\/\\\/bibliotecavigil.org.ar\\\/inicio\\\/#\\\/schema\\\/logo\\\/image\\\/\",\"url\":\"https:\\\/\\\/bibliotecavigil.org.ar\\\/inicio\\\/wp-content\\\/uploads\\\/2023\\\/06\\\/Logo-sin-texto-gif.gif\",\"contentUrl\":\"https:\\\/\\\/bibliotecavigil.org.ar\\\/inicio\\\/wp-content\\\/uploads\\\/2023\\\/06\\\/Logo-sin-texto-gif.gif\",\"width\":1487,\"height\":1604,\"caption\":\"Biblioteca Popular C.C.Vigil\"},\"image\":{\"@id\":\"https:\\\/\\\/bibliotecavigil.org.ar\\\/inicio\\\/#\\\/schema\\\/logo\\\/image\\\/\"}},{\"@type\":\"Person\",\"@id\":\"https:\\\/\\\/bibliotecavigil.org.ar\\\/inicio\\\/#\\\/schema\\\/person\\\/98530bc117d5fa50c5dc01b4fd8d3700\",\"name\":\"Biblioteca Vigil\",\"image\":{\"@type\":\"ImageObject\",\"inLanguage\":\"es\",\"@id\":\"https:\\\/\\\/secure.gravatar.com\\\/avatar\\\/a96b6054dc4c80cde596e2c3f42d23e4f769e395116bf277fb508315b9d8a5c5?s=96&d=mm&r=g\",\"url\":\"https:\\\/\\\/secure.gravatar.com\\\/avatar\\\/a96b6054dc4c80cde596e2c3f42d23e4f769e395116bf277fb508315b9d8a5c5?s=96&d=mm&r=g\",\"contentUrl\":\"https:\\\/\\\/secure.gravatar.com\\\/avatar\\\/a96b6054dc4c80cde596e2c3f42d23e4f769e395116bf277fb508315b9d8a5c5?s=96&d=mm&r=g\",\"caption\":\"Biblioteca Vigil\"},\"url\":\"https:\\\/\\\/bibliotecavigil.org.ar\\\/inicio\\\/author\\\/comunicacion\\\/\"}]}<\/script>\n<!-- \/ Yoast SEO plugin. -->","yoast_head_json":{"title":"D\u00e9cima Temporada del Teatro Vigil - Biblioteca Vigil","robots":{"index":"index","follow":"follow","max-snippet":"max-snippet:-1","max-image-preview":"max-image-preview:large","max-video-preview":"max-video-preview:-1"},"canonical":"https:\/\/bibliotecavigil.org.ar\/inicio\/decima-temporada-del-teatro-vigil\/","og_locale":"es_ES","og_type":"article","og_title":"D\u00e9cima Temporada del Teatro Vigil - Biblioteca Vigil","og_description":"PUGLIESE, PUGLIESE, PUGLIESE \u2013 #DECIMA #TEMPORADA 1&#xfe0f;&#x20e3;0&#xfe0f;&#x20e3; 10 a\u00f1os de bambalinas, escenas, tramoyas, luces, voces, gestos, reconstrucci\u00f3n y continuidad. Lucha y resistencia.El teatro es lo nuestro. El teatro es comunidad.Por eso, a la recesi\u00f3n le gritamos \u00a1Teatro y Cultura Popular! &#x1f3ad; &#x2728;Con mucha alegr\u00eda inauguramos la d\u00e9cima temporada del Teatro VigilTe dejamos la cartelera de [&hellip;]","og_url":"https:\/\/bibliotecavigil.org.ar\/inicio\/decima-temporada-del-teatro-vigil\/","og_site_name":"Biblioteca Vigil","article_published_time":"2024-04-08T22:36:28+00:00","article_modified_time":"2024-04-08T22:36:30+00:00","og_image":[{"width":1586,"height":996,"url":"https:\/\/bibliotecavigil.org.ar\/inicio\/wp-content\/uploads\/2024\/04\/Agenda-2024_WEB.jpg","type":"image\/jpeg"}],"author":"Biblioteca Vigil","twitter_card":"summary_large_image","twitter_misc":{"Escrito por":"Biblioteca Vigil","Tiempo de lectura":"3 minutos"},"schema":{"@context":"https:\/\/schema.org","@graph":[{"@type":"Article","@id":"https:\/\/bibliotecavigil.org.ar\/inicio\/decima-temporada-del-teatro-vigil\/#article","isPartOf":{"@id":"https:\/\/bibliotecavigil.org.ar\/inicio\/decima-temporada-del-teatro-vigil\/"},"author":{"name":"Biblioteca Vigil","@id":"https:\/\/bibliotecavigil.org.ar\/inicio\/#\/schema\/person\/98530bc117d5fa50c5dc01b4fd8d3700"},"headline":"D\u00e9cima Temporada del Teatro Vigil","datePublished":"2024-04-08T22:36:28+00:00","dateModified":"2024-04-08T22:36:30+00:00","mainEntityOfPage":{"@id":"https:\/\/bibliotecavigil.org.ar\/inicio\/decima-temporada-del-teatro-vigil\/"},"wordCount":390,"commentCount":0,"publisher":{"@id":"https:\/\/bibliotecavigil.org.ar\/inicio\/#organization"},"image":{"@id":"https:\/\/bibliotecavigil.org.ar\/inicio\/decima-temporada-del-teatro-vigil\/#primaryimage"},"thumbnailUrl":"https:\/\/bibliotecavigil.org.ar\/inicio\/wp-content\/uploads\/2024\/04\/Agenda-2024_WEB.jpg","keywords":["cenizas","neva","teatro"],"articleSection":["Noticias"],"inLanguage":"es","potentialAction":[{"@type":"CommentAction","name":"Comment","target":["https:\/\/bibliotecavigil.org.ar\/inicio\/decima-temporada-del-teatro-vigil\/#respond"]}]},{"@type":"WebPage","@id":"https:\/\/bibliotecavigil.org.ar\/inicio\/decima-temporada-del-teatro-vigil\/","url":"https:\/\/bibliotecavigil.org.ar\/inicio\/decima-temporada-del-teatro-vigil\/","name":"D\u00e9cima Temporada del Teatro Vigil - Biblioteca Vigil","isPartOf":{"@id":"https:\/\/bibliotecavigil.org.ar\/inicio\/#website"},"primaryImageOfPage":{"@id":"https:\/\/bibliotecavigil.org.ar\/inicio\/decima-temporada-del-teatro-vigil\/#primaryimage"},"image":{"@id":"https:\/\/bibliotecavigil.org.ar\/inicio\/decima-temporada-del-teatro-vigil\/#primaryimage"},"thumbnailUrl":"https:\/\/bibliotecavigil.org.ar\/inicio\/wp-content\/uploads\/2024\/04\/Agenda-2024_WEB.jpg","datePublished":"2024-04-08T22:36:28+00:00","dateModified":"2024-04-08T22:36:30+00:00","breadcrumb":{"@id":"https:\/\/bibliotecavigil.org.ar\/inicio\/decima-temporada-del-teatro-vigil\/#breadcrumb"},"inLanguage":"es","potentialAction":[{"@type":"ReadAction","target":["https:\/\/bibliotecavigil.org.ar\/inicio\/decima-temporada-del-teatro-vigil\/"]}]},{"@type":"ImageObject","inLanguage":"es","@id":"https:\/\/bibliotecavigil.org.ar\/inicio\/decima-temporada-del-teatro-vigil\/#primaryimage","url":"https:\/\/bibliotecavigil.org.ar\/inicio\/wp-content\/uploads\/2024\/04\/Agenda-2024_WEB.jpg","contentUrl":"https:\/\/bibliotecavigil.org.ar\/inicio\/wp-content\/uploads\/2024\/04\/Agenda-2024_WEB.jpg","width":1586,"height":996},{"@type":"BreadcrumbList","@id":"https:\/\/bibliotecavigil.org.ar\/inicio\/decima-temporada-del-teatro-vigil\/#breadcrumb","itemListElement":[{"@type":"ListItem","position":1,"name":"Portada","item":"https:\/\/bibliotecavigil.org.ar\/inicio\/"},{"@type":"ListItem","position":2,"name":"D\u00e9cima Temporada del Teatro Vigil"}]},{"@type":"WebSite","@id":"https:\/\/bibliotecavigil.org.ar\/inicio\/#website","url":"https:\/\/bibliotecavigil.org.ar\/inicio\/","name":"Biblioteca Vigil","description":"Biblioteca Popular C C Vigil","publisher":{"@id":"https:\/\/bibliotecavigil.org.ar\/inicio\/#organization"},"potentialAction":[{"@type":"SearchAction","target":{"@type":"EntryPoint","urlTemplate":"https:\/\/bibliotecavigil.org.ar\/inicio\/?s={search_term_string}"},"query-input":{"@type":"PropertyValueSpecification","valueRequired":true,"valueName":"search_term_string"}}],"inLanguage":"es"},{"@type":"Organization","@id":"https:\/\/bibliotecavigil.org.ar\/inicio\/#organization","name":"Biblioteca Popular C.C.Vigil","url":"https:\/\/bibliotecavigil.org.ar\/inicio\/","logo":{"@type":"ImageObject","inLanguage":"es","@id":"https:\/\/bibliotecavigil.org.ar\/inicio\/#\/schema\/logo\/image\/","url":"https:\/\/bibliotecavigil.org.ar\/inicio\/wp-content\/uploads\/2023\/06\/Logo-sin-texto-gif.gif","contentUrl":"https:\/\/bibliotecavigil.org.ar\/inicio\/wp-content\/uploads\/2023\/06\/Logo-sin-texto-gif.gif","width":1487,"height":1604,"caption":"Biblioteca Popular C.C.Vigil"},"image":{"@id":"https:\/\/bibliotecavigil.org.ar\/inicio\/#\/schema\/logo\/image\/"}},{"@type":"Person","@id":"https:\/\/bibliotecavigil.org.ar\/inicio\/#\/schema\/person\/98530bc117d5fa50c5dc01b4fd8d3700","name":"Biblioteca Vigil","image":{"@type":"ImageObject","inLanguage":"es","@id":"https:\/\/secure.gravatar.com\/avatar\/a96b6054dc4c80cde596e2c3f42d23e4f769e395116bf277fb508315b9d8a5c5?s=96&d=mm&r=g","url":"https:\/\/secure.gravatar.com\/avatar\/a96b6054dc4c80cde596e2c3f42d23e4f769e395116bf277fb508315b9d8a5c5?s=96&d=mm&r=g","contentUrl":"https:\/\/secure.gravatar.com\/avatar\/a96b6054dc4c80cde596e2c3f42d23e4f769e395116bf277fb508315b9d8a5c5?s=96&d=mm&r=g","caption":"Biblioteca Vigil"},"url":"https:\/\/bibliotecavigil.org.ar\/inicio\/author\/comunicacion\/"}]}},"_links":{"self":[{"href":"https:\/\/bibliotecavigil.org.ar\/inicio\/wp-json\/wp\/v2\/posts\/32397","targetHints":{"allow":["GET"]}}],"collection":[{"href":"https:\/\/bibliotecavigil.org.ar\/inicio\/wp-json\/wp\/v2\/posts"}],"about":[{"href":"https:\/\/bibliotecavigil.org.ar\/inicio\/wp-json\/wp\/v2\/types\/post"}],"author":[{"embeddable":true,"href":"https:\/\/bibliotecavigil.org.ar\/inicio\/wp-json\/wp\/v2\/users\/3"}],"replies":[{"embeddable":true,"href":"https:\/\/bibliotecavigil.org.ar\/inicio\/wp-json\/wp\/v2\/comments?post=32397"}],"version-history":[{"count":1,"href":"https:\/\/bibliotecavigil.org.ar\/inicio\/wp-json\/wp\/v2\/posts\/32397\/revisions"}],"predecessor-version":[{"id":32401,"href":"https:\/\/bibliotecavigil.org.ar\/inicio\/wp-json\/wp\/v2\/posts\/32397\/revisions\/32401"}],"wp:featuredmedia":[{"embeddable":true,"href":"https:\/\/bibliotecavigil.org.ar\/inicio\/wp-json\/wp\/v2\/media\/32400"}],"wp:attachment":[{"href":"https:\/\/bibliotecavigil.org.ar\/inicio\/wp-json\/wp\/v2\/media?parent=32397"}],"wp:term":[{"taxonomy":"category","embeddable":true,"href":"https:\/\/bibliotecavigil.org.ar\/inicio\/wp-json\/wp\/v2\/categories?post=32397"},{"taxonomy":"post_tag","embeddable":true,"href":"https:\/\/bibliotecavigil.org.ar\/inicio\/wp-json\/wp\/v2\/tags?post=32397"}],"curies":[{"name":"wp","href":"https:\/\/api.w.org\/{rel}","templated":true}]}}