{"id":32502,"date":"2024-05-24T15:21:41","date_gmt":"2024-05-24T18:21:41","guid":{"rendered":"https:\/\/bibliotecavigil.org.ar\/inicio\/?p=32502"},"modified":"2024-05-27T15:02:19","modified_gmt":"2024-05-27T18:02:19","slug":"relanzamiento-de-el-despertar-del-yaguarete","status":"publish","type":"post","link":"https:\/\/bibliotecavigil.org.ar\/inicio\/relanzamiento-de-el-despertar-del-yaguarete\/","title":{"rendered":"Relanzamiento de El Despertar del Yaguaret\u00e9"},"content":{"rendered":"\n<p>\u201cEl yaguaret\u00e9 es el secreto de la selva,<br>su piel es un mapa del para\u00edso perdido, dicen los viejos sabios,<br>de un mundo sin dolores ni miserias.<br>Es un s\u00edmbolo de adobe, una esperanza cristalina.<br>All\u00ed va con sus pasos de nube, con su furia contenida, buscando en la noche<br>un sue\u00f1o, que siempre tarda en llegar pero que llega.\u201d<\/p>\n\n\n\n<p>\u25ba El <strong>viernes 31 de mayo a las 15h <\/strong>Marcelo Quispe nos visita para charlar sobre los poemas de su libro El despertar del yaguaret\u00e9.<br>Lxs esperamos para compartir una tarde m\u00e1gica de poes\u00eda, m\u00fasica y arte.<\/p>\n\n\n\n<p><\/p>\n\n\n\n<p><strong>Invitadxs<\/strong>:<\/p>\n\n\n\n<p>Sahumada de agradecimiento a la Pachamama a cargo de Creci y Soledad Quispe (comunidad Coya)<\/p>\n\n\n\n<p>Exposici\u00f3n del artista pl\u00e1stico Diego Greco Moreyra<\/p>\n\n\n\n<p>M\u00fasica: Mauricio Avalle y Mart\u00edn Ju\u00e1rez &#8211; Artesanos de la Verdad<\/p>\n\n\n\n<p><\/p>\n\n\n\n<figure class=\"wp-block-image size-large\"><a href=\"https:\/\/bibliotecavigil.org.ar\/inicio\/wp-content\/uploads\/2024\/05\/WhatsApp-Image-2024-05-20-at-19.24.17.jpeg\"><img decoding=\"async\" width=\"724\" height=\"1024\" data-src=\"https:\/\/bibliotecavigil.org.ar\/inicio\/wp-content\/uploads\/2024\/05\/WhatsApp-Image-2024-05-20-at-19.24.17-724x1024.jpeg\" alt=\"\" class=\"wp-image-32503 lazyload\" src=\"data:image\/svg+xml;base64,PHN2ZyB3aWR0aD0iMSIgaGVpZ2h0PSIxIiB4bWxucz0iaHR0cDovL3d3dy53My5vcmcvMjAwMC9zdmciPjwvc3ZnPg==\" style=\"--smush-placeholder-width: 724px; --smush-placeholder-aspect-ratio: 724\/1024;\" \/><\/a><\/figure>\n","protected":false},"excerpt":{"rendered":"<p>\u201cEl yaguaret\u00e9 es el secreto de la selva,su piel es un mapa del para\u00edso perdido, dicen los viejos sabios,de un mundo sin dolores ni miserias.Es un s\u00edmbolo de adobe, una esperanza cristalina.All\u00ed va con sus pasos de nube, con su furia contenida, buscando en la nocheun sue\u00f1o, que siempre tarda en llegar pero que llega.\u201d [&hellip;]<\/p>\n","protected":false},"author":3,"featured_media":32504,"comment_status":"open","ping_status":"closed","sticky":false,"template":"","format":"standard","meta":{"_et_pb_use_builder":"off","_et_pb_old_content":"","_et_gb_content_width":"1920","footnotes":""},"categories":[16],"tags":[65,635,637,634],"class_list":["post-32502","post","type-post","status-publish","format-standard","has-post-thumbnail","hentry","category-noticias","tag-biblioteca","tag-quispe","tag-relanzamiento","tag-yaguarete"],"yoast_head":"<!-- This site is optimized with the Yoast SEO plugin v27.3 - https:\/\/yoast.com\/product\/yoast-seo-wordpress\/ -->\n<title>Relanzamiento de El Despertar del Yaguaret\u00e9 - Biblioteca Vigil<\/title>\n<meta name=\"robots\" content=\"index, follow, max-snippet:-1, max-image-preview:large, max-video-preview:-1\" \/>\n<link rel=\"canonical\" href=\"https:\/\/bibliotecavigil.org.ar\/inicio\/relanzamiento-de-el-despertar-del-yaguarete\/\" \/>\n<meta property=\"og:locale\" content=\"es_ES\" \/>\n<meta property=\"og:type\" content=\"article\" \/>\n<meta property=\"og:title\" content=\"Relanzamiento de El Despertar del Yaguaret\u00e9 - Biblioteca Vigil\" \/>\n<meta property=\"og:description\" content=\"\u201cEl yaguaret\u00e9 es el secreto de la selva,su piel es un mapa del para\u00edso perdido, dicen los viejos sabios,de un mundo sin dolores ni miserias.Es un s\u00edmbolo de adobe, una esperanza cristalina.All\u00ed va con sus pasos de nube, con su furia contenida, buscando en la nocheun sue\u00f1o, que siempre tarda en llegar pero que llega.\u201d [&hellip;]\" \/>\n<meta property=\"og:url\" content=\"https:\/\/bibliotecavigil.org.ar\/inicio\/relanzamiento-de-el-despertar-del-yaguarete\/\" \/>\n<meta property=\"og:site_name\" content=\"Biblioteca Vigil\" \/>\n<meta property=\"article:published_time\" content=\"2024-05-24T18:21:41+00:00\" \/>\n<meta property=\"article:modified_time\" content=\"2024-05-27T18:02:19+00:00\" \/>\n<meta property=\"og:image\" content=\"https:\/\/bibliotecavigil.org.ar\/inicio\/wp-content\/uploads\/2024\/05\/invitacion-presentacion-libro_web.jpg\" \/>\n\t<meta property=\"og:image:width\" content=\"1586\" \/>\n\t<meta property=\"og:image:height\" content=\"996\" \/>\n\t<meta property=\"og:image:type\" content=\"image\/jpeg\" \/>\n<meta name=\"author\" content=\"Biblioteca Vigil\" \/>\n<meta name=\"twitter:card\" content=\"summary_large_image\" \/>\n<meta name=\"twitter:label1\" content=\"Escrito por\" \/>\n\t<meta name=\"twitter:data1\" content=\"Biblioteca Vigil\" \/>\n\t<meta name=\"twitter:label2\" content=\"Tiempo de lectura\" \/>\n\t<meta name=\"twitter:data2\" content=\"1 minuto\" \/>\n<script type=\"application\/ld+json\" class=\"yoast-schema-graph\">{\"@context\":\"https:\\\/\\\/schema.org\",\"@graph\":[{\"@type\":\"Article\",\"@id\":\"https:\\\/\\\/bibliotecavigil.org.ar\\\/inicio\\\/relanzamiento-de-el-despertar-del-yaguarete\\\/#article\",\"isPartOf\":{\"@id\":\"https:\\\/\\\/bibliotecavigil.org.ar\\\/inicio\\\/relanzamiento-de-el-despertar-del-yaguarete\\\/\"},\"author\":{\"name\":\"Biblioteca Vigil\",\"@id\":\"https:\\\/\\\/bibliotecavigil.org.ar\\\/inicio\\\/#\\\/schema\\\/person\\\/98530bc117d5fa50c5dc01b4fd8d3700\"},\"headline\":\"Relanzamiento de El Despertar del Yaguaret\u00e9\",\"datePublished\":\"2024-05-24T18:21:41+00:00\",\"dateModified\":\"2024-05-27T18:02:19+00:00\",\"mainEntityOfPage\":{\"@id\":\"https:\\\/\\\/bibliotecavigil.org.ar\\\/inicio\\\/relanzamiento-de-el-despertar-del-yaguarete\\\/\"},\"wordCount\":145,\"commentCount\":0,\"publisher\":{\"@id\":\"https:\\\/\\\/bibliotecavigil.org.ar\\\/inicio\\\/#organization\"},\"image\":{\"@id\":\"https:\\\/\\\/bibliotecavigil.org.ar\\\/inicio\\\/relanzamiento-de-el-despertar-del-yaguarete\\\/#primaryimage\"},\"thumbnailUrl\":\"https:\\\/\\\/bibliotecavigil.org.ar\\\/inicio\\\/wp-content\\\/uploads\\\/2024\\\/05\\\/invitacion-presentacion-libro_web.jpg\",\"keywords\":[\"biblioteca\",\"quispe\",\"relanzamiento\",\"yaguaret\u00e9\"],\"articleSection\":[\"Noticias\"],\"inLanguage\":\"es\",\"potentialAction\":[{\"@type\":\"CommentAction\",\"name\":\"Comment\",\"target\":[\"https:\\\/\\\/bibliotecavigil.org.ar\\\/inicio\\\/relanzamiento-de-el-despertar-del-yaguarete\\\/#respond\"]}]},{\"@type\":\"WebPage\",\"@id\":\"https:\\\/\\\/bibliotecavigil.org.ar\\\/inicio\\\/relanzamiento-de-el-despertar-del-yaguarete\\\/\",\"url\":\"https:\\\/\\\/bibliotecavigil.org.ar\\\/inicio\\\/relanzamiento-de-el-despertar-del-yaguarete\\\/\",\"name\":\"Relanzamiento de El Despertar del Yaguaret\u00e9 - Biblioteca Vigil\",\"isPartOf\":{\"@id\":\"https:\\\/\\\/bibliotecavigil.org.ar\\\/inicio\\\/#website\"},\"primaryImageOfPage\":{\"@id\":\"https:\\\/\\\/bibliotecavigil.org.ar\\\/inicio\\\/relanzamiento-de-el-despertar-del-yaguarete\\\/#primaryimage\"},\"image\":{\"@id\":\"https:\\\/\\\/bibliotecavigil.org.ar\\\/inicio\\\/relanzamiento-de-el-despertar-del-yaguarete\\\/#primaryimage\"},\"thumbnailUrl\":\"https:\\\/\\\/bibliotecavigil.org.ar\\\/inicio\\\/wp-content\\\/uploads\\\/2024\\\/05\\\/invitacion-presentacion-libro_web.jpg\",\"datePublished\":\"2024-05-24T18:21:41+00:00\",\"dateModified\":\"2024-05-27T18:02:19+00:00\",\"breadcrumb\":{\"@id\":\"https:\\\/\\\/bibliotecavigil.org.ar\\\/inicio\\\/relanzamiento-de-el-despertar-del-yaguarete\\\/#breadcrumb\"},\"inLanguage\":\"es\",\"potentialAction\":[{\"@type\":\"ReadAction\",\"target\":[\"https:\\\/\\\/bibliotecavigil.org.ar\\\/inicio\\\/relanzamiento-de-el-despertar-del-yaguarete\\\/\"]}]},{\"@type\":\"ImageObject\",\"inLanguage\":\"es\",\"@id\":\"https:\\\/\\\/bibliotecavigil.org.ar\\\/inicio\\\/relanzamiento-de-el-despertar-del-yaguarete\\\/#primaryimage\",\"url\":\"https:\\\/\\\/bibliotecavigil.org.ar\\\/inicio\\\/wp-content\\\/uploads\\\/2024\\\/05\\\/invitacion-presentacion-libro_web.jpg\",\"contentUrl\":\"https:\\\/\\\/bibliotecavigil.org.ar\\\/inicio\\\/wp-content\\\/uploads\\\/2024\\\/05\\\/invitacion-presentacion-libro_web.jpg\",\"width\":1586,\"height\":996},{\"@type\":\"BreadcrumbList\",\"@id\":\"https:\\\/\\\/bibliotecavigil.org.ar\\\/inicio\\\/relanzamiento-de-el-despertar-del-yaguarete\\\/#breadcrumb\",\"itemListElement\":[{\"@type\":\"ListItem\",\"position\":1,\"name\":\"Portada\",\"item\":\"https:\\\/\\\/bibliotecavigil.org.ar\\\/inicio\\\/\"},{\"@type\":\"ListItem\",\"position\":2,\"name\":\"Relanzamiento de El Despertar del Yaguaret\u00e9\"}]},{\"@type\":\"WebSite\",\"@id\":\"https:\\\/\\\/bibliotecavigil.org.ar\\\/inicio\\\/#website\",\"url\":\"https:\\\/\\\/bibliotecavigil.org.ar\\\/inicio\\\/\",\"name\":\"Biblioteca Vigil\",\"description\":\"Biblioteca Popular C C Vigil\",\"publisher\":{\"@id\":\"https:\\\/\\\/bibliotecavigil.org.ar\\\/inicio\\\/#organization\"},\"potentialAction\":[{\"@type\":\"SearchAction\",\"target\":{\"@type\":\"EntryPoint\",\"urlTemplate\":\"https:\\\/\\\/bibliotecavigil.org.ar\\\/inicio\\\/?s={search_term_string}\"},\"query-input\":{\"@type\":\"PropertyValueSpecification\",\"valueRequired\":true,\"valueName\":\"search_term_string\"}}],\"inLanguage\":\"es\"},{\"@type\":\"Organization\",\"@id\":\"https:\\\/\\\/bibliotecavigil.org.ar\\\/inicio\\\/#organization\",\"name\":\"Biblioteca Popular C.C.Vigil\",\"url\":\"https:\\\/\\\/bibliotecavigil.org.ar\\\/inicio\\\/\",\"logo\":{\"@type\":\"ImageObject\",\"inLanguage\":\"es\",\"@id\":\"https:\\\/\\\/bibliotecavigil.org.ar\\\/inicio\\\/#\\\/schema\\\/logo\\\/image\\\/\",\"url\":\"https:\\\/\\\/bibliotecavigil.org.ar\\\/inicio\\\/wp-content\\\/uploads\\\/2023\\\/06\\\/Logo-sin-texto-gif.gif\",\"contentUrl\":\"https:\\\/\\\/bibliotecavigil.org.ar\\\/inicio\\\/wp-content\\\/uploads\\\/2023\\\/06\\\/Logo-sin-texto-gif.gif\",\"width\":1487,\"height\":1604,\"caption\":\"Biblioteca Popular C.C.Vigil\"},\"image\":{\"@id\":\"https:\\\/\\\/bibliotecavigil.org.ar\\\/inicio\\\/#\\\/schema\\\/logo\\\/image\\\/\"}},{\"@type\":\"Person\",\"@id\":\"https:\\\/\\\/bibliotecavigil.org.ar\\\/inicio\\\/#\\\/schema\\\/person\\\/98530bc117d5fa50c5dc01b4fd8d3700\",\"name\":\"Biblioteca Vigil\",\"image\":{\"@type\":\"ImageObject\",\"inLanguage\":\"es\",\"@id\":\"https:\\\/\\\/secure.gravatar.com\\\/avatar\\\/a96b6054dc4c80cde596e2c3f42d23e4f769e395116bf277fb508315b9d8a5c5?s=96&d=mm&r=g\",\"url\":\"https:\\\/\\\/secure.gravatar.com\\\/avatar\\\/a96b6054dc4c80cde596e2c3f42d23e4f769e395116bf277fb508315b9d8a5c5?s=96&d=mm&r=g\",\"contentUrl\":\"https:\\\/\\\/secure.gravatar.com\\\/avatar\\\/a96b6054dc4c80cde596e2c3f42d23e4f769e395116bf277fb508315b9d8a5c5?s=96&d=mm&r=g\",\"caption\":\"Biblioteca Vigil\"},\"url\":\"https:\\\/\\\/bibliotecavigil.org.ar\\\/inicio\\\/author\\\/comunicacion\\\/\"}]}<\/script>\n<!-- \/ Yoast SEO plugin. -->","yoast_head_json":{"title":"Relanzamiento de El Despertar del Yaguaret\u00e9 - Biblioteca Vigil","robots":{"index":"index","follow":"follow","max-snippet":"max-snippet:-1","max-image-preview":"max-image-preview:large","max-video-preview":"max-video-preview:-1"},"canonical":"https:\/\/bibliotecavigil.org.ar\/inicio\/relanzamiento-de-el-despertar-del-yaguarete\/","og_locale":"es_ES","og_type":"article","og_title":"Relanzamiento de El Despertar del Yaguaret\u00e9 - Biblioteca Vigil","og_description":"\u201cEl yaguaret\u00e9 es el secreto de la selva,su piel es un mapa del para\u00edso perdido, dicen los viejos sabios,de un mundo sin dolores ni miserias.Es un s\u00edmbolo de adobe, una esperanza cristalina.All\u00ed va con sus pasos de nube, con su furia contenida, buscando en la nocheun sue\u00f1o, que siempre tarda en llegar pero que llega.\u201d [&hellip;]","og_url":"https:\/\/bibliotecavigil.org.ar\/inicio\/relanzamiento-de-el-despertar-del-yaguarete\/","og_site_name":"Biblioteca Vigil","article_published_time":"2024-05-24T18:21:41+00:00","article_modified_time":"2024-05-27T18:02:19+00:00","og_image":[{"width":1586,"height":996,"url":"https:\/\/bibliotecavigil.org.ar\/inicio\/wp-content\/uploads\/2024\/05\/invitacion-presentacion-libro_web.jpg","type":"image\/jpeg"}],"author":"Biblioteca Vigil","twitter_card":"summary_large_image","twitter_misc":{"Escrito por":"Biblioteca Vigil","Tiempo de lectura":"1 minuto"},"schema":{"@context":"https:\/\/schema.org","@graph":[{"@type":"Article","@id":"https:\/\/bibliotecavigil.org.ar\/inicio\/relanzamiento-de-el-despertar-del-yaguarete\/#article","isPartOf":{"@id":"https:\/\/bibliotecavigil.org.ar\/inicio\/relanzamiento-de-el-despertar-del-yaguarete\/"},"author":{"name":"Biblioteca Vigil","@id":"https:\/\/bibliotecavigil.org.ar\/inicio\/#\/schema\/person\/98530bc117d5fa50c5dc01b4fd8d3700"},"headline":"Relanzamiento de El Despertar del Yaguaret\u00e9","datePublished":"2024-05-24T18:21:41+00:00","dateModified":"2024-05-27T18:02:19+00:00","mainEntityOfPage":{"@id":"https:\/\/bibliotecavigil.org.ar\/inicio\/relanzamiento-de-el-despertar-del-yaguarete\/"},"wordCount":145,"commentCount":0,"publisher":{"@id":"https:\/\/bibliotecavigil.org.ar\/inicio\/#organization"},"image":{"@id":"https:\/\/bibliotecavigil.org.ar\/inicio\/relanzamiento-de-el-despertar-del-yaguarete\/#primaryimage"},"thumbnailUrl":"https:\/\/bibliotecavigil.org.ar\/inicio\/wp-content\/uploads\/2024\/05\/invitacion-presentacion-libro_web.jpg","keywords":["biblioteca","quispe","relanzamiento","yaguaret\u00e9"],"articleSection":["Noticias"],"inLanguage":"es","potentialAction":[{"@type":"CommentAction","name":"Comment","target":["https:\/\/bibliotecavigil.org.ar\/inicio\/relanzamiento-de-el-despertar-del-yaguarete\/#respond"]}]},{"@type":"WebPage","@id":"https:\/\/bibliotecavigil.org.ar\/inicio\/relanzamiento-de-el-despertar-del-yaguarete\/","url":"https:\/\/bibliotecavigil.org.ar\/inicio\/relanzamiento-de-el-despertar-del-yaguarete\/","name":"Relanzamiento de El Despertar del Yaguaret\u00e9 - Biblioteca Vigil","isPartOf":{"@id":"https:\/\/bibliotecavigil.org.ar\/inicio\/#website"},"primaryImageOfPage":{"@id":"https:\/\/bibliotecavigil.org.ar\/inicio\/relanzamiento-de-el-despertar-del-yaguarete\/#primaryimage"},"image":{"@id":"https:\/\/bibliotecavigil.org.ar\/inicio\/relanzamiento-de-el-despertar-del-yaguarete\/#primaryimage"},"thumbnailUrl":"https:\/\/bibliotecavigil.org.ar\/inicio\/wp-content\/uploads\/2024\/05\/invitacion-presentacion-libro_web.jpg","datePublished":"2024-05-24T18:21:41+00:00","dateModified":"2024-05-27T18:02:19+00:00","breadcrumb":{"@id":"https:\/\/bibliotecavigil.org.ar\/inicio\/relanzamiento-de-el-despertar-del-yaguarete\/#breadcrumb"},"inLanguage":"es","potentialAction":[{"@type":"ReadAction","target":["https:\/\/bibliotecavigil.org.ar\/inicio\/relanzamiento-de-el-despertar-del-yaguarete\/"]}]},{"@type":"ImageObject","inLanguage":"es","@id":"https:\/\/bibliotecavigil.org.ar\/inicio\/relanzamiento-de-el-despertar-del-yaguarete\/#primaryimage","url":"https:\/\/bibliotecavigil.org.ar\/inicio\/wp-content\/uploads\/2024\/05\/invitacion-presentacion-libro_web.jpg","contentUrl":"https:\/\/bibliotecavigil.org.ar\/inicio\/wp-content\/uploads\/2024\/05\/invitacion-presentacion-libro_web.jpg","width":1586,"height":996},{"@type":"BreadcrumbList","@id":"https:\/\/bibliotecavigil.org.ar\/inicio\/relanzamiento-de-el-despertar-del-yaguarete\/#breadcrumb","itemListElement":[{"@type":"ListItem","position":1,"name":"Portada","item":"https:\/\/bibliotecavigil.org.ar\/inicio\/"},{"@type":"ListItem","position":2,"name":"Relanzamiento de El Despertar del Yaguaret\u00e9"}]},{"@type":"WebSite","@id":"https:\/\/bibliotecavigil.org.ar\/inicio\/#website","url":"https:\/\/bibliotecavigil.org.ar\/inicio\/","name":"Biblioteca Vigil","description":"Biblioteca Popular C C Vigil","publisher":{"@id":"https:\/\/bibliotecavigil.org.ar\/inicio\/#organization"},"potentialAction":[{"@type":"SearchAction","target":{"@type":"EntryPoint","urlTemplate":"https:\/\/bibliotecavigil.org.ar\/inicio\/?s={search_term_string}"},"query-input":{"@type":"PropertyValueSpecification","valueRequired":true,"valueName":"search_term_string"}}],"inLanguage":"es"},{"@type":"Organization","@id":"https:\/\/bibliotecavigil.org.ar\/inicio\/#organization","name":"Biblioteca Popular C.C.Vigil","url":"https:\/\/bibliotecavigil.org.ar\/inicio\/","logo":{"@type":"ImageObject","inLanguage":"es","@id":"https:\/\/bibliotecavigil.org.ar\/inicio\/#\/schema\/logo\/image\/","url":"https:\/\/bibliotecavigil.org.ar\/inicio\/wp-content\/uploads\/2023\/06\/Logo-sin-texto-gif.gif","contentUrl":"https:\/\/bibliotecavigil.org.ar\/inicio\/wp-content\/uploads\/2023\/06\/Logo-sin-texto-gif.gif","width":1487,"height":1604,"caption":"Biblioteca Popular C.C.Vigil"},"image":{"@id":"https:\/\/bibliotecavigil.org.ar\/inicio\/#\/schema\/logo\/image\/"}},{"@type":"Person","@id":"https:\/\/bibliotecavigil.org.ar\/inicio\/#\/schema\/person\/98530bc117d5fa50c5dc01b4fd8d3700","name":"Biblioteca Vigil","image":{"@type":"ImageObject","inLanguage":"es","@id":"https:\/\/secure.gravatar.com\/avatar\/a96b6054dc4c80cde596e2c3f42d23e4f769e395116bf277fb508315b9d8a5c5?s=96&d=mm&r=g","url":"https:\/\/secure.gravatar.com\/avatar\/a96b6054dc4c80cde596e2c3f42d23e4f769e395116bf277fb508315b9d8a5c5?s=96&d=mm&r=g","contentUrl":"https:\/\/secure.gravatar.com\/avatar\/a96b6054dc4c80cde596e2c3f42d23e4f769e395116bf277fb508315b9d8a5c5?s=96&d=mm&r=g","caption":"Biblioteca Vigil"},"url":"https:\/\/bibliotecavigil.org.ar\/inicio\/author\/comunicacion\/"}]}},"_links":{"self":[{"href":"https:\/\/bibliotecavigil.org.ar\/inicio\/wp-json\/wp\/v2\/posts\/32502","targetHints":{"allow":["GET"]}}],"collection":[{"href":"https:\/\/bibliotecavigil.org.ar\/inicio\/wp-json\/wp\/v2\/posts"}],"about":[{"href":"https:\/\/bibliotecavigil.org.ar\/inicio\/wp-json\/wp\/v2\/types\/post"}],"author":[{"embeddable":true,"href":"https:\/\/bibliotecavigil.org.ar\/inicio\/wp-json\/wp\/v2\/users\/3"}],"replies":[{"embeddable":true,"href":"https:\/\/bibliotecavigil.org.ar\/inicio\/wp-json\/wp\/v2\/comments?post=32502"}],"version-history":[{"count":3,"href":"https:\/\/bibliotecavigil.org.ar\/inicio\/wp-json\/wp\/v2\/posts\/32502\/revisions"}],"predecessor-version":[{"id":32507,"href":"https:\/\/bibliotecavigil.org.ar\/inicio\/wp-json\/wp\/v2\/posts\/32502\/revisions\/32507"}],"wp:featuredmedia":[{"embeddable":true,"href":"https:\/\/bibliotecavigil.org.ar\/inicio\/wp-json\/wp\/v2\/media\/32504"}],"wp:attachment":[{"href":"https:\/\/bibliotecavigil.org.ar\/inicio\/wp-json\/wp\/v2\/media?parent=32502"}],"wp:term":[{"taxonomy":"category","embeddable":true,"href":"https:\/\/bibliotecavigil.org.ar\/inicio\/wp-json\/wp\/v2\/categories?post=32502"},{"taxonomy":"post_tag","embeddable":true,"href":"https:\/\/bibliotecavigil.org.ar\/inicio\/wp-json\/wp\/v2\/tags?post=32502"}],"curies":[{"name":"wp","href":"https:\/\/api.w.org\/{rel}","templated":true}]}}