{"id":32568,"date":"2024-07-02T17:25:18","date_gmt":"2024-07-02T20:25:18","guid":{"rendered":"https:\/\/bibliotecavigil.org.ar\/inicio\/?p=32568"},"modified":"2024-07-02T17:25:21","modified_gmt":"2024-07-02T20:25:21","slug":"vacaciones-de-invierno-en-el-teatro-vigil-3","status":"publish","type":"post","link":"https:\/\/bibliotecavigil.org.ar\/inicio\/vacaciones-de-invierno-en-el-teatro-vigil-3\/","title":{"rendered":"Vacaciones de invierno en el Teatro Vigil"},"content":{"rendered":"\n<p><strong>\u00a1Vacaciones de invierno en el Teatro Vigil!<\/strong><\/p>\n\n\n\n<p>Dos propuestas ideales para aprovechar con entrada libre y #<strong>GRATUITA <\/strong>para socixs y no socixs.<\/p>\n\n\n\n<p>\u00a1Para que todxs podamos disfrutar de la Saulo!<\/p>\n\n\n\n<p><strong>\u25ba 11\/7 17.30h Un comienzo inesperado<\/strong><\/p>\n\n\n\n<p>Chalupa Y Mojarrita en \u00abUn comienzo inesperado\u00bb piensan en esta obra destinada para el disfrute de todas las edades, combinando juegos, malabares y canciones en vivo, en un incesante ir y venir de sorpresas, risas y diversi\u00f3n. Todo lo q una payasa charlatana y un payaso distra\u00eddo pueden ofrecer con mucho entusiasmo al p\u00fablico para q viva una experiencia incre\u00edblemente graciosa.<\/p>\n\n\n\n<p><strong>\u25ba 17\/7 17.30h Como amansar a un le\u00f3n<\/strong><\/p>\n\n\n\n<p>En este espect\u00e1culo de t\u00edteres Vicky es una ni\u00f1a apasionada por los libros. Posee una incre\u00edble biblioteca llena de aventuras. Su actividad favorita es encontrarse con su querido T\u00edo Augus para sumergirse juntos en nuevas y emocionantes historias. Sin embargo, un d\u00eda un le\u00f3n furioso irrumpe en la escena, decidido a devorarlos a ellos y a los valiosos libros que tanto aman. Una historia emocionante y divertida, llena de imaginaci\u00f3n.<\/p>\n\n\n\n<p><strong>\u25ac A partir del jueves 4 pod\u00e9s retirar las entradas gratuitas en La Vigil (Gaboto 450) de lunes a viernes de 14 a 20hs.<\/strong><\/p>\n\n\n\n<p>\u00a1Nos vemos en el #Teatro!<\/p>\n\n\n\n<p>La Vigil es Cultura Popular en Movimiento<\/p>\n\n\n\n<figure class=\"wp-block-image size-large\"><a href=\"https:\/\/bibliotecavigil.org.ar\/inicio\/wp-content\/uploads\/2024\/07\/WhatsApp-Image-2024-07-02-at-17.12.10.jpeg\"><img decoding=\"async\" width=\"1009\" height=\"1024\" data-src=\"https:\/\/bibliotecavigil.org.ar\/inicio\/wp-content\/uploads\/2024\/07\/WhatsApp-Image-2024-07-02-at-17.12.10-1009x1024.jpeg\" alt=\"\" class=\"wp-image-32571 lazyload\" data-srcset=\"https:\/\/bibliotecavigil.org.ar\/inicio\/wp-content\/uploads\/2024\/07\/WhatsApp-Image-2024-07-02-at-17.12.10-980x995.jpeg 980w, https:\/\/bibliotecavigil.org.ar\/inicio\/wp-content\/uploads\/2024\/07\/WhatsApp-Image-2024-07-02-at-17.12.10-480x487.jpeg 480w\" data-sizes=\"(min-width: 0px) and (max-width: 480px) 480px, (min-width: 481px) and (max-width: 980px) 980px, (min-width: 981px) 1009px, 100vw\" src=\"data:image\/svg+xml;base64,PHN2ZyB3aWR0aD0iMSIgaGVpZ2h0PSIxIiB4bWxucz0iaHR0cDovL3d3dy53My5vcmcvMjAwMC9zdmciPjwvc3ZnPg==\" style=\"--smush-placeholder-width: 1009px; --smush-placeholder-aspect-ratio: 1009\/1024;\" \/><\/a><\/figure>\n","protected":false},"excerpt":{"rendered":"<p>\u00a1Vacaciones de invierno en el Teatro Vigil! Dos propuestas ideales para aprovechar con entrada libre y #GRATUITA para socixs y no socixs. \u00a1Para que todxs podamos disfrutar de la Saulo! \u25ba 11\/7 17.30h Un comienzo inesperado Chalupa Y Mojarrita en \u00abUn comienzo inesperado\u00bb piensan en esta obra destinada para el disfrute de todas las edades, [&hellip;]<\/p>\n","protected":false},"author":3,"featured_media":32572,"comment_status":"open","ping_status":"closed","sticky":false,"template":"","format":"standard","meta":{"_et_pb_use_builder":"off","_et_pb_old_content":"","_et_gb_content_width":"1920","footnotes":""},"categories":[16],"tags":[252,118],"class_list":["post-32568","post","type-post","status-publish","format-standard","has-post-thumbnail","hentry","category-noticias","tag-invierno","tag-teatro"],"yoast_head":"<!-- This site is optimized with the Yoast SEO plugin v27.3 - https:\/\/yoast.com\/product\/yoast-seo-wordpress\/ -->\n<title>Vacaciones de invierno en el Teatro Vigil - Biblioteca Vigil<\/title>\n<meta name=\"robots\" content=\"index, follow, max-snippet:-1, max-image-preview:large, max-video-preview:-1\" \/>\n<link rel=\"canonical\" href=\"https:\/\/bibliotecavigil.org.ar\/inicio\/vacaciones-de-invierno-en-el-teatro-vigil-3\/\" \/>\n<meta property=\"og:locale\" content=\"es_ES\" \/>\n<meta property=\"og:type\" content=\"article\" \/>\n<meta property=\"og:title\" content=\"Vacaciones de invierno en el Teatro Vigil - Biblioteca Vigil\" \/>\n<meta property=\"og:description\" content=\"\u00a1Vacaciones de invierno en el Teatro Vigil! Dos propuestas ideales para aprovechar con entrada libre y #GRATUITA para socixs y no socixs. \u00a1Para que todxs podamos disfrutar de la Saulo! \u25ba 11\/7 17.30h Un comienzo inesperado Chalupa Y Mojarrita en \u00abUn comienzo inesperado\u00bb piensan en esta obra destinada para el disfrute de todas las edades, [&hellip;]\" \/>\n<meta property=\"og:url\" content=\"https:\/\/bibliotecavigil.org.ar\/inicio\/vacaciones-de-invierno-en-el-teatro-vigil-3\/\" \/>\n<meta property=\"og:site_name\" content=\"Biblioteca Vigil\" \/>\n<meta property=\"article:published_time\" content=\"2024-07-02T20:25:18+00:00\" \/>\n<meta property=\"article:modified_time\" content=\"2024-07-02T20:25:21+00:00\" \/>\n<meta property=\"og:image\" content=\"https:\/\/bibliotecavigil.org.ar\/inicio\/wp-content\/uploads\/2024\/07\/Agenda-2024_WEB.jpg\" \/>\n\t<meta property=\"og:image:width\" content=\"1586\" \/>\n\t<meta property=\"og:image:height\" content=\"996\" \/>\n\t<meta property=\"og:image:type\" content=\"image\/jpeg\" \/>\n<meta name=\"author\" content=\"Biblioteca Vigil\" \/>\n<meta name=\"twitter:card\" content=\"summary_large_image\" \/>\n<meta name=\"twitter:label1\" content=\"Escrito por\" \/>\n\t<meta name=\"twitter:data1\" content=\"Biblioteca Vigil\" \/>\n\t<meta name=\"twitter:label2\" content=\"Tiempo de lectura\" \/>\n\t<meta name=\"twitter:data2\" content=\"2 minutos\" \/>\n<script type=\"application\/ld+json\" class=\"yoast-schema-graph\">{\"@context\":\"https:\\\/\\\/schema.org\",\"@graph\":[{\"@type\":\"Article\",\"@id\":\"https:\\\/\\\/bibliotecavigil.org.ar\\\/inicio\\\/vacaciones-de-invierno-en-el-teatro-vigil-3\\\/#article\",\"isPartOf\":{\"@id\":\"https:\\\/\\\/bibliotecavigil.org.ar\\\/inicio\\\/vacaciones-de-invierno-en-el-teatro-vigil-3\\\/\"},\"author\":{\"name\":\"Biblioteca Vigil\",\"@id\":\"https:\\\/\\\/bibliotecavigil.org.ar\\\/inicio\\\/#\\\/schema\\\/person\\\/98530bc117d5fa50c5dc01b4fd8d3700\"},\"headline\":\"Vacaciones de invierno en el Teatro Vigil\",\"datePublished\":\"2024-07-02T20:25:18+00:00\",\"dateModified\":\"2024-07-02T20:25:21+00:00\",\"mainEntityOfPage\":{\"@id\":\"https:\\\/\\\/bibliotecavigil.org.ar\\\/inicio\\\/vacaciones-de-invierno-en-el-teatro-vigil-3\\\/\"},\"wordCount\":224,\"commentCount\":0,\"publisher\":{\"@id\":\"https:\\\/\\\/bibliotecavigil.org.ar\\\/inicio\\\/#organization\"},\"image\":{\"@id\":\"https:\\\/\\\/bibliotecavigil.org.ar\\\/inicio\\\/vacaciones-de-invierno-en-el-teatro-vigil-3\\\/#primaryimage\"},\"thumbnailUrl\":\"https:\\\/\\\/bibliotecavigil.org.ar\\\/inicio\\\/wp-content\\\/uploads\\\/2024\\\/07\\\/Agenda-2024_WEB.jpg\",\"keywords\":[\"invierno\",\"teatro\"],\"articleSection\":[\"Noticias\"],\"inLanguage\":\"es\",\"potentialAction\":[{\"@type\":\"CommentAction\",\"name\":\"Comment\",\"target\":[\"https:\\\/\\\/bibliotecavigil.org.ar\\\/inicio\\\/vacaciones-de-invierno-en-el-teatro-vigil-3\\\/#respond\"]}]},{\"@type\":\"WebPage\",\"@id\":\"https:\\\/\\\/bibliotecavigil.org.ar\\\/inicio\\\/vacaciones-de-invierno-en-el-teatro-vigil-3\\\/\",\"url\":\"https:\\\/\\\/bibliotecavigil.org.ar\\\/inicio\\\/vacaciones-de-invierno-en-el-teatro-vigil-3\\\/\",\"name\":\"Vacaciones de invierno en el Teatro Vigil - Biblioteca Vigil\",\"isPartOf\":{\"@id\":\"https:\\\/\\\/bibliotecavigil.org.ar\\\/inicio\\\/#website\"},\"primaryImageOfPage\":{\"@id\":\"https:\\\/\\\/bibliotecavigil.org.ar\\\/inicio\\\/vacaciones-de-invierno-en-el-teatro-vigil-3\\\/#primaryimage\"},\"image\":{\"@id\":\"https:\\\/\\\/bibliotecavigil.org.ar\\\/inicio\\\/vacaciones-de-invierno-en-el-teatro-vigil-3\\\/#primaryimage\"},\"thumbnailUrl\":\"https:\\\/\\\/bibliotecavigil.org.ar\\\/inicio\\\/wp-content\\\/uploads\\\/2024\\\/07\\\/Agenda-2024_WEB.jpg\",\"datePublished\":\"2024-07-02T20:25:18+00:00\",\"dateModified\":\"2024-07-02T20:25:21+00:00\",\"breadcrumb\":{\"@id\":\"https:\\\/\\\/bibliotecavigil.org.ar\\\/inicio\\\/vacaciones-de-invierno-en-el-teatro-vigil-3\\\/#breadcrumb\"},\"inLanguage\":\"es\",\"potentialAction\":[{\"@type\":\"ReadAction\",\"target\":[\"https:\\\/\\\/bibliotecavigil.org.ar\\\/inicio\\\/vacaciones-de-invierno-en-el-teatro-vigil-3\\\/\"]}]},{\"@type\":\"ImageObject\",\"inLanguage\":\"es\",\"@id\":\"https:\\\/\\\/bibliotecavigil.org.ar\\\/inicio\\\/vacaciones-de-invierno-en-el-teatro-vigil-3\\\/#primaryimage\",\"url\":\"https:\\\/\\\/bibliotecavigil.org.ar\\\/inicio\\\/wp-content\\\/uploads\\\/2024\\\/07\\\/Agenda-2024_WEB.jpg\",\"contentUrl\":\"https:\\\/\\\/bibliotecavigil.org.ar\\\/inicio\\\/wp-content\\\/uploads\\\/2024\\\/07\\\/Agenda-2024_WEB.jpg\",\"width\":1586,\"height\":996},{\"@type\":\"BreadcrumbList\",\"@id\":\"https:\\\/\\\/bibliotecavigil.org.ar\\\/inicio\\\/vacaciones-de-invierno-en-el-teatro-vigil-3\\\/#breadcrumb\",\"itemListElement\":[{\"@type\":\"ListItem\",\"position\":1,\"name\":\"Portada\",\"item\":\"https:\\\/\\\/bibliotecavigil.org.ar\\\/inicio\\\/\"},{\"@type\":\"ListItem\",\"position\":2,\"name\":\"Vacaciones de invierno en el Teatro Vigil\"}]},{\"@type\":\"WebSite\",\"@id\":\"https:\\\/\\\/bibliotecavigil.org.ar\\\/inicio\\\/#website\",\"url\":\"https:\\\/\\\/bibliotecavigil.org.ar\\\/inicio\\\/\",\"name\":\"Biblioteca Vigil\",\"description\":\"Biblioteca Popular C C Vigil\",\"publisher\":{\"@id\":\"https:\\\/\\\/bibliotecavigil.org.ar\\\/inicio\\\/#organization\"},\"potentialAction\":[{\"@type\":\"SearchAction\",\"target\":{\"@type\":\"EntryPoint\",\"urlTemplate\":\"https:\\\/\\\/bibliotecavigil.org.ar\\\/inicio\\\/?s={search_term_string}\"},\"query-input\":{\"@type\":\"PropertyValueSpecification\",\"valueRequired\":true,\"valueName\":\"search_term_string\"}}],\"inLanguage\":\"es\"},{\"@type\":\"Organization\",\"@id\":\"https:\\\/\\\/bibliotecavigil.org.ar\\\/inicio\\\/#organization\",\"name\":\"Biblioteca Popular C.C.Vigil\",\"url\":\"https:\\\/\\\/bibliotecavigil.org.ar\\\/inicio\\\/\",\"logo\":{\"@type\":\"ImageObject\",\"inLanguage\":\"es\",\"@id\":\"https:\\\/\\\/bibliotecavigil.org.ar\\\/inicio\\\/#\\\/schema\\\/logo\\\/image\\\/\",\"url\":\"https:\\\/\\\/bibliotecavigil.org.ar\\\/inicio\\\/wp-content\\\/uploads\\\/2023\\\/06\\\/Logo-sin-texto-gif.gif\",\"contentUrl\":\"https:\\\/\\\/bibliotecavigil.org.ar\\\/inicio\\\/wp-content\\\/uploads\\\/2023\\\/06\\\/Logo-sin-texto-gif.gif\",\"width\":1487,\"height\":1604,\"caption\":\"Biblioteca Popular C.C.Vigil\"},\"image\":{\"@id\":\"https:\\\/\\\/bibliotecavigil.org.ar\\\/inicio\\\/#\\\/schema\\\/logo\\\/image\\\/\"}},{\"@type\":\"Person\",\"@id\":\"https:\\\/\\\/bibliotecavigil.org.ar\\\/inicio\\\/#\\\/schema\\\/person\\\/98530bc117d5fa50c5dc01b4fd8d3700\",\"name\":\"Biblioteca Vigil\",\"image\":{\"@type\":\"ImageObject\",\"inLanguage\":\"es\",\"@id\":\"https:\\\/\\\/secure.gravatar.com\\\/avatar\\\/a96b6054dc4c80cde596e2c3f42d23e4f769e395116bf277fb508315b9d8a5c5?s=96&d=mm&r=g\",\"url\":\"https:\\\/\\\/secure.gravatar.com\\\/avatar\\\/a96b6054dc4c80cde596e2c3f42d23e4f769e395116bf277fb508315b9d8a5c5?s=96&d=mm&r=g\",\"contentUrl\":\"https:\\\/\\\/secure.gravatar.com\\\/avatar\\\/a96b6054dc4c80cde596e2c3f42d23e4f769e395116bf277fb508315b9d8a5c5?s=96&d=mm&r=g\",\"caption\":\"Biblioteca Vigil\"},\"url\":\"https:\\\/\\\/bibliotecavigil.org.ar\\\/inicio\\\/author\\\/comunicacion\\\/\"}]}<\/script>\n<!-- \/ Yoast SEO plugin. -->","yoast_head_json":{"title":"Vacaciones de invierno en el Teatro Vigil - Biblioteca Vigil","robots":{"index":"index","follow":"follow","max-snippet":"max-snippet:-1","max-image-preview":"max-image-preview:large","max-video-preview":"max-video-preview:-1"},"canonical":"https:\/\/bibliotecavigil.org.ar\/inicio\/vacaciones-de-invierno-en-el-teatro-vigil-3\/","og_locale":"es_ES","og_type":"article","og_title":"Vacaciones de invierno en el Teatro Vigil - Biblioteca Vigil","og_description":"\u00a1Vacaciones de invierno en el Teatro Vigil! Dos propuestas ideales para aprovechar con entrada libre y #GRATUITA para socixs y no socixs. \u00a1Para que todxs podamos disfrutar de la Saulo! \u25ba 11\/7 17.30h Un comienzo inesperado Chalupa Y Mojarrita en \u00abUn comienzo inesperado\u00bb piensan en esta obra destinada para el disfrute de todas las edades, [&hellip;]","og_url":"https:\/\/bibliotecavigil.org.ar\/inicio\/vacaciones-de-invierno-en-el-teatro-vigil-3\/","og_site_name":"Biblioteca Vigil","article_published_time":"2024-07-02T20:25:18+00:00","article_modified_time":"2024-07-02T20:25:21+00:00","og_image":[{"width":1586,"height":996,"url":"https:\/\/bibliotecavigil.org.ar\/inicio\/wp-content\/uploads\/2024\/07\/Agenda-2024_WEB.jpg","type":"image\/jpeg"}],"author":"Biblioteca Vigil","twitter_card":"summary_large_image","twitter_misc":{"Escrito por":"Biblioteca Vigil","Tiempo de lectura":"2 minutos"},"schema":{"@context":"https:\/\/schema.org","@graph":[{"@type":"Article","@id":"https:\/\/bibliotecavigil.org.ar\/inicio\/vacaciones-de-invierno-en-el-teatro-vigil-3\/#article","isPartOf":{"@id":"https:\/\/bibliotecavigil.org.ar\/inicio\/vacaciones-de-invierno-en-el-teatro-vigil-3\/"},"author":{"name":"Biblioteca Vigil","@id":"https:\/\/bibliotecavigil.org.ar\/inicio\/#\/schema\/person\/98530bc117d5fa50c5dc01b4fd8d3700"},"headline":"Vacaciones de invierno en el Teatro Vigil","datePublished":"2024-07-02T20:25:18+00:00","dateModified":"2024-07-02T20:25:21+00:00","mainEntityOfPage":{"@id":"https:\/\/bibliotecavigil.org.ar\/inicio\/vacaciones-de-invierno-en-el-teatro-vigil-3\/"},"wordCount":224,"commentCount":0,"publisher":{"@id":"https:\/\/bibliotecavigil.org.ar\/inicio\/#organization"},"image":{"@id":"https:\/\/bibliotecavigil.org.ar\/inicio\/vacaciones-de-invierno-en-el-teatro-vigil-3\/#primaryimage"},"thumbnailUrl":"https:\/\/bibliotecavigil.org.ar\/inicio\/wp-content\/uploads\/2024\/07\/Agenda-2024_WEB.jpg","keywords":["invierno","teatro"],"articleSection":["Noticias"],"inLanguage":"es","potentialAction":[{"@type":"CommentAction","name":"Comment","target":["https:\/\/bibliotecavigil.org.ar\/inicio\/vacaciones-de-invierno-en-el-teatro-vigil-3\/#respond"]}]},{"@type":"WebPage","@id":"https:\/\/bibliotecavigil.org.ar\/inicio\/vacaciones-de-invierno-en-el-teatro-vigil-3\/","url":"https:\/\/bibliotecavigil.org.ar\/inicio\/vacaciones-de-invierno-en-el-teatro-vigil-3\/","name":"Vacaciones de invierno en el Teatro Vigil - Biblioteca Vigil","isPartOf":{"@id":"https:\/\/bibliotecavigil.org.ar\/inicio\/#website"},"primaryImageOfPage":{"@id":"https:\/\/bibliotecavigil.org.ar\/inicio\/vacaciones-de-invierno-en-el-teatro-vigil-3\/#primaryimage"},"image":{"@id":"https:\/\/bibliotecavigil.org.ar\/inicio\/vacaciones-de-invierno-en-el-teatro-vigil-3\/#primaryimage"},"thumbnailUrl":"https:\/\/bibliotecavigil.org.ar\/inicio\/wp-content\/uploads\/2024\/07\/Agenda-2024_WEB.jpg","datePublished":"2024-07-02T20:25:18+00:00","dateModified":"2024-07-02T20:25:21+00:00","breadcrumb":{"@id":"https:\/\/bibliotecavigil.org.ar\/inicio\/vacaciones-de-invierno-en-el-teatro-vigil-3\/#breadcrumb"},"inLanguage":"es","potentialAction":[{"@type":"ReadAction","target":["https:\/\/bibliotecavigil.org.ar\/inicio\/vacaciones-de-invierno-en-el-teatro-vigil-3\/"]}]},{"@type":"ImageObject","inLanguage":"es","@id":"https:\/\/bibliotecavigil.org.ar\/inicio\/vacaciones-de-invierno-en-el-teatro-vigil-3\/#primaryimage","url":"https:\/\/bibliotecavigil.org.ar\/inicio\/wp-content\/uploads\/2024\/07\/Agenda-2024_WEB.jpg","contentUrl":"https:\/\/bibliotecavigil.org.ar\/inicio\/wp-content\/uploads\/2024\/07\/Agenda-2024_WEB.jpg","width":1586,"height":996},{"@type":"BreadcrumbList","@id":"https:\/\/bibliotecavigil.org.ar\/inicio\/vacaciones-de-invierno-en-el-teatro-vigil-3\/#breadcrumb","itemListElement":[{"@type":"ListItem","position":1,"name":"Portada","item":"https:\/\/bibliotecavigil.org.ar\/inicio\/"},{"@type":"ListItem","position":2,"name":"Vacaciones de invierno en el Teatro Vigil"}]},{"@type":"WebSite","@id":"https:\/\/bibliotecavigil.org.ar\/inicio\/#website","url":"https:\/\/bibliotecavigil.org.ar\/inicio\/","name":"Biblioteca Vigil","description":"Biblioteca Popular C C Vigil","publisher":{"@id":"https:\/\/bibliotecavigil.org.ar\/inicio\/#organization"},"potentialAction":[{"@type":"SearchAction","target":{"@type":"EntryPoint","urlTemplate":"https:\/\/bibliotecavigil.org.ar\/inicio\/?s={search_term_string}"},"query-input":{"@type":"PropertyValueSpecification","valueRequired":true,"valueName":"search_term_string"}}],"inLanguage":"es"},{"@type":"Organization","@id":"https:\/\/bibliotecavigil.org.ar\/inicio\/#organization","name":"Biblioteca Popular C.C.Vigil","url":"https:\/\/bibliotecavigil.org.ar\/inicio\/","logo":{"@type":"ImageObject","inLanguage":"es","@id":"https:\/\/bibliotecavigil.org.ar\/inicio\/#\/schema\/logo\/image\/","url":"https:\/\/bibliotecavigil.org.ar\/inicio\/wp-content\/uploads\/2023\/06\/Logo-sin-texto-gif.gif","contentUrl":"https:\/\/bibliotecavigil.org.ar\/inicio\/wp-content\/uploads\/2023\/06\/Logo-sin-texto-gif.gif","width":1487,"height":1604,"caption":"Biblioteca Popular C.C.Vigil"},"image":{"@id":"https:\/\/bibliotecavigil.org.ar\/inicio\/#\/schema\/logo\/image\/"}},{"@type":"Person","@id":"https:\/\/bibliotecavigil.org.ar\/inicio\/#\/schema\/person\/98530bc117d5fa50c5dc01b4fd8d3700","name":"Biblioteca Vigil","image":{"@type":"ImageObject","inLanguage":"es","@id":"https:\/\/secure.gravatar.com\/avatar\/a96b6054dc4c80cde596e2c3f42d23e4f769e395116bf277fb508315b9d8a5c5?s=96&d=mm&r=g","url":"https:\/\/secure.gravatar.com\/avatar\/a96b6054dc4c80cde596e2c3f42d23e4f769e395116bf277fb508315b9d8a5c5?s=96&d=mm&r=g","contentUrl":"https:\/\/secure.gravatar.com\/avatar\/a96b6054dc4c80cde596e2c3f42d23e4f769e395116bf277fb508315b9d8a5c5?s=96&d=mm&r=g","caption":"Biblioteca Vigil"},"url":"https:\/\/bibliotecavigil.org.ar\/inicio\/author\/comunicacion\/"}]}},"_links":{"self":[{"href":"https:\/\/bibliotecavigil.org.ar\/inicio\/wp-json\/wp\/v2\/posts\/32568","targetHints":{"allow":["GET"]}}],"collection":[{"href":"https:\/\/bibliotecavigil.org.ar\/inicio\/wp-json\/wp\/v2\/posts"}],"about":[{"href":"https:\/\/bibliotecavigil.org.ar\/inicio\/wp-json\/wp\/v2\/types\/post"}],"author":[{"embeddable":true,"href":"https:\/\/bibliotecavigil.org.ar\/inicio\/wp-json\/wp\/v2\/users\/3"}],"replies":[{"embeddable":true,"href":"https:\/\/bibliotecavigil.org.ar\/inicio\/wp-json\/wp\/v2\/comments?post=32568"}],"version-history":[{"count":1,"href":"https:\/\/bibliotecavigil.org.ar\/inicio\/wp-json\/wp\/v2\/posts\/32568\/revisions"}],"predecessor-version":[{"id":32573,"href":"https:\/\/bibliotecavigil.org.ar\/inicio\/wp-json\/wp\/v2\/posts\/32568\/revisions\/32573"}],"wp:featuredmedia":[{"embeddable":true,"href":"https:\/\/bibliotecavigil.org.ar\/inicio\/wp-json\/wp\/v2\/media\/32572"}],"wp:attachment":[{"href":"https:\/\/bibliotecavigil.org.ar\/inicio\/wp-json\/wp\/v2\/media?parent=32568"}],"wp:term":[{"taxonomy":"category","embeddable":true,"href":"https:\/\/bibliotecavigil.org.ar\/inicio\/wp-json\/wp\/v2\/categories?post=32568"},{"taxonomy":"post_tag","embeddable":true,"href":"https:\/\/bibliotecavigil.org.ar\/inicio\/wp-json\/wp\/v2\/tags?post=32568"}],"curies":[{"name":"wp","href":"https:\/\/api.w.org\/{rel}","templated":true}]}}